{"id":17185,"date":"2021-04-19T15:44:03","date_gmt":"2021-04-19T18:44:03","guid":{"rendered":"https:\/\/jornalfatosenoticias.com.br\/?p=17185"},"modified":"2021-04-19T15:44:22","modified_gmt":"2021-04-19T18:44:22","slug":"cpi-da-pandemia-sera-instalada-apos-feriado-anuncia-pacheco","status":"publish","type":"post","link":"https:\/\/jornalfatosenoticias.com.br\/index.php\/2021\/04\/19\/cpi-da-pandemia-sera-instalada-apos-feriado-anuncia-pacheco\/","title":{"rendered":"CPI da Pandemia ser\u00e1 instalada ap\u00f3s feriado, anuncia Pacheco"},"content":{"rendered":"\n<p><em>Presidente do Senado disse que a instala\u00e7\u00e3o poder\u00e1 ocorrer no dia 22 ou no dia 27 deste m\u00eas<\/em><\/p>\n\n\n\n<p>Em coletiva de imprensa na tarde da \u00faltima sexta-feira (16), o presidente do Senado, Rodrigo Pacheco, anunciou que a reuni\u00e3o de instala\u00e7\u00e3o da Comiss\u00e3o Parlamentar de Inqu\u00e9rito (CPI) da Pandemia ocorrer\u00e1 ap\u00f3s o feriado de 21 de abril, possivelmente no dia 22 ou no dia 27.<br>Pacheco informou que a Secretaria-Geral da Mesa do Senado publicar\u00e1 na segunda-feira (19) ato com os procedimentos para a primeira reuni\u00e3o, que ser\u00e1 presencial. Nessa reuni\u00e3o devem ser eleitos o presidente e o vice-presidente da comiss\u00e3o, em escrut\u00ednio secreto. Tamb\u00e9m ser\u00e1 definido o relator da CPI.<br>O presidente do Senado destacou que o objetivo \u00e9 seguir os mesmo protocolos utilizados na elei\u00e7\u00e3o da Mesa Diretora do Senado. Seriam, ent\u00e3o, oferecidas tr\u00eas urnas para vota\u00e7\u00e3o: uma na sala onde ocorrer a reuni\u00e3o, outra em um corredor pr\u00f3ximo e uma terceira no espa\u00e7o externo ao pr\u00e9dio do Senado.<\/p>\n\n\n\n<p><strong><span class=\"has-inline-color has-black-color\">Presencial x virtual<br><\/span><\/strong>Pacheco voltou a afirmar que, no seu entendimento, o funcionamento de uma comiss\u00e3o parlamentar de inqu\u00e9rito deve ser presencial devido \u00e0 exig\u00eancia de seguran\u00e7a e sigilo para seus atos e encaminhamentos \u2014 como inquiri\u00e7\u00e3o de testemunhas e incomunicabilidade de testemunhas, entre outros. Mas ele ressaltou que a avalia\u00e7\u00e3o e a defini\u00e7\u00e3o desses procedimentos caber\u00e3o aos membros da CPI.<br>&#8220;E a\u00ed o trabalho da comiss\u00e3o ser\u00e1 definido pela pr\u00f3pria comiss\u00e3o. Dever\u00e1 haver o encaminhamento de um acordo de procedimentos em rela\u00e7\u00e3o \u00e0quilo que necessariamente deve ser feito de forma presencial e \u00e0queles atos que possam ser pass\u00edveis de serem realizados pelo sistema virtual&#8221;, declarou ele, observando que &#8220;muitos atos, na sua ess\u00eancia, imp\u00f5em a reuni\u00e3o presencial&#8221;.<\/p>\n\n\n\n<p><strong><span class=\"has-inline-color has-black-color\">Seguran\u00e7a sanit\u00e1ria<br><\/span><\/strong>Pacheco assegurou que, para os atos que tenham de ser realizados presencialmente, o Senado garantir\u00e1 todos os protocolos de seguran\u00e7a sanit\u00e1ria.<br>&#8220;Caber\u00e1 \u00e0 Presid\u00eancia do Senado, \u00e0 Secretaria-Geral da Mesa e \u00e0 Diretoria-Geral do Senado garantir toda a seguran\u00e7a sanit\u00e1ria para o funcionamento da comiss\u00e3o, seja para os senadores e os funcion\u00e1rios do Senado, seja para aqueles que tenham que participar da comiss\u00e3o parlamentar de inqu\u00e9rito como interrogados, como inquiridos ou como expositores&#8221;, ressaltou.<\/p>\n\n\n\n<p><strong><em>Fonte: <a href=\"https:\/\/www12.senado.leg.br\/noticias\/materias\/2021\/04\/16\/cpi-da-pandemia-sera-instalada-apos-feriado-anuncia-pacheco\">Ag\u00eancia Senado<\/a><\/em><\/strong><\/p>\n","protected":false},"excerpt":{"rendered":"<p>Presidente do Senado disse que a instala\u00e7\u00e3o poder\u00e1 ocorrer no dia 22 ou no dia 27 deste m\u00eas Em coletiva de imprensa na tarde da \u00faltima sexta-feira (16), o presidente do Senado, Rodrigo Pacheco, anunciou que a reuni\u00e3o de instala\u00e7\u00e3o da Comiss\u00e3o Parlamentar de Inqu\u00e9rito (CPI) da Pandemia ocorrer\u00e1 ap\u00f3s o feriado de 21 de [&hellip;]<\/p>\n","protected":false},"author":2,"featured_media":17186,"comment_status":"open","ping_status":"open","sticky":false,"template":"","format":"standard","meta":{"footnotes":""},"categories":[10],"tags":[8578,8576,8577,8580,8579],"class_list":["post-17185","post","type-post","status-publish","format-standard","has-post-thumbnail","hentry","category-politica","tag-comissao-parlamentar-de-inquerito","tag-cpi","tag-cpi-da-pandemia","tag-rodrigo-pacheco","tag-senado-contra-a-covid-19"],"yoast_head":"<!-- This site is optimized with the Yoast SEO plugin v26.5 - https:\/\/yoast.com\/wordpress\/plugins\/seo\/ -->\n<title>CPI da Pandemia ser\u00e1 instalada ap\u00f3s feriado, anuncia Pacheco - Jornal Fatos e Not\u00edcias<\/title>\n<meta name=\"robots\" content=\"index, follow, max-snippet:-1, max-image-preview:large, max-video-preview:-1\" \/>\n<link rel=\"canonical\" href=\"https:\/\/jornalfatosenoticias.com.br\/index.php\/2021\/04\/19\/cpi-da-pandemia-sera-instalada-apos-feriado-anuncia-pacheco\/\" \/>\n<meta property=\"og:locale\" content=\"pt_BR\" \/>\n<meta property=\"og:type\" content=\"article\" \/>\n<meta property=\"og:title\" content=\"CPI da Pandemia ser\u00e1 instalada ap\u00f3s feriado, anuncia Pacheco - Jornal Fatos e Not\u00edcias\" \/>\n<meta property=\"og:description\" content=\"Presidente do Senado disse que a instala\u00e7\u00e3o poder\u00e1 ocorrer no dia 22 ou no dia 27 deste m\u00eas Em coletiva de imprensa na tarde da \u00faltima sexta-feira (16), o presidente do Senado, Rodrigo Pacheco, anunciou que a reuni\u00e3o de instala\u00e7\u00e3o da Comiss\u00e3o Parlamentar de Inqu\u00e9rito (CPI) da Pandemia ocorrer\u00e1 ap\u00f3s o feriado de 21 de [&hellip;]\" \/>\n<meta property=\"og:url\" content=\"https:\/\/jornalfatosenoticias.com.br\/index.php\/2021\/04\/19\/cpi-da-pandemia-sera-instalada-apos-feriado-anuncia-pacheco\/\" \/>\n<meta property=\"og:site_name\" content=\"Jornal Fatos e Not\u00edcias\" \/>\n<meta property=\"article:published_time\" content=\"2021-04-19T18:44:03+00:00\" \/>\n<meta property=\"article:modified_time\" content=\"2021-04-19T18:44:22+00:00\" \/>\n<meta property=\"og:image\" content=\"https:\/\/jornalfatosenoticias.com.br\/wp-content\/uploads\/2021\/04\/Pacheco-419.jpg\" \/>\n\t<meta property=\"og:image:width\" content=\"1000\" \/>\n\t<meta property=\"og:image:height\" content=\"662\" \/>\n\t<meta property=\"og:image:type\" content=\"image\/jpeg\" \/>\n<meta name=\"author\" content=\"Luzimara Fernandes\" \/>\n<meta name=\"twitter:card\" content=\"summary_large_image\" \/>\n<meta name=\"twitter:label1\" content=\"Escrito por\" \/>\n\t<meta name=\"twitter:data1\" content=\"Luzimara Fernandes\" \/>\n\t<meta name=\"twitter:label2\" content=\"Est. tempo de leitura\" \/>\n\t<meta name=\"twitter:data2\" content=\"2 minutos\" \/>\n<script type=\"application\/ld+json\" class=\"yoast-schema-graph\">{\"@context\":\"https:\/\/schema.org\",\"@graph\":[{\"@type\":\"Article\",\"@id\":\"https:\/\/jornalfatosenoticias.com.br\/index.php\/2021\/04\/19\/cpi-da-pandemia-sera-instalada-apos-feriado-anuncia-pacheco\/#article\",\"isPartOf\":{\"@id\":\"https:\/\/jornalfatosenoticias.com.br\/index.php\/2021\/04\/19\/cpi-da-pandemia-sera-instalada-apos-feriado-anuncia-pacheco\/\"},\"author\":{\"name\":\"Luzimara Fernandes\",\"@id\":\"https:\/\/jornalfatosenoticias.com.br\/#\/schema\/person\/d63837fa13ac8666eb9e74e0985d6f81\"},\"headline\":\"CPI da Pandemia ser\u00e1 instalada ap\u00f3s feriado, anuncia Pacheco\",\"datePublished\":\"2021-04-19T18:44:03+00:00\",\"dateModified\":\"2021-04-19T18:44:22+00:00\",\"mainEntityOfPage\":{\"@id\":\"https:\/\/jornalfatosenoticias.com.br\/index.php\/2021\/04\/19\/cpi-da-pandemia-sera-instalada-apos-feriado-anuncia-pacheco\/\"},\"wordCount\":402,\"commentCount\":0,\"publisher\":{\"@id\":\"https:\/\/jornalfatosenoticias.com.br\/#organization\"},\"image\":{\"@id\":\"https:\/\/jornalfatosenoticias.com.br\/index.php\/2021\/04\/19\/cpi-da-pandemia-sera-instalada-apos-feriado-anuncia-pacheco\/#primaryimage\"},\"thumbnailUrl\":\"https:\/\/jornalfatosenoticias.com.br\/wp-content\/uploads\/2021\/04\/Pacheco-419.jpg\",\"keywords\":[\"Comiss\u00e3o Parlamentar de Inqu\u00e9rito\",\"CPI\",\"CPI da Pandemia\",\"Rodrigo Pacheco\",\"Senado Contra a Covid-19\"],\"articleSection\":[\"Pol\u00edtica\"],\"inLanguage\":\"pt-BR\",\"potentialAction\":[{\"@type\":\"CommentAction\",\"name\":\"Comment\",\"target\":[\"https:\/\/jornalfatosenoticias.com.br\/index.php\/2021\/04\/19\/cpi-da-pandemia-sera-instalada-apos-feriado-anuncia-pacheco\/#respond\"]}]},{\"@type\":\"WebPage\",\"@id\":\"https:\/\/jornalfatosenoticias.com.br\/index.php\/2021\/04\/19\/cpi-da-pandemia-sera-instalada-apos-feriado-anuncia-pacheco\/\",\"url\":\"https:\/\/jornalfatosenoticias.com.br\/index.php\/2021\/04\/19\/cpi-da-pandemia-sera-instalada-apos-feriado-anuncia-pacheco\/\",\"name\":\"CPI da Pandemia ser\u00e1 instalada ap\u00f3s feriado, anuncia Pacheco - Jornal Fatos e Not\u00edcias\",\"isPartOf\":{\"@id\":\"https:\/\/jornalfatosenoticias.com.br\/#website\"},\"primaryImageOfPage\":{\"@id\":\"https:\/\/jornalfatosenoticias.com.br\/index.php\/2021\/04\/19\/cpi-da-pandemia-sera-instalada-apos-feriado-anuncia-pacheco\/#primaryimage\"},\"image\":{\"@id\":\"https:\/\/jornalfatosenoticias.com.br\/index.php\/2021\/04\/19\/cpi-da-pandemia-sera-instalada-apos-feriado-anuncia-pacheco\/#primaryimage\"},\"thumbnailUrl\":\"https:\/\/jornalfatosenoticias.com.br\/wp-content\/uploads\/2021\/04\/Pacheco-419.jpg\",\"datePublished\":\"2021-04-19T18:44:03+00:00\",\"dateModified\":\"2021-04-19T18:44:22+00:00\",\"breadcrumb\":{\"@id\":\"https:\/\/jornalfatosenoticias.com.br\/index.php\/2021\/04\/19\/cpi-da-pandemia-sera-instalada-apos-feriado-anuncia-pacheco\/#breadcrumb\"},\"inLanguage\":\"pt-BR\",\"potentialAction\":[{\"@type\":\"ReadAction\",\"target\":[\"https:\/\/jornalfatosenoticias.com.br\/index.php\/2021\/04\/19\/cpi-da-pandemia-sera-instalada-apos-feriado-anuncia-pacheco\/\"]}]},{\"@type\":\"ImageObject\",\"inLanguage\":\"pt-BR\",\"@id\":\"https:\/\/jornalfatosenoticias.com.br\/index.php\/2021\/04\/19\/cpi-da-pandemia-sera-instalada-apos-feriado-anuncia-pacheco\/#primaryimage\",\"url\":\"https:\/\/jornalfatosenoticias.com.br\/wp-content\/uploads\/2021\/04\/Pacheco-419.jpg\",\"contentUrl\":\"https:\/\/jornalfatosenoticias.com.br\/wp-content\/uploads\/2021\/04\/Pacheco-419.jpg\",\"width\":1000,\"height\":662},{\"@type\":\"BreadcrumbList\",\"@id\":\"https:\/\/jornalfatosenoticias.com.br\/index.php\/2021\/04\/19\/cpi-da-pandemia-sera-instalada-apos-feriado-anuncia-pacheco\/#breadcrumb\",\"itemListElement\":[{\"@type\":\"ListItem\",\"position\":1,\"name\":\"In\u00edcio\",\"item\":\"https:\/\/jornalfatosenoticias.com.br\/\"},{\"@type\":\"ListItem\",\"position\":2,\"name\":\"CPI da Pandemia ser\u00e1 instalada ap\u00f3s feriado, anuncia Pacheco\"}]},{\"@type\":\"WebSite\",\"@id\":\"https:\/\/jornalfatosenoticias.com.br\/#website\",\"url\":\"https:\/\/jornalfatosenoticias.com.br\/\",\"name\":\"Jornal Fatos e Not\u00edcias\",\"description\":\"Not\u00edcias em geral\",\"publisher\":{\"@id\":\"https:\/\/jornalfatosenoticias.com.br\/#organization\"},\"potentialAction\":[{\"@type\":\"SearchAction\",\"target\":{\"@type\":\"EntryPoint\",\"urlTemplate\":\"https:\/\/jornalfatosenoticias.com.br\/?s={search_term_string}\"},\"query-input\":{\"@type\":\"PropertyValueSpecification\",\"valueRequired\":true,\"valueName\":\"search_term_string\"}}],\"inLanguage\":\"pt-BR\"},{\"@type\":\"Organization\",\"@id\":\"https:\/\/jornalfatosenoticias.com.br\/#organization\",\"name\":\"Jornal Fatos e Not\u00edcias\",\"url\":\"https:\/\/jornalfatosenoticias.com.br\/\",\"logo\":{\"@type\":\"ImageObject\",\"inLanguage\":\"pt-BR\",\"@id\":\"https:\/\/jornalfatosenoticias.com.br\/#\/schema\/logo\/image\/\",\"url\":\"https:\/\/jornalfatosenoticias.com.br\/wp-content\/uploads\/2020\/02\/logo120.png\",\"contentUrl\":\"https:\/\/jornalfatosenoticias.com.br\/wp-content\/uploads\/2020\/02\/logo120.png\",\"width\":1227,\"height\":120,\"caption\":\"Jornal Fatos e Not\u00edcias\"},\"image\":{\"@id\":\"https:\/\/jornalfatosenoticias.com.br\/#\/schema\/logo\/image\/\"}},{\"@type\":\"Person\",\"@id\":\"https:\/\/jornalfatosenoticias.com.br\/#\/schema\/person\/d63837fa13ac8666eb9e74e0985d6f81\",\"name\":\"Luzimara Fernandes\",\"image\":{\"@type\":\"ImageObject\",\"inLanguage\":\"pt-BR\",\"@id\":\"https:\/\/jornalfatosenoticias.com.br\/#\/schema\/person\/image\/\",\"url\":\"https:\/\/jornalfatosenoticias.com.br\/wp-content\/uploads\/2025\/05\/EU_portal.jpg\",\"contentUrl\":\"https:\/\/jornalfatosenoticias.com.br\/wp-content\/uploads\/2025\/05\/EU_portal.jpg\",\"caption\":\"Luzimara Fernandes\"},\"description\":\"Jornalista MTB 2358-ES\",\"sameAs\":[\"https:\/\/jornalfatosenoticias.com.br\"],\"url\":\"https:\/\/jornalfatosenoticias.com.br\/index.php\/author\/luzimara\/\"}]}<\/script>\n<!-- \/ Yoast SEO plugin. -->","yoast_head_json":{"title":"CPI da Pandemia ser\u00e1 instalada ap\u00f3s feriado, anuncia Pacheco - Jornal Fatos e Not\u00edcias","robots":{"index":"index","follow":"follow","max-snippet":"max-snippet:-1","max-image-preview":"max-image-preview:large","max-video-preview":"max-video-preview:-1"},"canonical":"https:\/\/jornalfatosenoticias.com.br\/index.php\/2021\/04\/19\/cpi-da-pandemia-sera-instalada-apos-feriado-anuncia-pacheco\/","og_locale":"pt_BR","og_type":"article","og_title":"CPI da Pandemia ser\u00e1 instalada ap\u00f3s feriado, anuncia Pacheco - Jornal Fatos e Not\u00edcias","og_description":"Presidente do Senado disse que a instala\u00e7\u00e3o poder\u00e1 ocorrer no dia 22 ou no dia 27 deste m\u00eas Em coletiva de imprensa na tarde da \u00faltima sexta-feira (16), o presidente do Senado, Rodrigo Pacheco, anunciou que a reuni\u00e3o de instala\u00e7\u00e3o da Comiss\u00e3o Parlamentar de Inqu\u00e9rito (CPI) da Pandemia ocorrer\u00e1 ap\u00f3s o feriado de 21 de [&hellip;]","og_url":"https:\/\/jornalfatosenoticias.com.br\/index.php\/2021\/04\/19\/cpi-da-pandemia-sera-instalada-apos-feriado-anuncia-pacheco\/","og_site_name":"Jornal Fatos e Not\u00edcias","article_published_time":"2021-04-19T18:44:03+00:00","article_modified_time":"2021-04-19T18:44:22+00:00","og_image":[{"width":1000,"height":662,"url":"https:\/\/jornalfatosenoticias.com.br\/wp-content\/uploads\/2021\/04\/Pacheco-419.jpg","type":"image\/jpeg"}],"author":"Luzimara Fernandes","twitter_card":"summary_large_image","twitter_misc":{"Escrito por":"Luzimara Fernandes","Est. tempo de leitura":"2 minutos"},"schema":{"@context":"https:\/\/schema.org","@graph":[{"@type":"Article","@id":"https:\/\/jornalfatosenoticias.com.br\/index.php\/2021\/04\/19\/cpi-da-pandemia-sera-instalada-apos-feriado-anuncia-pacheco\/#article","isPartOf":{"@id":"https:\/\/jornalfatosenoticias.com.br\/index.php\/2021\/04\/19\/cpi-da-pandemia-sera-instalada-apos-feriado-anuncia-pacheco\/"},"author":{"name":"Luzimara Fernandes","@id":"https:\/\/jornalfatosenoticias.com.br\/#\/schema\/person\/d63837fa13ac8666eb9e74e0985d6f81"},"headline":"CPI da Pandemia ser\u00e1 instalada ap\u00f3s feriado, anuncia Pacheco","datePublished":"2021-04-19T18:44:03+00:00","dateModified":"2021-04-19T18:44:22+00:00","mainEntityOfPage":{"@id":"https:\/\/jornalfatosenoticias.com.br\/index.php\/2021\/04\/19\/cpi-da-pandemia-sera-instalada-apos-feriado-anuncia-pacheco\/"},"wordCount":402,"commentCount":0,"publisher":{"@id":"https:\/\/jornalfatosenoticias.com.br\/#organization"},"image":{"@id":"https:\/\/jornalfatosenoticias.com.br\/index.php\/2021\/04\/19\/cpi-da-pandemia-sera-instalada-apos-feriado-anuncia-pacheco\/#primaryimage"},"thumbnailUrl":"https:\/\/jornalfatosenoticias.com.br\/wp-content\/uploads\/2021\/04\/Pacheco-419.jpg","keywords":["Comiss\u00e3o Parlamentar de Inqu\u00e9rito","CPI","CPI da Pandemia","Rodrigo Pacheco","Senado Contra a Covid-19"],"articleSection":["Pol\u00edtica"],"inLanguage":"pt-BR","potentialAction":[{"@type":"CommentAction","name":"Comment","target":["https:\/\/jornalfatosenoticias.com.br\/index.php\/2021\/04\/19\/cpi-da-pandemia-sera-instalada-apos-feriado-anuncia-pacheco\/#respond"]}]},{"@type":"WebPage","@id":"https:\/\/jornalfatosenoticias.com.br\/index.php\/2021\/04\/19\/cpi-da-pandemia-sera-instalada-apos-feriado-anuncia-pacheco\/","url":"https:\/\/jornalfatosenoticias.com.br\/index.php\/2021\/04\/19\/cpi-da-pandemia-sera-instalada-apos-feriado-anuncia-pacheco\/","name":"CPI da Pandemia ser\u00e1 instalada ap\u00f3s feriado, anuncia Pacheco - Jornal Fatos e Not\u00edcias","isPartOf":{"@id":"https:\/\/jornalfatosenoticias.com.br\/#website"},"primaryImageOfPage":{"@id":"https:\/\/jornalfatosenoticias.com.br\/index.php\/2021\/04\/19\/cpi-da-pandemia-sera-instalada-apos-feriado-anuncia-pacheco\/#primaryimage"},"image":{"@id":"https:\/\/jornalfatosenoticias.com.br\/index.php\/2021\/04\/19\/cpi-da-pandemia-sera-instalada-apos-feriado-anuncia-pacheco\/#primaryimage"},"thumbnailUrl":"https:\/\/jornalfatosenoticias.com.br\/wp-content\/uploads\/2021\/04\/Pacheco-419.jpg","datePublished":"2021-04-19T18:44:03+00:00","dateModified":"2021-04-19T18:44:22+00:00","breadcrumb":{"@id":"https:\/\/jornalfatosenoticias.com.br\/index.php\/2021\/04\/19\/cpi-da-pandemia-sera-instalada-apos-feriado-anuncia-pacheco\/#breadcrumb"},"inLanguage":"pt-BR","potentialAction":[{"@type":"ReadAction","target":["https:\/\/jornalfatosenoticias.com.br\/index.php\/2021\/04\/19\/cpi-da-pandemia-sera-instalada-apos-feriado-anuncia-pacheco\/"]}]},{"@type":"ImageObject","inLanguage":"pt-BR","@id":"https:\/\/jornalfatosenoticias.com.br\/index.php\/2021\/04\/19\/cpi-da-pandemia-sera-instalada-apos-feriado-anuncia-pacheco\/#primaryimage","url":"https:\/\/jornalfatosenoticias.com.br\/wp-content\/uploads\/2021\/04\/Pacheco-419.jpg","contentUrl":"https:\/\/jornalfatosenoticias.com.br\/wp-content\/uploads\/2021\/04\/Pacheco-419.jpg","width":1000,"height":662},{"@type":"BreadcrumbList","@id":"https:\/\/jornalfatosenoticias.com.br\/index.php\/2021\/04\/19\/cpi-da-pandemia-sera-instalada-apos-feriado-anuncia-pacheco\/#breadcrumb","itemListElement":[{"@type":"ListItem","position":1,"name":"In\u00edcio","item":"https:\/\/jornalfatosenoticias.com.br\/"},{"@type":"ListItem","position":2,"name":"CPI da Pandemia ser\u00e1 instalada ap\u00f3s feriado, anuncia Pacheco"}]},{"@type":"WebSite","@id":"https:\/\/jornalfatosenoticias.com.br\/#website","url":"https:\/\/jornalfatosenoticias.com.br\/","name":"Jornal Fatos e Not\u00edcias","description":"Not\u00edcias em geral","publisher":{"@id":"https:\/\/jornalfatosenoticias.com.br\/#organization"},"potentialAction":[{"@type":"SearchAction","target":{"@type":"EntryPoint","urlTemplate":"https:\/\/jornalfatosenoticias.com.br\/?s={search_term_string}"},"query-input":{"@type":"PropertyValueSpecification","valueRequired":true,"valueName":"search_term_string"}}],"inLanguage":"pt-BR"},{"@type":"Organization","@id":"https:\/\/jornalfatosenoticias.com.br\/#organization","name":"Jornal Fatos e Not\u00edcias","url":"https:\/\/jornalfatosenoticias.com.br\/","logo":{"@type":"ImageObject","inLanguage":"pt-BR","@id":"https:\/\/jornalfatosenoticias.com.br\/#\/schema\/logo\/image\/","url":"https:\/\/jornalfatosenoticias.com.br\/wp-content\/uploads\/2020\/02\/logo120.png","contentUrl":"https:\/\/jornalfatosenoticias.com.br\/wp-content\/uploads\/2020\/02\/logo120.png","width":1227,"height":120,"caption":"Jornal Fatos e Not\u00edcias"},"image":{"@id":"https:\/\/jornalfatosenoticias.com.br\/#\/schema\/logo\/image\/"}},{"@type":"Person","@id":"https:\/\/jornalfatosenoticias.com.br\/#\/schema\/person\/d63837fa13ac8666eb9e74e0985d6f81","name":"Luzimara Fernandes","image":{"@type":"ImageObject","inLanguage":"pt-BR","@id":"https:\/\/jornalfatosenoticias.com.br\/#\/schema\/person\/image\/","url":"https:\/\/jornalfatosenoticias.com.br\/wp-content\/uploads\/2025\/05\/EU_portal.jpg","contentUrl":"https:\/\/jornalfatosenoticias.com.br\/wp-content\/uploads\/2025\/05\/EU_portal.jpg","caption":"Luzimara Fernandes"},"description":"Jornalista MTB 2358-ES","sameAs":["https:\/\/jornalfatosenoticias.com.br"],"url":"https:\/\/jornalfatosenoticias.com.br\/index.php\/author\/luzimara\/"}]}},"cc_featured_image_caption":{"caption_text":"(Foto: Pedro Gontijo\/Senado Federal)","source_text":"","source_url":""},"jetpack_featured_media_url":"https:\/\/jornalfatosenoticias.com.br\/wp-content\/uploads\/2021\/04\/Pacheco-419.jpg","_links":{"self":[{"href":"https:\/\/jornalfatosenoticias.com.br\/index.php\/wp-json\/wp\/v2\/posts\/17185","targetHints":{"allow":["GET"]}}],"collection":[{"href":"https:\/\/jornalfatosenoticias.com.br\/index.php\/wp-json\/wp\/v2\/posts"}],"about":[{"href":"https:\/\/jornalfatosenoticias.com.br\/index.php\/wp-json\/wp\/v2\/types\/post"}],"author":[{"embeddable":true,"href":"https:\/\/jornalfatosenoticias.com.br\/index.php\/wp-json\/wp\/v2\/users\/2"}],"replies":[{"embeddable":true,"href":"https:\/\/jornalfatosenoticias.com.br\/index.php\/wp-json\/wp\/v2\/comments?post=17185"}],"version-history":[{"count":0,"href":"https:\/\/jornalfatosenoticias.com.br\/index.php\/wp-json\/wp\/v2\/posts\/17185\/revisions"}],"wp:featuredmedia":[{"embeddable":true,"href":"https:\/\/jornalfatosenoticias.com.br\/index.php\/wp-json\/wp\/v2\/media\/17186"}],"wp:attachment":[{"href":"https:\/\/jornalfatosenoticias.com.br\/index.php\/wp-json\/wp\/v2\/media?parent=17185"}],"wp:term":[{"taxonomy":"category","embeddable":true,"href":"https:\/\/jornalfatosenoticias.com.br\/index.php\/wp-json\/wp\/v2\/categories?post=17185"},{"taxonomy":"post_tag","embeddable":true,"href":"https:\/\/jornalfatosenoticias.com.br\/index.php\/wp-json\/wp\/v2\/tags?post=17185"}],"curies":[{"name":"wp","href":"https:\/\/api.w.org\/{rel}","templated":true}]}}