{"id":17189,"date":"2021-04-20T09:29:16","date_gmt":"2021-04-20T12:29:16","guid":{"rendered":"https:\/\/jornalfatosenoticias.com.br\/?p=17189"},"modified":"2021-04-20T09:29:17","modified_gmt":"2021-04-20T12:29:17","slug":"cem-dias-de-gestao-secretaria-de-turismo-cultura-esporte-e-lazer","status":"publish","type":"post","link":"https:\/\/jornalfatosenoticias.com.br\/index.php\/2021\/04\/20\/cem-dias-de-gestao-secretaria-de-turismo-cultura-esporte-e-lazer\/","title":{"rendered":"Cem dias de gest\u00e3o: secretaria de Turismo, Cultura, Esporte e Lazer"},"content":{"rendered":"\n<p><em>Reestrutura\u00e7\u00e3o da sede da Setur, revis\u00e3o de contratos e mobiliza\u00e7\u00e3o do Trade para a retomada do turismo na Serra foram algumas das a\u00e7\u00f5es<\/em><\/p>\n\n\n\n<p>J\u00e1 se passaram 100 dias de uma nova gest\u00e3o em nossa cidade. Polo de diversas manifesta\u00e7\u00f5es culturais, a Serra conta com a secretaria de Turismo, Cultura, Esporte e Lazer (Setur) que vem prestar conta de suas a\u00e7\u00f5es nesses primeiros meses.<br>\u201cDe forma bem direta nosso maior desafio nesses 100 dias de gest\u00e3o foi arrumar a casa. Reestruturamos a sede da secretaria para dar dignidade aos servidores e aos atendimentos \u00e0 popula\u00e7\u00e3o. E, ap\u00f3s, revisar contratos e corrigir procedimentos irregulares recuperamos mais de R$ 300 mil. Nossa energia est\u00e1 agora voltada para apoiar o setor cultural contemplado na Lei de Aux\u00edlio Emergencial da Cultura, a fim de apoiar a execu\u00e7\u00e3o de projetos e na presta\u00e7\u00e3o de contas&#8221;, explicou o secret\u00e1rio da pasta, Thiago Carreiro.<br>Ainda de acordo com Thiago, &#8220;outra prioridade \u00e9 a mobiliza\u00e7\u00e3o do Trade para a retomada do turismo e reestruturar as leis de incentivo \u00e0 cultura Lei Chico Prego e a do Incentivo ao Esporte Roberto Siqueira, al\u00e9m da manuten\u00e7\u00e3o do maior n\u00famero poss\u00edvel de equipamentos esportivos e culturais da Serra&#8221;.<br>Entre as a\u00e7\u00f5es de destaque da Setur, est\u00e1 a a\u00e7\u00e3o de mobiliza\u00e7\u00e3o junto aos empres\u00e1rios do turismo da Serra para aderirem ao Selo Turismo Respons\u00e1vel, sendo o primeiro passo da Setur para a retomada da atividade em nosso munic\u00edpio. Essa iniciativa visa dar conforto e seguran\u00e7a aos turistas, certificando que os empreendimentos tur\u00edsticos adotam medidas sanit\u00e1rias de enfrentamento \u00e0 Covid-19.<br>Outras relevantes a\u00e7\u00f5es da Setur nesses primeiros 100 dias de gest\u00e3o foram: a cria\u00e7\u00e3o de um guia tur\u00edstico digital da cidade, a implanta\u00e7\u00e3o de um sistema de informa\u00e7\u00f5es tur\u00edsticas do munic\u00edpio, denominado de Observat\u00f3rio do Turismo da Serra, um projeto de qualifica\u00e7\u00e3o dos servi\u00e7os tur\u00edsticos, com treinamentos, cursos oferecidos de forma gratuita para os prestadores de servi\u00e7os tur\u00edsticos cadastrados no munic\u00edpio.<br>Foi criado, tamb\u00e9m, o projeto-piloto dos Jogos Escolares da Serra, que \u00e9 uma a\u00e7\u00e3o integrada com a Secretaria de Educa\u00e7\u00e3o (Sedu), para classifica\u00e7\u00e3o dos jogos estaduais do Esp\u00edrito Santo.<br>Foi realizada a reabertura para visita\u00e7\u00e3o do Monumento Reis Magos em Nova Almeida, seguindo os protocolos sanit\u00e1rios de preven\u00e7\u00e3o ao covid-19.<br>A Setur criou um espa\u00e7o aberto ao p\u00fablico para realiza\u00e7\u00e3o de reuni\u00f5es de neg\u00f3cios, localizado em Valpara\u00edso, anexo \u00e0 Biblioteca. O espa\u00e7o \u00e9 equipado com computadores, televis\u00e3o e mesas para a realiza\u00e7\u00e3o dos encontros.<br>A Setur fez a entrega de 1 mil uniformes esportivos para alunos praticantes das modalidades ofertadas nos equipamentos da secretaria (Esta\u00e7\u00e3o Cidadania Vila Nova de Colares \u2014 Esta\u00e7\u00e3o Cidadania Novo Porto Canoa \u2014 Arena Jacara\u00edpe).<br>Houve, ainda, a aprova\u00e7\u00e3o junto ao conselho de cultura estadual do projeto conceitual da segunda etapa da obra de revitaliza\u00e7\u00e3o da Ru\u00edna de Queimado, com verba de R$ 3,5 milh\u00f5es, captada do Governo Federal.<br>E, para finalizar, a implanta\u00e7\u00e3o da nova sede da Setur, para proporcionar o melhor ambiente de trabalho para os servidores e atendimento aos mun\u00edcipes.<\/p>\n\n\n\n<p><strong><em>Fonte: <a href=\"http:\/\/www.serra.es.gov.br\/noticias\/cem-dias-de-gestao-secretaria-de-turismo-cultura-esporte-e-lazer\">PMS<\/a><\/em><\/strong><\/p>\n","protected":false},"excerpt":{"rendered":"<p>Reestrutura\u00e7\u00e3o da sede da Setur, revis\u00e3o de contratos e mobiliza\u00e7\u00e3o do Trade para a retomada do turismo na Serra foram algumas das a\u00e7\u00f5es J\u00e1 se passaram 100 dias de uma nova gest\u00e3o em nossa cidade. Polo de diversas manifesta\u00e7\u00f5es culturais, a Serra conta com a secretaria de Turismo, Cultura, Esporte e Lazer (Setur) que vem [&hellip;]<\/p>\n","protected":false},"author":2,"featured_media":17190,"comment_status":"open","ping_status":"open","sticky":false,"template":"","format":"standard","meta":{"footnotes":""},"categories":[10],"tags":[8581,713,241,2239,8583,8582,1853],"class_list":["post-17189","post","type-post","status-publish","format-standard","has-post-thumbnail","hentry","category-politica","tag-cem-dias-de-governo","tag-cultura","tag-esporte","tag-lazer","tag-secretaria","tag-setur-serra","tag-turismo"],"yoast_head":"<!-- This site is optimized with the Yoast SEO plugin v26.5 - https:\/\/yoast.com\/wordpress\/plugins\/seo\/ -->\n<title>Cem dias de gest\u00e3o: secretaria de Turismo, Cultura, Esporte e Lazer - Jornal Fatos e Not\u00edcias<\/title>\n<meta name=\"robots\" content=\"index, follow, max-snippet:-1, max-image-preview:large, max-video-preview:-1\" \/>\n<link rel=\"canonical\" href=\"https:\/\/jornalfatosenoticias.com.br\/index.php\/2021\/04\/20\/cem-dias-de-gestao-secretaria-de-turismo-cultura-esporte-e-lazer\/\" \/>\n<meta property=\"og:locale\" content=\"pt_BR\" \/>\n<meta property=\"og:type\" content=\"article\" \/>\n<meta property=\"og:title\" content=\"Cem dias de gest\u00e3o: secretaria de Turismo, Cultura, Esporte e Lazer - Jornal Fatos e Not\u00edcias\" \/>\n<meta property=\"og:description\" content=\"Reestrutura\u00e7\u00e3o da sede da Setur, revis\u00e3o de contratos e mobiliza\u00e7\u00e3o do Trade para a retomada do turismo na Serra foram algumas das a\u00e7\u00f5es J\u00e1 se passaram 100 dias de uma nova gest\u00e3o em nossa cidade. Polo de diversas manifesta\u00e7\u00f5es culturais, a Serra conta com a secretaria de Turismo, Cultura, Esporte e Lazer (Setur) que vem [&hellip;]\" \/>\n<meta property=\"og:url\" content=\"https:\/\/jornalfatosenoticias.com.br\/index.php\/2021\/04\/20\/cem-dias-de-gestao-secretaria-de-turismo-cultura-esporte-e-lazer\/\" \/>\n<meta property=\"og:site_name\" content=\"Jornal Fatos e Not\u00edcias\" \/>\n<meta property=\"article:published_time\" content=\"2021-04-20T12:29:16+00:00\" \/>\n<meta property=\"article:modified_time\" content=\"2021-04-20T12:29:17+00:00\" \/>\n<meta property=\"og:image\" content=\"https:\/\/jornalfatosenoticias.com.br\/wp-content\/uploads\/2021\/04\/ruina-queimado.jpg\" \/>\n\t<meta property=\"og:image:width\" content=\"1000\" \/>\n\t<meta property=\"og:image:height\" content=\"666\" \/>\n\t<meta property=\"og:image:type\" content=\"image\/jpeg\" \/>\n<meta name=\"author\" content=\"Luzimara Fernandes\" \/>\n<meta name=\"twitter:card\" content=\"summary_large_image\" \/>\n<meta name=\"twitter:label1\" content=\"Escrito por\" \/>\n\t<meta name=\"twitter:data1\" content=\"Luzimara Fernandes\" \/>\n\t<meta name=\"twitter:label2\" content=\"Est. tempo de leitura\" \/>\n\t<meta name=\"twitter:data2\" content=\"3 minutos\" \/>\n<script type=\"application\/ld+json\" class=\"yoast-schema-graph\">{\"@context\":\"https:\/\/schema.org\",\"@graph\":[{\"@type\":\"Article\",\"@id\":\"https:\/\/jornalfatosenoticias.com.br\/index.php\/2021\/04\/20\/cem-dias-de-gestao-secretaria-de-turismo-cultura-esporte-e-lazer\/#article\",\"isPartOf\":{\"@id\":\"https:\/\/jornalfatosenoticias.com.br\/index.php\/2021\/04\/20\/cem-dias-de-gestao-secretaria-de-turismo-cultura-esporte-e-lazer\/\"},\"author\":{\"name\":\"Luzimara Fernandes\",\"@id\":\"https:\/\/jornalfatosenoticias.com.br\/#\/schema\/person\/d63837fa13ac8666eb9e74e0985d6f81\"},\"headline\":\"Cem dias de gest\u00e3o: secretaria de Turismo, Cultura, Esporte e Lazer\",\"datePublished\":\"2021-04-20T12:29:16+00:00\",\"dateModified\":\"2021-04-20T12:29:17+00:00\",\"mainEntityOfPage\":{\"@id\":\"https:\/\/jornalfatosenoticias.com.br\/index.php\/2021\/04\/20\/cem-dias-de-gestao-secretaria-de-turismo-cultura-esporte-e-lazer\/\"},\"wordCount\":562,\"commentCount\":0,\"publisher\":{\"@id\":\"https:\/\/jornalfatosenoticias.com.br\/#organization\"},\"image\":{\"@id\":\"https:\/\/jornalfatosenoticias.com.br\/index.php\/2021\/04\/20\/cem-dias-de-gestao-secretaria-de-turismo-cultura-esporte-e-lazer\/#primaryimage\"},\"thumbnailUrl\":\"https:\/\/jornalfatosenoticias.com.br\/wp-content\/uploads\/2021\/04\/ruina-queimado.jpg\",\"keywords\":[\"cem dias de governo\",\"cultura\",\"esporte\",\"lazer\",\"secretaria\",\"Setur-Serra\",\"Turismo\"],\"articleSection\":[\"Pol\u00edtica\"],\"inLanguage\":\"pt-BR\",\"potentialAction\":[{\"@type\":\"CommentAction\",\"name\":\"Comment\",\"target\":[\"https:\/\/jornalfatosenoticias.com.br\/index.php\/2021\/04\/20\/cem-dias-de-gestao-secretaria-de-turismo-cultura-esporte-e-lazer\/#respond\"]}]},{\"@type\":\"WebPage\",\"@id\":\"https:\/\/jornalfatosenoticias.com.br\/index.php\/2021\/04\/20\/cem-dias-de-gestao-secretaria-de-turismo-cultura-esporte-e-lazer\/\",\"url\":\"https:\/\/jornalfatosenoticias.com.br\/index.php\/2021\/04\/20\/cem-dias-de-gestao-secretaria-de-turismo-cultura-esporte-e-lazer\/\",\"name\":\"Cem dias de gest\u00e3o: secretaria de Turismo, Cultura, Esporte e Lazer - Jornal Fatos e Not\u00edcias\",\"isPartOf\":{\"@id\":\"https:\/\/jornalfatosenoticias.com.br\/#website\"},\"primaryImageOfPage\":{\"@id\":\"https:\/\/jornalfatosenoticias.com.br\/index.php\/2021\/04\/20\/cem-dias-de-gestao-secretaria-de-turismo-cultura-esporte-e-lazer\/#primaryimage\"},\"image\":{\"@id\":\"https:\/\/jornalfatosenoticias.com.br\/index.php\/2021\/04\/20\/cem-dias-de-gestao-secretaria-de-turismo-cultura-esporte-e-lazer\/#primaryimage\"},\"thumbnailUrl\":\"https:\/\/jornalfatosenoticias.com.br\/wp-content\/uploads\/2021\/04\/ruina-queimado.jpg\",\"datePublished\":\"2021-04-20T12:29:16+00:00\",\"dateModified\":\"2021-04-20T12:29:17+00:00\",\"breadcrumb\":{\"@id\":\"https:\/\/jornalfatosenoticias.com.br\/index.php\/2021\/04\/20\/cem-dias-de-gestao-secretaria-de-turismo-cultura-esporte-e-lazer\/#breadcrumb\"},\"inLanguage\":\"pt-BR\",\"potentialAction\":[{\"@type\":\"ReadAction\",\"target\":[\"https:\/\/jornalfatosenoticias.com.br\/index.php\/2021\/04\/20\/cem-dias-de-gestao-secretaria-de-turismo-cultura-esporte-e-lazer\/\"]}]},{\"@type\":\"ImageObject\",\"inLanguage\":\"pt-BR\",\"@id\":\"https:\/\/jornalfatosenoticias.com.br\/index.php\/2021\/04\/20\/cem-dias-de-gestao-secretaria-de-turismo-cultura-esporte-e-lazer\/#primaryimage\",\"url\":\"https:\/\/jornalfatosenoticias.com.br\/wp-content\/uploads\/2021\/04\/ruina-queimado.jpg\",\"contentUrl\":\"https:\/\/jornalfatosenoticias.com.br\/wp-content\/uploads\/2021\/04\/ruina-queimado.jpg\",\"width\":1000,\"height\":666},{\"@type\":\"BreadcrumbList\",\"@id\":\"https:\/\/jornalfatosenoticias.com.br\/index.php\/2021\/04\/20\/cem-dias-de-gestao-secretaria-de-turismo-cultura-esporte-e-lazer\/#breadcrumb\",\"itemListElement\":[{\"@type\":\"ListItem\",\"position\":1,\"name\":\"In\u00edcio\",\"item\":\"https:\/\/jornalfatosenoticias.com.br\/\"},{\"@type\":\"ListItem\",\"position\":2,\"name\":\"Cem dias de gest\u00e3o: secretaria de Turismo, Cultura, Esporte e Lazer\"}]},{\"@type\":\"WebSite\",\"@id\":\"https:\/\/jornalfatosenoticias.com.br\/#website\",\"url\":\"https:\/\/jornalfatosenoticias.com.br\/\",\"name\":\"Jornal Fatos e Not\u00edcias\",\"description\":\"Not\u00edcias em geral\",\"publisher\":{\"@id\":\"https:\/\/jornalfatosenoticias.com.br\/#organization\"},\"potentialAction\":[{\"@type\":\"SearchAction\",\"target\":{\"@type\":\"EntryPoint\",\"urlTemplate\":\"https:\/\/jornalfatosenoticias.com.br\/?s={search_term_string}\"},\"query-input\":{\"@type\":\"PropertyValueSpecification\",\"valueRequired\":true,\"valueName\":\"search_term_string\"}}],\"inLanguage\":\"pt-BR\"},{\"@type\":\"Organization\",\"@id\":\"https:\/\/jornalfatosenoticias.com.br\/#organization\",\"name\":\"Jornal Fatos e Not\u00edcias\",\"url\":\"https:\/\/jornalfatosenoticias.com.br\/\",\"logo\":{\"@type\":\"ImageObject\",\"inLanguage\":\"pt-BR\",\"@id\":\"https:\/\/jornalfatosenoticias.com.br\/#\/schema\/logo\/image\/\",\"url\":\"https:\/\/jornalfatosenoticias.com.br\/wp-content\/uploads\/2020\/02\/logo120.png\",\"contentUrl\":\"https:\/\/jornalfatosenoticias.com.br\/wp-content\/uploads\/2020\/02\/logo120.png\",\"width\":1227,\"height\":120,\"caption\":\"Jornal Fatos e Not\u00edcias\"},\"image\":{\"@id\":\"https:\/\/jornalfatosenoticias.com.br\/#\/schema\/logo\/image\/\"}},{\"@type\":\"Person\",\"@id\":\"https:\/\/jornalfatosenoticias.com.br\/#\/schema\/person\/d63837fa13ac8666eb9e74e0985d6f81\",\"name\":\"Luzimara Fernandes\",\"image\":{\"@type\":\"ImageObject\",\"inLanguage\":\"pt-BR\",\"@id\":\"https:\/\/jornalfatosenoticias.com.br\/#\/schema\/person\/image\/\",\"url\":\"https:\/\/jornalfatosenoticias.com.br\/wp-content\/uploads\/2025\/05\/EU_portal.jpg\",\"contentUrl\":\"https:\/\/jornalfatosenoticias.com.br\/wp-content\/uploads\/2025\/05\/EU_portal.jpg\",\"caption\":\"Luzimara Fernandes\"},\"description\":\"Jornalista MTB 2358-ES\",\"sameAs\":[\"https:\/\/jornalfatosenoticias.com.br\"],\"url\":\"https:\/\/jornalfatosenoticias.com.br\/index.php\/author\/luzimara\/\"}]}<\/script>\n<!-- \/ Yoast SEO plugin. -->","yoast_head_json":{"title":"Cem dias de gest\u00e3o: secretaria de Turismo, Cultura, Esporte e Lazer - Jornal Fatos e Not\u00edcias","robots":{"index":"index","follow":"follow","max-snippet":"max-snippet:-1","max-image-preview":"max-image-preview:large","max-video-preview":"max-video-preview:-1"},"canonical":"https:\/\/jornalfatosenoticias.com.br\/index.php\/2021\/04\/20\/cem-dias-de-gestao-secretaria-de-turismo-cultura-esporte-e-lazer\/","og_locale":"pt_BR","og_type":"article","og_title":"Cem dias de gest\u00e3o: secretaria de Turismo, Cultura, Esporte e Lazer - Jornal Fatos e Not\u00edcias","og_description":"Reestrutura\u00e7\u00e3o da sede da Setur, revis\u00e3o de contratos e mobiliza\u00e7\u00e3o do Trade para a retomada do turismo na Serra foram algumas das a\u00e7\u00f5es J\u00e1 se passaram 100 dias de uma nova gest\u00e3o em nossa cidade. Polo de diversas manifesta\u00e7\u00f5es culturais, a Serra conta com a secretaria de Turismo, Cultura, Esporte e Lazer (Setur) que vem [&hellip;]","og_url":"https:\/\/jornalfatosenoticias.com.br\/index.php\/2021\/04\/20\/cem-dias-de-gestao-secretaria-de-turismo-cultura-esporte-e-lazer\/","og_site_name":"Jornal Fatos e Not\u00edcias","article_published_time":"2021-04-20T12:29:16+00:00","article_modified_time":"2021-04-20T12:29:17+00:00","og_image":[{"width":1000,"height":666,"url":"https:\/\/jornalfatosenoticias.com.br\/wp-content\/uploads\/2021\/04\/ruina-queimado.jpg","type":"image\/jpeg"}],"author":"Luzimara Fernandes","twitter_card":"summary_large_image","twitter_misc":{"Escrito por":"Luzimara Fernandes","Est. tempo de leitura":"3 minutos"},"schema":{"@context":"https:\/\/schema.org","@graph":[{"@type":"Article","@id":"https:\/\/jornalfatosenoticias.com.br\/index.php\/2021\/04\/20\/cem-dias-de-gestao-secretaria-de-turismo-cultura-esporte-e-lazer\/#article","isPartOf":{"@id":"https:\/\/jornalfatosenoticias.com.br\/index.php\/2021\/04\/20\/cem-dias-de-gestao-secretaria-de-turismo-cultura-esporte-e-lazer\/"},"author":{"name":"Luzimara Fernandes","@id":"https:\/\/jornalfatosenoticias.com.br\/#\/schema\/person\/d63837fa13ac8666eb9e74e0985d6f81"},"headline":"Cem dias de gest\u00e3o: secretaria de Turismo, Cultura, Esporte e Lazer","datePublished":"2021-04-20T12:29:16+00:00","dateModified":"2021-04-20T12:29:17+00:00","mainEntityOfPage":{"@id":"https:\/\/jornalfatosenoticias.com.br\/index.php\/2021\/04\/20\/cem-dias-de-gestao-secretaria-de-turismo-cultura-esporte-e-lazer\/"},"wordCount":562,"commentCount":0,"publisher":{"@id":"https:\/\/jornalfatosenoticias.com.br\/#organization"},"image":{"@id":"https:\/\/jornalfatosenoticias.com.br\/index.php\/2021\/04\/20\/cem-dias-de-gestao-secretaria-de-turismo-cultura-esporte-e-lazer\/#primaryimage"},"thumbnailUrl":"https:\/\/jornalfatosenoticias.com.br\/wp-content\/uploads\/2021\/04\/ruina-queimado.jpg","keywords":["cem dias de governo","cultura","esporte","lazer","secretaria","Setur-Serra","Turismo"],"articleSection":["Pol\u00edtica"],"inLanguage":"pt-BR","potentialAction":[{"@type":"CommentAction","name":"Comment","target":["https:\/\/jornalfatosenoticias.com.br\/index.php\/2021\/04\/20\/cem-dias-de-gestao-secretaria-de-turismo-cultura-esporte-e-lazer\/#respond"]}]},{"@type":"WebPage","@id":"https:\/\/jornalfatosenoticias.com.br\/index.php\/2021\/04\/20\/cem-dias-de-gestao-secretaria-de-turismo-cultura-esporte-e-lazer\/","url":"https:\/\/jornalfatosenoticias.com.br\/index.php\/2021\/04\/20\/cem-dias-de-gestao-secretaria-de-turismo-cultura-esporte-e-lazer\/","name":"Cem dias de gest\u00e3o: secretaria de Turismo, Cultura, Esporte e Lazer - Jornal Fatos e Not\u00edcias","isPartOf":{"@id":"https:\/\/jornalfatosenoticias.com.br\/#website"},"primaryImageOfPage":{"@id":"https:\/\/jornalfatosenoticias.com.br\/index.php\/2021\/04\/20\/cem-dias-de-gestao-secretaria-de-turismo-cultura-esporte-e-lazer\/#primaryimage"},"image":{"@id":"https:\/\/jornalfatosenoticias.com.br\/index.php\/2021\/04\/20\/cem-dias-de-gestao-secretaria-de-turismo-cultura-esporte-e-lazer\/#primaryimage"},"thumbnailUrl":"https:\/\/jornalfatosenoticias.com.br\/wp-content\/uploads\/2021\/04\/ruina-queimado.jpg","datePublished":"2021-04-20T12:29:16+00:00","dateModified":"2021-04-20T12:29:17+00:00","breadcrumb":{"@id":"https:\/\/jornalfatosenoticias.com.br\/index.php\/2021\/04\/20\/cem-dias-de-gestao-secretaria-de-turismo-cultura-esporte-e-lazer\/#breadcrumb"},"inLanguage":"pt-BR","potentialAction":[{"@type":"ReadAction","target":["https:\/\/jornalfatosenoticias.com.br\/index.php\/2021\/04\/20\/cem-dias-de-gestao-secretaria-de-turismo-cultura-esporte-e-lazer\/"]}]},{"@type":"ImageObject","inLanguage":"pt-BR","@id":"https:\/\/jornalfatosenoticias.com.br\/index.php\/2021\/04\/20\/cem-dias-de-gestao-secretaria-de-turismo-cultura-esporte-e-lazer\/#primaryimage","url":"https:\/\/jornalfatosenoticias.com.br\/wp-content\/uploads\/2021\/04\/ruina-queimado.jpg","contentUrl":"https:\/\/jornalfatosenoticias.com.br\/wp-content\/uploads\/2021\/04\/ruina-queimado.jpg","width":1000,"height":666},{"@type":"BreadcrumbList","@id":"https:\/\/jornalfatosenoticias.com.br\/index.php\/2021\/04\/20\/cem-dias-de-gestao-secretaria-de-turismo-cultura-esporte-e-lazer\/#breadcrumb","itemListElement":[{"@type":"ListItem","position":1,"name":"In\u00edcio","item":"https:\/\/jornalfatosenoticias.com.br\/"},{"@type":"ListItem","position":2,"name":"Cem dias de gest\u00e3o: secretaria de Turismo, Cultura, Esporte e Lazer"}]},{"@type":"WebSite","@id":"https:\/\/jornalfatosenoticias.com.br\/#website","url":"https:\/\/jornalfatosenoticias.com.br\/","name":"Jornal Fatos e Not\u00edcias","description":"Not\u00edcias em geral","publisher":{"@id":"https:\/\/jornalfatosenoticias.com.br\/#organization"},"potentialAction":[{"@type":"SearchAction","target":{"@type":"EntryPoint","urlTemplate":"https:\/\/jornalfatosenoticias.com.br\/?s={search_term_string}"},"query-input":{"@type":"PropertyValueSpecification","valueRequired":true,"valueName":"search_term_string"}}],"inLanguage":"pt-BR"},{"@type":"Organization","@id":"https:\/\/jornalfatosenoticias.com.br\/#organization","name":"Jornal Fatos e Not\u00edcias","url":"https:\/\/jornalfatosenoticias.com.br\/","logo":{"@type":"ImageObject","inLanguage":"pt-BR","@id":"https:\/\/jornalfatosenoticias.com.br\/#\/schema\/logo\/image\/","url":"https:\/\/jornalfatosenoticias.com.br\/wp-content\/uploads\/2020\/02\/logo120.png","contentUrl":"https:\/\/jornalfatosenoticias.com.br\/wp-content\/uploads\/2020\/02\/logo120.png","width":1227,"height":120,"caption":"Jornal Fatos e Not\u00edcias"},"image":{"@id":"https:\/\/jornalfatosenoticias.com.br\/#\/schema\/logo\/image\/"}},{"@type":"Person","@id":"https:\/\/jornalfatosenoticias.com.br\/#\/schema\/person\/d63837fa13ac8666eb9e74e0985d6f81","name":"Luzimara Fernandes","image":{"@type":"ImageObject","inLanguage":"pt-BR","@id":"https:\/\/jornalfatosenoticias.com.br\/#\/schema\/person\/image\/","url":"https:\/\/jornalfatosenoticias.com.br\/wp-content\/uploads\/2025\/05\/EU_portal.jpg","contentUrl":"https:\/\/jornalfatosenoticias.com.br\/wp-content\/uploads\/2025\/05\/EU_portal.jpg","caption":"Luzimara Fernandes"},"description":"Jornalista MTB 2358-ES","sameAs":["https:\/\/jornalfatosenoticias.com.br"],"url":"https:\/\/jornalfatosenoticias.com.br\/index.php\/author\/luzimara\/"}]}},"cc_featured_image_caption":{"caption_text":"(Foto: Fernanda Neves\/Secom-PMS)","source_text":"","source_url":""},"jetpack_featured_media_url":"https:\/\/jornalfatosenoticias.com.br\/wp-content\/uploads\/2021\/04\/ruina-queimado.jpg","_links":{"self":[{"href":"https:\/\/jornalfatosenoticias.com.br\/index.php\/wp-json\/wp\/v2\/posts\/17189","targetHints":{"allow":["GET"]}}],"collection":[{"href":"https:\/\/jornalfatosenoticias.com.br\/index.php\/wp-json\/wp\/v2\/posts"}],"about":[{"href":"https:\/\/jornalfatosenoticias.com.br\/index.php\/wp-json\/wp\/v2\/types\/post"}],"author":[{"embeddable":true,"href":"https:\/\/jornalfatosenoticias.com.br\/index.php\/wp-json\/wp\/v2\/users\/2"}],"replies":[{"embeddable":true,"href":"https:\/\/jornalfatosenoticias.com.br\/index.php\/wp-json\/wp\/v2\/comments?post=17189"}],"version-history":[{"count":0,"href":"https:\/\/jornalfatosenoticias.com.br\/index.php\/wp-json\/wp\/v2\/posts\/17189\/revisions"}],"wp:featuredmedia":[{"embeddable":true,"href":"https:\/\/jornalfatosenoticias.com.br\/index.php\/wp-json\/wp\/v2\/media\/17190"}],"wp:attachment":[{"href":"https:\/\/jornalfatosenoticias.com.br\/index.php\/wp-json\/wp\/v2\/media?parent=17189"}],"wp:term":[{"taxonomy":"category","embeddable":true,"href":"https:\/\/jornalfatosenoticias.com.br\/index.php\/wp-json\/wp\/v2\/categories?post=17189"},{"taxonomy":"post_tag","embeddable":true,"href":"https:\/\/jornalfatosenoticias.com.br\/index.php\/wp-json\/wp\/v2\/tags?post=17189"}],"curies":[{"name":"wp","href":"https:\/\/api.w.org\/{rel}","templated":true}]}}