{"id":17298,"date":"2021-04-22T15:04:24","date_gmt":"2021-04-22T18:04:24","guid":{"rendered":"https:\/\/jornalfatosenoticias.com.br\/?p=17298"},"modified":"2021-04-22T15:04:26","modified_gmt":"2021-04-22T18:04:26","slug":"extracao-de-terra-ameaca-patrimonio-historico-na-serra","status":"publish","type":"post","link":"https:\/\/jornalfatosenoticias.com.br\/index.php\/2021\/04\/22\/extracao-de-terra-ameaca-patrimonio-historico-na-serra\/","title":{"rendered":"Extra\u00e7\u00e3o de terra amea\u00e7a patrim\u00f4nio hist\u00f3rico na Serra"},"content":{"rendered":"\n<p><em>Den\u00fancia \u00e9 do presidente da Associa\u00e7\u00e3o de Moradores de Carapina Grande, Luiz Carlos Oliveira<\/em><\/p>\n\n\n\n<p>O S\u00edtio Hist\u00f3rico de Carapina vem sendo alvo de extra\u00e7\u00e3o de terra pela empresa Andrade Gutierrez Terminais Intermodais S.A, administradora do Terminal Intermodal da Serra (TIMS). Quem denuncia \u00e9 o presidente da Associa\u00e7\u00e3o de Moradores de Carapina Grande, Luiz Carlos Oliveira.<br>O s\u00edtio que conta com tr\u00eas monumentos: uma igreja, um casar\u00e3o e um cemit\u00e9rio, est\u00e1 criticamente amea\u00e7ado com a extra\u00e7\u00e3o de terra. Segundo Luiz Carlos, boa parte do casar\u00e3o ruiu e est\u00e1 perdendo sua caracter\u00edstica original em fun\u00e7\u00e3o da trepida\u00e7\u00e3o provocada pelos caminh\u00f5es e m\u00e1quinas pesadas que executam o servi\u00e7o de retirada do solo naquela localidade.<\/p>\n\n\n\n<blockquote class=\"wp-block-quote is-layout-flow wp-block-quote-is-layout-flow\"><p>\u201cEst\u00e3o apagando mais de tr\u00eas s\u00e9culos de hist\u00f3ria, a perda \u00e9 incalcul\u00e1vel, tenho fotos do casar\u00e3o antes do in\u00edcio da extra\u00e7\u00e3o de terra e, se compararmos com as de hoje, podemos observar uma perda de mais de 30% da sua arquitetura original\u2026. N\u00e3o podemos admitir isso\u2026 \u00c9 um desrespeito, Carapina Grande tem tr\u00eas representantes no Legislativo municipal, mas apenas um deles vem se manifestando\u201d, reclama Luiz Carlos.<\/p><\/blockquote>\n\n\n\n<figure class=\"wp-block-image size-large\"><img loading=\"lazy\" decoding=\"async\" width=\"1000\" height=\"666\" src=\"https:\/\/jornalfatosenoticias.com.br\/wp-content\/uploads\/2021\/04\/Luiz-Carlos-editado.jpg\" alt=\"\" class=\"wp-image-17299\" srcset=\"https:\/\/jornalfatosenoticias.com.br\/wp-content\/uploads\/2021\/04\/Luiz-Carlos-editado.jpg 1000w, https:\/\/jornalfatosenoticias.com.br\/wp-content\/uploads\/2021\/04\/Luiz-Carlos-editado-300x200.jpg 300w, https:\/\/jornalfatosenoticias.com.br\/wp-content\/uploads\/2021\/04\/Luiz-Carlos-editado-768x511.jpg 768w\" sizes=\"auto, (max-width: 1000px) 100vw, 1000px\" \/><figcaption><em>Presidente da Associa\u00e7\u00e3o de Moradores de Carapina Grande, Luiz Carlos Oliveira (Foto: Haroldo Cordeiro Filho)<\/em><\/figcaption><\/figure>\n\n\n\n<p>O representante da comunidade explica ainda que a \u00e1rea tinha sido limpada para a cria\u00e7\u00e3o de um local de socializa\u00e7\u00e3o entre os moradores da comunidade, que estava organizando uma cavalgada com uma missa de encerramento na igreja S\u00e3o Jo\u00e3o Batista, mas, em fun\u00e7\u00e3o do momento de pandemia, foi adiada. \u201cSe continuarem assim, a igreja S\u00e3o Jo\u00e3o Batista ser\u00e1 a pr\u00f3xima a ser destru\u00edda. A nossa trilha de bicicleta, palco de um campeonato estadual, e o nosso monte sagrado de ora\u00e7\u00e3o tamb\u00e9m sofrer\u00e3o com essa agress\u00e3o\u2026 Vou lutar para a fiscaliza\u00e7\u00e3o embargar essa extra\u00e7\u00e3o, o movimento das m\u00e1quinas provoca vibra\u00e7\u00f5es e acaba danificando os patrim\u00f4nios que j\u00e1 s\u00e3o bem comprometidos com a a\u00e7\u00e3o do tempo\u201d, afirma.<br>Luiz esclarece tamb\u00e9m que, h\u00e1 alguns meses, a Andrade Gutierrez vem sendo alvo de den\u00fancias. Sabendo disso a nossa reportagem procurou o vereador de Carapina Grande, Willian Miranda, que havia feito um pronunciamento na \u00faltima ter\u00e7a-feira (20), no plen\u00e1rio da C\u00e2mara, pedindo apura\u00e7\u00e3o dos fatos que envolvem a concession\u00e1ria Andrade Gutierrez Terminais Intermodais S.A, que administra uma \u00e1rea de 2,4 milh\u00f5es de metros quadrados na regi\u00e3o do contorno de Vit\u00f3ria.<br>O vereador afirma ter recebido, do l\u00edder comunit\u00e1rio da comunidade de Carapina Grande, uma den\u00fancia de que estaria havendo uma escava\u00e7\u00e3o pr\u00f3xima ao s\u00edtio hist\u00f3rico, e que essa escava\u00e7\u00e3o estaria destruindo o patrim\u00f4nio hist\u00f3rico localizado na regi\u00e3o.<br>\u201cPesquisando a situa\u00e7\u00e3o, descobri que, em 2019, eles come\u00e7aram a fazer escava\u00e7\u00f5es naquela localidade, a prefeitura da Serra embargou a obra, mas este ano, eles conseguiram a Licen\u00e7a Ambiental do munic\u00edpio para continuar a extra\u00e7\u00e3o com a chancela do Instituto do Patrim\u00f4nio Hist\u00f3rico e Art\u00edsitico Nacional (Iphan), na qual o instituto relata que n\u00e3o h\u00e1 comprova\u00e7\u00e3o de exist\u00eancia de nenhum s\u00edtio arqueol\u00f3gico na localidade, o que me causou estranheza, j\u00e1 que o pr\u00f3prio Iphan exigiu que se achassem algum objeto durante a escava\u00e7\u00e3o, comprovando que ali existe um sitio arqueol\u00f3gico, a empresa parasse com as escava\u00e7\u00f5es imediatamente\u201d, adverte.<br>William acrescenta ainda que \u201ca concess\u00e3o foi feita em 1991, no governo de Adalto Martineli, ou seja, h\u00e1 29 anos que o TIMS vem explorando a \u00e1rea sem pagar a tarifa pelo metro quadrado, estabelecida no Termo de Concess\u00e3o, e a den\u00fancia que se tem, \u00e9 que a concession\u00e1ria nunca pagou um centavo dela (tarifa). Em valores atuais a d\u00edvida giraria em torno de R$ 25 milh\u00f5es. Protocolamos a den\u00fancia em fevereiro, pedimos explica\u00e7\u00f5es ao TIMS, mas nunca a empresa nunca se manifestou\u201d, alerta.<br>Procurado pela nossa reportagem, o secret\u00e1rio de Meio Ambiente da Serra (Semma), Cl\u00e1udio Denicoli, nos informou, por telefone, que a obra foi licenciada de acordo com a legisla\u00e7\u00e3o e uma autoriza\u00e7\u00e3o do Iphan e do Conselho Estadual de Cultura respaldaram a licen\u00e7a, mas que a Semma j\u00e1 solicitou da empresa um laudo do engenheiro respons\u00e1vel questionando se as estruturas do casar\u00e3o seriam abaladas. \u201cComo n\u00e3o foi feita nenhuma den\u00fancia \u00e0 Semma, a gente pode programar uma vistoria com um corpo t\u00e9cnico e, se por ventura, for constatado algum abalo na estrutura de algum dos monumentos existentes daquele s\u00edtio hist\u00f3rico, vamos denunciar o profissional que assinou a Anota\u00e7\u00e3o de Responsabilidade T\u00e9cnica (ART) e o Laudo, dizendo que n\u00e3o haveria nenhum dano aos monumentos e, se for constatada irregularidade, vamos encaminhar ao Minist\u00e9rio P\u00fablico e ao Conselho Federal de Engenharia e Agronomia, denunciando o profissional respons\u00e1vel\u201d, esclareceu o secret\u00e1rio.<br>O titular da Secretaria de Turismo, Cultura, Esporte e Lazer (Setur) do munic\u00edpio, Thiago Carrero, informou que vem acompanhando o caso junto com o Iphan que, em 2019, emitiu uma anu\u00eancia para as licen\u00e7as ambientais do empreendimento, depois que foi assinado um termo de compromisso no qual o empreendedor deveria parar a obra e avisar ao Iphan, caso houvesse alguma ocorr\u00eancia de achados arqueol\u00f3gicos durante a obra. O local da extra\u00e7\u00e3o de terra fica muito pr\u00f3ximo \u00e0 Igreja de S\u00e3o Jo\u00e3o de Carapina (tombado pelo Conselho Estadual de Cultura), as ru\u00ednas de um casar\u00e3o e um s\u00edtio arqueol\u00f3gico chamado &#8220;Sambaqui da Carapina&#8221;.<\/p>\n\n\n\n<div class=\"wp-block-jetpack-slideshow aligncenter\" data-effect=\"slide\"><div class=\"wp-block-jetpack-slideshow_container swiper-container\"><ul class=\"wp-block-jetpack-slideshow_swiper-wrapper swiper-wrapper\"><li class=\"wp-block-jetpack-slideshow_slide swiper-slide\"><figure><img loading=\"lazy\" decoding=\"async\" width=\"1000\" height=\"666\" alt=\"\" class=\"wp-block-jetpack-slideshow_image wp-image-17300\" data-id=\"17300\" src=\"https:\/\/jornalfatosenoticias.com.br\/wp-content\/uploads\/2021\/04\/Foto-corrigida-419-2.jpg\" srcset=\"https:\/\/jornalfatosenoticias.com.br\/wp-content\/uploads\/2021\/04\/Foto-corrigida-419-2.jpg 1000w, https:\/\/jornalfatosenoticias.com.br\/wp-content\/uploads\/2021\/04\/Foto-corrigida-419-2-300x200.jpg 300w, https:\/\/jornalfatosenoticias.com.br\/wp-content\/uploads\/2021\/04\/Foto-corrigida-419-2-768x511.jpg 768w\" sizes=\"auto, (max-width: 1000px) 100vw, 1000px\" \/><figcaption class=\"wp-block-jetpack-slideshow_caption gallery-caption\">(Fotos: Haroldo Cordeiro Filho\/Fatos &#038; Not\u00edcias)<\/figcaption><\/figure><\/li><li class=\"wp-block-jetpack-slideshow_slide swiper-slide\"><figure><img loading=\"lazy\" decoding=\"async\" width=\"1000\" height=\"666\" alt=\"\" class=\"wp-block-jetpack-slideshow_image wp-image-17301\" data-id=\"17301\" src=\"https:\/\/jornalfatosenoticias.com.br\/wp-content\/uploads\/2021\/04\/Foto-corrigida-419.jpg\" srcset=\"https:\/\/jornalfatosenoticias.com.br\/wp-content\/uploads\/2021\/04\/Foto-corrigida-419.jpg 1000w, https:\/\/jornalfatosenoticias.com.br\/wp-content\/uploads\/2021\/04\/Foto-corrigida-419-300x200.jpg 300w, https:\/\/jornalfatosenoticias.com.br\/wp-content\/uploads\/2021\/04\/Foto-corrigida-419-768x511.jpg 768w\" sizes=\"auto, (max-width: 1000px) 100vw, 1000px\" \/><\/figure><\/li><\/ul><a class=\"wp-block-jetpack-slideshow_button-prev swiper-button-prev swiper-button-white\" role=\"button\"><\/a><a class=\"wp-block-jetpack-slideshow_button-next swiper-button-next swiper-button-white\" role=\"button\"><\/a><a aria-label=\"Pause Slideshow\" class=\"wp-block-jetpack-slideshow_button-pause\" role=\"button\"><\/a><div class=\"wp-block-jetpack-slideshow_pagination swiper-pagination swiper-pagination-white\"><\/div><\/div><\/div>\n\n\n\n<p>\u201cEm mar\u00e7o, recebemos den\u00fancia que afirmava que, durante a obra, estava havendo a destrui\u00e7\u00e3o do s\u00edtio arqueol\u00f3gico. O fiscal do Iphan foi at\u00e9 o local e verificou a pertin\u00eancia da den\u00fancia e, por esse motivo, a obra foi embargada. A partir da\u00ed, houve uma reuni\u00e3o entre o instituto e os respons\u00e1veis pelo empreendimento, e a autoriza\u00e7\u00e3o para rein\u00edcio da obra ficou condicionada \u00e0 realiza\u00e7\u00e3o do projeto de resgate desse s\u00edtio que estava sendo impactado pela opera\u00e7\u00e3o, al\u00e9m do parecer da Secretaria de Desenvolvimento Urbano e Meio Ambiente da Serra. A empresa apresentou o projeto ao Iphan, que foi analisado e aprovado. A autoriza\u00e7\u00e3o para o in\u00edcio desse trabalho de resgate sair\u00e1 no Di\u00e1rio Oficial da Uni\u00e3o no dia 26\/04. A Setur est\u00e1 atenta e integrada com o Iphan e outras institui\u00e7\u00f5es para preservar e desenvolver, de forma sustent\u00e1vel, o patrim\u00f4nio hist\u00f3rico da Serra\u201d, afirmou Thiago.<\/p>\n","protected":false},"excerpt":{"rendered":"<p>Den\u00fancia \u00e9 do presidente da Associa\u00e7\u00e3o de Moradores de Carapina Grande, Luiz Carlos Oliveira O S\u00edtio Hist\u00f3rico de Carapina vem sendo alvo de extra\u00e7\u00e3o de terra pela empresa Andrade Gutierrez Terminais Intermodais S.A, administradora do Terminal Intermodal da Serra (TIMS). Quem denuncia \u00e9 o presidente da Associa\u00e7\u00e3o de Moradores de Carapina Grande, Luiz Carlos Oliveira.O [&hellip;]<\/p>\n","protected":false},"author":3,"featured_media":17302,"comment_status":"open","ping_status":"open","sticky":false,"template":"","format":"standard","meta":{"footnotes":""},"categories":[10],"tags":[8645,713,5605,8646,477,8644],"class_list":["post-17298","post","type-post","status-publish","format-standard","has-post-thumbnail","hentry","category-politica","tag-carapina-grande","tag-cultura","tag-degradacao","tag-extracao-de-terra","tag-iphan","tag-sitio-historico"],"yoast_head":"<!-- This site is optimized with the Yoast SEO plugin v26.5 - https:\/\/yoast.com\/wordpress\/plugins\/seo\/ -->\n<title>Extra\u00e7\u00e3o de terra amea\u00e7a patrim\u00f4nio hist\u00f3rico na Serra - Jornal Fatos e Not\u00edcias<\/title>\n<meta name=\"robots\" content=\"index, follow, max-snippet:-1, max-image-preview:large, max-video-preview:-1\" \/>\n<link rel=\"canonical\" href=\"https:\/\/jornalfatosenoticias.com.br\/index.php\/2021\/04\/22\/extracao-de-terra-ameaca-patrimonio-historico-na-serra\/\" \/>\n<meta property=\"og:locale\" content=\"pt_BR\" \/>\n<meta property=\"og:type\" content=\"article\" \/>\n<meta property=\"og:title\" content=\"Extra\u00e7\u00e3o de terra amea\u00e7a patrim\u00f4nio hist\u00f3rico na Serra - Jornal Fatos e Not\u00edcias\" \/>\n<meta property=\"og:description\" content=\"Den\u00fancia \u00e9 do presidente da Associa\u00e7\u00e3o de Moradores de Carapina Grande, Luiz Carlos Oliveira O S\u00edtio Hist\u00f3rico de Carapina vem sendo alvo de extra\u00e7\u00e3o de terra pela empresa Andrade Gutierrez Terminais Intermodais S.A, administradora do Terminal Intermodal da Serra (TIMS). Quem denuncia \u00e9 o presidente da Associa\u00e7\u00e3o de Moradores de Carapina Grande, Luiz Carlos Oliveira.O [&hellip;]\" \/>\n<meta property=\"og:url\" content=\"https:\/\/jornalfatosenoticias.com.br\/index.php\/2021\/04\/22\/extracao-de-terra-ameaca-patrimonio-historico-na-serra\/\" \/>\n<meta property=\"og:site_name\" content=\"Jornal Fatos e Not\u00edcias\" \/>\n<meta property=\"article:published_time\" content=\"2021-04-22T18:04:24+00:00\" \/>\n<meta property=\"article:modified_time\" content=\"2021-04-22T18:04:26+00:00\" \/>\n<meta property=\"og:image\" content=\"https:\/\/jornalfatosenoticias.com.br\/wp-content\/uploads\/2021\/04\/TIMS-editado.jpg\" \/>\n\t<meta property=\"og:image:width\" content=\"1000\" \/>\n\t<meta property=\"og:image:height\" content=\"666\" \/>\n\t<meta property=\"og:image:type\" content=\"image\/jpeg\" \/>\n<meta name=\"author\" content=\"Haroldo Filho\" \/>\n<meta name=\"twitter:card\" content=\"summary_large_image\" \/>\n<meta name=\"twitter:label1\" content=\"Escrito por\" \/>\n\t<meta name=\"twitter:data1\" content=\"Haroldo Filho\" \/>\n\t<meta name=\"twitter:label2\" content=\"Est. tempo de leitura\" \/>\n\t<meta name=\"twitter:data2\" content=\"6 minutos\" \/>\n<script type=\"application\/ld+json\" class=\"yoast-schema-graph\">{\"@context\":\"https:\/\/schema.org\",\"@graph\":[{\"@type\":\"Article\",\"@id\":\"https:\/\/jornalfatosenoticias.com.br\/index.php\/2021\/04\/22\/extracao-de-terra-ameaca-patrimonio-historico-na-serra\/#article\",\"isPartOf\":{\"@id\":\"https:\/\/jornalfatosenoticias.com.br\/index.php\/2021\/04\/22\/extracao-de-terra-ameaca-patrimonio-historico-na-serra\/\"},\"author\":{\"name\":\"Haroldo Filho\",\"@id\":\"https:\/\/jornalfatosenoticias.com.br\/#\/schema\/person\/05c46cc25b42a5c27e004fb0fa6b4965\"},\"headline\":\"Extra\u00e7\u00e3o de terra amea\u00e7a patrim\u00f4nio hist\u00f3rico na Serra\",\"datePublished\":\"2021-04-22T18:04:24+00:00\",\"dateModified\":\"2021-04-22T18:04:26+00:00\",\"mainEntityOfPage\":{\"@id\":\"https:\/\/jornalfatosenoticias.com.br\/index.php\/2021\/04\/22\/extracao-de-terra-ameaca-patrimonio-historico-na-serra\/\"},\"wordCount\":1147,\"commentCount\":0,\"publisher\":{\"@id\":\"https:\/\/jornalfatosenoticias.com.br\/#organization\"},\"image\":{\"@id\":\"https:\/\/jornalfatosenoticias.com.br\/index.php\/2021\/04\/22\/extracao-de-terra-ameaca-patrimonio-historico-na-serra\/#primaryimage\"},\"thumbnailUrl\":\"https:\/\/jornalfatosenoticias.com.br\/wp-content\/uploads\/2021\/04\/TIMS-editado.jpg\",\"keywords\":[\"Carapina Grande\",\"cultura\",\"degrada\u00e7\u00e3o\",\"extra\u00e7\u00e3o de terra\",\"Iphan\",\"S\u00edtio Hist\u00f3rico\"],\"articleSection\":[\"Pol\u00edtica\"],\"inLanguage\":\"pt-BR\",\"potentialAction\":[{\"@type\":\"CommentAction\",\"name\":\"Comment\",\"target\":[\"https:\/\/jornalfatosenoticias.com.br\/index.php\/2021\/04\/22\/extracao-de-terra-ameaca-patrimonio-historico-na-serra\/#respond\"]}]},{\"@type\":\"WebPage\",\"@id\":\"https:\/\/jornalfatosenoticias.com.br\/index.php\/2021\/04\/22\/extracao-de-terra-ameaca-patrimonio-historico-na-serra\/\",\"url\":\"https:\/\/jornalfatosenoticias.com.br\/index.php\/2021\/04\/22\/extracao-de-terra-ameaca-patrimonio-historico-na-serra\/\",\"name\":\"Extra\u00e7\u00e3o de terra amea\u00e7a patrim\u00f4nio hist\u00f3rico na Serra - Jornal Fatos e Not\u00edcias\",\"isPartOf\":{\"@id\":\"https:\/\/jornalfatosenoticias.com.br\/#website\"},\"primaryImageOfPage\":{\"@id\":\"https:\/\/jornalfatosenoticias.com.br\/index.php\/2021\/04\/22\/extracao-de-terra-ameaca-patrimonio-historico-na-serra\/#primaryimage\"},\"image\":{\"@id\":\"https:\/\/jornalfatosenoticias.com.br\/index.php\/2021\/04\/22\/extracao-de-terra-ameaca-patrimonio-historico-na-serra\/#primaryimage\"},\"thumbnailUrl\":\"https:\/\/jornalfatosenoticias.com.br\/wp-content\/uploads\/2021\/04\/TIMS-editado.jpg\",\"datePublished\":\"2021-04-22T18:04:24+00:00\",\"dateModified\":\"2021-04-22T18:04:26+00:00\",\"breadcrumb\":{\"@id\":\"https:\/\/jornalfatosenoticias.com.br\/index.php\/2021\/04\/22\/extracao-de-terra-ameaca-patrimonio-historico-na-serra\/#breadcrumb\"},\"inLanguage\":\"pt-BR\",\"potentialAction\":[{\"@type\":\"ReadAction\",\"target\":[\"https:\/\/jornalfatosenoticias.com.br\/index.php\/2021\/04\/22\/extracao-de-terra-ameaca-patrimonio-historico-na-serra\/\"]}]},{\"@type\":\"ImageObject\",\"inLanguage\":\"pt-BR\",\"@id\":\"https:\/\/jornalfatosenoticias.com.br\/index.php\/2021\/04\/22\/extracao-de-terra-ameaca-patrimonio-historico-na-serra\/#primaryimage\",\"url\":\"https:\/\/jornalfatosenoticias.com.br\/wp-content\/uploads\/2021\/04\/TIMS-editado.jpg\",\"contentUrl\":\"https:\/\/jornalfatosenoticias.com.br\/wp-content\/uploads\/2021\/04\/TIMS-editado.jpg\",\"width\":1000,\"height\":666},{\"@type\":\"BreadcrumbList\",\"@id\":\"https:\/\/jornalfatosenoticias.com.br\/index.php\/2021\/04\/22\/extracao-de-terra-ameaca-patrimonio-historico-na-serra\/#breadcrumb\",\"itemListElement\":[{\"@type\":\"ListItem\",\"position\":1,\"name\":\"In\u00edcio\",\"item\":\"https:\/\/jornalfatosenoticias.com.br\/\"},{\"@type\":\"ListItem\",\"position\":2,\"name\":\"Extra\u00e7\u00e3o de terra amea\u00e7a patrim\u00f4nio hist\u00f3rico na Serra\"}]},{\"@type\":\"WebSite\",\"@id\":\"https:\/\/jornalfatosenoticias.com.br\/#website\",\"url\":\"https:\/\/jornalfatosenoticias.com.br\/\",\"name\":\"Jornal Fatos e Not\u00edcias\",\"description\":\"Not\u00edcias em geral\",\"publisher\":{\"@id\":\"https:\/\/jornalfatosenoticias.com.br\/#organization\"},\"potentialAction\":[{\"@type\":\"SearchAction\",\"target\":{\"@type\":\"EntryPoint\",\"urlTemplate\":\"https:\/\/jornalfatosenoticias.com.br\/?s={search_term_string}\"},\"query-input\":{\"@type\":\"PropertyValueSpecification\",\"valueRequired\":true,\"valueName\":\"search_term_string\"}}],\"inLanguage\":\"pt-BR\"},{\"@type\":\"Organization\",\"@id\":\"https:\/\/jornalfatosenoticias.com.br\/#organization\",\"name\":\"Jornal Fatos e Not\u00edcias\",\"url\":\"https:\/\/jornalfatosenoticias.com.br\/\",\"logo\":{\"@type\":\"ImageObject\",\"inLanguage\":\"pt-BR\",\"@id\":\"https:\/\/jornalfatosenoticias.com.br\/#\/schema\/logo\/image\/\",\"url\":\"https:\/\/jornalfatosenoticias.com.br\/wp-content\/uploads\/2020\/02\/logo120.png\",\"contentUrl\":\"https:\/\/jornalfatosenoticias.com.br\/wp-content\/uploads\/2020\/02\/logo120.png\",\"width\":1227,\"height\":120,\"caption\":\"Jornal Fatos e Not\u00edcias\"},\"image\":{\"@id\":\"https:\/\/jornalfatosenoticias.com.br\/#\/schema\/logo\/image\/\"}},{\"@type\":\"Person\",\"@id\":\"https:\/\/jornalfatosenoticias.com.br\/#\/schema\/person\/05c46cc25b42a5c27e004fb0fa6b4965\",\"name\":\"Haroldo Filho\",\"image\":{\"@type\":\"ImageObject\",\"inLanguage\":\"pt-BR\",\"@id\":\"https:\/\/jornalfatosenoticias.com.br\/#\/schema\/person\/image\/\",\"url\":\"https:\/\/jornalfatosenoticias.com.br\/wp-content\/uploads\/2025\/08\/WhatsApp-Image-2025-08-18-at-15.30.28-150x150.jpeg\",\"contentUrl\":\"https:\/\/jornalfatosenoticias.com.br\/wp-content\/uploads\/2025\/08\/WhatsApp-Image-2025-08-18-at-15.30.28-150x150.jpeg\",\"caption\":\"Haroldo Filho\"},\"description\":\"Jornalista \u2013 DRT: 0003818\/ES Coordenador-geral da ONG Educar para Crescer\",\"url\":\"https:\/\/jornalfatosenoticias.com.br\/index.php\/author\/haroldo\/\"}]}<\/script>\n<!-- \/ Yoast SEO plugin. -->","yoast_head_json":{"title":"Extra\u00e7\u00e3o de terra amea\u00e7a patrim\u00f4nio hist\u00f3rico na Serra - Jornal Fatos e Not\u00edcias","robots":{"index":"index","follow":"follow","max-snippet":"max-snippet:-1","max-image-preview":"max-image-preview:large","max-video-preview":"max-video-preview:-1"},"canonical":"https:\/\/jornalfatosenoticias.com.br\/index.php\/2021\/04\/22\/extracao-de-terra-ameaca-patrimonio-historico-na-serra\/","og_locale":"pt_BR","og_type":"article","og_title":"Extra\u00e7\u00e3o de terra amea\u00e7a patrim\u00f4nio hist\u00f3rico na Serra - Jornal Fatos e Not\u00edcias","og_description":"Den\u00fancia \u00e9 do presidente da Associa\u00e7\u00e3o de Moradores de Carapina Grande, Luiz Carlos Oliveira O S\u00edtio Hist\u00f3rico de Carapina vem sendo alvo de extra\u00e7\u00e3o de terra pela empresa Andrade Gutierrez Terminais Intermodais S.A, administradora do Terminal Intermodal da Serra (TIMS). Quem denuncia \u00e9 o presidente da Associa\u00e7\u00e3o de Moradores de Carapina Grande, Luiz Carlos Oliveira.O [&hellip;]","og_url":"https:\/\/jornalfatosenoticias.com.br\/index.php\/2021\/04\/22\/extracao-de-terra-ameaca-patrimonio-historico-na-serra\/","og_site_name":"Jornal Fatos e Not\u00edcias","article_published_time":"2021-04-22T18:04:24+00:00","article_modified_time":"2021-04-22T18:04:26+00:00","og_image":[{"width":1000,"height":666,"url":"https:\/\/jornalfatosenoticias.com.br\/wp-content\/uploads\/2021\/04\/TIMS-editado.jpg","type":"image\/jpeg"}],"author":"Haroldo Filho","twitter_card":"summary_large_image","twitter_misc":{"Escrito por":"Haroldo Filho","Est. tempo de leitura":"6 minutos"},"schema":{"@context":"https:\/\/schema.org","@graph":[{"@type":"Article","@id":"https:\/\/jornalfatosenoticias.com.br\/index.php\/2021\/04\/22\/extracao-de-terra-ameaca-patrimonio-historico-na-serra\/#article","isPartOf":{"@id":"https:\/\/jornalfatosenoticias.com.br\/index.php\/2021\/04\/22\/extracao-de-terra-ameaca-patrimonio-historico-na-serra\/"},"author":{"name":"Haroldo Filho","@id":"https:\/\/jornalfatosenoticias.com.br\/#\/schema\/person\/05c46cc25b42a5c27e004fb0fa6b4965"},"headline":"Extra\u00e7\u00e3o de terra amea\u00e7a patrim\u00f4nio hist\u00f3rico na Serra","datePublished":"2021-04-22T18:04:24+00:00","dateModified":"2021-04-22T18:04:26+00:00","mainEntityOfPage":{"@id":"https:\/\/jornalfatosenoticias.com.br\/index.php\/2021\/04\/22\/extracao-de-terra-ameaca-patrimonio-historico-na-serra\/"},"wordCount":1147,"commentCount":0,"publisher":{"@id":"https:\/\/jornalfatosenoticias.com.br\/#organization"},"image":{"@id":"https:\/\/jornalfatosenoticias.com.br\/index.php\/2021\/04\/22\/extracao-de-terra-ameaca-patrimonio-historico-na-serra\/#primaryimage"},"thumbnailUrl":"https:\/\/jornalfatosenoticias.com.br\/wp-content\/uploads\/2021\/04\/TIMS-editado.jpg","keywords":["Carapina Grande","cultura","degrada\u00e7\u00e3o","extra\u00e7\u00e3o de terra","Iphan","S\u00edtio Hist\u00f3rico"],"articleSection":["Pol\u00edtica"],"inLanguage":"pt-BR","potentialAction":[{"@type":"CommentAction","name":"Comment","target":["https:\/\/jornalfatosenoticias.com.br\/index.php\/2021\/04\/22\/extracao-de-terra-ameaca-patrimonio-historico-na-serra\/#respond"]}]},{"@type":"WebPage","@id":"https:\/\/jornalfatosenoticias.com.br\/index.php\/2021\/04\/22\/extracao-de-terra-ameaca-patrimonio-historico-na-serra\/","url":"https:\/\/jornalfatosenoticias.com.br\/index.php\/2021\/04\/22\/extracao-de-terra-ameaca-patrimonio-historico-na-serra\/","name":"Extra\u00e7\u00e3o de terra amea\u00e7a patrim\u00f4nio hist\u00f3rico na Serra - Jornal Fatos e Not\u00edcias","isPartOf":{"@id":"https:\/\/jornalfatosenoticias.com.br\/#website"},"primaryImageOfPage":{"@id":"https:\/\/jornalfatosenoticias.com.br\/index.php\/2021\/04\/22\/extracao-de-terra-ameaca-patrimonio-historico-na-serra\/#primaryimage"},"image":{"@id":"https:\/\/jornalfatosenoticias.com.br\/index.php\/2021\/04\/22\/extracao-de-terra-ameaca-patrimonio-historico-na-serra\/#primaryimage"},"thumbnailUrl":"https:\/\/jornalfatosenoticias.com.br\/wp-content\/uploads\/2021\/04\/TIMS-editado.jpg","datePublished":"2021-04-22T18:04:24+00:00","dateModified":"2021-04-22T18:04:26+00:00","breadcrumb":{"@id":"https:\/\/jornalfatosenoticias.com.br\/index.php\/2021\/04\/22\/extracao-de-terra-ameaca-patrimonio-historico-na-serra\/#breadcrumb"},"inLanguage":"pt-BR","potentialAction":[{"@type":"ReadAction","target":["https:\/\/jornalfatosenoticias.com.br\/index.php\/2021\/04\/22\/extracao-de-terra-ameaca-patrimonio-historico-na-serra\/"]}]},{"@type":"ImageObject","inLanguage":"pt-BR","@id":"https:\/\/jornalfatosenoticias.com.br\/index.php\/2021\/04\/22\/extracao-de-terra-ameaca-patrimonio-historico-na-serra\/#primaryimage","url":"https:\/\/jornalfatosenoticias.com.br\/wp-content\/uploads\/2021\/04\/TIMS-editado.jpg","contentUrl":"https:\/\/jornalfatosenoticias.com.br\/wp-content\/uploads\/2021\/04\/TIMS-editado.jpg","width":1000,"height":666},{"@type":"BreadcrumbList","@id":"https:\/\/jornalfatosenoticias.com.br\/index.php\/2021\/04\/22\/extracao-de-terra-ameaca-patrimonio-historico-na-serra\/#breadcrumb","itemListElement":[{"@type":"ListItem","position":1,"name":"In\u00edcio","item":"https:\/\/jornalfatosenoticias.com.br\/"},{"@type":"ListItem","position":2,"name":"Extra\u00e7\u00e3o de terra amea\u00e7a patrim\u00f4nio hist\u00f3rico na Serra"}]},{"@type":"WebSite","@id":"https:\/\/jornalfatosenoticias.com.br\/#website","url":"https:\/\/jornalfatosenoticias.com.br\/","name":"Jornal Fatos e Not\u00edcias","description":"Not\u00edcias em geral","publisher":{"@id":"https:\/\/jornalfatosenoticias.com.br\/#organization"},"potentialAction":[{"@type":"SearchAction","target":{"@type":"EntryPoint","urlTemplate":"https:\/\/jornalfatosenoticias.com.br\/?s={search_term_string}"},"query-input":{"@type":"PropertyValueSpecification","valueRequired":true,"valueName":"search_term_string"}}],"inLanguage":"pt-BR"},{"@type":"Organization","@id":"https:\/\/jornalfatosenoticias.com.br\/#organization","name":"Jornal Fatos e Not\u00edcias","url":"https:\/\/jornalfatosenoticias.com.br\/","logo":{"@type":"ImageObject","inLanguage":"pt-BR","@id":"https:\/\/jornalfatosenoticias.com.br\/#\/schema\/logo\/image\/","url":"https:\/\/jornalfatosenoticias.com.br\/wp-content\/uploads\/2020\/02\/logo120.png","contentUrl":"https:\/\/jornalfatosenoticias.com.br\/wp-content\/uploads\/2020\/02\/logo120.png","width":1227,"height":120,"caption":"Jornal Fatos e Not\u00edcias"},"image":{"@id":"https:\/\/jornalfatosenoticias.com.br\/#\/schema\/logo\/image\/"}},{"@type":"Person","@id":"https:\/\/jornalfatosenoticias.com.br\/#\/schema\/person\/05c46cc25b42a5c27e004fb0fa6b4965","name":"Haroldo Filho","image":{"@type":"ImageObject","inLanguage":"pt-BR","@id":"https:\/\/jornalfatosenoticias.com.br\/#\/schema\/person\/image\/","url":"https:\/\/jornalfatosenoticias.com.br\/wp-content\/uploads\/2025\/08\/WhatsApp-Image-2025-08-18-at-15.30.28-150x150.jpeg","contentUrl":"https:\/\/jornalfatosenoticias.com.br\/wp-content\/uploads\/2025\/08\/WhatsApp-Image-2025-08-18-at-15.30.28-150x150.jpeg","caption":"Haroldo Filho"},"description":"Jornalista \u2013 DRT: 0003818\/ES Coordenador-geral da ONG Educar para Crescer","url":"https:\/\/jornalfatosenoticias.com.br\/index.php\/author\/haroldo\/"}]}},"cc_featured_image_caption":{"caption_text":"(Foto: Haroldo Cordeiro Filho)","source_text":"","source_url":""},"jetpack_featured_media_url":"https:\/\/jornalfatosenoticias.com.br\/wp-content\/uploads\/2021\/04\/TIMS-editado.jpg","_links":{"self":[{"href":"https:\/\/jornalfatosenoticias.com.br\/index.php\/wp-json\/wp\/v2\/posts\/17298","targetHints":{"allow":["GET"]}}],"collection":[{"href":"https:\/\/jornalfatosenoticias.com.br\/index.php\/wp-json\/wp\/v2\/posts"}],"about":[{"href":"https:\/\/jornalfatosenoticias.com.br\/index.php\/wp-json\/wp\/v2\/types\/post"}],"author":[{"embeddable":true,"href":"https:\/\/jornalfatosenoticias.com.br\/index.php\/wp-json\/wp\/v2\/users\/3"}],"replies":[{"embeddable":true,"href":"https:\/\/jornalfatosenoticias.com.br\/index.php\/wp-json\/wp\/v2\/comments?post=17298"}],"version-history":[{"count":0,"href":"https:\/\/jornalfatosenoticias.com.br\/index.php\/wp-json\/wp\/v2\/posts\/17298\/revisions"}],"wp:featuredmedia":[{"embeddable":true,"href":"https:\/\/jornalfatosenoticias.com.br\/index.php\/wp-json\/wp\/v2\/media\/17302"}],"wp:attachment":[{"href":"https:\/\/jornalfatosenoticias.com.br\/index.php\/wp-json\/wp\/v2\/media?parent=17298"}],"wp:term":[{"taxonomy":"category","embeddable":true,"href":"https:\/\/jornalfatosenoticias.com.br\/index.php\/wp-json\/wp\/v2\/categories?post=17298"},{"taxonomy":"post_tag","embeddable":true,"href":"https:\/\/jornalfatosenoticias.com.br\/index.php\/wp-json\/wp\/v2\/tags?post=17298"}],"curies":[{"name":"wp","href":"https:\/\/api.w.org\/{rel}","templated":true}]}}