{"id":1730,"date":"2020-03-04T10:07:55","date_gmt":"2020-03-04T13:07:55","guid":{"rendered":"https:\/\/jornalfatosenoticias.com.br\/?p=1730"},"modified":"2020-03-04T10:08:01","modified_gmt":"2020-03-04T13:08:01","slug":"museu-nacional-reabrira-parcialmente-em-2022","status":"publish","type":"post","link":"https:\/\/jornalfatosenoticias.com.br\/index.php\/2020\/03\/04\/museu-nacional-reabrira-parcialmente-em-2022\/","title":{"rendered":"Museu Nacional reabrir\u00e1 parcialmente em 2022"},"content":{"rendered":"\n<h6 class=\"wp-block-heading\"><em>A institui\u00e7\u00e3o j\u00e1 captou R$ 164 milh\u00f5es para obras de reconstru\u00e7\u00e3o<\/em><\/h6>\n\n\n\n<p>O Museu Nacional estar\u00e1 parcialmente de portas abertas em 2022, quando se comemora o bicenten\u00e1rio da Independ\u00eancia. A estimativa \u00e9 dos envolvidos no projeto de recupera\u00e7\u00e3o, que deu um passo importante nesta ter\u00e7a-feira (3) com a assinatura do termo da estrutura de governan\u00e7a, incluindo a Universidade Federal do Rio de Janeiro (UFRJ), a Funda\u00e7\u00e3o Vale e a Organiza\u00e7\u00e3o das Na\u00e7\u00f5es Unidas para a Educa\u00e7\u00e3o, Ci\u00eancia e Cultura (Unesco).<br> Em solenidade realizada no Campus da Praia Vermelha, da UFRJ, foi anunciado que j\u00e1 foram captados R$ 164 milh\u00f5es, dos R$ 340 milh\u00f5es necess\u00e1rios para as obras de reconstru\u00e7\u00e3o, depois da <a rel=\"noreferrer noopener\" href=\"https:\/\/agenciabrasil.ebc.com.br\/geral\/noticia\/2018-09\/incendio-atinge-museu-nacional-no-rio-de-janeiro\" target=\"_blank\">trag\u00e9dia de setembro de 2018<\/a>, quando um inc\u00eandio liquidou o acervo hist\u00f3rico e quase fez ruir as fachadas.<\/p>\n\n\n\n<blockquote class=\"wp-block-quote is-layout-flow wp-block-quote-is-layout-flow\"><p>Estamos assinando um termo de coopera\u00e7\u00e3o com a Funda\u00e7\u00e3o Vale, Unesco e UFRJ, com a Vale j\u00e1 aportando R$ 50 milh\u00f5es nesse novo modelo de governan\u00e7a. J\u00e1 arrecadamos cerca de metade do que \u00e9 necess\u00e1rio. N\u00f3s temos o or\u00e7amento at\u00e9 2022. A partir da\u00ed, [para financiar] toda a arquitetura interna, a recomposi\u00e7\u00e3o do acervo e as exposi\u00e7\u00f5es, n\u00f3s precisaremos de mais aportes financeiros\u201d, disse a reitora da UFRJ, Denise Pires de Carvalho.<\/p><\/blockquote>\n\n\n\n<p><br> A reabertura plena da institui\u00e7\u00e3o s\u00f3 dever\u00e1 ocorrer em 2025. O diretor do Museu Nacional, Alexander Kellner, considerou que os recursos j\u00e1 garantidos s\u00e3o um bom come\u00e7o, mas lembrou que ainda h\u00e1 uma longa jornada pela frente, quando ser\u00e3o necess\u00e1rios maiores aportes financeiros, para recuperar, ainda que parcialmente, a import\u00e2ncia que o Museu Nacional possu\u00eda.<\/p>\n\n\n\n<blockquote class=\"wp-block-quote is-layout-flow wp-block-quote-is-layout-flow\"><p> Um dos desafios \u00e9 a recomposi\u00e7\u00e3o das nossas cole\u00e7\u00f5es e isso n\u00e3o conseguimos fazer s\u00f3 com as pessoas daqui. Precisamos de aux\u00edlio externo. Tivemos uma carta-aberta, publicada por 26 institui\u00e7\u00f5es cient\u00edficas alem\u00e3s, se comprometendo a ajudar o museu e ponderando a possibilidade de doar novos exemplares. Por\u00e9m, n\u00f3s temos que merecer isso. S\u00f3 quando tivermos um pal\u00e1cio com as melhores condi\u00e7\u00f5es de seguran\u00e7a, para que trag\u00e9dias como a de 2 de setembro de 2018 n\u00e3o aconte\u00e7am jamais\u201d, destacou Kellner. <\/p><\/blockquote>\n\n\n\n<p>Dos R$ 164 milh\u00f5es aportados, R$ 55 milh\u00f5es s\u00e3o provenientes de <a rel=\"noreferrer noopener\" href=\"https:\/\/agenciabrasil.ebc.com.br\/geral\/noticia\/2018-10\/bancada-do-rio-faz-emenda-coletiva-de-r-55-milhoes-ao-museu-nacional\" target=\"_blank\">emendas de deputados federais<\/a>, R$ 50 milh\u00f5es da <a rel=\"noreferrer noopener\" href=\"https:\/\/agenciabrasil.ebc.com.br\/geral\/noticia\/2019-08\/reconstrucao-do-museu-nacional-entra-em-nova-fase\" target=\"_blank\">Vale<\/a>, R$ 21 milh\u00f5es do Banco Nacional de Desenvolvimento Econ\u00f4mico e Social (<a rel=\"noreferrer noopener\" href=\"https:\/\/agenciabrasil.ebc.com.br\/geral\/noticia\/2019-01\/bndes-altera-destinacao-de-recursos-ao-museu-nacional\" target=\"_blank\">BNDES<\/a>), R$ 20 milh\u00f5es da Assembleia Legislativa do Rio de Janeiro (<a rel=\"noreferrer noopener\" href=\"https:\/\/agenciabrasil.ebc.com.br\/geral\/noticia\/2019-10\/alerj-ajudara-na-reconstrucao-do-museu-nacional\" target=\"_blank\">Aler<\/a>j) e R$ 16 milh\u00f5es do Minist\u00e9rio da Educa\u00e7\u00e3o (<a rel=\"noreferrer noopener\" href=\"https:\/\/agenciabrasil.ebc.com.br\/geral\/noticia\/2018-09\/ministerio-da-educacao-vai-liberar-r-10-milhoes-para-museu-nacional\" target=\"_blank\">MEC<\/a>). Os valores s\u00e3o arredondados.<br> A Unesco foi representada por sua diretora e representante no Brasil, Marlova Jovchelovich Noleto. A Vale contou com a presen\u00e7a de seu diretor-executivo de Rela\u00e7\u00f5es Institucionais, Comunica\u00e7\u00e3o e Sustentabilidade, Luiz Eduardo Os\u00f3rio, que tamb\u00e9m \u00e9 presidente do Conselho Curador da Funda\u00e7\u00e3o Vale.<\/p>\n\n\n\n<p><strong><em>Fonte: Ag\u00eancia Brasil<\/em><\/strong><\/p>\n","protected":false},"excerpt":{"rendered":"<p>A institui\u00e7\u00e3o j\u00e1 captou R$ 164 milh\u00f5es para obras de reconstru\u00e7\u00e3o O Museu Nacional estar\u00e1 parcialmente de portas abertas em 2022, quando se comemora o bicenten\u00e1rio da Independ\u00eancia. A estimativa \u00e9 dos envolvidos no projeto de recupera\u00e7\u00e3o, que deu um passo importante nesta ter\u00e7a-feira (3) com a assinatura do termo da estrutura de governan\u00e7a, incluindo [&hellip;]<\/p>\n","protected":false},"author":2,"featured_media":1731,"comment_status":"open","ping_status":"open","sticky":false,"template":"","format":"standard","meta":{"footnotes":""},"categories":[4],"tags":[287,288,289,290],"class_list":["post-1730","post","type-post","status-publish","format-standard","has-post-thumbnail","hentry","category-cultura","tag-incendio","tag-museu-nacional","tag-rio-de-janeiro","tag-vale"],"yoast_head":"<!-- This site is optimized with the Yoast SEO plugin v26.5 - https:\/\/yoast.com\/wordpress\/plugins\/seo\/ -->\n<title>Museu Nacional reabrir\u00e1 parcialmente em 2022 - Jornal Fatos e Not\u00edcias<\/title>\n<meta name=\"robots\" content=\"index, follow, max-snippet:-1, max-image-preview:large, max-video-preview:-1\" \/>\n<link rel=\"canonical\" href=\"https:\/\/jornalfatosenoticias.com.br\/index.php\/2020\/03\/04\/museu-nacional-reabrira-parcialmente-em-2022\/\" \/>\n<meta property=\"og:locale\" content=\"pt_BR\" \/>\n<meta property=\"og:type\" content=\"article\" \/>\n<meta property=\"og:title\" content=\"Museu Nacional reabrir\u00e1 parcialmente em 2022 - Jornal Fatos e Not\u00edcias\" \/>\n<meta property=\"og:description\" content=\"A institui\u00e7\u00e3o j\u00e1 captou R$ 164 milh\u00f5es para obras de reconstru\u00e7\u00e3o O Museu Nacional estar\u00e1 parcialmente de portas abertas em 2022, quando se comemora o bicenten\u00e1rio da Independ\u00eancia. A estimativa \u00e9 dos envolvidos no projeto de recupera\u00e7\u00e3o, que deu um passo importante nesta ter\u00e7a-feira (3) com a assinatura do termo da estrutura de governan\u00e7a, incluindo [&hellip;]\" \/>\n<meta property=\"og:url\" content=\"https:\/\/jornalfatosenoticias.com.br\/index.php\/2020\/03\/04\/museu-nacional-reabrira-parcialmente-em-2022\/\" \/>\n<meta property=\"og:site_name\" content=\"Jornal Fatos e Not\u00edcias\" \/>\n<meta property=\"article:published_time\" content=\"2020-03-04T13:07:55+00:00\" \/>\n<meta property=\"article:modified_time\" content=\"2020-03-04T13:08:01+00:00\" \/>\n<meta property=\"og:image\" content=\"https:\/\/jornalfatosenoticias.com.br\/wp-content\/uploads\/2020\/03\/tnrgo_abr_mueseu-nacional.jpg\" \/>\n\t<meta property=\"og:image:width\" content=\"1170\" \/>\n\t<meta property=\"og:image:height\" content=\"700\" \/>\n\t<meta property=\"og:image:type\" content=\"image\/jpeg\" \/>\n<meta name=\"author\" content=\"Luzimara Fernandes\" \/>\n<meta name=\"twitter:card\" content=\"summary_large_image\" \/>\n<meta name=\"twitter:label1\" content=\"Escrito por\" \/>\n\t<meta name=\"twitter:data1\" content=\"Luzimara Fernandes\" \/>\n\t<meta name=\"twitter:label2\" content=\"Est. tempo de leitura\" \/>\n\t<meta name=\"twitter:data2\" content=\"2 minutos\" \/>\n<script type=\"application\/ld+json\" class=\"yoast-schema-graph\">{\"@context\":\"https:\/\/schema.org\",\"@graph\":[{\"@type\":\"Article\",\"@id\":\"https:\/\/jornalfatosenoticias.com.br\/index.php\/2020\/03\/04\/museu-nacional-reabrira-parcialmente-em-2022\/#article\",\"isPartOf\":{\"@id\":\"https:\/\/jornalfatosenoticias.com.br\/index.php\/2020\/03\/04\/museu-nacional-reabrira-parcialmente-em-2022\/\"},\"author\":{\"name\":\"Luzimara Fernandes\",\"@id\":\"https:\/\/jornalfatosenoticias.com.br\/#\/schema\/person\/d63837fa13ac8666eb9e74e0985d6f81\"},\"headline\":\"Museu Nacional reabrir\u00e1 parcialmente em 2022\",\"datePublished\":\"2020-03-04T13:07:55+00:00\",\"dateModified\":\"2020-03-04T13:08:01+00:00\",\"mainEntityOfPage\":{\"@id\":\"https:\/\/jornalfatosenoticias.com.br\/index.php\/2020\/03\/04\/museu-nacional-reabrira-parcialmente-em-2022\/\"},\"wordCount\":488,\"commentCount\":0,\"publisher\":{\"@id\":\"https:\/\/jornalfatosenoticias.com.br\/#organization\"},\"image\":{\"@id\":\"https:\/\/jornalfatosenoticias.com.br\/index.php\/2020\/03\/04\/museu-nacional-reabrira-parcialmente-em-2022\/#primaryimage\"},\"thumbnailUrl\":\"https:\/\/jornalfatosenoticias.com.br\/wp-content\/uploads\/2020\/03\/tnrgo_abr_mueseu-nacional.jpg\",\"keywords\":[\"inc\u00eandio\",\"Museu Nacional\",\"Rio de Janeiro\",\"Vale\"],\"articleSection\":[\"Cultura\"],\"inLanguage\":\"pt-BR\",\"potentialAction\":[{\"@type\":\"CommentAction\",\"name\":\"Comment\",\"target\":[\"https:\/\/jornalfatosenoticias.com.br\/index.php\/2020\/03\/04\/museu-nacional-reabrira-parcialmente-em-2022\/#respond\"]}]},{\"@type\":\"WebPage\",\"@id\":\"https:\/\/jornalfatosenoticias.com.br\/index.php\/2020\/03\/04\/museu-nacional-reabrira-parcialmente-em-2022\/\",\"url\":\"https:\/\/jornalfatosenoticias.com.br\/index.php\/2020\/03\/04\/museu-nacional-reabrira-parcialmente-em-2022\/\",\"name\":\"Museu Nacional reabrir\u00e1 parcialmente em 2022 - Jornal Fatos e Not\u00edcias\",\"isPartOf\":{\"@id\":\"https:\/\/jornalfatosenoticias.com.br\/#website\"},\"primaryImageOfPage\":{\"@id\":\"https:\/\/jornalfatosenoticias.com.br\/index.php\/2020\/03\/04\/museu-nacional-reabrira-parcialmente-em-2022\/#primaryimage\"},\"image\":{\"@id\":\"https:\/\/jornalfatosenoticias.com.br\/index.php\/2020\/03\/04\/museu-nacional-reabrira-parcialmente-em-2022\/#primaryimage\"},\"thumbnailUrl\":\"https:\/\/jornalfatosenoticias.com.br\/wp-content\/uploads\/2020\/03\/tnrgo_abr_mueseu-nacional.jpg\",\"datePublished\":\"2020-03-04T13:07:55+00:00\",\"dateModified\":\"2020-03-04T13:08:01+00:00\",\"breadcrumb\":{\"@id\":\"https:\/\/jornalfatosenoticias.com.br\/index.php\/2020\/03\/04\/museu-nacional-reabrira-parcialmente-em-2022\/#breadcrumb\"},\"inLanguage\":\"pt-BR\",\"potentialAction\":[{\"@type\":\"ReadAction\",\"target\":[\"https:\/\/jornalfatosenoticias.com.br\/index.php\/2020\/03\/04\/museu-nacional-reabrira-parcialmente-em-2022\/\"]}]},{\"@type\":\"ImageObject\",\"inLanguage\":\"pt-BR\",\"@id\":\"https:\/\/jornalfatosenoticias.com.br\/index.php\/2020\/03\/04\/museu-nacional-reabrira-parcialmente-em-2022\/#primaryimage\",\"url\":\"https:\/\/jornalfatosenoticias.com.br\/wp-content\/uploads\/2020\/03\/tnrgo_abr_mueseu-nacional.jpg\",\"contentUrl\":\"https:\/\/jornalfatosenoticias.com.br\/wp-content\/uploads\/2020\/03\/tnrgo_abr_mueseu-nacional.jpg\",\"width\":1170,\"height\":700,\"caption\":\"Pela primeira vez, cinco meses ap\u00f3s o inc\u00eandio, o pal\u00e1cio que abrigava o Museu Nacional do Rio de Janeiro, foi aberto para a imprensa, e parte do acervo recuperado foi apresentado.\"},{\"@type\":\"BreadcrumbList\",\"@id\":\"https:\/\/jornalfatosenoticias.com.br\/index.php\/2020\/03\/04\/museu-nacional-reabrira-parcialmente-em-2022\/#breadcrumb\",\"itemListElement\":[{\"@type\":\"ListItem\",\"position\":1,\"name\":\"In\u00edcio\",\"item\":\"https:\/\/jornalfatosenoticias.com.br\/\"},{\"@type\":\"ListItem\",\"position\":2,\"name\":\"Museu Nacional reabrir\u00e1 parcialmente em 2022\"}]},{\"@type\":\"WebSite\",\"@id\":\"https:\/\/jornalfatosenoticias.com.br\/#website\",\"url\":\"https:\/\/jornalfatosenoticias.com.br\/\",\"name\":\"Jornal Fatos e Not\u00edcias\",\"description\":\"Not\u00edcias em geral\",\"publisher\":{\"@id\":\"https:\/\/jornalfatosenoticias.com.br\/#organization\"},\"potentialAction\":[{\"@type\":\"SearchAction\",\"target\":{\"@type\":\"EntryPoint\",\"urlTemplate\":\"https:\/\/jornalfatosenoticias.com.br\/?s={search_term_string}\"},\"query-input\":{\"@type\":\"PropertyValueSpecification\",\"valueRequired\":true,\"valueName\":\"search_term_string\"}}],\"inLanguage\":\"pt-BR\"},{\"@type\":\"Organization\",\"@id\":\"https:\/\/jornalfatosenoticias.com.br\/#organization\",\"name\":\"Jornal Fatos e Not\u00edcias\",\"url\":\"https:\/\/jornalfatosenoticias.com.br\/\",\"logo\":{\"@type\":\"ImageObject\",\"inLanguage\":\"pt-BR\",\"@id\":\"https:\/\/jornalfatosenoticias.com.br\/#\/schema\/logo\/image\/\",\"url\":\"https:\/\/jornalfatosenoticias.com.br\/wp-content\/uploads\/2020\/02\/logo120.png\",\"contentUrl\":\"https:\/\/jornalfatosenoticias.com.br\/wp-content\/uploads\/2020\/02\/logo120.png\",\"width\":1227,\"height\":120,\"caption\":\"Jornal Fatos e Not\u00edcias\"},\"image\":{\"@id\":\"https:\/\/jornalfatosenoticias.com.br\/#\/schema\/logo\/image\/\"}},{\"@type\":\"Person\",\"@id\":\"https:\/\/jornalfatosenoticias.com.br\/#\/schema\/person\/d63837fa13ac8666eb9e74e0985d6f81\",\"name\":\"Luzimara Fernandes\",\"image\":{\"@type\":\"ImageObject\",\"inLanguage\":\"pt-BR\",\"@id\":\"https:\/\/jornalfatosenoticias.com.br\/#\/schema\/person\/image\/\",\"url\":\"https:\/\/jornalfatosenoticias.com.br\/wp-content\/uploads\/2025\/05\/EU_portal.jpg\",\"contentUrl\":\"https:\/\/jornalfatosenoticias.com.br\/wp-content\/uploads\/2025\/05\/EU_portal.jpg\",\"caption\":\"Luzimara Fernandes\"},\"description\":\"Jornalista MTB 2358-ES\",\"sameAs\":[\"https:\/\/jornalfatosenoticias.com.br\"],\"url\":\"https:\/\/jornalfatosenoticias.com.br\/index.php\/author\/luzimara\/\"}]}<\/script>\n<!-- \/ Yoast SEO plugin. -->","yoast_head_json":{"title":"Museu Nacional reabrir\u00e1 parcialmente em 2022 - Jornal Fatos e Not\u00edcias","robots":{"index":"index","follow":"follow","max-snippet":"max-snippet:-1","max-image-preview":"max-image-preview:large","max-video-preview":"max-video-preview:-1"},"canonical":"https:\/\/jornalfatosenoticias.com.br\/index.php\/2020\/03\/04\/museu-nacional-reabrira-parcialmente-em-2022\/","og_locale":"pt_BR","og_type":"article","og_title":"Museu Nacional reabrir\u00e1 parcialmente em 2022 - Jornal Fatos e Not\u00edcias","og_description":"A institui\u00e7\u00e3o j\u00e1 captou R$ 164 milh\u00f5es para obras de reconstru\u00e7\u00e3o O Museu Nacional estar\u00e1 parcialmente de portas abertas em 2022, quando se comemora o bicenten\u00e1rio da Independ\u00eancia. A estimativa \u00e9 dos envolvidos no projeto de recupera\u00e7\u00e3o, que deu um passo importante nesta ter\u00e7a-feira (3) com a assinatura do termo da estrutura de governan\u00e7a, incluindo [&hellip;]","og_url":"https:\/\/jornalfatosenoticias.com.br\/index.php\/2020\/03\/04\/museu-nacional-reabrira-parcialmente-em-2022\/","og_site_name":"Jornal Fatos e Not\u00edcias","article_published_time":"2020-03-04T13:07:55+00:00","article_modified_time":"2020-03-04T13:08:01+00:00","og_image":[{"width":1170,"height":700,"url":"https:\/\/jornalfatosenoticias.com.br\/wp-content\/uploads\/2020\/03\/tnrgo_abr_mueseu-nacional.jpg","type":"image\/jpeg"}],"author":"Luzimara Fernandes","twitter_card":"summary_large_image","twitter_misc":{"Escrito por":"Luzimara Fernandes","Est. tempo de leitura":"2 minutos"},"schema":{"@context":"https:\/\/schema.org","@graph":[{"@type":"Article","@id":"https:\/\/jornalfatosenoticias.com.br\/index.php\/2020\/03\/04\/museu-nacional-reabrira-parcialmente-em-2022\/#article","isPartOf":{"@id":"https:\/\/jornalfatosenoticias.com.br\/index.php\/2020\/03\/04\/museu-nacional-reabrira-parcialmente-em-2022\/"},"author":{"name":"Luzimara Fernandes","@id":"https:\/\/jornalfatosenoticias.com.br\/#\/schema\/person\/d63837fa13ac8666eb9e74e0985d6f81"},"headline":"Museu Nacional reabrir\u00e1 parcialmente em 2022","datePublished":"2020-03-04T13:07:55+00:00","dateModified":"2020-03-04T13:08:01+00:00","mainEntityOfPage":{"@id":"https:\/\/jornalfatosenoticias.com.br\/index.php\/2020\/03\/04\/museu-nacional-reabrira-parcialmente-em-2022\/"},"wordCount":488,"commentCount":0,"publisher":{"@id":"https:\/\/jornalfatosenoticias.com.br\/#organization"},"image":{"@id":"https:\/\/jornalfatosenoticias.com.br\/index.php\/2020\/03\/04\/museu-nacional-reabrira-parcialmente-em-2022\/#primaryimage"},"thumbnailUrl":"https:\/\/jornalfatosenoticias.com.br\/wp-content\/uploads\/2020\/03\/tnrgo_abr_mueseu-nacional.jpg","keywords":["inc\u00eandio","Museu Nacional","Rio de Janeiro","Vale"],"articleSection":["Cultura"],"inLanguage":"pt-BR","potentialAction":[{"@type":"CommentAction","name":"Comment","target":["https:\/\/jornalfatosenoticias.com.br\/index.php\/2020\/03\/04\/museu-nacional-reabrira-parcialmente-em-2022\/#respond"]}]},{"@type":"WebPage","@id":"https:\/\/jornalfatosenoticias.com.br\/index.php\/2020\/03\/04\/museu-nacional-reabrira-parcialmente-em-2022\/","url":"https:\/\/jornalfatosenoticias.com.br\/index.php\/2020\/03\/04\/museu-nacional-reabrira-parcialmente-em-2022\/","name":"Museu Nacional reabrir\u00e1 parcialmente em 2022 - Jornal Fatos e Not\u00edcias","isPartOf":{"@id":"https:\/\/jornalfatosenoticias.com.br\/#website"},"primaryImageOfPage":{"@id":"https:\/\/jornalfatosenoticias.com.br\/index.php\/2020\/03\/04\/museu-nacional-reabrira-parcialmente-em-2022\/#primaryimage"},"image":{"@id":"https:\/\/jornalfatosenoticias.com.br\/index.php\/2020\/03\/04\/museu-nacional-reabrira-parcialmente-em-2022\/#primaryimage"},"thumbnailUrl":"https:\/\/jornalfatosenoticias.com.br\/wp-content\/uploads\/2020\/03\/tnrgo_abr_mueseu-nacional.jpg","datePublished":"2020-03-04T13:07:55+00:00","dateModified":"2020-03-04T13:08:01+00:00","breadcrumb":{"@id":"https:\/\/jornalfatosenoticias.com.br\/index.php\/2020\/03\/04\/museu-nacional-reabrira-parcialmente-em-2022\/#breadcrumb"},"inLanguage":"pt-BR","potentialAction":[{"@type":"ReadAction","target":["https:\/\/jornalfatosenoticias.com.br\/index.php\/2020\/03\/04\/museu-nacional-reabrira-parcialmente-em-2022\/"]}]},{"@type":"ImageObject","inLanguage":"pt-BR","@id":"https:\/\/jornalfatosenoticias.com.br\/index.php\/2020\/03\/04\/museu-nacional-reabrira-parcialmente-em-2022\/#primaryimage","url":"https:\/\/jornalfatosenoticias.com.br\/wp-content\/uploads\/2020\/03\/tnrgo_abr_mueseu-nacional.jpg","contentUrl":"https:\/\/jornalfatosenoticias.com.br\/wp-content\/uploads\/2020\/03\/tnrgo_abr_mueseu-nacional.jpg","width":1170,"height":700,"caption":"Pela primeira vez, cinco meses ap\u00f3s o inc\u00eandio, o pal\u00e1cio que abrigava o Museu Nacional do Rio de Janeiro, foi aberto para a imprensa, e parte do acervo recuperado foi apresentado."},{"@type":"BreadcrumbList","@id":"https:\/\/jornalfatosenoticias.com.br\/index.php\/2020\/03\/04\/museu-nacional-reabrira-parcialmente-em-2022\/#breadcrumb","itemListElement":[{"@type":"ListItem","position":1,"name":"In\u00edcio","item":"https:\/\/jornalfatosenoticias.com.br\/"},{"@type":"ListItem","position":2,"name":"Museu Nacional reabrir\u00e1 parcialmente em 2022"}]},{"@type":"WebSite","@id":"https:\/\/jornalfatosenoticias.com.br\/#website","url":"https:\/\/jornalfatosenoticias.com.br\/","name":"Jornal Fatos e Not\u00edcias","description":"Not\u00edcias em geral","publisher":{"@id":"https:\/\/jornalfatosenoticias.com.br\/#organization"},"potentialAction":[{"@type":"SearchAction","target":{"@type":"EntryPoint","urlTemplate":"https:\/\/jornalfatosenoticias.com.br\/?s={search_term_string}"},"query-input":{"@type":"PropertyValueSpecification","valueRequired":true,"valueName":"search_term_string"}}],"inLanguage":"pt-BR"},{"@type":"Organization","@id":"https:\/\/jornalfatosenoticias.com.br\/#organization","name":"Jornal Fatos e Not\u00edcias","url":"https:\/\/jornalfatosenoticias.com.br\/","logo":{"@type":"ImageObject","inLanguage":"pt-BR","@id":"https:\/\/jornalfatosenoticias.com.br\/#\/schema\/logo\/image\/","url":"https:\/\/jornalfatosenoticias.com.br\/wp-content\/uploads\/2020\/02\/logo120.png","contentUrl":"https:\/\/jornalfatosenoticias.com.br\/wp-content\/uploads\/2020\/02\/logo120.png","width":1227,"height":120,"caption":"Jornal Fatos e Not\u00edcias"},"image":{"@id":"https:\/\/jornalfatosenoticias.com.br\/#\/schema\/logo\/image\/"}},{"@type":"Person","@id":"https:\/\/jornalfatosenoticias.com.br\/#\/schema\/person\/d63837fa13ac8666eb9e74e0985d6f81","name":"Luzimara Fernandes","image":{"@type":"ImageObject","inLanguage":"pt-BR","@id":"https:\/\/jornalfatosenoticias.com.br\/#\/schema\/person\/image\/","url":"https:\/\/jornalfatosenoticias.com.br\/wp-content\/uploads\/2025\/05\/EU_portal.jpg","contentUrl":"https:\/\/jornalfatosenoticias.com.br\/wp-content\/uploads\/2025\/05\/EU_portal.jpg","caption":"Luzimara Fernandes"},"description":"Jornalista MTB 2358-ES","sameAs":["https:\/\/jornalfatosenoticias.com.br"],"url":"https:\/\/jornalfatosenoticias.com.br\/index.php\/author\/luzimara\/"}]}},"cc_featured_image_caption":{"caption_text":"A reabertura plena da institui\u00e7\u00e3o s\u00f3 dever\u00e1 ocorrer em 2025 (Foto: \u00a9T\u00e2nia R\u00eago\/Ag\u00eancia Brasil)","source_text":"","source_url":""},"jetpack_featured_media_url":"https:\/\/jornalfatosenoticias.com.br\/wp-content\/uploads\/2020\/03\/tnrgo_abr_mueseu-nacional.jpg","_links":{"self":[{"href":"https:\/\/jornalfatosenoticias.com.br\/index.php\/wp-json\/wp\/v2\/posts\/1730","targetHints":{"allow":["GET"]}}],"collection":[{"href":"https:\/\/jornalfatosenoticias.com.br\/index.php\/wp-json\/wp\/v2\/posts"}],"about":[{"href":"https:\/\/jornalfatosenoticias.com.br\/index.php\/wp-json\/wp\/v2\/types\/post"}],"author":[{"embeddable":true,"href":"https:\/\/jornalfatosenoticias.com.br\/index.php\/wp-json\/wp\/v2\/users\/2"}],"replies":[{"embeddable":true,"href":"https:\/\/jornalfatosenoticias.com.br\/index.php\/wp-json\/wp\/v2\/comments?post=1730"}],"version-history":[{"count":0,"href":"https:\/\/jornalfatosenoticias.com.br\/index.php\/wp-json\/wp\/v2\/posts\/1730\/revisions"}],"wp:featuredmedia":[{"embeddable":true,"href":"https:\/\/jornalfatosenoticias.com.br\/index.php\/wp-json\/wp\/v2\/media\/1731"}],"wp:attachment":[{"href":"https:\/\/jornalfatosenoticias.com.br\/index.php\/wp-json\/wp\/v2\/media?parent=1730"}],"wp:term":[{"taxonomy":"category","embeddable":true,"href":"https:\/\/jornalfatosenoticias.com.br\/index.php\/wp-json\/wp\/v2\/categories?post=1730"},{"taxonomy":"post_tag","embeddable":true,"href":"https:\/\/jornalfatosenoticias.com.br\/index.php\/wp-json\/wp\/v2\/tags?post=1730"}],"curies":[{"name":"wp","href":"https:\/\/api.w.org\/{rel}","templated":true}]}}