{"id":17326,"date":"2021-04-22T15:32:14","date_gmt":"2021-04-22T18:32:14","guid":{"rendered":"https:\/\/jornalfatosenoticias.com.br\/?p=17326"},"modified":"2021-04-22T15:32:19","modified_gmt":"2021-04-22T18:32:19","slug":"prefeito-de-fundao-participa-de-reuniao-com-consultores-do-segmento-turistico","status":"publish","type":"post","link":"https:\/\/jornalfatosenoticias.com.br\/index.php\/2021\/04\/22\/prefeito-de-fundao-participa-de-reuniao-com-consultores-do-segmento-turistico\/","title":{"rendered":"Prefeito de Fund\u00e3o participa de reuni\u00e3o com consultores do segmento tur\u00edstico"},"content":{"rendered":"\n<p>O prefeito de Fund\u00e3o, Gilmar Borges, participou, nesta quarta-feira (21), de uma reuni\u00e3o com diretoras da empresa 2+ Consultoria &amp; Projetos \u2014 Turismo e Cultura, para buscar possibilidades de alavancar o turismo no munic\u00edpio. A reuni\u00e3o contou com a participa\u00e7\u00e3o do vice-prefeito Murilo, do subsecret\u00e1rio de Turismo, F\u00e1bio Samora, do vereador Neg\u00e3o do Bloco e dos empres\u00e1rios Adriano Merlo, Marcelo Novaes e Alexandre Lopes.<br>Em sua fala, Gilmar Borges falou da gest\u00e3o humanizada. \u201cSempre tive o pensamento nas pessoas, sabemos do potencial tur\u00edstico de Fund\u00e3o, temos litoral e regi\u00e3o de montanha, mas para que o turismo aconte\u00e7a de verdade nas nossas riquezas naturais, precisamos buscar profissionais competentes, com conhecimento t\u00e9cnico para nos colocar no caminho certo, s\u00f3 assim caminharemos com seguran\u00e7a\u201d. Gilmar destacou, ainda, a import\u00e2ncia da parceria com o Servi\u00e7o Brasileiro de Apoio \u00e0s micro e Pequenas Empresas (Sebrae). \u201cA chancela do Sebrae nos fortalece na busca de recursos e fundos para realizarmos os projetos necess\u00e1rios no segmento tur\u00edstico\u201d, completou o prefeito.<br>Para o vice, Murilo, a administra\u00e7\u00e3o precisa de suporte t\u00e9cnico. \u201cPrecisamos de pessoas com conhecimento t\u00e9cnico e, com esse suporte, vamos poder olhar mais amplamente para as possiblidades\u201d.<br>Para as consultoras convidadas, C\u00e1ssia Coppo Felisberto e Geo Maya, o munic\u00edpio tem um potencial gigantesco e, para elas, o caminho \u00e9 esse mesmo: priorizar as pessoas. \u201cLugar de turista \u00e9 o lugar onde os moradores s\u00e3o felizes\u2026 Turismo \u00e9 desenvolvimento econ\u00f4mico, \u00e9 atividade que gera renda para as pessoas e receita ao munic\u00edpio\u201d, explicaram.<\/p>\n","protected":false},"excerpt":{"rendered":"<p>O prefeito de Fund\u00e3o, Gilmar Borges, participou, nesta quarta-feira (21), de uma reuni\u00e3o com diretoras da empresa 2+ Consultoria &amp; Projetos \u2014 Turismo e Cultura, para buscar possibilidades de alavancar o turismo no munic\u00edpio. A reuni\u00e3o contou com a participa\u00e7\u00e3o do vice-prefeito Murilo, do subsecret\u00e1rio de Turismo, F\u00e1bio Samora, do vereador Neg\u00e3o do Bloco e [&hellip;]<\/p>\n","protected":false},"author":3,"featured_media":17327,"comment_status":"open","ping_status":"open","sticky":false,"template":"","format":"standard","meta":{"footnotes":""},"categories":[10],"tags":[547,560,1853],"class_list":["post-17326","post","type-post","status-publish","format-standard","has-post-thumbnail","hentry","category-politica","tag-desenvolvimento","tag-fundao","tag-turismo"],"yoast_head":"<!-- This site is optimized with the Yoast SEO plugin v26.5 - https:\/\/yoast.com\/wordpress\/plugins\/seo\/ -->\n<title>Prefeito de Fund\u00e3o participa de reuni\u00e3o com consultores do segmento tur\u00edstico - Jornal Fatos e Not\u00edcias<\/title>\n<meta name=\"robots\" content=\"index, follow, max-snippet:-1, max-image-preview:large, max-video-preview:-1\" \/>\n<link rel=\"canonical\" href=\"https:\/\/jornalfatosenoticias.com.br\/index.php\/2021\/04\/22\/prefeito-de-fundao-participa-de-reuniao-com-consultores-do-segmento-turistico\/\" \/>\n<meta property=\"og:locale\" content=\"pt_BR\" \/>\n<meta property=\"og:type\" content=\"article\" \/>\n<meta property=\"og:title\" content=\"Prefeito de Fund\u00e3o participa de reuni\u00e3o com consultores do segmento tur\u00edstico - Jornal Fatos e Not\u00edcias\" \/>\n<meta property=\"og:description\" content=\"O prefeito de Fund\u00e3o, Gilmar Borges, participou, nesta quarta-feira (21), de uma reuni\u00e3o com diretoras da empresa 2+ Consultoria &amp; Projetos \u2014 Turismo e Cultura, para buscar possibilidades de alavancar o turismo no munic\u00edpio. A reuni\u00e3o contou com a participa\u00e7\u00e3o do vice-prefeito Murilo, do subsecret\u00e1rio de Turismo, F\u00e1bio Samora, do vereador Neg\u00e3o do Bloco e [&hellip;]\" \/>\n<meta property=\"og:url\" content=\"https:\/\/jornalfatosenoticias.com.br\/index.php\/2021\/04\/22\/prefeito-de-fundao-participa-de-reuniao-com-consultores-do-segmento-turistico\/\" \/>\n<meta property=\"og:site_name\" content=\"Jornal Fatos e Not\u00edcias\" \/>\n<meta property=\"article:published_time\" content=\"2021-04-22T18:32:14+00:00\" \/>\n<meta property=\"article:modified_time\" content=\"2021-04-22T18:32:19+00:00\" \/>\n<meta property=\"og:image\" content=\"https:\/\/jornalfatosenoticias.com.br\/wp-content\/uploads\/2021\/04\/fabio-e-geo-editado.jpg\" \/>\n\t<meta property=\"og:image:width\" content=\"1000\" \/>\n\t<meta property=\"og:image:height\" content=\"666\" \/>\n\t<meta property=\"og:image:type\" content=\"image\/jpeg\" \/>\n<meta name=\"author\" content=\"Haroldo Filho\" \/>\n<meta name=\"twitter:card\" content=\"summary_large_image\" \/>\n<meta name=\"twitter:label1\" content=\"Escrito por\" \/>\n\t<meta name=\"twitter:data1\" content=\"Haroldo Filho\" \/>\n\t<meta name=\"twitter:label2\" content=\"Est. tempo de leitura\" \/>\n\t<meta name=\"twitter:data2\" content=\"1 minuto\" \/>\n<script type=\"application\/ld+json\" class=\"yoast-schema-graph\">{\"@context\":\"https:\/\/schema.org\",\"@graph\":[{\"@type\":\"Article\",\"@id\":\"https:\/\/jornalfatosenoticias.com.br\/index.php\/2021\/04\/22\/prefeito-de-fundao-participa-de-reuniao-com-consultores-do-segmento-turistico\/#article\",\"isPartOf\":{\"@id\":\"https:\/\/jornalfatosenoticias.com.br\/index.php\/2021\/04\/22\/prefeito-de-fundao-participa-de-reuniao-com-consultores-do-segmento-turistico\/\"},\"author\":{\"name\":\"Haroldo Filho\",\"@id\":\"https:\/\/jornalfatosenoticias.com.br\/#\/schema\/person\/05c46cc25b42a5c27e004fb0fa6b4965\"},\"headline\":\"Prefeito de Fund\u00e3o participa de reuni\u00e3o com consultores do segmento tur\u00edstico\",\"datePublished\":\"2021-04-22T18:32:14+00:00\",\"dateModified\":\"2021-04-22T18:32:19+00:00\",\"mainEntityOfPage\":{\"@id\":\"https:\/\/jornalfatosenoticias.com.br\/index.php\/2021\/04\/22\/prefeito-de-fundao-participa-de-reuniao-com-consultores-do-segmento-turistico\/\"},\"wordCount\":281,\"commentCount\":0,\"publisher\":{\"@id\":\"https:\/\/jornalfatosenoticias.com.br\/#organization\"},\"image\":{\"@id\":\"https:\/\/jornalfatosenoticias.com.br\/index.php\/2021\/04\/22\/prefeito-de-fundao-participa-de-reuniao-com-consultores-do-segmento-turistico\/#primaryimage\"},\"thumbnailUrl\":\"https:\/\/jornalfatosenoticias.com.br\/wp-content\/uploads\/2021\/04\/fabio-e-geo-editado.jpg\",\"keywords\":[\"desenvolvimento\",\"Fund\u00e3o\",\"Turismo\"],\"articleSection\":[\"Pol\u00edtica\"],\"inLanguage\":\"pt-BR\",\"potentialAction\":[{\"@type\":\"CommentAction\",\"name\":\"Comment\",\"target\":[\"https:\/\/jornalfatosenoticias.com.br\/index.php\/2021\/04\/22\/prefeito-de-fundao-participa-de-reuniao-com-consultores-do-segmento-turistico\/#respond\"]}]},{\"@type\":\"WebPage\",\"@id\":\"https:\/\/jornalfatosenoticias.com.br\/index.php\/2021\/04\/22\/prefeito-de-fundao-participa-de-reuniao-com-consultores-do-segmento-turistico\/\",\"url\":\"https:\/\/jornalfatosenoticias.com.br\/index.php\/2021\/04\/22\/prefeito-de-fundao-participa-de-reuniao-com-consultores-do-segmento-turistico\/\",\"name\":\"Prefeito de Fund\u00e3o participa de reuni\u00e3o com consultores do segmento tur\u00edstico - Jornal Fatos e Not\u00edcias\",\"isPartOf\":{\"@id\":\"https:\/\/jornalfatosenoticias.com.br\/#website\"},\"primaryImageOfPage\":{\"@id\":\"https:\/\/jornalfatosenoticias.com.br\/index.php\/2021\/04\/22\/prefeito-de-fundao-participa-de-reuniao-com-consultores-do-segmento-turistico\/#primaryimage\"},\"image\":{\"@id\":\"https:\/\/jornalfatosenoticias.com.br\/index.php\/2021\/04\/22\/prefeito-de-fundao-participa-de-reuniao-com-consultores-do-segmento-turistico\/#primaryimage\"},\"thumbnailUrl\":\"https:\/\/jornalfatosenoticias.com.br\/wp-content\/uploads\/2021\/04\/fabio-e-geo-editado.jpg\",\"datePublished\":\"2021-04-22T18:32:14+00:00\",\"dateModified\":\"2021-04-22T18:32:19+00:00\",\"breadcrumb\":{\"@id\":\"https:\/\/jornalfatosenoticias.com.br\/index.php\/2021\/04\/22\/prefeito-de-fundao-participa-de-reuniao-com-consultores-do-segmento-turistico\/#breadcrumb\"},\"inLanguage\":\"pt-BR\",\"potentialAction\":[{\"@type\":\"ReadAction\",\"target\":[\"https:\/\/jornalfatosenoticias.com.br\/index.php\/2021\/04\/22\/prefeito-de-fundao-participa-de-reuniao-com-consultores-do-segmento-turistico\/\"]}]},{\"@type\":\"ImageObject\",\"inLanguage\":\"pt-BR\",\"@id\":\"https:\/\/jornalfatosenoticias.com.br\/index.php\/2021\/04\/22\/prefeito-de-fundao-participa-de-reuniao-com-consultores-do-segmento-turistico\/#primaryimage\",\"url\":\"https:\/\/jornalfatosenoticias.com.br\/wp-content\/uploads\/2021\/04\/fabio-e-geo-editado.jpg\",\"contentUrl\":\"https:\/\/jornalfatosenoticias.com.br\/wp-content\/uploads\/2021\/04\/fabio-e-geo-editado.jpg\",\"width\":1000,\"height\":666},{\"@type\":\"BreadcrumbList\",\"@id\":\"https:\/\/jornalfatosenoticias.com.br\/index.php\/2021\/04\/22\/prefeito-de-fundao-participa-de-reuniao-com-consultores-do-segmento-turistico\/#breadcrumb\",\"itemListElement\":[{\"@type\":\"ListItem\",\"position\":1,\"name\":\"In\u00edcio\",\"item\":\"https:\/\/jornalfatosenoticias.com.br\/\"},{\"@type\":\"ListItem\",\"position\":2,\"name\":\"Prefeito de Fund\u00e3o participa de reuni\u00e3o com consultores do segmento tur\u00edstico\"}]},{\"@type\":\"WebSite\",\"@id\":\"https:\/\/jornalfatosenoticias.com.br\/#website\",\"url\":\"https:\/\/jornalfatosenoticias.com.br\/\",\"name\":\"Jornal Fatos e Not\u00edcias\",\"description\":\"Not\u00edcias em geral\",\"publisher\":{\"@id\":\"https:\/\/jornalfatosenoticias.com.br\/#organization\"},\"potentialAction\":[{\"@type\":\"SearchAction\",\"target\":{\"@type\":\"EntryPoint\",\"urlTemplate\":\"https:\/\/jornalfatosenoticias.com.br\/?s={search_term_string}\"},\"query-input\":{\"@type\":\"PropertyValueSpecification\",\"valueRequired\":true,\"valueName\":\"search_term_string\"}}],\"inLanguage\":\"pt-BR\"},{\"@type\":\"Organization\",\"@id\":\"https:\/\/jornalfatosenoticias.com.br\/#organization\",\"name\":\"Jornal Fatos e Not\u00edcias\",\"url\":\"https:\/\/jornalfatosenoticias.com.br\/\",\"logo\":{\"@type\":\"ImageObject\",\"inLanguage\":\"pt-BR\",\"@id\":\"https:\/\/jornalfatosenoticias.com.br\/#\/schema\/logo\/image\/\",\"url\":\"https:\/\/jornalfatosenoticias.com.br\/wp-content\/uploads\/2020\/02\/logo120.png\",\"contentUrl\":\"https:\/\/jornalfatosenoticias.com.br\/wp-content\/uploads\/2020\/02\/logo120.png\",\"width\":1227,\"height\":120,\"caption\":\"Jornal Fatos e Not\u00edcias\"},\"image\":{\"@id\":\"https:\/\/jornalfatosenoticias.com.br\/#\/schema\/logo\/image\/\"}},{\"@type\":\"Person\",\"@id\":\"https:\/\/jornalfatosenoticias.com.br\/#\/schema\/person\/05c46cc25b42a5c27e004fb0fa6b4965\",\"name\":\"Haroldo Filho\",\"image\":{\"@type\":\"ImageObject\",\"inLanguage\":\"pt-BR\",\"@id\":\"https:\/\/jornalfatosenoticias.com.br\/#\/schema\/person\/image\/\",\"url\":\"https:\/\/jornalfatosenoticias.com.br\/wp-content\/uploads\/2025\/08\/WhatsApp-Image-2025-08-18-at-15.30.28-150x150.jpeg\",\"contentUrl\":\"https:\/\/jornalfatosenoticias.com.br\/wp-content\/uploads\/2025\/08\/WhatsApp-Image-2025-08-18-at-15.30.28-150x150.jpeg\",\"caption\":\"Haroldo Filho\"},\"description\":\"Jornalista \u2013 DRT: 0003818\/ES Coordenador-geral da ONG Educar para Crescer\",\"url\":\"https:\/\/jornalfatosenoticias.com.br\/index.php\/author\/haroldo\/\"}]}<\/script>\n<!-- \/ Yoast SEO plugin. -->","yoast_head_json":{"title":"Prefeito de Fund\u00e3o participa de reuni\u00e3o com consultores do segmento tur\u00edstico - Jornal Fatos e Not\u00edcias","robots":{"index":"index","follow":"follow","max-snippet":"max-snippet:-1","max-image-preview":"max-image-preview:large","max-video-preview":"max-video-preview:-1"},"canonical":"https:\/\/jornalfatosenoticias.com.br\/index.php\/2021\/04\/22\/prefeito-de-fundao-participa-de-reuniao-com-consultores-do-segmento-turistico\/","og_locale":"pt_BR","og_type":"article","og_title":"Prefeito de Fund\u00e3o participa de reuni\u00e3o com consultores do segmento tur\u00edstico - Jornal Fatos e Not\u00edcias","og_description":"O prefeito de Fund\u00e3o, Gilmar Borges, participou, nesta quarta-feira (21), de uma reuni\u00e3o com diretoras da empresa 2+ Consultoria &amp; Projetos \u2014 Turismo e Cultura, para buscar possibilidades de alavancar o turismo no munic\u00edpio. A reuni\u00e3o contou com a participa\u00e7\u00e3o do vice-prefeito Murilo, do subsecret\u00e1rio de Turismo, F\u00e1bio Samora, do vereador Neg\u00e3o do Bloco e [&hellip;]","og_url":"https:\/\/jornalfatosenoticias.com.br\/index.php\/2021\/04\/22\/prefeito-de-fundao-participa-de-reuniao-com-consultores-do-segmento-turistico\/","og_site_name":"Jornal Fatos e Not\u00edcias","article_published_time":"2021-04-22T18:32:14+00:00","article_modified_time":"2021-04-22T18:32:19+00:00","og_image":[{"width":1000,"height":666,"url":"https:\/\/jornalfatosenoticias.com.br\/wp-content\/uploads\/2021\/04\/fabio-e-geo-editado.jpg","type":"image\/jpeg"}],"author":"Haroldo Filho","twitter_card":"summary_large_image","twitter_misc":{"Escrito por":"Haroldo Filho","Est. tempo de leitura":"1 minuto"},"schema":{"@context":"https:\/\/schema.org","@graph":[{"@type":"Article","@id":"https:\/\/jornalfatosenoticias.com.br\/index.php\/2021\/04\/22\/prefeito-de-fundao-participa-de-reuniao-com-consultores-do-segmento-turistico\/#article","isPartOf":{"@id":"https:\/\/jornalfatosenoticias.com.br\/index.php\/2021\/04\/22\/prefeito-de-fundao-participa-de-reuniao-com-consultores-do-segmento-turistico\/"},"author":{"name":"Haroldo Filho","@id":"https:\/\/jornalfatosenoticias.com.br\/#\/schema\/person\/05c46cc25b42a5c27e004fb0fa6b4965"},"headline":"Prefeito de Fund\u00e3o participa de reuni\u00e3o com consultores do segmento tur\u00edstico","datePublished":"2021-04-22T18:32:14+00:00","dateModified":"2021-04-22T18:32:19+00:00","mainEntityOfPage":{"@id":"https:\/\/jornalfatosenoticias.com.br\/index.php\/2021\/04\/22\/prefeito-de-fundao-participa-de-reuniao-com-consultores-do-segmento-turistico\/"},"wordCount":281,"commentCount":0,"publisher":{"@id":"https:\/\/jornalfatosenoticias.com.br\/#organization"},"image":{"@id":"https:\/\/jornalfatosenoticias.com.br\/index.php\/2021\/04\/22\/prefeito-de-fundao-participa-de-reuniao-com-consultores-do-segmento-turistico\/#primaryimage"},"thumbnailUrl":"https:\/\/jornalfatosenoticias.com.br\/wp-content\/uploads\/2021\/04\/fabio-e-geo-editado.jpg","keywords":["desenvolvimento","Fund\u00e3o","Turismo"],"articleSection":["Pol\u00edtica"],"inLanguage":"pt-BR","potentialAction":[{"@type":"CommentAction","name":"Comment","target":["https:\/\/jornalfatosenoticias.com.br\/index.php\/2021\/04\/22\/prefeito-de-fundao-participa-de-reuniao-com-consultores-do-segmento-turistico\/#respond"]}]},{"@type":"WebPage","@id":"https:\/\/jornalfatosenoticias.com.br\/index.php\/2021\/04\/22\/prefeito-de-fundao-participa-de-reuniao-com-consultores-do-segmento-turistico\/","url":"https:\/\/jornalfatosenoticias.com.br\/index.php\/2021\/04\/22\/prefeito-de-fundao-participa-de-reuniao-com-consultores-do-segmento-turistico\/","name":"Prefeito de Fund\u00e3o participa de reuni\u00e3o com consultores do segmento tur\u00edstico - Jornal Fatos e Not\u00edcias","isPartOf":{"@id":"https:\/\/jornalfatosenoticias.com.br\/#website"},"primaryImageOfPage":{"@id":"https:\/\/jornalfatosenoticias.com.br\/index.php\/2021\/04\/22\/prefeito-de-fundao-participa-de-reuniao-com-consultores-do-segmento-turistico\/#primaryimage"},"image":{"@id":"https:\/\/jornalfatosenoticias.com.br\/index.php\/2021\/04\/22\/prefeito-de-fundao-participa-de-reuniao-com-consultores-do-segmento-turistico\/#primaryimage"},"thumbnailUrl":"https:\/\/jornalfatosenoticias.com.br\/wp-content\/uploads\/2021\/04\/fabio-e-geo-editado.jpg","datePublished":"2021-04-22T18:32:14+00:00","dateModified":"2021-04-22T18:32:19+00:00","breadcrumb":{"@id":"https:\/\/jornalfatosenoticias.com.br\/index.php\/2021\/04\/22\/prefeito-de-fundao-participa-de-reuniao-com-consultores-do-segmento-turistico\/#breadcrumb"},"inLanguage":"pt-BR","potentialAction":[{"@type":"ReadAction","target":["https:\/\/jornalfatosenoticias.com.br\/index.php\/2021\/04\/22\/prefeito-de-fundao-participa-de-reuniao-com-consultores-do-segmento-turistico\/"]}]},{"@type":"ImageObject","inLanguage":"pt-BR","@id":"https:\/\/jornalfatosenoticias.com.br\/index.php\/2021\/04\/22\/prefeito-de-fundao-participa-de-reuniao-com-consultores-do-segmento-turistico\/#primaryimage","url":"https:\/\/jornalfatosenoticias.com.br\/wp-content\/uploads\/2021\/04\/fabio-e-geo-editado.jpg","contentUrl":"https:\/\/jornalfatosenoticias.com.br\/wp-content\/uploads\/2021\/04\/fabio-e-geo-editado.jpg","width":1000,"height":666},{"@type":"BreadcrumbList","@id":"https:\/\/jornalfatosenoticias.com.br\/index.php\/2021\/04\/22\/prefeito-de-fundao-participa-de-reuniao-com-consultores-do-segmento-turistico\/#breadcrumb","itemListElement":[{"@type":"ListItem","position":1,"name":"In\u00edcio","item":"https:\/\/jornalfatosenoticias.com.br\/"},{"@type":"ListItem","position":2,"name":"Prefeito de Fund\u00e3o participa de reuni\u00e3o com consultores do segmento tur\u00edstico"}]},{"@type":"WebSite","@id":"https:\/\/jornalfatosenoticias.com.br\/#website","url":"https:\/\/jornalfatosenoticias.com.br\/","name":"Jornal Fatos e Not\u00edcias","description":"Not\u00edcias em geral","publisher":{"@id":"https:\/\/jornalfatosenoticias.com.br\/#organization"},"potentialAction":[{"@type":"SearchAction","target":{"@type":"EntryPoint","urlTemplate":"https:\/\/jornalfatosenoticias.com.br\/?s={search_term_string}"},"query-input":{"@type":"PropertyValueSpecification","valueRequired":true,"valueName":"search_term_string"}}],"inLanguage":"pt-BR"},{"@type":"Organization","@id":"https:\/\/jornalfatosenoticias.com.br\/#organization","name":"Jornal Fatos e Not\u00edcias","url":"https:\/\/jornalfatosenoticias.com.br\/","logo":{"@type":"ImageObject","inLanguage":"pt-BR","@id":"https:\/\/jornalfatosenoticias.com.br\/#\/schema\/logo\/image\/","url":"https:\/\/jornalfatosenoticias.com.br\/wp-content\/uploads\/2020\/02\/logo120.png","contentUrl":"https:\/\/jornalfatosenoticias.com.br\/wp-content\/uploads\/2020\/02\/logo120.png","width":1227,"height":120,"caption":"Jornal Fatos e Not\u00edcias"},"image":{"@id":"https:\/\/jornalfatosenoticias.com.br\/#\/schema\/logo\/image\/"}},{"@type":"Person","@id":"https:\/\/jornalfatosenoticias.com.br\/#\/schema\/person\/05c46cc25b42a5c27e004fb0fa6b4965","name":"Haroldo Filho","image":{"@type":"ImageObject","inLanguage":"pt-BR","@id":"https:\/\/jornalfatosenoticias.com.br\/#\/schema\/person\/image\/","url":"https:\/\/jornalfatosenoticias.com.br\/wp-content\/uploads\/2025\/08\/WhatsApp-Image-2025-08-18-at-15.30.28-150x150.jpeg","contentUrl":"https:\/\/jornalfatosenoticias.com.br\/wp-content\/uploads\/2025\/08\/WhatsApp-Image-2025-08-18-at-15.30.28-150x150.jpeg","caption":"Haroldo Filho"},"description":"Jornalista \u2013 DRT: 0003818\/ES Coordenador-geral da ONG Educar para Crescer","url":"https:\/\/jornalfatosenoticias.com.br\/index.php\/author\/haroldo\/"}]}},"cc_featured_image_caption":{"caption_text":"(Foto: Haroldo Cordeiro Filho) ","source_text":"","source_url":""},"jetpack_featured_media_url":"https:\/\/jornalfatosenoticias.com.br\/wp-content\/uploads\/2021\/04\/fabio-e-geo-editado.jpg","_links":{"self":[{"href":"https:\/\/jornalfatosenoticias.com.br\/index.php\/wp-json\/wp\/v2\/posts\/17326","targetHints":{"allow":["GET"]}}],"collection":[{"href":"https:\/\/jornalfatosenoticias.com.br\/index.php\/wp-json\/wp\/v2\/posts"}],"about":[{"href":"https:\/\/jornalfatosenoticias.com.br\/index.php\/wp-json\/wp\/v2\/types\/post"}],"author":[{"embeddable":true,"href":"https:\/\/jornalfatosenoticias.com.br\/index.php\/wp-json\/wp\/v2\/users\/3"}],"replies":[{"embeddable":true,"href":"https:\/\/jornalfatosenoticias.com.br\/index.php\/wp-json\/wp\/v2\/comments?post=17326"}],"version-history":[{"count":0,"href":"https:\/\/jornalfatosenoticias.com.br\/index.php\/wp-json\/wp\/v2\/posts\/17326\/revisions"}],"wp:featuredmedia":[{"embeddable":true,"href":"https:\/\/jornalfatosenoticias.com.br\/index.php\/wp-json\/wp\/v2\/media\/17327"}],"wp:attachment":[{"href":"https:\/\/jornalfatosenoticias.com.br\/index.php\/wp-json\/wp\/v2\/media?parent=17326"}],"wp:term":[{"taxonomy":"category","embeddable":true,"href":"https:\/\/jornalfatosenoticias.com.br\/index.php\/wp-json\/wp\/v2\/categories?post=17326"},{"taxonomy":"post_tag","embeddable":true,"href":"https:\/\/jornalfatosenoticias.com.br\/index.php\/wp-json\/wp\/v2\/tags?post=17326"}],"curies":[{"name":"wp","href":"https:\/\/api.w.org\/{rel}","templated":true}]}}