{"id":17349,"date":"2021-04-23T09:42:14","date_gmt":"2021-04-23T12:42:14","guid":{"rendered":"https:\/\/jornalfatosenoticias.com.br\/?p=17349"},"modified":"2021-04-23T09:42:15","modified_gmt":"2021-04-23T12:42:15","slug":"tres-historias-que-despertam-o-amor-das-criancas-pela-natureza","status":"publish","type":"post","link":"https:\/\/jornalfatosenoticias.com.br\/index.php\/2021\/04\/23\/tres-historias-que-despertam-o-amor-das-criancas-pela-natureza\/","title":{"rendered":"Tr\u00eas hist\u00f3rias que despertam o amor das crian\u00e7as pela natureza"},"content":{"rendered":"\n<p><em>A leitura pode ajudar a formar pessoas conectadas \u00e0 natureza e comprometidas com a sua preserva\u00e7\u00e3o<\/em><\/p>\n\n\n\n<p>Despertar o apre\u00e7o pela natureza por meio da leitura e conta\u00e7\u00e3o de hist\u00f3rias na inf\u00e2ncia, \u00e9 cultivar o amor pelo mundo natural. \u00c9 formar cidad\u00e3os que verdadeiramente se importar\u00e3o com a preserva\u00e7\u00e3o do meio ambiente na vida adulta.<br>Livros que mostram a vida vegetal e animal s\u00e3o est\u00edmulos para o apre\u00e7o pela natureza. Com eles, as crian\u00e7as podem aprender como vivem os bichos e as plantas, e sentirem-se estimuladas a observar a natureza ao seu redor \u2014 aquela teia de aranha num cantinho do quintal ou at\u00e9 mesmo aquele capinzinho que insiste em brotar entre as fendas das cal\u00e7adas na cidade.<br>Muitos adultos, amantes da natureza, recordam-se de hist\u00f3rias sobre o mundo natural lidas na inf\u00e2ncia. Tais livros ajudam a formar uma vis\u00e3o de mundo sist\u00eamica, de vida sustent\u00e1vel, que contribuem para a alfabetiza\u00e7\u00e3o ecol\u00f3gica das crian\u00e7as.<br><strong><span class=\"has-inline-color has-vivid-green-cyan-color\">Voc\u00ea se recorda de algum livro lido, quando crian\u00e7a, que tenha influenciado positivamente sua rela\u00e7\u00e3o com o mundo vivo?<\/span><\/strong><br>H\u00e1 muitos <a href=\"http:\/\/www.educandotudomuda.com.br\/apreco-pela-natureza\/\">livros sobre o mundo natural<\/a> que despertam o interesse da crian\u00e7a pelos animais e pelas plantas, promovendo a conex\u00e3o com a natureza.<br>Aproveite para contar para as crian\u00e7as, antes de dormir, hist\u00f3rias sobre os bichos, as \u00e1rvores, sobre lugares de natureza exuberante, e aventuras na floresta. Voc\u00ea tamb\u00e9m estar\u00e1 contribuindo para a <a href=\"http:\/\/www.educandotudomuda.com.br\/como-fazer-do-meu-filho-um-futuro-leitor\/\">forma\u00e7\u00e3o de futuros leitores<\/a>.<\/p>\n\n\n\n<p><span class=\"has-inline-color has-vivid-green-cyan-color\"><strong>Veja algumas sugest\u00f5es<\/strong>\u00a0de livros para as crian\u00e7as!<\/span><\/p>\n\n\n\n<div class=\"wp-block-image\"><figure class=\"alignright size-large is-resized\"><img loading=\"lazy\" decoding=\"async\" src=\"https:\/\/jornalfatosenoticias.com.br\/wp-content\/uploads\/2021\/04\/livro-crianca-natureza-ben-white-unsplash.jpg\" alt=\"\" class=\"wp-image-17350\" width=\"307\" height=\"460\" srcset=\"https:\/\/jornalfatosenoticias.com.br\/wp-content\/uploads\/2021\/04\/livro-crianca-natureza-ben-white-unsplash.jpg 280w, https:\/\/jornalfatosenoticias.com.br\/wp-content\/uploads\/2021\/04\/livro-crianca-natureza-ben-white-unsplash-200x300.jpg 200w\" sizes=\"auto, (max-width: 307px) 100vw, 307px\" \/><figcaption><em>O interesse e a admira\u00e7\u00e3o pela natureza podem vir com os livros (Foto: Ben White\/Unsplash)<\/em><\/figcaption><\/figure><\/div>\n\n\n\n<p><strong><span class=\"has-inline-color has-vivid-green-cyan-color\">O MUNDO NUNCA DORME<br><\/span><\/strong>Este livro convida as crian\u00e7as a conhecer um universo paralelo que fervilha de vida enquanto elas dormem. O mundo pode parecer adormecido na calada da noite, mas n\u00e3o est\u00e1. Enquanto damas-da-noite desabrocham e estrelas brilham, a natureza d\u00e1 sequ\u00eancia ao ciclo da vida. Um gato que perambula pelas ilustra\u00e7\u00f5es \u00e9 testemunha silenciosa, na casa e no quintal, das incont\u00e1veis vidas noturnas e diurnas.<br>Escrito por Natalie Rompella , ilustrado por Carol Schwartz, Editora Melhoramentos.<\/p>\n\n\n\n<p><strong><span class=\"has-inline-color has-vivid-green-cyan-color\">UM PASSEIO PELA NATUREZA<br><\/span><\/strong>Um livro de capa dura, com janelinhas de espiar, que revela toda a riqueza e beleza do mundo natural: sementes germinando, flores brotando, pequenas criaturas espalhadas pelo mundo que s\u00e3o fundamentais para o equil\u00edbrio da natureza.<br>Escrito por Libby Walden, ilustrado por Clover Robin, Editora Tiger Tales.<\/p>\n\n\n\n<p><strong><span class=\"has-inline-color has-vivid-green-cyan-color\">OCEANOS<br><\/span><\/strong>Quem s\u00e3o os habitantes do mar? Esta \u00e9 uma jornada pelos oceanos que explora a grande floresta mar\u00edtima de algas \u2014 seres marinhos exuberantes. Alguns s\u00e3o mestres do esconderijo e da camuflagem como o peixe-pedra que fica im\u00f3vel e engole animais que se aproximam dele ou ainda o peixe-camar\u00e3o que se esconde entre os espinhos do ouri\u00e7o-do-mar. O livro fala sobre o vento e suas ondas, as mar\u00e9s, as criaturas que vivem nas profundezas do oceano.<br>Escrito por Matthew Oldham, ilustrado por Jane Newland, Editora Usborne.<\/p>\n\n\n\n<p><strong><em>Fonte: <a href=\"https:\/\/ciclovivo.com.br\/vida-sustentavel\/equilibrio\/3-historias-que-despertam-o-amor-das-criancas-pela-natureza\/\">CicloVivo<\/a><\/em><\/strong><\/p>\n","protected":false},"excerpt":{"rendered":"<p>A leitura pode ajudar a formar pessoas conectadas \u00e0 natureza e comprometidas com a sua preserva\u00e7\u00e3o Despertar o apre\u00e7o pela natureza por meio da leitura e conta\u00e7\u00e3o de hist\u00f3rias na inf\u00e2ncia, \u00e9 cultivar o amor pelo mundo natural. \u00c9 formar cidad\u00e3os que verdadeiramente se importar\u00e3o com a preserva\u00e7\u00e3o do meio ambiente na vida adulta.Livros que [&hellip;]<\/p>\n","protected":false},"author":2,"featured_media":17351,"comment_status":"open","ping_status":"open","sticky":false,"template":"","format":"standard","meta":{"footnotes":""},"categories":[2522],"tags":[8669,670,4860,316],"class_list":["post-17349","post","type-post","status-publish","format-standard","has-post-thumbnail","hentry","category-comportamento","tag-amor-pela-natureza","tag-criancas","tag-leitura","tag-preservacao"],"yoast_head":"<!-- This site is optimized with the Yoast SEO plugin v26.5 - https:\/\/yoast.com\/wordpress\/plugins\/seo\/ -->\n<title>Tr\u00eas hist\u00f3rias que despertam o amor das crian\u00e7as pela natureza - Jornal Fatos e Not\u00edcias<\/title>\n<meta name=\"robots\" content=\"index, follow, max-snippet:-1, max-image-preview:large, max-video-preview:-1\" \/>\n<link rel=\"canonical\" href=\"https:\/\/jornalfatosenoticias.com.br\/index.php\/2021\/04\/23\/tres-historias-que-despertam-o-amor-das-criancas-pela-natureza\/\" \/>\n<meta property=\"og:locale\" content=\"pt_BR\" \/>\n<meta property=\"og:type\" content=\"article\" \/>\n<meta property=\"og:title\" content=\"Tr\u00eas hist\u00f3rias que despertam o amor das crian\u00e7as pela natureza - Jornal Fatos e Not\u00edcias\" \/>\n<meta property=\"og:description\" content=\"A leitura pode ajudar a formar pessoas conectadas \u00e0 natureza e comprometidas com a sua preserva\u00e7\u00e3o Despertar o apre\u00e7o pela natureza por meio da leitura e conta\u00e7\u00e3o de hist\u00f3rias na inf\u00e2ncia, \u00e9 cultivar o amor pelo mundo natural. \u00c9 formar cidad\u00e3os que verdadeiramente se importar\u00e3o com a preserva\u00e7\u00e3o do meio ambiente na vida adulta.Livros que [&hellip;]\" \/>\n<meta property=\"og:url\" content=\"https:\/\/jornalfatosenoticias.com.br\/index.php\/2021\/04\/23\/tres-historias-que-despertam-o-amor-das-criancas-pela-natureza\/\" \/>\n<meta property=\"og:site_name\" content=\"Jornal Fatos e Not\u00edcias\" \/>\n<meta property=\"article:published_time\" content=\"2021-04-23T12:42:14+00:00\" \/>\n<meta property=\"article:modified_time\" content=\"2021-04-23T12:42:15+00:00\" \/>\n<meta property=\"og:image\" content=\"https:\/\/jornalfatosenoticias.com.br\/wp-content\/uploads\/2021\/04\/livro-crianca-natureza-aaron-burden-unsplash.jpg\" \/>\n\t<meta property=\"og:image:width\" content=\"1000\" \/>\n\t<meta property=\"og:image:height\" content=\"684\" \/>\n\t<meta property=\"og:image:type\" content=\"image\/jpeg\" \/>\n<meta name=\"author\" content=\"Luzimara Fernandes\" \/>\n<meta name=\"twitter:card\" content=\"summary_large_image\" \/>\n<meta name=\"twitter:label1\" content=\"Escrito por\" \/>\n\t<meta name=\"twitter:data1\" content=\"Luzimara Fernandes\" \/>\n\t<meta name=\"twitter:label2\" content=\"Est. tempo de leitura\" \/>\n\t<meta name=\"twitter:data2\" content=\"3 minutos\" \/>\n<script type=\"application\/ld+json\" class=\"yoast-schema-graph\">{\"@context\":\"https:\/\/schema.org\",\"@graph\":[{\"@type\":\"Article\",\"@id\":\"https:\/\/jornalfatosenoticias.com.br\/index.php\/2021\/04\/23\/tres-historias-que-despertam-o-amor-das-criancas-pela-natureza\/#article\",\"isPartOf\":{\"@id\":\"https:\/\/jornalfatosenoticias.com.br\/index.php\/2021\/04\/23\/tres-historias-que-despertam-o-amor-das-criancas-pela-natureza\/\"},\"author\":{\"name\":\"Luzimara Fernandes\",\"@id\":\"https:\/\/jornalfatosenoticias.com.br\/#\/schema\/person\/d63837fa13ac8666eb9e74e0985d6f81\"},\"headline\":\"Tr\u00eas hist\u00f3rias que despertam o amor das crian\u00e7as pela natureza\",\"datePublished\":\"2021-04-23T12:42:14+00:00\",\"dateModified\":\"2021-04-23T12:42:15+00:00\",\"mainEntityOfPage\":{\"@id\":\"https:\/\/jornalfatosenoticias.com.br\/index.php\/2021\/04\/23\/tres-historias-que-despertam-o-amor-das-criancas-pela-natureza\/\"},\"wordCount\":523,\"commentCount\":0,\"publisher\":{\"@id\":\"https:\/\/jornalfatosenoticias.com.br\/#organization\"},\"image\":{\"@id\":\"https:\/\/jornalfatosenoticias.com.br\/index.php\/2021\/04\/23\/tres-historias-que-despertam-o-amor-das-criancas-pela-natureza\/#primaryimage\"},\"thumbnailUrl\":\"https:\/\/jornalfatosenoticias.com.br\/wp-content\/uploads\/2021\/04\/livro-crianca-natureza-aaron-burden-unsplash.jpg\",\"keywords\":[\"amor pela natureza\",\"crian\u00e7as\",\"leitura\",\"preserva\u00e7\u00e3o\"],\"articleSection\":[\"Comportamento &amp; Equil\u00edbrio\"],\"inLanguage\":\"pt-BR\",\"potentialAction\":[{\"@type\":\"CommentAction\",\"name\":\"Comment\",\"target\":[\"https:\/\/jornalfatosenoticias.com.br\/index.php\/2021\/04\/23\/tres-historias-que-despertam-o-amor-das-criancas-pela-natureza\/#respond\"]}]},{\"@type\":\"WebPage\",\"@id\":\"https:\/\/jornalfatosenoticias.com.br\/index.php\/2021\/04\/23\/tres-historias-que-despertam-o-amor-das-criancas-pela-natureza\/\",\"url\":\"https:\/\/jornalfatosenoticias.com.br\/index.php\/2021\/04\/23\/tres-historias-que-despertam-o-amor-das-criancas-pela-natureza\/\",\"name\":\"Tr\u00eas hist\u00f3rias que despertam o amor das crian\u00e7as pela natureza - Jornal Fatos e Not\u00edcias\",\"isPartOf\":{\"@id\":\"https:\/\/jornalfatosenoticias.com.br\/#website\"},\"primaryImageOfPage\":{\"@id\":\"https:\/\/jornalfatosenoticias.com.br\/index.php\/2021\/04\/23\/tres-historias-que-despertam-o-amor-das-criancas-pela-natureza\/#primaryimage\"},\"image\":{\"@id\":\"https:\/\/jornalfatosenoticias.com.br\/index.php\/2021\/04\/23\/tres-historias-que-despertam-o-amor-das-criancas-pela-natureza\/#primaryimage\"},\"thumbnailUrl\":\"https:\/\/jornalfatosenoticias.com.br\/wp-content\/uploads\/2021\/04\/livro-crianca-natureza-aaron-burden-unsplash.jpg\",\"datePublished\":\"2021-04-23T12:42:14+00:00\",\"dateModified\":\"2021-04-23T12:42:15+00:00\",\"breadcrumb\":{\"@id\":\"https:\/\/jornalfatosenoticias.com.br\/index.php\/2021\/04\/23\/tres-historias-que-despertam-o-amor-das-criancas-pela-natureza\/#breadcrumb\"},\"inLanguage\":\"pt-BR\",\"potentialAction\":[{\"@type\":\"ReadAction\",\"target\":[\"https:\/\/jornalfatosenoticias.com.br\/index.php\/2021\/04\/23\/tres-historias-que-despertam-o-amor-das-criancas-pela-natureza\/\"]}]},{\"@type\":\"ImageObject\",\"inLanguage\":\"pt-BR\",\"@id\":\"https:\/\/jornalfatosenoticias.com.br\/index.php\/2021\/04\/23\/tres-historias-que-despertam-o-amor-das-criancas-pela-natureza\/#primaryimage\",\"url\":\"https:\/\/jornalfatosenoticias.com.br\/wp-content\/uploads\/2021\/04\/livro-crianca-natureza-aaron-burden-unsplash.jpg\",\"contentUrl\":\"https:\/\/jornalfatosenoticias.com.br\/wp-content\/uploads\/2021\/04\/livro-crianca-natureza-aaron-burden-unsplash.jpg\",\"width\":1000,\"height\":684},{\"@type\":\"BreadcrumbList\",\"@id\":\"https:\/\/jornalfatosenoticias.com.br\/index.php\/2021\/04\/23\/tres-historias-que-despertam-o-amor-das-criancas-pela-natureza\/#breadcrumb\",\"itemListElement\":[{\"@type\":\"ListItem\",\"position\":1,\"name\":\"In\u00edcio\",\"item\":\"https:\/\/jornalfatosenoticias.com.br\/\"},{\"@type\":\"ListItem\",\"position\":2,\"name\":\"Tr\u00eas hist\u00f3rias que despertam o amor das crian\u00e7as pela natureza\"}]},{\"@type\":\"WebSite\",\"@id\":\"https:\/\/jornalfatosenoticias.com.br\/#website\",\"url\":\"https:\/\/jornalfatosenoticias.com.br\/\",\"name\":\"Jornal Fatos e Not\u00edcias\",\"description\":\"Not\u00edcias em geral\",\"publisher\":{\"@id\":\"https:\/\/jornalfatosenoticias.com.br\/#organization\"},\"potentialAction\":[{\"@type\":\"SearchAction\",\"target\":{\"@type\":\"EntryPoint\",\"urlTemplate\":\"https:\/\/jornalfatosenoticias.com.br\/?s={search_term_string}\"},\"query-input\":{\"@type\":\"PropertyValueSpecification\",\"valueRequired\":true,\"valueName\":\"search_term_string\"}}],\"inLanguage\":\"pt-BR\"},{\"@type\":\"Organization\",\"@id\":\"https:\/\/jornalfatosenoticias.com.br\/#organization\",\"name\":\"Jornal Fatos e Not\u00edcias\",\"url\":\"https:\/\/jornalfatosenoticias.com.br\/\",\"logo\":{\"@type\":\"ImageObject\",\"inLanguage\":\"pt-BR\",\"@id\":\"https:\/\/jornalfatosenoticias.com.br\/#\/schema\/logo\/image\/\",\"url\":\"https:\/\/jornalfatosenoticias.com.br\/wp-content\/uploads\/2020\/02\/logo120.png\",\"contentUrl\":\"https:\/\/jornalfatosenoticias.com.br\/wp-content\/uploads\/2020\/02\/logo120.png\",\"width\":1227,\"height\":120,\"caption\":\"Jornal Fatos e Not\u00edcias\"},\"image\":{\"@id\":\"https:\/\/jornalfatosenoticias.com.br\/#\/schema\/logo\/image\/\"}},{\"@type\":\"Person\",\"@id\":\"https:\/\/jornalfatosenoticias.com.br\/#\/schema\/person\/d63837fa13ac8666eb9e74e0985d6f81\",\"name\":\"Luzimara Fernandes\",\"image\":{\"@type\":\"ImageObject\",\"inLanguage\":\"pt-BR\",\"@id\":\"https:\/\/jornalfatosenoticias.com.br\/#\/schema\/person\/image\/\",\"url\":\"https:\/\/jornalfatosenoticias.com.br\/wp-content\/uploads\/2025\/05\/EU_portal.jpg\",\"contentUrl\":\"https:\/\/jornalfatosenoticias.com.br\/wp-content\/uploads\/2025\/05\/EU_portal.jpg\",\"caption\":\"Luzimara Fernandes\"},\"description\":\"Jornalista MTB 2358-ES\",\"sameAs\":[\"https:\/\/jornalfatosenoticias.com.br\"],\"url\":\"https:\/\/jornalfatosenoticias.com.br\/index.php\/author\/luzimara\/\"}]}<\/script>\n<!-- \/ Yoast SEO plugin. -->","yoast_head_json":{"title":"Tr\u00eas hist\u00f3rias que despertam o amor das crian\u00e7as pela natureza - Jornal Fatos e Not\u00edcias","robots":{"index":"index","follow":"follow","max-snippet":"max-snippet:-1","max-image-preview":"max-image-preview:large","max-video-preview":"max-video-preview:-1"},"canonical":"https:\/\/jornalfatosenoticias.com.br\/index.php\/2021\/04\/23\/tres-historias-que-despertam-o-amor-das-criancas-pela-natureza\/","og_locale":"pt_BR","og_type":"article","og_title":"Tr\u00eas hist\u00f3rias que despertam o amor das crian\u00e7as pela natureza - Jornal Fatos e Not\u00edcias","og_description":"A leitura pode ajudar a formar pessoas conectadas \u00e0 natureza e comprometidas com a sua preserva\u00e7\u00e3o Despertar o apre\u00e7o pela natureza por meio da leitura e conta\u00e7\u00e3o de hist\u00f3rias na inf\u00e2ncia, \u00e9 cultivar o amor pelo mundo natural. \u00c9 formar cidad\u00e3os que verdadeiramente se importar\u00e3o com a preserva\u00e7\u00e3o do meio ambiente na vida adulta.Livros que [&hellip;]","og_url":"https:\/\/jornalfatosenoticias.com.br\/index.php\/2021\/04\/23\/tres-historias-que-despertam-o-amor-das-criancas-pela-natureza\/","og_site_name":"Jornal Fatos e Not\u00edcias","article_published_time":"2021-04-23T12:42:14+00:00","article_modified_time":"2021-04-23T12:42:15+00:00","og_image":[{"width":1000,"height":684,"url":"https:\/\/jornalfatosenoticias.com.br\/wp-content\/uploads\/2021\/04\/livro-crianca-natureza-aaron-burden-unsplash.jpg","type":"image\/jpeg"}],"author":"Luzimara Fernandes","twitter_card":"summary_large_image","twitter_misc":{"Escrito por":"Luzimara Fernandes","Est. tempo de leitura":"3 minutos"},"schema":{"@context":"https:\/\/schema.org","@graph":[{"@type":"Article","@id":"https:\/\/jornalfatosenoticias.com.br\/index.php\/2021\/04\/23\/tres-historias-que-despertam-o-amor-das-criancas-pela-natureza\/#article","isPartOf":{"@id":"https:\/\/jornalfatosenoticias.com.br\/index.php\/2021\/04\/23\/tres-historias-que-despertam-o-amor-das-criancas-pela-natureza\/"},"author":{"name":"Luzimara Fernandes","@id":"https:\/\/jornalfatosenoticias.com.br\/#\/schema\/person\/d63837fa13ac8666eb9e74e0985d6f81"},"headline":"Tr\u00eas hist\u00f3rias que despertam o amor das crian\u00e7as pela natureza","datePublished":"2021-04-23T12:42:14+00:00","dateModified":"2021-04-23T12:42:15+00:00","mainEntityOfPage":{"@id":"https:\/\/jornalfatosenoticias.com.br\/index.php\/2021\/04\/23\/tres-historias-que-despertam-o-amor-das-criancas-pela-natureza\/"},"wordCount":523,"commentCount":0,"publisher":{"@id":"https:\/\/jornalfatosenoticias.com.br\/#organization"},"image":{"@id":"https:\/\/jornalfatosenoticias.com.br\/index.php\/2021\/04\/23\/tres-historias-que-despertam-o-amor-das-criancas-pela-natureza\/#primaryimage"},"thumbnailUrl":"https:\/\/jornalfatosenoticias.com.br\/wp-content\/uploads\/2021\/04\/livro-crianca-natureza-aaron-burden-unsplash.jpg","keywords":["amor pela natureza","crian\u00e7as","leitura","preserva\u00e7\u00e3o"],"articleSection":["Comportamento &amp; Equil\u00edbrio"],"inLanguage":"pt-BR","potentialAction":[{"@type":"CommentAction","name":"Comment","target":["https:\/\/jornalfatosenoticias.com.br\/index.php\/2021\/04\/23\/tres-historias-que-despertam-o-amor-das-criancas-pela-natureza\/#respond"]}]},{"@type":"WebPage","@id":"https:\/\/jornalfatosenoticias.com.br\/index.php\/2021\/04\/23\/tres-historias-que-despertam-o-amor-das-criancas-pela-natureza\/","url":"https:\/\/jornalfatosenoticias.com.br\/index.php\/2021\/04\/23\/tres-historias-que-despertam-o-amor-das-criancas-pela-natureza\/","name":"Tr\u00eas hist\u00f3rias que despertam o amor das crian\u00e7as pela natureza - Jornal Fatos e Not\u00edcias","isPartOf":{"@id":"https:\/\/jornalfatosenoticias.com.br\/#website"},"primaryImageOfPage":{"@id":"https:\/\/jornalfatosenoticias.com.br\/index.php\/2021\/04\/23\/tres-historias-que-despertam-o-amor-das-criancas-pela-natureza\/#primaryimage"},"image":{"@id":"https:\/\/jornalfatosenoticias.com.br\/index.php\/2021\/04\/23\/tres-historias-que-despertam-o-amor-das-criancas-pela-natureza\/#primaryimage"},"thumbnailUrl":"https:\/\/jornalfatosenoticias.com.br\/wp-content\/uploads\/2021\/04\/livro-crianca-natureza-aaron-burden-unsplash.jpg","datePublished":"2021-04-23T12:42:14+00:00","dateModified":"2021-04-23T12:42:15+00:00","breadcrumb":{"@id":"https:\/\/jornalfatosenoticias.com.br\/index.php\/2021\/04\/23\/tres-historias-que-despertam-o-amor-das-criancas-pela-natureza\/#breadcrumb"},"inLanguage":"pt-BR","potentialAction":[{"@type":"ReadAction","target":["https:\/\/jornalfatosenoticias.com.br\/index.php\/2021\/04\/23\/tres-historias-que-despertam-o-amor-das-criancas-pela-natureza\/"]}]},{"@type":"ImageObject","inLanguage":"pt-BR","@id":"https:\/\/jornalfatosenoticias.com.br\/index.php\/2021\/04\/23\/tres-historias-que-despertam-o-amor-das-criancas-pela-natureza\/#primaryimage","url":"https:\/\/jornalfatosenoticias.com.br\/wp-content\/uploads\/2021\/04\/livro-crianca-natureza-aaron-burden-unsplash.jpg","contentUrl":"https:\/\/jornalfatosenoticias.com.br\/wp-content\/uploads\/2021\/04\/livro-crianca-natureza-aaron-burden-unsplash.jpg","width":1000,"height":684},{"@type":"BreadcrumbList","@id":"https:\/\/jornalfatosenoticias.com.br\/index.php\/2021\/04\/23\/tres-historias-que-despertam-o-amor-das-criancas-pela-natureza\/#breadcrumb","itemListElement":[{"@type":"ListItem","position":1,"name":"In\u00edcio","item":"https:\/\/jornalfatosenoticias.com.br\/"},{"@type":"ListItem","position":2,"name":"Tr\u00eas hist\u00f3rias que despertam o amor das crian\u00e7as pela natureza"}]},{"@type":"WebSite","@id":"https:\/\/jornalfatosenoticias.com.br\/#website","url":"https:\/\/jornalfatosenoticias.com.br\/","name":"Jornal Fatos e Not\u00edcias","description":"Not\u00edcias em geral","publisher":{"@id":"https:\/\/jornalfatosenoticias.com.br\/#organization"},"potentialAction":[{"@type":"SearchAction","target":{"@type":"EntryPoint","urlTemplate":"https:\/\/jornalfatosenoticias.com.br\/?s={search_term_string}"},"query-input":{"@type":"PropertyValueSpecification","valueRequired":true,"valueName":"search_term_string"}}],"inLanguage":"pt-BR"},{"@type":"Organization","@id":"https:\/\/jornalfatosenoticias.com.br\/#organization","name":"Jornal Fatos e Not\u00edcias","url":"https:\/\/jornalfatosenoticias.com.br\/","logo":{"@type":"ImageObject","inLanguage":"pt-BR","@id":"https:\/\/jornalfatosenoticias.com.br\/#\/schema\/logo\/image\/","url":"https:\/\/jornalfatosenoticias.com.br\/wp-content\/uploads\/2020\/02\/logo120.png","contentUrl":"https:\/\/jornalfatosenoticias.com.br\/wp-content\/uploads\/2020\/02\/logo120.png","width":1227,"height":120,"caption":"Jornal Fatos e Not\u00edcias"},"image":{"@id":"https:\/\/jornalfatosenoticias.com.br\/#\/schema\/logo\/image\/"}},{"@type":"Person","@id":"https:\/\/jornalfatosenoticias.com.br\/#\/schema\/person\/d63837fa13ac8666eb9e74e0985d6f81","name":"Luzimara Fernandes","image":{"@type":"ImageObject","inLanguage":"pt-BR","@id":"https:\/\/jornalfatosenoticias.com.br\/#\/schema\/person\/image\/","url":"https:\/\/jornalfatosenoticias.com.br\/wp-content\/uploads\/2025\/05\/EU_portal.jpg","contentUrl":"https:\/\/jornalfatosenoticias.com.br\/wp-content\/uploads\/2025\/05\/EU_portal.jpg","caption":"Luzimara Fernandes"},"description":"Jornalista MTB 2358-ES","sameAs":["https:\/\/jornalfatosenoticias.com.br"],"url":"https:\/\/jornalfatosenoticias.com.br\/index.php\/author\/luzimara\/"}]}},"cc_featured_image_caption":{"caption_text":"(Foto: Aaron Burden\/Unsplash) ","source_text":"","source_url":""},"jetpack_featured_media_url":"https:\/\/jornalfatosenoticias.com.br\/wp-content\/uploads\/2021\/04\/livro-crianca-natureza-aaron-burden-unsplash.jpg","_links":{"self":[{"href":"https:\/\/jornalfatosenoticias.com.br\/index.php\/wp-json\/wp\/v2\/posts\/17349","targetHints":{"allow":["GET"]}}],"collection":[{"href":"https:\/\/jornalfatosenoticias.com.br\/index.php\/wp-json\/wp\/v2\/posts"}],"about":[{"href":"https:\/\/jornalfatosenoticias.com.br\/index.php\/wp-json\/wp\/v2\/types\/post"}],"author":[{"embeddable":true,"href":"https:\/\/jornalfatosenoticias.com.br\/index.php\/wp-json\/wp\/v2\/users\/2"}],"replies":[{"embeddable":true,"href":"https:\/\/jornalfatosenoticias.com.br\/index.php\/wp-json\/wp\/v2\/comments?post=17349"}],"version-history":[{"count":0,"href":"https:\/\/jornalfatosenoticias.com.br\/index.php\/wp-json\/wp\/v2\/posts\/17349\/revisions"}],"wp:featuredmedia":[{"embeddable":true,"href":"https:\/\/jornalfatosenoticias.com.br\/index.php\/wp-json\/wp\/v2\/media\/17351"}],"wp:attachment":[{"href":"https:\/\/jornalfatosenoticias.com.br\/index.php\/wp-json\/wp\/v2\/media?parent=17349"}],"wp:term":[{"taxonomy":"category","embeddable":true,"href":"https:\/\/jornalfatosenoticias.com.br\/index.php\/wp-json\/wp\/v2\/categories?post=17349"},{"taxonomy":"post_tag","embeddable":true,"href":"https:\/\/jornalfatosenoticias.com.br\/index.php\/wp-json\/wp\/v2\/tags?post=17349"}],"curies":[{"name":"wp","href":"https:\/\/api.w.org\/{rel}","templated":true}]}}