{"id":17425,"date":"2021-04-23T15:10:55","date_gmt":"2021-04-23T18:10:55","guid":{"rendered":"https:\/\/jornalfatosenoticias.com.br\/?p=17425"},"modified":"2021-04-23T15:10:56","modified_gmt":"2021-04-23T18:10:56","slug":"por-que-as-mudancas-climaticas-estao-fazendo-as-pessoas-desistirem-de-ter-filhos","status":"publish","type":"post","link":"https:\/\/jornalfatosenoticias.com.br\/index.php\/2021\/04\/23\/por-que-as-mudancas-climaticas-estao-fazendo-as-pessoas-desistirem-de-ter-filhos\/","title":{"rendered":"Por que as mudan\u00e7as clim\u00e1ticas est\u00e3o fazendo as pessoas desistirem de ter filhos?"},"content":{"rendered":"\n<p><em>Novo estudo explica as motiva\u00e7\u00f5es ambientais por tr\u00e1s de uma decis\u00e3o cada vez mais comum: n\u00e3o gerar descendentes<\/em><\/p>\n\n\n\n<p>A decis\u00e3o de ter filhos \u2014 ou n\u00e3o ter \u2014 costuma envolver diversos fatores, como finan\u00e7as, estabilidade, valores pessoais e base de apoio familiar. De alguns anos para c\u00e1, no entanto, outro elemento tem sido inclu\u00eddo na lista de considera\u00e7\u00f5es de um n\u00famero cada vez maior de pessoas: as mudan\u00e7as clim\u00e1ticas. \u00c9 o que afirma Sabrina Helm, uma das pesquisadoras respons\u00e1veis pela condu\u00e7\u00e3o do estudo <a href=\"https:\/\/link.springer.com\/article\/10.1007\/s11111-021-00379-5\"><em>No future, no kids \u2013 No kids, no future<\/em><\/a>, publicado em mar\u00e7o na revista cient\u00edfica <em>Population and Environtment<\/em>.<br>Helm, professora associada da Norton School of Family and Consumer Sciences, na Universidade do Arizona (EUA), \u00e9 a autora principal do novo estudo, revisado por pares, que analisa como as mudan\u00e7as clim\u00e1ticas est\u00e3o afetando a maneira como as pessoas encaram a decis\u00e3o de gerar descendentes.<br>A equipe come\u00e7ou a pesquisa analisando coment\u00e1rios on-line em resposta a artigos e not\u00edcias publicados na internet sobre a tend\u00eancia crescente de abandonar o sonho da maternidade ou da paternidade em raz\u00e3o das mudan\u00e7as clim\u00e1ticas. Em seguida, eles reuniram adultos de 18 e 35 anos, que disseram que as mudan\u00e7as clim\u00e1ticas desempenham um papel importante em suas decis\u00f5es reprodutivas. Eles entrevistaram 24 participantes sobre suas preocupa\u00e7\u00f5es.<br>A partir das descobertas, os pesquisadores identificaram tr\u00eas temas principais que se destacavam tanto nos coment\u00e1rios on-line, quanto nas entrevistas ao vivo. Confira.<\/p>\n\n\n\n<h4 class=\"wp-block-heading\"><span class=\"has-inline-color has-black-color\">1) Consumo excessivo<\/span><\/h4>\n\n\n\n<p>Esta foi a preocupa\u00e7\u00e3o mais comum expressa pelos entrevistados, segundo Helm. Quase todos os participantes disseram estar preocupados com a forma como as crian\u00e7as contribuiriam para a intensifica\u00e7\u00e3o das mudan\u00e7as clim\u00e1ticas, com uma pegada de carbono maior e o uso excessivo de recursos que poderiam se tornar mais escassos no futuro, como alimentos e \u00e1gua.<\/p>\n\n\n\n<h4 class=\"wp-block-heading\"><span class=\"has-inline-color has-black-color\">2) Superpopula\u00e7\u00e3o<\/span><\/h4>\n\n\n\n<p>A superpopula\u00e7\u00e3o era a preocupa\u00e7\u00e3o predominante entre os comentaristas on-line e frequentemente aparecia em entrevistas tamb\u00e9m. Alguns participantes relataram acreditar que ter mais de dois filhos seria problem\u00e1tico e at\u00e9 ego\u00edsta. Alguns afirmaram enxergar na ado\u00e7\u00e3o uma escolha mais respons\u00e1vel. Segundo Helm, a ado\u00e7\u00e3o foi vista como uma alternativa de baixo carbono.<\/p>\n\n\n\n<h4 class=\"wp-block-heading\"><span class=\"has-inline-color has-black-color\">3) Incerteza sobre o futuro<\/span><\/h4>\n\n\n\n<p>Entrevistados e comentaristas on-line tamb\u00e9m expressaram frequentemente um sentimento de condena\u00e7\u00e3o sobre o futuro se as mudan\u00e7as clim\u00e1ticas continuarem sem controle. Muitos disseram que se sentiriam culpados, como se estivessem fazendo algo moral ou eticamente errado, caso optassem por trazer uma crian\u00e7a a um mundo com um futuro t\u00e3o incerto.<br>Embora a perspectiva da &#8220;desgra\u00e7a&#8221; prevalecesse, ela tamb\u00e9m era equilibrada com express\u00f5es de esperan\u00e7a, de acordo com a pesquisadora. Alguns entrevistados e comentaristas disseram que a pr\u00f3pria ideia de haver novas crian\u00e7as no mundo traz a esperan\u00e7a de um futuro melhor e mais brilhante. Outros expressaram a esperan\u00e7a de que as gera\u00e7\u00f5es futuras possam contribuir para a melhoria ambiental, aumentando a conscientiza\u00e7\u00e3o e a a\u00e7\u00e3o sobre as mudan\u00e7as clim\u00e1ticas.<br>Compreender como as mudan\u00e7as clim\u00e1ticas afeta a tomada de decis\u00e3o reprodutiva \u00e9 parte de um esfor\u00e7o maior de Helm e outros pesquisadores para entender como as emiss\u00f5es de gases do efeito estufa \u2014 e suas consequ\u00eancias para o planeta \u2014 est\u00e3o afetando os indiv\u00edduos mental e emocionalmente.<br>Helm observou que a ansiedade provocada pelos impactos da a\u00e7\u00e3o humana sobre o meio ambiente \u2014 a chamada \u201cecoansiedade\u201d \u2014 tem aumentado significativamente nos \u00faltimos anos, sobretudo entre a popula\u00e7\u00e3o mais jovem.<br>A pesquisadora ainda aponta que muitos participantes do estudo expressaram raiva e frustra\u00e7\u00e3o porque suas preocupa\u00e7\u00f5es n\u00e3o s\u00e3o levadas a s\u00e9rio por familiares e amigos, que acreditam que os entrevistados provavelmente v\u00e3o mudar de ideia sobre ter filhos quando forem mais velhos ou &#8220;encontrarem a pessoa certa&#8221;.<br>&#8220;Ainda \u00e9 um tabu falar sobre isso em um mundo onde ainda h\u00e1 pessoas que negam as mudan\u00e7as clim\u00e1ticas&#8221;, relata Helm. &#8220;Acho que o que est\u00e1 faltando \u00e9 a oportunidade de falar sobre isso e ouvir a voz de outras pessoas. Talvez essa pesquisa ajude&#8221;, conclui ela.<\/p>\n\n\n\n<p><em><strong>Fonte: <a href=\"https:\/\/www.ecycle.com.br\/component\/content\/article\/38-no-mundo\/9775-por-que-as-mudanasas-climaticas-estao-fazendo-as-pessoas-desistirem-de-ter-filhos.html\">eCycle<\/a><\/strong><\/em><\/p>\n","protected":false},"excerpt":{"rendered":"<p>Novo estudo explica as motiva\u00e7\u00f5es ambientais por tr\u00e1s de uma decis\u00e3o cada vez mais comum: n\u00e3o gerar descendentes A decis\u00e3o de ter filhos \u2014 ou n\u00e3o ter \u2014 costuma envolver diversos fatores, como finan\u00e7as, estabilidade, valores pessoais e base de apoio familiar. De alguns anos para c\u00e1, no entanto, outro elemento tem sido inclu\u00eddo na [&hellip;]<\/p>\n","protected":false},"author":2,"featured_media":17426,"comment_status":"open","ping_status":"open","sticky":false,"template":"","format":"standard","meta":{"footnotes":""},"categories":[2522],"tags":[8684,8683,6150,8400,360],"class_list":["post-17425","post","type-post","status-publish","format-standard","has-post-thumbnail","hentry","category-comportamento","tag-descendentes","tag-estabilidade","tag-filhos","tag-gerar","tag-mudancas-climaticas"],"yoast_head":"<!-- This site is optimized with the Yoast SEO plugin v26.5 - https:\/\/yoast.com\/wordpress\/plugins\/seo\/ -->\n<title>Por que as mudan\u00e7as clim\u00e1ticas est\u00e3o fazendo as pessoas desistirem de ter filhos? - Jornal Fatos e Not\u00edcias<\/title>\n<meta name=\"robots\" content=\"index, follow, max-snippet:-1, max-image-preview:large, max-video-preview:-1\" \/>\n<link rel=\"canonical\" href=\"https:\/\/jornalfatosenoticias.com.br\/index.php\/2021\/04\/23\/por-que-as-mudancas-climaticas-estao-fazendo-as-pessoas-desistirem-de-ter-filhos\/\" \/>\n<meta property=\"og:locale\" content=\"pt_BR\" \/>\n<meta property=\"og:type\" content=\"article\" \/>\n<meta property=\"og:title\" content=\"Por que as mudan\u00e7as clim\u00e1ticas est\u00e3o fazendo as pessoas desistirem de ter filhos? - Jornal Fatos e Not\u00edcias\" \/>\n<meta property=\"og:description\" content=\"Novo estudo explica as motiva\u00e7\u00f5es ambientais por tr\u00e1s de uma decis\u00e3o cada vez mais comum: n\u00e3o gerar descendentes A decis\u00e3o de ter filhos \u2014 ou n\u00e3o ter \u2014 costuma envolver diversos fatores, como finan\u00e7as, estabilidade, valores pessoais e base de apoio familiar. De alguns anos para c\u00e1, no entanto, outro elemento tem sido inclu\u00eddo na [&hellip;]\" \/>\n<meta property=\"og:url\" content=\"https:\/\/jornalfatosenoticias.com.br\/index.php\/2021\/04\/23\/por-que-as-mudancas-climaticas-estao-fazendo-as-pessoas-desistirem-de-ter-filhos\/\" \/>\n<meta property=\"og:site_name\" content=\"Jornal Fatos e Not\u00edcias\" \/>\n<meta property=\"article:published_time\" content=\"2021-04-23T18:10:55+00:00\" \/>\n<meta property=\"article:modified_time\" content=\"2021-04-23T18:10:56+00:00\" \/>\n<meta property=\"og:image\" content=\"https:\/\/jornalfatosenoticias.com.br\/wp-content\/uploads\/2021\/04\/filhos.jpg\" \/>\n\t<meta property=\"og:image:width\" content=\"1000\" \/>\n\t<meta property=\"og:image:height\" content=\"562\" \/>\n\t<meta property=\"og:image:type\" content=\"image\/jpeg\" \/>\n<meta name=\"author\" content=\"Luzimara Fernandes\" \/>\n<meta name=\"twitter:card\" content=\"summary_large_image\" \/>\n<meta name=\"twitter:label1\" content=\"Escrito por\" \/>\n\t<meta name=\"twitter:data1\" content=\"Luzimara Fernandes\" \/>\n\t<meta name=\"twitter:label2\" content=\"Est. tempo de leitura\" \/>\n\t<meta name=\"twitter:data2\" content=\"4 minutos\" \/>\n<script type=\"application\/ld+json\" class=\"yoast-schema-graph\">{\"@context\":\"https:\/\/schema.org\",\"@graph\":[{\"@type\":\"Article\",\"@id\":\"https:\/\/jornalfatosenoticias.com.br\/index.php\/2021\/04\/23\/por-que-as-mudancas-climaticas-estao-fazendo-as-pessoas-desistirem-de-ter-filhos\/#article\",\"isPartOf\":{\"@id\":\"https:\/\/jornalfatosenoticias.com.br\/index.php\/2021\/04\/23\/por-que-as-mudancas-climaticas-estao-fazendo-as-pessoas-desistirem-de-ter-filhos\/\"},\"author\":{\"name\":\"Luzimara Fernandes\",\"@id\":\"https:\/\/jornalfatosenoticias.com.br\/#\/schema\/person\/d63837fa13ac8666eb9e74e0985d6f81\"},\"headline\":\"Por que as mudan\u00e7as clim\u00e1ticas est\u00e3o fazendo as pessoas desistirem de ter filhos?\",\"datePublished\":\"2021-04-23T18:10:55+00:00\",\"dateModified\":\"2021-04-23T18:10:56+00:00\",\"mainEntityOfPage\":{\"@id\":\"https:\/\/jornalfatosenoticias.com.br\/index.php\/2021\/04\/23\/por-que-as-mudancas-climaticas-estao-fazendo-as-pessoas-desistirem-de-ter-filhos\/\"},\"wordCount\":728,\"commentCount\":0,\"publisher\":{\"@id\":\"https:\/\/jornalfatosenoticias.com.br\/#organization\"},\"image\":{\"@id\":\"https:\/\/jornalfatosenoticias.com.br\/index.php\/2021\/04\/23\/por-que-as-mudancas-climaticas-estao-fazendo-as-pessoas-desistirem-de-ter-filhos\/#primaryimage\"},\"thumbnailUrl\":\"https:\/\/jornalfatosenoticias.com.br\/wp-content\/uploads\/2021\/04\/filhos.jpg\",\"keywords\":[\"descendentes\",\"estabilidade\",\"filhos\",\"gerar\",\"mudan\u00e7as clim\u00e1ticas\"],\"articleSection\":[\"Comportamento &amp; Equil\u00edbrio\"],\"inLanguage\":\"pt-BR\",\"potentialAction\":[{\"@type\":\"CommentAction\",\"name\":\"Comment\",\"target\":[\"https:\/\/jornalfatosenoticias.com.br\/index.php\/2021\/04\/23\/por-que-as-mudancas-climaticas-estao-fazendo-as-pessoas-desistirem-de-ter-filhos\/#respond\"]}]},{\"@type\":\"WebPage\",\"@id\":\"https:\/\/jornalfatosenoticias.com.br\/index.php\/2021\/04\/23\/por-que-as-mudancas-climaticas-estao-fazendo-as-pessoas-desistirem-de-ter-filhos\/\",\"url\":\"https:\/\/jornalfatosenoticias.com.br\/index.php\/2021\/04\/23\/por-que-as-mudancas-climaticas-estao-fazendo-as-pessoas-desistirem-de-ter-filhos\/\",\"name\":\"Por que as mudan\u00e7as clim\u00e1ticas est\u00e3o fazendo as pessoas desistirem de ter filhos? - Jornal Fatos e Not\u00edcias\",\"isPartOf\":{\"@id\":\"https:\/\/jornalfatosenoticias.com.br\/#website\"},\"primaryImageOfPage\":{\"@id\":\"https:\/\/jornalfatosenoticias.com.br\/index.php\/2021\/04\/23\/por-que-as-mudancas-climaticas-estao-fazendo-as-pessoas-desistirem-de-ter-filhos\/#primaryimage\"},\"image\":{\"@id\":\"https:\/\/jornalfatosenoticias.com.br\/index.php\/2021\/04\/23\/por-que-as-mudancas-climaticas-estao-fazendo-as-pessoas-desistirem-de-ter-filhos\/#primaryimage\"},\"thumbnailUrl\":\"https:\/\/jornalfatosenoticias.com.br\/wp-content\/uploads\/2021\/04\/filhos.jpg\",\"datePublished\":\"2021-04-23T18:10:55+00:00\",\"dateModified\":\"2021-04-23T18:10:56+00:00\",\"breadcrumb\":{\"@id\":\"https:\/\/jornalfatosenoticias.com.br\/index.php\/2021\/04\/23\/por-que-as-mudancas-climaticas-estao-fazendo-as-pessoas-desistirem-de-ter-filhos\/#breadcrumb\"},\"inLanguage\":\"pt-BR\",\"potentialAction\":[{\"@type\":\"ReadAction\",\"target\":[\"https:\/\/jornalfatosenoticias.com.br\/index.php\/2021\/04\/23\/por-que-as-mudancas-climaticas-estao-fazendo-as-pessoas-desistirem-de-ter-filhos\/\"]}]},{\"@type\":\"ImageObject\",\"inLanguage\":\"pt-BR\",\"@id\":\"https:\/\/jornalfatosenoticias.com.br\/index.php\/2021\/04\/23\/por-que-as-mudancas-climaticas-estao-fazendo-as-pessoas-desistirem-de-ter-filhos\/#primaryimage\",\"url\":\"https:\/\/jornalfatosenoticias.com.br\/wp-content\/uploads\/2021\/04\/filhos.jpg\",\"contentUrl\":\"https:\/\/jornalfatosenoticias.com.br\/wp-content\/uploads\/2021\/04\/filhos.jpg\",\"width\":1000,\"height\":562},{\"@type\":\"BreadcrumbList\",\"@id\":\"https:\/\/jornalfatosenoticias.com.br\/index.php\/2021\/04\/23\/por-que-as-mudancas-climaticas-estao-fazendo-as-pessoas-desistirem-de-ter-filhos\/#breadcrumb\",\"itemListElement\":[{\"@type\":\"ListItem\",\"position\":1,\"name\":\"In\u00edcio\",\"item\":\"https:\/\/jornalfatosenoticias.com.br\/\"},{\"@type\":\"ListItem\",\"position\":2,\"name\":\"Por que as mudan\u00e7as clim\u00e1ticas est\u00e3o fazendo as pessoas desistirem de ter filhos?\"}]},{\"@type\":\"WebSite\",\"@id\":\"https:\/\/jornalfatosenoticias.com.br\/#website\",\"url\":\"https:\/\/jornalfatosenoticias.com.br\/\",\"name\":\"Jornal Fatos e Not\u00edcias\",\"description\":\"Not\u00edcias em geral\",\"publisher\":{\"@id\":\"https:\/\/jornalfatosenoticias.com.br\/#organization\"},\"potentialAction\":[{\"@type\":\"SearchAction\",\"target\":{\"@type\":\"EntryPoint\",\"urlTemplate\":\"https:\/\/jornalfatosenoticias.com.br\/?s={search_term_string}\"},\"query-input\":{\"@type\":\"PropertyValueSpecification\",\"valueRequired\":true,\"valueName\":\"search_term_string\"}}],\"inLanguage\":\"pt-BR\"},{\"@type\":\"Organization\",\"@id\":\"https:\/\/jornalfatosenoticias.com.br\/#organization\",\"name\":\"Jornal Fatos e Not\u00edcias\",\"url\":\"https:\/\/jornalfatosenoticias.com.br\/\",\"logo\":{\"@type\":\"ImageObject\",\"inLanguage\":\"pt-BR\",\"@id\":\"https:\/\/jornalfatosenoticias.com.br\/#\/schema\/logo\/image\/\",\"url\":\"https:\/\/jornalfatosenoticias.com.br\/wp-content\/uploads\/2020\/02\/logo120.png\",\"contentUrl\":\"https:\/\/jornalfatosenoticias.com.br\/wp-content\/uploads\/2020\/02\/logo120.png\",\"width\":1227,\"height\":120,\"caption\":\"Jornal Fatos e Not\u00edcias\"},\"image\":{\"@id\":\"https:\/\/jornalfatosenoticias.com.br\/#\/schema\/logo\/image\/\"}},{\"@type\":\"Person\",\"@id\":\"https:\/\/jornalfatosenoticias.com.br\/#\/schema\/person\/d63837fa13ac8666eb9e74e0985d6f81\",\"name\":\"Luzimara Fernandes\",\"image\":{\"@type\":\"ImageObject\",\"inLanguage\":\"pt-BR\",\"@id\":\"https:\/\/jornalfatosenoticias.com.br\/#\/schema\/person\/image\/\",\"url\":\"https:\/\/jornalfatosenoticias.com.br\/wp-content\/uploads\/2025\/05\/EU_portal.jpg\",\"contentUrl\":\"https:\/\/jornalfatosenoticias.com.br\/wp-content\/uploads\/2025\/05\/EU_portal.jpg\",\"caption\":\"Luzimara Fernandes\"},\"description\":\"Jornalista MTB 2358-ES\",\"sameAs\":[\"https:\/\/jornalfatosenoticias.com.br\"],\"url\":\"https:\/\/jornalfatosenoticias.com.br\/index.php\/author\/luzimara\/\"}]}<\/script>\n<!-- \/ Yoast SEO plugin. -->","yoast_head_json":{"title":"Por que as mudan\u00e7as clim\u00e1ticas est\u00e3o fazendo as pessoas desistirem de ter filhos? - Jornal Fatos e Not\u00edcias","robots":{"index":"index","follow":"follow","max-snippet":"max-snippet:-1","max-image-preview":"max-image-preview:large","max-video-preview":"max-video-preview:-1"},"canonical":"https:\/\/jornalfatosenoticias.com.br\/index.php\/2021\/04\/23\/por-que-as-mudancas-climaticas-estao-fazendo-as-pessoas-desistirem-de-ter-filhos\/","og_locale":"pt_BR","og_type":"article","og_title":"Por que as mudan\u00e7as clim\u00e1ticas est\u00e3o fazendo as pessoas desistirem de ter filhos? - Jornal Fatos e Not\u00edcias","og_description":"Novo estudo explica as motiva\u00e7\u00f5es ambientais por tr\u00e1s de uma decis\u00e3o cada vez mais comum: n\u00e3o gerar descendentes A decis\u00e3o de ter filhos \u2014 ou n\u00e3o ter \u2014 costuma envolver diversos fatores, como finan\u00e7as, estabilidade, valores pessoais e base de apoio familiar. De alguns anos para c\u00e1, no entanto, outro elemento tem sido inclu\u00eddo na [&hellip;]","og_url":"https:\/\/jornalfatosenoticias.com.br\/index.php\/2021\/04\/23\/por-que-as-mudancas-climaticas-estao-fazendo-as-pessoas-desistirem-de-ter-filhos\/","og_site_name":"Jornal Fatos e Not\u00edcias","article_published_time":"2021-04-23T18:10:55+00:00","article_modified_time":"2021-04-23T18:10:56+00:00","og_image":[{"width":1000,"height":562,"url":"https:\/\/jornalfatosenoticias.com.br\/wp-content\/uploads\/2021\/04\/filhos.jpg","type":"image\/jpeg"}],"author":"Luzimara Fernandes","twitter_card":"summary_large_image","twitter_misc":{"Escrito por":"Luzimara Fernandes","Est. tempo de leitura":"4 minutos"},"schema":{"@context":"https:\/\/schema.org","@graph":[{"@type":"Article","@id":"https:\/\/jornalfatosenoticias.com.br\/index.php\/2021\/04\/23\/por-que-as-mudancas-climaticas-estao-fazendo-as-pessoas-desistirem-de-ter-filhos\/#article","isPartOf":{"@id":"https:\/\/jornalfatosenoticias.com.br\/index.php\/2021\/04\/23\/por-que-as-mudancas-climaticas-estao-fazendo-as-pessoas-desistirem-de-ter-filhos\/"},"author":{"name":"Luzimara Fernandes","@id":"https:\/\/jornalfatosenoticias.com.br\/#\/schema\/person\/d63837fa13ac8666eb9e74e0985d6f81"},"headline":"Por que as mudan\u00e7as clim\u00e1ticas est\u00e3o fazendo as pessoas desistirem de ter filhos?","datePublished":"2021-04-23T18:10:55+00:00","dateModified":"2021-04-23T18:10:56+00:00","mainEntityOfPage":{"@id":"https:\/\/jornalfatosenoticias.com.br\/index.php\/2021\/04\/23\/por-que-as-mudancas-climaticas-estao-fazendo-as-pessoas-desistirem-de-ter-filhos\/"},"wordCount":728,"commentCount":0,"publisher":{"@id":"https:\/\/jornalfatosenoticias.com.br\/#organization"},"image":{"@id":"https:\/\/jornalfatosenoticias.com.br\/index.php\/2021\/04\/23\/por-que-as-mudancas-climaticas-estao-fazendo-as-pessoas-desistirem-de-ter-filhos\/#primaryimage"},"thumbnailUrl":"https:\/\/jornalfatosenoticias.com.br\/wp-content\/uploads\/2021\/04\/filhos.jpg","keywords":["descendentes","estabilidade","filhos","gerar","mudan\u00e7as clim\u00e1ticas"],"articleSection":["Comportamento &amp; Equil\u00edbrio"],"inLanguage":"pt-BR","potentialAction":[{"@type":"CommentAction","name":"Comment","target":["https:\/\/jornalfatosenoticias.com.br\/index.php\/2021\/04\/23\/por-que-as-mudancas-climaticas-estao-fazendo-as-pessoas-desistirem-de-ter-filhos\/#respond"]}]},{"@type":"WebPage","@id":"https:\/\/jornalfatosenoticias.com.br\/index.php\/2021\/04\/23\/por-que-as-mudancas-climaticas-estao-fazendo-as-pessoas-desistirem-de-ter-filhos\/","url":"https:\/\/jornalfatosenoticias.com.br\/index.php\/2021\/04\/23\/por-que-as-mudancas-climaticas-estao-fazendo-as-pessoas-desistirem-de-ter-filhos\/","name":"Por que as mudan\u00e7as clim\u00e1ticas est\u00e3o fazendo as pessoas desistirem de ter filhos? - Jornal Fatos e Not\u00edcias","isPartOf":{"@id":"https:\/\/jornalfatosenoticias.com.br\/#website"},"primaryImageOfPage":{"@id":"https:\/\/jornalfatosenoticias.com.br\/index.php\/2021\/04\/23\/por-que-as-mudancas-climaticas-estao-fazendo-as-pessoas-desistirem-de-ter-filhos\/#primaryimage"},"image":{"@id":"https:\/\/jornalfatosenoticias.com.br\/index.php\/2021\/04\/23\/por-que-as-mudancas-climaticas-estao-fazendo-as-pessoas-desistirem-de-ter-filhos\/#primaryimage"},"thumbnailUrl":"https:\/\/jornalfatosenoticias.com.br\/wp-content\/uploads\/2021\/04\/filhos.jpg","datePublished":"2021-04-23T18:10:55+00:00","dateModified":"2021-04-23T18:10:56+00:00","breadcrumb":{"@id":"https:\/\/jornalfatosenoticias.com.br\/index.php\/2021\/04\/23\/por-que-as-mudancas-climaticas-estao-fazendo-as-pessoas-desistirem-de-ter-filhos\/#breadcrumb"},"inLanguage":"pt-BR","potentialAction":[{"@type":"ReadAction","target":["https:\/\/jornalfatosenoticias.com.br\/index.php\/2021\/04\/23\/por-que-as-mudancas-climaticas-estao-fazendo-as-pessoas-desistirem-de-ter-filhos\/"]}]},{"@type":"ImageObject","inLanguage":"pt-BR","@id":"https:\/\/jornalfatosenoticias.com.br\/index.php\/2021\/04\/23\/por-que-as-mudancas-climaticas-estao-fazendo-as-pessoas-desistirem-de-ter-filhos\/#primaryimage","url":"https:\/\/jornalfatosenoticias.com.br\/wp-content\/uploads\/2021\/04\/filhos.jpg","contentUrl":"https:\/\/jornalfatosenoticias.com.br\/wp-content\/uploads\/2021\/04\/filhos.jpg","width":1000,"height":562},{"@type":"BreadcrumbList","@id":"https:\/\/jornalfatosenoticias.com.br\/index.php\/2021\/04\/23\/por-que-as-mudancas-climaticas-estao-fazendo-as-pessoas-desistirem-de-ter-filhos\/#breadcrumb","itemListElement":[{"@type":"ListItem","position":1,"name":"In\u00edcio","item":"https:\/\/jornalfatosenoticias.com.br\/"},{"@type":"ListItem","position":2,"name":"Por que as mudan\u00e7as clim\u00e1ticas est\u00e3o fazendo as pessoas desistirem de ter filhos?"}]},{"@type":"WebSite","@id":"https:\/\/jornalfatosenoticias.com.br\/#website","url":"https:\/\/jornalfatosenoticias.com.br\/","name":"Jornal Fatos e Not\u00edcias","description":"Not\u00edcias em geral","publisher":{"@id":"https:\/\/jornalfatosenoticias.com.br\/#organization"},"potentialAction":[{"@type":"SearchAction","target":{"@type":"EntryPoint","urlTemplate":"https:\/\/jornalfatosenoticias.com.br\/?s={search_term_string}"},"query-input":{"@type":"PropertyValueSpecification","valueRequired":true,"valueName":"search_term_string"}}],"inLanguage":"pt-BR"},{"@type":"Organization","@id":"https:\/\/jornalfatosenoticias.com.br\/#organization","name":"Jornal Fatos e Not\u00edcias","url":"https:\/\/jornalfatosenoticias.com.br\/","logo":{"@type":"ImageObject","inLanguage":"pt-BR","@id":"https:\/\/jornalfatosenoticias.com.br\/#\/schema\/logo\/image\/","url":"https:\/\/jornalfatosenoticias.com.br\/wp-content\/uploads\/2020\/02\/logo120.png","contentUrl":"https:\/\/jornalfatosenoticias.com.br\/wp-content\/uploads\/2020\/02\/logo120.png","width":1227,"height":120,"caption":"Jornal Fatos e Not\u00edcias"},"image":{"@id":"https:\/\/jornalfatosenoticias.com.br\/#\/schema\/logo\/image\/"}},{"@type":"Person","@id":"https:\/\/jornalfatosenoticias.com.br\/#\/schema\/person\/d63837fa13ac8666eb9e74e0985d6f81","name":"Luzimara Fernandes","image":{"@type":"ImageObject","inLanguage":"pt-BR","@id":"https:\/\/jornalfatosenoticias.com.br\/#\/schema\/person\/image\/","url":"https:\/\/jornalfatosenoticias.com.br\/wp-content\/uploads\/2025\/05\/EU_portal.jpg","contentUrl":"https:\/\/jornalfatosenoticias.com.br\/wp-content\/uploads\/2025\/05\/EU_portal.jpg","caption":"Luzimara Fernandes"},"description":"Jornalista MTB 2358-ES","sameAs":["https:\/\/jornalfatosenoticias.com.br"],"url":"https:\/\/jornalfatosenoticias.com.br\/index.php\/author\/luzimara\/"}]}},"cc_featured_image_caption":{"caption_text":"(Foto: StockSnap\/Pixabay)","source_text":"","source_url":""},"jetpack_featured_media_url":"https:\/\/jornalfatosenoticias.com.br\/wp-content\/uploads\/2021\/04\/filhos.jpg","_links":{"self":[{"href":"https:\/\/jornalfatosenoticias.com.br\/index.php\/wp-json\/wp\/v2\/posts\/17425","targetHints":{"allow":["GET"]}}],"collection":[{"href":"https:\/\/jornalfatosenoticias.com.br\/index.php\/wp-json\/wp\/v2\/posts"}],"about":[{"href":"https:\/\/jornalfatosenoticias.com.br\/index.php\/wp-json\/wp\/v2\/types\/post"}],"author":[{"embeddable":true,"href":"https:\/\/jornalfatosenoticias.com.br\/index.php\/wp-json\/wp\/v2\/users\/2"}],"replies":[{"embeddable":true,"href":"https:\/\/jornalfatosenoticias.com.br\/index.php\/wp-json\/wp\/v2\/comments?post=17425"}],"version-history":[{"count":0,"href":"https:\/\/jornalfatosenoticias.com.br\/index.php\/wp-json\/wp\/v2\/posts\/17425\/revisions"}],"wp:featuredmedia":[{"embeddable":true,"href":"https:\/\/jornalfatosenoticias.com.br\/index.php\/wp-json\/wp\/v2\/media\/17426"}],"wp:attachment":[{"href":"https:\/\/jornalfatosenoticias.com.br\/index.php\/wp-json\/wp\/v2\/media?parent=17425"}],"wp:term":[{"taxonomy":"category","embeddable":true,"href":"https:\/\/jornalfatosenoticias.com.br\/index.php\/wp-json\/wp\/v2\/categories?post=17425"},{"taxonomy":"post_tag","embeddable":true,"href":"https:\/\/jornalfatosenoticias.com.br\/index.php\/wp-json\/wp\/v2\/tags?post=17425"}],"curies":[{"name":"wp","href":"https:\/\/api.w.org\/{rel}","templated":true}]}}