{"id":17438,"date":"2021-04-26T09:25:21","date_gmt":"2021-04-26T12:25:21","guid":{"rendered":"https:\/\/jornalfatosenoticias.com.br\/?p=17438"},"modified":"2021-04-26T09:25:22","modified_gmt":"2021-04-26T12:25:22","slug":"adultos-mais-velhos-podem-ser-mais-focados-e-menos-ansiosos-diz-estudo","status":"publish","type":"post","link":"https:\/\/jornalfatosenoticias.com.br\/index.php\/2021\/04\/26\/adultos-mais-velhos-podem-ser-mais-focados-e-menos-ansiosos-diz-estudo\/","title":{"rendered":"Adultos mais velhos podem ser mais focados e menos ansiosos, diz estudo"},"content":{"rendered":"\n<p><em>Adultos mais velhos parecem mitigar aspectos negativos do decl\u00ednio cognitivo criando estrat\u00e9gias eficientes para manter o foco, revela pesquisa<\/em><\/p>\n\n\n\n<p>Os adultos mais velhos podem ser mais focados, menos inquietos mentalmente e serem menos afetados pela <a href=\"https:\/\/www.uol.com.br\/vivabem\/noticias\/redacao\/2018\/07\/17\/ansiedade-o-que-e-quais-os-tipos-os-sintomas-e-tratamentos-mais-eficazes.htm\">ansiedade<\/a> do que os mais jovens. Essas s\u00e3o algumas das conclus\u00f5es de uma <a href=\"https:\/\/neurosciencenews.com\/aging-focus-attention-17725\/\">nova pesquisa do Instituto de Neuroci\u00eancia do Trinity College<\/a>, em Dublin. O trabalho foi publicado na edi\u00e7\u00e3o de fevereiro da revista &#8220;Psychology and Aging&#8221;.<br>&#8220;\u00c9 importante ressaltar que os adultos mais velhos parecem mitigar os aspectos negativos do decl\u00ednio cognitivo, aumentando a motiva\u00e7\u00e3o e adotando estrat\u00e9gias mais eficientes para suspender a mente errante quando o foco \u00e9 necess\u00e1rio&#8221;, afirmou o doutor Paul Dockree, professor de psicologia e coautor do estudo.<br>O m\u00e9dico ainda destacou que &#8220;&#8216;velho e distra\u00eddo&#8217; \u00e9 uma frase que \u00e9 reconhecida na linguagem comum, mas n\u00e3o cont\u00e9m uma verdade universal&#8221;.<br>A equipe investigou se a natureza e a frequ\u00eancia da divaga\u00e7\u00e3o mental mudou com a idade e aplicou testes cognitivos e psicol\u00f3gicos para avaliar a divaga\u00e7\u00e3o mental intencional e n\u00e3o intencional.<br>Eles empregaram uma abordagem metodol\u00f3gica por meio da qual adultos mais velhos saud\u00e1veis realizaram uma tarefa de aten\u00e7\u00e3o computadorizada que, periodicamente, pedia aos participantes que relatassem seu estado mental atual.<br>&#8220;A pesquisa sobre diferentes estados de aten\u00e7\u00e3o \u00e9 vital para moldar nossa compreens\u00e3o do c\u00e9rebro e do processo natural de envelhecimento e pode ajudar a informar futuras interven\u00e7\u00f5es destinadas a promover o envelhecimento saud\u00e1vel&#8221;, diz o texto do estudo.<\/p>\n\n\n\n<h4 class=\"wp-block-heading\"><span class=\"has-inline-color has-black-color\">As principais conclus\u00f5es foram:<\/span><\/h4>\n\n\n\n<ul class=\"wp-block-list\"><li>Adultos mais velhos exibiram uma tend\u00eancia menor para divaga\u00e7\u00f5es mentais, tanto involuntariamente quanto intencionalmente, do que os adultos mais jovens. No total, adultos mais velhos e mais jovens relataram divaga\u00e7\u00f5es mentais 27% e 45%, respectivamente, em resposta \u00e0s sondagens de pensamento durante a tarefa.<\/li><\/ul>\n\n\n\n<ul class=\"wp-block-list\"><li>Adultos mais jovens e mais velhos demonstraram desempenho de tarefas semelhante; embora, adultos mais velhos tenham desempenho com menos variabilidade, indicando melhor foco geral.<\/li><\/ul>\n\n\n\n<ul class=\"wp-block-list\"><li>Apesar do pior desempenho em testes cognitivos padr\u00e3o, os adultos mais velhos exibiram n\u00edveis mais baixos de ansiedade e depress\u00e3o, menos dificuldades subjetivas de aten\u00e7\u00e3o e maior motiva\u00e7\u00e3o relacionada \u00e0 tarefa do que os mais jovens.<\/li><\/ul>\n\n\n\n<ul class=\"wp-block-list\"><li>As an\u00e1lises destacam as qualidades adaptativas de adultos mais velhos que foram capazes de reduzir suas divaga\u00e7\u00f5es mentais n\u00e3o intencionais por meio de seus n\u00edveis mais baixos de ansiedade e maior motiva\u00e7\u00e3o para a tarefa do que o grupo mais jovem mentalmente inquieto.<\/li><\/ul>\n\n\n\n<p>&#8220;Nossa pesquisa fornece uma nova vis\u00e3o sobre a influ\u00eancia do processo natural de envelhecimento na divaga\u00e7\u00e3o da mente. Destacamos as estrat\u00e9gias adaptativas e qualidades positivas adotadas por adultos mais velhos que levaram a uma redu\u00e7\u00e3o ben\u00e9fica em sua divaga\u00e7\u00e3o mental e desempenho equivalente com adultos mais jovens&#8221;, afirmou Catherine Moran, autora principal do estudo. &#8220;Dissecar os mecanismos subjacentes aos diferentes processos cognitivos pode ser uma indica\u00e7\u00e3o importante do envelhecimento bem-sucedido&#8221;, completou.<\/p>\n\n\n\n<p><strong><em>Fonte: <a href=\"https:\/\/www.uol.com.br\/vivabem\/noticias\/redacao\/2021\/04\/22\/adultos-mais-velhos-podem-ser-mais-focados-e-menos-ansiosos-diz-estudo.htm\">UOL<\/a><\/em><\/strong><\/p>\n","protected":false},"excerpt":{"rendered":"<p>Adultos mais velhos parecem mitigar aspectos negativos do decl\u00ednio cognitivo criando estrat\u00e9gias eficientes para manter o foco, revela pesquisa Os adultos mais velhos podem ser mais focados, menos inquietos mentalmente e serem menos afetados pela ansiedade do que os mais jovens. Essas s\u00e3o algumas das conclus\u00f5es de uma nova pesquisa do Instituto de Neuroci\u00eancia do [&hellip;]<\/p>\n","protected":false},"author":2,"featured_media":17439,"comment_status":"open","ping_status":"open","sticky":false,"template":"","format":"standard","meta":{"footnotes":""},"categories":[2522],"tags":[8689,2279,8688,8690,5518],"class_list":["post-17438","post","type-post","status-publish","format-standard","has-post-thumbnail","hentry","category-comportamento","tag-adultos-mais-velhos","tag-ansiedade","tag-ansiosos","tag-declinio-cognitivo","tag-idade"],"yoast_head":"<!-- This site is optimized with the Yoast SEO plugin v26.5 - https:\/\/yoast.com\/wordpress\/plugins\/seo\/ -->\n<title>Adultos mais velhos podem ser mais focados e menos ansiosos, diz estudo - Jornal Fatos e Not\u00edcias<\/title>\n<meta name=\"robots\" content=\"index, follow, max-snippet:-1, max-image-preview:large, max-video-preview:-1\" \/>\n<link rel=\"canonical\" href=\"https:\/\/jornalfatosenoticias.com.br\/index.php\/2021\/04\/26\/adultos-mais-velhos-podem-ser-mais-focados-e-menos-ansiosos-diz-estudo\/\" \/>\n<meta property=\"og:locale\" content=\"pt_BR\" \/>\n<meta property=\"og:type\" content=\"article\" \/>\n<meta property=\"og:title\" content=\"Adultos mais velhos podem ser mais focados e menos ansiosos, diz estudo - Jornal Fatos e Not\u00edcias\" \/>\n<meta property=\"og:description\" content=\"Adultos mais velhos parecem mitigar aspectos negativos do decl\u00ednio cognitivo criando estrat\u00e9gias eficientes para manter o foco, revela pesquisa Os adultos mais velhos podem ser mais focados, menos inquietos mentalmente e serem menos afetados pela ansiedade do que os mais jovens. Essas s\u00e3o algumas das conclus\u00f5es de uma nova pesquisa do Instituto de Neuroci\u00eancia do [&hellip;]\" \/>\n<meta property=\"og:url\" content=\"https:\/\/jornalfatosenoticias.com.br\/index.php\/2021\/04\/26\/adultos-mais-velhos-podem-ser-mais-focados-e-menos-ansiosos-diz-estudo\/\" \/>\n<meta property=\"og:site_name\" content=\"Jornal Fatos e Not\u00edcias\" \/>\n<meta property=\"article:published_time\" content=\"2021-04-26T12:25:21+00:00\" \/>\n<meta property=\"article:modified_time\" content=\"2021-04-26T12:25:22+00:00\" \/>\n<meta property=\"og:image\" content=\"https:\/\/jornalfatosenoticias.com.br\/wp-content\/uploads\/2021\/04\/ADULTOS-MAIS-VELHOS.jpg\" \/>\n\t<meta property=\"og:image:width\" content=\"1000\" \/>\n\t<meta property=\"og:image:height\" content=\"562\" \/>\n\t<meta property=\"og:image:type\" content=\"image\/jpeg\" \/>\n<meta name=\"author\" content=\"Luzimara Fernandes\" \/>\n<meta name=\"twitter:card\" content=\"summary_large_image\" \/>\n<meta name=\"twitter:label1\" content=\"Escrito por\" \/>\n\t<meta name=\"twitter:data1\" content=\"Luzimara Fernandes\" \/>\n\t<meta name=\"twitter:label2\" content=\"Est. tempo de leitura\" \/>\n\t<meta name=\"twitter:data2\" content=\"3 minutos\" \/>\n<script type=\"application\/ld+json\" class=\"yoast-schema-graph\">{\"@context\":\"https:\/\/schema.org\",\"@graph\":[{\"@type\":\"Article\",\"@id\":\"https:\/\/jornalfatosenoticias.com.br\/index.php\/2021\/04\/26\/adultos-mais-velhos-podem-ser-mais-focados-e-menos-ansiosos-diz-estudo\/#article\",\"isPartOf\":{\"@id\":\"https:\/\/jornalfatosenoticias.com.br\/index.php\/2021\/04\/26\/adultos-mais-velhos-podem-ser-mais-focados-e-menos-ansiosos-diz-estudo\/\"},\"author\":{\"name\":\"Luzimara Fernandes\",\"@id\":\"https:\/\/jornalfatosenoticias.com.br\/#\/schema\/person\/d63837fa13ac8666eb9e74e0985d6f81\"},\"headline\":\"Adultos mais velhos podem ser mais focados e menos ansiosos, diz estudo\",\"datePublished\":\"2021-04-26T12:25:21+00:00\",\"dateModified\":\"2021-04-26T12:25:22+00:00\",\"mainEntityOfPage\":{\"@id\":\"https:\/\/jornalfatosenoticias.com.br\/index.php\/2021\/04\/26\/adultos-mais-velhos-podem-ser-mais-focados-e-menos-ansiosos-diz-estudo\/\"},\"wordCount\":518,\"commentCount\":0,\"publisher\":{\"@id\":\"https:\/\/jornalfatosenoticias.com.br\/#organization\"},\"image\":{\"@id\":\"https:\/\/jornalfatosenoticias.com.br\/index.php\/2021\/04\/26\/adultos-mais-velhos-podem-ser-mais-focados-e-menos-ansiosos-diz-estudo\/#primaryimage\"},\"thumbnailUrl\":\"https:\/\/jornalfatosenoticias.com.br\/wp-content\/uploads\/2021\/04\/ADULTOS-MAIS-VELHOS.jpg\",\"keywords\":[\"adultos mais velhos\",\"ansiedade\",\"ansiosos\",\"decl\u00ednio cognitivo\",\"idade\"],\"articleSection\":[\"Comportamento &amp; Equil\u00edbrio\"],\"inLanguage\":\"pt-BR\",\"potentialAction\":[{\"@type\":\"CommentAction\",\"name\":\"Comment\",\"target\":[\"https:\/\/jornalfatosenoticias.com.br\/index.php\/2021\/04\/26\/adultos-mais-velhos-podem-ser-mais-focados-e-menos-ansiosos-diz-estudo\/#respond\"]}]},{\"@type\":\"WebPage\",\"@id\":\"https:\/\/jornalfatosenoticias.com.br\/index.php\/2021\/04\/26\/adultos-mais-velhos-podem-ser-mais-focados-e-menos-ansiosos-diz-estudo\/\",\"url\":\"https:\/\/jornalfatosenoticias.com.br\/index.php\/2021\/04\/26\/adultos-mais-velhos-podem-ser-mais-focados-e-menos-ansiosos-diz-estudo\/\",\"name\":\"Adultos mais velhos podem ser mais focados e menos ansiosos, diz estudo - Jornal Fatos e Not\u00edcias\",\"isPartOf\":{\"@id\":\"https:\/\/jornalfatosenoticias.com.br\/#website\"},\"primaryImageOfPage\":{\"@id\":\"https:\/\/jornalfatosenoticias.com.br\/index.php\/2021\/04\/26\/adultos-mais-velhos-podem-ser-mais-focados-e-menos-ansiosos-diz-estudo\/#primaryimage\"},\"image\":{\"@id\":\"https:\/\/jornalfatosenoticias.com.br\/index.php\/2021\/04\/26\/adultos-mais-velhos-podem-ser-mais-focados-e-menos-ansiosos-diz-estudo\/#primaryimage\"},\"thumbnailUrl\":\"https:\/\/jornalfatosenoticias.com.br\/wp-content\/uploads\/2021\/04\/ADULTOS-MAIS-VELHOS.jpg\",\"datePublished\":\"2021-04-26T12:25:21+00:00\",\"dateModified\":\"2021-04-26T12:25:22+00:00\",\"breadcrumb\":{\"@id\":\"https:\/\/jornalfatosenoticias.com.br\/index.php\/2021\/04\/26\/adultos-mais-velhos-podem-ser-mais-focados-e-menos-ansiosos-diz-estudo\/#breadcrumb\"},\"inLanguage\":\"pt-BR\",\"potentialAction\":[{\"@type\":\"ReadAction\",\"target\":[\"https:\/\/jornalfatosenoticias.com.br\/index.php\/2021\/04\/26\/adultos-mais-velhos-podem-ser-mais-focados-e-menos-ansiosos-diz-estudo\/\"]}]},{\"@type\":\"ImageObject\",\"inLanguage\":\"pt-BR\",\"@id\":\"https:\/\/jornalfatosenoticias.com.br\/index.php\/2021\/04\/26\/adultos-mais-velhos-podem-ser-mais-focados-e-menos-ansiosos-diz-estudo\/#primaryimage\",\"url\":\"https:\/\/jornalfatosenoticias.com.br\/wp-content\/uploads\/2021\/04\/ADULTOS-MAIS-VELHOS.jpg\",\"contentUrl\":\"https:\/\/jornalfatosenoticias.com.br\/wp-content\/uploads\/2021\/04\/ADULTOS-MAIS-VELHOS.jpg\",\"width\":1000,\"height\":562},{\"@type\":\"BreadcrumbList\",\"@id\":\"https:\/\/jornalfatosenoticias.com.br\/index.php\/2021\/04\/26\/adultos-mais-velhos-podem-ser-mais-focados-e-menos-ansiosos-diz-estudo\/#breadcrumb\",\"itemListElement\":[{\"@type\":\"ListItem\",\"position\":1,\"name\":\"In\u00edcio\",\"item\":\"https:\/\/jornalfatosenoticias.com.br\/\"},{\"@type\":\"ListItem\",\"position\":2,\"name\":\"Adultos mais velhos podem ser mais focados e menos ansiosos, diz estudo\"}]},{\"@type\":\"WebSite\",\"@id\":\"https:\/\/jornalfatosenoticias.com.br\/#website\",\"url\":\"https:\/\/jornalfatosenoticias.com.br\/\",\"name\":\"Jornal Fatos e Not\u00edcias\",\"description\":\"Not\u00edcias em geral\",\"publisher\":{\"@id\":\"https:\/\/jornalfatosenoticias.com.br\/#organization\"},\"potentialAction\":[{\"@type\":\"SearchAction\",\"target\":{\"@type\":\"EntryPoint\",\"urlTemplate\":\"https:\/\/jornalfatosenoticias.com.br\/?s={search_term_string}\"},\"query-input\":{\"@type\":\"PropertyValueSpecification\",\"valueRequired\":true,\"valueName\":\"search_term_string\"}}],\"inLanguage\":\"pt-BR\"},{\"@type\":\"Organization\",\"@id\":\"https:\/\/jornalfatosenoticias.com.br\/#organization\",\"name\":\"Jornal Fatos e Not\u00edcias\",\"url\":\"https:\/\/jornalfatosenoticias.com.br\/\",\"logo\":{\"@type\":\"ImageObject\",\"inLanguage\":\"pt-BR\",\"@id\":\"https:\/\/jornalfatosenoticias.com.br\/#\/schema\/logo\/image\/\",\"url\":\"https:\/\/jornalfatosenoticias.com.br\/wp-content\/uploads\/2020\/02\/logo120.png\",\"contentUrl\":\"https:\/\/jornalfatosenoticias.com.br\/wp-content\/uploads\/2020\/02\/logo120.png\",\"width\":1227,\"height\":120,\"caption\":\"Jornal Fatos e Not\u00edcias\"},\"image\":{\"@id\":\"https:\/\/jornalfatosenoticias.com.br\/#\/schema\/logo\/image\/\"}},{\"@type\":\"Person\",\"@id\":\"https:\/\/jornalfatosenoticias.com.br\/#\/schema\/person\/d63837fa13ac8666eb9e74e0985d6f81\",\"name\":\"Luzimara Fernandes\",\"image\":{\"@type\":\"ImageObject\",\"inLanguage\":\"pt-BR\",\"@id\":\"https:\/\/jornalfatosenoticias.com.br\/#\/schema\/person\/image\/\",\"url\":\"https:\/\/jornalfatosenoticias.com.br\/wp-content\/uploads\/2025\/05\/EU_portal.jpg\",\"contentUrl\":\"https:\/\/jornalfatosenoticias.com.br\/wp-content\/uploads\/2025\/05\/EU_portal.jpg\",\"caption\":\"Luzimara Fernandes\"},\"description\":\"Jornalista MTB 2358-ES\",\"sameAs\":[\"https:\/\/jornalfatosenoticias.com.br\"],\"url\":\"https:\/\/jornalfatosenoticias.com.br\/index.php\/author\/luzimara\/\"}]}<\/script>\n<!-- \/ Yoast SEO plugin. -->","yoast_head_json":{"title":"Adultos mais velhos podem ser mais focados e menos ansiosos, diz estudo - Jornal Fatos e Not\u00edcias","robots":{"index":"index","follow":"follow","max-snippet":"max-snippet:-1","max-image-preview":"max-image-preview:large","max-video-preview":"max-video-preview:-1"},"canonical":"https:\/\/jornalfatosenoticias.com.br\/index.php\/2021\/04\/26\/adultos-mais-velhos-podem-ser-mais-focados-e-menos-ansiosos-diz-estudo\/","og_locale":"pt_BR","og_type":"article","og_title":"Adultos mais velhos podem ser mais focados e menos ansiosos, diz estudo - Jornal Fatos e Not\u00edcias","og_description":"Adultos mais velhos parecem mitigar aspectos negativos do decl\u00ednio cognitivo criando estrat\u00e9gias eficientes para manter o foco, revela pesquisa Os adultos mais velhos podem ser mais focados, menos inquietos mentalmente e serem menos afetados pela ansiedade do que os mais jovens. Essas s\u00e3o algumas das conclus\u00f5es de uma nova pesquisa do Instituto de Neuroci\u00eancia do [&hellip;]","og_url":"https:\/\/jornalfatosenoticias.com.br\/index.php\/2021\/04\/26\/adultos-mais-velhos-podem-ser-mais-focados-e-menos-ansiosos-diz-estudo\/","og_site_name":"Jornal Fatos e Not\u00edcias","article_published_time":"2021-04-26T12:25:21+00:00","article_modified_time":"2021-04-26T12:25:22+00:00","og_image":[{"width":1000,"height":562,"url":"https:\/\/jornalfatosenoticias.com.br\/wp-content\/uploads\/2021\/04\/ADULTOS-MAIS-VELHOS.jpg","type":"image\/jpeg"}],"author":"Luzimara Fernandes","twitter_card":"summary_large_image","twitter_misc":{"Escrito por":"Luzimara Fernandes","Est. tempo de leitura":"3 minutos"},"schema":{"@context":"https:\/\/schema.org","@graph":[{"@type":"Article","@id":"https:\/\/jornalfatosenoticias.com.br\/index.php\/2021\/04\/26\/adultos-mais-velhos-podem-ser-mais-focados-e-menos-ansiosos-diz-estudo\/#article","isPartOf":{"@id":"https:\/\/jornalfatosenoticias.com.br\/index.php\/2021\/04\/26\/adultos-mais-velhos-podem-ser-mais-focados-e-menos-ansiosos-diz-estudo\/"},"author":{"name":"Luzimara Fernandes","@id":"https:\/\/jornalfatosenoticias.com.br\/#\/schema\/person\/d63837fa13ac8666eb9e74e0985d6f81"},"headline":"Adultos mais velhos podem ser mais focados e menos ansiosos, diz estudo","datePublished":"2021-04-26T12:25:21+00:00","dateModified":"2021-04-26T12:25:22+00:00","mainEntityOfPage":{"@id":"https:\/\/jornalfatosenoticias.com.br\/index.php\/2021\/04\/26\/adultos-mais-velhos-podem-ser-mais-focados-e-menos-ansiosos-diz-estudo\/"},"wordCount":518,"commentCount":0,"publisher":{"@id":"https:\/\/jornalfatosenoticias.com.br\/#organization"},"image":{"@id":"https:\/\/jornalfatosenoticias.com.br\/index.php\/2021\/04\/26\/adultos-mais-velhos-podem-ser-mais-focados-e-menos-ansiosos-diz-estudo\/#primaryimage"},"thumbnailUrl":"https:\/\/jornalfatosenoticias.com.br\/wp-content\/uploads\/2021\/04\/ADULTOS-MAIS-VELHOS.jpg","keywords":["adultos mais velhos","ansiedade","ansiosos","decl\u00ednio cognitivo","idade"],"articleSection":["Comportamento &amp; Equil\u00edbrio"],"inLanguage":"pt-BR","potentialAction":[{"@type":"CommentAction","name":"Comment","target":["https:\/\/jornalfatosenoticias.com.br\/index.php\/2021\/04\/26\/adultos-mais-velhos-podem-ser-mais-focados-e-menos-ansiosos-diz-estudo\/#respond"]}]},{"@type":"WebPage","@id":"https:\/\/jornalfatosenoticias.com.br\/index.php\/2021\/04\/26\/adultos-mais-velhos-podem-ser-mais-focados-e-menos-ansiosos-diz-estudo\/","url":"https:\/\/jornalfatosenoticias.com.br\/index.php\/2021\/04\/26\/adultos-mais-velhos-podem-ser-mais-focados-e-menos-ansiosos-diz-estudo\/","name":"Adultos mais velhos podem ser mais focados e menos ansiosos, diz estudo - Jornal Fatos e Not\u00edcias","isPartOf":{"@id":"https:\/\/jornalfatosenoticias.com.br\/#website"},"primaryImageOfPage":{"@id":"https:\/\/jornalfatosenoticias.com.br\/index.php\/2021\/04\/26\/adultos-mais-velhos-podem-ser-mais-focados-e-menos-ansiosos-diz-estudo\/#primaryimage"},"image":{"@id":"https:\/\/jornalfatosenoticias.com.br\/index.php\/2021\/04\/26\/adultos-mais-velhos-podem-ser-mais-focados-e-menos-ansiosos-diz-estudo\/#primaryimage"},"thumbnailUrl":"https:\/\/jornalfatosenoticias.com.br\/wp-content\/uploads\/2021\/04\/ADULTOS-MAIS-VELHOS.jpg","datePublished":"2021-04-26T12:25:21+00:00","dateModified":"2021-04-26T12:25:22+00:00","breadcrumb":{"@id":"https:\/\/jornalfatosenoticias.com.br\/index.php\/2021\/04\/26\/adultos-mais-velhos-podem-ser-mais-focados-e-menos-ansiosos-diz-estudo\/#breadcrumb"},"inLanguage":"pt-BR","potentialAction":[{"@type":"ReadAction","target":["https:\/\/jornalfatosenoticias.com.br\/index.php\/2021\/04\/26\/adultos-mais-velhos-podem-ser-mais-focados-e-menos-ansiosos-diz-estudo\/"]}]},{"@type":"ImageObject","inLanguage":"pt-BR","@id":"https:\/\/jornalfatosenoticias.com.br\/index.php\/2021\/04\/26\/adultos-mais-velhos-podem-ser-mais-focados-e-menos-ansiosos-diz-estudo\/#primaryimage","url":"https:\/\/jornalfatosenoticias.com.br\/wp-content\/uploads\/2021\/04\/ADULTOS-MAIS-VELHOS.jpg","contentUrl":"https:\/\/jornalfatosenoticias.com.br\/wp-content\/uploads\/2021\/04\/ADULTOS-MAIS-VELHOS.jpg","width":1000,"height":562},{"@type":"BreadcrumbList","@id":"https:\/\/jornalfatosenoticias.com.br\/index.php\/2021\/04\/26\/adultos-mais-velhos-podem-ser-mais-focados-e-menos-ansiosos-diz-estudo\/#breadcrumb","itemListElement":[{"@type":"ListItem","position":1,"name":"In\u00edcio","item":"https:\/\/jornalfatosenoticias.com.br\/"},{"@type":"ListItem","position":2,"name":"Adultos mais velhos podem ser mais focados e menos ansiosos, diz estudo"}]},{"@type":"WebSite","@id":"https:\/\/jornalfatosenoticias.com.br\/#website","url":"https:\/\/jornalfatosenoticias.com.br\/","name":"Jornal Fatos e Not\u00edcias","description":"Not\u00edcias em geral","publisher":{"@id":"https:\/\/jornalfatosenoticias.com.br\/#organization"},"potentialAction":[{"@type":"SearchAction","target":{"@type":"EntryPoint","urlTemplate":"https:\/\/jornalfatosenoticias.com.br\/?s={search_term_string}"},"query-input":{"@type":"PropertyValueSpecification","valueRequired":true,"valueName":"search_term_string"}}],"inLanguage":"pt-BR"},{"@type":"Organization","@id":"https:\/\/jornalfatosenoticias.com.br\/#organization","name":"Jornal Fatos e Not\u00edcias","url":"https:\/\/jornalfatosenoticias.com.br\/","logo":{"@type":"ImageObject","inLanguage":"pt-BR","@id":"https:\/\/jornalfatosenoticias.com.br\/#\/schema\/logo\/image\/","url":"https:\/\/jornalfatosenoticias.com.br\/wp-content\/uploads\/2020\/02\/logo120.png","contentUrl":"https:\/\/jornalfatosenoticias.com.br\/wp-content\/uploads\/2020\/02\/logo120.png","width":1227,"height":120,"caption":"Jornal Fatos e Not\u00edcias"},"image":{"@id":"https:\/\/jornalfatosenoticias.com.br\/#\/schema\/logo\/image\/"}},{"@type":"Person","@id":"https:\/\/jornalfatosenoticias.com.br\/#\/schema\/person\/d63837fa13ac8666eb9e74e0985d6f81","name":"Luzimara Fernandes","image":{"@type":"ImageObject","inLanguage":"pt-BR","@id":"https:\/\/jornalfatosenoticias.com.br\/#\/schema\/person\/image\/","url":"https:\/\/jornalfatosenoticias.com.br\/wp-content\/uploads\/2025\/05\/EU_portal.jpg","contentUrl":"https:\/\/jornalfatosenoticias.com.br\/wp-content\/uploads\/2025\/05\/EU_portal.jpg","caption":"Luzimara Fernandes"},"description":"Jornalista MTB 2358-ES","sameAs":["https:\/\/jornalfatosenoticias.com.br"],"url":"https:\/\/jornalfatosenoticias.com.br\/index.php\/author\/luzimara\/"}]}},"cc_featured_image_caption":{"caption_text":"(Foto: iStock)","source_text":"","source_url":""},"jetpack_featured_media_url":"https:\/\/jornalfatosenoticias.com.br\/wp-content\/uploads\/2021\/04\/ADULTOS-MAIS-VELHOS.jpg","_links":{"self":[{"href":"https:\/\/jornalfatosenoticias.com.br\/index.php\/wp-json\/wp\/v2\/posts\/17438","targetHints":{"allow":["GET"]}}],"collection":[{"href":"https:\/\/jornalfatosenoticias.com.br\/index.php\/wp-json\/wp\/v2\/posts"}],"about":[{"href":"https:\/\/jornalfatosenoticias.com.br\/index.php\/wp-json\/wp\/v2\/types\/post"}],"author":[{"embeddable":true,"href":"https:\/\/jornalfatosenoticias.com.br\/index.php\/wp-json\/wp\/v2\/users\/2"}],"replies":[{"embeddable":true,"href":"https:\/\/jornalfatosenoticias.com.br\/index.php\/wp-json\/wp\/v2\/comments?post=17438"}],"version-history":[{"count":0,"href":"https:\/\/jornalfatosenoticias.com.br\/index.php\/wp-json\/wp\/v2\/posts\/17438\/revisions"}],"wp:featuredmedia":[{"embeddable":true,"href":"https:\/\/jornalfatosenoticias.com.br\/index.php\/wp-json\/wp\/v2\/media\/17439"}],"wp:attachment":[{"href":"https:\/\/jornalfatosenoticias.com.br\/index.php\/wp-json\/wp\/v2\/media?parent=17438"}],"wp:term":[{"taxonomy":"category","embeddable":true,"href":"https:\/\/jornalfatosenoticias.com.br\/index.php\/wp-json\/wp\/v2\/categories?post=17438"},{"taxonomy":"post_tag","embeddable":true,"href":"https:\/\/jornalfatosenoticias.com.br\/index.php\/wp-json\/wp\/v2\/tags?post=17438"}],"curies":[{"name":"wp","href":"https:\/\/api.w.org\/{rel}","templated":true}]}}