{"id":17442,"date":"2021-04-26T09:46:07","date_gmt":"2021-04-26T12:46:07","guid":{"rendered":"https:\/\/jornalfatosenoticias.com.br\/?p=17442"},"modified":"2021-04-26T09:46:13","modified_gmt":"2021-04-26T12:46:13","slug":"dia-do-goleiro-e-celebrado-nesta-segunda-feira","status":"publish","type":"post","link":"https:\/\/jornalfatosenoticias.com.br\/index.php\/2021\/04\/26\/dia-do-goleiro-e-celebrado-nesta-segunda-feira\/","title":{"rendered":"Dia do Goleiro \u00e9 celebrado nesta segunda-feira"},"content":{"rendered":"\n<p><em>Sina de fam\u00edlia, diferen\u00e7as, t\u00e9cnicas e as facetas de alguns arqueiros<\/em><\/p>\n\n\n\n<p>O mais solit\u00e1rio dos jogadores de futebol dentro de campo, o goleiro, tem um dia dedicado \u00e0 posi\u00e7\u00e3o: 26 de abril. A data \u00e9 uma homenagem ao nascimento de Hailton Corr\u00eaa de Arruda, o lend\u00e1rio Manga. O ex-jogador completa hoje 84 anos e vive no Retiro dos Artistas, no Rio de Janeiro, onde brilhou por anos no Botafogo (1959\/1968) vindo do Sport de Recife. \u201cFoi o maior goleiro da hist\u00f3ria do clube\u201d, aponta o comentarista da R\u00e1dio Nacional, Waldir Luiz, que o viu atuar pessoalmente. \u201cEm est\u00e1dios menores, eu gostava de ficar atr\u00e1s do gol para ver as defesas dele\u201d, recorda, destacando que o pernambucano tamb\u00e9m teve passagem marcante pelo Internacional-RS (1974\/1976).<br>Pela Sele\u00e7\u00e3o Brasileira, o goleiro que jogava sem luvas fez parte do elenco frustrado da Copa de 1966 na Inglaterra. \u201cEle n\u00e3o foi t\u00e3o feliz atuando pelo Brasil. Teve um amistoso (1965) contra a antiga Uni\u00e3o Sovi\u00e9tica, num Maracan\u00e3 com 117 mil pessoas, que a gente ganhava por 2 a 0, com gols de Gerson e Pel\u00e9. A\u00ed, ele foi cobrar um tiro de meta, a bola bateu na cabe\u00e7a do russo e entrou. Depois, ainda sofreria o empate\u201d, lembra Waldir.<br>Al\u00e9m de espetacular embaixo das traves, Manga tamb\u00e9m se notabilizou pelos casos folcl\u00f3ricos. \u201cPara muitos o maior goleiro da hist\u00f3ria do futebol brasileiro. Tinha reflexos fant\u00e1sticos, sa\u00eda bem, mas gostava de provocar os advers\u00e1rios, em especial, o Flamengo, quando dizia antes das partidas contra o rival que o leite das crian\u00e7as j\u00e1 estava garantido\u201d, conta o jornalista da TV Brasil, M\u00e1rcio Guedes, recordando um epis\u00f3dio em 1967, ap\u00f3s a final do Campeonato Carioca ganho pelo Glorioso sobre o Bangu de Castor de Andrade por 2 a 1. \u201cEle jogou muito mal, largou bolas. No dia seguinte, com um rev\u00f3lver, Jo\u00e3o Saldanha o acusou de ter se vendido e ele saiu correndo. Nunca se confirmou se foi exagero do Jo\u00e3o ou se realmente aconteceu algo nebuloso, nada foi comprovado, ficou mais como lenda\u201d.<\/p>\n\n\n\n<figure class=\"wp-block-image size-large\"><img loading=\"lazy\" decoding=\"async\" width=\"1000\" height=\"786\" src=\"https:\/\/jornalfatosenoticias.com.br\/wp-content\/uploads\/2021\/04\/hailton_correa_arruda_goleiro-Manga.jpg\" alt=\"\" class=\"wp-image-17443\" srcset=\"https:\/\/jornalfatosenoticias.com.br\/wp-content\/uploads\/2021\/04\/hailton_correa_arruda_goleiro-Manga.jpg 1000w, https:\/\/jornalfatosenoticias.com.br\/wp-content\/uploads\/2021\/04\/hailton_correa_arruda_goleiro-Manga-300x236.jpg 300w, https:\/\/jornalfatosenoticias.com.br\/wp-content\/uploads\/2021\/04\/hailton_correa_arruda_goleiro-Manga-768x604.jpg 768w\" sizes=\"auto, (max-width: 1000px) 100vw, 1000px\" \/><figcaption><em><span class=\"has-inline-color has-black-color\">Hailton Corr\u00eaa de Arruda, o Manga, \u00e9 considerado um dos melhores goleiros da hist\u00f3ria do futebol brasileiro (Foto: Acervo Arquivo Nacional\/Fundo Correio da Manh\u00e3)<\/span><\/em><\/figcaption><\/figure>\n\n\n\n<p>Ex-n\u00famero 1 do Vasco entre 1982 e 1991, Ac\u00e1cio aponta Manga como maior influ\u00eancia. \u201cFinal dos anos 70, ainda no in\u00edcio da carreira, fui jogar no Comercial (MS) e Manga defendia o Oper\u00e1rio (MS). Lembro de assistir ao vivo uma partida dele pelo Brasileiro da \u00e9poca contra o S\u00e3o Paulo, do Waldir Perez (goleiro da Sele\u00e7\u00e3o Brasileira de 1982). Os paulistas ganharam, mas o destaque foi Manga e aquela atua\u00e7\u00e3o marcou minha vida e sequ\u00eancia como profissional\u201d.<br>Campe\u00e3o brasileiro em 1989 pelo Cruz-Maltino, Ac\u00e1cio acredita que um bom goleiro precisa de confian\u00e7a e personalidade. \u201cAntes da final no Morumbi, chamei o De Miranda (Eurico) e perguntei se j\u00e1 tinha reservado o sal\u00e3o para a festa. Ele riu e eu disse que ia fechar o gol e a gente traria o t\u00edtulo. Vencemos por 1 a 0. N\u00e3o se trata de soberba, mas de acreditar no pr\u00f3prio potencial\u201d.<br>No Clube das Luvas, escola de forma\u00e7\u00e3o de goleiros em Bras\u00edlia, o ex-arqueiro do Fluminense entre 1981 e 1987, Paulo Victor orienta iniciantes, veteranos e os que pretendem se profissionalizar a sempre sonhar. \u201c\u00c9 que digo a eles, precisam acreditar no sonho. Se eu cheguei l\u00e1, eles tamb\u00e9m podem\u201d, frisa o paraense que foi tricampe\u00e3o carioca e brasileiro (1984) pelo Tricolor Carioca.<\/p>\n\n\n\n<figure class=\"wp-block-image size-large\"><img loading=\"lazy\" decoding=\"async\" width=\"1000\" height=\"562\" src=\"https:\/\/jornalfatosenoticias.com.br\/wp-content\/uploads\/2021\/04\/muriel_fluminense.jpg\" alt=\"\" class=\"wp-image-17444\" srcset=\"https:\/\/jornalfatosenoticias.com.br\/wp-content\/uploads\/2021\/04\/muriel_fluminense.jpg 1000w, https:\/\/jornalfatosenoticias.com.br\/wp-content\/uploads\/2021\/04\/muriel_fluminense-300x169.jpg 300w, https:\/\/jornalfatosenoticias.com.br\/wp-content\/uploads\/2021\/04\/muriel_fluminense-768x432.jpg 768w\" sizes=\"auto, (max-width: 1000px) 100vw, 1000px\" \/><figcaption><em><span class=\"has-inline-color has-black-color\">Muriel \u00e9 a terceira gera\u00e7\u00e3o de goleiros da fam\u00edlia (Foto: Mailson Santana\/Fluminense FC)<\/span><\/em><\/figcaption><\/figure>\n\n\n\n<p>Para o ex-goleiro Ricardo Cruz, quem deseja atuar na posi\u00e7\u00e3o tamb\u00e9m precisa usar os p\u00e9s. \u201cControle e passes, de curta, m\u00e9dia e longa dist\u00e2ncia, precisam ser bem treinados. A regra n\u00e3o permite mais apanhar a bola com as m\u00e3os em caso de recuo\u201d, avalia o veterano, com passagens por Flu, Bota e Ponte Preta, que orienta ainda um c\u00e1lculo de probabilidades. \u201cNunca tente adivinhar nada e dar a defini\u00e7\u00e3o de uma jogada para o atacante\u201d.<br>O atual goleiro do Botafogo, Douglas Borges diz que precisou vencer uma certa resist\u00eancia familiar. \u201cNo come\u00e7o, meu pai n\u00e3o queria, mas n\u00e3o teve jeito\u201d, explica o jogador de 31 anos, que quando pequeno admirava Zetti, Veloso e mais tarde Jeferson e Marcos. \u201cTamb\u00e9m me inspiro no F\u00e1bio com quem trabalhei no Cruzeiro. A gente precisa ter f\u00e9, batalhar pelo objetivo e sempre procurar melhorar\u201d.<br>Quem n\u00e3o teve problemas em casa para seguir na profiss\u00e3o foi Muriel, irm\u00e3o do melhor goleiro do mundo, Alisson Becker (Liverpool). \u201cNosso bisav\u00f4 foi goleiro e o pai tamb\u00e9m. Lembro dele maluc\u00e3o, jogando-se de cara para defender a bola e \u00e0s vezes at\u00e9 se machucando\u201d, rememora o defensor do Fluminense, avisando que o filho tamb\u00e9m deve seguir carreira. \u201cEle j\u00e1 \u00e9 guri de Xer\u00e9m e est\u00e1 treinando. Sou muito grato a Deus por trabalhar nessa posi\u00e7\u00e3o diferente, que tem a responsabilidade de atrapalhar o ponto m\u00e1ximo do futebol, que \u00e9 o gol\u201d.<\/p>\n\n\n\n<p><em><span class=\"has-inline-color has-black-color\"><strong>Foto de capa:<\/strong> Buda Mendes\/Getty Images<\/span><\/em><\/p>\n\n\n\n<p><strong><em>Fonte: A<a href=\"https:\/\/agenciabrasil.ebc.com.br\/esportes\/noticia\/2021-04\/dia-do-goleiro-e-celebrado-nesta-segunda-26\">g\u00eancia Brasil<\/a><\/em><\/strong><\/p>\n","protected":false},"excerpt":{"rendered":"<p>Sina de fam\u00edlia, diferen\u00e7as, t\u00e9cnicas e as facetas de alguns arqueiros O mais solit\u00e1rio dos jogadores de futebol dentro de campo, o goleiro, tem um dia dedicado \u00e0 posi\u00e7\u00e3o: 26 de abril. A data \u00e9 uma homenagem ao nascimento de Hailton Corr\u00eaa de Arruda, o lend\u00e1rio Manga. O ex-jogador completa hoje 84 anos e vive [&hellip;]<\/p>\n","protected":false},"author":2,"featured_media":17445,"comment_status":"open","ping_status":"open","sticky":false,"template":"","format":"standard","meta":{"footnotes":""},"categories":[12],"tags":[8691,43,632,8692],"class_list":["post-17442","post","type-post","status-publish","format-standard","has-post-thumbnail","hentry","category-esportes","tag-dia-do-goleiro","tag-esportes","tag-futebol","tag-goleiro"],"yoast_head":"<!-- This site is optimized with the Yoast SEO plugin v26.5 - https:\/\/yoast.com\/wordpress\/plugins\/seo\/ -->\n<title>Dia do Goleiro \u00e9 celebrado nesta segunda-feira - Jornal Fatos e Not\u00edcias<\/title>\n<meta name=\"robots\" content=\"index, follow, max-snippet:-1, max-image-preview:large, max-video-preview:-1\" \/>\n<link rel=\"canonical\" href=\"https:\/\/jornalfatosenoticias.com.br\/index.php\/2021\/04\/26\/dia-do-goleiro-e-celebrado-nesta-segunda-feira\/\" \/>\n<meta property=\"og:locale\" content=\"pt_BR\" \/>\n<meta property=\"og:type\" content=\"article\" \/>\n<meta property=\"og:title\" content=\"Dia do Goleiro \u00e9 celebrado nesta segunda-feira - Jornal Fatos e Not\u00edcias\" \/>\n<meta property=\"og:description\" content=\"Sina de fam\u00edlia, diferen\u00e7as, t\u00e9cnicas e as facetas de alguns arqueiros O mais solit\u00e1rio dos jogadores de futebol dentro de campo, o goleiro, tem um dia dedicado \u00e0 posi\u00e7\u00e3o: 26 de abril. A data \u00e9 uma homenagem ao nascimento de Hailton Corr\u00eaa de Arruda, o lend\u00e1rio Manga. O ex-jogador completa hoje 84 anos e vive [&hellip;]\" \/>\n<meta property=\"og:url\" content=\"https:\/\/jornalfatosenoticias.com.br\/index.php\/2021\/04\/26\/dia-do-goleiro-e-celebrado-nesta-segunda-feira\/\" \/>\n<meta property=\"og:site_name\" content=\"Jornal Fatos e Not\u00edcias\" \/>\n<meta property=\"article:published_time\" content=\"2021-04-26T12:46:07+00:00\" \/>\n<meta property=\"article:modified_time\" content=\"2021-04-26T12:46:13+00:00\" \/>\n<meta property=\"og:image\" content=\"https:\/\/jornalfatosenoticias.com.br\/wp-content\/uploads\/2021\/04\/Diego-Alves_dia-do-goleiro.jpg\" \/>\n\t<meta property=\"og:image:width\" content=\"1000\" \/>\n\t<meta property=\"og:image:height\" content=\"666\" \/>\n\t<meta property=\"og:image:type\" content=\"image\/jpeg\" \/>\n<meta name=\"author\" content=\"Luzimara Fernandes\" \/>\n<meta name=\"twitter:card\" content=\"summary_large_image\" \/>\n<meta name=\"twitter:label1\" content=\"Escrito por\" \/>\n\t<meta name=\"twitter:data1\" content=\"Luzimara Fernandes\" \/>\n\t<meta name=\"twitter:label2\" content=\"Est. tempo de leitura\" \/>\n\t<meta name=\"twitter:data2\" content=\"4 minutos\" \/>\n<script type=\"application\/ld+json\" class=\"yoast-schema-graph\">{\"@context\":\"https:\/\/schema.org\",\"@graph\":[{\"@type\":\"Article\",\"@id\":\"https:\/\/jornalfatosenoticias.com.br\/index.php\/2021\/04\/26\/dia-do-goleiro-e-celebrado-nesta-segunda-feira\/#article\",\"isPartOf\":{\"@id\":\"https:\/\/jornalfatosenoticias.com.br\/index.php\/2021\/04\/26\/dia-do-goleiro-e-celebrado-nesta-segunda-feira\/\"},\"author\":{\"name\":\"Luzimara Fernandes\",\"@id\":\"https:\/\/jornalfatosenoticias.com.br\/#\/schema\/person\/d63837fa13ac8666eb9e74e0985d6f81\"},\"headline\":\"Dia do Goleiro \u00e9 celebrado nesta segunda-feira\",\"datePublished\":\"2021-04-26T12:46:07+00:00\",\"dateModified\":\"2021-04-26T12:46:13+00:00\",\"mainEntityOfPage\":{\"@id\":\"https:\/\/jornalfatosenoticias.com.br\/index.php\/2021\/04\/26\/dia-do-goleiro-e-celebrado-nesta-segunda-feira\/\"},\"wordCount\":882,\"commentCount\":0,\"publisher\":{\"@id\":\"https:\/\/jornalfatosenoticias.com.br\/#organization\"},\"image\":{\"@id\":\"https:\/\/jornalfatosenoticias.com.br\/index.php\/2021\/04\/26\/dia-do-goleiro-e-celebrado-nesta-segunda-feira\/#primaryimage\"},\"thumbnailUrl\":\"https:\/\/jornalfatosenoticias.com.br\/wp-content\/uploads\/2021\/04\/Diego-Alves_dia-do-goleiro.jpg\",\"keywords\":[\"Dia do Goleiro\",\"esportes\",\"futebol\",\"goleiro\"],\"articleSection\":[\"Esportes\"],\"inLanguage\":\"pt-BR\",\"potentialAction\":[{\"@type\":\"CommentAction\",\"name\":\"Comment\",\"target\":[\"https:\/\/jornalfatosenoticias.com.br\/index.php\/2021\/04\/26\/dia-do-goleiro-e-celebrado-nesta-segunda-feira\/#respond\"]}]},{\"@type\":\"WebPage\",\"@id\":\"https:\/\/jornalfatosenoticias.com.br\/index.php\/2021\/04\/26\/dia-do-goleiro-e-celebrado-nesta-segunda-feira\/\",\"url\":\"https:\/\/jornalfatosenoticias.com.br\/index.php\/2021\/04\/26\/dia-do-goleiro-e-celebrado-nesta-segunda-feira\/\",\"name\":\"Dia do Goleiro \u00e9 celebrado nesta segunda-feira - Jornal Fatos e Not\u00edcias\",\"isPartOf\":{\"@id\":\"https:\/\/jornalfatosenoticias.com.br\/#website\"},\"primaryImageOfPage\":{\"@id\":\"https:\/\/jornalfatosenoticias.com.br\/index.php\/2021\/04\/26\/dia-do-goleiro-e-celebrado-nesta-segunda-feira\/#primaryimage\"},\"image\":{\"@id\":\"https:\/\/jornalfatosenoticias.com.br\/index.php\/2021\/04\/26\/dia-do-goleiro-e-celebrado-nesta-segunda-feira\/#primaryimage\"},\"thumbnailUrl\":\"https:\/\/jornalfatosenoticias.com.br\/wp-content\/uploads\/2021\/04\/Diego-Alves_dia-do-goleiro.jpg\",\"datePublished\":\"2021-04-26T12:46:07+00:00\",\"dateModified\":\"2021-04-26T12:46:13+00:00\",\"breadcrumb\":{\"@id\":\"https:\/\/jornalfatosenoticias.com.br\/index.php\/2021\/04\/26\/dia-do-goleiro-e-celebrado-nesta-segunda-feira\/#breadcrumb\"},\"inLanguage\":\"pt-BR\",\"potentialAction\":[{\"@type\":\"ReadAction\",\"target\":[\"https:\/\/jornalfatosenoticias.com.br\/index.php\/2021\/04\/26\/dia-do-goleiro-e-celebrado-nesta-segunda-feira\/\"]}]},{\"@type\":\"ImageObject\",\"inLanguage\":\"pt-BR\",\"@id\":\"https:\/\/jornalfatosenoticias.com.br\/index.php\/2021\/04\/26\/dia-do-goleiro-e-celebrado-nesta-segunda-feira\/#primaryimage\",\"url\":\"https:\/\/jornalfatosenoticias.com.br\/wp-content\/uploads\/2021\/04\/Diego-Alves_dia-do-goleiro.jpg\",\"contentUrl\":\"https:\/\/jornalfatosenoticias.com.br\/wp-content\/uploads\/2021\/04\/Diego-Alves_dia-do-goleiro.jpg\",\"width\":1000,\"height\":666},{\"@type\":\"BreadcrumbList\",\"@id\":\"https:\/\/jornalfatosenoticias.com.br\/index.php\/2021\/04\/26\/dia-do-goleiro-e-celebrado-nesta-segunda-feira\/#breadcrumb\",\"itemListElement\":[{\"@type\":\"ListItem\",\"position\":1,\"name\":\"In\u00edcio\",\"item\":\"https:\/\/jornalfatosenoticias.com.br\/\"},{\"@type\":\"ListItem\",\"position\":2,\"name\":\"Dia do Goleiro \u00e9 celebrado nesta segunda-feira\"}]},{\"@type\":\"WebSite\",\"@id\":\"https:\/\/jornalfatosenoticias.com.br\/#website\",\"url\":\"https:\/\/jornalfatosenoticias.com.br\/\",\"name\":\"Jornal Fatos e Not\u00edcias\",\"description\":\"Not\u00edcias em geral\",\"publisher\":{\"@id\":\"https:\/\/jornalfatosenoticias.com.br\/#organization\"},\"potentialAction\":[{\"@type\":\"SearchAction\",\"target\":{\"@type\":\"EntryPoint\",\"urlTemplate\":\"https:\/\/jornalfatosenoticias.com.br\/?s={search_term_string}\"},\"query-input\":{\"@type\":\"PropertyValueSpecification\",\"valueRequired\":true,\"valueName\":\"search_term_string\"}}],\"inLanguage\":\"pt-BR\"},{\"@type\":\"Organization\",\"@id\":\"https:\/\/jornalfatosenoticias.com.br\/#organization\",\"name\":\"Jornal Fatos e Not\u00edcias\",\"url\":\"https:\/\/jornalfatosenoticias.com.br\/\",\"logo\":{\"@type\":\"ImageObject\",\"inLanguage\":\"pt-BR\",\"@id\":\"https:\/\/jornalfatosenoticias.com.br\/#\/schema\/logo\/image\/\",\"url\":\"https:\/\/jornalfatosenoticias.com.br\/wp-content\/uploads\/2020\/02\/logo120.png\",\"contentUrl\":\"https:\/\/jornalfatosenoticias.com.br\/wp-content\/uploads\/2020\/02\/logo120.png\",\"width\":1227,\"height\":120,\"caption\":\"Jornal Fatos e Not\u00edcias\"},\"image\":{\"@id\":\"https:\/\/jornalfatosenoticias.com.br\/#\/schema\/logo\/image\/\"}},{\"@type\":\"Person\",\"@id\":\"https:\/\/jornalfatosenoticias.com.br\/#\/schema\/person\/d63837fa13ac8666eb9e74e0985d6f81\",\"name\":\"Luzimara Fernandes\",\"image\":{\"@type\":\"ImageObject\",\"inLanguage\":\"pt-BR\",\"@id\":\"https:\/\/jornalfatosenoticias.com.br\/#\/schema\/person\/image\/\",\"url\":\"https:\/\/jornalfatosenoticias.com.br\/wp-content\/uploads\/2025\/05\/EU_portal.jpg\",\"contentUrl\":\"https:\/\/jornalfatosenoticias.com.br\/wp-content\/uploads\/2025\/05\/EU_portal.jpg\",\"caption\":\"Luzimara Fernandes\"},\"description\":\"Jornalista MTB 2358-ES\",\"sameAs\":[\"https:\/\/jornalfatosenoticias.com.br\"],\"url\":\"https:\/\/jornalfatosenoticias.com.br\/index.php\/author\/luzimara\/\"}]}<\/script>\n<!-- \/ Yoast SEO plugin. -->","yoast_head_json":{"title":"Dia do Goleiro \u00e9 celebrado nesta segunda-feira - Jornal Fatos e Not\u00edcias","robots":{"index":"index","follow":"follow","max-snippet":"max-snippet:-1","max-image-preview":"max-image-preview:large","max-video-preview":"max-video-preview:-1"},"canonical":"https:\/\/jornalfatosenoticias.com.br\/index.php\/2021\/04\/26\/dia-do-goleiro-e-celebrado-nesta-segunda-feira\/","og_locale":"pt_BR","og_type":"article","og_title":"Dia do Goleiro \u00e9 celebrado nesta segunda-feira - Jornal Fatos e Not\u00edcias","og_description":"Sina de fam\u00edlia, diferen\u00e7as, t\u00e9cnicas e as facetas de alguns arqueiros O mais solit\u00e1rio dos jogadores de futebol dentro de campo, o goleiro, tem um dia dedicado \u00e0 posi\u00e7\u00e3o: 26 de abril. A data \u00e9 uma homenagem ao nascimento de Hailton Corr\u00eaa de Arruda, o lend\u00e1rio Manga. O ex-jogador completa hoje 84 anos e vive [&hellip;]","og_url":"https:\/\/jornalfatosenoticias.com.br\/index.php\/2021\/04\/26\/dia-do-goleiro-e-celebrado-nesta-segunda-feira\/","og_site_name":"Jornal Fatos e Not\u00edcias","article_published_time":"2021-04-26T12:46:07+00:00","article_modified_time":"2021-04-26T12:46:13+00:00","og_image":[{"width":1000,"height":666,"url":"https:\/\/jornalfatosenoticias.com.br\/wp-content\/uploads\/2021\/04\/Diego-Alves_dia-do-goleiro.jpg","type":"image\/jpeg"}],"author":"Luzimara Fernandes","twitter_card":"summary_large_image","twitter_misc":{"Escrito por":"Luzimara Fernandes","Est. tempo de leitura":"4 minutos"},"schema":{"@context":"https:\/\/schema.org","@graph":[{"@type":"Article","@id":"https:\/\/jornalfatosenoticias.com.br\/index.php\/2021\/04\/26\/dia-do-goleiro-e-celebrado-nesta-segunda-feira\/#article","isPartOf":{"@id":"https:\/\/jornalfatosenoticias.com.br\/index.php\/2021\/04\/26\/dia-do-goleiro-e-celebrado-nesta-segunda-feira\/"},"author":{"name":"Luzimara Fernandes","@id":"https:\/\/jornalfatosenoticias.com.br\/#\/schema\/person\/d63837fa13ac8666eb9e74e0985d6f81"},"headline":"Dia do Goleiro \u00e9 celebrado nesta segunda-feira","datePublished":"2021-04-26T12:46:07+00:00","dateModified":"2021-04-26T12:46:13+00:00","mainEntityOfPage":{"@id":"https:\/\/jornalfatosenoticias.com.br\/index.php\/2021\/04\/26\/dia-do-goleiro-e-celebrado-nesta-segunda-feira\/"},"wordCount":882,"commentCount":0,"publisher":{"@id":"https:\/\/jornalfatosenoticias.com.br\/#organization"},"image":{"@id":"https:\/\/jornalfatosenoticias.com.br\/index.php\/2021\/04\/26\/dia-do-goleiro-e-celebrado-nesta-segunda-feira\/#primaryimage"},"thumbnailUrl":"https:\/\/jornalfatosenoticias.com.br\/wp-content\/uploads\/2021\/04\/Diego-Alves_dia-do-goleiro.jpg","keywords":["Dia do Goleiro","esportes","futebol","goleiro"],"articleSection":["Esportes"],"inLanguage":"pt-BR","potentialAction":[{"@type":"CommentAction","name":"Comment","target":["https:\/\/jornalfatosenoticias.com.br\/index.php\/2021\/04\/26\/dia-do-goleiro-e-celebrado-nesta-segunda-feira\/#respond"]}]},{"@type":"WebPage","@id":"https:\/\/jornalfatosenoticias.com.br\/index.php\/2021\/04\/26\/dia-do-goleiro-e-celebrado-nesta-segunda-feira\/","url":"https:\/\/jornalfatosenoticias.com.br\/index.php\/2021\/04\/26\/dia-do-goleiro-e-celebrado-nesta-segunda-feira\/","name":"Dia do Goleiro \u00e9 celebrado nesta segunda-feira - Jornal Fatos e Not\u00edcias","isPartOf":{"@id":"https:\/\/jornalfatosenoticias.com.br\/#website"},"primaryImageOfPage":{"@id":"https:\/\/jornalfatosenoticias.com.br\/index.php\/2021\/04\/26\/dia-do-goleiro-e-celebrado-nesta-segunda-feira\/#primaryimage"},"image":{"@id":"https:\/\/jornalfatosenoticias.com.br\/index.php\/2021\/04\/26\/dia-do-goleiro-e-celebrado-nesta-segunda-feira\/#primaryimage"},"thumbnailUrl":"https:\/\/jornalfatosenoticias.com.br\/wp-content\/uploads\/2021\/04\/Diego-Alves_dia-do-goleiro.jpg","datePublished":"2021-04-26T12:46:07+00:00","dateModified":"2021-04-26T12:46:13+00:00","breadcrumb":{"@id":"https:\/\/jornalfatosenoticias.com.br\/index.php\/2021\/04\/26\/dia-do-goleiro-e-celebrado-nesta-segunda-feira\/#breadcrumb"},"inLanguage":"pt-BR","potentialAction":[{"@type":"ReadAction","target":["https:\/\/jornalfatosenoticias.com.br\/index.php\/2021\/04\/26\/dia-do-goleiro-e-celebrado-nesta-segunda-feira\/"]}]},{"@type":"ImageObject","inLanguage":"pt-BR","@id":"https:\/\/jornalfatosenoticias.com.br\/index.php\/2021\/04\/26\/dia-do-goleiro-e-celebrado-nesta-segunda-feira\/#primaryimage","url":"https:\/\/jornalfatosenoticias.com.br\/wp-content\/uploads\/2021\/04\/Diego-Alves_dia-do-goleiro.jpg","contentUrl":"https:\/\/jornalfatosenoticias.com.br\/wp-content\/uploads\/2021\/04\/Diego-Alves_dia-do-goleiro.jpg","width":1000,"height":666},{"@type":"BreadcrumbList","@id":"https:\/\/jornalfatosenoticias.com.br\/index.php\/2021\/04\/26\/dia-do-goleiro-e-celebrado-nesta-segunda-feira\/#breadcrumb","itemListElement":[{"@type":"ListItem","position":1,"name":"In\u00edcio","item":"https:\/\/jornalfatosenoticias.com.br\/"},{"@type":"ListItem","position":2,"name":"Dia do Goleiro \u00e9 celebrado nesta segunda-feira"}]},{"@type":"WebSite","@id":"https:\/\/jornalfatosenoticias.com.br\/#website","url":"https:\/\/jornalfatosenoticias.com.br\/","name":"Jornal Fatos e Not\u00edcias","description":"Not\u00edcias em geral","publisher":{"@id":"https:\/\/jornalfatosenoticias.com.br\/#organization"},"potentialAction":[{"@type":"SearchAction","target":{"@type":"EntryPoint","urlTemplate":"https:\/\/jornalfatosenoticias.com.br\/?s={search_term_string}"},"query-input":{"@type":"PropertyValueSpecification","valueRequired":true,"valueName":"search_term_string"}}],"inLanguage":"pt-BR"},{"@type":"Organization","@id":"https:\/\/jornalfatosenoticias.com.br\/#organization","name":"Jornal Fatos e Not\u00edcias","url":"https:\/\/jornalfatosenoticias.com.br\/","logo":{"@type":"ImageObject","inLanguage":"pt-BR","@id":"https:\/\/jornalfatosenoticias.com.br\/#\/schema\/logo\/image\/","url":"https:\/\/jornalfatosenoticias.com.br\/wp-content\/uploads\/2020\/02\/logo120.png","contentUrl":"https:\/\/jornalfatosenoticias.com.br\/wp-content\/uploads\/2020\/02\/logo120.png","width":1227,"height":120,"caption":"Jornal Fatos e Not\u00edcias"},"image":{"@id":"https:\/\/jornalfatosenoticias.com.br\/#\/schema\/logo\/image\/"}},{"@type":"Person","@id":"https:\/\/jornalfatosenoticias.com.br\/#\/schema\/person\/d63837fa13ac8666eb9e74e0985d6f81","name":"Luzimara Fernandes","image":{"@type":"ImageObject","inLanguage":"pt-BR","@id":"https:\/\/jornalfatosenoticias.com.br\/#\/schema\/person\/image\/","url":"https:\/\/jornalfatosenoticias.com.br\/wp-content\/uploads\/2025\/05\/EU_portal.jpg","contentUrl":"https:\/\/jornalfatosenoticias.com.br\/wp-content\/uploads\/2025\/05\/EU_portal.jpg","caption":"Luzimara Fernandes"},"description":"Jornalista MTB 2358-ES","sameAs":["https:\/\/jornalfatosenoticias.com.br"],"url":"https:\/\/jornalfatosenoticias.com.br\/index.php\/author\/luzimara\/"}]}},"cc_featured_image_caption":{"caption_text":"Diego Alves, goleiro do Flamengo","source_text":"","source_url":""},"jetpack_featured_media_url":"https:\/\/jornalfatosenoticias.com.br\/wp-content\/uploads\/2021\/04\/Diego-Alves_dia-do-goleiro.jpg","_links":{"self":[{"href":"https:\/\/jornalfatosenoticias.com.br\/index.php\/wp-json\/wp\/v2\/posts\/17442","targetHints":{"allow":["GET"]}}],"collection":[{"href":"https:\/\/jornalfatosenoticias.com.br\/index.php\/wp-json\/wp\/v2\/posts"}],"about":[{"href":"https:\/\/jornalfatosenoticias.com.br\/index.php\/wp-json\/wp\/v2\/types\/post"}],"author":[{"embeddable":true,"href":"https:\/\/jornalfatosenoticias.com.br\/index.php\/wp-json\/wp\/v2\/users\/2"}],"replies":[{"embeddable":true,"href":"https:\/\/jornalfatosenoticias.com.br\/index.php\/wp-json\/wp\/v2\/comments?post=17442"}],"version-history":[{"count":0,"href":"https:\/\/jornalfatosenoticias.com.br\/index.php\/wp-json\/wp\/v2\/posts\/17442\/revisions"}],"wp:featuredmedia":[{"embeddable":true,"href":"https:\/\/jornalfatosenoticias.com.br\/index.php\/wp-json\/wp\/v2\/media\/17445"}],"wp:attachment":[{"href":"https:\/\/jornalfatosenoticias.com.br\/index.php\/wp-json\/wp\/v2\/media?parent=17442"}],"wp:term":[{"taxonomy":"category","embeddable":true,"href":"https:\/\/jornalfatosenoticias.com.br\/index.php\/wp-json\/wp\/v2\/categories?post=17442"},{"taxonomy":"post_tag","embeddable":true,"href":"https:\/\/jornalfatosenoticias.com.br\/index.php\/wp-json\/wp\/v2\/tags?post=17442"}],"curies":[{"name":"wp","href":"https:\/\/api.w.org\/{rel}","templated":true}]}}