{"id":17451,"date":"2021-04-26T10:20:48","date_gmt":"2021-04-26T13:20:48","guid":{"rendered":"https:\/\/jornalfatosenoticias.com.br\/?p=17451"},"modified":"2021-04-26T10:20:50","modified_gmt":"2021-04-26T13:20:50","slug":"israel-investiga-casos-de-inflamacao-no-coracao-de-vacinados-com-a-pfizer","status":"publish","type":"post","link":"https:\/\/jornalfatosenoticias.com.br\/index.php\/2021\/04\/26\/israel-investiga-casos-de-inflamacao-no-coracao-de-vacinados-com-a-pfizer\/","title":{"rendered":"Israel investiga casos de inflama\u00e7\u00e3o no cora\u00e7\u00e3o de vacinados com a Pfizer"},"content":{"rendered":"\n<p><em>A maioria dos casos foi relatada entre pessoas de at\u00e9 30 anos<\/em><\/p>\n\n\n\n<p>O Minist\u00e9rio da Sa\u00fade de Israel disse neste domingo (25) que est\u00e1 examinando um pequeno n\u00famero de casos de inflama\u00e7\u00e3o card\u00edaca em pessoas que receberam a vacina da Pfizer contra a covid-19, embora n\u00e3o haja nenhuma conclus\u00e3o a respeito at\u00e9 o momento.<br>A Pfizer disse que n\u00e3o observou incid\u00eancia maior da doen\u00e7a do que o que seria normalmente esperado na popula\u00e7\u00e3o em geral.<br>O coordenador das a\u00e7\u00f5es de resposta \u00e0 pandemia em Israel, Nachman Ash, disse que um estudo preliminar mostrou &#8220;dezenas de incidentes&#8221; de miocardite ocorrendo entre mais de cinco milh\u00f5es de pessoas vacinadas, principalmente ap\u00f3s a segunda dose.<br>Ash disse que n\u00e3o est\u00e1 claro se esse valor \u00e9 alto e se est\u00e1 relacionado \u00e0 vacina. A maioria dos casos foi relatada entre pessoas de at\u00e9 30 anos.<br>&#8220;O Minist\u00e9rio da Sa\u00fade est\u00e1 atualmente examinando se h\u00e1 um excesso de morbidade (incid\u00eancia da doen\u00e7a) e se isso pode ser atribu\u00eddo \u00e0s vacinas&#8221;, disse Ash.<br>Ash, que falou sobre o assunto em uma entrevista de r\u00e1dio e durante uma coletiva de imprensa, se referiu ao problema como um &#8220;ponto de interroga\u00e7\u00e3o&#8221; e enfatizou que o Minist\u00e9rio da Sa\u00fade ainda n\u00e3o tirou nenhuma conclus\u00e3o disso.<br>Determinar uma liga\u00e7\u00e3o, disse ele, seria dif\u00edcil porque a miocardite, uma condi\u00e7\u00e3o que muitas vezes passa sem complica\u00e7\u00f5es, pode ser causada por uma variedade de v\u00edrus e um n\u00famero semelhante de casos foi relatado em anos anteriores.<br>A Pfizer, questionada pela Reuters sobre o assunto, disse que est\u00e1 em contato regular com o Minist\u00e9rio da Sa\u00fade de Israel para revisar os dados a respeito de sua vacina.<br>A empresa disse que &#8220;est\u00e1 ciente das observa\u00e7\u00f5es israelenses sobre miocardite que ocorreram predominantemente em uma popula\u00e7\u00e3o de homens jovens que receberam a vacina da Pfizer-BioNTech contra a covid-19&#8221;.<br>&#8220;Os eventos adversos s\u00e3o revisados regular e exaustivamente e n\u00e3o observamos uma incid\u00eancia maior de miocardite do que seria o esperado na popula\u00e7\u00e3o em geral. Uma rela\u00e7\u00e3o causal com a vacina n\u00e3o foi estabelecida&#8221;, disse a empresa.<br>&#8220;N\u00e3o h\u00e1 evid\u00eancias neste momento para concluir que a miocardite \u00e9 um risco associado ao uso da vacina da Pfizer-BioNTech contra a covid-19&#8221;.<br>Israel tem sido um l\u00edder mundial na implementa\u00e7\u00e3o de vacina\u00e7\u00e3o, com cerca de 60% de sua popula\u00e7\u00e3o de 9,3 milh\u00f5es de pessoas tendo recebido o imunizante da Pfizer. Seu banco de dados nacional j\u00e1 demonstrou que a vacina \u00e9 altamente eficaz na preven\u00e7\u00e3o de sintomas e doen\u00e7as graves associadas \u00e0 covid-19.<br>Desde janeiro, logo ap\u00f3s o in\u00edcio da campanha nacional de vacina\u00e7\u00e3o, o n\u00famero de casos di\u00e1rios caiu de um pico de mais de 10 mil para 129 antes do fim de semana.<br>Nadav Davidovitch, diretor da escola de sa\u00fade p\u00fablica da Universidade Ben Gurion de Israel, disse que mesmo se uma correla\u00e7\u00e3o entre os casos de miocardite e a vacina for estabelecida, n\u00e3o parece ser grave o suficiente para interromper a administra\u00e7\u00e3o da vacina.<br>&#8220;\u00c9 uma situa\u00e7\u00e3o que deve ser investigada e precisamos esperar por um relat\u00f3rio final, mas em uma an\u00e1lise intermedi\u00e1ria parece que o risco de adoecer com covid-19 \u00e9 muito maior do que com os eventos adversos da vacina, e o risco de peri\/miocardite ap\u00f3s a vacina \u00e9 baixo e tempor\u00e1rio&#8221;, disse ele.<\/p>\n\n\n\n<p><strong><em>Fonte: <a href=\"https:\/\/agenciabrasil.ebc.com.br\/internacional\/noticia\/2021-04\/pfizer-israel-investiga-casos-de-inflamacao-no-coracao-de-vacinados\">Ag\u00eancia Brasil<\/a><\/em><\/strong><\/p>\n","protected":false},"excerpt":{"rendered":"<p>A maioria dos casos foi relatada entre pessoas de at\u00e9 30 anos O Minist\u00e9rio da Sa\u00fade de Israel disse neste domingo (25) que est\u00e1 examinando um pequeno n\u00famero de casos de inflama\u00e7\u00e3o card\u00edaca em pessoas que receberam a vacina da Pfizer contra a covid-19, embora n\u00e3o haja nenhuma conclus\u00e3o a respeito at\u00e9 o momento.A Pfizer [&hellip;]<\/p>\n","protected":false},"author":2,"featured_media":17452,"comment_status":"open","ping_status":"open","sticky":false,"template":"","format":"standard","meta":{"footnotes":""},"categories":[41],"tags":[273,162,5806,563],"class_list":["post-17451","post","type-post","status-publish","format-standard","has-post-thumbnail","hentry","category-internacional","tag-covid-19","tag-israel","tag-pfizer","tag-vacina"],"yoast_head":"<!-- This site is optimized with the Yoast SEO plugin v26.5 - https:\/\/yoast.com\/wordpress\/plugins\/seo\/ -->\n<title>Israel investiga casos de inflama\u00e7\u00e3o no cora\u00e7\u00e3o de vacinados com a Pfizer - Jornal Fatos e Not\u00edcias<\/title>\n<meta name=\"robots\" content=\"index, follow, max-snippet:-1, max-image-preview:large, max-video-preview:-1\" \/>\n<link rel=\"canonical\" href=\"https:\/\/jornalfatosenoticias.com.br\/index.php\/2021\/04\/26\/israel-investiga-casos-de-inflamacao-no-coracao-de-vacinados-com-a-pfizer\/\" \/>\n<meta property=\"og:locale\" content=\"pt_BR\" \/>\n<meta property=\"og:type\" content=\"article\" \/>\n<meta property=\"og:title\" content=\"Israel investiga casos de inflama\u00e7\u00e3o no cora\u00e7\u00e3o de vacinados com a Pfizer - Jornal Fatos e Not\u00edcias\" \/>\n<meta property=\"og:description\" content=\"A maioria dos casos foi relatada entre pessoas de at\u00e9 30 anos O Minist\u00e9rio da Sa\u00fade de Israel disse neste domingo (25) que est\u00e1 examinando um pequeno n\u00famero de casos de inflama\u00e7\u00e3o card\u00edaca em pessoas que receberam a vacina da Pfizer contra a covid-19, embora n\u00e3o haja nenhuma conclus\u00e3o a respeito at\u00e9 o momento.A Pfizer [&hellip;]\" \/>\n<meta property=\"og:url\" content=\"https:\/\/jornalfatosenoticias.com.br\/index.php\/2021\/04\/26\/israel-investiga-casos-de-inflamacao-no-coracao-de-vacinados-com-a-pfizer\/\" \/>\n<meta property=\"og:site_name\" content=\"Jornal Fatos e Not\u00edcias\" \/>\n<meta property=\"article:published_time\" content=\"2021-04-26T13:20:48+00:00\" \/>\n<meta property=\"article:modified_time\" content=\"2021-04-26T13:20:50+00:00\" \/>\n<meta property=\"og:image\" content=\"https:\/\/jornalfatosenoticias.com.br\/wp-content\/uploads\/2021\/04\/vacina-pfizer.jpg\" \/>\n\t<meta property=\"og:image:width\" content=\"1000\" \/>\n\t<meta property=\"og:image:height\" content=\"598\" \/>\n\t<meta property=\"og:image:type\" content=\"image\/jpeg\" \/>\n<meta name=\"author\" content=\"Luzimara Fernandes\" \/>\n<meta name=\"twitter:card\" content=\"summary_large_image\" \/>\n<meta name=\"twitter:label1\" content=\"Escrito por\" \/>\n\t<meta name=\"twitter:data1\" content=\"Luzimara Fernandes\" \/>\n\t<meta name=\"twitter:label2\" content=\"Est. tempo de leitura\" \/>\n\t<meta name=\"twitter:data2\" content=\"3 minutos\" \/>\n<script type=\"application\/ld+json\" class=\"yoast-schema-graph\">{\"@context\":\"https:\/\/schema.org\",\"@graph\":[{\"@type\":\"Article\",\"@id\":\"https:\/\/jornalfatosenoticias.com.br\/index.php\/2021\/04\/26\/israel-investiga-casos-de-inflamacao-no-coracao-de-vacinados-com-a-pfizer\/#article\",\"isPartOf\":{\"@id\":\"https:\/\/jornalfatosenoticias.com.br\/index.php\/2021\/04\/26\/israel-investiga-casos-de-inflamacao-no-coracao-de-vacinados-com-a-pfizer\/\"},\"author\":{\"name\":\"Luzimara Fernandes\",\"@id\":\"https:\/\/jornalfatosenoticias.com.br\/#\/schema\/person\/d63837fa13ac8666eb9e74e0985d6f81\"},\"headline\":\"Israel investiga casos de inflama\u00e7\u00e3o no cora\u00e7\u00e3o de vacinados com a Pfizer\",\"datePublished\":\"2021-04-26T13:20:48+00:00\",\"dateModified\":\"2021-04-26T13:20:50+00:00\",\"mainEntityOfPage\":{\"@id\":\"https:\/\/jornalfatosenoticias.com.br\/index.php\/2021\/04\/26\/israel-investiga-casos-de-inflamacao-no-coracao-de-vacinados-com-a-pfizer\/\"},\"wordCount\":609,\"commentCount\":0,\"publisher\":{\"@id\":\"https:\/\/jornalfatosenoticias.com.br\/#organization\"},\"image\":{\"@id\":\"https:\/\/jornalfatosenoticias.com.br\/index.php\/2021\/04\/26\/israel-investiga-casos-de-inflamacao-no-coracao-de-vacinados-com-a-pfizer\/#primaryimage\"},\"thumbnailUrl\":\"https:\/\/jornalfatosenoticias.com.br\/wp-content\/uploads\/2021\/04\/vacina-pfizer.jpg\",\"keywords\":[\"covid-19\",\"Israel\",\"Pfizer\",\"vacina\"],\"articleSection\":[\"Internacional\"],\"inLanguage\":\"pt-BR\",\"potentialAction\":[{\"@type\":\"CommentAction\",\"name\":\"Comment\",\"target\":[\"https:\/\/jornalfatosenoticias.com.br\/index.php\/2021\/04\/26\/israel-investiga-casos-de-inflamacao-no-coracao-de-vacinados-com-a-pfizer\/#respond\"]}]},{\"@type\":\"WebPage\",\"@id\":\"https:\/\/jornalfatosenoticias.com.br\/index.php\/2021\/04\/26\/israel-investiga-casos-de-inflamacao-no-coracao-de-vacinados-com-a-pfizer\/\",\"url\":\"https:\/\/jornalfatosenoticias.com.br\/index.php\/2021\/04\/26\/israel-investiga-casos-de-inflamacao-no-coracao-de-vacinados-com-a-pfizer\/\",\"name\":\"Israel investiga casos de inflama\u00e7\u00e3o no cora\u00e7\u00e3o de vacinados com a Pfizer - Jornal Fatos e Not\u00edcias\",\"isPartOf\":{\"@id\":\"https:\/\/jornalfatosenoticias.com.br\/#website\"},\"primaryImageOfPage\":{\"@id\":\"https:\/\/jornalfatosenoticias.com.br\/index.php\/2021\/04\/26\/israel-investiga-casos-de-inflamacao-no-coracao-de-vacinados-com-a-pfizer\/#primaryimage\"},\"image\":{\"@id\":\"https:\/\/jornalfatosenoticias.com.br\/index.php\/2021\/04\/26\/israel-investiga-casos-de-inflamacao-no-coracao-de-vacinados-com-a-pfizer\/#primaryimage\"},\"thumbnailUrl\":\"https:\/\/jornalfatosenoticias.com.br\/wp-content\/uploads\/2021\/04\/vacina-pfizer.jpg\",\"datePublished\":\"2021-04-26T13:20:48+00:00\",\"dateModified\":\"2021-04-26T13:20:50+00:00\",\"breadcrumb\":{\"@id\":\"https:\/\/jornalfatosenoticias.com.br\/index.php\/2021\/04\/26\/israel-investiga-casos-de-inflamacao-no-coracao-de-vacinados-com-a-pfizer\/#breadcrumb\"},\"inLanguage\":\"pt-BR\",\"potentialAction\":[{\"@type\":\"ReadAction\",\"target\":[\"https:\/\/jornalfatosenoticias.com.br\/index.php\/2021\/04\/26\/israel-investiga-casos-de-inflamacao-no-coracao-de-vacinados-com-a-pfizer\/\"]}]},{\"@type\":\"ImageObject\",\"inLanguage\":\"pt-BR\",\"@id\":\"https:\/\/jornalfatosenoticias.com.br\/index.php\/2021\/04\/26\/israel-investiga-casos-de-inflamacao-no-coracao-de-vacinados-com-a-pfizer\/#primaryimage\",\"url\":\"https:\/\/jornalfatosenoticias.com.br\/wp-content\/uploads\/2021\/04\/vacina-pfizer.jpg\",\"contentUrl\":\"https:\/\/jornalfatosenoticias.com.br\/wp-content\/uploads\/2021\/04\/vacina-pfizer.jpg\",\"width\":1000,\"height\":598},{\"@type\":\"BreadcrumbList\",\"@id\":\"https:\/\/jornalfatosenoticias.com.br\/index.php\/2021\/04\/26\/israel-investiga-casos-de-inflamacao-no-coracao-de-vacinados-com-a-pfizer\/#breadcrumb\",\"itemListElement\":[{\"@type\":\"ListItem\",\"position\":1,\"name\":\"In\u00edcio\",\"item\":\"https:\/\/jornalfatosenoticias.com.br\/\"},{\"@type\":\"ListItem\",\"position\":2,\"name\":\"Israel investiga casos de inflama\u00e7\u00e3o no cora\u00e7\u00e3o de vacinados com a Pfizer\"}]},{\"@type\":\"WebSite\",\"@id\":\"https:\/\/jornalfatosenoticias.com.br\/#website\",\"url\":\"https:\/\/jornalfatosenoticias.com.br\/\",\"name\":\"Jornal Fatos e Not\u00edcias\",\"description\":\"Not\u00edcias em geral\",\"publisher\":{\"@id\":\"https:\/\/jornalfatosenoticias.com.br\/#organization\"},\"potentialAction\":[{\"@type\":\"SearchAction\",\"target\":{\"@type\":\"EntryPoint\",\"urlTemplate\":\"https:\/\/jornalfatosenoticias.com.br\/?s={search_term_string}\"},\"query-input\":{\"@type\":\"PropertyValueSpecification\",\"valueRequired\":true,\"valueName\":\"search_term_string\"}}],\"inLanguage\":\"pt-BR\"},{\"@type\":\"Organization\",\"@id\":\"https:\/\/jornalfatosenoticias.com.br\/#organization\",\"name\":\"Jornal Fatos e Not\u00edcias\",\"url\":\"https:\/\/jornalfatosenoticias.com.br\/\",\"logo\":{\"@type\":\"ImageObject\",\"inLanguage\":\"pt-BR\",\"@id\":\"https:\/\/jornalfatosenoticias.com.br\/#\/schema\/logo\/image\/\",\"url\":\"https:\/\/jornalfatosenoticias.com.br\/wp-content\/uploads\/2020\/02\/logo120.png\",\"contentUrl\":\"https:\/\/jornalfatosenoticias.com.br\/wp-content\/uploads\/2020\/02\/logo120.png\",\"width\":1227,\"height\":120,\"caption\":\"Jornal Fatos e Not\u00edcias\"},\"image\":{\"@id\":\"https:\/\/jornalfatosenoticias.com.br\/#\/schema\/logo\/image\/\"}},{\"@type\":\"Person\",\"@id\":\"https:\/\/jornalfatosenoticias.com.br\/#\/schema\/person\/d63837fa13ac8666eb9e74e0985d6f81\",\"name\":\"Luzimara Fernandes\",\"image\":{\"@type\":\"ImageObject\",\"inLanguage\":\"pt-BR\",\"@id\":\"https:\/\/jornalfatosenoticias.com.br\/#\/schema\/person\/image\/\",\"url\":\"https:\/\/jornalfatosenoticias.com.br\/wp-content\/uploads\/2025\/05\/EU_portal.jpg\",\"contentUrl\":\"https:\/\/jornalfatosenoticias.com.br\/wp-content\/uploads\/2025\/05\/EU_portal.jpg\",\"caption\":\"Luzimara Fernandes\"},\"description\":\"Jornalista MTB 2358-ES\",\"sameAs\":[\"https:\/\/jornalfatosenoticias.com.br\"],\"url\":\"https:\/\/jornalfatosenoticias.com.br\/index.php\/author\/luzimara\/\"}]}<\/script>\n<!-- \/ Yoast SEO plugin. -->","yoast_head_json":{"title":"Israel investiga casos de inflama\u00e7\u00e3o no cora\u00e7\u00e3o de vacinados com a Pfizer - Jornal Fatos e Not\u00edcias","robots":{"index":"index","follow":"follow","max-snippet":"max-snippet:-1","max-image-preview":"max-image-preview:large","max-video-preview":"max-video-preview:-1"},"canonical":"https:\/\/jornalfatosenoticias.com.br\/index.php\/2021\/04\/26\/israel-investiga-casos-de-inflamacao-no-coracao-de-vacinados-com-a-pfizer\/","og_locale":"pt_BR","og_type":"article","og_title":"Israel investiga casos de inflama\u00e7\u00e3o no cora\u00e7\u00e3o de vacinados com a Pfizer - Jornal Fatos e Not\u00edcias","og_description":"A maioria dos casos foi relatada entre pessoas de at\u00e9 30 anos O Minist\u00e9rio da Sa\u00fade de Israel disse neste domingo (25) que est\u00e1 examinando um pequeno n\u00famero de casos de inflama\u00e7\u00e3o card\u00edaca em pessoas que receberam a vacina da Pfizer contra a covid-19, embora n\u00e3o haja nenhuma conclus\u00e3o a respeito at\u00e9 o momento.A Pfizer [&hellip;]","og_url":"https:\/\/jornalfatosenoticias.com.br\/index.php\/2021\/04\/26\/israel-investiga-casos-de-inflamacao-no-coracao-de-vacinados-com-a-pfizer\/","og_site_name":"Jornal Fatos e Not\u00edcias","article_published_time":"2021-04-26T13:20:48+00:00","article_modified_time":"2021-04-26T13:20:50+00:00","og_image":[{"width":1000,"height":598,"url":"https:\/\/jornalfatosenoticias.com.br\/wp-content\/uploads\/2021\/04\/vacina-pfizer.jpg","type":"image\/jpeg"}],"author":"Luzimara Fernandes","twitter_card":"summary_large_image","twitter_misc":{"Escrito por":"Luzimara Fernandes","Est. tempo de leitura":"3 minutos"},"schema":{"@context":"https:\/\/schema.org","@graph":[{"@type":"Article","@id":"https:\/\/jornalfatosenoticias.com.br\/index.php\/2021\/04\/26\/israel-investiga-casos-de-inflamacao-no-coracao-de-vacinados-com-a-pfizer\/#article","isPartOf":{"@id":"https:\/\/jornalfatosenoticias.com.br\/index.php\/2021\/04\/26\/israel-investiga-casos-de-inflamacao-no-coracao-de-vacinados-com-a-pfizer\/"},"author":{"name":"Luzimara Fernandes","@id":"https:\/\/jornalfatosenoticias.com.br\/#\/schema\/person\/d63837fa13ac8666eb9e74e0985d6f81"},"headline":"Israel investiga casos de inflama\u00e7\u00e3o no cora\u00e7\u00e3o de vacinados com a Pfizer","datePublished":"2021-04-26T13:20:48+00:00","dateModified":"2021-04-26T13:20:50+00:00","mainEntityOfPage":{"@id":"https:\/\/jornalfatosenoticias.com.br\/index.php\/2021\/04\/26\/israel-investiga-casos-de-inflamacao-no-coracao-de-vacinados-com-a-pfizer\/"},"wordCount":609,"commentCount":0,"publisher":{"@id":"https:\/\/jornalfatosenoticias.com.br\/#organization"},"image":{"@id":"https:\/\/jornalfatosenoticias.com.br\/index.php\/2021\/04\/26\/israel-investiga-casos-de-inflamacao-no-coracao-de-vacinados-com-a-pfizer\/#primaryimage"},"thumbnailUrl":"https:\/\/jornalfatosenoticias.com.br\/wp-content\/uploads\/2021\/04\/vacina-pfizer.jpg","keywords":["covid-19","Israel","Pfizer","vacina"],"articleSection":["Internacional"],"inLanguage":"pt-BR","potentialAction":[{"@type":"CommentAction","name":"Comment","target":["https:\/\/jornalfatosenoticias.com.br\/index.php\/2021\/04\/26\/israel-investiga-casos-de-inflamacao-no-coracao-de-vacinados-com-a-pfizer\/#respond"]}]},{"@type":"WebPage","@id":"https:\/\/jornalfatosenoticias.com.br\/index.php\/2021\/04\/26\/israel-investiga-casos-de-inflamacao-no-coracao-de-vacinados-com-a-pfizer\/","url":"https:\/\/jornalfatosenoticias.com.br\/index.php\/2021\/04\/26\/israel-investiga-casos-de-inflamacao-no-coracao-de-vacinados-com-a-pfizer\/","name":"Israel investiga casos de inflama\u00e7\u00e3o no cora\u00e7\u00e3o de vacinados com a Pfizer - Jornal Fatos e Not\u00edcias","isPartOf":{"@id":"https:\/\/jornalfatosenoticias.com.br\/#website"},"primaryImageOfPage":{"@id":"https:\/\/jornalfatosenoticias.com.br\/index.php\/2021\/04\/26\/israel-investiga-casos-de-inflamacao-no-coracao-de-vacinados-com-a-pfizer\/#primaryimage"},"image":{"@id":"https:\/\/jornalfatosenoticias.com.br\/index.php\/2021\/04\/26\/israel-investiga-casos-de-inflamacao-no-coracao-de-vacinados-com-a-pfizer\/#primaryimage"},"thumbnailUrl":"https:\/\/jornalfatosenoticias.com.br\/wp-content\/uploads\/2021\/04\/vacina-pfizer.jpg","datePublished":"2021-04-26T13:20:48+00:00","dateModified":"2021-04-26T13:20:50+00:00","breadcrumb":{"@id":"https:\/\/jornalfatosenoticias.com.br\/index.php\/2021\/04\/26\/israel-investiga-casos-de-inflamacao-no-coracao-de-vacinados-com-a-pfizer\/#breadcrumb"},"inLanguage":"pt-BR","potentialAction":[{"@type":"ReadAction","target":["https:\/\/jornalfatosenoticias.com.br\/index.php\/2021\/04\/26\/israel-investiga-casos-de-inflamacao-no-coracao-de-vacinados-com-a-pfizer\/"]}]},{"@type":"ImageObject","inLanguage":"pt-BR","@id":"https:\/\/jornalfatosenoticias.com.br\/index.php\/2021\/04\/26\/israel-investiga-casos-de-inflamacao-no-coracao-de-vacinados-com-a-pfizer\/#primaryimage","url":"https:\/\/jornalfatosenoticias.com.br\/wp-content\/uploads\/2021\/04\/vacina-pfizer.jpg","contentUrl":"https:\/\/jornalfatosenoticias.com.br\/wp-content\/uploads\/2021\/04\/vacina-pfizer.jpg","width":1000,"height":598},{"@type":"BreadcrumbList","@id":"https:\/\/jornalfatosenoticias.com.br\/index.php\/2021\/04\/26\/israel-investiga-casos-de-inflamacao-no-coracao-de-vacinados-com-a-pfizer\/#breadcrumb","itemListElement":[{"@type":"ListItem","position":1,"name":"In\u00edcio","item":"https:\/\/jornalfatosenoticias.com.br\/"},{"@type":"ListItem","position":2,"name":"Israel investiga casos de inflama\u00e7\u00e3o no cora\u00e7\u00e3o de vacinados com a Pfizer"}]},{"@type":"WebSite","@id":"https:\/\/jornalfatosenoticias.com.br\/#website","url":"https:\/\/jornalfatosenoticias.com.br\/","name":"Jornal Fatos e Not\u00edcias","description":"Not\u00edcias em geral","publisher":{"@id":"https:\/\/jornalfatosenoticias.com.br\/#organization"},"potentialAction":[{"@type":"SearchAction","target":{"@type":"EntryPoint","urlTemplate":"https:\/\/jornalfatosenoticias.com.br\/?s={search_term_string}"},"query-input":{"@type":"PropertyValueSpecification","valueRequired":true,"valueName":"search_term_string"}}],"inLanguage":"pt-BR"},{"@type":"Organization","@id":"https:\/\/jornalfatosenoticias.com.br\/#organization","name":"Jornal Fatos e Not\u00edcias","url":"https:\/\/jornalfatosenoticias.com.br\/","logo":{"@type":"ImageObject","inLanguage":"pt-BR","@id":"https:\/\/jornalfatosenoticias.com.br\/#\/schema\/logo\/image\/","url":"https:\/\/jornalfatosenoticias.com.br\/wp-content\/uploads\/2020\/02\/logo120.png","contentUrl":"https:\/\/jornalfatosenoticias.com.br\/wp-content\/uploads\/2020\/02\/logo120.png","width":1227,"height":120,"caption":"Jornal Fatos e Not\u00edcias"},"image":{"@id":"https:\/\/jornalfatosenoticias.com.br\/#\/schema\/logo\/image\/"}},{"@type":"Person","@id":"https:\/\/jornalfatosenoticias.com.br\/#\/schema\/person\/d63837fa13ac8666eb9e74e0985d6f81","name":"Luzimara Fernandes","image":{"@type":"ImageObject","inLanguage":"pt-BR","@id":"https:\/\/jornalfatosenoticias.com.br\/#\/schema\/person\/image\/","url":"https:\/\/jornalfatosenoticias.com.br\/wp-content\/uploads\/2025\/05\/EU_portal.jpg","contentUrl":"https:\/\/jornalfatosenoticias.com.br\/wp-content\/uploads\/2025\/05\/EU_portal.jpg","caption":"Luzimara Fernandes"},"description":"Jornalista MTB 2358-ES","sameAs":["https:\/\/jornalfatosenoticias.com.br"],"url":"https:\/\/jornalfatosenoticias.com.br\/index.php\/author\/luzimara\/"}]}},"cc_featured_image_caption":{"caption_text":"(Foto: Reuters\/Direitos Reservados)","source_text":"","source_url":""},"jetpack_featured_media_url":"https:\/\/jornalfatosenoticias.com.br\/wp-content\/uploads\/2021\/04\/vacina-pfizer.jpg","_links":{"self":[{"href":"https:\/\/jornalfatosenoticias.com.br\/index.php\/wp-json\/wp\/v2\/posts\/17451","targetHints":{"allow":["GET"]}}],"collection":[{"href":"https:\/\/jornalfatosenoticias.com.br\/index.php\/wp-json\/wp\/v2\/posts"}],"about":[{"href":"https:\/\/jornalfatosenoticias.com.br\/index.php\/wp-json\/wp\/v2\/types\/post"}],"author":[{"embeddable":true,"href":"https:\/\/jornalfatosenoticias.com.br\/index.php\/wp-json\/wp\/v2\/users\/2"}],"replies":[{"embeddable":true,"href":"https:\/\/jornalfatosenoticias.com.br\/index.php\/wp-json\/wp\/v2\/comments?post=17451"}],"version-history":[{"count":0,"href":"https:\/\/jornalfatosenoticias.com.br\/index.php\/wp-json\/wp\/v2\/posts\/17451\/revisions"}],"wp:featuredmedia":[{"embeddable":true,"href":"https:\/\/jornalfatosenoticias.com.br\/index.php\/wp-json\/wp\/v2\/media\/17452"}],"wp:attachment":[{"href":"https:\/\/jornalfatosenoticias.com.br\/index.php\/wp-json\/wp\/v2\/media?parent=17451"}],"wp:term":[{"taxonomy":"category","embeddable":true,"href":"https:\/\/jornalfatosenoticias.com.br\/index.php\/wp-json\/wp\/v2\/categories?post=17451"},{"taxonomy":"post_tag","embeddable":true,"href":"https:\/\/jornalfatosenoticias.com.br\/index.php\/wp-json\/wp\/v2\/tags?post=17451"}],"curies":[{"name":"wp","href":"https:\/\/api.w.org\/{rel}","templated":true}]}}