{"id":1749,"date":"2020-03-04T11:10:50","date_gmt":"2020-03-04T14:10:50","guid":{"rendered":"https:\/\/jornalfatosenoticias.com.br\/?p=1749"},"modified":"2020-03-04T11:10:55","modified_gmt":"2020-03-04T14:10:55","slug":"ararinhas-azuis-de-volta-ao-brasil","status":"publish","type":"post","link":"https:\/\/jornalfatosenoticias.com.br\/index.php\/2020\/03\/04\/ararinhas-azuis-de-volta-ao-brasil\/","title":{"rendered":"Ararinhas-azuis de volta ao Brasil"},"content":{"rendered":"\n<h6 class=\"wp-block-heading\"><em>52 aves foram levadas para o recinto, em Cura\u00e7\u00e1, na Bahia<\/em><\/h6>\n\n\n\n<p>Bem a tempo para o Dia Mundial da Vida Selvagem deste ano, 52 ararinhas-azuis (49 oriundas da ACTP Alemanha e tr\u00eas do Zool\u00f3gico Pairi Daiza na B\u00e9lgica) chegaram ao Brasil, onde ser\u00e3o preparadas para sua reintrodu\u00e7\u00e3o e viverem novamente na natureza nos pr\u00f3ximos meses.<br>\nEsta esp\u00e9cie de arara, considerada extinta na natureza h\u00e1 duas d\u00e9cadas, \u00e9 conhecida em todo o mundo desde o filme &#8220;Rio&#8221;, do diretor brasileiro Carlos Saldanha. O filme conta as aventuras de Blue, uma ararinha-azul que volta ao Pa\u00eds para dar continuidade \u00e0 esp\u00e9cie.<br>\nA hist\u00f3ria contada no filme est\u00e1 prestes a virar realidade com a chegada das ararinhas-azuis no munic\u00edpio baiano de Cura\u00e7\u00e1, onde a comunidade j\u00e1 conta os minutos para receber as mais novas moradoras. A reintrodu\u00e7\u00e3o da Ararinha-azul faz parte de um projeto maior na Caatinga, no qual duas Unidades de Conserva\u00e7\u00e3o federais foram estabelecidas em 2018 para garantir a prote\u00e7\u00e3o e promover a biodiversidade e o uso sustent\u00e1vel.<br>\nO projeto promoveu a educa\u00e7\u00e3o ambiental entre 7,5 mil alunos que foram sensibilizados sobre a import\u00e2ncia da conserva\u00e7\u00e3o da ararinha-azul.<br>\nEstas aves foram v\u00edtimas de d\u00e9cadas de ca\u00e7a furtiva e a perda de seu habitat natural at\u00e9 a sua extin\u00e7\u00e3o na natureza, em 2000.<br>\nInicialmente, a reprodu\u00e7\u00e3o da ararinha-azul parecia imposs\u00edvel, pois apenas um n\u00famero muito pequeno de aves havia sobrevivido e a diversidade gen\u00e9tica era muito limitada. Foram testados e desenvolvidos v\u00e1rios m\u00e9todos para aumentar a popula\u00e7\u00e3o em cativeiro.<br>\nEm 2012, o Instituto Chico Mendes de Conserva\u00e7\u00e3o da Biodiversidade (ICMBio), juntamente com v\u00e1rias organiza\u00e7\u00f5es parceiras, estabeleceu um Plano de A\u00e7\u00e3o Nacional para aumentar a popula\u00e7\u00e3o cativa, proteger o habitat e promover a reintrodu\u00e7\u00e3o da Ararinha-azul.<br>\nEm 2016, a organiza\u00e7\u00e3o alem\u00e3 sem fins lucrativos, Association of Conservation Threatened Parrots (ACTP), lan\u00e7ou o &#8220;Projeto de Reintrodu\u00e7\u00e3o da Ararinha-azul&#8221; em conjunto com o ICMBio e com o apoio da funda\u00e7\u00e3o belga Pairi Daiza.<br>\nEm 2018, a maioria das aves foi reunida na ACTP em Berlim. Sob a supervis\u00e3o de uma equipe de especialistas, um n\u00famero cr\u00edtico de animais foi criado nos \u00faltimos anos. Felizmente, a tecnologia de cria\u00e7\u00e3o em cativeiro desenvolvida pelos propriet\u00e1rios e o programa de insemina\u00e7\u00e3o artificial da Al Wabra Wildlife Preservation, do Catar, ajudaram a aumentar a pequena popula\u00e7\u00e3o de 53 aves em 2000 para at\u00e9 180 papagaios saud\u00e1veis hoje. Destes, os primeiros animais devem agora ser reassentados em sua casa original.<br>\nOntem, 3 de mar\u00e7o de 2020, as aves e sua equipe de veterin\u00e1rios, criadores de animais, bi\u00f3logos, membros do governo brasileiro e cinegrafistas embarcaram em uma aeronave fretada especialmente para Petrolina, no estado brasileiro de Pernambuco, para chegar em sua casa. O destino: um grande centro de cria\u00e7\u00e3o e soltura perto de Cura\u00e7\u00e1, no estado da Bahia, que est\u00e1 localizado em uma \u00e1rea de 45 hectares dentro do Ref\u00fagio da Vida Silvestre da Ararinha-azul, na Caatinga. Aqui, os animais ser\u00e3o preparados para sua vida na natureza. Em 2021, o primeiro grupo de ararinhas-azuis finalmente deve voar pela Caatinga depois de 21 anos do desaparecimento do \u00faltimo exemplar visto na natureza.<\/p>\n\n\n\n<h4 class=\"wp-block-heading\">SOBRE A ESP\u00c9CIE<\/h4>\n\n\n\n<figure class=\"wp-block-image size-large\"><img loading=\"lazy\" decoding=\"async\" width=\"1024\" height=\"641\" src=\"https:\/\/jornalfatosenoticias.com.br\/wp-content\/uploads\/2020\/03\/arte_ararinha_azul_portugues_logos-1024x641.png\" alt=\"\" class=\"wp-image-1750\" srcset=\"https:\/\/jornalfatosenoticias.com.br\/wp-content\/uploads\/2020\/03\/arte_ararinha_azul_portugues_logos-1024x641.png 1024w, https:\/\/jornalfatosenoticias.com.br\/wp-content\/uploads\/2020\/03\/arte_ararinha_azul_portugues_logos-300x188.png 300w, https:\/\/jornalfatosenoticias.com.br\/wp-content\/uploads\/2020\/03\/arte_ararinha_azul_portugues_logos-768x481.png 768w, https:\/\/jornalfatosenoticias.com.br\/wp-content\/uploads\/2020\/03\/arte_ararinha_azul_portugues_logos-350x220.png 350w, https:\/\/jornalfatosenoticias.com.br\/wp-content\/uploads\/2020\/03\/arte_ararinha_azul_portugues_logos.png 1100w\" sizes=\"auto, (max-width: 1024px) 100vw, 1024px\" \/><\/figure>\n\n\n\n<p>A ararinha-azul \u00e9 uma ave rara da regi\u00e3o da Caatinga no Brasil, descoberta h\u00e1 200 anos pelo pesquisador alem\u00e3o Johann Baptist von Spix. \u00c9 um dos p\u00e1ssaros mais raros do mundo.<br>\nSeu bico redondo exclusivo e sua cor azul especial fizeram a ave ser cobi\u00e7ada para ca\u00e7adores e colecionadores em todo o mundo. A destrui\u00e7\u00e3o de seu habitat natural por seres humanos e outros animais nas d\u00e9cadas de 1980 e 1990 levou a um decl\u00ednio constante na popula\u00e7\u00e3o de ararinhas-azuis na natureza, at\u00e9 que o \u00faltimo exemplar desapareceu da natureza em 2000. No mesmo ano, a esp\u00e9cie foi oficialmente declarada extinta na natureza.<\/p>\n\n\n\n<p><strong><em>Fonte: ICMBio<\/em><\/strong><\/p>\n","protected":false},"excerpt":{"rendered":"<p>52 aves foram levadas para o recinto, em Cura\u00e7\u00e1, na Bahia Bem a tempo para o Dia Mundial da Vida Selvagem deste ano, 52 ararinhas-azuis (49 oriundas da ACTP Alemanha e tr\u00eas do Zool\u00f3gico Pairi Daiza na B\u00e9lgica) chegaram ao Brasil, onde ser\u00e3o preparadas para sua reintrodu\u00e7\u00e3o e viverem novamente na natureza nos pr\u00f3ximos meses. [&hellip;]<\/p>\n","protected":false},"author":2,"featured_media":1751,"comment_status":"open","ping_status":"open","sticky":false,"template":"","format":"standard","meta":{"footnotes":""},"categories":[8],"tags":[314,313,312,315,316],"class_list":["post-1749","post","type-post","status-publish","format-standard","has-post-thumbnail","hentry","category-meio-ambiente","tag-ararinha-azul","tag-cacadores","tag-dia-mundial-da-vida-selvagem","tag-extinta","tag-preservacao"],"yoast_head":"<!-- This site is optimized with the Yoast SEO plugin v26.5 - https:\/\/yoast.com\/wordpress\/plugins\/seo\/ -->\n<title>Ararinhas-azuis de volta ao Brasil - Jornal Fatos e Not\u00edcias<\/title>\n<meta name=\"robots\" content=\"index, follow, max-snippet:-1, max-image-preview:large, max-video-preview:-1\" \/>\n<link rel=\"canonical\" href=\"https:\/\/jornalfatosenoticias.com.br\/index.php\/2020\/03\/04\/ararinhas-azuis-de-volta-ao-brasil\/\" \/>\n<meta property=\"og:locale\" content=\"pt_BR\" \/>\n<meta property=\"og:type\" content=\"article\" \/>\n<meta property=\"og:title\" content=\"Ararinhas-azuis de volta ao Brasil - Jornal Fatos e Not\u00edcias\" \/>\n<meta property=\"og:description\" content=\"52 aves foram levadas para o recinto, em Cura\u00e7\u00e1, na Bahia Bem a tempo para o Dia Mundial da Vida Selvagem deste ano, 52 ararinhas-azuis (49 oriundas da ACTP Alemanha e tr\u00eas do Zool\u00f3gico Pairi Daiza na B\u00e9lgica) chegaram ao Brasil, onde ser\u00e3o preparadas para sua reintrodu\u00e7\u00e3o e viverem novamente na natureza nos pr\u00f3ximos meses. [&hellip;]\" \/>\n<meta property=\"og:url\" content=\"https:\/\/jornalfatosenoticias.com.br\/index.php\/2020\/03\/04\/ararinhas-azuis-de-volta-ao-brasil\/\" \/>\n<meta property=\"og:site_name\" content=\"Jornal Fatos e Not\u00edcias\" \/>\n<meta property=\"article:published_time\" content=\"2020-03-04T14:10:50+00:00\" \/>\n<meta property=\"article:modified_time\" content=\"2020-03-04T14:10:55+00:00\" \/>\n<meta property=\"og:image\" content=\"https:\/\/jornalfatosenoticias.com.br\/wp-content\/uploads\/2020\/03\/ararinhas-azuis.jpeg\" \/>\n\t<meta property=\"og:image:width\" content=\"980\" \/>\n\t<meta property=\"og:image:height\" content=\"712\" \/>\n\t<meta property=\"og:image:type\" content=\"image\/jpeg\" \/>\n<meta name=\"author\" content=\"Luzimara Fernandes\" \/>\n<meta name=\"twitter:card\" content=\"summary_large_image\" \/>\n<meta name=\"twitter:label1\" content=\"Escrito por\" \/>\n\t<meta name=\"twitter:data1\" content=\"Luzimara Fernandes\" \/>\n\t<meta name=\"twitter:label2\" content=\"Est. tempo de leitura\" \/>\n\t<meta name=\"twitter:data2\" content=\"3 minutos\" \/>\n<script type=\"application\/ld+json\" class=\"yoast-schema-graph\">{\"@context\":\"https:\/\/schema.org\",\"@graph\":[{\"@type\":\"Article\",\"@id\":\"https:\/\/jornalfatosenoticias.com.br\/index.php\/2020\/03\/04\/ararinhas-azuis-de-volta-ao-brasil\/#article\",\"isPartOf\":{\"@id\":\"https:\/\/jornalfatosenoticias.com.br\/index.php\/2020\/03\/04\/ararinhas-azuis-de-volta-ao-brasil\/\"},\"author\":{\"name\":\"Luzimara Fernandes\",\"@id\":\"https:\/\/jornalfatosenoticias.com.br\/#\/schema\/person\/d63837fa13ac8666eb9e74e0985d6f81\"},\"headline\":\"Ararinhas-azuis de volta ao Brasil\",\"datePublished\":\"2020-03-04T14:10:50+00:00\",\"dateModified\":\"2020-03-04T14:10:55+00:00\",\"mainEntityOfPage\":{\"@id\":\"https:\/\/jornalfatosenoticias.com.br\/index.php\/2020\/03\/04\/ararinhas-azuis-de-volta-ao-brasil\/\"},\"wordCount\":663,\"commentCount\":0,\"publisher\":{\"@id\":\"https:\/\/jornalfatosenoticias.com.br\/#organization\"},\"image\":{\"@id\":\"https:\/\/jornalfatosenoticias.com.br\/index.php\/2020\/03\/04\/ararinhas-azuis-de-volta-ao-brasil\/#primaryimage\"},\"thumbnailUrl\":\"https:\/\/jornalfatosenoticias.com.br\/wp-content\/uploads\/2020\/03\/ararinhas-azuis.jpeg\",\"keywords\":[\"ararinha-azul\",\"ca\u00e7adores\",\"Dia Mundial da Vida Selvagem\",\"extinta\",\"preserva\u00e7\u00e3o\"],\"articleSection\":[\"Meio ambiente\"],\"inLanguage\":\"pt-BR\",\"potentialAction\":[{\"@type\":\"CommentAction\",\"name\":\"Comment\",\"target\":[\"https:\/\/jornalfatosenoticias.com.br\/index.php\/2020\/03\/04\/ararinhas-azuis-de-volta-ao-brasil\/#respond\"]}]},{\"@type\":\"WebPage\",\"@id\":\"https:\/\/jornalfatosenoticias.com.br\/index.php\/2020\/03\/04\/ararinhas-azuis-de-volta-ao-brasil\/\",\"url\":\"https:\/\/jornalfatosenoticias.com.br\/index.php\/2020\/03\/04\/ararinhas-azuis-de-volta-ao-brasil\/\",\"name\":\"Ararinhas-azuis de volta ao Brasil - Jornal Fatos e Not\u00edcias\",\"isPartOf\":{\"@id\":\"https:\/\/jornalfatosenoticias.com.br\/#website\"},\"primaryImageOfPage\":{\"@id\":\"https:\/\/jornalfatosenoticias.com.br\/index.php\/2020\/03\/04\/ararinhas-azuis-de-volta-ao-brasil\/#primaryimage\"},\"image\":{\"@id\":\"https:\/\/jornalfatosenoticias.com.br\/index.php\/2020\/03\/04\/ararinhas-azuis-de-volta-ao-brasil\/#primaryimage\"},\"thumbnailUrl\":\"https:\/\/jornalfatosenoticias.com.br\/wp-content\/uploads\/2020\/03\/ararinhas-azuis.jpeg\",\"datePublished\":\"2020-03-04T14:10:50+00:00\",\"dateModified\":\"2020-03-04T14:10:55+00:00\",\"breadcrumb\":{\"@id\":\"https:\/\/jornalfatosenoticias.com.br\/index.php\/2020\/03\/04\/ararinhas-azuis-de-volta-ao-brasil\/#breadcrumb\"},\"inLanguage\":\"pt-BR\",\"potentialAction\":[{\"@type\":\"ReadAction\",\"target\":[\"https:\/\/jornalfatosenoticias.com.br\/index.php\/2020\/03\/04\/ararinhas-azuis-de-volta-ao-brasil\/\"]}]},{\"@type\":\"ImageObject\",\"inLanguage\":\"pt-BR\",\"@id\":\"https:\/\/jornalfatosenoticias.com.br\/index.php\/2020\/03\/04\/ararinhas-azuis-de-volta-ao-brasil\/#primaryimage\",\"url\":\"https:\/\/jornalfatosenoticias.com.br\/wp-content\/uploads\/2020\/03\/ararinhas-azuis.jpeg\",\"contentUrl\":\"https:\/\/jornalfatosenoticias.com.br\/wp-content\/uploads\/2020\/03\/ararinhas-azuis.jpeg\",\"width\":980,\"height\":712},{\"@type\":\"BreadcrumbList\",\"@id\":\"https:\/\/jornalfatosenoticias.com.br\/index.php\/2020\/03\/04\/ararinhas-azuis-de-volta-ao-brasil\/#breadcrumb\",\"itemListElement\":[{\"@type\":\"ListItem\",\"position\":1,\"name\":\"In\u00edcio\",\"item\":\"https:\/\/jornalfatosenoticias.com.br\/\"},{\"@type\":\"ListItem\",\"position\":2,\"name\":\"Ararinhas-azuis de volta ao Brasil\"}]},{\"@type\":\"WebSite\",\"@id\":\"https:\/\/jornalfatosenoticias.com.br\/#website\",\"url\":\"https:\/\/jornalfatosenoticias.com.br\/\",\"name\":\"Jornal Fatos e Not\u00edcias\",\"description\":\"Not\u00edcias em geral\",\"publisher\":{\"@id\":\"https:\/\/jornalfatosenoticias.com.br\/#organization\"},\"potentialAction\":[{\"@type\":\"SearchAction\",\"target\":{\"@type\":\"EntryPoint\",\"urlTemplate\":\"https:\/\/jornalfatosenoticias.com.br\/?s={search_term_string}\"},\"query-input\":{\"@type\":\"PropertyValueSpecification\",\"valueRequired\":true,\"valueName\":\"search_term_string\"}}],\"inLanguage\":\"pt-BR\"},{\"@type\":\"Organization\",\"@id\":\"https:\/\/jornalfatosenoticias.com.br\/#organization\",\"name\":\"Jornal Fatos e Not\u00edcias\",\"url\":\"https:\/\/jornalfatosenoticias.com.br\/\",\"logo\":{\"@type\":\"ImageObject\",\"inLanguage\":\"pt-BR\",\"@id\":\"https:\/\/jornalfatosenoticias.com.br\/#\/schema\/logo\/image\/\",\"url\":\"https:\/\/jornalfatosenoticias.com.br\/wp-content\/uploads\/2020\/02\/logo120.png\",\"contentUrl\":\"https:\/\/jornalfatosenoticias.com.br\/wp-content\/uploads\/2020\/02\/logo120.png\",\"width\":1227,\"height\":120,\"caption\":\"Jornal Fatos e Not\u00edcias\"},\"image\":{\"@id\":\"https:\/\/jornalfatosenoticias.com.br\/#\/schema\/logo\/image\/\"}},{\"@type\":\"Person\",\"@id\":\"https:\/\/jornalfatosenoticias.com.br\/#\/schema\/person\/d63837fa13ac8666eb9e74e0985d6f81\",\"name\":\"Luzimara Fernandes\",\"image\":{\"@type\":\"ImageObject\",\"inLanguage\":\"pt-BR\",\"@id\":\"https:\/\/jornalfatosenoticias.com.br\/#\/schema\/person\/image\/\",\"url\":\"https:\/\/jornalfatosenoticias.com.br\/wp-content\/uploads\/2025\/05\/EU_portal.jpg\",\"contentUrl\":\"https:\/\/jornalfatosenoticias.com.br\/wp-content\/uploads\/2025\/05\/EU_portal.jpg\",\"caption\":\"Luzimara Fernandes\"},\"description\":\"Jornalista MTB 2358-ES\",\"sameAs\":[\"https:\/\/jornalfatosenoticias.com.br\"],\"url\":\"https:\/\/jornalfatosenoticias.com.br\/index.php\/author\/luzimara\/\"}]}<\/script>\n<!-- \/ Yoast SEO plugin. -->","yoast_head_json":{"title":"Ararinhas-azuis de volta ao Brasil - Jornal Fatos e Not\u00edcias","robots":{"index":"index","follow":"follow","max-snippet":"max-snippet:-1","max-image-preview":"max-image-preview:large","max-video-preview":"max-video-preview:-1"},"canonical":"https:\/\/jornalfatosenoticias.com.br\/index.php\/2020\/03\/04\/ararinhas-azuis-de-volta-ao-brasil\/","og_locale":"pt_BR","og_type":"article","og_title":"Ararinhas-azuis de volta ao Brasil - Jornal Fatos e Not\u00edcias","og_description":"52 aves foram levadas para o recinto, em Cura\u00e7\u00e1, na Bahia Bem a tempo para o Dia Mundial da Vida Selvagem deste ano, 52 ararinhas-azuis (49 oriundas da ACTP Alemanha e tr\u00eas do Zool\u00f3gico Pairi Daiza na B\u00e9lgica) chegaram ao Brasil, onde ser\u00e3o preparadas para sua reintrodu\u00e7\u00e3o e viverem novamente na natureza nos pr\u00f3ximos meses. [&hellip;]","og_url":"https:\/\/jornalfatosenoticias.com.br\/index.php\/2020\/03\/04\/ararinhas-azuis-de-volta-ao-brasil\/","og_site_name":"Jornal Fatos e Not\u00edcias","article_published_time":"2020-03-04T14:10:50+00:00","article_modified_time":"2020-03-04T14:10:55+00:00","og_image":[{"width":980,"height":712,"url":"https:\/\/jornalfatosenoticias.com.br\/wp-content\/uploads\/2020\/03\/ararinhas-azuis.jpeg","type":"image\/jpeg"}],"author":"Luzimara Fernandes","twitter_card":"summary_large_image","twitter_misc":{"Escrito por":"Luzimara Fernandes","Est. tempo de leitura":"3 minutos"},"schema":{"@context":"https:\/\/schema.org","@graph":[{"@type":"Article","@id":"https:\/\/jornalfatosenoticias.com.br\/index.php\/2020\/03\/04\/ararinhas-azuis-de-volta-ao-brasil\/#article","isPartOf":{"@id":"https:\/\/jornalfatosenoticias.com.br\/index.php\/2020\/03\/04\/ararinhas-azuis-de-volta-ao-brasil\/"},"author":{"name":"Luzimara Fernandes","@id":"https:\/\/jornalfatosenoticias.com.br\/#\/schema\/person\/d63837fa13ac8666eb9e74e0985d6f81"},"headline":"Ararinhas-azuis de volta ao Brasil","datePublished":"2020-03-04T14:10:50+00:00","dateModified":"2020-03-04T14:10:55+00:00","mainEntityOfPage":{"@id":"https:\/\/jornalfatosenoticias.com.br\/index.php\/2020\/03\/04\/ararinhas-azuis-de-volta-ao-brasil\/"},"wordCount":663,"commentCount":0,"publisher":{"@id":"https:\/\/jornalfatosenoticias.com.br\/#organization"},"image":{"@id":"https:\/\/jornalfatosenoticias.com.br\/index.php\/2020\/03\/04\/ararinhas-azuis-de-volta-ao-brasil\/#primaryimage"},"thumbnailUrl":"https:\/\/jornalfatosenoticias.com.br\/wp-content\/uploads\/2020\/03\/ararinhas-azuis.jpeg","keywords":["ararinha-azul","ca\u00e7adores","Dia Mundial da Vida Selvagem","extinta","preserva\u00e7\u00e3o"],"articleSection":["Meio ambiente"],"inLanguage":"pt-BR","potentialAction":[{"@type":"CommentAction","name":"Comment","target":["https:\/\/jornalfatosenoticias.com.br\/index.php\/2020\/03\/04\/ararinhas-azuis-de-volta-ao-brasil\/#respond"]}]},{"@type":"WebPage","@id":"https:\/\/jornalfatosenoticias.com.br\/index.php\/2020\/03\/04\/ararinhas-azuis-de-volta-ao-brasil\/","url":"https:\/\/jornalfatosenoticias.com.br\/index.php\/2020\/03\/04\/ararinhas-azuis-de-volta-ao-brasil\/","name":"Ararinhas-azuis de volta ao Brasil - Jornal Fatos e Not\u00edcias","isPartOf":{"@id":"https:\/\/jornalfatosenoticias.com.br\/#website"},"primaryImageOfPage":{"@id":"https:\/\/jornalfatosenoticias.com.br\/index.php\/2020\/03\/04\/ararinhas-azuis-de-volta-ao-brasil\/#primaryimage"},"image":{"@id":"https:\/\/jornalfatosenoticias.com.br\/index.php\/2020\/03\/04\/ararinhas-azuis-de-volta-ao-brasil\/#primaryimage"},"thumbnailUrl":"https:\/\/jornalfatosenoticias.com.br\/wp-content\/uploads\/2020\/03\/ararinhas-azuis.jpeg","datePublished":"2020-03-04T14:10:50+00:00","dateModified":"2020-03-04T14:10:55+00:00","breadcrumb":{"@id":"https:\/\/jornalfatosenoticias.com.br\/index.php\/2020\/03\/04\/ararinhas-azuis-de-volta-ao-brasil\/#breadcrumb"},"inLanguage":"pt-BR","potentialAction":[{"@type":"ReadAction","target":["https:\/\/jornalfatosenoticias.com.br\/index.php\/2020\/03\/04\/ararinhas-azuis-de-volta-ao-brasil\/"]}]},{"@type":"ImageObject","inLanguage":"pt-BR","@id":"https:\/\/jornalfatosenoticias.com.br\/index.php\/2020\/03\/04\/ararinhas-azuis-de-volta-ao-brasil\/#primaryimage","url":"https:\/\/jornalfatosenoticias.com.br\/wp-content\/uploads\/2020\/03\/ararinhas-azuis.jpeg","contentUrl":"https:\/\/jornalfatosenoticias.com.br\/wp-content\/uploads\/2020\/03\/ararinhas-azuis.jpeg","width":980,"height":712},{"@type":"BreadcrumbList","@id":"https:\/\/jornalfatosenoticias.com.br\/index.php\/2020\/03\/04\/ararinhas-azuis-de-volta-ao-brasil\/#breadcrumb","itemListElement":[{"@type":"ListItem","position":1,"name":"In\u00edcio","item":"https:\/\/jornalfatosenoticias.com.br\/"},{"@type":"ListItem","position":2,"name":"Ararinhas-azuis de volta ao Brasil"}]},{"@type":"WebSite","@id":"https:\/\/jornalfatosenoticias.com.br\/#website","url":"https:\/\/jornalfatosenoticias.com.br\/","name":"Jornal Fatos e Not\u00edcias","description":"Not\u00edcias em geral","publisher":{"@id":"https:\/\/jornalfatosenoticias.com.br\/#organization"},"potentialAction":[{"@type":"SearchAction","target":{"@type":"EntryPoint","urlTemplate":"https:\/\/jornalfatosenoticias.com.br\/?s={search_term_string}"},"query-input":{"@type":"PropertyValueSpecification","valueRequired":true,"valueName":"search_term_string"}}],"inLanguage":"pt-BR"},{"@type":"Organization","@id":"https:\/\/jornalfatosenoticias.com.br\/#organization","name":"Jornal Fatos e Not\u00edcias","url":"https:\/\/jornalfatosenoticias.com.br\/","logo":{"@type":"ImageObject","inLanguage":"pt-BR","@id":"https:\/\/jornalfatosenoticias.com.br\/#\/schema\/logo\/image\/","url":"https:\/\/jornalfatosenoticias.com.br\/wp-content\/uploads\/2020\/02\/logo120.png","contentUrl":"https:\/\/jornalfatosenoticias.com.br\/wp-content\/uploads\/2020\/02\/logo120.png","width":1227,"height":120,"caption":"Jornal Fatos e Not\u00edcias"},"image":{"@id":"https:\/\/jornalfatosenoticias.com.br\/#\/schema\/logo\/image\/"}},{"@type":"Person","@id":"https:\/\/jornalfatosenoticias.com.br\/#\/schema\/person\/d63837fa13ac8666eb9e74e0985d6f81","name":"Luzimara Fernandes","image":{"@type":"ImageObject","inLanguage":"pt-BR","@id":"https:\/\/jornalfatosenoticias.com.br\/#\/schema\/person\/image\/","url":"https:\/\/jornalfatosenoticias.com.br\/wp-content\/uploads\/2025\/05\/EU_portal.jpg","contentUrl":"https:\/\/jornalfatosenoticias.com.br\/wp-content\/uploads\/2025\/05\/EU_portal.jpg","caption":"Luzimara Fernandes"},"description":"Jornalista MTB 2358-ES","sameAs":["https:\/\/jornalfatosenoticias.com.br"],"url":"https:\/\/jornalfatosenoticias.com.br\/index.php\/author\/luzimara\/"}]}},"cc_featured_image_caption":{"caption_text":"Extintas na natureza, aves que estavam na Alemanha chegam ao Brasil (Foto: Funda\u00e7\u00e3o Joaquim Nabuco)","source_text":"","source_url":""},"jetpack_featured_media_url":"https:\/\/jornalfatosenoticias.com.br\/wp-content\/uploads\/2020\/03\/ararinhas-azuis.jpeg","_links":{"self":[{"href":"https:\/\/jornalfatosenoticias.com.br\/index.php\/wp-json\/wp\/v2\/posts\/1749","targetHints":{"allow":["GET"]}}],"collection":[{"href":"https:\/\/jornalfatosenoticias.com.br\/index.php\/wp-json\/wp\/v2\/posts"}],"about":[{"href":"https:\/\/jornalfatosenoticias.com.br\/index.php\/wp-json\/wp\/v2\/types\/post"}],"author":[{"embeddable":true,"href":"https:\/\/jornalfatosenoticias.com.br\/index.php\/wp-json\/wp\/v2\/users\/2"}],"replies":[{"embeddable":true,"href":"https:\/\/jornalfatosenoticias.com.br\/index.php\/wp-json\/wp\/v2\/comments?post=1749"}],"version-history":[{"count":0,"href":"https:\/\/jornalfatosenoticias.com.br\/index.php\/wp-json\/wp\/v2\/posts\/1749\/revisions"}],"wp:featuredmedia":[{"embeddable":true,"href":"https:\/\/jornalfatosenoticias.com.br\/index.php\/wp-json\/wp\/v2\/media\/1751"}],"wp:attachment":[{"href":"https:\/\/jornalfatosenoticias.com.br\/index.php\/wp-json\/wp\/v2\/media?parent=1749"}],"wp:term":[{"taxonomy":"category","embeddable":true,"href":"https:\/\/jornalfatosenoticias.com.br\/index.php\/wp-json\/wp\/v2\/categories?post=1749"},{"taxonomy":"post_tag","embeddable":true,"href":"https:\/\/jornalfatosenoticias.com.br\/index.php\/wp-json\/wp\/v2\/tags?post=1749"}],"curies":[{"name":"wp","href":"https:\/\/api.w.org\/{rel}","templated":true}]}}