{"id":17490,"date":"2021-04-27T08:20:19","date_gmt":"2021-04-27T11:20:19","guid":{"rendered":"https:\/\/jornalfatosenoticias.com.br\/?p=17490"},"modified":"2021-04-27T08:20:23","modified_gmt":"2021-04-27T11:20:23","slug":"governo-altera-definicao-de-agricultor-familiar","status":"publish","type":"post","link":"https:\/\/jornalfatosenoticias.com.br\/index.php\/2021\/04\/27\/governo-altera-definicao-de-agricultor-familiar\/","title":{"rendered":"Governo altera defini\u00e7\u00e3o de agricultor familiar"},"content":{"rendered":"\n<p><em>Objetivo \u00e9 ampliar participa\u00e7\u00e3o do setor em pol\u00edticas p\u00fablicas<\/em><\/p>\n\n\n\n<p>Um decreto editado nesta segunda-feira (26) pelo presidente da Rep\u00fablica deve contribuir para o aumento da participa\u00e7\u00e3o de agricultores familiares em pol\u00edticas p\u00fablicas direcionadas a empreendimentos familiares rurais.<br>A norma altera o Decreto n\u00ba 9.064, de 31 de maio de 2017, que disp\u00f5e sobre unidades familiares de produ\u00e7\u00e3o agr\u00e1ria e altera os conceitos de empreendimento familiar rural, cooperativa singular da agricultura familiar, cooperativa central da agricultura familiar e associa\u00e7\u00e3o da agricultura familiar.<br>O decreto editado hoje altera os percentuais m\u00ednimos exigidos para um empreendimento familiar rural apresentar-se como tal. Segundo o governo, o decreto d\u00e1 reda\u00e7\u00e3o mais clara a conceitos relacionados a figuras referentes \u00e0 agricultura familiar. A ideia \u00e9 facilitar o enquadramento das formas de organiza\u00e7\u00e3o da agricultura familiar.<br>As altera\u00e7\u00f5es t\u00eam impacto na defini\u00e7\u00e3o dos agricultores familiares que podem ter acesso \u00e0 Declara\u00e7\u00e3o de Aptid\u00e3o ao Programa Nacional de Fortalecimento da Agricultura Familiar (Pronaf). Tal declara\u00e7\u00e3o ser\u00e1 substitu\u00edda pelo Cadastro Nacional da Agricultura Familiar (CAF), quando este estiver totalmente implementado.<\/p>\n\n\n\n<blockquote class=\"wp-block-quote is-layout-flow wp-block-quote-is-layout-flow\"><p>\u201cO objetivo da altera\u00e7\u00e3o pretendida \u00e9 ampliar a participa\u00e7\u00e3o de agricultores familiares em programas e a\u00e7\u00f5es governamentais destinados a atender \u00e0s formas associativas desse p\u00fablico-alvo, organizadas em pessoas jur\u00eddicas\u201d, esclarece o governo.<\/p><\/blockquote>\n\n\n\n<p>Segundo a Secretaria-Geral da Presid\u00eancia da Rep\u00fablica, o decreto de 2017 apresentava \u201cimprecis\u00f5es na reda\u00e7\u00e3o original e potenciais controv\u00e9rsias administrativas e jur\u00eddicas\u201d, por n\u00e3o trazer conex\u00e3o entre o seu texto e as normas infralegais editadas pelo Minist\u00e9rio da Agricultura, Pecu\u00e1ria e Abastecimento (Mapa) ap\u00f3s esse per\u00edodo. Normas infralegais n\u00e3o imp\u00f5em direitos, nem trazem garantias, podendo ser editadas pelo governo federal sem passar pelo Congresso Nacional.<\/p>\n\n\n\n<p><strong><em>Fonte: <a href=\"https:\/\/agenciabrasil.ebc.com.br\/politica\/noticia\/2021-04\/governo-altera-definicao-de-agricultor-familiar\">Ag\u00eancia Brasil<\/a><\/em><\/strong><\/p>\n","protected":false},"excerpt":{"rendered":"<p>Objetivo \u00e9 ampliar participa\u00e7\u00e3o do setor em pol\u00edticas p\u00fablicas Um decreto editado nesta segunda-feira (26) pelo presidente da Rep\u00fablica deve contribuir para o aumento da participa\u00e7\u00e3o de agricultores familiares em pol\u00edticas p\u00fablicas direcionadas a empreendimentos familiares rurais.A norma altera o Decreto n\u00ba 9.064, de 31 de maio de 2017, que disp\u00f5e sobre unidades familiares de [&hellip;]<\/p>\n","protected":false},"author":2,"featured_media":17491,"comment_status":"open","ping_status":"open","sticky":false,"template":"","format":"standard","meta":{"footnotes":""},"categories":[10],"tags":[1990,6626,8708,764,8709],"class_list":["post-17490","post","type-post","status-publish","format-standard","has-post-thumbnail","hentry","category-politica","tag-agricultura-familiar","tag-caf","tag-lavoura","tag-mapa","tag-pronaf"],"yoast_head":"<!-- This site is optimized with the Yoast SEO plugin v26.5 - https:\/\/yoast.com\/wordpress\/plugins\/seo\/ -->\n<title>Governo altera defini\u00e7\u00e3o de agricultor familiar - Jornal Fatos e Not\u00edcias<\/title>\n<meta name=\"robots\" content=\"index, follow, max-snippet:-1, max-image-preview:large, max-video-preview:-1\" \/>\n<link rel=\"canonical\" href=\"https:\/\/jornalfatosenoticias.com.br\/index.php\/2021\/04\/27\/governo-altera-definicao-de-agricultor-familiar\/\" \/>\n<meta property=\"og:locale\" content=\"pt_BR\" \/>\n<meta property=\"og:type\" content=\"article\" \/>\n<meta property=\"og:title\" content=\"Governo altera defini\u00e7\u00e3o de agricultor familiar - Jornal Fatos e Not\u00edcias\" \/>\n<meta property=\"og:description\" content=\"Objetivo \u00e9 ampliar participa\u00e7\u00e3o do setor em pol\u00edticas p\u00fablicas Um decreto editado nesta segunda-feira (26) pelo presidente da Rep\u00fablica deve contribuir para o aumento da participa\u00e7\u00e3o de agricultores familiares em pol\u00edticas p\u00fablicas direcionadas a empreendimentos familiares rurais.A norma altera o Decreto n\u00ba 9.064, de 31 de maio de 2017, que disp\u00f5e sobre unidades familiares de [&hellip;]\" \/>\n<meta property=\"og:url\" content=\"https:\/\/jornalfatosenoticias.com.br\/index.php\/2021\/04\/27\/governo-altera-definicao-de-agricultor-familiar\/\" \/>\n<meta property=\"og:site_name\" content=\"Jornal Fatos e Not\u00edcias\" \/>\n<meta property=\"article:published_time\" content=\"2021-04-27T11:20:19+00:00\" \/>\n<meta property=\"article:modified_time\" content=\"2021-04-27T11:20:23+00:00\" \/>\n<meta property=\"og:image\" content=\"https:\/\/jornalfatosenoticias.com.br\/wp-content\/uploads\/2021\/04\/lavoura_agricultura_familiar.jpg\" \/>\n\t<meta property=\"og:image:width\" content=\"1000\" \/>\n\t<meta property=\"og:image:height\" content=\"598\" \/>\n\t<meta property=\"og:image:type\" content=\"image\/jpeg\" \/>\n<meta name=\"author\" content=\"Luzimara Fernandes\" \/>\n<meta name=\"twitter:card\" content=\"summary_large_image\" \/>\n<meta name=\"twitter:label1\" content=\"Escrito por\" \/>\n\t<meta name=\"twitter:data1\" content=\"Luzimara Fernandes\" \/>\n\t<meta name=\"twitter:label2\" content=\"Est. tempo de leitura\" \/>\n\t<meta name=\"twitter:data2\" content=\"2 minutos\" \/>\n<script type=\"application\/ld+json\" class=\"yoast-schema-graph\">{\"@context\":\"https:\/\/schema.org\",\"@graph\":[{\"@type\":\"Article\",\"@id\":\"https:\/\/jornalfatosenoticias.com.br\/index.php\/2021\/04\/27\/governo-altera-definicao-de-agricultor-familiar\/#article\",\"isPartOf\":{\"@id\":\"https:\/\/jornalfatosenoticias.com.br\/index.php\/2021\/04\/27\/governo-altera-definicao-de-agricultor-familiar\/\"},\"author\":{\"name\":\"Luzimara Fernandes\",\"@id\":\"https:\/\/jornalfatosenoticias.com.br\/#\/schema\/person\/d63837fa13ac8666eb9e74e0985d6f81\"},\"headline\":\"Governo altera defini\u00e7\u00e3o de agricultor familiar\",\"datePublished\":\"2021-04-27T11:20:19+00:00\",\"dateModified\":\"2021-04-27T11:20:23+00:00\",\"mainEntityOfPage\":{\"@id\":\"https:\/\/jornalfatosenoticias.com.br\/index.php\/2021\/04\/27\/governo-altera-definicao-de-agricultor-familiar\/\"},\"wordCount\":309,\"commentCount\":0,\"publisher\":{\"@id\":\"https:\/\/jornalfatosenoticias.com.br\/#organization\"},\"image\":{\"@id\":\"https:\/\/jornalfatosenoticias.com.br\/index.php\/2021\/04\/27\/governo-altera-definicao-de-agricultor-familiar\/#primaryimage\"},\"thumbnailUrl\":\"https:\/\/jornalfatosenoticias.com.br\/wp-content\/uploads\/2021\/04\/lavoura_agricultura_familiar.jpg\",\"keywords\":[\"agricultura familiar\",\"CAF\",\"lavoura\",\"Mapa\",\"Pronaf\"],\"articleSection\":[\"Pol\u00edtica\"],\"inLanguage\":\"pt-BR\",\"potentialAction\":[{\"@type\":\"CommentAction\",\"name\":\"Comment\",\"target\":[\"https:\/\/jornalfatosenoticias.com.br\/index.php\/2021\/04\/27\/governo-altera-definicao-de-agricultor-familiar\/#respond\"]}]},{\"@type\":\"WebPage\",\"@id\":\"https:\/\/jornalfatosenoticias.com.br\/index.php\/2021\/04\/27\/governo-altera-definicao-de-agricultor-familiar\/\",\"url\":\"https:\/\/jornalfatosenoticias.com.br\/index.php\/2021\/04\/27\/governo-altera-definicao-de-agricultor-familiar\/\",\"name\":\"Governo altera defini\u00e7\u00e3o de agricultor familiar - Jornal Fatos e Not\u00edcias\",\"isPartOf\":{\"@id\":\"https:\/\/jornalfatosenoticias.com.br\/#website\"},\"primaryImageOfPage\":{\"@id\":\"https:\/\/jornalfatosenoticias.com.br\/index.php\/2021\/04\/27\/governo-altera-definicao-de-agricultor-familiar\/#primaryimage\"},\"image\":{\"@id\":\"https:\/\/jornalfatosenoticias.com.br\/index.php\/2021\/04\/27\/governo-altera-definicao-de-agricultor-familiar\/#primaryimage\"},\"thumbnailUrl\":\"https:\/\/jornalfatosenoticias.com.br\/wp-content\/uploads\/2021\/04\/lavoura_agricultura_familiar.jpg\",\"datePublished\":\"2021-04-27T11:20:19+00:00\",\"dateModified\":\"2021-04-27T11:20:23+00:00\",\"breadcrumb\":{\"@id\":\"https:\/\/jornalfatosenoticias.com.br\/index.php\/2021\/04\/27\/governo-altera-definicao-de-agricultor-familiar\/#breadcrumb\"},\"inLanguage\":\"pt-BR\",\"potentialAction\":[{\"@type\":\"ReadAction\",\"target\":[\"https:\/\/jornalfatosenoticias.com.br\/index.php\/2021\/04\/27\/governo-altera-definicao-de-agricultor-familiar\/\"]}]},{\"@type\":\"ImageObject\",\"inLanguage\":\"pt-BR\",\"@id\":\"https:\/\/jornalfatosenoticias.com.br\/index.php\/2021\/04\/27\/governo-altera-definicao-de-agricultor-familiar\/#primaryimage\",\"url\":\"https:\/\/jornalfatosenoticias.com.br\/wp-content\/uploads\/2021\/04\/lavoura_agricultura_familiar.jpg\",\"contentUrl\":\"https:\/\/jornalfatosenoticias.com.br\/wp-content\/uploads\/2021\/04\/lavoura_agricultura_familiar.jpg\",\"width\":1000,\"height\":598},{\"@type\":\"BreadcrumbList\",\"@id\":\"https:\/\/jornalfatosenoticias.com.br\/index.php\/2021\/04\/27\/governo-altera-definicao-de-agricultor-familiar\/#breadcrumb\",\"itemListElement\":[{\"@type\":\"ListItem\",\"position\":1,\"name\":\"In\u00edcio\",\"item\":\"https:\/\/jornalfatosenoticias.com.br\/\"},{\"@type\":\"ListItem\",\"position\":2,\"name\":\"Governo altera defini\u00e7\u00e3o de agricultor familiar\"}]},{\"@type\":\"WebSite\",\"@id\":\"https:\/\/jornalfatosenoticias.com.br\/#website\",\"url\":\"https:\/\/jornalfatosenoticias.com.br\/\",\"name\":\"Jornal Fatos e Not\u00edcias\",\"description\":\"Not\u00edcias em geral\",\"publisher\":{\"@id\":\"https:\/\/jornalfatosenoticias.com.br\/#organization\"},\"potentialAction\":[{\"@type\":\"SearchAction\",\"target\":{\"@type\":\"EntryPoint\",\"urlTemplate\":\"https:\/\/jornalfatosenoticias.com.br\/?s={search_term_string}\"},\"query-input\":{\"@type\":\"PropertyValueSpecification\",\"valueRequired\":true,\"valueName\":\"search_term_string\"}}],\"inLanguage\":\"pt-BR\"},{\"@type\":\"Organization\",\"@id\":\"https:\/\/jornalfatosenoticias.com.br\/#organization\",\"name\":\"Jornal Fatos e Not\u00edcias\",\"url\":\"https:\/\/jornalfatosenoticias.com.br\/\",\"logo\":{\"@type\":\"ImageObject\",\"inLanguage\":\"pt-BR\",\"@id\":\"https:\/\/jornalfatosenoticias.com.br\/#\/schema\/logo\/image\/\",\"url\":\"https:\/\/jornalfatosenoticias.com.br\/wp-content\/uploads\/2020\/02\/logo120.png\",\"contentUrl\":\"https:\/\/jornalfatosenoticias.com.br\/wp-content\/uploads\/2020\/02\/logo120.png\",\"width\":1227,\"height\":120,\"caption\":\"Jornal Fatos e Not\u00edcias\"},\"image\":{\"@id\":\"https:\/\/jornalfatosenoticias.com.br\/#\/schema\/logo\/image\/\"}},{\"@type\":\"Person\",\"@id\":\"https:\/\/jornalfatosenoticias.com.br\/#\/schema\/person\/d63837fa13ac8666eb9e74e0985d6f81\",\"name\":\"Luzimara Fernandes\",\"image\":{\"@type\":\"ImageObject\",\"inLanguage\":\"pt-BR\",\"@id\":\"https:\/\/jornalfatosenoticias.com.br\/#\/schema\/person\/image\/\",\"url\":\"https:\/\/jornalfatosenoticias.com.br\/wp-content\/uploads\/2025\/05\/EU_portal.jpg\",\"contentUrl\":\"https:\/\/jornalfatosenoticias.com.br\/wp-content\/uploads\/2025\/05\/EU_portal.jpg\",\"caption\":\"Luzimara Fernandes\"},\"description\":\"Jornalista MTB 2358-ES\",\"sameAs\":[\"https:\/\/jornalfatosenoticias.com.br\"],\"url\":\"https:\/\/jornalfatosenoticias.com.br\/index.php\/author\/luzimara\/\"}]}<\/script>\n<!-- \/ Yoast SEO plugin. -->","yoast_head_json":{"title":"Governo altera defini\u00e7\u00e3o de agricultor familiar - Jornal Fatos e Not\u00edcias","robots":{"index":"index","follow":"follow","max-snippet":"max-snippet:-1","max-image-preview":"max-image-preview:large","max-video-preview":"max-video-preview:-1"},"canonical":"https:\/\/jornalfatosenoticias.com.br\/index.php\/2021\/04\/27\/governo-altera-definicao-de-agricultor-familiar\/","og_locale":"pt_BR","og_type":"article","og_title":"Governo altera defini\u00e7\u00e3o de agricultor familiar - Jornal Fatos e Not\u00edcias","og_description":"Objetivo \u00e9 ampliar participa\u00e7\u00e3o do setor em pol\u00edticas p\u00fablicas Um decreto editado nesta segunda-feira (26) pelo presidente da Rep\u00fablica deve contribuir para o aumento da participa\u00e7\u00e3o de agricultores familiares em pol\u00edticas p\u00fablicas direcionadas a empreendimentos familiares rurais.A norma altera o Decreto n\u00ba 9.064, de 31 de maio de 2017, que disp\u00f5e sobre unidades familiares de [&hellip;]","og_url":"https:\/\/jornalfatosenoticias.com.br\/index.php\/2021\/04\/27\/governo-altera-definicao-de-agricultor-familiar\/","og_site_name":"Jornal Fatos e Not\u00edcias","article_published_time":"2021-04-27T11:20:19+00:00","article_modified_time":"2021-04-27T11:20:23+00:00","og_image":[{"width":1000,"height":598,"url":"https:\/\/jornalfatosenoticias.com.br\/wp-content\/uploads\/2021\/04\/lavoura_agricultura_familiar.jpg","type":"image\/jpeg"}],"author":"Luzimara Fernandes","twitter_card":"summary_large_image","twitter_misc":{"Escrito por":"Luzimara Fernandes","Est. tempo de leitura":"2 minutos"},"schema":{"@context":"https:\/\/schema.org","@graph":[{"@type":"Article","@id":"https:\/\/jornalfatosenoticias.com.br\/index.php\/2021\/04\/27\/governo-altera-definicao-de-agricultor-familiar\/#article","isPartOf":{"@id":"https:\/\/jornalfatosenoticias.com.br\/index.php\/2021\/04\/27\/governo-altera-definicao-de-agricultor-familiar\/"},"author":{"name":"Luzimara Fernandes","@id":"https:\/\/jornalfatosenoticias.com.br\/#\/schema\/person\/d63837fa13ac8666eb9e74e0985d6f81"},"headline":"Governo altera defini\u00e7\u00e3o de agricultor familiar","datePublished":"2021-04-27T11:20:19+00:00","dateModified":"2021-04-27T11:20:23+00:00","mainEntityOfPage":{"@id":"https:\/\/jornalfatosenoticias.com.br\/index.php\/2021\/04\/27\/governo-altera-definicao-de-agricultor-familiar\/"},"wordCount":309,"commentCount":0,"publisher":{"@id":"https:\/\/jornalfatosenoticias.com.br\/#organization"},"image":{"@id":"https:\/\/jornalfatosenoticias.com.br\/index.php\/2021\/04\/27\/governo-altera-definicao-de-agricultor-familiar\/#primaryimage"},"thumbnailUrl":"https:\/\/jornalfatosenoticias.com.br\/wp-content\/uploads\/2021\/04\/lavoura_agricultura_familiar.jpg","keywords":["agricultura familiar","CAF","lavoura","Mapa","Pronaf"],"articleSection":["Pol\u00edtica"],"inLanguage":"pt-BR","potentialAction":[{"@type":"CommentAction","name":"Comment","target":["https:\/\/jornalfatosenoticias.com.br\/index.php\/2021\/04\/27\/governo-altera-definicao-de-agricultor-familiar\/#respond"]}]},{"@type":"WebPage","@id":"https:\/\/jornalfatosenoticias.com.br\/index.php\/2021\/04\/27\/governo-altera-definicao-de-agricultor-familiar\/","url":"https:\/\/jornalfatosenoticias.com.br\/index.php\/2021\/04\/27\/governo-altera-definicao-de-agricultor-familiar\/","name":"Governo altera defini\u00e7\u00e3o de agricultor familiar - Jornal Fatos e Not\u00edcias","isPartOf":{"@id":"https:\/\/jornalfatosenoticias.com.br\/#website"},"primaryImageOfPage":{"@id":"https:\/\/jornalfatosenoticias.com.br\/index.php\/2021\/04\/27\/governo-altera-definicao-de-agricultor-familiar\/#primaryimage"},"image":{"@id":"https:\/\/jornalfatosenoticias.com.br\/index.php\/2021\/04\/27\/governo-altera-definicao-de-agricultor-familiar\/#primaryimage"},"thumbnailUrl":"https:\/\/jornalfatosenoticias.com.br\/wp-content\/uploads\/2021\/04\/lavoura_agricultura_familiar.jpg","datePublished":"2021-04-27T11:20:19+00:00","dateModified":"2021-04-27T11:20:23+00:00","breadcrumb":{"@id":"https:\/\/jornalfatosenoticias.com.br\/index.php\/2021\/04\/27\/governo-altera-definicao-de-agricultor-familiar\/#breadcrumb"},"inLanguage":"pt-BR","potentialAction":[{"@type":"ReadAction","target":["https:\/\/jornalfatosenoticias.com.br\/index.php\/2021\/04\/27\/governo-altera-definicao-de-agricultor-familiar\/"]}]},{"@type":"ImageObject","inLanguage":"pt-BR","@id":"https:\/\/jornalfatosenoticias.com.br\/index.php\/2021\/04\/27\/governo-altera-definicao-de-agricultor-familiar\/#primaryimage","url":"https:\/\/jornalfatosenoticias.com.br\/wp-content\/uploads\/2021\/04\/lavoura_agricultura_familiar.jpg","contentUrl":"https:\/\/jornalfatosenoticias.com.br\/wp-content\/uploads\/2021\/04\/lavoura_agricultura_familiar.jpg","width":1000,"height":598},{"@type":"BreadcrumbList","@id":"https:\/\/jornalfatosenoticias.com.br\/index.php\/2021\/04\/27\/governo-altera-definicao-de-agricultor-familiar\/#breadcrumb","itemListElement":[{"@type":"ListItem","position":1,"name":"In\u00edcio","item":"https:\/\/jornalfatosenoticias.com.br\/"},{"@type":"ListItem","position":2,"name":"Governo altera defini\u00e7\u00e3o de agricultor familiar"}]},{"@type":"WebSite","@id":"https:\/\/jornalfatosenoticias.com.br\/#website","url":"https:\/\/jornalfatosenoticias.com.br\/","name":"Jornal Fatos e Not\u00edcias","description":"Not\u00edcias em geral","publisher":{"@id":"https:\/\/jornalfatosenoticias.com.br\/#organization"},"potentialAction":[{"@type":"SearchAction","target":{"@type":"EntryPoint","urlTemplate":"https:\/\/jornalfatosenoticias.com.br\/?s={search_term_string}"},"query-input":{"@type":"PropertyValueSpecification","valueRequired":true,"valueName":"search_term_string"}}],"inLanguage":"pt-BR"},{"@type":"Organization","@id":"https:\/\/jornalfatosenoticias.com.br\/#organization","name":"Jornal Fatos e Not\u00edcias","url":"https:\/\/jornalfatosenoticias.com.br\/","logo":{"@type":"ImageObject","inLanguage":"pt-BR","@id":"https:\/\/jornalfatosenoticias.com.br\/#\/schema\/logo\/image\/","url":"https:\/\/jornalfatosenoticias.com.br\/wp-content\/uploads\/2020\/02\/logo120.png","contentUrl":"https:\/\/jornalfatosenoticias.com.br\/wp-content\/uploads\/2020\/02\/logo120.png","width":1227,"height":120,"caption":"Jornal Fatos e Not\u00edcias"},"image":{"@id":"https:\/\/jornalfatosenoticias.com.br\/#\/schema\/logo\/image\/"}},{"@type":"Person","@id":"https:\/\/jornalfatosenoticias.com.br\/#\/schema\/person\/d63837fa13ac8666eb9e74e0985d6f81","name":"Luzimara Fernandes","image":{"@type":"ImageObject","inLanguage":"pt-BR","@id":"https:\/\/jornalfatosenoticias.com.br\/#\/schema\/person\/image\/","url":"https:\/\/jornalfatosenoticias.com.br\/wp-content\/uploads\/2025\/05\/EU_portal.jpg","contentUrl":"https:\/\/jornalfatosenoticias.com.br\/wp-content\/uploads\/2025\/05\/EU_portal.jpg","caption":"Luzimara Fernandes"},"description":"Jornalista MTB 2358-ES","sameAs":["https:\/\/jornalfatosenoticias.com.br"],"url":"https:\/\/jornalfatosenoticias.com.br\/index.php\/author\/luzimara\/"}]}},"cc_featured_image_caption":{"caption_text":"(Foto: Elza Fi\u00faza\/Ag\u00eancia Brasil) \r\n","source_text":"","source_url":""},"jetpack_featured_media_url":"https:\/\/jornalfatosenoticias.com.br\/wp-content\/uploads\/2021\/04\/lavoura_agricultura_familiar.jpg","_links":{"self":[{"href":"https:\/\/jornalfatosenoticias.com.br\/index.php\/wp-json\/wp\/v2\/posts\/17490","targetHints":{"allow":["GET"]}}],"collection":[{"href":"https:\/\/jornalfatosenoticias.com.br\/index.php\/wp-json\/wp\/v2\/posts"}],"about":[{"href":"https:\/\/jornalfatosenoticias.com.br\/index.php\/wp-json\/wp\/v2\/types\/post"}],"author":[{"embeddable":true,"href":"https:\/\/jornalfatosenoticias.com.br\/index.php\/wp-json\/wp\/v2\/users\/2"}],"replies":[{"embeddable":true,"href":"https:\/\/jornalfatosenoticias.com.br\/index.php\/wp-json\/wp\/v2\/comments?post=17490"}],"version-history":[{"count":0,"href":"https:\/\/jornalfatosenoticias.com.br\/index.php\/wp-json\/wp\/v2\/posts\/17490\/revisions"}],"wp:featuredmedia":[{"embeddable":true,"href":"https:\/\/jornalfatosenoticias.com.br\/index.php\/wp-json\/wp\/v2\/media\/17491"}],"wp:attachment":[{"href":"https:\/\/jornalfatosenoticias.com.br\/index.php\/wp-json\/wp\/v2\/media?parent=17490"}],"wp:term":[{"taxonomy":"category","embeddable":true,"href":"https:\/\/jornalfatosenoticias.com.br\/index.php\/wp-json\/wp\/v2\/categories?post=17490"},{"taxonomy":"post_tag","embeddable":true,"href":"https:\/\/jornalfatosenoticias.com.br\/index.php\/wp-json\/wp\/v2\/tags?post=17490"}],"curies":[{"name":"wp","href":"https:\/\/api.w.org\/{rel}","templated":true}]}}