{"id":17496,"date":"2021-04-27T08:36:26","date_gmt":"2021-04-27T11:36:26","guid":{"rendered":"https:\/\/jornalfatosenoticias.com.br\/?p=17496"},"modified":"2021-04-27T08:36:31","modified_gmt":"2021-04-27T11:36:31","slug":"plataforma-da-usp-reune-conteudos-on-line-sobre-oceanos","status":"publish","type":"post","link":"https:\/\/jornalfatosenoticias.com.br\/index.php\/2021\/04\/27\/plataforma-da-usp-reune-conteudos-on-line-sobre-oceanos\/","title":{"rendered":"Plataforma da USP re\u00fane conte\u00fados on-line sobre oceanos"},"content":{"rendered":"\n<p><em>&#8220;Oceano em Casa&#8221; do Instituto de Oceanografia d\u00e1 dicas de document\u00e1rios, reportagens e materiais did\u00e1ticos<\/em><\/p>\n\n\n\n<p>Navegar em casa, sem sair do sof\u00e1. Mas nesse caso, n\u00e3o se trata somente de navegar na internet. O Instituto de Oceanografia (IO) da USP acaba de lan\u00e7ar uma plataforma para divulgar conte\u00fados selecionados sobre o mar. A p\u00e1gina <a href=\"http:\/\/www.io.usp.br\/index.php\/extensao\/servicos-a-comunidade\/oceano-em-casa.html\" target=\"_blank\" rel=\"noreferrer noopener\">Oceano em Casa<\/a> re\u00fane uma s\u00e9rie de links de f\u00e1cil acesso, divididos em categorias: v\u00eddeos, \u00e1udios, reportagens (escritas), cartilhas e livros, conte\u00fados did\u00e1ticos e culturais, sites e blogs. O material selecionado conta com a participa\u00e7\u00e3o de docentes, funcion\u00e1rios e alunos do Instituto.<br>Entre os conte\u00fados selecionados, a p\u00e1gina Oceano em Casa destaca o document\u00e1rio <em>Ant\u00e1rtica, o continente de extremos<\/em>. O v\u00eddeo foi idealizado pela ocean\u00f3grafa Rosalinda Montone (IO), que trabalha na Esta\u00e7\u00e3o Ant\u00e1rtica Comandante Ferraz \u2014 a base do Brasil na Ant\u00e1rtida.<\/p>\n\n\n\n<figure class=\"wp-block-embed-youtube wp-block-embed is-type-video is-provider-youtube wp-embed-aspect-16-9 wp-has-aspect-ratio\"><div class=\"wp-block-embed__wrapper\">\n<iframe loading=\"lazy\" title=\"Antarctica: The Continent of Extremes (English Subtitles\/Portuguese audio)\" width=\"660\" height=\"371\" src=\"https:\/\/www.youtube.com\/embed\/jMYcgD1ihB4?start=1536&#038;feature=oembed\" frameborder=\"0\" allow=\"accelerometer; autoplay; clipboard-write; encrypted-media; gyroscope; picture-in-picture; web-share\" referrerpolicy=\"strict-origin-when-cross-origin\" allowfullscreen><\/iframe>\n<\/div><\/figure>\n\n\n\n<p><strong><span class=\"has-inline-color has-vivid-green-cyan-color\">Mar adentro<br><\/span><\/strong>As Na\u00e7\u00f5es Unidas designam datas e per\u00edodos para promover a\u00e7\u00f5es de conscientiza\u00e7\u00e3o em torno de um tema espec\u00edfico. Entre as d\u00e9cadas internacionais estabelecidas pela ag\u00eancia est\u00e1 a <a href=\"https:\/\/www.oceandecade.org\/\" target=\"_blank\" rel=\"noreferrer noopener\">D\u00e9cada das Na\u00e7\u00f5es Unidas da Ci\u00eancia Oce\u00e2nica para o Desenvolvimento Sustent\u00e1vel<\/a>.<\/p>\n\n\n\n<div class=\"wp-block-image\"><figure class=\"alignright size-large is-resized\"><img loading=\"lazy\" decoding=\"async\" src=\"https:\/\/jornalfatosenoticias.com.br\/wp-content\/uploads\/2021\/04\/oceanos-mar.jpg\" alt=\"\" class=\"wp-image-17497\" width=\"326\" height=\"216\"\/><figcaption><em>(Foto: Anastasia Taioglou\/Unsplash)<\/em><\/figcaption><\/figure><\/div>\n\n\n\n<p>No per\u00edodo que vai de 2021 a 2030, a ONU estimula a\u00e7\u00f5es que visem gerar e divulgar conhecimento relacionado ao oceano. Al\u00e9m de depender do oceano para sua sobreviv\u00eancia, a a\u00e7\u00e3o do homem sobre os mares tamb\u00e9m os influenciam. Exemplos disso s\u00e3o a produ\u00e7\u00e3o de oxig\u00eanio; regula\u00e7\u00e3o do clima e armazenamento de carbono; al\u00e9m da degrada\u00e7\u00e3o, que afeta a biodiversidade e os benef\u00edcios que o Oceano traz para a humanidade.<br>\u201cDeve haver tradu\u00e7\u00e3o para a sociedade. Sem a tradu\u00e7\u00e3o desse conhecimento para a popula\u00e7\u00e3o e para os tomadores de decis\u00e3o, a gente n\u00e3o consegue caminhar em dire\u00e7\u00e3o ao uso sensato do oceano, que \u00e9 o que a d\u00e9cada busca\u201d, afirma Alexander Turra, professor do IO em entrevista para a R\u00e1dio USP.<\/p>\n\n\n\n<p>Confira a p\u00e1gina <a href=\"http:\/\/www.io.usp.br\/index.php\/extensao\/servicos-a-comunidade\/oceano-em-casa.html\" target=\"_blank\" rel=\"noreferrer noopener\">Oceano em Casa<\/a>.<\/p>\n\n\n\n<p><strong><em>Fonte: <a href=\"https:\/\/ciclovivo.com.br\/fique-ligado\/plataforma-usp-conteudos-online-oceanos\/\">CicloVivo<\/a><\/em><\/strong><\/p>\n","protected":false},"excerpt":{"rendered":"<p>&#8220;Oceano em Casa&#8221; do Instituto de Oceanografia d\u00e1 dicas de document\u00e1rios, reportagens e materiais did\u00e1ticos Navegar em casa, sem sair do sof\u00e1. Mas nesse caso, n\u00e3o se trata somente de navegar na internet. O Instituto de Oceanografia (IO) da USP acaba de lan\u00e7ar uma plataforma para divulgar conte\u00fados selecionados sobre o mar. A p\u00e1gina Oceano [&hellip;]<\/p>\n","protected":false},"author":2,"featured_media":17498,"comment_status":"open","ping_status":"open","sticky":false,"template":"","format":"standard","meta":{"footnotes":""},"categories":[8],"tags":[872,334,137,8710,2042,530],"class_list":["post-17496","post","type-post","status-publish","format-standard","has-post-thumbnail","hentry","category-meio-ambiente","tag-antartica","tag-biodiversidade","tag-mar","tag-oceano-em-casa","tag-oceanos","tag-plataforma"],"yoast_head":"<!-- This site is optimized with the Yoast SEO plugin v26.5 - https:\/\/yoast.com\/wordpress\/plugins\/seo\/ -->\n<title>Plataforma da USP re\u00fane conte\u00fados on-line sobre oceanos - Jornal Fatos e Not\u00edcias<\/title>\n<meta name=\"robots\" content=\"index, follow, max-snippet:-1, max-image-preview:large, max-video-preview:-1\" \/>\n<link rel=\"canonical\" href=\"https:\/\/jornalfatosenoticias.com.br\/index.php\/2021\/04\/27\/plataforma-da-usp-reune-conteudos-on-line-sobre-oceanos\/\" \/>\n<meta property=\"og:locale\" content=\"pt_BR\" \/>\n<meta property=\"og:type\" content=\"article\" \/>\n<meta property=\"og:title\" content=\"Plataforma da USP re\u00fane conte\u00fados on-line sobre oceanos - Jornal Fatos e Not\u00edcias\" \/>\n<meta property=\"og:description\" content=\"&#8220;Oceano em Casa&#8221; do Instituto de Oceanografia d\u00e1 dicas de document\u00e1rios, reportagens e materiais did\u00e1ticos Navegar em casa, sem sair do sof\u00e1. Mas nesse caso, n\u00e3o se trata somente de navegar na internet. O Instituto de Oceanografia (IO) da USP acaba de lan\u00e7ar uma plataforma para divulgar conte\u00fados selecionados sobre o mar. A p\u00e1gina Oceano [&hellip;]\" \/>\n<meta property=\"og:url\" content=\"https:\/\/jornalfatosenoticias.com.br\/index.php\/2021\/04\/27\/plataforma-da-usp-reune-conteudos-on-line-sobre-oceanos\/\" \/>\n<meta property=\"og:site_name\" content=\"Jornal Fatos e Not\u00edcias\" \/>\n<meta property=\"article:published_time\" content=\"2021-04-27T11:36:26+00:00\" \/>\n<meta property=\"article:modified_time\" content=\"2021-04-27T11:36:31+00:00\" \/>\n<meta property=\"og:image\" content=\"https:\/\/jornalfatosenoticias.com.br\/wp-content\/uploads\/2021\/04\/oceano-tartaruga.jpg\" \/>\n\t<meta property=\"og:image:width\" content=\"1000\" \/>\n\t<meta property=\"og:image:height\" content=\"668\" \/>\n\t<meta property=\"og:image:type\" content=\"image\/jpeg\" \/>\n<meta name=\"author\" content=\"Luzimara Fernandes\" \/>\n<meta name=\"twitter:card\" content=\"summary_large_image\" \/>\n<meta name=\"twitter:label1\" content=\"Escrito por\" \/>\n\t<meta name=\"twitter:data1\" content=\"Luzimara Fernandes\" \/>\n\t<meta name=\"twitter:label2\" content=\"Est. tempo de leitura\" \/>\n\t<meta name=\"twitter:data2\" content=\"2 minutos\" \/>\n<script type=\"application\/ld+json\" class=\"yoast-schema-graph\">{\"@context\":\"https:\/\/schema.org\",\"@graph\":[{\"@type\":\"Article\",\"@id\":\"https:\/\/jornalfatosenoticias.com.br\/index.php\/2021\/04\/27\/plataforma-da-usp-reune-conteudos-on-line-sobre-oceanos\/#article\",\"isPartOf\":{\"@id\":\"https:\/\/jornalfatosenoticias.com.br\/index.php\/2021\/04\/27\/plataforma-da-usp-reune-conteudos-on-line-sobre-oceanos\/\"},\"author\":{\"name\":\"Luzimara Fernandes\",\"@id\":\"https:\/\/jornalfatosenoticias.com.br\/#\/schema\/person\/d63837fa13ac8666eb9e74e0985d6f81\"},\"headline\":\"Plataforma da USP re\u00fane conte\u00fados on-line sobre oceanos\",\"datePublished\":\"2021-04-27T11:36:26+00:00\",\"dateModified\":\"2021-04-27T11:36:31+00:00\",\"mainEntityOfPage\":{\"@id\":\"https:\/\/jornalfatosenoticias.com.br\/index.php\/2021\/04\/27\/plataforma-da-usp-reune-conteudos-on-line-sobre-oceanos\/\"},\"wordCount\":387,\"commentCount\":0,\"publisher\":{\"@id\":\"https:\/\/jornalfatosenoticias.com.br\/#organization\"},\"image\":{\"@id\":\"https:\/\/jornalfatosenoticias.com.br\/index.php\/2021\/04\/27\/plataforma-da-usp-reune-conteudos-on-line-sobre-oceanos\/#primaryimage\"},\"thumbnailUrl\":\"https:\/\/jornalfatosenoticias.com.br\/wp-content\/uploads\/2021\/04\/oceano-tartaruga.jpg\",\"keywords\":[\"Ant\u00e1rtica\",\"biodiversidade\",\"mar\",\"Oceano em Casa\",\"oceanos\",\"plataforma\"],\"articleSection\":[\"Meio ambiente\"],\"inLanguage\":\"pt-BR\",\"potentialAction\":[{\"@type\":\"CommentAction\",\"name\":\"Comment\",\"target\":[\"https:\/\/jornalfatosenoticias.com.br\/index.php\/2021\/04\/27\/plataforma-da-usp-reune-conteudos-on-line-sobre-oceanos\/#respond\"]}]},{\"@type\":\"WebPage\",\"@id\":\"https:\/\/jornalfatosenoticias.com.br\/index.php\/2021\/04\/27\/plataforma-da-usp-reune-conteudos-on-line-sobre-oceanos\/\",\"url\":\"https:\/\/jornalfatosenoticias.com.br\/index.php\/2021\/04\/27\/plataforma-da-usp-reune-conteudos-on-line-sobre-oceanos\/\",\"name\":\"Plataforma da USP re\u00fane conte\u00fados on-line sobre oceanos - Jornal Fatos e Not\u00edcias\",\"isPartOf\":{\"@id\":\"https:\/\/jornalfatosenoticias.com.br\/#website\"},\"primaryImageOfPage\":{\"@id\":\"https:\/\/jornalfatosenoticias.com.br\/index.php\/2021\/04\/27\/plataforma-da-usp-reune-conteudos-on-line-sobre-oceanos\/#primaryimage\"},\"image\":{\"@id\":\"https:\/\/jornalfatosenoticias.com.br\/index.php\/2021\/04\/27\/plataforma-da-usp-reune-conteudos-on-line-sobre-oceanos\/#primaryimage\"},\"thumbnailUrl\":\"https:\/\/jornalfatosenoticias.com.br\/wp-content\/uploads\/2021\/04\/oceano-tartaruga.jpg\",\"datePublished\":\"2021-04-27T11:36:26+00:00\",\"dateModified\":\"2021-04-27T11:36:31+00:00\",\"breadcrumb\":{\"@id\":\"https:\/\/jornalfatosenoticias.com.br\/index.php\/2021\/04\/27\/plataforma-da-usp-reune-conteudos-on-line-sobre-oceanos\/#breadcrumb\"},\"inLanguage\":\"pt-BR\",\"potentialAction\":[{\"@type\":\"ReadAction\",\"target\":[\"https:\/\/jornalfatosenoticias.com.br\/index.php\/2021\/04\/27\/plataforma-da-usp-reune-conteudos-on-line-sobre-oceanos\/\"]}]},{\"@type\":\"ImageObject\",\"inLanguage\":\"pt-BR\",\"@id\":\"https:\/\/jornalfatosenoticias.com.br\/index.php\/2021\/04\/27\/plataforma-da-usp-reune-conteudos-on-line-sobre-oceanos\/#primaryimage\",\"url\":\"https:\/\/jornalfatosenoticias.com.br\/wp-content\/uploads\/2021\/04\/oceano-tartaruga.jpg\",\"contentUrl\":\"https:\/\/jornalfatosenoticias.com.br\/wp-content\/uploads\/2021\/04\/oceano-tartaruga.jpg\",\"width\":1000,\"height\":668},{\"@type\":\"BreadcrumbList\",\"@id\":\"https:\/\/jornalfatosenoticias.com.br\/index.php\/2021\/04\/27\/plataforma-da-usp-reune-conteudos-on-line-sobre-oceanos\/#breadcrumb\",\"itemListElement\":[{\"@type\":\"ListItem\",\"position\":1,\"name\":\"In\u00edcio\",\"item\":\"https:\/\/jornalfatosenoticias.com.br\/\"},{\"@type\":\"ListItem\",\"position\":2,\"name\":\"Plataforma da USP re\u00fane conte\u00fados on-line sobre oceanos\"}]},{\"@type\":\"WebSite\",\"@id\":\"https:\/\/jornalfatosenoticias.com.br\/#website\",\"url\":\"https:\/\/jornalfatosenoticias.com.br\/\",\"name\":\"Jornal Fatos e Not\u00edcias\",\"description\":\"Not\u00edcias em geral\",\"publisher\":{\"@id\":\"https:\/\/jornalfatosenoticias.com.br\/#organization\"},\"potentialAction\":[{\"@type\":\"SearchAction\",\"target\":{\"@type\":\"EntryPoint\",\"urlTemplate\":\"https:\/\/jornalfatosenoticias.com.br\/?s={search_term_string}\"},\"query-input\":{\"@type\":\"PropertyValueSpecification\",\"valueRequired\":true,\"valueName\":\"search_term_string\"}}],\"inLanguage\":\"pt-BR\"},{\"@type\":\"Organization\",\"@id\":\"https:\/\/jornalfatosenoticias.com.br\/#organization\",\"name\":\"Jornal Fatos e Not\u00edcias\",\"url\":\"https:\/\/jornalfatosenoticias.com.br\/\",\"logo\":{\"@type\":\"ImageObject\",\"inLanguage\":\"pt-BR\",\"@id\":\"https:\/\/jornalfatosenoticias.com.br\/#\/schema\/logo\/image\/\",\"url\":\"https:\/\/jornalfatosenoticias.com.br\/wp-content\/uploads\/2020\/02\/logo120.png\",\"contentUrl\":\"https:\/\/jornalfatosenoticias.com.br\/wp-content\/uploads\/2020\/02\/logo120.png\",\"width\":1227,\"height\":120,\"caption\":\"Jornal Fatos e Not\u00edcias\"},\"image\":{\"@id\":\"https:\/\/jornalfatosenoticias.com.br\/#\/schema\/logo\/image\/\"}},{\"@type\":\"Person\",\"@id\":\"https:\/\/jornalfatosenoticias.com.br\/#\/schema\/person\/d63837fa13ac8666eb9e74e0985d6f81\",\"name\":\"Luzimara Fernandes\",\"image\":{\"@type\":\"ImageObject\",\"inLanguage\":\"pt-BR\",\"@id\":\"https:\/\/jornalfatosenoticias.com.br\/#\/schema\/person\/image\/\",\"url\":\"https:\/\/jornalfatosenoticias.com.br\/wp-content\/uploads\/2025\/05\/EU_portal.jpg\",\"contentUrl\":\"https:\/\/jornalfatosenoticias.com.br\/wp-content\/uploads\/2025\/05\/EU_portal.jpg\",\"caption\":\"Luzimara Fernandes\"},\"description\":\"Jornalista MTB 2358-ES\",\"sameAs\":[\"https:\/\/jornalfatosenoticias.com.br\"],\"url\":\"https:\/\/jornalfatosenoticias.com.br\/index.php\/author\/luzimara\/\"}]}<\/script>\n<!-- \/ Yoast SEO plugin. -->","yoast_head_json":{"title":"Plataforma da USP re\u00fane conte\u00fados on-line sobre oceanos - Jornal Fatos e Not\u00edcias","robots":{"index":"index","follow":"follow","max-snippet":"max-snippet:-1","max-image-preview":"max-image-preview:large","max-video-preview":"max-video-preview:-1"},"canonical":"https:\/\/jornalfatosenoticias.com.br\/index.php\/2021\/04\/27\/plataforma-da-usp-reune-conteudos-on-line-sobre-oceanos\/","og_locale":"pt_BR","og_type":"article","og_title":"Plataforma da USP re\u00fane conte\u00fados on-line sobre oceanos - Jornal Fatos e Not\u00edcias","og_description":"&#8220;Oceano em Casa&#8221; do Instituto de Oceanografia d\u00e1 dicas de document\u00e1rios, reportagens e materiais did\u00e1ticos Navegar em casa, sem sair do sof\u00e1. Mas nesse caso, n\u00e3o se trata somente de navegar na internet. O Instituto de Oceanografia (IO) da USP acaba de lan\u00e7ar uma plataforma para divulgar conte\u00fados selecionados sobre o mar. A p\u00e1gina Oceano [&hellip;]","og_url":"https:\/\/jornalfatosenoticias.com.br\/index.php\/2021\/04\/27\/plataforma-da-usp-reune-conteudos-on-line-sobre-oceanos\/","og_site_name":"Jornal Fatos e Not\u00edcias","article_published_time":"2021-04-27T11:36:26+00:00","article_modified_time":"2021-04-27T11:36:31+00:00","og_image":[{"width":1000,"height":668,"url":"https:\/\/jornalfatosenoticias.com.br\/wp-content\/uploads\/2021\/04\/oceano-tartaruga.jpg","type":"image\/jpeg"}],"author":"Luzimara Fernandes","twitter_card":"summary_large_image","twitter_misc":{"Escrito por":"Luzimara Fernandes","Est. tempo de leitura":"2 minutos"},"schema":{"@context":"https:\/\/schema.org","@graph":[{"@type":"Article","@id":"https:\/\/jornalfatosenoticias.com.br\/index.php\/2021\/04\/27\/plataforma-da-usp-reune-conteudos-on-line-sobre-oceanos\/#article","isPartOf":{"@id":"https:\/\/jornalfatosenoticias.com.br\/index.php\/2021\/04\/27\/plataforma-da-usp-reune-conteudos-on-line-sobre-oceanos\/"},"author":{"name":"Luzimara Fernandes","@id":"https:\/\/jornalfatosenoticias.com.br\/#\/schema\/person\/d63837fa13ac8666eb9e74e0985d6f81"},"headline":"Plataforma da USP re\u00fane conte\u00fados on-line sobre oceanos","datePublished":"2021-04-27T11:36:26+00:00","dateModified":"2021-04-27T11:36:31+00:00","mainEntityOfPage":{"@id":"https:\/\/jornalfatosenoticias.com.br\/index.php\/2021\/04\/27\/plataforma-da-usp-reune-conteudos-on-line-sobre-oceanos\/"},"wordCount":387,"commentCount":0,"publisher":{"@id":"https:\/\/jornalfatosenoticias.com.br\/#organization"},"image":{"@id":"https:\/\/jornalfatosenoticias.com.br\/index.php\/2021\/04\/27\/plataforma-da-usp-reune-conteudos-on-line-sobre-oceanos\/#primaryimage"},"thumbnailUrl":"https:\/\/jornalfatosenoticias.com.br\/wp-content\/uploads\/2021\/04\/oceano-tartaruga.jpg","keywords":["Ant\u00e1rtica","biodiversidade","mar","Oceano em Casa","oceanos","plataforma"],"articleSection":["Meio ambiente"],"inLanguage":"pt-BR","potentialAction":[{"@type":"CommentAction","name":"Comment","target":["https:\/\/jornalfatosenoticias.com.br\/index.php\/2021\/04\/27\/plataforma-da-usp-reune-conteudos-on-line-sobre-oceanos\/#respond"]}]},{"@type":"WebPage","@id":"https:\/\/jornalfatosenoticias.com.br\/index.php\/2021\/04\/27\/plataforma-da-usp-reune-conteudos-on-line-sobre-oceanos\/","url":"https:\/\/jornalfatosenoticias.com.br\/index.php\/2021\/04\/27\/plataforma-da-usp-reune-conteudos-on-line-sobre-oceanos\/","name":"Plataforma da USP re\u00fane conte\u00fados on-line sobre oceanos - Jornal Fatos e Not\u00edcias","isPartOf":{"@id":"https:\/\/jornalfatosenoticias.com.br\/#website"},"primaryImageOfPage":{"@id":"https:\/\/jornalfatosenoticias.com.br\/index.php\/2021\/04\/27\/plataforma-da-usp-reune-conteudos-on-line-sobre-oceanos\/#primaryimage"},"image":{"@id":"https:\/\/jornalfatosenoticias.com.br\/index.php\/2021\/04\/27\/plataforma-da-usp-reune-conteudos-on-line-sobre-oceanos\/#primaryimage"},"thumbnailUrl":"https:\/\/jornalfatosenoticias.com.br\/wp-content\/uploads\/2021\/04\/oceano-tartaruga.jpg","datePublished":"2021-04-27T11:36:26+00:00","dateModified":"2021-04-27T11:36:31+00:00","breadcrumb":{"@id":"https:\/\/jornalfatosenoticias.com.br\/index.php\/2021\/04\/27\/plataforma-da-usp-reune-conteudos-on-line-sobre-oceanos\/#breadcrumb"},"inLanguage":"pt-BR","potentialAction":[{"@type":"ReadAction","target":["https:\/\/jornalfatosenoticias.com.br\/index.php\/2021\/04\/27\/plataforma-da-usp-reune-conteudos-on-line-sobre-oceanos\/"]}]},{"@type":"ImageObject","inLanguage":"pt-BR","@id":"https:\/\/jornalfatosenoticias.com.br\/index.php\/2021\/04\/27\/plataforma-da-usp-reune-conteudos-on-line-sobre-oceanos\/#primaryimage","url":"https:\/\/jornalfatosenoticias.com.br\/wp-content\/uploads\/2021\/04\/oceano-tartaruga.jpg","contentUrl":"https:\/\/jornalfatosenoticias.com.br\/wp-content\/uploads\/2021\/04\/oceano-tartaruga.jpg","width":1000,"height":668},{"@type":"BreadcrumbList","@id":"https:\/\/jornalfatosenoticias.com.br\/index.php\/2021\/04\/27\/plataforma-da-usp-reune-conteudos-on-line-sobre-oceanos\/#breadcrumb","itemListElement":[{"@type":"ListItem","position":1,"name":"In\u00edcio","item":"https:\/\/jornalfatosenoticias.com.br\/"},{"@type":"ListItem","position":2,"name":"Plataforma da USP re\u00fane conte\u00fados on-line sobre oceanos"}]},{"@type":"WebSite","@id":"https:\/\/jornalfatosenoticias.com.br\/#website","url":"https:\/\/jornalfatosenoticias.com.br\/","name":"Jornal Fatos e Not\u00edcias","description":"Not\u00edcias em geral","publisher":{"@id":"https:\/\/jornalfatosenoticias.com.br\/#organization"},"potentialAction":[{"@type":"SearchAction","target":{"@type":"EntryPoint","urlTemplate":"https:\/\/jornalfatosenoticias.com.br\/?s={search_term_string}"},"query-input":{"@type":"PropertyValueSpecification","valueRequired":true,"valueName":"search_term_string"}}],"inLanguage":"pt-BR"},{"@type":"Organization","@id":"https:\/\/jornalfatosenoticias.com.br\/#organization","name":"Jornal Fatos e Not\u00edcias","url":"https:\/\/jornalfatosenoticias.com.br\/","logo":{"@type":"ImageObject","inLanguage":"pt-BR","@id":"https:\/\/jornalfatosenoticias.com.br\/#\/schema\/logo\/image\/","url":"https:\/\/jornalfatosenoticias.com.br\/wp-content\/uploads\/2020\/02\/logo120.png","contentUrl":"https:\/\/jornalfatosenoticias.com.br\/wp-content\/uploads\/2020\/02\/logo120.png","width":1227,"height":120,"caption":"Jornal Fatos e Not\u00edcias"},"image":{"@id":"https:\/\/jornalfatosenoticias.com.br\/#\/schema\/logo\/image\/"}},{"@type":"Person","@id":"https:\/\/jornalfatosenoticias.com.br\/#\/schema\/person\/d63837fa13ac8666eb9e74e0985d6f81","name":"Luzimara Fernandes","image":{"@type":"ImageObject","inLanguage":"pt-BR","@id":"https:\/\/jornalfatosenoticias.com.br\/#\/schema\/person\/image\/","url":"https:\/\/jornalfatosenoticias.com.br\/wp-content\/uploads\/2025\/05\/EU_portal.jpg","contentUrl":"https:\/\/jornalfatosenoticias.com.br\/wp-content\/uploads\/2025\/05\/EU_portal.jpg","caption":"Luzimara Fernandes"},"description":"Jornalista MTB 2358-ES","sameAs":["https:\/\/jornalfatosenoticias.com.br"],"url":"https:\/\/jornalfatosenoticias.com.br\/index.php\/author\/luzimara\/"}]}},"cc_featured_image_caption":{"caption_text":"(Foto: Erin Simmons\/Unsplash) ","source_text":"","source_url":""},"jetpack_featured_media_url":"https:\/\/jornalfatosenoticias.com.br\/wp-content\/uploads\/2021\/04\/oceano-tartaruga.jpg","_links":{"self":[{"href":"https:\/\/jornalfatosenoticias.com.br\/index.php\/wp-json\/wp\/v2\/posts\/17496","targetHints":{"allow":["GET"]}}],"collection":[{"href":"https:\/\/jornalfatosenoticias.com.br\/index.php\/wp-json\/wp\/v2\/posts"}],"about":[{"href":"https:\/\/jornalfatosenoticias.com.br\/index.php\/wp-json\/wp\/v2\/types\/post"}],"author":[{"embeddable":true,"href":"https:\/\/jornalfatosenoticias.com.br\/index.php\/wp-json\/wp\/v2\/users\/2"}],"replies":[{"embeddable":true,"href":"https:\/\/jornalfatosenoticias.com.br\/index.php\/wp-json\/wp\/v2\/comments?post=17496"}],"version-history":[{"count":0,"href":"https:\/\/jornalfatosenoticias.com.br\/index.php\/wp-json\/wp\/v2\/posts\/17496\/revisions"}],"wp:featuredmedia":[{"embeddable":true,"href":"https:\/\/jornalfatosenoticias.com.br\/index.php\/wp-json\/wp\/v2\/media\/17498"}],"wp:attachment":[{"href":"https:\/\/jornalfatosenoticias.com.br\/index.php\/wp-json\/wp\/v2\/media?parent=17496"}],"wp:term":[{"taxonomy":"category","embeddable":true,"href":"https:\/\/jornalfatosenoticias.com.br\/index.php\/wp-json\/wp\/v2\/categories?post=17496"},{"taxonomy":"post_tag","embeddable":true,"href":"https:\/\/jornalfatosenoticias.com.br\/index.php\/wp-json\/wp\/v2\/tags?post=17496"}],"curies":[{"name":"wp","href":"https:\/\/api.w.org\/{rel}","templated":true}]}}