{"id":17501,"date":"2021-04-27T08:47:13","date_gmt":"2021-04-27T11:47:13","guid":{"rendered":"https:\/\/jornalfatosenoticias.com.br\/?p=17501"},"modified":"2021-04-27T08:47:15","modified_gmt":"2021-04-27T11:47:15","slug":"vitoria-tera-semana-on-line-da-danca-com-oficinas-e-apresentacoes","status":"publish","type":"post","link":"https:\/\/jornalfatosenoticias.com.br\/index.php\/2021\/04\/27\/vitoria-tera-semana-on-line-da-danca-com-oficinas-e-apresentacoes\/","title":{"rendered":"Vit\u00f3ria ter\u00e1 Semana On-Line da Dan\u00e7a com oficinas e apresenta\u00e7\u00f5es"},"content":{"rendered":"\n<p><em>Artistas, professores, core\u00f3grafos, dan\u00e7arinos e bailarinos far\u00e3o oficinas e apresenta\u00e7\u00f5es com o objetivo de celebrar o Dia Mundial da Dan\u00e7a (29 de abril)<\/em><\/p>\n\n\n\n<p>Com o objetivo de celebrar o Dia Mundial da Dan\u00e7a \u2014 comemorado em 29 de abril \u2014, valorizar essa forma de express\u00e3o e estimular artistas locais, a Prefeitura de Vit\u00f3ria, por meio da Secretaria de Cultura (Semc), realiza, de segunda (26) a sexta-feira (30), a 1\u00aa edi\u00e7\u00e3o da &#8220;Semana On-Line da Dan\u00e7a de Vit\u00f3ria&#8221;.<br>Artistas, professores, core\u00f3grafos, dan\u00e7arinos e bailarinos v\u00e3o brilhar, ensinar e interagir durante cinco noites no palco virtual do munic\u00edpio: o\u00a0<a href=\"https:\/\/www.youtube.com\/user\/prefeituradevitoria\">YouTube da Prefeitura<\/a>. As oficinas e apresenta\u00e7\u00f5es ser\u00e3o sempre \u00e0s 19 horas.<br>&#8220;A import\u00e2ncia da a\u00e7\u00e3o se d\u00e1 por dois motivos: primeiro, o de apoiar, incentivar e auxiliar os profissionais do setor cultural, que tanto t\u00eam sofrido com as imposi\u00e7\u00f5es do per\u00edodo de pandemia; e segundo, por podermos proporcionar ao p\u00fablico um entretenimento de alta qualidade art\u00edstica, com valoriza\u00e7\u00e3o de trabalhos e projetos 100% capixabas no conforto e na seguran\u00e7a das suas resid\u00eancias&#8221;, afirmou o secret\u00e1rio de Cultura, Luciano Gagno.<\/p>\n\n\n\n<p><span class=\"has-inline-color has-vivid-red-color\"><strong>Cultura On-line<br><\/strong><\/span>Os workshops e apresenta\u00e7\u00f5es fazem parte do edital 004\/2020, &#8220;Arte em Casa&#8221;, que, agora, integra o projeto &#8220;Cultura On-line&#8221;, da Semc.<br>O edital tem o objetivo de prestar apoio a artistas, t\u00e9cnicos e demais profissionais das \u00e1reas de arte e cultura, impedidos de realizar apresenta\u00e7\u00f5es e forma\u00e7\u00f5es presenciais durante a pandemia.<\/p>\n\n\n\n<p><strong><span class=\"has-inline-color has-vivid-red-color\">Cuidados<br><\/span><\/strong>Toda a programa\u00e7\u00e3o foi formatada de modo que diferentes grupos ou artistas n\u00e3o interagissem de forma presencial. Por quest\u00f5es de seguran\u00e7a e de acordo com as normas sanit\u00e1rias vigentes, os participantes enviaram as suas grava\u00e7\u00f5es de forma individual \u00e0 Semc.<br>O edital exige, ainda, que todos os trabalhos tenham sido produzidos sem aglomera\u00e7\u00f5es ou plateia.<\/p>\n\n\n\n<p><strong><span class=\"has-inline-color has-vivid-red-color\">Atra\u00e7\u00f5es<br><\/span><\/strong>Para a 1\u00aa edi\u00e7\u00e3o da Semana On-Line da Dan\u00e7a de Vit\u00f3ria, as atra\u00e7\u00f5es s\u00e3o bem variadas.<br>S\u00e3o diversas as possibilidades para quem gosta da arte, com oficinas e apresenta\u00e7\u00f5es de bal\u00e9, dan\u00e7a contempor\u00e2nea, introdu\u00e7\u00e3o \u00e0 dan\u00e7a, movimentos livres e integra\u00e7\u00e3o entre corpo e espa\u00e7o. A ordem \u00e9 n\u00e3o ficar parado!<\/p>\n\n\n\n<figure class=\"wp-block-image size-large\"><img loading=\"lazy\" decoding=\"async\" width=\"1000\" height=\"711\" src=\"https:\/\/jornalfatosenoticias.com.br\/wp-content\/uploads\/2021\/04\/semana-da-danca_vitoria2.jpg\" alt=\"\" class=\"wp-image-17502\" srcset=\"https:\/\/jornalfatosenoticias.com.br\/wp-content\/uploads\/2021\/04\/semana-da-danca_vitoria2.jpg 1000w, https:\/\/jornalfatosenoticias.com.br\/wp-content\/uploads\/2021\/04\/semana-da-danca_vitoria2-300x213.jpg 300w, https:\/\/jornalfatosenoticias.com.br\/wp-content\/uploads\/2021\/04\/semana-da-danca_vitoria2-768x546.jpg 768w\" sizes=\"auto, (max-width: 1000px) 100vw, 1000px\" \/><figcaption><em>Core\u00f3grafa Gabriela Moriondo abriu a &#8220;1\u00aa Semana On-Line da Dan\u00e7a de Vit\u00f3ria&#8221;, nesta segunda (26) (Foto: Divulga\u00e7\u00e3o Semc)<\/em><\/figcaption><\/figure>\n\n\n\n<p>Para, literalmente, aquecer o corpo e a semana, o \u201ccard\u00e1pio\u201d art\u00edstico do evento \u00e9 aberto pela bailarina, instrutora e core\u00f3grafa Gabriela Moriondo, que apresenta o projeto de forma\u00e7\u00e3o &#8220;Improvisa\u00e7\u00e3o em dan\u00e7a: exerc\u00edcios de liberdade&#8221;.<br>Em formato de videoaula, Gabriela vai introduzir a pr\u00e1tica da improvisa\u00e7\u00e3o em dan\u00e7a contempor\u00e2nea, promovendo um encontro com as possibilidades do movimento e suas especificidades.<\/p>\n\n\n\n<blockquote class=\"wp-block-quote is-layout-flow wp-block-quote-is-layout-flow\"><p>&#8220;Durante a oficina, a ideia \u00e9 oferecer est\u00edmulos e estruturas para pesquisa e experimenta\u00e7\u00e3o em busca de uma dan\u00e7a livre, aut\u00eantica e criativa, buscando a improvisa\u00e7\u00e3o de forma segura e prazerosa para os participantes em suas casas&#8221;, disse Gabriela.<\/p><\/blockquote>\n\n\n\n<p>Para realizar a forma\u00e7\u00e3o, n\u00e3o \u00e9 necess\u00e1rio ter experi\u00eancia pr\u00e9via em dan\u00e7a. A oficina tem dura\u00e7\u00e3o de, aproximadamente, 50 minutos e a classifica\u00e7\u00e3o \u00e9 livre.<\/p>\n\n\n\n<h4 class=\"wp-block-heading\"><span class=\"has-inline-color has-vivid-red-color\">Programa\u00e7\u00e3o completa<\/span><\/h4>\n\n\n\n<ul class=\"wp-block-list\"><li><strong><span class=\"has-inline-color has-black-color\">Segunda (26)<br><\/span><\/strong>Forma\u00e7\u00e3o \u201cImprovisa\u00e7\u00e3o em dan\u00e7a: exerc\u00edcios de liberdade\u201d, com Gabriela Moriondo<\/li><li><strong><span class=\"has-inline-color has-black-color\">Ter\u00e7a (27)<br><\/span><\/strong>Forma\u00e7\u00e3o \u201cDan\u00e7ar e Sonhar\u201d (ensino de bal\u00e9 cl\u00e1ssico para crian\u00e7as), com Karla Rodrigues<\/li><li><strong><span class=\"has-inline-color has-black-color\">Quarta (28)<br><\/span><\/strong>Forma\u00e7\u00e3o \u201cGrandes Dan\u00e7antes\u201d (jogos e brincadeiras afro para crian\u00e7as), com Paloma Rigamonte<\/li><li><strong><span class=\"has-inline-color has-black-color\">Quinta (29)<br><\/span><\/strong>Espet\u00e1culo \u201cFugaz\u201d, com o grupo Allegro<\/li><li><strong><span class=\"has-inline-color has-black-color\">Sexta (30)<br><\/span><\/strong>Projeto \u201cIN\u2019TR\u00c2NSITO\u201d, com Pablo Sheko<\/li><\/ul>\n\n\n\n<p><strong><em>Fonte: <a href=\"https:\/\/www.vitoria.es.gov.br\/noticia\/vitoria-tera-semana-on-line-da-danca-com-oficinas-e-apresentacoes-42472\">PMV<\/a><\/em><\/strong><\/p>\n","protected":false},"excerpt":{"rendered":"<p>Artistas, professores, core\u00f3grafos, dan\u00e7arinos e bailarinos far\u00e3o oficinas e apresenta\u00e7\u00f5es com o objetivo de celebrar o Dia Mundial da Dan\u00e7a (29 de abril) Com o objetivo de celebrar o Dia Mundial da Dan\u00e7a \u2014 comemorado em 29 de abril \u2014, valorizar essa forma de express\u00e3o e estimular artistas locais, a Prefeitura de Vit\u00f3ria, por meio [&hellip;]<\/p>\n","protected":false},"author":2,"featured_media":17503,"comment_status":"open","ping_status":"open","sticky":false,"template":"","format":"standard","meta":{"footnotes":""},"categories":[4],"tags":[3761,8714,8715,8716,8711,357,8713,8712],"class_list":["post-17501","post","type-post","status-publish","format-standard","has-post-thumbnail","hentry","category-cultura","tag-artistas","tag-bailarinos","tag-coreografos","tag-dancarinos","tag-dia-mundial-da-danca","tag-professores","tag-semana-on-line-de-danca-de-vitoria","tag-semc-vitoria"],"yoast_head":"<!-- This site is optimized with the Yoast SEO plugin v26.5 - https:\/\/yoast.com\/wordpress\/plugins\/seo\/ -->\n<title>Vit\u00f3ria ter\u00e1 Semana On-Line da Dan\u00e7a com oficinas e apresenta\u00e7\u00f5es - Jornal Fatos e Not\u00edcias<\/title>\n<meta name=\"robots\" content=\"index, follow, max-snippet:-1, max-image-preview:large, max-video-preview:-1\" \/>\n<link rel=\"canonical\" href=\"https:\/\/jornalfatosenoticias.com.br\/index.php\/2021\/04\/27\/vitoria-tera-semana-on-line-da-danca-com-oficinas-e-apresentacoes\/\" \/>\n<meta property=\"og:locale\" content=\"pt_BR\" \/>\n<meta property=\"og:type\" content=\"article\" \/>\n<meta property=\"og:title\" content=\"Vit\u00f3ria ter\u00e1 Semana On-Line da Dan\u00e7a com oficinas e apresenta\u00e7\u00f5es - Jornal Fatos e Not\u00edcias\" \/>\n<meta property=\"og:description\" content=\"Artistas, professores, core\u00f3grafos, dan\u00e7arinos e bailarinos far\u00e3o oficinas e apresenta\u00e7\u00f5es com o objetivo de celebrar o Dia Mundial da Dan\u00e7a (29 de abril) Com o objetivo de celebrar o Dia Mundial da Dan\u00e7a \u2014 comemorado em 29 de abril \u2014, valorizar essa forma de express\u00e3o e estimular artistas locais, a Prefeitura de Vit\u00f3ria, por meio [&hellip;]\" \/>\n<meta property=\"og:url\" content=\"https:\/\/jornalfatosenoticias.com.br\/index.php\/2021\/04\/27\/vitoria-tera-semana-on-line-da-danca-com-oficinas-e-apresentacoes\/\" \/>\n<meta property=\"og:site_name\" content=\"Jornal Fatos e Not\u00edcias\" \/>\n<meta property=\"article:published_time\" content=\"2021-04-27T11:47:13+00:00\" \/>\n<meta property=\"article:modified_time\" content=\"2021-04-27T11:47:15+00:00\" \/>\n<meta property=\"og:image\" content=\"https:\/\/jornalfatosenoticias.com.br\/wp-content\/uploads\/2021\/04\/semana-da-danca_vitoria.jpg\" \/>\n\t<meta property=\"og:image:width\" content=\"900\" \/>\n\t<meta property=\"og:image:height\" content=\"900\" \/>\n\t<meta property=\"og:image:type\" content=\"image\/jpeg\" \/>\n<meta name=\"author\" content=\"Luzimara Fernandes\" \/>\n<meta name=\"twitter:card\" content=\"summary_large_image\" \/>\n<meta name=\"twitter:label1\" content=\"Escrito por\" \/>\n\t<meta name=\"twitter:data1\" content=\"Luzimara Fernandes\" \/>\n\t<meta name=\"twitter:label2\" content=\"Est. tempo de leitura\" \/>\n\t<meta name=\"twitter:data2\" content=\"3 minutos\" \/>\n<script type=\"application\/ld+json\" class=\"yoast-schema-graph\">{\"@context\":\"https:\/\/schema.org\",\"@graph\":[{\"@type\":\"Article\",\"@id\":\"https:\/\/jornalfatosenoticias.com.br\/index.php\/2021\/04\/27\/vitoria-tera-semana-on-line-da-danca-com-oficinas-e-apresentacoes\/#article\",\"isPartOf\":{\"@id\":\"https:\/\/jornalfatosenoticias.com.br\/index.php\/2021\/04\/27\/vitoria-tera-semana-on-line-da-danca-com-oficinas-e-apresentacoes\/\"},\"author\":{\"name\":\"Luzimara Fernandes\",\"@id\":\"https:\/\/jornalfatosenoticias.com.br\/#\/schema\/person\/d63837fa13ac8666eb9e74e0985d6f81\"},\"headline\":\"Vit\u00f3ria ter\u00e1 Semana On-Line da Dan\u00e7a com oficinas e apresenta\u00e7\u00f5es\",\"datePublished\":\"2021-04-27T11:47:13+00:00\",\"dateModified\":\"2021-04-27T11:47:15+00:00\",\"mainEntityOfPage\":{\"@id\":\"https:\/\/jornalfatosenoticias.com.br\/index.php\/2021\/04\/27\/vitoria-tera-semana-on-line-da-danca-com-oficinas-e-apresentacoes\/\"},\"wordCount\":623,\"commentCount\":0,\"publisher\":{\"@id\":\"https:\/\/jornalfatosenoticias.com.br\/#organization\"},\"image\":{\"@id\":\"https:\/\/jornalfatosenoticias.com.br\/index.php\/2021\/04\/27\/vitoria-tera-semana-on-line-da-danca-com-oficinas-e-apresentacoes\/#primaryimage\"},\"thumbnailUrl\":\"https:\/\/jornalfatosenoticias.com.br\/wp-content\/uploads\/2021\/04\/semana-da-danca_vitoria.jpg\",\"keywords\":[\"artistas\",\"bailarinos\",\"core\u00f3grafos\",\"dan\u00e7arinos\",\"Dia Mundial da Dan\u00e7a\",\"professores\",\"Semana On-Line de Dan\u00e7a de Vit\u00f3ria\",\"Semc Vit\u00f3ria\"],\"articleSection\":[\"Cultura\"],\"inLanguage\":\"pt-BR\",\"potentialAction\":[{\"@type\":\"CommentAction\",\"name\":\"Comment\",\"target\":[\"https:\/\/jornalfatosenoticias.com.br\/index.php\/2021\/04\/27\/vitoria-tera-semana-on-line-da-danca-com-oficinas-e-apresentacoes\/#respond\"]}]},{\"@type\":\"WebPage\",\"@id\":\"https:\/\/jornalfatosenoticias.com.br\/index.php\/2021\/04\/27\/vitoria-tera-semana-on-line-da-danca-com-oficinas-e-apresentacoes\/\",\"url\":\"https:\/\/jornalfatosenoticias.com.br\/index.php\/2021\/04\/27\/vitoria-tera-semana-on-line-da-danca-com-oficinas-e-apresentacoes\/\",\"name\":\"Vit\u00f3ria ter\u00e1 Semana On-Line da Dan\u00e7a com oficinas e apresenta\u00e7\u00f5es - Jornal Fatos e Not\u00edcias\",\"isPartOf\":{\"@id\":\"https:\/\/jornalfatosenoticias.com.br\/#website\"},\"primaryImageOfPage\":{\"@id\":\"https:\/\/jornalfatosenoticias.com.br\/index.php\/2021\/04\/27\/vitoria-tera-semana-on-line-da-danca-com-oficinas-e-apresentacoes\/#primaryimage\"},\"image\":{\"@id\":\"https:\/\/jornalfatosenoticias.com.br\/index.php\/2021\/04\/27\/vitoria-tera-semana-on-line-da-danca-com-oficinas-e-apresentacoes\/#primaryimage\"},\"thumbnailUrl\":\"https:\/\/jornalfatosenoticias.com.br\/wp-content\/uploads\/2021\/04\/semana-da-danca_vitoria.jpg\",\"datePublished\":\"2021-04-27T11:47:13+00:00\",\"dateModified\":\"2021-04-27T11:47:15+00:00\",\"breadcrumb\":{\"@id\":\"https:\/\/jornalfatosenoticias.com.br\/index.php\/2021\/04\/27\/vitoria-tera-semana-on-line-da-danca-com-oficinas-e-apresentacoes\/#breadcrumb\"},\"inLanguage\":\"pt-BR\",\"potentialAction\":[{\"@type\":\"ReadAction\",\"target\":[\"https:\/\/jornalfatosenoticias.com.br\/index.php\/2021\/04\/27\/vitoria-tera-semana-on-line-da-danca-com-oficinas-e-apresentacoes\/\"]}]},{\"@type\":\"ImageObject\",\"inLanguage\":\"pt-BR\",\"@id\":\"https:\/\/jornalfatosenoticias.com.br\/index.php\/2021\/04\/27\/vitoria-tera-semana-on-line-da-danca-com-oficinas-e-apresentacoes\/#primaryimage\",\"url\":\"https:\/\/jornalfatosenoticias.com.br\/wp-content\/uploads\/2021\/04\/semana-da-danca_vitoria.jpg\",\"contentUrl\":\"https:\/\/jornalfatosenoticias.com.br\/wp-content\/uploads\/2021\/04\/semana-da-danca_vitoria.jpg\",\"width\":900,\"height\":900,\"caption\":\"Semana On-line de Dan\u00e7a de Vit\u00f3ria\"},{\"@type\":\"BreadcrumbList\",\"@id\":\"https:\/\/jornalfatosenoticias.com.br\/index.php\/2021\/04\/27\/vitoria-tera-semana-on-line-da-danca-com-oficinas-e-apresentacoes\/#breadcrumb\",\"itemListElement\":[{\"@type\":\"ListItem\",\"position\":1,\"name\":\"In\u00edcio\",\"item\":\"https:\/\/jornalfatosenoticias.com.br\/\"},{\"@type\":\"ListItem\",\"position\":2,\"name\":\"Vit\u00f3ria ter\u00e1 Semana On-Line da Dan\u00e7a com oficinas e apresenta\u00e7\u00f5es\"}]},{\"@type\":\"WebSite\",\"@id\":\"https:\/\/jornalfatosenoticias.com.br\/#website\",\"url\":\"https:\/\/jornalfatosenoticias.com.br\/\",\"name\":\"Jornal Fatos e Not\u00edcias\",\"description\":\"Not\u00edcias em geral\",\"publisher\":{\"@id\":\"https:\/\/jornalfatosenoticias.com.br\/#organization\"},\"potentialAction\":[{\"@type\":\"SearchAction\",\"target\":{\"@type\":\"EntryPoint\",\"urlTemplate\":\"https:\/\/jornalfatosenoticias.com.br\/?s={search_term_string}\"},\"query-input\":{\"@type\":\"PropertyValueSpecification\",\"valueRequired\":true,\"valueName\":\"search_term_string\"}}],\"inLanguage\":\"pt-BR\"},{\"@type\":\"Organization\",\"@id\":\"https:\/\/jornalfatosenoticias.com.br\/#organization\",\"name\":\"Jornal Fatos e Not\u00edcias\",\"url\":\"https:\/\/jornalfatosenoticias.com.br\/\",\"logo\":{\"@type\":\"ImageObject\",\"inLanguage\":\"pt-BR\",\"@id\":\"https:\/\/jornalfatosenoticias.com.br\/#\/schema\/logo\/image\/\",\"url\":\"https:\/\/jornalfatosenoticias.com.br\/wp-content\/uploads\/2020\/02\/logo120.png\",\"contentUrl\":\"https:\/\/jornalfatosenoticias.com.br\/wp-content\/uploads\/2020\/02\/logo120.png\",\"width\":1227,\"height\":120,\"caption\":\"Jornal Fatos e Not\u00edcias\"},\"image\":{\"@id\":\"https:\/\/jornalfatosenoticias.com.br\/#\/schema\/logo\/image\/\"}},{\"@type\":\"Person\",\"@id\":\"https:\/\/jornalfatosenoticias.com.br\/#\/schema\/person\/d63837fa13ac8666eb9e74e0985d6f81\",\"name\":\"Luzimara Fernandes\",\"image\":{\"@type\":\"ImageObject\",\"inLanguage\":\"pt-BR\",\"@id\":\"https:\/\/jornalfatosenoticias.com.br\/#\/schema\/person\/image\/\",\"url\":\"https:\/\/jornalfatosenoticias.com.br\/wp-content\/uploads\/2025\/05\/EU_portal.jpg\",\"contentUrl\":\"https:\/\/jornalfatosenoticias.com.br\/wp-content\/uploads\/2025\/05\/EU_portal.jpg\",\"caption\":\"Luzimara Fernandes\"},\"description\":\"Jornalista MTB 2358-ES\",\"sameAs\":[\"https:\/\/jornalfatosenoticias.com.br\"],\"url\":\"https:\/\/jornalfatosenoticias.com.br\/index.php\/author\/luzimara\/\"}]}<\/script>\n<!-- \/ Yoast SEO plugin. -->","yoast_head_json":{"title":"Vit\u00f3ria ter\u00e1 Semana On-Line da Dan\u00e7a com oficinas e apresenta\u00e7\u00f5es - Jornal Fatos e Not\u00edcias","robots":{"index":"index","follow":"follow","max-snippet":"max-snippet:-1","max-image-preview":"max-image-preview:large","max-video-preview":"max-video-preview:-1"},"canonical":"https:\/\/jornalfatosenoticias.com.br\/index.php\/2021\/04\/27\/vitoria-tera-semana-on-line-da-danca-com-oficinas-e-apresentacoes\/","og_locale":"pt_BR","og_type":"article","og_title":"Vit\u00f3ria ter\u00e1 Semana On-Line da Dan\u00e7a com oficinas e apresenta\u00e7\u00f5es - Jornal Fatos e Not\u00edcias","og_description":"Artistas, professores, core\u00f3grafos, dan\u00e7arinos e bailarinos far\u00e3o oficinas e apresenta\u00e7\u00f5es com o objetivo de celebrar o Dia Mundial da Dan\u00e7a (29 de abril) Com o objetivo de celebrar o Dia Mundial da Dan\u00e7a \u2014 comemorado em 29 de abril \u2014, valorizar essa forma de express\u00e3o e estimular artistas locais, a Prefeitura de Vit\u00f3ria, por meio [&hellip;]","og_url":"https:\/\/jornalfatosenoticias.com.br\/index.php\/2021\/04\/27\/vitoria-tera-semana-on-line-da-danca-com-oficinas-e-apresentacoes\/","og_site_name":"Jornal Fatos e Not\u00edcias","article_published_time":"2021-04-27T11:47:13+00:00","article_modified_time":"2021-04-27T11:47:15+00:00","og_image":[{"width":900,"height":900,"url":"https:\/\/jornalfatosenoticias.com.br\/wp-content\/uploads\/2021\/04\/semana-da-danca_vitoria.jpg","type":"image\/jpeg"}],"author":"Luzimara Fernandes","twitter_card":"summary_large_image","twitter_misc":{"Escrito por":"Luzimara Fernandes","Est. tempo de leitura":"3 minutos"},"schema":{"@context":"https:\/\/schema.org","@graph":[{"@type":"Article","@id":"https:\/\/jornalfatosenoticias.com.br\/index.php\/2021\/04\/27\/vitoria-tera-semana-on-line-da-danca-com-oficinas-e-apresentacoes\/#article","isPartOf":{"@id":"https:\/\/jornalfatosenoticias.com.br\/index.php\/2021\/04\/27\/vitoria-tera-semana-on-line-da-danca-com-oficinas-e-apresentacoes\/"},"author":{"name":"Luzimara Fernandes","@id":"https:\/\/jornalfatosenoticias.com.br\/#\/schema\/person\/d63837fa13ac8666eb9e74e0985d6f81"},"headline":"Vit\u00f3ria ter\u00e1 Semana On-Line da Dan\u00e7a com oficinas e apresenta\u00e7\u00f5es","datePublished":"2021-04-27T11:47:13+00:00","dateModified":"2021-04-27T11:47:15+00:00","mainEntityOfPage":{"@id":"https:\/\/jornalfatosenoticias.com.br\/index.php\/2021\/04\/27\/vitoria-tera-semana-on-line-da-danca-com-oficinas-e-apresentacoes\/"},"wordCount":623,"commentCount":0,"publisher":{"@id":"https:\/\/jornalfatosenoticias.com.br\/#organization"},"image":{"@id":"https:\/\/jornalfatosenoticias.com.br\/index.php\/2021\/04\/27\/vitoria-tera-semana-on-line-da-danca-com-oficinas-e-apresentacoes\/#primaryimage"},"thumbnailUrl":"https:\/\/jornalfatosenoticias.com.br\/wp-content\/uploads\/2021\/04\/semana-da-danca_vitoria.jpg","keywords":["artistas","bailarinos","core\u00f3grafos","dan\u00e7arinos","Dia Mundial da Dan\u00e7a","professores","Semana On-Line de Dan\u00e7a de Vit\u00f3ria","Semc Vit\u00f3ria"],"articleSection":["Cultura"],"inLanguage":"pt-BR","potentialAction":[{"@type":"CommentAction","name":"Comment","target":["https:\/\/jornalfatosenoticias.com.br\/index.php\/2021\/04\/27\/vitoria-tera-semana-on-line-da-danca-com-oficinas-e-apresentacoes\/#respond"]}]},{"@type":"WebPage","@id":"https:\/\/jornalfatosenoticias.com.br\/index.php\/2021\/04\/27\/vitoria-tera-semana-on-line-da-danca-com-oficinas-e-apresentacoes\/","url":"https:\/\/jornalfatosenoticias.com.br\/index.php\/2021\/04\/27\/vitoria-tera-semana-on-line-da-danca-com-oficinas-e-apresentacoes\/","name":"Vit\u00f3ria ter\u00e1 Semana On-Line da Dan\u00e7a com oficinas e apresenta\u00e7\u00f5es - Jornal Fatos e Not\u00edcias","isPartOf":{"@id":"https:\/\/jornalfatosenoticias.com.br\/#website"},"primaryImageOfPage":{"@id":"https:\/\/jornalfatosenoticias.com.br\/index.php\/2021\/04\/27\/vitoria-tera-semana-on-line-da-danca-com-oficinas-e-apresentacoes\/#primaryimage"},"image":{"@id":"https:\/\/jornalfatosenoticias.com.br\/index.php\/2021\/04\/27\/vitoria-tera-semana-on-line-da-danca-com-oficinas-e-apresentacoes\/#primaryimage"},"thumbnailUrl":"https:\/\/jornalfatosenoticias.com.br\/wp-content\/uploads\/2021\/04\/semana-da-danca_vitoria.jpg","datePublished":"2021-04-27T11:47:13+00:00","dateModified":"2021-04-27T11:47:15+00:00","breadcrumb":{"@id":"https:\/\/jornalfatosenoticias.com.br\/index.php\/2021\/04\/27\/vitoria-tera-semana-on-line-da-danca-com-oficinas-e-apresentacoes\/#breadcrumb"},"inLanguage":"pt-BR","potentialAction":[{"@type":"ReadAction","target":["https:\/\/jornalfatosenoticias.com.br\/index.php\/2021\/04\/27\/vitoria-tera-semana-on-line-da-danca-com-oficinas-e-apresentacoes\/"]}]},{"@type":"ImageObject","inLanguage":"pt-BR","@id":"https:\/\/jornalfatosenoticias.com.br\/index.php\/2021\/04\/27\/vitoria-tera-semana-on-line-da-danca-com-oficinas-e-apresentacoes\/#primaryimage","url":"https:\/\/jornalfatosenoticias.com.br\/wp-content\/uploads\/2021\/04\/semana-da-danca_vitoria.jpg","contentUrl":"https:\/\/jornalfatosenoticias.com.br\/wp-content\/uploads\/2021\/04\/semana-da-danca_vitoria.jpg","width":900,"height":900,"caption":"Semana On-line de Dan\u00e7a de Vit\u00f3ria"},{"@type":"BreadcrumbList","@id":"https:\/\/jornalfatosenoticias.com.br\/index.php\/2021\/04\/27\/vitoria-tera-semana-on-line-da-danca-com-oficinas-e-apresentacoes\/#breadcrumb","itemListElement":[{"@type":"ListItem","position":1,"name":"In\u00edcio","item":"https:\/\/jornalfatosenoticias.com.br\/"},{"@type":"ListItem","position":2,"name":"Vit\u00f3ria ter\u00e1 Semana On-Line da Dan\u00e7a com oficinas e apresenta\u00e7\u00f5es"}]},{"@type":"WebSite","@id":"https:\/\/jornalfatosenoticias.com.br\/#website","url":"https:\/\/jornalfatosenoticias.com.br\/","name":"Jornal Fatos e Not\u00edcias","description":"Not\u00edcias em geral","publisher":{"@id":"https:\/\/jornalfatosenoticias.com.br\/#organization"},"potentialAction":[{"@type":"SearchAction","target":{"@type":"EntryPoint","urlTemplate":"https:\/\/jornalfatosenoticias.com.br\/?s={search_term_string}"},"query-input":{"@type":"PropertyValueSpecification","valueRequired":true,"valueName":"search_term_string"}}],"inLanguage":"pt-BR"},{"@type":"Organization","@id":"https:\/\/jornalfatosenoticias.com.br\/#organization","name":"Jornal Fatos e Not\u00edcias","url":"https:\/\/jornalfatosenoticias.com.br\/","logo":{"@type":"ImageObject","inLanguage":"pt-BR","@id":"https:\/\/jornalfatosenoticias.com.br\/#\/schema\/logo\/image\/","url":"https:\/\/jornalfatosenoticias.com.br\/wp-content\/uploads\/2020\/02\/logo120.png","contentUrl":"https:\/\/jornalfatosenoticias.com.br\/wp-content\/uploads\/2020\/02\/logo120.png","width":1227,"height":120,"caption":"Jornal Fatos e Not\u00edcias"},"image":{"@id":"https:\/\/jornalfatosenoticias.com.br\/#\/schema\/logo\/image\/"}},{"@type":"Person","@id":"https:\/\/jornalfatosenoticias.com.br\/#\/schema\/person\/d63837fa13ac8666eb9e74e0985d6f81","name":"Luzimara Fernandes","image":{"@type":"ImageObject","inLanguage":"pt-BR","@id":"https:\/\/jornalfatosenoticias.com.br\/#\/schema\/person\/image\/","url":"https:\/\/jornalfatosenoticias.com.br\/wp-content\/uploads\/2025\/05\/EU_portal.jpg","contentUrl":"https:\/\/jornalfatosenoticias.com.br\/wp-content\/uploads\/2025\/05\/EU_portal.jpg","caption":"Luzimara Fernandes"},"description":"Jornalista MTB 2358-ES","sameAs":["https:\/\/jornalfatosenoticias.com.br"],"url":"https:\/\/jornalfatosenoticias.com.br\/index.php\/author\/luzimara\/"}]}},"cc_featured_image_caption":{"caption_text":"(Foto: Divulga\u00e7\u00e3o Semc) ","source_text":"","source_url":""},"jetpack_featured_media_url":"https:\/\/jornalfatosenoticias.com.br\/wp-content\/uploads\/2021\/04\/semana-da-danca_vitoria.jpg","_links":{"self":[{"href":"https:\/\/jornalfatosenoticias.com.br\/index.php\/wp-json\/wp\/v2\/posts\/17501","targetHints":{"allow":["GET"]}}],"collection":[{"href":"https:\/\/jornalfatosenoticias.com.br\/index.php\/wp-json\/wp\/v2\/posts"}],"about":[{"href":"https:\/\/jornalfatosenoticias.com.br\/index.php\/wp-json\/wp\/v2\/types\/post"}],"author":[{"embeddable":true,"href":"https:\/\/jornalfatosenoticias.com.br\/index.php\/wp-json\/wp\/v2\/users\/2"}],"replies":[{"embeddable":true,"href":"https:\/\/jornalfatosenoticias.com.br\/index.php\/wp-json\/wp\/v2\/comments?post=17501"}],"version-history":[{"count":0,"href":"https:\/\/jornalfatosenoticias.com.br\/index.php\/wp-json\/wp\/v2\/posts\/17501\/revisions"}],"wp:featuredmedia":[{"embeddable":true,"href":"https:\/\/jornalfatosenoticias.com.br\/index.php\/wp-json\/wp\/v2\/media\/17503"}],"wp:attachment":[{"href":"https:\/\/jornalfatosenoticias.com.br\/index.php\/wp-json\/wp\/v2\/media?parent=17501"}],"wp:term":[{"taxonomy":"category","embeddable":true,"href":"https:\/\/jornalfatosenoticias.com.br\/index.php\/wp-json\/wp\/v2\/categories?post=17501"},{"taxonomy":"post_tag","embeddable":true,"href":"https:\/\/jornalfatosenoticias.com.br\/index.php\/wp-json\/wp\/v2\/tags?post=17501"}],"curies":[{"name":"wp","href":"https:\/\/api.w.org\/{rel}","templated":true}]}}