{"id":17513,"date":"2021-04-27T09:23:21","date_gmt":"2021-04-27T12:23:21","guid":{"rendered":"https:\/\/jornalfatosenoticias.com.br\/?p=17513"},"modified":"2021-04-27T09:23:27","modified_gmt":"2021-04-27T12:23:27","slug":"cientistas-alertam-que-humanidade-esta-quase-condenada-por-suas-atitudes","status":"publish","type":"post","link":"https:\/\/jornalfatosenoticias.com.br\/index.php\/2021\/04\/27\/cientistas-alertam-que-humanidade-esta-quase-condenada-por-suas-atitudes\/","title":{"rendered":"Cientistas alertam que humanidade est\u00e1 quase condenada por suas atitudes"},"content":{"rendered":"\n<p>Um grupo de cientistas da Universidade Flinders, na <a href=\"https:\/\/olhardigital.com.br\/tag\/australia\/\" target=\"_blank\" rel=\"noreferrer noopener\">Austr\u00e1lia<\/a>,\u00a0publicou um artigo alertando que a humanidade estaria\u00a0\u201cquase condenada\u201d\u00a0por conta de suas pr\u00f3prias atitudes. Segundo os estudiosos, a escala das amea\u00e7as motivadas pelas\u00a0<a href=\"https:\/\/olhardigital.com.br\/tag\/mudancas-climaticas\/\" target=\"_blank\" rel=\"noreferrer noopener\">mudan\u00e7as clim\u00e1ticas<\/a>\u00a0e a perda da\u00a0<a href=\"https:\/\/olhardigital.com.br\/2021\/04\/08\/ciencia-e-espaco\/animais-parecidos-com-aguas-vivas-desligam-reator-nuclear\/\" target=\"_blank\" rel=\"noreferrer noopener\">biodiversidade<\/a> induzida pelo homem pode ter efeitos ainda mais graves do que se imagina atualmente.<br>No estudo publicado na revista Frontiers in Conservation Science, os pesquisadores alertam para um \u201cfuturo medonho\u201d, que envolveria uma extin\u00e7\u00e3o em massa e at\u00e9 mesmo o fim da <a href=\"https:\/\/olhardigital.com.br\/2021\/04\/20\/ciencia-e-espaco\/fossil-pe-pequeno-aponta-novas-semelhancas-entre-humanos-e-macacos\/\" target=\"_blank\" rel=\"noreferrer noopener\">nossa esp\u00e9cie<\/a>. <\/p>\n\n\n\n<blockquote class=\"wp-block-quote is-layout-flow wp-block-quote-is-layout-flow\"><p>\u201cA humanidade est\u00e1 causando uma r\u00e1pida perda de biodiversidade e, com ela, a capacidade da Terra de sustentar vidas complexas\u201d, disse o autor principal e ecologista, Corey Bradshaw.<\/p><\/blockquote>\n\n\n\n<p>Os pesquisadores afirmam que os l\u00edderes mundiais precisam de um \u201cbanho frio\u201d sobre o estado ambiental do planeta, tanto para melhorar o planejamento, quanto para a\u00e7\u00f5es efetivas para evitar que esse futuro seja de curto ou m\u00e9dio prazo.<br>\u201cO mainstream est\u00e1 tendo dificuldade em compreender a magnitude dessa perda, apesar da eros\u00e3o constante da estrutura da civiliza\u00e7\u00e3o humana\u201d, declarou Bradshaw. \u201cNa verdade, a escala das amea\u00e7as \u00e0 biosfera e todas as suas formas de vida \u00e9 t\u00e3o grande que \u00e9 dif\u00edcil de entender mesmo por especialistas bem informados\u201d, completou o professor.<\/p>\n\n\n\n<h4 class=\"wp-block-heading\"><span class=\"has-inline-color has-black-color\">Principais agravantes<\/span><\/h4>\n\n\n\n<figure class=\"wp-block-image size-large\"><img loading=\"lazy\" decoding=\"async\" width=\"1000\" height=\"541\" src=\"https:\/\/jornalfatosenoticias.com.br\/wp-content\/uploads\/2021\/04\/Assembleia-Geral-da-ONU.jpg\" alt=\"\" class=\"wp-image-17515\" srcset=\"https:\/\/jornalfatosenoticias.com.br\/wp-content\/uploads\/2021\/04\/Assembleia-Geral-da-ONU.jpg 1000w, https:\/\/jornalfatosenoticias.com.br\/wp-content\/uploads\/2021\/04\/Assembleia-Geral-da-ONU-300x162.jpg 300w, https:\/\/jornalfatosenoticias.com.br\/wp-content\/uploads\/2021\/04\/Assembleia-Geral-da-ONU-768x415.jpg 768w\" sizes=\"auto, (max-width: 1000px) 100vw, 1000px\" \/><figcaption><em>Para os especialistas, l\u00edderes mundiais n\u00e3o est\u00e3o prontos para os desafios que se avizinham (Foto: ONU\/Divulga\u00e7\u00e3o)<\/em><\/figcaption><\/figure>\n\n\n\n<p>Para Bradshaw e sua equipe, a humanidade ter chegado nessa situa\u00e7\u00e3o se deve a um pensamento que n\u00e3o coloca as quest\u00f5es ambientais como prioridade. \u201cO problema \u00e9 agravado pela ignor\u00e2ncia e pelo interesse pr\u00f3prio de curto prazo, com a busca por riquezas e interesses pol\u00edticos atrapalhando a a\u00e7\u00e3o que \u00e9 crucial para a sobreviv\u00eancia\u201d, disparou o especialista.<br>J\u00e1 para o professor Paul Ehrlich, da Universidade de Stanford, nos <a href=\"https:\/\/olhardigital.com.br\/tag\/estados-unidos\/\" target=\"_blank\" rel=\"noreferrer noopener\">Estados Unidos<\/a>, um dos coautores do estudo, nenhum sistema pol\u00edtico, econ\u00f4mico ou lideran\u00e7a est\u00e1 pronto para lidar com os desastres que devem acontecer. Segundo ele, sequer seria poss\u00edvel se preparar para os desastres previstos para o nosso futuro.<br>\u201cParar a perda de biodiversidade est\u00e1 longe de estar no topo das prioridades de qualquer pa\u00eds, ficando muito atr\u00e1s de outras preocupa\u00e7\u00f5es como emprego, sa\u00fade, crescimento econ\u00f4mico ou estabilidade monet\u00e1ria\u201d, reclamou o acad\u00eamico.<\/p>\n\n\n\n<h4 class=\"wp-block-heading\"><span class=\"has-inline-color has-black-color\">Sem medo da impopularidade<\/span><\/h4>\n\n\n\n<figure class=\"wp-block-image size-large\"><img loading=\"lazy\" decoding=\"async\" width=\"1000\" height=\"664\" src=\"https:\/\/jornalfatosenoticias.com.br\/wp-content\/uploads\/2021\/04\/Mudancas-Climaticas-poluicao.jpg\" alt=\"\" class=\"wp-image-17514\" srcset=\"https:\/\/jornalfatosenoticias.com.br\/wp-content\/uploads\/2021\/04\/Mudancas-Climaticas-poluicao.jpg 1000w, https:\/\/jornalfatosenoticias.com.br\/wp-content\/uploads\/2021\/04\/Mudancas-Climaticas-poluicao-300x199.jpg 300w, https:\/\/jornalfatosenoticias.com.br\/wp-content\/uploads\/2021\/04\/Mudancas-Climaticas-poluicao-768x510.jpg 768w\" sizes=\"auto, (max-width: 1000px) 100vw, 1000px\" \/><figcaption><em>Pesquisadores alertam para a necessidade de diminui\u00e7\u00e3o no ritmo de consumo (Foto: Creative Commons)<\/em><\/figcaption><\/figure>\n\n\n\n<p>Outro dos autores do artigo, o professor Dan Blumstein, da Universidade da <a href=\"https:\/\/olhardigital.com.br\/tag\/california\/\" target=\"_blank\" rel=\"noreferrer noopener\">Calif\u00f3rnia<\/a> em Los Angeles (UCLA), declarou que os cientistas n\u00e3o est\u00e3o mais economizando nas palavras ao emitir alertas sobre os riscos ocasionados pelas mudan\u00e7as clim\u00e1ticas. Segundo ele, isso est\u00e1 acontecendo porque a vida humana literalmente depende de uma mudan\u00e7a urgente de atitudes.<\/p>\n\n\n\n<blockquote class=\"wp-block-quote is-layout-flow wp-block-quote-is-layout-flow\"><p>\u201cO que estamos dizendo pode n\u00e3o ser popular e, de fato, \u00e9 assustador. Mas precisamos ser francos, precisos e honestos\u201d, disse Blumstein. \u201cA humanidade precisa entender a enormidade dos desafios que enfrentamos na cria\u00e7\u00e3o de um futuro sustent\u00e1vel\u201d.<\/p><\/blockquote>\n\n\n\n<p>Para o professor, se faz necess\u00e1rio desacelerar o ritmo do aumento do consumo humano e que a utiliza\u00e7\u00e3o dos insumos seja feita de forma mais sustent\u00e1vel. Por\u00e9m, o especialista n\u00e3o v\u00ea isso acontecendo e nem os governos tomando medidas para mudar o jogo. \u201cQuando compreendermos totalmente o impacto da deteriora\u00e7\u00e3o ecol\u00f3gica, ser\u00e1 tarde demais\u201d, alerta o cientista.<\/p>\n\n\n\n<p><strong><em>Fonte: <a href=\"https:\/\/olhardigital.com.br\/2021\/04\/27\/ciencia-e-espaco\/cientistas-alertam-que-humanidade-esta-quase-condenada\/\">Olhar Digital<\/a><\/em><\/strong><\/p>\n","protected":false},"excerpt":{"rendered":"<p>Um grupo de cientistas da Universidade Flinders, na Austr\u00e1lia,\u00a0publicou um artigo alertando que a humanidade estaria\u00a0\u201cquase condenada\u201d\u00a0por conta de suas pr\u00f3prias atitudes. Segundo os estudiosos, a escala das amea\u00e7as motivadas pelas\u00a0mudan\u00e7as clim\u00e1ticas\u00a0e a perda da\u00a0biodiversidade induzida pelo homem pode ter efeitos ainda mais graves do que se imagina atualmente.No estudo publicado na revista Frontiers in [&hellip;]<\/p>\n","protected":false},"author":2,"featured_media":17516,"comment_status":"open","ping_status":"open","sticky":false,"template":"","format":"standard","meta":{"footnotes":""},"categories":[2],"tags":[362,897,383,360],"class_list":["post-17513","post","type-post","status-publish","format-standard","has-post-thumbnail","hentry","category-ciencia","tag-aquecimento-global","tag-ecologia","tag-humanidade","tag-mudancas-climaticas"],"yoast_head":"<!-- This site is optimized with the Yoast SEO plugin v26.5 - https:\/\/yoast.com\/wordpress\/plugins\/seo\/ -->\n<title>Cientistas alertam que humanidade est\u00e1 quase condenada por suas atitudes - Jornal Fatos e Not\u00edcias<\/title>\n<meta name=\"robots\" content=\"index, follow, max-snippet:-1, max-image-preview:large, max-video-preview:-1\" \/>\n<link rel=\"canonical\" href=\"https:\/\/jornalfatosenoticias.com.br\/index.php\/2021\/04\/27\/cientistas-alertam-que-humanidade-esta-quase-condenada-por-suas-atitudes\/\" \/>\n<meta property=\"og:locale\" content=\"pt_BR\" \/>\n<meta property=\"og:type\" content=\"article\" \/>\n<meta property=\"og:title\" content=\"Cientistas alertam que humanidade est\u00e1 quase condenada por suas atitudes - Jornal Fatos e Not\u00edcias\" \/>\n<meta property=\"og:description\" content=\"Um grupo de cientistas da Universidade Flinders, na Austr\u00e1lia,\u00a0publicou um artigo alertando que a humanidade estaria\u00a0\u201cquase condenada\u201d\u00a0por conta de suas pr\u00f3prias atitudes. Segundo os estudiosos, a escala das amea\u00e7as motivadas pelas\u00a0mudan\u00e7as clim\u00e1ticas\u00a0e a perda da\u00a0biodiversidade induzida pelo homem pode ter efeitos ainda mais graves do que se imagina atualmente.No estudo publicado na revista Frontiers in [&hellip;]\" \/>\n<meta property=\"og:url\" content=\"https:\/\/jornalfatosenoticias.com.br\/index.php\/2021\/04\/27\/cientistas-alertam-que-humanidade-esta-quase-condenada-por-suas-atitudes\/\" \/>\n<meta property=\"og:site_name\" content=\"Jornal Fatos e Not\u00edcias\" \/>\n<meta property=\"article:published_time\" content=\"2021-04-27T12:23:21+00:00\" \/>\n<meta property=\"article:modified_time\" content=\"2021-04-27T12:23:27+00:00\" \/>\n<meta property=\"og:image\" content=\"https:\/\/jornalfatosenoticias.com.br\/wp-content\/uploads\/2021\/04\/Mudancas-Climaticas-capa.jpg\" \/>\n\t<meta property=\"og:image:width\" content=\"1000\" \/>\n\t<meta property=\"og:image:height\" content=\"416\" \/>\n\t<meta property=\"og:image:type\" content=\"image\/jpeg\" \/>\n<meta name=\"author\" content=\"Luzimara Fernandes\" \/>\n<meta name=\"twitter:card\" content=\"summary_large_image\" \/>\n<meta name=\"twitter:label1\" content=\"Escrito por\" \/>\n\t<meta name=\"twitter:data1\" content=\"Luzimara Fernandes\" \/>\n\t<meta name=\"twitter:label2\" content=\"Est. tempo de leitura\" \/>\n\t<meta name=\"twitter:data2\" content=\"3 minutos\" \/>\n<script type=\"application\/ld+json\" class=\"yoast-schema-graph\">{\"@context\":\"https:\/\/schema.org\",\"@graph\":[{\"@type\":\"Article\",\"@id\":\"https:\/\/jornalfatosenoticias.com.br\/index.php\/2021\/04\/27\/cientistas-alertam-que-humanidade-esta-quase-condenada-por-suas-atitudes\/#article\",\"isPartOf\":{\"@id\":\"https:\/\/jornalfatosenoticias.com.br\/index.php\/2021\/04\/27\/cientistas-alertam-que-humanidade-esta-quase-condenada-por-suas-atitudes\/\"},\"author\":{\"name\":\"Luzimara Fernandes\",\"@id\":\"https:\/\/jornalfatosenoticias.com.br\/#\/schema\/person\/d63837fa13ac8666eb9e74e0985d6f81\"},\"headline\":\"Cientistas alertam que humanidade est\u00e1 quase condenada por suas atitudes\",\"datePublished\":\"2021-04-27T12:23:21+00:00\",\"dateModified\":\"2021-04-27T12:23:27+00:00\",\"mainEntityOfPage\":{\"@id\":\"https:\/\/jornalfatosenoticias.com.br\/index.php\/2021\/04\/27\/cientistas-alertam-que-humanidade-esta-quase-condenada-por-suas-atitudes\/\"},\"wordCount\":592,\"commentCount\":0,\"publisher\":{\"@id\":\"https:\/\/jornalfatosenoticias.com.br\/#organization\"},\"image\":{\"@id\":\"https:\/\/jornalfatosenoticias.com.br\/index.php\/2021\/04\/27\/cientistas-alertam-que-humanidade-esta-quase-condenada-por-suas-atitudes\/#primaryimage\"},\"thumbnailUrl\":\"https:\/\/jornalfatosenoticias.com.br\/wp-content\/uploads\/2021\/04\/Mudancas-Climaticas-capa.jpg\",\"keywords\":[\"aquecimento global\",\"ecologia\",\"humanidade\",\"mudan\u00e7as clim\u00e1ticas\"],\"articleSection\":[\"Ci\u00eancia\"],\"inLanguage\":\"pt-BR\",\"potentialAction\":[{\"@type\":\"CommentAction\",\"name\":\"Comment\",\"target\":[\"https:\/\/jornalfatosenoticias.com.br\/index.php\/2021\/04\/27\/cientistas-alertam-que-humanidade-esta-quase-condenada-por-suas-atitudes\/#respond\"]}]},{\"@type\":\"WebPage\",\"@id\":\"https:\/\/jornalfatosenoticias.com.br\/index.php\/2021\/04\/27\/cientistas-alertam-que-humanidade-esta-quase-condenada-por-suas-atitudes\/\",\"url\":\"https:\/\/jornalfatosenoticias.com.br\/index.php\/2021\/04\/27\/cientistas-alertam-que-humanidade-esta-quase-condenada-por-suas-atitudes\/\",\"name\":\"Cientistas alertam que humanidade est\u00e1 quase condenada por suas atitudes - Jornal Fatos e Not\u00edcias\",\"isPartOf\":{\"@id\":\"https:\/\/jornalfatosenoticias.com.br\/#website\"},\"primaryImageOfPage\":{\"@id\":\"https:\/\/jornalfatosenoticias.com.br\/index.php\/2021\/04\/27\/cientistas-alertam-que-humanidade-esta-quase-condenada-por-suas-atitudes\/#primaryimage\"},\"image\":{\"@id\":\"https:\/\/jornalfatosenoticias.com.br\/index.php\/2021\/04\/27\/cientistas-alertam-que-humanidade-esta-quase-condenada-por-suas-atitudes\/#primaryimage\"},\"thumbnailUrl\":\"https:\/\/jornalfatosenoticias.com.br\/wp-content\/uploads\/2021\/04\/Mudancas-Climaticas-capa.jpg\",\"datePublished\":\"2021-04-27T12:23:21+00:00\",\"dateModified\":\"2021-04-27T12:23:27+00:00\",\"breadcrumb\":{\"@id\":\"https:\/\/jornalfatosenoticias.com.br\/index.php\/2021\/04\/27\/cientistas-alertam-que-humanidade-esta-quase-condenada-por-suas-atitudes\/#breadcrumb\"},\"inLanguage\":\"pt-BR\",\"potentialAction\":[{\"@type\":\"ReadAction\",\"target\":[\"https:\/\/jornalfatosenoticias.com.br\/index.php\/2021\/04\/27\/cientistas-alertam-que-humanidade-esta-quase-condenada-por-suas-atitudes\/\"]}]},{\"@type\":\"ImageObject\",\"inLanguage\":\"pt-BR\",\"@id\":\"https:\/\/jornalfatosenoticias.com.br\/index.php\/2021\/04\/27\/cientistas-alertam-que-humanidade-esta-quase-condenada-por-suas-atitudes\/#primaryimage\",\"url\":\"https:\/\/jornalfatosenoticias.com.br\/wp-content\/uploads\/2021\/04\/Mudancas-Climaticas-capa.jpg\",\"contentUrl\":\"https:\/\/jornalfatosenoticias.com.br\/wp-content\/uploads\/2021\/04\/Mudancas-Climaticas-capa.jpg\",\"width\":1000,\"height\":416},{\"@type\":\"BreadcrumbList\",\"@id\":\"https:\/\/jornalfatosenoticias.com.br\/index.php\/2021\/04\/27\/cientistas-alertam-que-humanidade-esta-quase-condenada-por-suas-atitudes\/#breadcrumb\",\"itemListElement\":[{\"@type\":\"ListItem\",\"position\":1,\"name\":\"In\u00edcio\",\"item\":\"https:\/\/jornalfatosenoticias.com.br\/\"},{\"@type\":\"ListItem\",\"position\":2,\"name\":\"Cientistas alertam que humanidade est\u00e1 quase condenada por suas atitudes\"}]},{\"@type\":\"WebSite\",\"@id\":\"https:\/\/jornalfatosenoticias.com.br\/#website\",\"url\":\"https:\/\/jornalfatosenoticias.com.br\/\",\"name\":\"Jornal Fatos e Not\u00edcias\",\"description\":\"Not\u00edcias em geral\",\"publisher\":{\"@id\":\"https:\/\/jornalfatosenoticias.com.br\/#organization\"},\"potentialAction\":[{\"@type\":\"SearchAction\",\"target\":{\"@type\":\"EntryPoint\",\"urlTemplate\":\"https:\/\/jornalfatosenoticias.com.br\/?s={search_term_string}\"},\"query-input\":{\"@type\":\"PropertyValueSpecification\",\"valueRequired\":true,\"valueName\":\"search_term_string\"}}],\"inLanguage\":\"pt-BR\"},{\"@type\":\"Organization\",\"@id\":\"https:\/\/jornalfatosenoticias.com.br\/#organization\",\"name\":\"Jornal Fatos e Not\u00edcias\",\"url\":\"https:\/\/jornalfatosenoticias.com.br\/\",\"logo\":{\"@type\":\"ImageObject\",\"inLanguage\":\"pt-BR\",\"@id\":\"https:\/\/jornalfatosenoticias.com.br\/#\/schema\/logo\/image\/\",\"url\":\"https:\/\/jornalfatosenoticias.com.br\/wp-content\/uploads\/2020\/02\/logo120.png\",\"contentUrl\":\"https:\/\/jornalfatosenoticias.com.br\/wp-content\/uploads\/2020\/02\/logo120.png\",\"width\":1227,\"height\":120,\"caption\":\"Jornal Fatos e Not\u00edcias\"},\"image\":{\"@id\":\"https:\/\/jornalfatosenoticias.com.br\/#\/schema\/logo\/image\/\"}},{\"@type\":\"Person\",\"@id\":\"https:\/\/jornalfatosenoticias.com.br\/#\/schema\/person\/d63837fa13ac8666eb9e74e0985d6f81\",\"name\":\"Luzimara Fernandes\",\"image\":{\"@type\":\"ImageObject\",\"inLanguage\":\"pt-BR\",\"@id\":\"https:\/\/jornalfatosenoticias.com.br\/#\/schema\/person\/image\/\",\"url\":\"https:\/\/jornalfatosenoticias.com.br\/wp-content\/uploads\/2025\/05\/EU_portal.jpg\",\"contentUrl\":\"https:\/\/jornalfatosenoticias.com.br\/wp-content\/uploads\/2025\/05\/EU_portal.jpg\",\"caption\":\"Luzimara Fernandes\"},\"description\":\"Jornalista MTB 2358-ES\",\"sameAs\":[\"https:\/\/jornalfatosenoticias.com.br\"],\"url\":\"https:\/\/jornalfatosenoticias.com.br\/index.php\/author\/luzimara\/\"}]}<\/script>\n<!-- \/ Yoast SEO plugin. -->","yoast_head_json":{"title":"Cientistas alertam que humanidade est\u00e1 quase condenada por suas atitudes - Jornal Fatos e Not\u00edcias","robots":{"index":"index","follow":"follow","max-snippet":"max-snippet:-1","max-image-preview":"max-image-preview:large","max-video-preview":"max-video-preview:-1"},"canonical":"https:\/\/jornalfatosenoticias.com.br\/index.php\/2021\/04\/27\/cientistas-alertam-que-humanidade-esta-quase-condenada-por-suas-atitudes\/","og_locale":"pt_BR","og_type":"article","og_title":"Cientistas alertam que humanidade est\u00e1 quase condenada por suas atitudes - Jornal Fatos e Not\u00edcias","og_description":"Um grupo de cientistas da Universidade Flinders, na Austr\u00e1lia,\u00a0publicou um artigo alertando que a humanidade estaria\u00a0\u201cquase condenada\u201d\u00a0por conta de suas pr\u00f3prias atitudes. Segundo os estudiosos, a escala das amea\u00e7as motivadas pelas\u00a0mudan\u00e7as clim\u00e1ticas\u00a0e a perda da\u00a0biodiversidade induzida pelo homem pode ter efeitos ainda mais graves do que se imagina atualmente.No estudo publicado na revista Frontiers in [&hellip;]","og_url":"https:\/\/jornalfatosenoticias.com.br\/index.php\/2021\/04\/27\/cientistas-alertam-que-humanidade-esta-quase-condenada-por-suas-atitudes\/","og_site_name":"Jornal Fatos e Not\u00edcias","article_published_time":"2021-04-27T12:23:21+00:00","article_modified_time":"2021-04-27T12:23:27+00:00","og_image":[{"width":1000,"height":416,"url":"https:\/\/jornalfatosenoticias.com.br\/wp-content\/uploads\/2021\/04\/Mudancas-Climaticas-capa.jpg","type":"image\/jpeg"}],"author":"Luzimara Fernandes","twitter_card":"summary_large_image","twitter_misc":{"Escrito por":"Luzimara Fernandes","Est. tempo de leitura":"3 minutos"},"schema":{"@context":"https:\/\/schema.org","@graph":[{"@type":"Article","@id":"https:\/\/jornalfatosenoticias.com.br\/index.php\/2021\/04\/27\/cientistas-alertam-que-humanidade-esta-quase-condenada-por-suas-atitudes\/#article","isPartOf":{"@id":"https:\/\/jornalfatosenoticias.com.br\/index.php\/2021\/04\/27\/cientistas-alertam-que-humanidade-esta-quase-condenada-por-suas-atitudes\/"},"author":{"name":"Luzimara Fernandes","@id":"https:\/\/jornalfatosenoticias.com.br\/#\/schema\/person\/d63837fa13ac8666eb9e74e0985d6f81"},"headline":"Cientistas alertam que humanidade est\u00e1 quase condenada por suas atitudes","datePublished":"2021-04-27T12:23:21+00:00","dateModified":"2021-04-27T12:23:27+00:00","mainEntityOfPage":{"@id":"https:\/\/jornalfatosenoticias.com.br\/index.php\/2021\/04\/27\/cientistas-alertam-que-humanidade-esta-quase-condenada-por-suas-atitudes\/"},"wordCount":592,"commentCount":0,"publisher":{"@id":"https:\/\/jornalfatosenoticias.com.br\/#organization"},"image":{"@id":"https:\/\/jornalfatosenoticias.com.br\/index.php\/2021\/04\/27\/cientistas-alertam-que-humanidade-esta-quase-condenada-por-suas-atitudes\/#primaryimage"},"thumbnailUrl":"https:\/\/jornalfatosenoticias.com.br\/wp-content\/uploads\/2021\/04\/Mudancas-Climaticas-capa.jpg","keywords":["aquecimento global","ecologia","humanidade","mudan\u00e7as clim\u00e1ticas"],"articleSection":["Ci\u00eancia"],"inLanguage":"pt-BR","potentialAction":[{"@type":"CommentAction","name":"Comment","target":["https:\/\/jornalfatosenoticias.com.br\/index.php\/2021\/04\/27\/cientistas-alertam-que-humanidade-esta-quase-condenada-por-suas-atitudes\/#respond"]}]},{"@type":"WebPage","@id":"https:\/\/jornalfatosenoticias.com.br\/index.php\/2021\/04\/27\/cientistas-alertam-que-humanidade-esta-quase-condenada-por-suas-atitudes\/","url":"https:\/\/jornalfatosenoticias.com.br\/index.php\/2021\/04\/27\/cientistas-alertam-que-humanidade-esta-quase-condenada-por-suas-atitudes\/","name":"Cientistas alertam que humanidade est\u00e1 quase condenada por suas atitudes - Jornal Fatos e Not\u00edcias","isPartOf":{"@id":"https:\/\/jornalfatosenoticias.com.br\/#website"},"primaryImageOfPage":{"@id":"https:\/\/jornalfatosenoticias.com.br\/index.php\/2021\/04\/27\/cientistas-alertam-que-humanidade-esta-quase-condenada-por-suas-atitudes\/#primaryimage"},"image":{"@id":"https:\/\/jornalfatosenoticias.com.br\/index.php\/2021\/04\/27\/cientistas-alertam-que-humanidade-esta-quase-condenada-por-suas-atitudes\/#primaryimage"},"thumbnailUrl":"https:\/\/jornalfatosenoticias.com.br\/wp-content\/uploads\/2021\/04\/Mudancas-Climaticas-capa.jpg","datePublished":"2021-04-27T12:23:21+00:00","dateModified":"2021-04-27T12:23:27+00:00","breadcrumb":{"@id":"https:\/\/jornalfatosenoticias.com.br\/index.php\/2021\/04\/27\/cientistas-alertam-que-humanidade-esta-quase-condenada-por-suas-atitudes\/#breadcrumb"},"inLanguage":"pt-BR","potentialAction":[{"@type":"ReadAction","target":["https:\/\/jornalfatosenoticias.com.br\/index.php\/2021\/04\/27\/cientistas-alertam-que-humanidade-esta-quase-condenada-por-suas-atitudes\/"]}]},{"@type":"ImageObject","inLanguage":"pt-BR","@id":"https:\/\/jornalfatosenoticias.com.br\/index.php\/2021\/04\/27\/cientistas-alertam-que-humanidade-esta-quase-condenada-por-suas-atitudes\/#primaryimage","url":"https:\/\/jornalfatosenoticias.com.br\/wp-content\/uploads\/2021\/04\/Mudancas-Climaticas-capa.jpg","contentUrl":"https:\/\/jornalfatosenoticias.com.br\/wp-content\/uploads\/2021\/04\/Mudancas-Climaticas-capa.jpg","width":1000,"height":416},{"@type":"BreadcrumbList","@id":"https:\/\/jornalfatosenoticias.com.br\/index.php\/2021\/04\/27\/cientistas-alertam-que-humanidade-esta-quase-condenada-por-suas-atitudes\/#breadcrumb","itemListElement":[{"@type":"ListItem","position":1,"name":"In\u00edcio","item":"https:\/\/jornalfatosenoticias.com.br\/"},{"@type":"ListItem","position":2,"name":"Cientistas alertam que humanidade est\u00e1 quase condenada por suas atitudes"}]},{"@type":"WebSite","@id":"https:\/\/jornalfatosenoticias.com.br\/#website","url":"https:\/\/jornalfatosenoticias.com.br\/","name":"Jornal Fatos e Not\u00edcias","description":"Not\u00edcias em geral","publisher":{"@id":"https:\/\/jornalfatosenoticias.com.br\/#organization"},"potentialAction":[{"@type":"SearchAction","target":{"@type":"EntryPoint","urlTemplate":"https:\/\/jornalfatosenoticias.com.br\/?s={search_term_string}"},"query-input":{"@type":"PropertyValueSpecification","valueRequired":true,"valueName":"search_term_string"}}],"inLanguage":"pt-BR"},{"@type":"Organization","@id":"https:\/\/jornalfatosenoticias.com.br\/#organization","name":"Jornal Fatos e Not\u00edcias","url":"https:\/\/jornalfatosenoticias.com.br\/","logo":{"@type":"ImageObject","inLanguage":"pt-BR","@id":"https:\/\/jornalfatosenoticias.com.br\/#\/schema\/logo\/image\/","url":"https:\/\/jornalfatosenoticias.com.br\/wp-content\/uploads\/2020\/02\/logo120.png","contentUrl":"https:\/\/jornalfatosenoticias.com.br\/wp-content\/uploads\/2020\/02\/logo120.png","width":1227,"height":120,"caption":"Jornal Fatos e Not\u00edcias"},"image":{"@id":"https:\/\/jornalfatosenoticias.com.br\/#\/schema\/logo\/image\/"}},{"@type":"Person","@id":"https:\/\/jornalfatosenoticias.com.br\/#\/schema\/person\/d63837fa13ac8666eb9e74e0985d6f81","name":"Luzimara Fernandes","image":{"@type":"ImageObject","inLanguage":"pt-BR","@id":"https:\/\/jornalfatosenoticias.com.br\/#\/schema\/person\/image\/","url":"https:\/\/jornalfatosenoticias.com.br\/wp-content\/uploads\/2025\/05\/EU_portal.jpg","contentUrl":"https:\/\/jornalfatosenoticias.com.br\/wp-content\/uploads\/2025\/05\/EU_portal.jpg","caption":"Luzimara Fernandes"},"description":"Jornalista MTB 2358-ES","sameAs":["https:\/\/jornalfatosenoticias.com.br"],"url":"https:\/\/jornalfatosenoticias.com.br\/index.php\/author\/luzimara\/"}]}},"cc_featured_image_caption":{"caption_text":"(Foto: Pete Linforth)","source_text":"","source_url":""},"jetpack_featured_media_url":"https:\/\/jornalfatosenoticias.com.br\/wp-content\/uploads\/2021\/04\/Mudancas-Climaticas-capa.jpg","_links":{"self":[{"href":"https:\/\/jornalfatosenoticias.com.br\/index.php\/wp-json\/wp\/v2\/posts\/17513","targetHints":{"allow":["GET"]}}],"collection":[{"href":"https:\/\/jornalfatosenoticias.com.br\/index.php\/wp-json\/wp\/v2\/posts"}],"about":[{"href":"https:\/\/jornalfatosenoticias.com.br\/index.php\/wp-json\/wp\/v2\/types\/post"}],"author":[{"embeddable":true,"href":"https:\/\/jornalfatosenoticias.com.br\/index.php\/wp-json\/wp\/v2\/users\/2"}],"replies":[{"embeddable":true,"href":"https:\/\/jornalfatosenoticias.com.br\/index.php\/wp-json\/wp\/v2\/comments?post=17513"}],"version-history":[{"count":0,"href":"https:\/\/jornalfatosenoticias.com.br\/index.php\/wp-json\/wp\/v2\/posts\/17513\/revisions"}],"wp:featuredmedia":[{"embeddable":true,"href":"https:\/\/jornalfatosenoticias.com.br\/index.php\/wp-json\/wp\/v2\/media\/17516"}],"wp:attachment":[{"href":"https:\/\/jornalfatosenoticias.com.br\/index.php\/wp-json\/wp\/v2\/media?parent=17513"}],"wp:term":[{"taxonomy":"category","embeddable":true,"href":"https:\/\/jornalfatosenoticias.com.br\/index.php\/wp-json\/wp\/v2\/categories?post=17513"},{"taxonomy":"post_tag","embeddable":true,"href":"https:\/\/jornalfatosenoticias.com.br\/index.php\/wp-json\/wp\/v2\/tags?post=17513"}],"curies":[{"name":"wp","href":"https:\/\/api.w.org\/{rel}","templated":true}]}}