{"id":17542,"date":"2021-04-27T15:17:11","date_gmt":"2021-04-27T18:17:11","guid":{"rendered":"https:\/\/jornalfatosenoticias.com.br\/?p=17542"},"modified":"2021-04-27T15:17:12","modified_gmt":"2021-04-27T18:17:12","slug":"covid-serra-pede-ajuda-do-exercito-na-fiscalizacao-dos-terminais-rodoviarios","status":"publish","type":"post","link":"https:\/\/jornalfatosenoticias.com.br\/index.php\/2021\/04\/27\/covid-serra-pede-ajuda-do-exercito-na-fiscalizacao-dos-terminais-rodoviarios\/","title":{"rendered":"Covid: Serra pede ajuda do ex\u00e9rcito na fiscaliza\u00e7\u00e3o dos terminais rodovi\u00e1rios"},"content":{"rendered":"\n<p>Para ampliar o combate \u00e0 pandemia, a Prefeitura Municipal da Serra encaminhou of\u00edcios ao ministro da Defesa, Walter Souza Braga Netto, e ao diretor-presidente da Companhia Estadual de Transportes Coletivos de Passageiros do Estado do Esp\u00edrito Santo (Ceturb), Raphael Tr\u00e9s, solicitando respectivamente apoio do ex\u00e9rcito no combate ao coronav\u00edrus e permiss\u00e3o para fiscalizar os terminais de passageiros localizados na cidade.<br>No documento, a prefeitura ressalta que o momento enfrentado pela cidade \u00e9 grav\u00edssimo.<\/p>\n\n\n\n<blockquote class=\"wp-block-quote is-layout-flow wp-block-quote-is-layout-flow\"><p>\u201cO munic\u00edpio da Serra apresenta o total de 53.811 casos de covid-19 confirmados, com total de 1.092 \u00f3bitos, taxa de transmiss\u00e3o de 1,14%. Sendo assim, faz-se necess\u00e1ria a amplia\u00e7\u00e3o das a\u00e7\u00f5es estrat\u00e9gicas para enfrentamento da epidemia\u201d.<\/p><\/blockquote>\n\n\n\n<p>A Prefeitura pontua que j\u00e1 vacinou mais de 87 mil pessoas dos grupos priorit\u00e1rios seguindo as Diretrizes do Programa Nacional de Imuniza\u00e7\u00e3o. Contudo, refor\u00e7a que \u00e9 de suma import\u00e2ncia o apoio da guarni\u00e7\u00e3o do ex\u00e9rcito brasileiro no aux\u00edlio da execu\u00e7\u00e3o de medidas preventivas dos protocolos sanit\u00e1rios estabelecidos, objetivando alcan\u00e7ar um maior n\u00famero de abordagens e sensibiliza\u00e7\u00e3o social para restri\u00e7\u00e3o da intera\u00e7\u00e3o social e com isso, possibilitar a redu\u00e7\u00e3o dos riscos epidemiol\u00f3gicos e a dissemina\u00e7\u00e3o do v\u00edrus no munic\u00edpio.<br>J\u00e1 no documento enviado \u00e0 Ceturb, a autoriza\u00e7\u00e3o para fiscalizar os terminais de passageiros \u00e9 solicitada, uma vez que por esses locais passam milhares de pessoas. \u201cO objetivo \u00e9 se fazer cumprir os protocolos sanit\u00e1rios estabelecidos de combate \u00e0 pandemia\u201d.<\/p>\n","protected":false},"excerpt":{"rendered":"<p>Para ampliar o combate \u00e0 pandemia, a Prefeitura Municipal da Serra encaminhou of\u00edcios ao ministro da Defesa, Walter Souza Braga Netto, e ao diretor-presidente da Companhia Estadual de Transportes Coletivos de Passageiros do Estado do Esp\u00edrito Santo (Ceturb), Raphael Tr\u00e9s, solicitando respectivamente apoio do ex\u00e9rcito no combate ao coronav\u00edrus e permiss\u00e3o para fiscalizar os terminais [&hellip;]<\/p>\n","protected":false},"author":2,"featured_media":17543,"comment_status":"open","ping_status":"open","sticky":false,"template":"","format":"standard","meta":{"footnotes":""},"categories":[10],"tags":[2380,273,8726,330],"class_list":["post-17542","post","type-post","status-publish","format-standard","has-post-thumbnail","hentry","category-politica","tag-ceturb-es","tag-covid-19","tag-exercito-brasileiro","tag-pandemia"],"yoast_head":"<!-- This site is optimized with the Yoast SEO plugin v26.5 - https:\/\/yoast.com\/wordpress\/plugins\/seo\/ -->\n<title>Covid: Serra pede ajuda do ex\u00e9rcito na fiscaliza\u00e7\u00e3o dos terminais rodovi\u00e1rios - Jornal Fatos e Not\u00edcias<\/title>\n<meta name=\"robots\" content=\"index, follow, max-snippet:-1, max-image-preview:large, max-video-preview:-1\" \/>\n<link rel=\"canonical\" href=\"https:\/\/jornalfatosenoticias.com.br\/index.php\/2021\/04\/27\/covid-serra-pede-ajuda-do-exercito-na-fiscalizacao-dos-terminais-rodoviarios\/\" \/>\n<meta property=\"og:locale\" content=\"pt_BR\" \/>\n<meta property=\"og:type\" content=\"article\" \/>\n<meta property=\"og:title\" content=\"Covid: Serra pede ajuda do ex\u00e9rcito na fiscaliza\u00e7\u00e3o dos terminais rodovi\u00e1rios - Jornal Fatos e Not\u00edcias\" \/>\n<meta property=\"og:description\" content=\"Para ampliar o combate \u00e0 pandemia, a Prefeitura Municipal da Serra encaminhou of\u00edcios ao ministro da Defesa, Walter Souza Braga Netto, e ao diretor-presidente da Companhia Estadual de Transportes Coletivos de Passageiros do Estado do Esp\u00edrito Santo (Ceturb), Raphael Tr\u00e9s, solicitando respectivamente apoio do ex\u00e9rcito no combate ao coronav\u00edrus e permiss\u00e3o para fiscalizar os terminais [&hellip;]\" \/>\n<meta property=\"og:url\" content=\"https:\/\/jornalfatosenoticias.com.br\/index.php\/2021\/04\/27\/covid-serra-pede-ajuda-do-exercito-na-fiscalizacao-dos-terminais-rodoviarios\/\" \/>\n<meta property=\"og:site_name\" content=\"Jornal Fatos e Not\u00edcias\" \/>\n<meta property=\"article:published_time\" content=\"2021-04-27T18:17:11+00:00\" \/>\n<meta property=\"article:modified_time\" content=\"2021-04-27T18:17:12+00:00\" \/>\n<meta property=\"og:image\" content=\"https:\/\/jornalfatosenoticias.com.br\/wp-content\/uploads\/2021\/04\/exercito-C-Rubens-Barbosa.jpg\" \/>\n\t<meta property=\"og:image:width\" content=\"1000\" \/>\n\t<meta property=\"og:image:height\" content=\"666\" \/>\n\t<meta property=\"og:image:type\" content=\"image\/jpeg\" \/>\n<meta name=\"author\" content=\"Luzimara Fernandes\" \/>\n<meta name=\"twitter:card\" content=\"summary_large_image\" \/>\n<meta name=\"twitter:label1\" content=\"Escrito por\" \/>\n\t<meta name=\"twitter:data1\" content=\"Luzimara Fernandes\" \/>\n\t<meta name=\"twitter:label2\" content=\"Est. tempo de leitura\" \/>\n\t<meta name=\"twitter:data2\" content=\"1 minuto\" \/>\n<script type=\"application\/ld+json\" class=\"yoast-schema-graph\">{\"@context\":\"https:\/\/schema.org\",\"@graph\":[{\"@type\":\"Article\",\"@id\":\"https:\/\/jornalfatosenoticias.com.br\/index.php\/2021\/04\/27\/covid-serra-pede-ajuda-do-exercito-na-fiscalizacao-dos-terminais-rodoviarios\/#article\",\"isPartOf\":{\"@id\":\"https:\/\/jornalfatosenoticias.com.br\/index.php\/2021\/04\/27\/covid-serra-pede-ajuda-do-exercito-na-fiscalizacao-dos-terminais-rodoviarios\/\"},\"author\":{\"name\":\"Luzimara Fernandes\",\"@id\":\"https:\/\/jornalfatosenoticias.com.br\/#\/schema\/person\/d63837fa13ac8666eb9e74e0985d6f81\"},\"headline\":\"Covid: Serra pede ajuda do ex\u00e9rcito na fiscaliza\u00e7\u00e3o dos terminais rodovi\u00e1rios\",\"datePublished\":\"2021-04-27T18:17:11+00:00\",\"dateModified\":\"2021-04-27T18:17:12+00:00\",\"mainEntityOfPage\":{\"@id\":\"https:\/\/jornalfatosenoticias.com.br\/index.php\/2021\/04\/27\/covid-serra-pede-ajuda-do-exercito-na-fiscalizacao-dos-terminais-rodoviarios\/\"},\"wordCount\":264,\"commentCount\":0,\"publisher\":{\"@id\":\"https:\/\/jornalfatosenoticias.com.br\/#organization\"},\"image\":{\"@id\":\"https:\/\/jornalfatosenoticias.com.br\/index.php\/2021\/04\/27\/covid-serra-pede-ajuda-do-exercito-na-fiscalizacao-dos-terminais-rodoviarios\/#primaryimage\"},\"thumbnailUrl\":\"https:\/\/jornalfatosenoticias.com.br\/wp-content\/uploads\/2021\/04\/exercito-C-Rubens-Barbosa.jpg\",\"keywords\":[\"Ceturb-ES\",\"covid-19\",\"Ex\u00e9rcito Brasileiro\",\"pandemia\"],\"articleSection\":[\"Pol\u00edtica\"],\"inLanguage\":\"pt-BR\",\"potentialAction\":[{\"@type\":\"CommentAction\",\"name\":\"Comment\",\"target\":[\"https:\/\/jornalfatosenoticias.com.br\/index.php\/2021\/04\/27\/covid-serra-pede-ajuda-do-exercito-na-fiscalizacao-dos-terminais-rodoviarios\/#respond\"]}]},{\"@type\":\"WebPage\",\"@id\":\"https:\/\/jornalfatosenoticias.com.br\/index.php\/2021\/04\/27\/covid-serra-pede-ajuda-do-exercito-na-fiscalizacao-dos-terminais-rodoviarios\/\",\"url\":\"https:\/\/jornalfatosenoticias.com.br\/index.php\/2021\/04\/27\/covid-serra-pede-ajuda-do-exercito-na-fiscalizacao-dos-terminais-rodoviarios\/\",\"name\":\"Covid: Serra pede ajuda do ex\u00e9rcito na fiscaliza\u00e7\u00e3o dos terminais rodovi\u00e1rios - Jornal Fatos e Not\u00edcias\",\"isPartOf\":{\"@id\":\"https:\/\/jornalfatosenoticias.com.br\/#website\"},\"primaryImageOfPage\":{\"@id\":\"https:\/\/jornalfatosenoticias.com.br\/index.php\/2021\/04\/27\/covid-serra-pede-ajuda-do-exercito-na-fiscalizacao-dos-terminais-rodoviarios\/#primaryimage\"},\"image\":{\"@id\":\"https:\/\/jornalfatosenoticias.com.br\/index.php\/2021\/04\/27\/covid-serra-pede-ajuda-do-exercito-na-fiscalizacao-dos-terminais-rodoviarios\/#primaryimage\"},\"thumbnailUrl\":\"https:\/\/jornalfatosenoticias.com.br\/wp-content\/uploads\/2021\/04\/exercito-C-Rubens-Barbosa.jpg\",\"datePublished\":\"2021-04-27T18:17:11+00:00\",\"dateModified\":\"2021-04-27T18:17:12+00:00\",\"breadcrumb\":{\"@id\":\"https:\/\/jornalfatosenoticias.com.br\/index.php\/2021\/04\/27\/covid-serra-pede-ajuda-do-exercito-na-fiscalizacao-dos-terminais-rodoviarios\/#breadcrumb\"},\"inLanguage\":\"pt-BR\",\"potentialAction\":[{\"@type\":\"ReadAction\",\"target\":[\"https:\/\/jornalfatosenoticias.com.br\/index.php\/2021\/04\/27\/covid-serra-pede-ajuda-do-exercito-na-fiscalizacao-dos-terminais-rodoviarios\/\"]}]},{\"@type\":\"ImageObject\",\"inLanguage\":\"pt-BR\",\"@id\":\"https:\/\/jornalfatosenoticias.com.br\/index.php\/2021\/04\/27\/covid-serra-pede-ajuda-do-exercito-na-fiscalizacao-dos-terminais-rodoviarios\/#primaryimage\",\"url\":\"https:\/\/jornalfatosenoticias.com.br\/wp-content\/uploads\/2021\/04\/exercito-C-Rubens-Barbosa.jpg\",\"contentUrl\":\"https:\/\/jornalfatosenoticias.com.br\/wp-content\/uploads\/2021\/04\/exercito-C-Rubens-Barbosa.jpg\",\"width\":1000,\"height\":666},{\"@type\":\"BreadcrumbList\",\"@id\":\"https:\/\/jornalfatosenoticias.com.br\/index.php\/2021\/04\/27\/covid-serra-pede-ajuda-do-exercito-na-fiscalizacao-dos-terminais-rodoviarios\/#breadcrumb\",\"itemListElement\":[{\"@type\":\"ListItem\",\"position\":1,\"name\":\"In\u00edcio\",\"item\":\"https:\/\/jornalfatosenoticias.com.br\/\"},{\"@type\":\"ListItem\",\"position\":2,\"name\":\"Covid: Serra pede ajuda do ex\u00e9rcito na fiscaliza\u00e7\u00e3o dos terminais rodovi\u00e1rios\"}]},{\"@type\":\"WebSite\",\"@id\":\"https:\/\/jornalfatosenoticias.com.br\/#website\",\"url\":\"https:\/\/jornalfatosenoticias.com.br\/\",\"name\":\"Jornal Fatos e Not\u00edcias\",\"description\":\"Not\u00edcias em geral\",\"publisher\":{\"@id\":\"https:\/\/jornalfatosenoticias.com.br\/#organization\"},\"potentialAction\":[{\"@type\":\"SearchAction\",\"target\":{\"@type\":\"EntryPoint\",\"urlTemplate\":\"https:\/\/jornalfatosenoticias.com.br\/?s={search_term_string}\"},\"query-input\":{\"@type\":\"PropertyValueSpecification\",\"valueRequired\":true,\"valueName\":\"search_term_string\"}}],\"inLanguage\":\"pt-BR\"},{\"@type\":\"Organization\",\"@id\":\"https:\/\/jornalfatosenoticias.com.br\/#organization\",\"name\":\"Jornal Fatos e Not\u00edcias\",\"url\":\"https:\/\/jornalfatosenoticias.com.br\/\",\"logo\":{\"@type\":\"ImageObject\",\"inLanguage\":\"pt-BR\",\"@id\":\"https:\/\/jornalfatosenoticias.com.br\/#\/schema\/logo\/image\/\",\"url\":\"https:\/\/jornalfatosenoticias.com.br\/wp-content\/uploads\/2020\/02\/logo120.png\",\"contentUrl\":\"https:\/\/jornalfatosenoticias.com.br\/wp-content\/uploads\/2020\/02\/logo120.png\",\"width\":1227,\"height\":120,\"caption\":\"Jornal Fatos e Not\u00edcias\"},\"image\":{\"@id\":\"https:\/\/jornalfatosenoticias.com.br\/#\/schema\/logo\/image\/\"}},{\"@type\":\"Person\",\"@id\":\"https:\/\/jornalfatosenoticias.com.br\/#\/schema\/person\/d63837fa13ac8666eb9e74e0985d6f81\",\"name\":\"Luzimara Fernandes\",\"image\":{\"@type\":\"ImageObject\",\"inLanguage\":\"pt-BR\",\"@id\":\"https:\/\/jornalfatosenoticias.com.br\/#\/schema\/person\/image\/\",\"url\":\"https:\/\/jornalfatosenoticias.com.br\/wp-content\/uploads\/2025\/05\/EU_portal.jpg\",\"contentUrl\":\"https:\/\/jornalfatosenoticias.com.br\/wp-content\/uploads\/2025\/05\/EU_portal.jpg\",\"caption\":\"Luzimara Fernandes\"},\"description\":\"Jornalista MTB 2358-ES\",\"sameAs\":[\"https:\/\/jornalfatosenoticias.com.br\"],\"url\":\"https:\/\/jornalfatosenoticias.com.br\/index.php\/author\/luzimara\/\"}]}<\/script>\n<!-- \/ Yoast SEO plugin. -->","yoast_head_json":{"title":"Covid: Serra pede ajuda do ex\u00e9rcito na fiscaliza\u00e7\u00e3o dos terminais rodovi\u00e1rios - Jornal Fatos e Not\u00edcias","robots":{"index":"index","follow":"follow","max-snippet":"max-snippet:-1","max-image-preview":"max-image-preview:large","max-video-preview":"max-video-preview:-1"},"canonical":"https:\/\/jornalfatosenoticias.com.br\/index.php\/2021\/04\/27\/covid-serra-pede-ajuda-do-exercito-na-fiscalizacao-dos-terminais-rodoviarios\/","og_locale":"pt_BR","og_type":"article","og_title":"Covid: Serra pede ajuda do ex\u00e9rcito na fiscaliza\u00e7\u00e3o dos terminais rodovi\u00e1rios - Jornal Fatos e Not\u00edcias","og_description":"Para ampliar o combate \u00e0 pandemia, a Prefeitura Municipal da Serra encaminhou of\u00edcios ao ministro da Defesa, Walter Souza Braga Netto, e ao diretor-presidente da Companhia Estadual de Transportes Coletivos de Passageiros do Estado do Esp\u00edrito Santo (Ceturb), Raphael Tr\u00e9s, solicitando respectivamente apoio do ex\u00e9rcito no combate ao coronav\u00edrus e permiss\u00e3o para fiscalizar os terminais [&hellip;]","og_url":"https:\/\/jornalfatosenoticias.com.br\/index.php\/2021\/04\/27\/covid-serra-pede-ajuda-do-exercito-na-fiscalizacao-dos-terminais-rodoviarios\/","og_site_name":"Jornal Fatos e Not\u00edcias","article_published_time":"2021-04-27T18:17:11+00:00","article_modified_time":"2021-04-27T18:17:12+00:00","og_image":[{"width":1000,"height":666,"url":"https:\/\/jornalfatosenoticias.com.br\/wp-content\/uploads\/2021\/04\/exercito-C-Rubens-Barbosa.jpg","type":"image\/jpeg"}],"author":"Luzimara Fernandes","twitter_card":"summary_large_image","twitter_misc":{"Escrito por":"Luzimara Fernandes","Est. tempo de leitura":"1 minuto"},"schema":{"@context":"https:\/\/schema.org","@graph":[{"@type":"Article","@id":"https:\/\/jornalfatosenoticias.com.br\/index.php\/2021\/04\/27\/covid-serra-pede-ajuda-do-exercito-na-fiscalizacao-dos-terminais-rodoviarios\/#article","isPartOf":{"@id":"https:\/\/jornalfatosenoticias.com.br\/index.php\/2021\/04\/27\/covid-serra-pede-ajuda-do-exercito-na-fiscalizacao-dos-terminais-rodoviarios\/"},"author":{"name":"Luzimara Fernandes","@id":"https:\/\/jornalfatosenoticias.com.br\/#\/schema\/person\/d63837fa13ac8666eb9e74e0985d6f81"},"headline":"Covid: Serra pede ajuda do ex\u00e9rcito na fiscaliza\u00e7\u00e3o dos terminais rodovi\u00e1rios","datePublished":"2021-04-27T18:17:11+00:00","dateModified":"2021-04-27T18:17:12+00:00","mainEntityOfPage":{"@id":"https:\/\/jornalfatosenoticias.com.br\/index.php\/2021\/04\/27\/covid-serra-pede-ajuda-do-exercito-na-fiscalizacao-dos-terminais-rodoviarios\/"},"wordCount":264,"commentCount":0,"publisher":{"@id":"https:\/\/jornalfatosenoticias.com.br\/#organization"},"image":{"@id":"https:\/\/jornalfatosenoticias.com.br\/index.php\/2021\/04\/27\/covid-serra-pede-ajuda-do-exercito-na-fiscalizacao-dos-terminais-rodoviarios\/#primaryimage"},"thumbnailUrl":"https:\/\/jornalfatosenoticias.com.br\/wp-content\/uploads\/2021\/04\/exercito-C-Rubens-Barbosa.jpg","keywords":["Ceturb-ES","covid-19","Ex\u00e9rcito Brasileiro","pandemia"],"articleSection":["Pol\u00edtica"],"inLanguage":"pt-BR","potentialAction":[{"@type":"CommentAction","name":"Comment","target":["https:\/\/jornalfatosenoticias.com.br\/index.php\/2021\/04\/27\/covid-serra-pede-ajuda-do-exercito-na-fiscalizacao-dos-terminais-rodoviarios\/#respond"]}]},{"@type":"WebPage","@id":"https:\/\/jornalfatosenoticias.com.br\/index.php\/2021\/04\/27\/covid-serra-pede-ajuda-do-exercito-na-fiscalizacao-dos-terminais-rodoviarios\/","url":"https:\/\/jornalfatosenoticias.com.br\/index.php\/2021\/04\/27\/covid-serra-pede-ajuda-do-exercito-na-fiscalizacao-dos-terminais-rodoviarios\/","name":"Covid: Serra pede ajuda do ex\u00e9rcito na fiscaliza\u00e7\u00e3o dos terminais rodovi\u00e1rios - Jornal Fatos e Not\u00edcias","isPartOf":{"@id":"https:\/\/jornalfatosenoticias.com.br\/#website"},"primaryImageOfPage":{"@id":"https:\/\/jornalfatosenoticias.com.br\/index.php\/2021\/04\/27\/covid-serra-pede-ajuda-do-exercito-na-fiscalizacao-dos-terminais-rodoviarios\/#primaryimage"},"image":{"@id":"https:\/\/jornalfatosenoticias.com.br\/index.php\/2021\/04\/27\/covid-serra-pede-ajuda-do-exercito-na-fiscalizacao-dos-terminais-rodoviarios\/#primaryimage"},"thumbnailUrl":"https:\/\/jornalfatosenoticias.com.br\/wp-content\/uploads\/2021\/04\/exercito-C-Rubens-Barbosa.jpg","datePublished":"2021-04-27T18:17:11+00:00","dateModified":"2021-04-27T18:17:12+00:00","breadcrumb":{"@id":"https:\/\/jornalfatosenoticias.com.br\/index.php\/2021\/04\/27\/covid-serra-pede-ajuda-do-exercito-na-fiscalizacao-dos-terminais-rodoviarios\/#breadcrumb"},"inLanguage":"pt-BR","potentialAction":[{"@type":"ReadAction","target":["https:\/\/jornalfatosenoticias.com.br\/index.php\/2021\/04\/27\/covid-serra-pede-ajuda-do-exercito-na-fiscalizacao-dos-terminais-rodoviarios\/"]}]},{"@type":"ImageObject","inLanguage":"pt-BR","@id":"https:\/\/jornalfatosenoticias.com.br\/index.php\/2021\/04\/27\/covid-serra-pede-ajuda-do-exercito-na-fiscalizacao-dos-terminais-rodoviarios\/#primaryimage","url":"https:\/\/jornalfatosenoticias.com.br\/wp-content\/uploads\/2021\/04\/exercito-C-Rubens-Barbosa.jpg","contentUrl":"https:\/\/jornalfatosenoticias.com.br\/wp-content\/uploads\/2021\/04\/exercito-C-Rubens-Barbosa.jpg","width":1000,"height":666},{"@type":"BreadcrumbList","@id":"https:\/\/jornalfatosenoticias.com.br\/index.php\/2021\/04\/27\/covid-serra-pede-ajuda-do-exercito-na-fiscalizacao-dos-terminais-rodoviarios\/#breadcrumb","itemListElement":[{"@type":"ListItem","position":1,"name":"In\u00edcio","item":"https:\/\/jornalfatosenoticias.com.br\/"},{"@type":"ListItem","position":2,"name":"Covid: Serra pede ajuda do ex\u00e9rcito na fiscaliza\u00e7\u00e3o dos terminais rodovi\u00e1rios"}]},{"@type":"WebSite","@id":"https:\/\/jornalfatosenoticias.com.br\/#website","url":"https:\/\/jornalfatosenoticias.com.br\/","name":"Jornal Fatos e Not\u00edcias","description":"Not\u00edcias em geral","publisher":{"@id":"https:\/\/jornalfatosenoticias.com.br\/#organization"},"potentialAction":[{"@type":"SearchAction","target":{"@type":"EntryPoint","urlTemplate":"https:\/\/jornalfatosenoticias.com.br\/?s={search_term_string}"},"query-input":{"@type":"PropertyValueSpecification","valueRequired":true,"valueName":"search_term_string"}}],"inLanguage":"pt-BR"},{"@type":"Organization","@id":"https:\/\/jornalfatosenoticias.com.br\/#organization","name":"Jornal Fatos e Not\u00edcias","url":"https:\/\/jornalfatosenoticias.com.br\/","logo":{"@type":"ImageObject","inLanguage":"pt-BR","@id":"https:\/\/jornalfatosenoticias.com.br\/#\/schema\/logo\/image\/","url":"https:\/\/jornalfatosenoticias.com.br\/wp-content\/uploads\/2020\/02\/logo120.png","contentUrl":"https:\/\/jornalfatosenoticias.com.br\/wp-content\/uploads\/2020\/02\/logo120.png","width":1227,"height":120,"caption":"Jornal Fatos e Not\u00edcias"},"image":{"@id":"https:\/\/jornalfatosenoticias.com.br\/#\/schema\/logo\/image\/"}},{"@type":"Person","@id":"https:\/\/jornalfatosenoticias.com.br\/#\/schema\/person\/d63837fa13ac8666eb9e74e0985d6f81","name":"Luzimara Fernandes","image":{"@type":"ImageObject","inLanguage":"pt-BR","@id":"https:\/\/jornalfatosenoticias.com.br\/#\/schema\/person\/image\/","url":"https:\/\/jornalfatosenoticias.com.br\/wp-content\/uploads\/2025\/05\/EU_portal.jpg","contentUrl":"https:\/\/jornalfatosenoticias.com.br\/wp-content\/uploads\/2025\/05\/EU_portal.jpg","caption":"Luzimara Fernandes"},"description":"Jornalista MTB 2358-ES","sameAs":["https:\/\/jornalfatosenoticias.com.br"],"url":"https:\/\/jornalfatosenoticias.com.br\/index.php\/author\/luzimara\/"}]}},"cc_featured_image_caption":{"caption_text":"(Foto: Rubens Barbosa)","source_text":"","source_url":""},"jetpack_featured_media_url":"https:\/\/jornalfatosenoticias.com.br\/wp-content\/uploads\/2021\/04\/exercito-C-Rubens-Barbosa.jpg","_links":{"self":[{"href":"https:\/\/jornalfatosenoticias.com.br\/index.php\/wp-json\/wp\/v2\/posts\/17542","targetHints":{"allow":["GET"]}}],"collection":[{"href":"https:\/\/jornalfatosenoticias.com.br\/index.php\/wp-json\/wp\/v2\/posts"}],"about":[{"href":"https:\/\/jornalfatosenoticias.com.br\/index.php\/wp-json\/wp\/v2\/types\/post"}],"author":[{"embeddable":true,"href":"https:\/\/jornalfatosenoticias.com.br\/index.php\/wp-json\/wp\/v2\/users\/2"}],"replies":[{"embeddable":true,"href":"https:\/\/jornalfatosenoticias.com.br\/index.php\/wp-json\/wp\/v2\/comments?post=17542"}],"version-history":[{"count":0,"href":"https:\/\/jornalfatosenoticias.com.br\/index.php\/wp-json\/wp\/v2\/posts\/17542\/revisions"}],"wp:featuredmedia":[{"embeddable":true,"href":"https:\/\/jornalfatosenoticias.com.br\/index.php\/wp-json\/wp\/v2\/media\/17543"}],"wp:attachment":[{"href":"https:\/\/jornalfatosenoticias.com.br\/index.php\/wp-json\/wp\/v2\/media?parent=17542"}],"wp:term":[{"taxonomy":"category","embeddable":true,"href":"https:\/\/jornalfatosenoticias.com.br\/index.php\/wp-json\/wp\/v2\/categories?post=17542"},{"taxonomy":"post_tag","embeddable":true,"href":"https:\/\/jornalfatosenoticias.com.br\/index.php\/wp-json\/wp\/v2\/tags?post=17542"}],"curies":[{"name":"wp","href":"https:\/\/api.w.org\/{rel}","templated":true}]}}