{"id":17571,"date":"2021-04-28T14:27:15","date_gmt":"2021-04-28T17:27:15","guid":{"rendered":"https:\/\/jornalfatosenoticias.com.br\/?p=17571"},"modified":"2021-04-28T14:27:17","modified_gmt":"2021-04-28T17:27:17","slug":"motorola-inaugura-no-brasil-suas-primeiras-lojas-conceito-no-mundo","status":"publish","type":"post","link":"https:\/\/jornalfatosenoticias.com.br\/index.php\/2021\/04\/28\/motorola-inaugura-no-brasil-suas-primeiras-lojas-conceito-no-mundo\/","title":{"rendered":"Motorola inaugura no Brasil suas primeiras lojas conceito no mundo"},"content":{"rendered":"\n<p>A <a href=\"https:\/\/www.tecmundo.com.br\/motorola\" target=\"_blank\" rel=\"noreferrer noopener\">Motorola<\/a>\u00a0anunciou, na \u00faltima segunda-feira (26), a inaugura\u00e7\u00e3o no Brasil das MotoStores, primeiras lojas conceito da marca no mundo. Os espa\u00e7os ter\u00e3o o portf\u00f3lio completo de smartphones, acess\u00f3rios e servi\u00e7os oferecidos pela empresa.<br>Uma das lojas fica em S\u00e3o Paulo, no Shopping Aricanduva, na Zona Leste da capital paulista. A outra est\u00e1 localizada no Norte Shopping, no bairro Cachambi, na cidade do Rio de Janeiro.<br>De acordo com a empresa, os estabelecimentos prop\u00f5em uma imers\u00e3o no universo da marca, que lan\u00e7ou recentemente a 10\u00aa gera\u00e7\u00e3o da fam\u00edlia <a href=\"https:\/\/comparador.tecmundo.com.br\/motorola-moto-g10\" target=\"_blank\" rel=\"noreferrer noopener\">Moto G10<\/a>,\u00a0<a href=\"https:\/\/comparador.tecmundo.com.br\/motorola-moto-g30\" target=\"_blank\" rel=\"noreferrer noopener\">Moto G30<\/a>\u00a0e\u00a0<a href=\"https:\/\/comparador.tecmundo.com.br\/motorola-moto-g100\" target=\"_blank\" rel=\"noreferrer noopener\">Moto G100<\/a>.<br>As lojas tamb\u00e9m t\u00eam \u00e1reas para demonstrar a plataforma <a href=\"https:\/\/www.tecmundo.com.br\/produto\/214435-motorola-lanca-moto-g9-moto-g30-moto-g50.htm\" target=\"_blank\" rel=\"noreferrer noopener\">Ready For<\/a>, que transforma telas com HDMI em extens\u00f5es do smartphone. A partir da tecnologia \u00e9 poss\u00edvel jogar, assistir filmes, s\u00e9ries e v\u00eddeos em uma tela grande.<br>Outra experi\u00eancia nova oferecida pelas MotoStores ser\u00e1 a apresenta\u00e7\u00e3o da fragr\u00e2ncia Blue Touch Tech. Criada pela empresa su\u00ed\u00e7a Firmenich, a fragr\u00e2ncia acompanha os novos produtos lan\u00e7ados pela empresa recentemente.<br>Al\u00e9m de todos os celulares, desde as linhas de entrada at\u00e9 os top de linha, os estabelecimentos oferecem servi\u00e7os como seguro para smartphones, troca de aparelhos usados por novos, coleta de lixo eletr\u00f4nico e customiza\u00e7\u00e3o (de capinhas e aplica\u00e7\u00e3o de pel\u00edculas).<br>\u201cA Motorola j\u00e1 est\u00e1 pr\u00f3xima dos consumidores com os seus diversos quiosques instalados nos principais shoppings do Brasil h\u00e1 alguns anos. A loja f\u00edsica nos permite refor\u00e7ar essa conex\u00e3o com os clientes e ir al\u00e9m. Todos os aspectos foram pensados para colocar os visitantes no centro da experi\u00eancia, assim como fazemos com nossos produtos\u201d, disse Filadelfo Costa, diretor de Vendas da Motorola.<\/p>\n\n\n\n<div class=\"wp-block-jetpack-slideshow aligncenter\" data-effect=\"slide\"><div class=\"wp-block-jetpack-slideshow_container swiper-container\"><ul class=\"wp-block-jetpack-slideshow_swiper-wrapper swiper-wrapper\"><li class=\"wp-block-jetpack-slideshow_slide swiper-slide\"><figure><img loading=\"lazy\" decoding=\"async\" width=\"1000\" height=\"723\" alt=\"\" class=\"wp-block-jetpack-slideshow_image wp-image-17572\" data-id=\"17572\" src=\"https:\/\/jornalfatosenoticias.com.br\/wp-content\/uploads\/2021\/04\/motostore.jpg\" srcset=\"https:\/\/jornalfatosenoticias.com.br\/wp-content\/uploads\/2021\/04\/motostore.jpg 1000w, https:\/\/jornalfatosenoticias.com.br\/wp-content\/uploads\/2021\/04\/motostore-300x217.jpg 300w, https:\/\/jornalfatosenoticias.com.br\/wp-content\/uploads\/2021\/04\/motostore-768x555.jpg 768w\" sizes=\"auto, (max-width: 1000px) 100vw, 1000px\" \/><figcaption class=\"wp-block-jetpack-slideshow_caption gallery-caption\">(Fotos: Ascom\/Motorola) <\/figcaption><\/figure><\/li><li class=\"wp-block-jetpack-slideshow_slide swiper-slide\"><figure><img loading=\"lazy\" decoding=\"async\" width=\"1000\" height=\"751\" alt=\"\" class=\"wp-block-jetpack-slideshow_image wp-image-17573\" data-id=\"17573\" src=\"https:\/\/jornalfatosenoticias.com.br\/wp-content\/uploads\/2021\/04\/motostore-3.jpg\" srcset=\"https:\/\/jornalfatosenoticias.com.br\/wp-content\/uploads\/2021\/04\/motostore-3.jpg 1000w, https:\/\/jornalfatosenoticias.com.br\/wp-content\/uploads\/2021\/04\/motostore-3-300x225.jpg 300w, https:\/\/jornalfatosenoticias.com.br\/wp-content\/uploads\/2021\/04\/motostore-3-768x577.jpg 768w\" sizes=\"auto, (max-width: 1000px) 100vw, 1000px\" \/><\/figure><\/li><\/ul><a class=\"wp-block-jetpack-slideshow_button-prev swiper-button-prev swiper-button-white\" role=\"button\"><\/a><a class=\"wp-block-jetpack-slideshow_button-next swiper-button-next swiper-button-white\" role=\"button\"><\/a><a aria-label=\"Pause Slideshow\" class=\"wp-block-jetpack-slideshow_button-pause\" role=\"button\"><\/a><div class=\"wp-block-jetpack-slideshow_pagination swiper-pagination swiper-pagination-white\"><\/div><\/div><\/div>\n\n\n\n<p><strong><em>Fonte: <a href=\"https:\/\/www.tecmundo.com.br\/mercado\/216312-motorola-inaugura-brasil-primeiras-lojas-conceito-no-mundo.htm\">Tecmundo<\/a><\/em><\/strong><\/p>\n","protected":false},"excerpt":{"rendered":"<p>A Motorola\u00a0anunciou, na \u00faltima segunda-feira (26), a inaugura\u00e7\u00e3o no Brasil das MotoStores, primeiras lojas conceito da marca no mundo. Os espa\u00e7os ter\u00e3o o portf\u00f3lio completo de smartphones, acess\u00f3rios e servi\u00e7os oferecidos pela empresa.Uma das lojas fica em S\u00e3o Paulo, no Shopping Aricanduva, na Zona Leste da capital paulista. A outra est\u00e1 localizada no Norte Shopping, [&hellip;]<\/p>\n","protected":false},"author":2,"featured_media":17574,"comment_status":"open","ping_status":"open","sticky":false,"template":"","format":"standard","meta":{"footnotes":""},"categories":[3],"tags":[3553,7394,4617],"class_list":["post-17571","post","type-post","status-publish","format-standard","has-post-thumbnail","hentry","category-tecnologia","tag-mercado","tag-motorola","tag-smartphone"],"yoast_head":"<!-- This site is optimized with the Yoast SEO plugin v26.5 - https:\/\/yoast.com\/wordpress\/plugins\/seo\/ -->\n<title>Motorola inaugura no Brasil suas primeiras lojas conceito no mundo - Jornal Fatos e Not\u00edcias<\/title>\n<meta name=\"robots\" content=\"index, follow, max-snippet:-1, max-image-preview:large, max-video-preview:-1\" \/>\n<link rel=\"canonical\" href=\"https:\/\/jornalfatosenoticias.com.br\/index.php\/2021\/04\/28\/motorola-inaugura-no-brasil-suas-primeiras-lojas-conceito-no-mundo\/\" \/>\n<meta property=\"og:locale\" content=\"pt_BR\" \/>\n<meta property=\"og:type\" content=\"article\" \/>\n<meta property=\"og:title\" content=\"Motorola inaugura no Brasil suas primeiras lojas conceito no mundo - Jornal Fatos e Not\u00edcias\" \/>\n<meta property=\"og:description\" content=\"A Motorola\u00a0anunciou, na \u00faltima segunda-feira (26), a inaugura\u00e7\u00e3o no Brasil das MotoStores, primeiras lojas conceito da marca no mundo. Os espa\u00e7os ter\u00e3o o portf\u00f3lio completo de smartphones, acess\u00f3rios e servi\u00e7os oferecidos pela empresa.Uma das lojas fica em S\u00e3o Paulo, no Shopping Aricanduva, na Zona Leste da capital paulista. A outra est\u00e1 localizada no Norte Shopping, [&hellip;]\" \/>\n<meta property=\"og:url\" content=\"https:\/\/jornalfatosenoticias.com.br\/index.php\/2021\/04\/28\/motorola-inaugura-no-brasil-suas-primeiras-lojas-conceito-no-mundo\/\" \/>\n<meta property=\"og:site_name\" content=\"Jornal Fatos e Not\u00edcias\" \/>\n<meta property=\"article:published_time\" content=\"2021-04-28T17:27:15+00:00\" \/>\n<meta property=\"article:modified_time\" content=\"2021-04-28T17:27:17+00:00\" \/>\n<meta property=\"og:image\" content=\"https:\/\/jornalfatosenoticias.com.br\/wp-content\/uploads\/2021\/04\/LOJA-MOTOROLA.jpg\" \/>\n\t<meta property=\"og:image:width\" content=\"1000\" \/>\n\t<meta property=\"og:image:height\" content=\"375\" \/>\n\t<meta property=\"og:image:type\" content=\"image\/jpeg\" \/>\n<meta name=\"author\" content=\"Luzimara Fernandes\" \/>\n<meta name=\"twitter:card\" content=\"summary_large_image\" \/>\n<meta name=\"twitter:label1\" content=\"Escrito por\" \/>\n\t<meta name=\"twitter:data1\" content=\"Luzimara Fernandes\" \/>\n\t<meta name=\"twitter:label2\" content=\"Est. tempo de leitura\" \/>\n\t<meta name=\"twitter:data2\" content=\"2 minutos\" \/>\n<script type=\"application\/ld+json\" class=\"yoast-schema-graph\">{\"@context\":\"https:\/\/schema.org\",\"@graph\":[{\"@type\":\"Article\",\"@id\":\"https:\/\/jornalfatosenoticias.com.br\/index.php\/2021\/04\/28\/motorola-inaugura-no-brasil-suas-primeiras-lojas-conceito-no-mundo\/#article\",\"isPartOf\":{\"@id\":\"https:\/\/jornalfatosenoticias.com.br\/index.php\/2021\/04\/28\/motorola-inaugura-no-brasil-suas-primeiras-lojas-conceito-no-mundo\/\"},\"author\":{\"name\":\"Luzimara Fernandes\",\"@id\":\"https:\/\/jornalfatosenoticias.com.br\/#\/schema\/person\/d63837fa13ac8666eb9e74e0985d6f81\"},\"headline\":\"Motorola inaugura no Brasil suas primeiras lojas conceito no mundo\",\"datePublished\":\"2021-04-28T17:27:15+00:00\",\"dateModified\":\"2021-04-28T17:27:17+00:00\",\"mainEntityOfPage\":{\"@id\":\"https:\/\/jornalfatosenoticias.com.br\/index.php\/2021\/04\/28\/motorola-inaugura-no-brasil-suas-primeiras-lojas-conceito-no-mundo\/\"},\"wordCount\":311,\"commentCount\":0,\"publisher\":{\"@id\":\"https:\/\/jornalfatosenoticias.com.br\/#organization\"},\"image\":{\"@id\":\"https:\/\/jornalfatosenoticias.com.br\/index.php\/2021\/04\/28\/motorola-inaugura-no-brasil-suas-primeiras-lojas-conceito-no-mundo\/#primaryimage\"},\"thumbnailUrl\":\"https:\/\/jornalfatosenoticias.com.br\/wp-content\/uploads\/2021\/04\/LOJA-MOTOROLA.jpg\",\"keywords\":[\"mercado\",\"Motorola\",\"smartphone\"],\"articleSection\":[\"Tecnologia &amp; Inova\u00e7\u00e3o\"],\"inLanguage\":\"pt-BR\",\"potentialAction\":[{\"@type\":\"CommentAction\",\"name\":\"Comment\",\"target\":[\"https:\/\/jornalfatosenoticias.com.br\/index.php\/2021\/04\/28\/motorola-inaugura-no-brasil-suas-primeiras-lojas-conceito-no-mundo\/#respond\"]}]},{\"@type\":\"WebPage\",\"@id\":\"https:\/\/jornalfatosenoticias.com.br\/index.php\/2021\/04\/28\/motorola-inaugura-no-brasil-suas-primeiras-lojas-conceito-no-mundo\/\",\"url\":\"https:\/\/jornalfatosenoticias.com.br\/index.php\/2021\/04\/28\/motorola-inaugura-no-brasil-suas-primeiras-lojas-conceito-no-mundo\/\",\"name\":\"Motorola inaugura no Brasil suas primeiras lojas conceito no mundo - Jornal Fatos e Not\u00edcias\",\"isPartOf\":{\"@id\":\"https:\/\/jornalfatosenoticias.com.br\/#website\"},\"primaryImageOfPage\":{\"@id\":\"https:\/\/jornalfatosenoticias.com.br\/index.php\/2021\/04\/28\/motorola-inaugura-no-brasil-suas-primeiras-lojas-conceito-no-mundo\/#primaryimage\"},\"image\":{\"@id\":\"https:\/\/jornalfatosenoticias.com.br\/index.php\/2021\/04\/28\/motorola-inaugura-no-brasil-suas-primeiras-lojas-conceito-no-mundo\/#primaryimage\"},\"thumbnailUrl\":\"https:\/\/jornalfatosenoticias.com.br\/wp-content\/uploads\/2021\/04\/LOJA-MOTOROLA.jpg\",\"datePublished\":\"2021-04-28T17:27:15+00:00\",\"dateModified\":\"2021-04-28T17:27:17+00:00\",\"breadcrumb\":{\"@id\":\"https:\/\/jornalfatosenoticias.com.br\/index.php\/2021\/04\/28\/motorola-inaugura-no-brasil-suas-primeiras-lojas-conceito-no-mundo\/#breadcrumb\"},\"inLanguage\":\"pt-BR\",\"potentialAction\":[{\"@type\":\"ReadAction\",\"target\":[\"https:\/\/jornalfatosenoticias.com.br\/index.php\/2021\/04\/28\/motorola-inaugura-no-brasil-suas-primeiras-lojas-conceito-no-mundo\/\"]}]},{\"@type\":\"ImageObject\",\"inLanguage\":\"pt-BR\",\"@id\":\"https:\/\/jornalfatosenoticias.com.br\/index.php\/2021\/04\/28\/motorola-inaugura-no-brasil-suas-primeiras-lojas-conceito-no-mundo\/#primaryimage\",\"url\":\"https:\/\/jornalfatosenoticias.com.br\/wp-content\/uploads\/2021\/04\/LOJA-MOTOROLA.jpg\",\"contentUrl\":\"https:\/\/jornalfatosenoticias.com.br\/wp-content\/uploads\/2021\/04\/LOJA-MOTOROLA.jpg\",\"width\":1000,\"height\":375},{\"@type\":\"BreadcrumbList\",\"@id\":\"https:\/\/jornalfatosenoticias.com.br\/index.php\/2021\/04\/28\/motorola-inaugura-no-brasil-suas-primeiras-lojas-conceito-no-mundo\/#breadcrumb\",\"itemListElement\":[{\"@type\":\"ListItem\",\"position\":1,\"name\":\"In\u00edcio\",\"item\":\"https:\/\/jornalfatosenoticias.com.br\/\"},{\"@type\":\"ListItem\",\"position\":2,\"name\":\"Motorola inaugura no Brasil suas primeiras lojas conceito no mundo\"}]},{\"@type\":\"WebSite\",\"@id\":\"https:\/\/jornalfatosenoticias.com.br\/#website\",\"url\":\"https:\/\/jornalfatosenoticias.com.br\/\",\"name\":\"Jornal Fatos e Not\u00edcias\",\"description\":\"Not\u00edcias em geral\",\"publisher\":{\"@id\":\"https:\/\/jornalfatosenoticias.com.br\/#organization\"},\"potentialAction\":[{\"@type\":\"SearchAction\",\"target\":{\"@type\":\"EntryPoint\",\"urlTemplate\":\"https:\/\/jornalfatosenoticias.com.br\/?s={search_term_string}\"},\"query-input\":{\"@type\":\"PropertyValueSpecification\",\"valueRequired\":true,\"valueName\":\"search_term_string\"}}],\"inLanguage\":\"pt-BR\"},{\"@type\":\"Organization\",\"@id\":\"https:\/\/jornalfatosenoticias.com.br\/#organization\",\"name\":\"Jornal Fatos e Not\u00edcias\",\"url\":\"https:\/\/jornalfatosenoticias.com.br\/\",\"logo\":{\"@type\":\"ImageObject\",\"inLanguage\":\"pt-BR\",\"@id\":\"https:\/\/jornalfatosenoticias.com.br\/#\/schema\/logo\/image\/\",\"url\":\"https:\/\/jornalfatosenoticias.com.br\/wp-content\/uploads\/2020\/02\/logo120.png\",\"contentUrl\":\"https:\/\/jornalfatosenoticias.com.br\/wp-content\/uploads\/2020\/02\/logo120.png\",\"width\":1227,\"height\":120,\"caption\":\"Jornal Fatos e Not\u00edcias\"},\"image\":{\"@id\":\"https:\/\/jornalfatosenoticias.com.br\/#\/schema\/logo\/image\/\"}},{\"@type\":\"Person\",\"@id\":\"https:\/\/jornalfatosenoticias.com.br\/#\/schema\/person\/d63837fa13ac8666eb9e74e0985d6f81\",\"name\":\"Luzimara Fernandes\",\"image\":{\"@type\":\"ImageObject\",\"inLanguage\":\"pt-BR\",\"@id\":\"https:\/\/jornalfatosenoticias.com.br\/#\/schema\/person\/image\/\",\"url\":\"https:\/\/jornalfatosenoticias.com.br\/wp-content\/uploads\/2025\/05\/EU_portal.jpg\",\"contentUrl\":\"https:\/\/jornalfatosenoticias.com.br\/wp-content\/uploads\/2025\/05\/EU_portal.jpg\",\"caption\":\"Luzimara Fernandes\"},\"description\":\"Jornalista MTB 2358-ES\",\"sameAs\":[\"https:\/\/jornalfatosenoticias.com.br\"],\"url\":\"https:\/\/jornalfatosenoticias.com.br\/index.php\/author\/luzimara\/\"}]}<\/script>\n<!-- \/ Yoast SEO plugin. -->","yoast_head_json":{"title":"Motorola inaugura no Brasil suas primeiras lojas conceito no mundo - Jornal Fatos e Not\u00edcias","robots":{"index":"index","follow":"follow","max-snippet":"max-snippet:-1","max-image-preview":"max-image-preview:large","max-video-preview":"max-video-preview:-1"},"canonical":"https:\/\/jornalfatosenoticias.com.br\/index.php\/2021\/04\/28\/motorola-inaugura-no-brasil-suas-primeiras-lojas-conceito-no-mundo\/","og_locale":"pt_BR","og_type":"article","og_title":"Motorola inaugura no Brasil suas primeiras lojas conceito no mundo - Jornal Fatos e Not\u00edcias","og_description":"A Motorola\u00a0anunciou, na \u00faltima segunda-feira (26), a inaugura\u00e7\u00e3o no Brasil das MotoStores, primeiras lojas conceito da marca no mundo. Os espa\u00e7os ter\u00e3o o portf\u00f3lio completo de smartphones, acess\u00f3rios e servi\u00e7os oferecidos pela empresa.Uma das lojas fica em S\u00e3o Paulo, no Shopping Aricanduva, na Zona Leste da capital paulista. A outra est\u00e1 localizada no Norte Shopping, [&hellip;]","og_url":"https:\/\/jornalfatosenoticias.com.br\/index.php\/2021\/04\/28\/motorola-inaugura-no-brasil-suas-primeiras-lojas-conceito-no-mundo\/","og_site_name":"Jornal Fatos e Not\u00edcias","article_published_time":"2021-04-28T17:27:15+00:00","article_modified_time":"2021-04-28T17:27:17+00:00","og_image":[{"width":1000,"height":375,"url":"https:\/\/jornalfatosenoticias.com.br\/wp-content\/uploads\/2021\/04\/LOJA-MOTOROLA.jpg","type":"image\/jpeg"}],"author":"Luzimara Fernandes","twitter_card":"summary_large_image","twitter_misc":{"Escrito por":"Luzimara Fernandes","Est. tempo de leitura":"2 minutos"},"schema":{"@context":"https:\/\/schema.org","@graph":[{"@type":"Article","@id":"https:\/\/jornalfatosenoticias.com.br\/index.php\/2021\/04\/28\/motorola-inaugura-no-brasil-suas-primeiras-lojas-conceito-no-mundo\/#article","isPartOf":{"@id":"https:\/\/jornalfatosenoticias.com.br\/index.php\/2021\/04\/28\/motorola-inaugura-no-brasil-suas-primeiras-lojas-conceito-no-mundo\/"},"author":{"name":"Luzimara Fernandes","@id":"https:\/\/jornalfatosenoticias.com.br\/#\/schema\/person\/d63837fa13ac8666eb9e74e0985d6f81"},"headline":"Motorola inaugura no Brasil suas primeiras lojas conceito no mundo","datePublished":"2021-04-28T17:27:15+00:00","dateModified":"2021-04-28T17:27:17+00:00","mainEntityOfPage":{"@id":"https:\/\/jornalfatosenoticias.com.br\/index.php\/2021\/04\/28\/motorola-inaugura-no-brasil-suas-primeiras-lojas-conceito-no-mundo\/"},"wordCount":311,"commentCount":0,"publisher":{"@id":"https:\/\/jornalfatosenoticias.com.br\/#organization"},"image":{"@id":"https:\/\/jornalfatosenoticias.com.br\/index.php\/2021\/04\/28\/motorola-inaugura-no-brasil-suas-primeiras-lojas-conceito-no-mundo\/#primaryimage"},"thumbnailUrl":"https:\/\/jornalfatosenoticias.com.br\/wp-content\/uploads\/2021\/04\/LOJA-MOTOROLA.jpg","keywords":["mercado","Motorola","smartphone"],"articleSection":["Tecnologia &amp; Inova\u00e7\u00e3o"],"inLanguage":"pt-BR","potentialAction":[{"@type":"CommentAction","name":"Comment","target":["https:\/\/jornalfatosenoticias.com.br\/index.php\/2021\/04\/28\/motorola-inaugura-no-brasil-suas-primeiras-lojas-conceito-no-mundo\/#respond"]}]},{"@type":"WebPage","@id":"https:\/\/jornalfatosenoticias.com.br\/index.php\/2021\/04\/28\/motorola-inaugura-no-brasil-suas-primeiras-lojas-conceito-no-mundo\/","url":"https:\/\/jornalfatosenoticias.com.br\/index.php\/2021\/04\/28\/motorola-inaugura-no-brasil-suas-primeiras-lojas-conceito-no-mundo\/","name":"Motorola inaugura no Brasil suas primeiras lojas conceito no mundo - Jornal Fatos e Not\u00edcias","isPartOf":{"@id":"https:\/\/jornalfatosenoticias.com.br\/#website"},"primaryImageOfPage":{"@id":"https:\/\/jornalfatosenoticias.com.br\/index.php\/2021\/04\/28\/motorola-inaugura-no-brasil-suas-primeiras-lojas-conceito-no-mundo\/#primaryimage"},"image":{"@id":"https:\/\/jornalfatosenoticias.com.br\/index.php\/2021\/04\/28\/motorola-inaugura-no-brasil-suas-primeiras-lojas-conceito-no-mundo\/#primaryimage"},"thumbnailUrl":"https:\/\/jornalfatosenoticias.com.br\/wp-content\/uploads\/2021\/04\/LOJA-MOTOROLA.jpg","datePublished":"2021-04-28T17:27:15+00:00","dateModified":"2021-04-28T17:27:17+00:00","breadcrumb":{"@id":"https:\/\/jornalfatosenoticias.com.br\/index.php\/2021\/04\/28\/motorola-inaugura-no-brasil-suas-primeiras-lojas-conceito-no-mundo\/#breadcrumb"},"inLanguage":"pt-BR","potentialAction":[{"@type":"ReadAction","target":["https:\/\/jornalfatosenoticias.com.br\/index.php\/2021\/04\/28\/motorola-inaugura-no-brasil-suas-primeiras-lojas-conceito-no-mundo\/"]}]},{"@type":"ImageObject","inLanguage":"pt-BR","@id":"https:\/\/jornalfatosenoticias.com.br\/index.php\/2021\/04\/28\/motorola-inaugura-no-brasil-suas-primeiras-lojas-conceito-no-mundo\/#primaryimage","url":"https:\/\/jornalfatosenoticias.com.br\/wp-content\/uploads\/2021\/04\/LOJA-MOTOROLA.jpg","contentUrl":"https:\/\/jornalfatosenoticias.com.br\/wp-content\/uploads\/2021\/04\/LOJA-MOTOROLA.jpg","width":1000,"height":375},{"@type":"BreadcrumbList","@id":"https:\/\/jornalfatosenoticias.com.br\/index.php\/2021\/04\/28\/motorola-inaugura-no-brasil-suas-primeiras-lojas-conceito-no-mundo\/#breadcrumb","itemListElement":[{"@type":"ListItem","position":1,"name":"In\u00edcio","item":"https:\/\/jornalfatosenoticias.com.br\/"},{"@type":"ListItem","position":2,"name":"Motorola inaugura no Brasil suas primeiras lojas conceito no mundo"}]},{"@type":"WebSite","@id":"https:\/\/jornalfatosenoticias.com.br\/#website","url":"https:\/\/jornalfatosenoticias.com.br\/","name":"Jornal Fatos e Not\u00edcias","description":"Not\u00edcias em geral","publisher":{"@id":"https:\/\/jornalfatosenoticias.com.br\/#organization"},"potentialAction":[{"@type":"SearchAction","target":{"@type":"EntryPoint","urlTemplate":"https:\/\/jornalfatosenoticias.com.br\/?s={search_term_string}"},"query-input":{"@type":"PropertyValueSpecification","valueRequired":true,"valueName":"search_term_string"}}],"inLanguage":"pt-BR"},{"@type":"Organization","@id":"https:\/\/jornalfatosenoticias.com.br\/#organization","name":"Jornal Fatos e Not\u00edcias","url":"https:\/\/jornalfatosenoticias.com.br\/","logo":{"@type":"ImageObject","inLanguage":"pt-BR","@id":"https:\/\/jornalfatosenoticias.com.br\/#\/schema\/logo\/image\/","url":"https:\/\/jornalfatosenoticias.com.br\/wp-content\/uploads\/2020\/02\/logo120.png","contentUrl":"https:\/\/jornalfatosenoticias.com.br\/wp-content\/uploads\/2020\/02\/logo120.png","width":1227,"height":120,"caption":"Jornal Fatos e Not\u00edcias"},"image":{"@id":"https:\/\/jornalfatosenoticias.com.br\/#\/schema\/logo\/image\/"}},{"@type":"Person","@id":"https:\/\/jornalfatosenoticias.com.br\/#\/schema\/person\/d63837fa13ac8666eb9e74e0985d6f81","name":"Luzimara Fernandes","image":{"@type":"ImageObject","inLanguage":"pt-BR","@id":"https:\/\/jornalfatosenoticias.com.br\/#\/schema\/person\/image\/","url":"https:\/\/jornalfatosenoticias.com.br\/wp-content\/uploads\/2025\/05\/EU_portal.jpg","contentUrl":"https:\/\/jornalfatosenoticias.com.br\/wp-content\/uploads\/2025\/05\/EU_portal.jpg","caption":"Luzimara Fernandes"},"description":"Jornalista MTB 2358-ES","sameAs":["https:\/\/jornalfatosenoticias.com.br"],"url":"https:\/\/jornalfatosenoticias.com.br\/index.php\/author\/luzimara\/"}]}},"cc_featured_image_caption":{"caption_text":"(Foto: Ascom\/Motorola) ","source_text":"","source_url":""},"jetpack_featured_media_url":"https:\/\/jornalfatosenoticias.com.br\/wp-content\/uploads\/2021\/04\/LOJA-MOTOROLA.jpg","_links":{"self":[{"href":"https:\/\/jornalfatosenoticias.com.br\/index.php\/wp-json\/wp\/v2\/posts\/17571","targetHints":{"allow":["GET"]}}],"collection":[{"href":"https:\/\/jornalfatosenoticias.com.br\/index.php\/wp-json\/wp\/v2\/posts"}],"about":[{"href":"https:\/\/jornalfatosenoticias.com.br\/index.php\/wp-json\/wp\/v2\/types\/post"}],"author":[{"embeddable":true,"href":"https:\/\/jornalfatosenoticias.com.br\/index.php\/wp-json\/wp\/v2\/users\/2"}],"replies":[{"embeddable":true,"href":"https:\/\/jornalfatosenoticias.com.br\/index.php\/wp-json\/wp\/v2\/comments?post=17571"}],"version-history":[{"count":0,"href":"https:\/\/jornalfatosenoticias.com.br\/index.php\/wp-json\/wp\/v2\/posts\/17571\/revisions"}],"wp:featuredmedia":[{"embeddable":true,"href":"https:\/\/jornalfatosenoticias.com.br\/index.php\/wp-json\/wp\/v2\/media\/17574"}],"wp:attachment":[{"href":"https:\/\/jornalfatosenoticias.com.br\/index.php\/wp-json\/wp\/v2\/media?parent=17571"}],"wp:term":[{"taxonomy":"category","embeddable":true,"href":"https:\/\/jornalfatosenoticias.com.br\/index.php\/wp-json\/wp\/v2\/categories?post=17571"},{"taxonomy":"post_tag","embeddable":true,"href":"https:\/\/jornalfatosenoticias.com.br\/index.php\/wp-json\/wp\/v2\/tags?post=17571"}],"curies":[{"name":"wp","href":"https:\/\/api.w.org\/{rel}","templated":true}]}}