{"id":17664,"date":"2021-04-30T18:13:53","date_gmt":"2021-04-30T21:13:53","guid":{"rendered":"https:\/\/jornalfatosenoticias.com.br\/?p=17664"},"modified":"2021-04-30T18:13:54","modified_gmt":"2021-04-30T21:13:54","slug":"apos-cobranca-de-rose-de-freitas-agricultores-nao-serao-prejudicados","status":"publish","type":"post","link":"https:\/\/jornalfatosenoticias.com.br\/index.php\/2021\/04\/30\/apos-cobranca-de-rose-de-freitas-agricultores-nao-serao-prejudicados\/","title":{"rendered":"Ap\u00f3s cobran\u00e7a de Rose de Freitas, agricultores n\u00e3o ser\u00e3o prejudicados"},"content":{"rendered":"\n<p><em>Desde 2015 pequenos agricultores encontram dificuldades em honrar pagamentos relacionados ao cr\u00e9dito rural adquirido junto ao Banco do Brasil<\/em><\/p>\n\n\n\n<p>Ap\u00f3s cobran\u00e7a da senadora Rose de Freitas (MDB-ES) no in\u00edcio de abril, representantes do Banco do Brasil (BB) no Esp\u00edrito Santo se reuniram esta semana com prefeituras e agricultores de munic\u00edpios atingidos pelas fortes chuvas de granizo e vendaval. O BB informou \u00e0 assessoria da senadora que os preju\u00edzos sofridos por conta das lavouras destru\u00eddas ser\u00e3o 100% cobertos por seguro do Programa Nacional de Fortalecimento da Agricultura Familiar (Pronaf), e o produtor n\u00e3o ter\u00e1 restri\u00e7\u00e3o de cr\u00e9dito junto ao banco.<br>Desde 2015, pequenos agricultores encontram dificuldades em honrar pagamentos relacionados ao cr\u00e9dito rural adquirido junto ao BB. Ao todo, 13 cidades foram fortemente atingidas por tempestades ao longo desse per\u00edodo: Alegre, Cariacica, Cachoeiro de Itapemirim, Gua\u00e7u\u00ed, Jer\u00f4nimo Monteiro, Marechal Floriano, Mimoso do Sul, S\u00e3o Domingos do Norte, S\u00e3o Gabriel da Palha, S\u00e3o Jos\u00e9 do Cal\u00e7ado, Vargem Alta, Viana e Vila Val\u00e9rio.<\/p>\n\n\n\n<p><strong><span class=\"has-inline-color has-black-color\">Hist\u00f3rico e dificuldades<br><\/span><\/strong>De acordo com agricultores capixabas, por conta das dificuldades sofridas desde 2015 e diante da falta de recursos para honrar os pagamentos do cr\u00e9dito rural, muitos produtores acabam vendendo suas propriedades. Um dos entraves \u00e9 a margem reduzida para renova\u00e7\u00e3o dos contratos do cr\u00e9dito rural, o que obriga agricultores a vender parte de suas posses. Eles se queixam que os custos est\u00e3o elevados, as safras seguintes \u00e0 crise h\u00eddrica tiveram perdas por causa da temperatura e os pre\u00e7os n\u00e3o tiveram aumento significativo.<\/p>\n\n\n\n<p><span class=\"has-inline-color has-black-color\"><strong>Cobran\u00e7a<br><\/strong><\/span>Diante da situa\u00e7\u00e3o, no encontro remoto com a superintend\u00eancia do BB no Esp\u00edrito Santo no dia 6 de abril, a senadora Rose cobrou agilidade na busca de solu\u00e7\u00f5es e exp\u00f4s o sofrimento vivido pelos agricultores familiares.<\/p>\n\n\n\n<blockquote class=\"wp-block-quote is-layout-flow wp-block-quote-is-layout-flow\"><p>\u201cAs pessoas perderam a lavoura e n\u00e3o t\u00eam como pagar. \u00c9 desesperador ver as pessoas que produzem no Pa\u00eds nesta situa\u00e7\u00e3o. A sa\u00edda do Brasil est\u00e1 na agricultura\u201d, afirmou.<\/p><\/blockquote>\n\n\n\n<p>Rose apontou ainda que \u201ca inadimpl\u00eancia do homem do campo n\u00e3o acontece por displic\u00eancia ou v\u00edcio moral para fazer d\u00edvida\u201d, e que \u201cnessas \u00faltimas semanas eles v\u00eam sofrendo muito com chuva e granizo\u201d. Diante desse cen\u00e1rio, a senadora prop\u00f4s que o BB analisasse as d\u00edvidas para solucionar o problema dos agricultores familiares.<br>\u201cEstamos falando do pequeno produtor familiar que nos alimenta e, por causa de uma pol\u00edtica de falta de di\u00e1logo, fica \u00e0 margem do processo, como se nada estivesse fazendo pelo Brasil. O Banco do Brasil tem de ter uma pol\u00edtica voltada para isso\u201d, cobrou.<\/p>\n\n\n\n<p><span class=\"has-inline-color has-black-color\"><strong>Solu\u00e7\u00e3o<br><\/strong><\/span>Imediatamente, o superintendente do BB no Estado, Sinvaldo Vieira, garantiu \u00e0 senadora que tomaria as provid\u00eancias em reuni\u00e3o com as lideran\u00e7as locais para resolver o problema.<\/p>\n\n\n\n<blockquote class=\"wp-block-quote is-layout-flow wp-block-quote-is-layout-flow\"><p>\u201cA senhora [senadora] tem toda a raz\u00e3o, o produtor tem de se preocupar em produzir e n\u00e3o pode ficar em filas de bancos. A gente vai providenciar reuni\u00e3o com as lideran\u00e7as locais, com as cooperativas, para encontrarmos uma solu\u00e7\u00e3o\u201d, assegurou.<\/p><\/blockquote>\n\n\n\n<p>J\u00e1 o gerente de mercado do agroneg\u00f3cio do BB no ES, Gustavo Silveira, ressaltou a necessidade de \u201ctrazer atitudes concretas\u201d para resolver o impasse com os produtores. \u201cVou entrar em contato com as prefeituras, os agricultores, as cooperativas, para buscarmos um entendimento\u201d, disse.<\/p>\n","protected":false},"excerpt":{"rendered":"<p>Desde 2015 pequenos agricultores encontram dificuldades em honrar pagamentos relacionados ao cr\u00e9dito rural adquirido junto ao Banco do Brasil Ap\u00f3s cobran\u00e7a da senadora Rose de Freitas (MDB-ES) no in\u00edcio de abril, representantes do Banco do Brasil (BB) no Esp\u00edrito Santo se reuniram esta semana com prefeituras e agricultores de munic\u00edpios atingidos pelas fortes chuvas de [&hellip;]<\/p>\n","protected":false},"author":2,"featured_media":17665,"comment_status":"open","ping_status":"open","sticky":false,"template":"","format":"standard","meta":{"footnotes":""},"categories":[10],"tags":[4002,601,8774,8772,8709,6923],"class_list":["post-17664","post","type-post","status-publish","format-standard","has-post-thumbnail","hentry","category-politica","tag-agricultores","tag-banco-do-brasil","tag-credito-rural","tag-produtores-rurais","tag-pronaf","tag-rose-de-freitas"],"yoast_head":"<!-- This site is optimized with the Yoast SEO plugin v26.5 - https:\/\/yoast.com\/wordpress\/plugins\/seo\/ -->\n<title>Ap\u00f3s cobran\u00e7a de Rose de Freitas, agricultores n\u00e3o ser\u00e3o prejudicados - Jornal Fatos e Not\u00edcias<\/title>\n<meta name=\"robots\" content=\"index, follow, max-snippet:-1, max-image-preview:large, max-video-preview:-1\" \/>\n<link rel=\"canonical\" href=\"https:\/\/jornalfatosenoticias.com.br\/index.php\/2021\/04\/30\/apos-cobranca-de-rose-de-freitas-agricultores-nao-serao-prejudicados\/\" \/>\n<meta property=\"og:locale\" content=\"pt_BR\" \/>\n<meta property=\"og:type\" content=\"article\" \/>\n<meta property=\"og:title\" content=\"Ap\u00f3s cobran\u00e7a de Rose de Freitas, agricultores n\u00e3o ser\u00e3o prejudicados - Jornal Fatos e Not\u00edcias\" \/>\n<meta property=\"og:description\" content=\"Desde 2015 pequenos agricultores encontram dificuldades em honrar pagamentos relacionados ao cr\u00e9dito rural adquirido junto ao Banco do Brasil Ap\u00f3s cobran\u00e7a da senadora Rose de Freitas (MDB-ES) no in\u00edcio de abril, representantes do Banco do Brasil (BB) no Esp\u00edrito Santo se reuniram esta semana com prefeituras e agricultores de munic\u00edpios atingidos pelas fortes chuvas de [&hellip;]\" \/>\n<meta property=\"og:url\" content=\"https:\/\/jornalfatosenoticias.com.br\/index.php\/2021\/04\/30\/apos-cobranca-de-rose-de-freitas-agricultores-nao-serao-prejudicados\/\" \/>\n<meta property=\"og:site_name\" content=\"Jornal Fatos e Not\u00edcias\" \/>\n<meta property=\"article:published_time\" content=\"2021-04-30T21:13:53+00:00\" \/>\n<meta property=\"article:modified_time\" content=\"2021-04-30T21:13:54+00:00\" \/>\n<meta property=\"og:image\" content=\"https:\/\/jornalfatosenoticias.com.br\/wp-content\/uploads\/2021\/04\/Produtor-rural.jpg\" \/>\n\t<meta property=\"og:image:width\" content=\"1000\" \/>\n\t<meta property=\"og:image:height\" content=\"562\" \/>\n\t<meta property=\"og:image:type\" content=\"image\/jpeg\" \/>\n<meta name=\"author\" content=\"Luzimara Fernandes\" \/>\n<meta name=\"twitter:card\" content=\"summary_large_image\" \/>\n<meta name=\"twitter:label1\" content=\"Escrito por\" \/>\n\t<meta name=\"twitter:data1\" content=\"Luzimara Fernandes\" \/>\n\t<meta name=\"twitter:label2\" content=\"Est. tempo de leitura\" \/>\n\t<meta name=\"twitter:data2\" content=\"3 minutos\" \/>\n<script type=\"application\/ld+json\" class=\"yoast-schema-graph\">{\"@context\":\"https:\/\/schema.org\",\"@graph\":[{\"@type\":\"Article\",\"@id\":\"https:\/\/jornalfatosenoticias.com.br\/index.php\/2021\/04\/30\/apos-cobranca-de-rose-de-freitas-agricultores-nao-serao-prejudicados\/#article\",\"isPartOf\":{\"@id\":\"https:\/\/jornalfatosenoticias.com.br\/index.php\/2021\/04\/30\/apos-cobranca-de-rose-de-freitas-agricultores-nao-serao-prejudicados\/\"},\"author\":{\"name\":\"Luzimara Fernandes\",\"@id\":\"https:\/\/jornalfatosenoticias.com.br\/#\/schema\/person\/d63837fa13ac8666eb9e74e0985d6f81\"},\"headline\":\"Ap\u00f3s cobran\u00e7a de Rose de Freitas, agricultores n\u00e3o ser\u00e3o prejudicados\",\"datePublished\":\"2021-04-30T21:13:53+00:00\",\"dateModified\":\"2021-04-30T21:13:54+00:00\",\"mainEntityOfPage\":{\"@id\":\"https:\/\/jornalfatosenoticias.com.br\/index.php\/2021\/04\/30\/apos-cobranca-de-rose-de-freitas-agricultores-nao-serao-prejudicados\/\"},\"wordCount\":581,\"commentCount\":0,\"publisher\":{\"@id\":\"https:\/\/jornalfatosenoticias.com.br\/#organization\"},\"image\":{\"@id\":\"https:\/\/jornalfatosenoticias.com.br\/index.php\/2021\/04\/30\/apos-cobranca-de-rose-de-freitas-agricultores-nao-serao-prejudicados\/#primaryimage\"},\"thumbnailUrl\":\"https:\/\/jornalfatosenoticias.com.br\/wp-content\/uploads\/2021\/04\/Produtor-rural.jpg\",\"keywords\":[\"agricultores\",\"Banco do Brasil\",\"cr\u00e9dito rural\",\"produtores rurais\",\"Pronaf\",\"Rose de Freitas\"],\"articleSection\":[\"Pol\u00edtica\"],\"inLanguage\":\"pt-BR\",\"potentialAction\":[{\"@type\":\"CommentAction\",\"name\":\"Comment\",\"target\":[\"https:\/\/jornalfatosenoticias.com.br\/index.php\/2021\/04\/30\/apos-cobranca-de-rose-de-freitas-agricultores-nao-serao-prejudicados\/#respond\"]}]},{\"@type\":\"WebPage\",\"@id\":\"https:\/\/jornalfatosenoticias.com.br\/index.php\/2021\/04\/30\/apos-cobranca-de-rose-de-freitas-agricultores-nao-serao-prejudicados\/\",\"url\":\"https:\/\/jornalfatosenoticias.com.br\/index.php\/2021\/04\/30\/apos-cobranca-de-rose-de-freitas-agricultores-nao-serao-prejudicados\/\",\"name\":\"Ap\u00f3s cobran\u00e7a de Rose de Freitas, agricultores n\u00e3o ser\u00e3o prejudicados - Jornal Fatos e Not\u00edcias\",\"isPartOf\":{\"@id\":\"https:\/\/jornalfatosenoticias.com.br\/#website\"},\"primaryImageOfPage\":{\"@id\":\"https:\/\/jornalfatosenoticias.com.br\/index.php\/2021\/04\/30\/apos-cobranca-de-rose-de-freitas-agricultores-nao-serao-prejudicados\/#primaryimage\"},\"image\":{\"@id\":\"https:\/\/jornalfatosenoticias.com.br\/index.php\/2021\/04\/30\/apos-cobranca-de-rose-de-freitas-agricultores-nao-serao-prejudicados\/#primaryimage\"},\"thumbnailUrl\":\"https:\/\/jornalfatosenoticias.com.br\/wp-content\/uploads\/2021\/04\/Produtor-rural.jpg\",\"datePublished\":\"2021-04-30T21:13:53+00:00\",\"dateModified\":\"2021-04-30T21:13:54+00:00\",\"breadcrumb\":{\"@id\":\"https:\/\/jornalfatosenoticias.com.br\/index.php\/2021\/04\/30\/apos-cobranca-de-rose-de-freitas-agricultores-nao-serao-prejudicados\/#breadcrumb\"},\"inLanguage\":\"pt-BR\",\"potentialAction\":[{\"@type\":\"ReadAction\",\"target\":[\"https:\/\/jornalfatosenoticias.com.br\/index.php\/2021\/04\/30\/apos-cobranca-de-rose-de-freitas-agricultores-nao-serao-prejudicados\/\"]}]},{\"@type\":\"ImageObject\",\"inLanguage\":\"pt-BR\",\"@id\":\"https:\/\/jornalfatosenoticias.com.br\/index.php\/2021\/04\/30\/apos-cobranca-de-rose-de-freitas-agricultores-nao-serao-prejudicados\/#primaryimage\",\"url\":\"https:\/\/jornalfatosenoticias.com.br\/wp-content\/uploads\/2021\/04\/Produtor-rural.jpg\",\"contentUrl\":\"https:\/\/jornalfatosenoticias.com.br\/wp-content\/uploads\/2021\/04\/Produtor-rural.jpg\",\"width\":1000,\"height\":562},{\"@type\":\"BreadcrumbList\",\"@id\":\"https:\/\/jornalfatosenoticias.com.br\/index.php\/2021\/04\/30\/apos-cobranca-de-rose-de-freitas-agricultores-nao-serao-prejudicados\/#breadcrumb\",\"itemListElement\":[{\"@type\":\"ListItem\",\"position\":1,\"name\":\"In\u00edcio\",\"item\":\"https:\/\/jornalfatosenoticias.com.br\/\"},{\"@type\":\"ListItem\",\"position\":2,\"name\":\"Ap\u00f3s cobran\u00e7a de Rose de Freitas, agricultores n\u00e3o ser\u00e3o prejudicados\"}]},{\"@type\":\"WebSite\",\"@id\":\"https:\/\/jornalfatosenoticias.com.br\/#website\",\"url\":\"https:\/\/jornalfatosenoticias.com.br\/\",\"name\":\"Jornal Fatos e Not\u00edcias\",\"description\":\"Not\u00edcias em geral\",\"publisher\":{\"@id\":\"https:\/\/jornalfatosenoticias.com.br\/#organization\"},\"potentialAction\":[{\"@type\":\"SearchAction\",\"target\":{\"@type\":\"EntryPoint\",\"urlTemplate\":\"https:\/\/jornalfatosenoticias.com.br\/?s={search_term_string}\"},\"query-input\":{\"@type\":\"PropertyValueSpecification\",\"valueRequired\":true,\"valueName\":\"search_term_string\"}}],\"inLanguage\":\"pt-BR\"},{\"@type\":\"Organization\",\"@id\":\"https:\/\/jornalfatosenoticias.com.br\/#organization\",\"name\":\"Jornal Fatos e Not\u00edcias\",\"url\":\"https:\/\/jornalfatosenoticias.com.br\/\",\"logo\":{\"@type\":\"ImageObject\",\"inLanguage\":\"pt-BR\",\"@id\":\"https:\/\/jornalfatosenoticias.com.br\/#\/schema\/logo\/image\/\",\"url\":\"https:\/\/jornalfatosenoticias.com.br\/wp-content\/uploads\/2020\/02\/logo120.png\",\"contentUrl\":\"https:\/\/jornalfatosenoticias.com.br\/wp-content\/uploads\/2020\/02\/logo120.png\",\"width\":1227,\"height\":120,\"caption\":\"Jornal Fatos e Not\u00edcias\"},\"image\":{\"@id\":\"https:\/\/jornalfatosenoticias.com.br\/#\/schema\/logo\/image\/\"}},{\"@type\":\"Person\",\"@id\":\"https:\/\/jornalfatosenoticias.com.br\/#\/schema\/person\/d63837fa13ac8666eb9e74e0985d6f81\",\"name\":\"Luzimara Fernandes\",\"image\":{\"@type\":\"ImageObject\",\"inLanguage\":\"pt-BR\",\"@id\":\"https:\/\/jornalfatosenoticias.com.br\/#\/schema\/person\/image\/\",\"url\":\"https:\/\/jornalfatosenoticias.com.br\/wp-content\/uploads\/2025\/05\/EU_portal.jpg\",\"contentUrl\":\"https:\/\/jornalfatosenoticias.com.br\/wp-content\/uploads\/2025\/05\/EU_portal.jpg\",\"caption\":\"Luzimara Fernandes\"},\"description\":\"Jornalista MTB 2358-ES\",\"sameAs\":[\"https:\/\/jornalfatosenoticias.com.br\"],\"url\":\"https:\/\/jornalfatosenoticias.com.br\/index.php\/author\/luzimara\/\"}]}<\/script>\n<!-- \/ Yoast SEO plugin. -->","yoast_head_json":{"title":"Ap\u00f3s cobran\u00e7a de Rose de Freitas, agricultores n\u00e3o ser\u00e3o prejudicados - Jornal Fatos e Not\u00edcias","robots":{"index":"index","follow":"follow","max-snippet":"max-snippet:-1","max-image-preview":"max-image-preview:large","max-video-preview":"max-video-preview:-1"},"canonical":"https:\/\/jornalfatosenoticias.com.br\/index.php\/2021\/04\/30\/apos-cobranca-de-rose-de-freitas-agricultores-nao-serao-prejudicados\/","og_locale":"pt_BR","og_type":"article","og_title":"Ap\u00f3s cobran\u00e7a de Rose de Freitas, agricultores n\u00e3o ser\u00e3o prejudicados - Jornal Fatos e Not\u00edcias","og_description":"Desde 2015 pequenos agricultores encontram dificuldades em honrar pagamentos relacionados ao cr\u00e9dito rural adquirido junto ao Banco do Brasil Ap\u00f3s cobran\u00e7a da senadora Rose de Freitas (MDB-ES) no in\u00edcio de abril, representantes do Banco do Brasil (BB) no Esp\u00edrito Santo se reuniram esta semana com prefeituras e agricultores de munic\u00edpios atingidos pelas fortes chuvas de [&hellip;]","og_url":"https:\/\/jornalfatosenoticias.com.br\/index.php\/2021\/04\/30\/apos-cobranca-de-rose-de-freitas-agricultores-nao-serao-prejudicados\/","og_site_name":"Jornal Fatos e Not\u00edcias","article_published_time":"2021-04-30T21:13:53+00:00","article_modified_time":"2021-04-30T21:13:54+00:00","og_image":[{"width":1000,"height":562,"url":"https:\/\/jornalfatosenoticias.com.br\/wp-content\/uploads\/2021\/04\/Produtor-rural.jpg","type":"image\/jpeg"}],"author":"Luzimara Fernandes","twitter_card":"summary_large_image","twitter_misc":{"Escrito por":"Luzimara Fernandes","Est. tempo de leitura":"3 minutos"},"schema":{"@context":"https:\/\/schema.org","@graph":[{"@type":"Article","@id":"https:\/\/jornalfatosenoticias.com.br\/index.php\/2021\/04\/30\/apos-cobranca-de-rose-de-freitas-agricultores-nao-serao-prejudicados\/#article","isPartOf":{"@id":"https:\/\/jornalfatosenoticias.com.br\/index.php\/2021\/04\/30\/apos-cobranca-de-rose-de-freitas-agricultores-nao-serao-prejudicados\/"},"author":{"name":"Luzimara Fernandes","@id":"https:\/\/jornalfatosenoticias.com.br\/#\/schema\/person\/d63837fa13ac8666eb9e74e0985d6f81"},"headline":"Ap\u00f3s cobran\u00e7a de Rose de Freitas, agricultores n\u00e3o ser\u00e3o prejudicados","datePublished":"2021-04-30T21:13:53+00:00","dateModified":"2021-04-30T21:13:54+00:00","mainEntityOfPage":{"@id":"https:\/\/jornalfatosenoticias.com.br\/index.php\/2021\/04\/30\/apos-cobranca-de-rose-de-freitas-agricultores-nao-serao-prejudicados\/"},"wordCount":581,"commentCount":0,"publisher":{"@id":"https:\/\/jornalfatosenoticias.com.br\/#organization"},"image":{"@id":"https:\/\/jornalfatosenoticias.com.br\/index.php\/2021\/04\/30\/apos-cobranca-de-rose-de-freitas-agricultores-nao-serao-prejudicados\/#primaryimage"},"thumbnailUrl":"https:\/\/jornalfatosenoticias.com.br\/wp-content\/uploads\/2021\/04\/Produtor-rural.jpg","keywords":["agricultores","Banco do Brasil","cr\u00e9dito rural","produtores rurais","Pronaf","Rose de Freitas"],"articleSection":["Pol\u00edtica"],"inLanguage":"pt-BR","potentialAction":[{"@type":"CommentAction","name":"Comment","target":["https:\/\/jornalfatosenoticias.com.br\/index.php\/2021\/04\/30\/apos-cobranca-de-rose-de-freitas-agricultores-nao-serao-prejudicados\/#respond"]}]},{"@type":"WebPage","@id":"https:\/\/jornalfatosenoticias.com.br\/index.php\/2021\/04\/30\/apos-cobranca-de-rose-de-freitas-agricultores-nao-serao-prejudicados\/","url":"https:\/\/jornalfatosenoticias.com.br\/index.php\/2021\/04\/30\/apos-cobranca-de-rose-de-freitas-agricultores-nao-serao-prejudicados\/","name":"Ap\u00f3s cobran\u00e7a de Rose de Freitas, agricultores n\u00e3o ser\u00e3o prejudicados - Jornal Fatos e Not\u00edcias","isPartOf":{"@id":"https:\/\/jornalfatosenoticias.com.br\/#website"},"primaryImageOfPage":{"@id":"https:\/\/jornalfatosenoticias.com.br\/index.php\/2021\/04\/30\/apos-cobranca-de-rose-de-freitas-agricultores-nao-serao-prejudicados\/#primaryimage"},"image":{"@id":"https:\/\/jornalfatosenoticias.com.br\/index.php\/2021\/04\/30\/apos-cobranca-de-rose-de-freitas-agricultores-nao-serao-prejudicados\/#primaryimage"},"thumbnailUrl":"https:\/\/jornalfatosenoticias.com.br\/wp-content\/uploads\/2021\/04\/Produtor-rural.jpg","datePublished":"2021-04-30T21:13:53+00:00","dateModified":"2021-04-30T21:13:54+00:00","breadcrumb":{"@id":"https:\/\/jornalfatosenoticias.com.br\/index.php\/2021\/04\/30\/apos-cobranca-de-rose-de-freitas-agricultores-nao-serao-prejudicados\/#breadcrumb"},"inLanguage":"pt-BR","potentialAction":[{"@type":"ReadAction","target":["https:\/\/jornalfatosenoticias.com.br\/index.php\/2021\/04\/30\/apos-cobranca-de-rose-de-freitas-agricultores-nao-serao-prejudicados\/"]}]},{"@type":"ImageObject","inLanguage":"pt-BR","@id":"https:\/\/jornalfatosenoticias.com.br\/index.php\/2021\/04\/30\/apos-cobranca-de-rose-de-freitas-agricultores-nao-serao-prejudicados\/#primaryimage","url":"https:\/\/jornalfatosenoticias.com.br\/wp-content\/uploads\/2021\/04\/Produtor-rural.jpg","contentUrl":"https:\/\/jornalfatosenoticias.com.br\/wp-content\/uploads\/2021\/04\/Produtor-rural.jpg","width":1000,"height":562},{"@type":"BreadcrumbList","@id":"https:\/\/jornalfatosenoticias.com.br\/index.php\/2021\/04\/30\/apos-cobranca-de-rose-de-freitas-agricultores-nao-serao-prejudicados\/#breadcrumb","itemListElement":[{"@type":"ListItem","position":1,"name":"In\u00edcio","item":"https:\/\/jornalfatosenoticias.com.br\/"},{"@type":"ListItem","position":2,"name":"Ap\u00f3s cobran\u00e7a de Rose de Freitas, agricultores n\u00e3o ser\u00e3o prejudicados"}]},{"@type":"WebSite","@id":"https:\/\/jornalfatosenoticias.com.br\/#website","url":"https:\/\/jornalfatosenoticias.com.br\/","name":"Jornal Fatos e Not\u00edcias","description":"Not\u00edcias em geral","publisher":{"@id":"https:\/\/jornalfatosenoticias.com.br\/#organization"},"potentialAction":[{"@type":"SearchAction","target":{"@type":"EntryPoint","urlTemplate":"https:\/\/jornalfatosenoticias.com.br\/?s={search_term_string}"},"query-input":{"@type":"PropertyValueSpecification","valueRequired":true,"valueName":"search_term_string"}}],"inLanguage":"pt-BR"},{"@type":"Organization","@id":"https:\/\/jornalfatosenoticias.com.br\/#organization","name":"Jornal Fatos e Not\u00edcias","url":"https:\/\/jornalfatosenoticias.com.br\/","logo":{"@type":"ImageObject","inLanguage":"pt-BR","@id":"https:\/\/jornalfatosenoticias.com.br\/#\/schema\/logo\/image\/","url":"https:\/\/jornalfatosenoticias.com.br\/wp-content\/uploads\/2020\/02\/logo120.png","contentUrl":"https:\/\/jornalfatosenoticias.com.br\/wp-content\/uploads\/2020\/02\/logo120.png","width":1227,"height":120,"caption":"Jornal Fatos e Not\u00edcias"},"image":{"@id":"https:\/\/jornalfatosenoticias.com.br\/#\/schema\/logo\/image\/"}},{"@type":"Person","@id":"https:\/\/jornalfatosenoticias.com.br\/#\/schema\/person\/d63837fa13ac8666eb9e74e0985d6f81","name":"Luzimara Fernandes","image":{"@type":"ImageObject","inLanguage":"pt-BR","@id":"https:\/\/jornalfatosenoticias.com.br\/#\/schema\/person\/image\/","url":"https:\/\/jornalfatosenoticias.com.br\/wp-content\/uploads\/2025\/05\/EU_portal.jpg","contentUrl":"https:\/\/jornalfatosenoticias.com.br\/wp-content\/uploads\/2025\/05\/EU_portal.jpg","caption":"Luzimara Fernandes"},"description":"Jornalista MTB 2358-ES","sameAs":["https:\/\/jornalfatosenoticias.com.br"],"url":"https:\/\/jornalfatosenoticias.com.br\/index.php\/author\/luzimara\/"}]}},"cc_featured_image_caption":{"caption_text":"(Foto: Adobe Stock\/Andre Nery)","source_text":"","source_url":""},"jetpack_featured_media_url":"https:\/\/jornalfatosenoticias.com.br\/wp-content\/uploads\/2021\/04\/Produtor-rural.jpg","_links":{"self":[{"href":"https:\/\/jornalfatosenoticias.com.br\/index.php\/wp-json\/wp\/v2\/posts\/17664","targetHints":{"allow":["GET"]}}],"collection":[{"href":"https:\/\/jornalfatosenoticias.com.br\/index.php\/wp-json\/wp\/v2\/posts"}],"about":[{"href":"https:\/\/jornalfatosenoticias.com.br\/index.php\/wp-json\/wp\/v2\/types\/post"}],"author":[{"embeddable":true,"href":"https:\/\/jornalfatosenoticias.com.br\/index.php\/wp-json\/wp\/v2\/users\/2"}],"replies":[{"embeddable":true,"href":"https:\/\/jornalfatosenoticias.com.br\/index.php\/wp-json\/wp\/v2\/comments?post=17664"}],"version-history":[{"count":0,"href":"https:\/\/jornalfatosenoticias.com.br\/index.php\/wp-json\/wp\/v2\/posts\/17664\/revisions"}],"wp:featuredmedia":[{"embeddable":true,"href":"https:\/\/jornalfatosenoticias.com.br\/index.php\/wp-json\/wp\/v2\/media\/17665"}],"wp:attachment":[{"href":"https:\/\/jornalfatosenoticias.com.br\/index.php\/wp-json\/wp\/v2\/media?parent=17664"}],"wp:term":[{"taxonomy":"category","embeddable":true,"href":"https:\/\/jornalfatosenoticias.com.br\/index.php\/wp-json\/wp\/v2\/categories?post=17664"},{"taxonomy":"post_tag","embeddable":true,"href":"https:\/\/jornalfatosenoticias.com.br\/index.php\/wp-json\/wp\/v2\/tags?post=17664"}],"curies":[{"name":"wp","href":"https:\/\/api.w.org\/{rel}","templated":true}]}}