{"id":17671,"date":"2021-04-30T18:39:00","date_gmt":"2021-04-30T21:39:00","guid":{"rendered":"https:\/\/jornalfatosenoticias.com.br\/?p=17671"},"modified":"2021-04-30T18:39:04","modified_gmt":"2021-04-30T21:39:04","slug":"mcti-inaugura-parque-que-demonstra-tecnologias-em-internet-das-coisas","status":"publish","type":"post","link":"https:\/\/jornalfatosenoticias.com.br\/index.php\/2021\/04\/30\/mcti-inaugura-parque-que-demonstra-tecnologias-em-internet-das-coisas\/","title":{"rendered":"MCTI inaugura parque que demonstra tecnologias em internet das coisas"},"content":{"rendered":"\n<p><em>Centro fica no interior paulista e deve popularizar a ci\u00eancia no Pa\u00eds<\/em><\/p>\n\n\n\n<p>O Minist\u00e9rio da Ci\u00eancia, Tecnologia e Inova\u00e7\u00f5es (MCTI) e o Centro Universit\u00e1rio Facens inauguraram hoje (30), em Sorocaba, no interior paulista, o Centro de Refer\u00eancia IoT e Tecnologias 4.0. O espa\u00e7o \u00e9 destinado a demonstra\u00e7\u00f5es pr\u00e1ticas de tecnologias que fazem uso da chamada internet das coisas (IoT), advento que, gra\u00e7as \u00e0 quinta gera\u00e7\u00e3o da internet (5G), possibilitar\u00e1 o uso coordenado e inteligente de aparelhos para controlar diversas atividades.<br>Ao conectar objetos do cotidiano \u2014 como eletrodom\u00e9sticos, smartphones, roupas e autom\u00f3veis \u2014 \u00e0 internet (e entre si), essa tecnologia permitir\u00e1 at\u00e9 mesmo a realiza\u00e7\u00e3o de procedimentos m\u00e9dicos delicados a dist\u00e2ncia, al\u00e9m de sistemas de dire\u00e7\u00e3o autom\u00e1tica de carros e as mais diversas tecnologias de automa\u00e7\u00e3o e intelig\u00eancia artificial, inclusive para a agricultura, a ind\u00fastria e as cidades.<br>O centro de refer\u00eancia inaugurado nesta sexta-feira tornar\u00e1 poss\u00edvel a demonstra\u00e7\u00e3o de solu\u00e7\u00f5es em IoT em \u00e1reas consideradas priorit\u00e1rias segundo o Plano Nacional de Internet das Coisas, que abrange a\u00e7\u00f5es em frentes como o Cidades 4.0, Sa\u00fade 4.0, Agro 4.0, Ind\u00fastria 4.0, Turismo 4.0 e Educa\u00e7\u00e3o 4.0.<\/p>\n\n\n\n<blockquote class=\"wp-block-quote is-layout-flow wp-block-quote-is-layout-flow\"><p>\u201cA ideia \u00e9 que o centro ofere\u00e7a programas para a promo\u00e7\u00e3o do ensino, forma\u00e7\u00e3o, populariza\u00e7\u00e3o e divulga\u00e7\u00e3o da ci\u00eancia e tecnologia no Pa\u00eds, promovendo o ensino inovador, empreendedorismo e desenvolvimento das demandas locais, com o engajamento da ind\u00fastria, academia e governo\u201d, informa o minist\u00e9rio.<\/p><\/blockquote>\n\n\n\n<p>Em nota, o ministro da Ci\u00eancia, Tecnologia e Inova\u00e7\u00f5es, Marcos Pontes, diz que \u00e9 papel da pasta direcionar o uso da internet das coisas e preparar a popula\u00e7\u00e3o para lidar com as tecnologias do futuro.<br>Enquanto o avan\u00e7o das tecnologias vai tornando muitas tarefas mais eficientes e precisas, \u00e9 preciso lembrar que \u00e9 necess\u00e1rio criar empregos alinhados a esse progresso para as pessoas, afirma Pontes.<\/p>\n\n\n\n<blockquote class=\"wp-block-quote is-layout-flow wp-block-quote-is-layout-flow\"><p>\u201cN\u00f3s n\u00e3o podemos parar a tecnologia para manter os postos de trabalho, mas podemos preparar e requalificar os profissionais, assim como formar as novas gera\u00e7\u00f5es j\u00e1 adaptadas para esse novo cen\u00e1rio\u201d.<\/p><\/blockquote>\n\n\n\n<p>Segundo o MCTI, o centro de refer\u00eancia de Sorocaba estar\u00e1 integrado ao Smart Campus Facens \u2014 laborat\u00f3rio voltado para a solu\u00e7\u00e3o de \u201cproblemas reais, conectando a comunidade acad\u00eamica, mercado, empresas e sociedade, por meio de projetos que tornem as cidades mais humanas, inteligentes e sustent\u00e1veis\u201d.<\/p>\n\n\n\n<p><strong><em>Fonte: <a href=\"https:\/\/agenciabrasil.ebc.com.br\/geral\/noticia\/2021-04\/mcti-inaugura-parque-que-demonstra-tecnologias-em-internet-das-coisas\">Ag\u00eancia Brasil<\/a><\/em><\/strong><\/p>\n","protected":false},"excerpt":{"rendered":"<p>Centro fica no interior paulista e deve popularizar a ci\u00eancia no Pa\u00eds O Minist\u00e9rio da Ci\u00eancia, Tecnologia e Inova\u00e7\u00f5es (MCTI) e o Centro Universit\u00e1rio Facens inauguraram hoje (30), em Sorocaba, no interior paulista, o Centro de Refer\u00eancia IoT e Tecnologias 4.0. O espa\u00e7o \u00e9 destinado a demonstra\u00e7\u00f5es pr\u00e1ticas de tecnologias que fazem uso da chamada [&hellip;]<\/p>\n","protected":false},"author":2,"featured_media":17672,"comment_status":"open","ping_status":"open","sticky":false,"template":"","format":"standard","meta":{"footnotes":""},"categories":[2,3],"tags":[1157,166,1162,8778,4529,305,8779],"class_list":["post-17671","post","type-post","status-publish","format-standard","has-post-thumbnail","hentry","category-ciencia","category-tecnologia","tag-5g","tag-ciencia","tag-internet-das-coisas","tag-iot","tag-mcti","tag-sao-paulo","tag-sorocaba"],"yoast_head":"<!-- This site is optimized with the Yoast SEO plugin v26.5 - https:\/\/yoast.com\/wordpress\/plugins\/seo\/ -->\n<title>MCTI inaugura parque que demonstra tecnologias em internet das coisas - Jornal Fatos e Not\u00edcias<\/title>\n<meta name=\"robots\" content=\"index, follow, max-snippet:-1, max-image-preview:large, max-video-preview:-1\" \/>\n<link rel=\"canonical\" href=\"https:\/\/jornalfatosenoticias.com.br\/index.php\/2021\/04\/30\/mcti-inaugura-parque-que-demonstra-tecnologias-em-internet-das-coisas\/\" \/>\n<meta property=\"og:locale\" content=\"pt_BR\" \/>\n<meta property=\"og:type\" content=\"article\" \/>\n<meta property=\"og:title\" content=\"MCTI inaugura parque que demonstra tecnologias em internet das coisas - Jornal Fatos e Not\u00edcias\" \/>\n<meta property=\"og:description\" content=\"Centro fica no interior paulista e deve popularizar a ci\u00eancia no Pa\u00eds O Minist\u00e9rio da Ci\u00eancia, Tecnologia e Inova\u00e7\u00f5es (MCTI) e o Centro Universit\u00e1rio Facens inauguraram hoje (30), em Sorocaba, no interior paulista, o Centro de Refer\u00eancia IoT e Tecnologias 4.0. O espa\u00e7o \u00e9 destinado a demonstra\u00e7\u00f5es pr\u00e1ticas de tecnologias que fazem uso da chamada [&hellip;]\" \/>\n<meta property=\"og:url\" content=\"https:\/\/jornalfatosenoticias.com.br\/index.php\/2021\/04\/30\/mcti-inaugura-parque-que-demonstra-tecnologias-em-internet-das-coisas\/\" \/>\n<meta property=\"og:site_name\" content=\"Jornal Fatos e Not\u00edcias\" \/>\n<meta property=\"article:published_time\" content=\"2021-04-30T21:39:00+00:00\" \/>\n<meta property=\"article:modified_time\" content=\"2021-04-30T21:39:04+00:00\" \/>\n<meta property=\"og:image\" content=\"https:\/\/jornalfatosenoticias.com.br\/wp-content\/uploads\/2021\/04\/mcti_marcos-pontes.jpg\" \/>\n\t<meta property=\"og:image:width\" content=\"1000\" \/>\n\t<meta property=\"og:image:height\" content=\"598\" \/>\n\t<meta property=\"og:image:type\" content=\"image\/jpeg\" \/>\n<meta name=\"author\" content=\"Luzimara Fernandes\" \/>\n<meta name=\"twitter:card\" content=\"summary_large_image\" \/>\n<meta name=\"twitter:label1\" content=\"Escrito por\" \/>\n\t<meta name=\"twitter:data1\" content=\"Luzimara Fernandes\" \/>\n\t<meta name=\"twitter:label2\" content=\"Est. tempo de leitura\" \/>\n\t<meta name=\"twitter:data2\" content=\"2 minutos\" \/>\n<script type=\"application\/ld+json\" class=\"yoast-schema-graph\">{\"@context\":\"https:\/\/schema.org\",\"@graph\":[{\"@type\":\"Article\",\"@id\":\"https:\/\/jornalfatosenoticias.com.br\/index.php\/2021\/04\/30\/mcti-inaugura-parque-que-demonstra-tecnologias-em-internet-das-coisas\/#article\",\"isPartOf\":{\"@id\":\"https:\/\/jornalfatosenoticias.com.br\/index.php\/2021\/04\/30\/mcti-inaugura-parque-que-demonstra-tecnologias-em-internet-das-coisas\/\"},\"author\":{\"name\":\"Luzimara Fernandes\",\"@id\":\"https:\/\/jornalfatosenoticias.com.br\/#\/schema\/person\/d63837fa13ac8666eb9e74e0985d6f81\"},\"headline\":\"MCTI inaugura parque que demonstra tecnologias em internet das coisas\",\"datePublished\":\"2021-04-30T21:39:00+00:00\",\"dateModified\":\"2021-04-30T21:39:04+00:00\",\"mainEntityOfPage\":{\"@id\":\"https:\/\/jornalfatosenoticias.com.br\/index.php\/2021\/04\/30\/mcti-inaugura-parque-que-demonstra-tecnologias-em-internet-das-coisas\/\"},\"wordCount\":421,\"commentCount\":0,\"publisher\":{\"@id\":\"https:\/\/jornalfatosenoticias.com.br\/#organization\"},\"image\":{\"@id\":\"https:\/\/jornalfatosenoticias.com.br\/index.php\/2021\/04\/30\/mcti-inaugura-parque-que-demonstra-tecnologias-em-internet-das-coisas\/#primaryimage\"},\"thumbnailUrl\":\"https:\/\/jornalfatosenoticias.com.br\/wp-content\/uploads\/2021\/04\/mcti_marcos-pontes.jpg\",\"keywords\":[\"5G\",\"ci\u00eancia\",\"Internet das Coisas\",\"IoT\",\"MCTI\",\"S\u00e3o Paulo\",\"Sorocaba\"],\"articleSection\":[\"Ci\u00eancia\",\"Tecnologia &amp; Inova\u00e7\u00e3o\"],\"inLanguage\":\"pt-BR\",\"potentialAction\":[{\"@type\":\"CommentAction\",\"name\":\"Comment\",\"target\":[\"https:\/\/jornalfatosenoticias.com.br\/index.php\/2021\/04\/30\/mcti-inaugura-parque-que-demonstra-tecnologias-em-internet-das-coisas\/#respond\"]}]},{\"@type\":\"WebPage\",\"@id\":\"https:\/\/jornalfatosenoticias.com.br\/index.php\/2021\/04\/30\/mcti-inaugura-parque-que-demonstra-tecnologias-em-internet-das-coisas\/\",\"url\":\"https:\/\/jornalfatosenoticias.com.br\/index.php\/2021\/04\/30\/mcti-inaugura-parque-que-demonstra-tecnologias-em-internet-das-coisas\/\",\"name\":\"MCTI inaugura parque que demonstra tecnologias em internet das coisas - Jornal Fatos e Not\u00edcias\",\"isPartOf\":{\"@id\":\"https:\/\/jornalfatosenoticias.com.br\/#website\"},\"primaryImageOfPage\":{\"@id\":\"https:\/\/jornalfatosenoticias.com.br\/index.php\/2021\/04\/30\/mcti-inaugura-parque-que-demonstra-tecnologias-em-internet-das-coisas\/#primaryimage\"},\"image\":{\"@id\":\"https:\/\/jornalfatosenoticias.com.br\/index.php\/2021\/04\/30\/mcti-inaugura-parque-que-demonstra-tecnologias-em-internet-das-coisas\/#primaryimage\"},\"thumbnailUrl\":\"https:\/\/jornalfatosenoticias.com.br\/wp-content\/uploads\/2021\/04\/mcti_marcos-pontes.jpg\",\"datePublished\":\"2021-04-30T21:39:00+00:00\",\"dateModified\":\"2021-04-30T21:39:04+00:00\",\"breadcrumb\":{\"@id\":\"https:\/\/jornalfatosenoticias.com.br\/index.php\/2021\/04\/30\/mcti-inaugura-parque-que-demonstra-tecnologias-em-internet-das-coisas\/#breadcrumb\"},\"inLanguage\":\"pt-BR\",\"potentialAction\":[{\"@type\":\"ReadAction\",\"target\":[\"https:\/\/jornalfatosenoticias.com.br\/index.php\/2021\/04\/30\/mcti-inaugura-parque-que-demonstra-tecnologias-em-internet-das-coisas\/\"]}]},{\"@type\":\"ImageObject\",\"inLanguage\":\"pt-BR\",\"@id\":\"https:\/\/jornalfatosenoticias.com.br\/index.php\/2021\/04\/30\/mcti-inaugura-parque-que-demonstra-tecnologias-em-internet-das-coisas\/#primaryimage\",\"url\":\"https:\/\/jornalfatosenoticias.com.br\/wp-content\/uploads\/2021\/04\/mcti_marcos-pontes.jpg\",\"contentUrl\":\"https:\/\/jornalfatosenoticias.com.br\/wp-content\/uploads\/2021\/04\/mcti_marcos-pontes.jpg\",\"width\":1000,\"height\":598},{\"@type\":\"BreadcrumbList\",\"@id\":\"https:\/\/jornalfatosenoticias.com.br\/index.php\/2021\/04\/30\/mcti-inaugura-parque-que-demonstra-tecnologias-em-internet-das-coisas\/#breadcrumb\",\"itemListElement\":[{\"@type\":\"ListItem\",\"position\":1,\"name\":\"In\u00edcio\",\"item\":\"https:\/\/jornalfatosenoticias.com.br\/\"},{\"@type\":\"ListItem\",\"position\":2,\"name\":\"MCTI inaugura parque que demonstra tecnologias em internet das coisas\"}]},{\"@type\":\"WebSite\",\"@id\":\"https:\/\/jornalfatosenoticias.com.br\/#website\",\"url\":\"https:\/\/jornalfatosenoticias.com.br\/\",\"name\":\"Jornal Fatos e Not\u00edcias\",\"description\":\"Not\u00edcias em geral\",\"publisher\":{\"@id\":\"https:\/\/jornalfatosenoticias.com.br\/#organization\"},\"potentialAction\":[{\"@type\":\"SearchAction\",\"target\":{\"@type\":\"EntryPoint\",\"urlTemplate\":\"https:\/\/jornalfatosenoticias.com.br\/?s={search_term_string}\"},\"query-input\":{\"@type\":\"PropertyValueSpecification\",\"valueRequired\":true,\"valueName\":\"search_term_string\"}}],\"inLanguage\":\"pt-BR\"},{\"@type\":\"Organization\",\"@id\":\"https:\/\/jornalfatosenoticias.com.br\/#organization\",\"name\":\"Jornal Fatos e Not\u00edcias\",\"url\":\"https:\/\/jornalfatosenoticias.com.br\/\",\"logo\":{\"@type\":\"ImageObject\",\"inLanguage\":\"pt-BR\",\"@id\":\"https:\/\/jornalfatosenoticias.com.br\/#\/schema\/logo\/image\/\",\"url\":\"https:\/\/jornalfatosenoticias.com.br\/wp-content\/uploads\/2020\/02\/logo120.png\",\"contentUrl\":\"https:\/\/jornalfatosenoticias.com.br\/wp-content\/uploads\/2020\/02\/logo120.png\",\"width\":1227,\"height\":120,\"caption\":\"Jornal Fatos e Not\u00edcias\"},\"image\":{\"@id\":\"https:\/\/jornalfatosenoticias.com.br\/#\/schema\/logo\/image\/\"}},{\"@type\":\"Person\",\"@id\":\"https:\/\/jornalfatosenoticias.com.br\/#\/schema\/person\/d63837fa13ac8666eb9e74e0985d6f81\",\"name\":\"Luzimara Fernandes\",\"image\":{\"@type\":\"ImageObject\",\"inLanguage\":\"pt-BR\",\"@id\":\"https:\/\/jornalfatosenoticias.com.br\/#\/schema\/person\/image\/\",\"url\":\"https:\/\/jornalfatosenoticias.com.br\/wp-content\/uploads\/2025\/05\/EU_portal.jpg\",\"contentUrl\":\"https:\/\/jornalfatosenoticias.com.br\/wp-content\/uploads\/2025\/05\/EU_portal.jpg\",\"caption\":\"Luzimara Fernandes\"},\"description\":\"Jornalista MTB 2358-ES\",\"sameAs\":[\"https:\/\/jornalfatosenoticias.com.br\"],\"url\":\"https:\/\/jornalfatosenoticias.com.br\/index.php\/author\/luzimara\/\"}]}<\/script>\n<!-- \/ Yoast SEO plugin. -->","yoast_head_json":{"title":"MCTI inaugura parque que demonstra tecnologias em internet das coisas - Jornal Fatos e Not\u00edcias","robots":{"index":"index","follow":"follow","max-snippet":"max-snippet:-1","max-image-preview":"max-image-preview:large","max-video-preview":"max-video-preview:-1"},"canonical":"https:\/\/jornalfatosenoticias.com.br\/index.php\/2021\/04\/30\/mcti-inaugura-parque-que-demonstra-tecnologias-em-internet-das-coisas\/","og_locale":"pt_BR","og_type":"article","og_title":"MCTI inaugura parque que demonstra tecnologias em internet das coisas - Jornal Fatos e Not\u00edcias","og_description":"Centro fica no interior paulista e deve popularizar a ci\u00eancia no Pa\u00eds O Minist\u00e9rio da Ci\u00eancia, Tecnologia e Inova\u00e7\u00f5es (MCTI) e o Centro Universit\u00e1rio Facens inauguraram hoje (30), em Sorocaba, no interior paulista, o Centro de Refer\u00eancia IoT e Tecnologias 4.0. O espa\u00e7o \u00e9 destinado a demonstra\u00e7\u00f5es pr\u00e1ticas de tecnologias que fazem uso da chamada [&hellip;]","og_url":"https:\/\/jornalfatosenoticias.com.br\/index.php\/2021\/04\/30\/mcti-inaugura-parque-que-demonstra-tecnologias-em-internet-das-coisas\/","og_site_name":"Jornal Fatos e Not\u00edcias","article_published_time":"2021-04-30T21:39:00+00:00","article_modified_time":"2021-04-30T21:39:04+00:00","og_image":[{"width":1000,"height":598,"url":"https:\/\/jornalfatosenoticias.com.br\/wp-content\/uploads\/2021\/04\/mcti_marcos-pontes.jpg","type":"image\/jpeg"}],"author":"Luzimara Fernandes","twitter_card":"summary_large_image","twitter_misc":{"Escrito por":"Luzimara Fernandes","Est. tempo de leitura":"2 minutos"},"schema":{"@context":"https:\/\/schema.org","@graph":[{"@type":"Article","@id":"https:\/\/jornalfatosenoticias.com.br\/index.php\/2021\/04\/30\/mcti-inaugura-parque-que-demonstra-tecnologias-em-internet-das-coisas\/#article","isPartOf":{"@id":"https:\/\/jornalfatosenoticias.com.br\/index.php\/2021\/04\/30\/mcti-inaugura-parque-que-demonstra-tecnologias-em-internet-das-coisas\/"},"author":{"name":"Luzimara Fernandes","@id":"https:\/\/jornalfatosenoticias.com.br\/#\/schema\/person\/d63837fa13ac8666eb9e74e0985d6f81"},"headline":"MCTI inaugura parque que demonstra tecnologias em internet das coisas","datePublished":"2021-04-30T21:39:00+00:00","dateModified":"2021-04-30T21:39:04+00:00","mainEntityOfPage":{"@id":"https:\/\/jornalfatosenoticias.com.br\/index.php\/2021\/04\/30\/mcti-inaugura-parque-que-demonstra-tecnologias-em-internet-das-coisas\/"},"wordCount":421,"commentCount":0,"publisher":{"@id":"https:\/\/jornalfatosenoticias.com.br\/#organization"},"image":{"@id":"https:\/\/jornalfatosenoticias.com.br\/index.php\/2021\/04\/30\/mcti-inaugura-parque-que-demonstra-tecnologias-em-internet-das-coisas\/#primaryimage"},"thumbnailUrl":"https:\/\/jornalfatosenoticias.com.br\/wp-content\/uploads\/2021\/04\/mcti_marcos-pontes.jpg","keywords":["5G","ci\u00eancia","Internet das Coisas","IoT","MCTI","S\u00e3o Paulo","Sorocaba"],"articleSection":["Ci\u00eancia","Tecnologia &amp; Inova\u00e7\u00e3o"],"inLanguage":"pt-BR","potentialAction":[{"@type":"CommentAction","name":"Comment","target":["https:\/\/jornalfatosenoticias.com.br\/index.php\/2021\/04\/30\/mcti-inaugura-parque-que-demonstra-tecnologias-em-internet-das-coisas\/#respond"]}]},{"@type":"WebPage","@id":"https:\/\/jornalfatosenoticias.com.br\/index.php\/2021\/04\/30\/mcti-inaugura-parque-que-demonstra-tecnologias-em-internet-das-coisas\/","url":"https:\/\/jornalfatosenoticias.com.br\/index.php\/2021\/04\/30\/mcti-inaugura-parque-que-demonstra-tecnologias-em-internet-das-coisas\/","name":"MCTI inaugura parque que demonstra tecnologias em internet das coisas - Jornal Fatos e Not\u00edcias","isPartOf":{"@id":"https:\/\/jornalfatosenoticias.com.br\/#website"},"primaryImageOfPage":{"@id":"https:\/\/jornalfatosenoticias.com.br\/index.php\/2021\/04\/30\/mcti-inaugura-parque-que-demonstra-tecnologias-em-internet-das-coisas\/#primaryimage"},"image":{"@id":"https:\/\/jornalfatosenoticias.com.br\/index.php\/2021\/04\/30\/mcti-inaugura-parque-que-demonstra-tecnologias-em-internet-das-coisas\/#primaryimage"},"thumbnailUrl":"https:\/\/jornalfatosenoticias.com.br\/wp-content\/uploads\/2021\/04\/mcti_marcos-pontes.jpg","datePublished":"2021-04-30T21:39:00+00:00","dateModified":"2021-04-30T21:39:04+00:00","breadcrumb":{"@id":"https:\/\/jornalfatosenoticias.com.br\/index.php\/2021\/04\/30\/mcti-inaugura-parque-que-demonstra-tecnologias-em-internet-das-coisas\/#breadcrumb"},"inLanguage":"pt-BR","potentialAction":[{"@type":"ReadAction","target":["https:\/\/jornalfatosenoticias.com.br\/index.php\/2021\/04\/30\/mcti-inaugura-parque-que-demonstra-tecnologias-em-internet-das-coisas\/"]}]},{"@type":"ImageObject","inLanguage":"pt-BR","@id":"https:\/\/jornalfatosenoticias.com.br\/index.php\/2021\/04\/30\/mcti-inaugura-parque-que-demonstra-tecnologias-em-internet-das-coisas\/#primaryimage","url":"https:\/\/jornalfatosenoticias.com.br\/wp-content\/uploads\/2021\/04\/mcti_marcos-pontes.jpg","contentUrl":"https:\/\/jornalfatosenoticias.com.br\/wp-content\/uploads\/2021\/04\/mcti_marcos-pontes.jpg","width":1000,"height":598},{"@type":"BreadcrumbList","@id":"https:\/\/jornalfatosenoticias.com.br\/index.php\/2021\/04\/30\/mcti-inaugura-parque-que-demonstra-tecnologias-em-internet-das-coisas\/#breadcrumb","itemListElement":[{"@type":"ListItem","position":1,"name":"In\u00edcio","item":"https:\/\/jornalfatosenoticias.com.br\/"},{"@type":"ListItem","position":2,"name":"MCTI inaugura parque que demonstra tecnologias em internet das coisas"}]},{"@type":"WebSite","@id":"https:\/\/jornalfatosenoticias.com.br\/#website","url":"https:\/\/jornalfatosenoticias.com.br\/","name":"Jornal Fatos e Not\u00edcias","description":"Not\u00edcias em geral","publisher":{"@id":"https:\/\/jornalfatosenoticias.com.br\/#organization"},"potentialAction":[{"@type":"SearchAction","target":{"@type":"EntryPoint","urlTemplate":"https:\/\/jornalfatosenoticias.com.br\/?s={search_term_string}"},"query-input":{"@type":"PropertyValueSpecification","valueRequired":true,"valueName":"search_term_string"}}],"inLanguage":"pt-BR"},{"@type":"Organization","@id":"https:\/\/jornalfatosenoticias.com.br\/#organization","name":"Jornal Fatos e Not\u00edcias","url":"https:\/\/jornalfatosenoticias.com.br\/","logo":{"@type":"ImageObject","inLanguage":"pt-BR","@id":"https:\/\/jornalfatosenoticias.com.br\/#\/schema\/logo\/image\/","url":"https:\/\/jornalfatosenoticias.com.br\/wp-content\/uploads\/2020\/02\/logo120.png","contentUrl":"https:\/\/jornalfatosenoticias.com.br\/wp-content\/uploads\/2020\/02\/logo120.png","width":1227,"height":120,"caption":"Jornal Fatos e Not\u00edcias"},"image":{"@id":"https:\/\/jornalfatosenoticias.com.br\/#\/schema\/logo\/image\/"}},{"@type":"Person","@id":"https:\/\/jornalfatosenoticias.com.br\/#\/schema\/person\/d63837fa13ac8666eb9e74e0985d6f81","name":"Luzimara Fernandes","image":{"@type":"ImageObject","inLanguage":"pt-BR","@id":"https:\/\/jornalfatosenoticias.com.br\/#\/schema\/person\/image\/","url":"https:\/\/jornalfatosenoticias.com.br\/wp-content\/uploads\/2025\/05\/EU_portal.jpg","contentUrl":"https:\/\/jornalfatosenoticias.com.br\/wp-content\/uploads\/2025\/05\/EU_portal.jpg","caption":"Luzimara Fernandes"},"description":"Jornalista MTB 2358-ES","sameAs":["https:\/\/jornalfatosenoticias.com.br"],"url":"https:\/\/jornalfatosenoticias.com.br\/index.php\/author\/luzimara\/"}]}},"cc_featured_image_caption":{"caption_text":"(Foto: MCTI)\r\n","source_text":"","source_url":""},"jetpack_featured_media_url":"https:\/\/jornalfatosenoticias.com.br\/wp-content\/uploads\/2021\/04\/mcti_marcos-pontes.jpg","_links":{"self":[{"href":"https:\/\/jornalfatosenoticias.com.br\/index.php\/wp-json\/wp\/v2\/posts\/17671","targetHints":{"allow":["GET"]}}],"collection":[{"href":"https:\/\/jornalfatosenoticias.com.br\/index.php\/wp-json\/wp\/v2\/posts"}],"about":[{"href":"https:\/\/jornalfatosenoticias.com.br\/index.php\/wp-json\/wp\/v2\/types\/post"}],"author":[{"embeddable":true,"href":"https:\/\/jornalfatosenoticias.com.br\/index.php\/wp-json\/wp\/v2\/users\/2"}],"replies":[{"embeddable":true,"href":"https:\/\/jornalfatosenoticias.com.br\/index.php\/wp-json\/wp\/v2\/comments?post=17671"}],"version-history":[{"count":0,"href":"https:\/\/jornalfatosenoticias.com.br\/index.php\/wp-json\/wp\/v2\/posts\/17671\/revisions"}],"wp:featuredmedia":[{"embeddable":true,"href":"https:\/\/jornalfatosenoticias.com.br\/index.php\/wp-json\/wp\/v2\/media\/17672"}],"wp:attachment":[{"href":"https:\/\/jornalfatosenoticias.com.br\/index.php\/wp-json\/wp\/v2\/media?parent=17671"}],"wp:term":[{"taxonomy":"category","embeddable":true,"href":"https:\/\/jornalfatosenoticias.com.br\/index.php\/wp-json\/wp\/v2\/categories?post=17671"},{"taxonomy":"post_tag","embeddable":true,"href":"https:\/\/jornalfatosenoticias.com.br\/index.php\/wp-json\/wp\/v2\/tags?post=17671"}],"curies":[{"name":"wp","href":"https:\/\/api.w.org\/{rel}","templated":true}]}}