{"id":17683,"date":"2021-04-30T19:15:35","date_gmt":"2021-04-30T22:15:35","guid":{"rendered":"https:\/\/jornalfatosenoticias.com.br\/?p=17683"},"modified":"2021-04-30T19:15:37","modified_gmt":"2021-04-30T22:15:37","slug":"brasil-reciclou-974-de-latas-de-aluminio-em-2020","status":"publish","type":"post","link":"https:\/\/jornalfatosenoticias.com.br\/index.php\/2021\/04\/30\/brasil-reciclou-974-de-latas-de-aluminio-em-2020\/","title":{"rendered":"Brasil reciclou 97,4% de latas de alum\u00ednio em 2020"},"content":{"rendered":"\n<p><em>Pa\u00eds se mant\u00e9m entre os l\u00edderes mundiais de reciclagem de latinhas<\/em><\/p>\n\n\n\n<p>Apesar das dificuldades enfrentadas pelo Brasil por conta da pandemia da Covid-19, como a interrup\u00e7\u00e3o de atividades de coleta seletiva em diversos munic\u00edpios e a suspens\u00e3o do trabalho de cooperativas e catadores, a cadeia de latas de alum\u00ednio para bebidas apresenta resultado positivo.<br>\u00c9 o que mostra o \u00edndice de reciclagem de latas de alum\u00ednio, que em 2020 atingiu a marca de 97,4% permanecendo-se est\u00e1vel em rela\u00e7\u00e3o a 2019, mantendo o Brasil entre os l\u00edderes mundiais em reciclagem de latinhas. Em n\u00fameros, isso significa que foram recicladas 391,5 mil toneladas, ou, aproximadamente 31 bilh\u00f5es de unidades. A reciclagem da lata \u00e9 uma refer\u00eancia de economia circular no Brasil e no mundo, com a renova\u00e7\u00e3o infinita da embalagem.<br>O \u00edndice de reciclagem foi apresentado oficialmente em 31 de mar\u00e7o pela  Associa\u00e7\u00e3o Brasileira do Alum\u00ednio (Abal) e Associa\u00e7\u00e3o Brasileira dos Fabricantes de Latas de Alum\u00ednio (Abralatas) ao Minist\u00e9rio do Meio Ambiente (MMA). Em novembro de 2020, as associa\u00e7\u00f5es firmaram o \u201cTermo de Compromisso de Log\u00edstica Reversa de Latas de Alum\u00ednio para Bebidas\u201d com o Minist\u00e9rio, no qual garantem a manuten\u00e7\u00e3o do \u00edndice de reciclagem das latinhas no patamar de 95%, em cumprimento \u00e0 Pol\u00edtica Nacional de Res\u00edduos S\u00f3lidos (PNRS).<\/p>\n\n\n\n<figure class=\"wp-block-image size-large\"><img loading=\"lazy\" decoding=\"async\" width=\"1000\" height=\"350\" src=\"https:\/\/jornalfatosenoticias.com.br\/wp-content\/uploads\/2021\/04\/coleta-das-latas-de-aluminio-reciclagem.jpg\" alt=\"\" class=\"wp-image-17684\" srcset=\"https:\/\/jornalfatosenoticias.com.br\/wp-content\/uploads\/2021\/04\/coleta-das-latas-de-aluminio-reciclagem.jpg 1000w, https:\/\/jornalfatosenoticias.com.br\/wp-content\/uploads\/2021\/04\/coleta-das-latas-de-aluminio-reciclagem-300x105.jpg 300w, https:\/\/jornalfatosenoticias.com.br\/wp-content\/uploads\/2021\/04\/coleta-das-latas-de-aluminio-reciclagem-768x269.jpg 768w\" sizes=\"auto, (max-width: 1000px) 100vw, 1000px\" \/><figcaption><em>Reciclagem de latas no Brasil \u00e9 s\u00f3lida<\/em> <em>(Foto: G.P. Comunica\u00e7\u00e3o\/Novelis)<\/em><\/figcaption><\/figure>\n\n\n\n<p>\u201cOs dados mostram como a estrutura de reciclagem de latas no Brasil \u00e9 s\u00f3lida. E como os nossos investimentos em centros pr\u00f3prios de coleta e de reciclagem geram resultados significativos. O setor manteve suas opera\u00e7\u00f5es dentro de padr\u00f5es seguros, contribuindo para a preserva\u00e7\u00e3o do meio ambiente e a gera\u00e7\u00e3o de emprego e renda para milhares de fam\u00edlias\u201d, afirma Alfredo Veiga, diretor de Metais da Novelis e coordenador do Comit\u00ea de Reciclagem da Abal.<br>\u201cSomos o terceiro maior mercado mundial de latas de alum\u00ednio. Em 2020 chegamos a quase 32 bilh\u00f5es de latas consumidas no Brasil e, mesmo assim, mantivemos o \u00edndice acima de 97%. \u00c9 a consolida\u00e7\u00e3o da escolha do mercado e do consumidor pela lata de alum\u00ednio como a embalagem mais adequada a diversas bebidas e a mais sustent\u00e1vel. Esse contexto coloca o setor de Latas em um padr\u00e3o mundial de excel\u00eancia em Economia Circular\u201d, completa C\u00e1tilo C\u00e2ndido, presidente-executivo da Abralatas.<\/p>\n\n\n\n<p><strong><em>Fonte: <a href=\"https:\/\/ciclovivo.com.br\/planeta\/desenvolvimento\/brasil-reciclou-latas-aluminio-2020\/\">CicloVivo<\/a><\/em><\/strong><\/p>\n","protected":false},"excerpt":{"rendered":"<p>Pa\u00eds se mant\u00e9m entre os l\u00edderes mundiais de reciclagem de latinhas Apesar das dificuldades enfrentadas pelo Brasil por conta da pandemia da Covid-19, como a interrup\u00e7\u00e3o de atividades de coleta seletiva em diversos munic\u00edpios e a suspens\u00e3o do trabalho de cooperativas e catadores, a cadeia de latas de alum\u00ednio para bebidas apresenta resultado positivo.\u00c9 o [&hellip;]<\/p>\n","protected":false},"author":2,"featured_media":17685,"comment_status":"open","ping_status":"open","sticky":false,"template":"","format":"standard","meta":{"footnotes":""},"categories":[8],"tags":[8790,8788,2851,8789],"class_list":["post-17683","post","type-post","status-publish","format-standard","has-post-thumbnail","hentry","category-meio-ambiente","tag-catadores","tag-latas-de-aluminio","tag-reciclagem","tag-reciclagem-de-latinhas"],"yoast_head":"<!-- This site is optimized with the Yoast SEO plugin v26.5 - https:\/\/yoast.com\/wordpress\/plugins\/seo\/ -->\n<title>Brasil reciclou 97,4% de latas de alum\u00ednio em 2020 - Jornal Fatos e Not\u00edcias<\/title>\n<meta name=\"robots\" content=\"index, follow, max-snippet:-1, max-image-preview:large, max-video-preview:-1\" \/>\n<link rel=\"canonical\" href=\"https:\/\/jornalfatosenoticias.com.br\/index.php\/2021\/04\/30\/brasil-reciclou-974-de-latas-de-aluminio-em-2020\/\" \/>\n<meta property=\"og:locale\" content=\"pt_BR\" \/>\n<meta property=\"og:type\" content=\"article\" \/>\n<meta property=\"og:title\" content=\"Brasil reciclou 97,4% de latas de alum\u00ednio em 2020 - Jornal Fatos e Not\u00edcias\" \/>\n<meta property=\"og:description\" content=\"Pa\u00eds se mant\u00e9m entre os l\u00edderes mundiais de reciclagem de latinhas Apesar das dificuldades enfrentadas pelo Brasil por conta da pandemia da Covid-19, como a interrup\u00e7\u00e3o de atividades de coleta seletiva em diversos munic\u00edpios e a suspens\u00e3o do trabalho de cooperativas e catadores, a cadeia de latas de alum\u00ednio para bebidas apresenta resultado positivo.\u00c9 o [&hellip;]\" \/>\n<meta property=\"og:url\" content=\"https:\/\/jornalfatosenoticias.com.br\/index.php\/2021\/04\/30\/brasil-reciclou-974-de-latas-de-aluminio-em-2020\/\" \/>\n<meta property=\"og:site_name\" content=\"Jornal Fatos e Not\u00edcias\" \/>\n<meta property=\"article:published_time\" content=\"2021-04-30T22:15:35+00:00\" \/>\n<meta property=\"article:modified_time\" content=\"2021-04-30T22:15:37+00:00\" \/>\n<meta property=\"og:image\" content=\"https:\/\/jornalfatosenoticias.com.br\/wp-content\/uploads\/2021\/04\/reciclagem_iStock.jpg\" \/>\n\t<meta property=\"og:image:width\" content=\"1000\" \/>\n\t<meta property=\"og:image:height\" content=\"666\" \/>\n\t<meta property=\"og:image:type\" content=\"image\/jpeg\" \/>\n<meta name=\"author\" content=\"Luzimara Fernandes\" \/>\n<meta name=\"twitter:card\" content=\"summary_large_image\" \/>\n<meta name=\"twitter:label1\" content=\"Escrito por\" \/>\n\t<meta name=\"twitter:data1\" content=\"Luzimara Fernandes\" \/>\n\t<meta name=\"twitter:label2\" content=\"Est. tempo de leitura\" \/>\n\t<meta name=\"twitter:data2\" content=\"2 minutos\" \/>\n<script type=\"application\/ld+json\" class=\"yoast-schema-graph\">{\"@context\":\"https:\/\/schema.org\",\"@graph\":[{\"@type\":\"Article\",\"@id\":\"https:\/\/jornalfatosenoticias.com.br\/index.php\/2021\/04\/30\/brasil-reciclou-974-de-latas-de-aluminio-em-2020\/#article\",\"isPartOf\":{\"@id\":\"https:\/\/jornalfatosenoticias.com.br\/index.php\/2021\/04\/30\/brasil-reciclou-974-de-latas-de-aluminio-em-2020\/\"},\"author\":{\"name\":\"Luzimara Fernandes\",\"@id\":\"https:\/\/jornalfatosenoticias.com.br\/#\/schema\/person\/d63837fa13ac8666eb9e74e0985d6f81\"},\"headline\":\"Brasil reciclou 97,4% de latas de alum\u00ednio em 2020\",\"datePublished\":\"2021-04-30T22:15:35+00:00\",\"dateModified\":\"2021-04-30T22:15:37+00:00\",\"mainEntityOfPage\":{\"@id\":\"https:\/\/jornalfatosenoticias.com.br\/index.php\/2021\/04\/30\/brasil-reciclou-974-de-latas-de-aluminio-em-2020\/\"},\"wordCount\":412,\"commentCount\":0,\"publisher\":{\"@id\":\"https:\/\/jornalfatosenoticias.com.br\/#organization\"},\"image\":{\"@id\":\"https:\/\/jornalfatosenoticias.com.br\/index.php\/2021\/04\/30\/brasil-reciclou-974-de-latas-de-aluminio-em-2020\/#primaryimage\"},\"thumbnailUrl\":\"https:\/\/jornalfatosenoticias.com.br\/wp-content\/uploads\/2021\/04\/reciclagem_iStock.jpg\",\"keywords\":[\"catadores\",\"latas de alum\u00ednio\",\"reciclagem\",\"reciclagem de latinhas\"],\"articleSection\":[\"Meio ambiente\"],\"inLanguage\":\"pt-BR\",\"potentialAction\":[{\"@type\":\"CommentAction\",\"name\":\"Comment\",\"target\":[\"https:\/\/jornalfatosenoticias.com.br\/index.php\/2021\/04\/30\/brasil-reciclou-974-de-latas-de-aluminio-em-2020\/#respond\"]}]},{\"@type\":\"WebPage\",\"@id\":\"https:\/\/jornalfatosenoticias.com.br\/index.php\/2021\/04\/30\/brasil-reciclou-974-de-latas-de-aluminio-em-2020\/\",\"url\":\"https:\/\/jornalfatosenoticias.com.br\/index.php\/2021\/04\/30\/brasil-reciclou-974-de-latas-de-aluminio-em-2020\/\",\"name\":\"Brasil reciclou 97,4% de latas de alum\u00ednio em 2020 - Jornal Fatos e Not\u00edcias\",\"isPartOf\":{\"@id\":\"https:\/\/jornalfatosenoticias.com.br\/#website\"},\"primaryImageOfPage\":{\"@id\":\"https:\/\/jornalfatosenoticias.com.br\/index.php\/2021\/04\/30\/brasil-reciclou-974-de-latas-de-aluminio-em-2020\/#primaryimage\"},\"image\":{\"@id\":\"https:\/\/jornalfatosenoticias.com.br\/index.php\/2021\/04\/30\/brasil-reciclou-974-de-latas-de-aluminio-em-2020\/#primaryimage\"},\"thumbnailUrl\":\"https:\/\/jornalfatosenoticias.com.br\/wp-content\/uploads\/2021\/04\/reciclagem_iStock.jpg\",\"datePublished\":\"2021-04-30T22:15:35+00:00\",\"dateModified\":\"2021-04-30T22:15:37+00:00\",\"breadcrumb\":{\"@id\":\"https:\/\/jornalfatosenoticias.com.br\/index.php\/2021\/04\/30\/brasil-reciclou-974-de-latas-de-aluminio-em-2020\/#breadcrumb\"},\"inLanguage\":\"pt-BR\",\"potentialAction\":[{\"@type\":\"ReadAction\",\"target\":[\"https:\/\/jornalfatosenoticias.com.br\/index.php\/2021\/04\/30\/brasil-reciclou-974-de-latas-de-aluminio-em-2020\/\"]}]},{\"@type\":\"ImageObject\",\"inLanguage\":\"pt-BR\",\"@id\":\"https:\/\/jornalfatosenoticias.com.br\/index.php\/2021\/04\/30\/brasil-reciclou-974-de-latas-de-aluminio-em-2020\/#primaryimage\",\"url\":\"https:\/\/jornalfatosenoticias.com.br\/wp-content\/uploads\/2021\/04\/reciclagem_iStock.jpg\",\"contentUrl\":\"https:\/\/jornalfatosenoticias.com.br\/wp-content\/uploads\/2021\/04\/reciclagem_iStock.jpg\",\"width\":1000,\"height\":666,\"caption\":\"Hand holding aluminum can for recycle\"},{\"@type\":\"BreadcrumbList\",\"@id\":\"https:\/\/jornalfatosenoticias.com.br\/index.php\/2021\/04\/30\/brasil-reciclou-974-de-latas-de-aluminio-em-2020\/#breadcrumb\",\"itemListElement\":[{\"@type\":\"ListItem\",\"position\":1,\"name\":\"In\u00edcio\",\"item\":\"https:\/\/jornalfatosenoticias.com.br\/\"},{\"@type\":\"ListItem\",\"position\":2,\"name\":\"Brasil reciclou 97,4% de latas de alum\u00ednio em 2020\"}]},{\"@type\":\"WebSite\",\"@id\":\"https:\/\/jornalfatosenoticias.com.br\/#website\",\"url\":\"https:\/\/jornalfatosenoticias.com.br\/\",\"name\":\"Jornal Fatos e Not\u00edcias\",\"description\":\"Not\u00edcias em geral\",\"publisher\":{\"@id\":\"https:\/\/jornalfatosenoticias.com.br\/#organization\"},\"potentialAction\":[{\"@type\":\"SearchAction\",\"target\":{\"@type\":\"EntryPoint\",\"urlTemplate\":\"https:\/\/jornalfatosenoticias.com.br\/?s={search_term_string}\"},\"query-input\":{\"@type\":\"PropertyValueSpecification\",\"valueRequired\":true,\"valueName\":\"search_term_string\"}}],\"inLanguage\":\"pt-BR\"},{\"@type\":\"Organization\",\"@id\":\"https:\/\/jornalfatosenoticias.com.br\/#organization\",\"name\":\"Jornal Fatos e Not\u00edcias\",\"url\":\"https:\/\/jornalfatosenoticias.com.br\/\",\"logo\":{\"@type\":\"ImageObject\",\"inLanguage\":\"pt-BR\",\"@id\":\"https:\/\/jornalfatosenoticias.com.br\/#\/schema\/logo\/image\/\",\"url\":\"https:\/\/jornalfatosenoticias.com.br\/wp-content\/uploads\/2020\/02\/logo120.png\",\"contentUrl\":\"https:\/\/jornalfatosenoticias.com.br\/wp-content\/uploads\/2020\/02\/logo120.png\",\"width\":1227,\"height\":120,\"caption\":\"Jornal Fatos e Not\u00edcias\"},\"image\":{\"@id\":\"https:\/\/jornalfatosenoticias.com.br\/#\/schema\/logo\/image\/\"}},{\"@type\":\"Person\",\"@id\":\"https:\/\/jornalfatosenoticias.com.br\/#\/schema\/person\/d63837fa13ac8666eb9e74e0985d6f81\",\"name\":\"Luzimara Fernandes\",\"image\":{\"@type\":\"ImageObject\",\"inLanguage\":\"pt-BR\",\"@id\":\"https:\/\/jornalfatosenoticias.com.br\/#\/schema\/person\/image\/\",\"url\":\"https:\/\/jornalfatosenoticias.com.br\/wp-content\/uploads\/2025\/05\/EU_portal.jpg\",\"contentUrl\":\"https:\/\/jornalfatosenoticias.com.br\/wp-content\/uploads\/2025\/05\/EU_portal.jpg\",\"caption\":\"Luzimara Fernandes\"},\"description\":\"Jornalista MTB 2358-ES\",\"sameAs\":[\"https:\/\/jornalfatosenoticias.com.br\"],\"url\":\"https:\/\/jornalfatosenoticias.com.br\/index.php\/author\/luzimara\/\"}]}<\/script>\n<!-- \/ Yoast SEO plugin. -->","yoast_head_json":{"title":"Brasil reciclou 97,4% de latas de alum\u00ednio em 2020 - Jornal Fatos e Not\u00edcias","robots":{"index":"index","follow":"follow","max-snippet":"max-snippet:-1","max-image-preview":"max-image-preview:large","max-video-preview":"max-video-preview:-1"},"canonical":"https:\/\/jornalfatosenoticias.com.br\/index.php\/2021\/04\/30\/brasil-reciclou-974-de-latas-de-aluminio-em-2020\/","og_locale":"pt_BR","og_type":"article","og_title":"Brasil reciclou 97,4% de latas de alum\u00ednio em 2020 - Jornal Fatos e Not\u00edcias","og_description":"Pa\u00eds se mant\u00e9m entre os l\u00edderes mundiais de reciclagem de latinhas Apesar das dificuldades enfrentadas pelo Brasil por conta da pandemia da Covid-19, como a interrup\u00e7\u00e3o de atividades de coleta seletiva em diversos munic\u00edpios e a suspens\u00e3o do trabalho de cooperativas e catadores, a cadeia de latas de alum\u00ednio para bebidas apresenta resultado positivo.\u00c9 o [&hellip;]","og_url":"https:\/\/jornalfatosenoticias.com.br\/index.php\/2021\/04\/30\/brasil-reciclou-974-de-latas-de-aluminio-em-2020\/","og_site_name":"Jornal Fatos e Not\u00edcias","article_published_time":"2021-04-30T22:15:35+00:00","article_modified_time":"2021-04-30T22:15:37+00:00","og_image":[{"width":1000,"height":666,"url":"https:\/\/jornalfatosenoticias.com.br\/wp-content\/uploads\/2021\/04\/reciclagem_iStock.jpg","type":"image\/jpeg"}],"author":"Luzimara Fernandes","twitter_card":"summary_large_image","twitter_misc":{"Escrito por":"Luzimara Fernandes","Est. tempo de leitura":"2 minutos"},"schema":{"@context":"https:\/\/schema.org","@graph":[{"@type":"Article","@id":"https:\/\/jornalfatosenoticias.com.br\/index.php\/2021\/04\/30\/brasil-reciclou-974-de-latas-de-aluminio-em-2020\/#article","isPartOf":{"@id":"https:\/\/jornalfatosenoticias.com.br\/index.php\/2021\/04\/30\/brasil-reciclou-974-de-latas-de-aluminio-em-2020\/"},"author":{"name":"Luzimara Fernandes","@id":"https:\/\/jornalfatosenoticias.com.br\/#\/schema\/person\/d63837fa13ac8666eb9e74e0985d6f81"},"headline":"Brasil reciclou 97,4% de latas de alum\u00ednio em 2020","datePublished":"2021-04-30T22:15:35+00:00","dateModified":"2021-04-30T22:15:37+00:00","mainEntityOfPage":{"@id":"https:\/\/jornalfatosenoticias.com.br\/index.php\/2021\/04\/30\/brasil-reciclou-974-de-latas-de-aluminio-em-2020\/"},"wordCount":412,"commentCount":0,"publisher":{"@id":"https:\/\/jornalfatosenoticias.com.br\/#organization"},"image":{"@id":"https:\/\/jornalfatosenoticias.com.br\/index.php\/2021\/04\/30\/brasil-reciclou-974-de-latas-de-aluminio-em-2020\/#primaryimage"},"thumbnailUrl":"https:\/\/jornalfatosenoticias.com.br\/wp-content\/uploads\/2021\/04\/reciclagem_iStock.jpg","keywords":["catadores","latas de alum\u00ednio","reciclagem","reciclagem de latinhas"],"articleSection":["Meio ambiente"],"inLanguage":"pt-BR","potentialAction":[{"@type":"CommentAction","name":"Comment","target":["https:\/\/jornalfatosenoticias.com.br\/index.php\/2021\/04\/30\/brasil-reciclou-974-de-latas-de-aluminio-em-2020\/#respond"]}]},{"@type":"WebPage","@id":"https:\/\/jornalfatosenoticias.com.br\/index.php\/2021\/04\/30\/brasil-reciclou-974-de-latas-de-aluminio-em-2020\/","url":"https:\/\/jornalfatosenoticias.com.br\/index.php\/2021\/04\/30\/brasil-reciclou-974-de-latas-de-aluminio-em-2020\/","name":"Brasil reciclou 97,4% de latas de alum\u00ednio em 2020 - Jornal Fatos e Not\u00edcias","isPartOf":{"@id":"https:\/\/jornalfatosenoticias.com.br\/#website"},"primaryImageOfPage":{"@id":"https:\/\/jornalfatosenoticias.com.br\/index.php\/2021\/04\/30\/brasil-reciclou-974-de-latas-de-aluminio-em-2020\/#primaryimage"},"image":{"@id":"https:\/\/jornalfatosenoticias.com.br\/index.php\/2021\/04\/30\/brasil-reciclou-974-de-latas-de-aluminio-em-2020\/#primaryimage"},"thumbnailUrl":"https:\/\/jornalfatosenoticias.com.br\/wp-content\/uploads\/2021\/04\/reciclagem_iStock.jpg","datePublished":"2021-04-30T22:15:35+00:00","dateModified":"2021-04-30T22:15:37+00:00","breadcrumb":{"@id":"https:\/\/jornalfatosenoticias.com.br\/index.php\/2021\/04\/30\/brasil-reciclou-974-de-latas-de-aluminio-em-2020\/#breadcrumb"},"inLanguage":"pt-BR","potentialAction":[{"@type":"ReadAction","target":["https:\/\/jornalfatosenoticias.com.br\/index.php\/2021\/04\/30\/brasil-reciclou-974-de-latas-de-aluminio-em-2020\/"]}]},{"@type":"ImageObject","inLanguage":"pt-BR","@id":"https:\/\/jornalfatosenoticias.com.br\/index.php\/2021\/04\/30\/brasil-reciclou-974-de-latas-de-aluminio-em-2020\/#primaryimage","url":"https:\/\/jornalfatosenoticias.com.br\/wp-content\/uploads\/2021\/04\/reciclagem_iStock.jpg","contentUrl":"https:\/\/jornalfatosenoticias.com.br\/wp-content\/uploads\/2021\/04\/reciclagem_iStock.jpg","width":1000,"height":666,"caption":"Hand holding aluminum can for recycle"},{"@type":"BreadcrumbList","@id":"https:\/\/jornalfatosenoticias.com.br\/index.php\/2021\/04\/30\/brasil-reciclou-974-de-latas-de-aluminio-em-2020\/#breadcrumb","itemListElement":[{"@type":"ListItem","position":1,"name":"In\u00edcio","item":"https:\/\/jornalfatosenoticias.com.br\/"},{"@type":"ListItem","position":2,"name":"Brasil reciclou 97,4% de latas de alum\u00ednio em 2020"}]},{"@type":"WebSite","@id":"https:\/\/jornalfatosenoticias.com.br\/#website","url":"https:\/\/jornalfatosenoticias.com.br\/","name":"Jornal Fatos e Not\u00edcias","description":"Not\u00edcias em geral","publisher":{"@id":"https:\/\/jornalfatosenoticias.com.br\/#organization"},"potentialAction":[{"@type":"SearchAction","target":{"@type":"EntryPoint","urlTemplate":"https:\/\/jornalfatosenoticias.com.br\/?s={search_term_string}"},"query-input":{"@type":"PropertyValueSpecification","valueRequired":true,"valueName":"search_term_string"}}],"inLanguage":"pt-BR"},{"@type":"Organization","@id":"https:\/\/jornalfatosenoticias.com.br\/#organization","name":"Jornal Fatos e Not\u00edcias","url":"https:\/\/jornalfatosenoticias.com.br\/","logo":{"@type":"ImageObject","inLanguage":"pt-BR","@id":"https:\/\/jornalfatosenoticias.com.br\/#\/schema\/logo\/image\/","url":"https:\/\/jornalfatosenoticias.com.br\/wp-content\/uploads\/2020\/02\/logo120.png","contentUrl":"https:\/\/jornalfatosenoticias.com.br\/wp-content\/uploads\/2020\/02\/logo120.png","width":1227,"height":120,"caption":"Jornal Fatos e Not\u00edcias"},"image":{"@id":"https:\/\/jornalfatosenoticias.com.br\/#\/schema\/logo\/image\/"}},{"@type":"Person","@id":"https:\/\/jornalfatosenoticias.com.br\/#\/schema\/person\/d63837fa13ac8666eb9e74e0985d6f81","name":"Luzimara Fernandes","image":{"@type":"ImageObject","inLanguage":"pt-BR","@id":"https:\/\/jornalfatosenoticias.com.br\/#\/schema\/person\/image\/","url":"https:\/\/jornalfatosenoticias.com.br\/wp-content\/uploads\/2025\/05\/EU_portal.jpg","contentUrl":"https:\/\/jornalfatosenoticias.com.br\/wp-content\/uploads\/2025\/05\/EU_portal.jpg","caption":"Luzimara Fernandes"},"description":"Jornalista MTB 2358-ES","sameAs":["https:\/\/jornalfatosenoticias.com.br"],"url":"https:\/\/jornalfatosenoticias.com.br\/index.php\/author\/luzimara\/"}]}},"cc_featured_image_caption":{"caption_text":"(Foto: iStock)","source_text":"","source_url":""},"jetpack_featured_media_url":"https:\/\/jornalfatosenoticias.com.br\/wp-content\/uploads\/2021\/04\/reciclagem_iStock.jpg","_links":{"self":[{"href":"https:\/\/jornalfatosenoticias.com.br\/index.php\/wp-json\/wp\/v2\/posts\/17683","targetHints":{"allow":["GET"]}}],"collection":[{"href":"https:\/\/jornalfatosenoticias.com.br\/index.php\/wp-json\/wp\/v2\/posts"}],"about":[{"href":"https:\/\/jornalfatosenoticias.com.br\/index.php\/wp-json\/wp\/v2\/types\/post"}],"author":[{"embeddable":true,"href":"https:\/\/jornalfatosenoticias.com.br\/index.php\/wp-json\/wp\/v2\/users\/2"}],"replies":[{"embeddable":true,"href":"https:\/\/jornalfatosenoticias.com.br\/index.php\/wp-json\/wp\/v2\/comments?post=17683"}],"version-history":[{"count":0,"href":"https:\/\/jornalfatosenoticias.com.br\/index.php\/wp-json\/wp\/v2\/posts\/17683\/revisions"}],"wp:featuredmedia":[{"embeddable":true,"href":"https:\/\/jornalfatosenoticias.com.br\/index.php\/wp-json\/wp\/v2\/media\/17685"}],"wp:attachment":[{"href":"https:\/\/jornalfatosenoticias.com.br\/index.php\/wp-json\/wp\/v2\/media?parent=17683"}],"wp:term":[{"taxonomy":"category","embeddable":true,"href":"https:\/\/jornalfatosenoticias.com.br\/index.php\/wp-json\/wp\/v2\/categories?post=17683"},{"taxonomy":"post_tag","embeddable":true,"href":"https:\/\/jornalfatosenoticias.com.br\/index.php\/wp-json\/wp\/v2\/tags?post=17683"}],"curies":[{"name":"wp","href":"https:\/\/api.w.org\/{rel}","templated":true}]}}