{"id":17798,"date":"2021-05-04T10:14:43","date_gmt":"2021-05-04T13:14:43","guid":{"rendered":"https:\/\/jornalfatosenoticias.com.br\/?p=17798"},"modified":"2021-05-04T10:14:47","modified_gmt":"2021-05-04T13:14:47","slug":"dinossauro-que-viveu-ha-cerca-de-85-milhoes-de-anos-no-interior-de-sp-pertence-a-uma-especie-inedita","status":"publish","type":"post","link":"https:\/\/jornalfatosenoticias.com.br\/index.php\/2021\/05\/04\/dinossauro-que-viveu-ha-cerca-de-85-milhoes-de-anos-no-interior-de-sp-pertence-a-uma-especie-inedita\/","title":{"rendered":"Dinossauro que viveu h\u00e1 cerca de 85 milh\u00f5es de anos no interior de SP, pertence a uma esp\u00e9cie in\u00e9dita"},"content":{"rendered":"\n<p><em>&#8216;Arrudatitan maximus&#8217;, a \u00fanica esp\u00e9cie do g\u00eanero, faz parte do grupo dos titanossauros. Com pesco\u00e7o e caudas longas, animal de 22m \u00e9 do per\u00edodo Cret\u00e1ceo, antes da separa\u00e7\u00e3o da Pangeia<\/em><\/p>\n\n\n\n<p>De acordo com um estudo recente publicado pela revista cient\u00edfica Historical Biology, pesquisadores fizeram novas descobertas sobre um g\u00eanero de dinossauro encontrado no interior de S\u00e3o Paulo. As informa\u00e7\u00f5es foram repercutidas nesta ter\u00e7a-feira (4) no portal de not\u00edcias <a href=\"https:\/\/g1.globo.com\/sp\/ribeirao-preto-franca\/noticia\/2021\/05\/04\/pesquisadores-descobrem-genero-de-dinossauro-que-viveu-ha-85-milhoes-de-anos-no-interior-de-sp.ghtml\" rel=\"noreferrer noopener\" target=\"_blank\">G1<\/a>.<br>Com ajuda de novas tecnologias, especialistas da Universidade de S\u00e3o Paulo (USP) em Ribeir\u00e3o Preto (SP), em parceria com o Museu de Paleontologia de Monte Alto (SP), descobriram que f\u00f3sseis encontrados em 1997, em C\u00e2ndido Rodrigues, cidade localizada no interior de S\u00e3o Paulo, pertencem a uma esp\u00e9cie in\u00e9dita de <a href=\"https:\/\/aventurasnahistoria.uol.com.br\/noticias\/historia-hoje\/durante-obras-em-pedagio-em-sao-paulo-trabalhadores-encontram-fosseis-de-dinossauros.phtml\" rel=\"noreferrer noopener\" target=\"_blank\">titanossauro<\/a>.<br>Segundo revelado na publica\u00e7\u00e3o, o animal de 22 metros de comprimento, viveu h\u00e1 cerca de 85 milh\u00f5es de anos durante o per\u00edodo Cret\u00e1ceo.<br>De acordo com o principal autor do estudo, <strong>Julian Junior<\/strong>, o novo g\u00eanero \u00e9 exclusivo de <a href=\"https:\/\/aventurasnahistoria.uol.com.br\/noticias\/almanaque\/bom-dia-veronica-o-eletrizante-livro-que-inspirou-serie-da-netflix.phtml\" rel=\"noreferrer noopener\" target=\"_blank\">S\u00e3o Paulo<\/a>. H\u00e1 24 anos, acreditava-se que o dinossauro em quest\u00e3o pertencia a uma esp\u00e9cie de dinossauros da Argentina, conhecida como Aelosaurus.<\/p>\n\n\n\n<div class=\"wp-block-jetpack-slideshow aligncenter\" data-effect=\"slide\"><div class=\"wp-block-jetpack-slideshow_container swiper-container\"><ul class=\"wp-block-jetpack-slideshow_swiper-wrapper swiper-wrapper\"><li class=\"wp-block-jetpack-slideshow_slide swiper-slide\"><figure><img loading=\"lazy\" decoding=\"async\" width=\"1000\" height=\"562\" alt=\"\" class=\"wp-block-jetpack-slideshow_image wp-image-17799\" data-id=\"17799\" src=\"https:\/\/jornalfatosenoticias.com.br\/wp-content\/uploads\/2021\/05\/dino_2.jpg\" srcset=\"https:\/\/jornalfatosenoticias.com.br\/wp-content\/uploads\/2021\/05\/dino_2.jpg 1000w, https:\/\/jornalfatosenoticias.com.br\/wp-content\/uploads\/2021\/05\/dino_2-300x169.jpg 300w, https:\/\/jornalfatosenoticias.com.br\/wp-content\/uploads\/2021\/05\/dino_2-768x432.jpg 768w\" sizes=\"auto, (max-width: 1000px) 100vw, 1000px\" \/><figcaption class=\"wp-block-jetpack-slideshow_caption gallery-caption\">F\u00f3sseis do Arrudatitan maximus (Foto: Divulga\u00e7\u00e3o\/Museu de Paleontologia de Monte Alto\/Arquivo)<\/figcaption><\/figure><\/li><li class=\"wp-block-jetpack-slideshow_slide swiper-slide\"><figure><img loading=\"lazy\" decoding=\"async\" width=\"1000\" height=\"562\" alt=\"\" class=\"wp-block-jetpack-slideshow_image wp-image-17800\" data-id=\"17800\" src=\"https:\/\/jornalfatosenoticias.com.br\/wp-content\/uploads\/2021\/05\/dino_3.jpg\" srcset=\"https:\/\/jornalfatosenoticias.com.br\/wp-content\/uploads\/2021\/05\/dino_3.jpg 1000w, https:\/\/jornalfatosenoticias.com.br\/wp-content\/uploads\/2021\/05\/dino_3-300x169.jpg 300w, https:\/\/jornalfatosenoticias.com.br\/wp-content\/uploads\/2021\/05\/dino_3-768x432.jpg 768w\" sizes=\"auto, (max-width: 1000px) 100vw, 1000px\" \/><figcaption class=\"wp-block-jetpack-slideshow_caption gallery-caption\">Ossos de dinossauro encontrado no interior de SP (Foto: Divulga\u00e7\u00e3o\/Museu de Paleontologia de Monte Alto\/Divulga\u00e7\u00e3o)<\/figcaption><\/figure><\/li><li class=\"wp-block-jetpack-slideshow_slide swiper-slide\"><figure><img loading=\"lazy\" decoding=\"async\" width=\"1000\" height=\"562\" alt=\"\" class=\"wp-block-jetpack-slideshow_image wp-image-17801\" data-id=\"17801\" src=\"https:\/\/jornalfatosenoticias.com.br\/wp-content\/uploads\/2021\/05\/dino_4.jpg\" srcset=\"https:\/\/jornalfatosenoticias.com.br\/wp-content\/uploads\/2021\/05\/dino_4.jpg 1000w, https:\/\/jornalfatosenoticias.com.br\/wp-content\/uploads\/2021\/05\/dino_4-300x169.jpg 300w, https:\/\/jornalfatosenoticias.com.br\/wp-content\/uploads\/2021\/05\/dino_4-768x432.jpg 768w\" sizes=\"auto, (max-width: 1000px) 100vw, 1000px\" \/><figcaption class=\"wp-block-jetpack-slideshow_caption gallery-caption\">F\u00f3ssil do &#8216;Arrudatitan maximus&#8217; (Foto: Divulga\u00e7\u00e3o\/\u00c9rico Andrade\/G1)<\/figcaption><\/figure><\/li><\/ul><a class=\"wp-block-jetpack-slideshow_button-prev swiper-button-prev swiper-button-white\" role=\"button\"><\/a><a class=\"wp-block-jetpack-slideshow_button-next swiper-button-next swiper-button-white\" role=\"button\"><\/a><a aria-label=\"Pause Slideshow\" class=\"wp-block-jetpack-slideshow_button-pause\" role=\"button\"><\/a><div class=\"wp-block-jetpack-slideshow_pagination swiper-pagination swiper-pagination-white\"><\/div><\/div><\/div>\n\n\n\n<p>Entretanto, os novos estudos conclu\u00edram diversas diferen\u00e7as entre eles, por isso, o dinossauro foi rebatizado e agora \u00e9 chamado de Arrudatitan maximus. De acordo com os pesquisadores, a principal diferen\u00e7a entre o gigante jur\u00e1ssico argentino e o encontrado no interior de SP, est\u00e1 na articula\u00e7\u00e3o da cauda e na ancestralidade gen\u00e9tica.<br>De acordo com o paleont\u00f3logo envolvido na pesquisa, <strong>Fabiano Iori<\/strong>, o achado ajuda a entender melhor sobre os dinossauros que viveram em solo brasileiro: &#8220;Esta descoberta d\u00e1 uma cara mais regional e in\u00e9dita para a <a href=\"https:\/\/aventurasnahistoria.uol.com.br\/noticias\/historia-hoje\/repleto-de-predadores-descoberto-o-local-mais-perigoso-da-terra-ha-100-milhoes-de-anos.phtml\" rel=\"noreferrer noopener\" target=\"_blank\">paleontologia<\/a> brasileira, al\u00e9m de refinar nosso conhecimento sobre os titanossauros, que s\u00e3o estes dinossauros pesco\u00e7udos&#8221;, afirma.<\/p>\n\n\n\n<p>Leia a pesquisa completa <a href=\"https:\/\/www.tandfonline.com\/doi\/full\/10.1080\/08912963.2021.1920016\" rel=\"noreferrer noopener\" target=\"_blank\">aqui<\/a>.<\/p>\n\n\n\n<p><em><strong>Fonte: <a href=\"https:\/\/aventurasnahistoria.uol.com.br\/noticias\/historia-hoje\/dinossauro-que-viveu-ha-cerca-de-85-milhoes-de-anos-no-interior-de-sp-pertence-uma-especie-inedita.phtml\">Aventuras na Hist\u00f3ria<\/a><\/strong><\/em><\/p>\n","protected":false},"excerpt":{"rendered":"<p>&#8216;Arrudatitan maximus&#8217;, a \u00fanica esp\u00e9cie do g\u00eanero, faz parte do grupo dos titanossauros. Com pesco\u00e7o e caudas longas, animal de 22m \u00e9 do per\u00edodo Cret\u00e1ceo, antes da separa\u00e7\u00e3o da Pangeia De acordo com um estudo recente publicado pela revista cient\u00edfica Historical Biology, pesquisadores fizeram novas descobertas sobre um g\u00eanero de dinossauro encontrado no interior de [&hellip;]<\/p>\n","protected":false},"author":2,"featured_media":17802,"comment_status":"open","ping_status":"open","sticky":false,"template":"","format":"standard","meta":{"footnotes":""},"categories":[2],"tags":[597,3423,663,594,1115,305],"class_list":["post-17798","post","type-post","status-publish","format-standard","has-post-thumbnail","hentry","category-ciencia","tag-brasil","tag-dinossauro","tag-fossil","tag-nova-especie","tag-paleontologia","tag-sao-paulo"],"yoast_head":"<!-- This site is optimized with the Yoast SEO plugin v26.5 - https:\/\/yoast.com\/wordpress\/plugins\/seo\/ -->\n<title>Dinossauro que viveu h\u00e1 cerca de 85 milh\u00f5es de anos no interior de SP, pertence a uma esp\u00e9cie in\u00e9dita - Jornal Fatos e Not\u00edcias<\/title>\n<meta name=\"robots\" content=\"index, follow, max-snippet:-1, max-image-preview:large, max-video-preview:-1\" \/>\n<link rel=\"canonical\" href=\"https:\/\/jornalfatosenoticias.com.br\/index.php\/2021\/05\/04\/dinossauro-que-viveu-ha-cerca-de-85-milhoes-de-anos-no-interior-de-sp-pertence-a-uma-especie-inedita\/\" \/>\n<meta property=\"og:locale\" content=\"pt_BR\" \/>\n<meta property=\"og:type\" content=\"article\" \/>\n<meta property=\"og:title\" content=\"Dinossauro que viveu h\u00e1 cerca de 85 milh\u00f5es de anos no interior de SP, pertence a uma esp\u00e9cie in\u00e9dita - Jornal Fatos e Not\u00edcias\" \/>\n<meta property=\"og:description\" content=\"&#8216;Arrudatitan maximus&#8217;, a \u00fanica esp\u00e9cie do g\u00eanero, faz parte do grupo dos titanossauros. Com pesco\u00e7o e caudas longas, animal de 22m \u00e9 do per\u00edodo Cret\u00e1ceo, antes da separa\u00e7\u00e3o da Pangeia De acordo com um estudo recente publicado pela revista cient\u00edfica Historical Biology, pesquisadores fizeram novas descobertas sobre um g\u00eanero de dinossauro encontrado no interior de [&hellip;]\" \/>\n<meta property=\"og:url\" content=\"https:\/\/jornalfatosenoticias.com.br\/index.php\/2021\/05\/04\/dinossauro-que-viveu-ha-cerca-de-85-milhoes-de-anos-no-interior-de-sp-pertence-a-uma-especie-inedita\/\" \/>\n<meta property=\"og:site_name\" content=\"Jornal Fatos e Not\u00edcias\" \/>\n<meta property=\"article:published_time\" content=\"2021-05-04T13:14:43+00:00\" \/>\n<meta property=\"article:modified_time\" content=\"2021-05-04T13:14:47+00:00\" \/>\n<meta property=\"og:image\" content=\"https:\/\/jornalfatosenoticias.com.br\/wp-content\/uploads\/2021\/05\/dinossauro-arrudatitan-maximus.jpeg\" \/>\n\t<meta property=\"og:image:width\" content=\"1000\" \/>\n\t<meta property=\"og:image:height\" content=\"660\" \/>\n\t<meta property=\"og:image:type\" content=\"image\/jpeg\" \/>\n<meta name=\"author\" content=\"Luzimara Fernandes\" \/>\n<meta name=\"twitter:card\" content=\"summary_large_image\" \/>\n<meta name=\"twitter:label1\" content=\"Escrito por\" \/>\n\t<meta name=\"twitter:data1\" content=\"Luzimara Fernandes\" \/>\n\t<meta name=\"twitter:label2\" content=\"Est. tempo de leitura\" \/>\n\t<meta name=\"twitter:data2\" content=\"2 minutos\" \/>\n<script type=\"application\/ld+json\" class=\"yoast-schema-graph\">{\"@context\":\"https:\/\/schema.org\",\"@graph\":[{\"@type\":\"Article\",\"@id\":\"https:\/\/jornalfatosenoticias.com.br\/index.php\/2021\/05\/04\/dinossauro-que-viveu-ha-cerca-de-85-milhoes-de-anos-no-interior-de-sp-pertence-a-uma-especie-inedita\/#article\",\"isPartOf\":{\"@id\":\"https:\/\/jornalfatosenoticias.com.br\/index.php\/2021\/05\/04\/dinossauro-que-viveu-ha-cerca-de-85-milhoes-de-anos-no-interior-de-sp-pertence-a-uma-especie-inedita\/\"},\"author\":{\"name\":\"Luzimara Fernandes\",\"@id\":\"https:\/\/jornalfatosenoticias.com.br\/#\/schema\/person\/d63837fa13ac8666eb9e74e0985d6f81\"},\"headline\":\"Dinossauro que viveu h\u00e1 cerca de 85 milh\u00f5es de anos no interior de SP, pertence a uma esp\u00e9cie in\u00e9dita\",\"datePublished\":\"2021-05-04T13:14:43+00:00\",\"dateModified\":\"2021-05-04T13:14:47+00:00\",\"mainEntityOfPage\":{\"@id\":\"https:\/\/jornalfatosenoticias.com.br\/index.php\/2021\/05\/04\/dinossauro-que-viveu-ha-cerca-de-85-milhoes-de-anos-no-interior-de-sp-pertence-a-uma-especie-inedita\/\"},\"wordCount\":388,\"commentCount\":0,\"publisher\":{\"@id\":\"https:\/\/jornalfatosenoticias.com.br\/#organization\"},\"image\":{\"@id\":\"https:\/\/jornalfatosenoticias.com.br\/index.php\/2021\/05\/04\/dinossauro-que-viveu-ha-cerca-de-85-milhoes-de-anos-no-interior-de-sp-pertence-a-uma-especie-inedita\/#primaryimage\"},\"thumbnailUrl\":\"https:\/\/jornalfatosenoticias.com.br\/wp-content\/uploads\/2021\/05\/dinossauro-arrudatitan-maximus.jpeg\",\"keywords\":[\"Brasil\",\"dinossauro\",\"f\u00f3ssil\",\"nova esp\u00e9cie\",\"paleontologia\",\"S\u00e3o Paulo\"],\"articleSection\":[\"Ci\u00eancia\"],\"inLanguage\":\"pt-BR\",\"potentialAction\":[{\"@type\":\"CommentAction\",\"name\":\"Comment\",\"target\":[\"https:\/\/jornalfatosenoticias.com.br\/index.php\/2021\/05\/04\/dinossauro-que-viveu-ha-cerca-de-85-milhoes-de-anos-no-interior-de-sp-pertence-a-uma-especie-inedita\/#respond\"]}]},{\"@type\":\"WebPage\",\"@id\":\"https:\/\/jornalfatosenoticias.com.br\/index.php\/2021\/05\/04\/dinossauro-que-viveu-ha-cerca-de-85-milhoes-de-anos-no-interior-de-sp-pertence-a-uma-especie-inedita\/\",\"url\":\"https:\/\/jornalfatosenoticias.com.br\/index.php\/2021\/05\/04\/dinossauro-que-viveu-ha-cerca-de-85-milhoes-de-anos-no-interior-de-sp-pertence-a-uma-especie-inedita\/\",\"name\":\"Dinossauro que viveu h\u00e1 cerca de 85 milh\u00f5es de anos no interior de SP, pertence a uma esp\u00e9cie in\u00e9dita - Jornal Fatos e Not\u00edcias\",\"isPartOf\":{\"@id\":\"https:\/\/jornalfatosenoticias.com.br\/#website\"},\"primaryImageOfPage\":{\"@id\":\"https:\/\/jornalfatosenoticias.com.br\/index.php\/2021\/05\/04\/dinossauro-que-viveu-ha-cerca-de-85-milhoes-de-anos-no-interior-de-sp-pertence-a-uma-especie-inedita\/#primaryimage\"},\"image\":{\"@id\":\"https:\/\/jornalfatosenoticias.com.br\/index.php\/2021\/05\/04\/dinossauro-que-viveu-ha-cerca-de-85-milhoes-de-anos-no-interior-de-sp-pertence-a-uma-especie-inedita\/#primaryimage\"},\"thumbnailUrl\":\"https:\/\/jornalfatosenoticias.com.br\/wp-content\/uploads\/2021\/05\/dinossauro-arrudatitan-maximus.jpeg\",\"datePublished\":\"2021-05-04T13:14:43+00:00\",\"dateModified\":\"2021-05-04T13:14:47+00:00\",\"breadcrumb\":{\"@id\":\"https:\/\/jornalfatosenoticias.com.br\/index.php\/2021\/05\/04\/dinossauro-que-viveu-ha-cerca-de-85-milhoes-de-anos-no-interior-de-sp-pertence-a-uma-especie-inedita\/#breadcrumb\"},\"inLanguage\":\"pt-BR\",\"potentialAction\":[{\"@type\":\"ReadAction\",\"target\":[\"https:\/\/jornalfatosenoticias.com.br\/index.php\/2021\/05\/04\/dinossauro-que-viveu-ha-cerca-de-85-milhoes-de-anos-no-interior-de-sp-pertence-a-uma-especie-inedita\/\"]}]},{\"@type\":\"ImageObject\",\"inLanguage\":\"pt-BR\",\"@id\":\"https:\/\/jornalfatosenoticias.com.br\/index.php\/2021\/05\/04\/dinossauro-que-viveu-ha-cerca-de-85-milhoes-de-anos-no-interior-de-sp-pertence-a-uma-especie-inedita\/#primaryimage\",\"url\":\"https:\/\/jornalfatosenoticias.com.br\/wp-content\/uploads\/2021\/05\/dinossauro-arrudatitan-maximus.jpeg\",\"contentUrl\":\"https:\/\/jornalfatosenoticias.com.br\/wp-content\/uploads\/2021\/05\/dinossauro-arrudatitan-maximus.jpeg\",\"width\":1000,\"height\":660},{\"@type\":\"BreadcrumbList\",\"@id\":\"https:\/\/jornalfatosenoticias.com.br\/index.php\/2021\/05\/04\/dinossauro-que-viveu-ha-cerca-de-85-milhoes-de-anos-no-interior-de-sp-pertence-a-uma-especie-inedita\/#breadcrumb\",\"itemListElement\":[{\"@type\":\"ListItem\",\"position\":1,\"name\":\"In\u00edcio\",\"item\":\"https:\/\/jornalfatosenoticias.com.br\/\"},{\"@type\":\"ListItem\",\"position\":2,\"name\":\"Dinossauro que viveu h\u00e1 cerca de 85 milh\u00f5es de anos no interior de SP, pertence a uma esp\u00e9cie in\u00e9dita\"}]},{\"@type\":\"WebSite\",\"@id\":\"https:\/\/jornalfatosenoticias.com.br\/#website\",\"url\":\"https:\/\/jornalfatosenoticias.com.br\/\",\"name\":\"Jornal Fatos e Not\u00edcias\",\"description\":\"Not\u00edcias em geral\",\"publisher\":{\"@id\":\"https:\/\/jornalfatosenoticias.com.br\/#organization\"},\"potentialAction\":[{\"@type\":\"SearchAction\",\"target\":{\"@type\":\"EntryPoint\",\"urlTemplate\":\"https:\/\/jornalfatosenoticias.com.br\/?s={search_term_string}\"},\"query-input\":{\"@type\":\"PropertyValueSpecification\",\"valueRequired\":true,\"valueName\":\"search_term_string\"}}],\"inLanguage\":\"pt-BR\"},{\"@type\":\"Organization\",\"@id\":\"https:\/\/jornalfatosenoticias.com.br\/#organization\",\"name\":\"Jornal Fatos e Not\u00edcias\",\"url\":\"https:\/\/jornalfatosenoticias.com.br\/\",\"logo\":{\"@type\":\"ImageObject\",\"inLanguage\":\"pt-BR\",\"@id\":\"https:\/\/jornalfatosenoticias.com.br\/#\/schema\/logo\/image\/\",\"url\":\"https:\/\/jornalfatosenoticias.com.br\/wp-content\/uploads\/2020\/02\/logo120.png\",\"contentUrl\":\"https:\/\/jornalfatosenoticias.com.br\/wp-content\/uploads\/2020\/02\/logo120.png\",\"width\":1227,\"height\":120,\"caption\":\"Jornal Fatos e Not\u00edcias\"},\"image\":{\"@id\":\"https:\/\/jornalfatosenoticias.com.br\/#\/schema\/logo\/image\/\"}},{\"@type\":\"Person\",\"@id\":\"https:\/\/jornalfatosenoticias.com.br\/#\/schema\/person\/d63837fa13ac8666eb9e74e0985d6f81\",\"name\":\"Luzimara Fernandes\",\"image\":{\"@type\":\"ImageObject\",\"inLanguage\":\"pt-BR\",\"@id\":\"https:\/\/jornalfatosenoticias.com.br\/#\/schema\/person\/image\/\",\"url\":\"https:\/\/jornalfatosenoticias.com.br\/wp-content\/uploads\/2025\/05\/EU_portal.jpg\",\"contentUrl\":\"https:\/\/jornalfatosenoticias.com.br\/wp-content\/uploads\/2025\/05\/EU_portal.jpg\",\"caption\":\"Luzimara Fernandes\"},\"description\":\"Jornalista MTB 2358-ES\",\"sameAs\":[\"https:\/\/jornalfatosenoticias.com.br\"],\"url\":\"https:\/\/jornalfatosenoticias.com.br\/index.php\/author\/luzimara\/\"}]}<\/script>\n<!-- \/ Yoast SEO plugin. -->","yoast_head_json":{"title":"Dinossauro que viveu h\u00e1 cerca de 85 milh\u00f5es de anos no interior de SP, pertence a uma esp\u00e9cie in\u00e9dita - Jornal Fatos e Not\u00edcias","robots":{"index":"index","follow":"follow","max-snippet":"max-snippet:-1","max-image-preview":"max-image-preview:large","max-video-preview":"max-video-preview:-1"},"canonical":"https:\/\/jornalfatosenoticias.com.br\/index.php\/2021\/05\/04\/dinossauro-que-viveu-ha-cerca-de-85-milhoes-de-anos-no-interior-de-sp-pertence-a-uma-especie-inedita\/","og_locale":"pt_BR","og_type":"article","og_title":"Dinossauro que viveu h\u00e1 cerca de 85 milh\u00f5es de anos no interior de SP, pertence a uma esp\u00e9cie in\u00e9dita - Jornal Fatos e Not\u00edcias","og_description":"&#8216;Arrudatitan maximus&#8217;, a \u00fanica esp\u00e9cie do g\u00eanero, faz parte do grupo dos titanossauros. Com pesco\u00e7o e caudas longas, animal de 22m \u00e9 do per\u00edodo Cret\u00e1ceo, antes da separa\u00e7\u00e3o da Pangeia De acordo com um estudo recente publicado pela revista cient\u00edfica Historical Biology, pesquisadores fizeram novas descobertas sobre um g\u00eanero de dinossauro encontrado no interior de [&hellip;]","og_url":"https:\/\/jornalfatosenoticias.com.br\/index.php\/2021\/05\/04\/dinossauro-que-viveu-ha-cerca-de-85-milhoes-de-anos-no-interior-de-sp-pertence-a-uma-especie-inedita\/","og_site_name":"Jornal Fatos e Not\u00edcias","article_published_time":"2021-05-04T13:14:43+00:00","article_modified_time":"2021-05-04T13:14:47+00:00","og_image":[{"width":1000,"height":660,"url":"https:\/\/jornalfatosenoticias.com.br\/wp-content\/uploads\/2021\/05\/dinossauro-arrudatitan-maximus.jpeg","type":"image\/jpeg"}],"author":"Luzimara Fernandes","twitter_card":"summary_large_image","twitter_misc":{"Escrito por":"Luzimara Fernandes","Est. tempo de leitura":"2 minutos"},"schema":{"@context":"https:\/\/schema.org","@graph":[{"@type":"Article","@id":"https:\/\/jornalfatosenoticias.com.br\/index.php\/2021\/05\/04\/dinossauro-que-viveu-ha-cerca-de-85-milhoes-de-anos-no-interior-de-sp-pertence-a-uma-especie-inedita\/#article","isPartOf":{"@id":"https:\/\/jornalfatosenoticias.com.br\/index.php\/2021\/05\/04\/dinossauro-que-viveu-ha-cerca-de-85-milhoes-de-anos-no-interior-de-sp-pertence-a-uma-especie-inedita\/"},"author":{"name":"Luzimara Fernandes","@id":"https:\/\/jornalfatosenoticias.com.br\/#\/schema\/person\/d63837fa13ac8666eb9e74e0985d6f81"},"headline":"Dinossauro que viveu h\u00e1 cerca de 85 milh\u00f5es de anos no interior de SP, pertence a uma esp\u00e9cie in\u00e9dita","datePublished":"2021-05-04T13:14:43+00:00","dateModified":"2021-05-04T13:14:47+00:00","mainEntityOfPage":{"@id":"https:\/\/jornalfatosenoticias.com.br\/index.php\/2021\/05\/04\/dinossauro-que-viveu-ha-cerca-de-85-milhoes-de-anos-no-interior-de-sp-pertence-a-uma-especie-inedita\/"},"wordCount":388,"commentCount":0,"publisher":{"@id":"https:\/\/jornalfatosenoticias.com.br\/#organization"},"image":{"@id":"https:\/\/jornalfatosenoticias.com.br\/index.php\/2021\/05\/04\/dinossauro-que-viveu-ha-cerca-de-85-milhoes-de-anos-no-interior-de-sp-pertence-a-uma-especie-inedita\/#primaryimage"},"thumbnailUrl":"https:\/\/jornalfatosenoticias.com.br\/wp-content\/uploads\/2021\/05\/dinossauro-arrudatitan-maximus.jpeg","keywords":["Brasil","dinossauro","f\u00f3ssil","nova esp\u00e9cie","paleontologia","S\u00e3o Paulo"],"articleSection":["Ci\u00eancia"],"inLanguage":"pt-BR","potentialAction":[{"@type":"CommentAction","name":"Comment","target":["https:\/\/jornalfatosenoticias.com.br\/index.php\/2021\/05\/04\/dinossauro-que-viveu-ha-cerca-de-85-milhoes-de-anos-no-interior-de-sp-pertence-a-uma-especie-inedita\/#respond"]}]},{"@type":"WebPage","@id":"https:\/\/jornalfatosenoticias.com.br\/index.php\/2021\/05\/04\/dinossauro-que-viveu-ha-cerca-de-85-milhoes-de-anos-no-interior-de-sp-pertence-a-uma-especie-inedita\/","url":"https:\/\/jornalfatosenoticias.com.br\/index.php\/2021\/05\/04\/dinossauro-que-viveu-ha-cerca-de-85-milhoes-de-anos-no-interior-de-sp-pertence-a-uma-especie-inedita\/","name":"Dinossauro que viveu h\u00e1 cerca de 85 milh\u00f5es de anos no interior de SP, pertence a uma esp\u00e9cie in\u00e9dita - Jornal Fatos e Not\u00edcias","isPartOf":{"@id":"https:\/\/jornalfatosenoticias.com.br\/#website"},"primaryImageOfPage":{"@id":"https:\/\/jornalfatosenoticias.com.br\/index.php\/2021\/05\/04\/dinossauro-que-viveu-ha-cerca-de-85-milhoes-de-anos-no-interior-de-sp-pertence-a-uma-especie-inedita\/#primaryimage"},"image":{"@id":"https:\/\/jornalfatosenoticias.com.br\/index.php\/2021\/05\/04\/dinossauro-que-viveu-ha-cerca-de-85-milhoes-de-anos-no-interior-de-sp-pertence-a-uma-especie-inedita\/#primaryimage"},"thumbnailUrl":"https:\/\/jornalfatosenoticias.com.br\/wp-content\/uploads\/2021\/05\/dinossauro-arrudatitan-maximus.jpeg","datePublished":"2021-05-04T13:14:43+00:00","dateModified":"2021-05-04T13:14:47+00:00","breadcrumb":{"@id":"https:\/\/jornalfatosenoticias.com.br\/index.php\/2021\/05\/04\/dinossauro-que-viveu-ha-cerca-de-85-milhoes-de-anos-no-interior-de-sp-pertence-a-uma-especie-inedita\/#breadcrumb"},"inLanguage":"pt-BR","potentialAction":[{"@type":"ReadAction","target":["https:\/\/jornalfatosenoticias.com.br\/index.php\/2021\/05\/04\/dinossauro-que-viveu-ha-cerca-de-85-milhoes-de-anos-no-interior-de-sp-pertence-a-uma-especie-inedita\/"]}]},{"@type":"ImageObject","inLanguage":"pt-BR","@id":"https:\/\/jornalfatosenoticias.com.br\/index.php\/2021\/05\/04\/dinossauro-que-viveu-ha-cerca-de-85-milhoes-de-anos-no-interior-de-sp-pertence-a-uma-especie-inedita\/#primaryimage","url":"https:\/\/jornalfatosenoticias.com.br\/wp-content\/uploads\/2021\/05\/dinossauro-arrudatitan-maximus.jpeg","contentUrl":"https:\/\/jornalfatosenoticias.com.br\/wp-content\/uploads\/2021\/05\/dinossauro-arrudatitan-maximus.jpeg","width":1000,"height":660},{"@type":"BreadcrumbList","@id":"https:\/\/jornalfatosenoticias.com.br\/index.php\/2021\/05\/04\/dinossauro-que-viveu-ha-cerca-de-85-milhoes-de-anos-no-interior-de-sp-pertence-a-uma-especie-inedita\/#breadcrumb","itemListElement":[{"@type":"ListItem","position":1,"name":"In\u00edcio","item":"https:\/\/jornalfatosenoticias.com.br\/"},{"@type":"ListItem","position":2,"name":"Dinossauro que viveu h\u00e1 cerca de 85 milh\u00f5es de anos no interior de SP, pertence a uma esp\u00e9cie in\u00e9dita"}]},{"@type":"WebSite","@id":"https:\/\/jornalfatosenoticias.com.br\/#website","url":"https:\/\/jornalfatosenoticias.com.br\/","name":"Jornal Fatos e Not\u00edcias","description":"Not\u00edcias em geral","publisher":{"@id":"https:\/\/jornalfatosenoticias.com.br\/#organization"},"potentialAction":[{"@type":"SearchAction","target":{"@type":"EntryPoint","urlTemplate":"https:\/\/jornalfatosenoticias.com.br\/?s={search_term_string}"},"query-input":{"@type":"PropertyValueSpecification","valueRequired":true,"valueName":"search_term_string"}}],"inLanguage":"pt-BR"},{"@type":"Organization","@id":"https:\/\/jornalfatosenoticias.com.br\/#organization","name":"Jornal Fatos e Not\u00edcias","url":"https:\/\/jornalfatosenoticias.com.br\/","logo":{"@type":"ImageObject","inLanguage":"pt-BR","@id":"https:\/\/jornalfatosenoticias.com.br\/#\/schema\/logo\/image\/","url":"https:\/\/jornalfatosenoticias.com.br\/wp-content\/uploads\/2020\/02\/logo120.png","contentUrl":"https:\/\/jornalfatosenoticias.com.br\/wp-content\/uploads\/2020\/02\/logo120.png","width":1227,"height":120,"caption":"Jornal Fatos e Not\u00edcias"},"image":{"@id":"https:\/\/jornalfatosenoticias.com.br\/#\/schema\/logo\/image\/"}},{"@type":"Person","@id":"https:\/\/jornalfatosenoticias.com.br\/#\/schema\/person\/d63837fa13ac8666eb9e74e0985d6f81","name":"Luzimara Fernandes","image":{"@type":"ImageObject","inLanguage":"pt-BR","@id":"https:\/\/jornalfatosenoticias.com.br\/#\/schema\/person\/image\/","url":"https:\/\/jornalfatosenoticias.com.br\/wp-content\/uploads\/2025\/05\/EU_portal.jpg","contentUrl":"https:\/\/jornalfatosenoticias.com.br\/wp-content\/uploads\/2025\/05\/EU_portal.jpg","caption":"Luzimara Fernandes"},"description":"Jornalista MTB 2358-ES","sameAs":["https:\/\/jornalfatosenoticias.com.br"],"url":"https:\/\/jornalfatosenoticias.com.br\/index.php\/author\/luzimara\/"}]}},"cc_featured_image_caption":{"caption_text":"(Foto: Ariel Milani Martine\/Divulga\u00e7\u00e3o) ","source_text":"","source_url":""},"jetpack_featured_media_url":"https:\/\/jornalfatosenoticias.com.br\/wp-content\/uploads\/2021\/05\/dinossauro-arrudatitan-maximus.jpeg","_links":{"self":[{"href":"https:\/\/jornalfatosenoticias.com.br\/index.php\/wp-json\/wp\/v2\/posts\/17798","targetHints":{"allow":["GET"]}}],"collection":[{"href":"https:\/\/jornalfatosenoticias.com.br\/index.php\/wp-json\/wp\/v2\/posts"}],"about":[{"href":"https:\/\/jornalfatosenoticias.com.br\/index.php\/wp-json\/wp\/v2\/types\/post"}],"author":[{"embeddable":true,"href":"https:\/\/jornalfatosenoticias.com.br\/index.php\/wp-json\/wp\/v2\/users\/2"}],"replies":[{"embeddable":true,"href":"https:\/\/jornalfatosenoticias.com.br\/index.php\/wp-json\/wp\/v2\/comments?post=17798"}],"version-history":[{"count":0,"href":"https:\/\/jornalfatosenoticias.com.br\/index.php\/wp-json\/wp\/v2\/posts\/17798\/revisions"}],"wp:featuredmedia":[{"embeddable":true,"href":"https:\/\/jornalfatosenoticias.com.br\/index.php\/wp-json\/wp\/v2\/media\/17802"}],"wp:attachment":[{"href":"https:\/\/jornalfatosenoticias.com.br\/index.php\/wp-json\/wp\/v2\/media?parent=17798"}],"wp:term":[{"taxonomy":"category","embeddable":true,"href":"https:\/\/jornalfatosenoticias.com.br\/index.php\/wp-json\/wp\/v2\/categories?post=17798"},{"taxonomy":"post_tag","embeddable":true,"href":"https:\/\/jornalfatosenoticias.com.br\/index.php\/wp-json\/wp\/v2\/tags?post=17798"}],"curies":[{"name":"wp","href":"https:\/\/api.w.org\/{rel}","templated":true}]}}