{"id":17894,"date":"2021-05-06T18:32:35","date_gmt":"2021-05-06T21:32:35","guid":{"rendered":"https:\/\/jornalfatosenoticias.com.br\/?p=17894"},"modified":"2021-05-06T18:32:40","modified_gmt":"2021-05-06T21:32:40","slug":"experiencia-de-quatro-mandatos","status":"publish","type":"post","link":"https:\/\/jornalfatosenoticias.com.br\/index.php\/2021\/05\/06\/experiencia-de-quatro-mandatos\/","title":{"rendered":"Experi\u00eancia de quatro mandatos"},"content":{"rendered":"\n<p>Em seu quarto mandato como vereador no munic\u00edpio de Vit\u00f3ria, Maur\u00edcio Leite (Cidadania), concedeu um tempinho \u00e0 nossa reportagem para falar da sua experi\u00eancia como parlamentar e de como v\u00ea o bairro mais populoso de Vit\u00f3ria, Jardim Camburi.<br>\u201cO momento \u00e9 de muita tristeza e cuidado, pois trata-se de uma situa\u00e7\u00e3o que precisamos ter bom senso, responsabilidade e entendimento, porque s\u00e3o muitas vidas que est\u00e3o sendo ceifadas pela covid-19. N\u00e3o podemos ter briga pol\u00edtica, a uni\u00e3o entre os poderes \u00e9 a mola mestra para conseguirmos superar a situa\u00e7\u00e3o que vivemos\u2026 \u00c9 necess\u00e1rio manter o Executivo e o Legislativo unidos, no meu entender \u00e9 assim que buscamos solu\u00e7\u00f5es para a sa\u00fade, a educa\u00e7\u00e3o, o meio ambiente e as demais necessidades. Estou no quarto mandato, procuro ser independente politicamente porque minha base est\u00e1 na responsabilidade do voto do cidad\u00e3o que me elegeu. Ele n\u00e3o votou em mim para fazer parte de base pol\u00edtica, tenho o compromisso de fiscalizar e apresentar projetos com boas ideias\u201d.<br>Jardim Camburi representa 70% do munic\u00edpio de Vit\u00f3ria, tanto em popula\u00e7\u00e3o como em eleitores s\u00e3o mais de 35 mil e um detalhe chama a aten\u00e7\u00e3o do vereador: \u201cmais de 90% deles, s\u00e3o formadores de opini\u00e3o e isso \u00e9 muito bom\u201d.<br>\u201cSou morador de Jardim Camburi h\u00e1 43 anos, fui comerciante durante 25 anos no ramo de carne e sempre ajudei a comunidade e contribu\u00ed tamb\u00e9m como presidente da associa\u00e7\u00e3o de moradores, ent\u00e3o, posso dizer que tenho uma vasta experi\u00eancia das necessidades do bairro\u201d, afirma.<br>Perguntado sobre o problema do p\u00f3 preto, que incomoda todos os bairros da capital e de munic\u00edpios vizinhos, Maur\u00edcio Leite citou que realizou a maior audi\u00eancia p\u00fablica para discutir o p\u00f3 preto, feita por entre as d\u00e9cadas de 1990 e 2000.<\/p>\n\n\n\n<figure class=\"wp-block-image size-large\"><img loading=\"lazy\" decoding=\"async\" width=\"1000\" height=\"562\" src=\"https:\/\/jornalfatosenoticias.com.br\/wp-content\/uploads\/2021\/05\/DJI_0002.jpg\" alt=\"\" class=\"wp-image-17896\" srcset=\"https:\/\/jornalfatosenoticias.com.br\/wp-content\/uploads\/2021\/05\/DJI_0002.jpg 1000w, https:\/\/jornalfatosenoticias.com.br\/wp-content\/uploads\/2021\/05\/DJI_0002-300x169.jpg 300w, https:\/\/jornalfatosenoticias.com.br\/wp-content\/uploads\/2021\/05\/DJI_0002-768x432.jpg 768w\" sizes=\"auto, (max-width: 1000px) 100vw, 1000px\" \/><figcaption><em>Vista a\u00e9rea de Jardim Camburi (Foto: Haroldo Cordeiro Filho\/Drone)<\/em><\/figcaption><\/figure>\n\n\n\n<p>\u201cMuitas a\u00e7\u00f5es que a Companhia Vale vem tomando nesses 20 anos nasceram nesse trabalho de 1998 a 2000 quando eu era vereador. Sempre discuto com o cidad\u00e3o que n\u00f3s n\u00e3o podemos matar a galinha dos ovos de ouro, precisamos \u00e9 cobrar, mas a cobran\u00e7a precisa ser de forma participativa, s\u00f3 assim podemos melhorar a maneira de se acabar com o p\u00f3 preto, entendendo que n\u00e3o \u00e9 de forma imediata\u2026 estamos num processo e nesses \u00faltimos 20 anos, o p\u00f3 preto, foi reduzido vertiginosamente, mas sei que n\u00e3o \u00e9 o ideal. Finalizo dizendo que estou atento a tudo, n\u00e3o sou vereador de bairro, represento todo o munic\u00edpio, mas tenho um ponto de refer\u00eancia que \u00e9 onde partimos com o trabalho da gente, mas fiscalizo os quatro cantos da cidade de Vit\u00f3ria\u201d.<\/p>\n","protected":false},"excerpt":{"rendered":"<p>Em seu quarto mandato como vereador no munic\u00edpio de Vit\u00f3ria, Maur\u00edcio Leite (Cidadania), concedeu um tempinho \u00e0 nossa reportagem para falar da sua experi\u00eancia como parlamentar e de como v\u00ea o bairro mais populoso de Vit\u00f3ria, Jardim Camburi.\u201cO momento \u00e9 de muita tristeza e cuidado, pois trata-se de uma situa\u00e7\u00e3o que precisamos ter bom senso, [&hellip;]<\/p>\n","protected":false},"author":3,"featured_media":17895,"comment_status":"open","ping_status":"open","sticky":false,"template":"","format":"standard","meta":{"footnotes":""},"categories":[10],"tags":[1764,8870,8871,6956],"class_list":["post-17894","post","type-post","status-publish","format-standard","has-post-thumbnail","hentry","category-politica","tag-jardim-camburi","tag-mauricio-leite","tag-po-preto","tag-vereador"],"yoast_head":"<!-- This site is optimized with the Yoast SEO plugin v26.5 - https:\/\/yoast.com\/wordpress\/plugins\/seo\/ -->\n<title>Experi\u00eancia de quatro mandatos - Jornal Fatos e Not\u00edcias<\/title>\n<meta name=\"robots\" content=\"index, follow, max-snippet:-1, max-image-preview:large, max-video-preview:-1\" \/>\n<link rel=\"canonical\" href=\"https:\/\/jornalfatosenoticias.com.br\/index.php\/2021\/05\/06\/experiencia-de-quatro-mandatos\/\" \/>\n<meta property=\"og:locale\" content=\"pt_BR\" \/>\n<meta property=\"og:type\" content=\"article\" \/>\n<meta property=\"og:title\" content=\"Experi\u00eancia de quatro mandatos - Jornal Fatos e Not\u00edcias\" \/>\n<meta property=\"og:description\" content=\"Em seu quarto mandato como vereador no munic\u00edpio de Vit\u00f3ria, Maur\u00edcio Leite (Cidadania), concedeu um tempinho \u00e0 nossa reportagem para falar da sua experi\u00eancia como parlamentar e de como v\u00ea o bairro mais populoso de Vit\u00f3ria, Jardim Camburi.\u201cO momento \u00e9 de muita tristeza e cuidado, pois trata-se de uma situa\u00e7\u00e3o que precisamos ter bom senso, [&hellip;]\" \/>\n<meta property=\"og:url\" content=\"https:\/\/jornalfatosenoticias.com.br\/index.php\/2021\/05\/06\/experiencia-de-quatro-mandatos\/\" \/>\n<meta property=\"og:site_name\" content=\"Jornal Fatos e Not\u00edcias\" \/>\n<meta property=\"article:published_time\" content=\"2021-05-06T21:32:35+00:00\" \/>\n<meta property=\"article:modified_time\" content=\"2021-05-06T21:32:40+00:00\" \/>\n<meta property=\"og:image\" content=\"https:\/\/jornalfatosenoticias.com.br\/wp-content\/uploads\/2021\/05\/DSC_0779.jpg\" \/>\n\t<meta property=\"og:image:width\" content=\"1000\" \/>\n\t<meta property=\"og:image:height\" content=\"666\" \/>\n\t<meta property=\"og:image:type\" content=\"image\/jpeg\" \/>\n<meta name=\"author\" content=\"Haroldo Filho\" \/>\n<meta name=\"twitter:card\" content=\"summary_large_image\" \/>\n<meta name=\"twitter:label1\" content=\"Escrito por\" \/>\n\t<meta name=\"twitter:data1\" content=\"Haroldo Filho\" \/>\n\t<meta name=\"twitter:label2\" content=\"Est. tempo de leitura\" \/>\n\t<meta name=\"twitter:data2\" content=\"2 minutos\" \/>\n<script type=\"application\/ld+json\" class=\"yoast-schema-graph\">{\"@context\":\"https:\/\/schema.org\",\"@graph\":[{\"@type\":\"Article\",\"@id\":\"https:\/\/jornalfatosenoticias.com.br\/index.php\/2021\/05\/06\/experiencia-de-quatro-mandatos\/#article\",\"isPartOf\":{\"@id\":\"https:\/\/jornalfatosenoticias.com.br\/index.php\/2021\/05\/06\/experiencia-de-quatro-mandatos\/\"},\"author\":{\"name\":\"Haroldo Filho\",\"@id\":\"https:\/\/jornalfatosenoticias.com.br\/#\/schema\/person\/05c46cc25b42a5c27e004fb0fa6b4965\"},\"headline\":\"Experi\u00eancia de quatro mandatos\",\"datePublished\":\"2021-05-06T21:32:35+00:00\",\"dateModified\":\"2021-05-06T21:32:40+00:00\",\"mainEntityOfPage\":{\"@id\":\"https:\/\/jornalfatosenoticias.com.br\/index.php\/2021\/05\/06\/experiencia-de-quatro-mandatos\/\"},\"wordCount\":458,\"commentCount\":0,\"publisher\":{\"@id\":\"https:\/\/jornalfatosenoticias.com.br\/#organization\"},\"image\":{\"@id\":\"https:\/\/jornalfatosenoticias.com.br\/index.php\/2021\/05\/06\/experiencia-de-quatro-mandatos\/#primaryimage\"},\"thumbnailUrl\":\"https:\/\/jornalfatosenoticias.com.br\/wp-content\/uploads\/2021\/05\/DSC_0779.jpg\",\"keywords\":[\"Jardim Camburi\",\"Maur\u00edcio Leite\",\"p\u00f3 preto\",\"vereador\"],\"articleSection\":[\"Pol\u00edtica\"],\"inLanguage\":\"pt-BR\",\"potentialAction\":[{\"@type\":\"CommentAction\",\"name\":\"Comment\",\"target\":[\"https:\/\/jornalfatosenoticias.com.br\/index.php\/2021\/05\/06\/experiencia-de-quatro-mandatos\/#respond\"]}]},{\"@type\":\"WebPage\",\"@id\":\"https:\/\/jornalfatosenoticias.com.br\/index.php\/2021\/05\/06\/experiencia-de-quatro-mandatos\/\",\"url\":\"https:\/\/jornalfatosenoticias.com.br\/index.php\/2021\/05\/06\/experiencia-de-quatro-mandatos\/\",\"name\":\"Experi\u00eancia de quatro mandatos - Jornal Fatos e Not\u00edcias\",\"isPartOf\":{\"@id\":\"https:\/\/jornalfatosenoticias.com.br\/#website\"},\"primaryImageOfPage\":{\"@id\":\"https:\/\/jornalfatosenoticias.com.br\/index.php\/2021\/05\/06\/experiencia-de-quatro-mandatos\/#primaryimage\"},\"image\":{\"@id\":\"https:\/\/jornalfatosenoticias.com.br\/index.php\/2021\/05\/06\/experiencia-de-quatro-mandatos\/#primaryimage\"},\"thumbnailUrl\":\"https:\/\/jornalfatosenoticias.com.br\/wp-content\/uploads\/2021\/05\/DSC_0779.jpg\",\"datePublished\":\"2021-05-06T21:32:35+00:00\",\"dateModified\":\"2021-05-06T21:32:40+00:00\",\"breadcrumb\":{\"@id\":\"https:\/\/jornalfatosenoticias.com.br\/index.php\/2021\/05\/06\/experiencia-de-quatro-mandatos\/#breadcrumb\"},\"inLanguage\":\"pt-BR\",\"potentialAction\":[{\"@type\":\"ReadAction\",\"target\":[\"https:\/\/jornalfatosenoticias.com.br\/index.php\/2021\/05\/06\/experiencia-de-quatro-mandatos\/\"]}]},{\"@type\":\"ImageObject\",\"inLanguage\":\"pt-BR\",\"@id\":\"https:\/\/jornalfatosenoticias.com.br\/index.php\/2021\/05\/06\/experiencia-de-quatro-mandatos\/#primaryimage\",\"url\":\"https:\/\/jornalfatosenoticias.com.br\/wp-content\/uploads\/2021\/05\/DSC_0779.jpg\",\"contentUrl\":\"https:\/\/jornalfatosenoticias.com.br\/wp-content\/uploads\/2021\/05\/DSC_0779.jpg\",\"width\":1000,\"height\":666},{\"@type\":\"BreadcrumbList\",\"@id\":\"https:\/\/jornalfatosenoticias.com.br\/index.php\/2021\/05\/06\/experiencia-de-quatro-mandatos\/#breadcrumb\",\"itemListElement\":[{\"@type\":\"ListItem\",\"position\":1,\"name\":\"In\u00edcio\",\"item\":\"https:\/\/jornalfatosenoticias.com.br\/\"},{\"@type\":\"ListItem\",\"position\":2,\"name\":\"Experi\u00eancia de quatro mandatos\"}]},{\"@type\":\"WebSite\",\"@id\":\"https:\/\/jornalfatosenoticias.com.br\/#website\",\"url\":\"https:\/\/jornalfatosenoticias.com.br\/\",\"name\":\"Jornal Fatos e Not\u00edcias\",\"description\":\"Not\u00edcias em geral\",\"publisher\":{\"@id\":\"https:\/\/jornalfatosenoticias.com.br\/#organization\"},\"potentialAction\":[{\"@type\":\"SearchAction\",\"target\":{\"@type\":\"EntryPoint\",\"urlTemplate\":\"https:\/\/jornalfatosenoticias.com.br\/?s={search_term_string}\"},\"query-input\":{\"@type\":\"PropertyValueSpecification\",\"valueRequired\":true,\"valueName\":\"search_term_string\"}}],\"inLanguage\":\"pt-BR\"},{\"@type\":\"Organization\",\"@id\":\"https:\/\/jornalfatosenoticias.com.br\/#organization\",\"name\":\"Jornal Fatos e Not\u00edcias\",\"url\":\"https:\/\/jornalfatosenoticias.com.br\/\",\"logo\":{\"@type\":\"ImageObject\",\"inLanguage\":\"pt-BR\",\"@id\":\"https:\/\/jornalfatosenoticias.com.br\/#\/schema\/logo\/image\/\",\"url\":\"https:\/\/jornalfatosenoticias.com.br\/wp-content\/uploads\/2020\/02\/logo120.png\",\"contentUrl\":\"https:\/\/jornalfatosenoticias.com.br\/wp-content\/uploads\/2020\/02\/logo120.png\",\"width\":1227,\"height\":120,\"caption\":\"Jornal Fatos e Not\u00edcias\"},\"image\":{\"@id\":\"https:\/\/jornalfatosenoticias.com.br\/#\/schema\/logo\/image\/\"}},{\"@type\":\"Person\",\"@id\":\"https:\/\/jornalfatosenoticias.com.br\/#\/schema\/person\/05c46cc25b42a5c27e004fb0fa6b4965\",\"name\":\"Haroldo Filho\",\"image\":{\"@type\":\"ImageObject\",\"inLanguage\":\"pt-BR\",\"@id\":\"https:\/\/jornalfatosenoticias.com.br\/#\/schema\/person\/image\/\",\"url\":\"https:\/\/jornalfatosenoticias.com.br\/wp-content\/uploads\/2025\/08\/WhatsApp-Image-2025-08-18-at-15.30.28-150x150.jpeg\",\"contentUrl\":\"https:\/\/jornalfatosenoticias.com.br\/wp-content\/uploads\/2025\/08\/WhatsApp-Image-2025-08-18-at-15.30.28-150x150.jpeg\",\"caption\":\"Haroldo Filho\"},\"description\":\"Jornalista \u2013 DRT: 0003818\/ES Coordenador-geral da ONG Educar para Crescer\",\"url\":\"https:\/\/jornalfatosenoticias.com.br\/index.php\/author\/haroldo\/\"}]}<\/script>\n<!-- \/ Yoast SEO plugin. -->","yoast_head_json":{"title":"Experi\u00eancia de quatro mandatos - Jornal Fatos e Not\u00edcias","robots":{"index":"index","follow":"follow","max-snippet":"max-snippet:-1","max-image-preview":"max-image-preview:large","max-video-preview":"max-video-preview:-1"},"canonical":"https:\/\/jornalfatosenoticias.com.br\/index.php\/2021\/05\/06\/experiencia-de-quatro-mandatos\/","og_locale":"pt_BR","og_type":"article","og_title":"Experi\u00eancia de quatro mandatos - Jornal Fatos e Not\u00edcias","og_description":"Em seu quarto mandato como vereador no munic\u00edpio de Vit\u00f3ria, Maur\u00edcio Leite (Cidadania), concedeu um tempinho \u00e0 nossa reportagem para falar da sua experi\u00eancia como parlamentar e de como v\u00ea o bairro mais populoso de Vit\u00f3ria, Jardim Camburi.\u201cO momento \u00e9 de muita tristeza e cuidado, pois trata-se de uma situa\u00e7\u00e3o que precisamos ter bom senso, [&hellip;]","og_url":"https:\/\/jornalfatosenoticias.com.br\/index.php\/2021\/05\/06\/experiencia-de-quatro-mandatos\/","og_site_name":"Jornal Fatos e Not\u00edcias","article_published_time":"2021-05-06T21:32:35+00:00","article_modified_time":"2021-05-06T21:32:40+00:00","og_image":[{"width":1000,"height":666,"url":"https:\/\/jornalfatosenoticias.com.br\/wp-content\/uploads\/2021\/05\/DSC_0779.jpg","type":"image\/jpeg"}],"author":"Haroldo Filho","twitter_card":"summary_large_image","twitter_misc":{"Escrito por":"Haroldo Filho","Est. tempo de leitura":"2 minutos"},"schema":{"@context":"https:\/\/schema.org","@graph":[{"@type":"Article","@id":"https:\/\/jornalfatosenoticias.com.br\/index.php\/2021\/05\/06\/experiencia-de-quatro-mandatos\/#article","isPartOf":{"@id":"https:\/\/jornalfatosenoticias.com.br\/index.php\/2021\/05\/06\/experiencia-de-quatro-mandatos\/"},"author":{"name":"Haroldo Filho","@id":"https:\/\/jornalfatosenoticias.com.br\/#\/schema\/person\/05c46cc25b42a5c27e004fb0fa6b4965"},"headline":"Experi\u00eancia de quatro mandatos","datePublished":"2021-05-06T21:32:35+00:00","dateModified":"2021-05-06T21:32:40+00:00","mainEntityOfPage":{"@id":"https:\/\/jornalfatosenoticias.com.br\/index.php\/2021\/05\/06\/experiencia-de-quatro-mandatos\/"},"wordCount":458,"commentCount":0,"publisher":{"@id":"https:\/\/jornalfatosenoticias.com.br\/#organization"},"image":{"@id":"https:\/\/jornalfatosenoticias.com.br\/index.php\/2021\/05\/06\/experiencia-de-quatro-mandatos\/#primaryimage"},"thumbnailUrl":"https:\/\/jornalfatosenoticias.com.br\/wp-content\/uploads\/2021\/05\/DSC_0779.jpg","keywords":["Jardim Camburi","Maur\u00edcio Leite","p\u00f3 preto","vereador"],"articleSection":["Pol\u00edtica"],"inLanguage":"pt-BR","potentialAction":[{"@type":"CommentAction","name":"Comment","target":["https:\/\/jornalfatosenoticias.com.br\/index.php\/2021\/05\/06\/experiencia-de-quatro-mandatos\/#respond"]}]},{"@type":"WebPage","@id":"https:\/\/jornalfatosenoticias.com.br\/index.php\/2021\/05\/06\/experiencia-de-quatro-mandatos\/","url":"https:\/\/jornalfatosenoticias.com.br\/index.php\/2021\/05\/06\/experiencia-de-quatro-mandatos\/","name":"Experi\u00eancia de quatro mandatos - Jornal Fatos e Not\u00edcias","isPartOf":{"@id":"https:\/\/jornalfatosenoticias.com.br\/#website"},"primaryImageOfPage":{"@id":"https:\/\/jornalfatosenoticias.com.br\/index.php\/2021\/05\/06\/experiencia-de-quatro-mandatos\/#primaryimage"},"image":{"@id":"https:\/\/jornalfatosenoticias.com.br\/index.php\/2021\/05\/06\/experiencia-de-quatro-mandatos\/#primaryimage"},"thumbnailUrl":"https:\/\/jornalfatosenoticias.com.br\/wp-content\/uploads\/2021\/05\/DSC_0779.jpg","datePublished":"2021-05-06T21:32:35+00:00","dateModified":"2021-05-06T21:32:40+00:00","breadcrumb":{"@id":"https:\/\/jornalfatosenoticias.com.br\/index.php\/2021\/05\/06\/experiencia-de-quatro-mandatos\/#breadcrumb"},"inLanguage":"pt-BR","potentialAction":[{"@type":"ReadAction","target":["https:\/\/jornalfatosenoticias.com.br\/index.php\/2021\/05\/06\/experiencia-de-quatro-mandatos\/"]}]},{"@type":"ImageObject","inLanguage":"pt-BR","@id":"https:\/\/jornalfatosenoticias.com.br\/index.php\/2021\/05\/06\/experiencia-de-quatro-mandatos\/#primaryimage","url":"https:\/\/jornalfatosenoticias.com.br\/wp-content\/uploads\/2021\/05\/DSC_0779.jpg","contentUrl":"https:\/\/jornalfatosenoticias.com.br\/wp-content\/uploads\/2021\/05\/DSC_0779.jpg","width":1000,"height":666},{"@type":"BreadcrumbList","@id":"https:\/\/jornalfatosenoticias.com.br\/index.php\/2021\/05\/06\/experiencia-de-quatro-mandatos\/#breadcrumb","itemListElement":[{"@type":"ListItem","position":1,"name":"In\u00edcio","item":"https:\/\/jornalfatosenoticias.com.br\/"},{"@type":"ListItem","position":2,"name":"Experi\u00eancia de quatro mandatos"}]},{"@type":"WebSite","@id":"https:\/\/jornalfatosenoticias.com.br\/#website","url":"https:\/\/jornalfatosenoticias.com.br\/","name":"Jornal Fatos e Not\u00edcias","description":"Not\u00edcias em geral","publisher":{"@id":"https:\/\/jornalfatosenoticias.com.br\/#organization"},"potentialAction":[{"@type":"SearchAction","target":{"@type":"EntryPoint","urlTemplate":"https:\/\/jornalfatosenoticias.com.br\/?s={search_term_string}"},"query-input":{"@type":"PropertyValueSpecification","valueRequired":true,"valueName":"search_term_string"}}],"inLanguage":"pt-BR"},{"@type":"Organization","@id":"https:\/\/jornalfatosenoticias.com.br\/#organization","name":"Jornal Fatos e Not\u00edcias","url":"https:\/\/jornalfatosenoticias.com.br\/","logo":{"@type":"ImageObject","inLanguage":"pt-BR","@id":"https:\/\/jornalfatosenoticias.com.br\/#\/schema\/logo\/image\/","url":"https:\/\/jornalfatosenoticias.com.br\/wp-content\/uploads\/2020\/02\/logo120.png","contentUrl":"https:\/\/jornalfatosenoticias.com.br\/wp-content\/uploads\/2020\/02\/logo120.png","width":1227,"height":120,"caption":"Jornal Fatos e Not\u00edcias"},"image":{"@id":"https:\/\/jornalfatosenoticias.com.br\/#\/schema\/logo\/image\/"}},{"@type":"Person","@id":"https:\/\/jornalfatosenoticias.com.br\/#\/schema\/person\/05c46cc25b42a5c27e004fb0fa6b4965","name":"Haroldo Filho","image":{"@type":"ImageObject","inLanguage":"pt-BR","@id":"https:\/\/jornalfatosenoticias.com.br\/#\/schema\/person\/image\/","url":"https:\/\/jornalfatosenoticias.com.br\/wp-content\/uploads\/2025\/08\/WhatsApp-Image-2025-08-18-at-15.30.28-150x150.jpeg","contentUrl":"https:\/\/jornalfatosenoticias.com.br\/wp-content\/uploads\/2025\/08\/WhatsApp-Image-2025-08-18-at-15.30.28-150x150.jpeg","caption":"Haroldo Filho"},"description":"Jornalista \u2013 DRT: 0003818\/ES Coordenador-geral da ONG Educar para Crescer","url":"https:\/\/jornalfatosenoticias.com.br\/index.php\/author\/haroldo\/"}]}},"cc_featured_image_caption":{"caption_text":"(Foto: Haroldo Cordeiro Filho) ","source_text":"","source_url":""},"jetpack_featured_media_url":"https:\/\/jornalfatosenoticias.com.br\/wp-content\/uploads\/2021\/05\/DSC_0779.jpg","_links":{"self":[{"href":"https:\/\/jornalfatosenoticias.com.br\/index.php\/wp-json\/wp\/v2\/posts\/17894","targetHints":{"allow":["GET"]}}],"collection":[{"href":"https:\/\/jornalfatosenoticias.com.br\/index.php\/wp-json\/wp\/v2\/posts"}],"about":[{"href":"https:\/\/jornalfatosenoticias.com.br\/index.php\/wp-json\/wp\/v2\/types\/post"}],"author":[{"embeddable":true,"href":"https:\/\/jornalfatosenoticias.com.br\/index.php\/wp-json\/wp\/v2\/users\/3"}],"replies":[{"embeddable":true,"href":"https:\/\/jornalfatosenoticias.com.br\/index.php\/wp-json\/wp\/v2\/comments?post=17894"}],"version-history":[{"count":0,"href":"https:\/\/jornalfatosenoticias.com.br\/index.php\/wp-json\/wp\/v2\/posts\/17894\/revisions"}],"wp:featuredmedia":[{"embeddable":true,"href":"https:\/\/jornalfatosenoticias.com.br\/index.php\/wp-json\/wp\/v2\/media\/17895"}],"wp:attachment":[{"href":"https:\/\/jornalfatosenoticias.com.br\/index.php\/wp-json\/wp\/v2\/media?parent=17894"}],"wp:term":[{"taxonomy":"category","embeddable":true,"href":"https:\/\/jornalfatosenoticias.com.br\/index.php\/wp-json\/wp\/v2\/categories?post=17894"},{"taxonomy":"post_tag","embeddable":true,"href":"https:\/\/jornalfatosenoticias.com.br\/index.php\/wp-json\/wp\/v2\/tags?post=17894"}],"curies":[{"name":"wp","href":"https:\/\/api.w.org\/{rel}","templated":true}]}}