{"id":17898,"date":"2021-05-06T18:39:39","date_gmt":"2021-05-06T21:39:39","guid":{"rendered":"https:\/\/jornalfatosenoticias.com.br\/?p=17898"},"modified":"2021-05-06T18:39:43","modified_gmt":"2021-05-06T21:39:43","slug":"a-violencia-contra-a-mulher-e-a-crianca-suas-diversas-formas-cada-vez-mais-naturalizadas-parte-vi","status":"publish","type":"post","link":"https:\/\/jornalfatosenoticias.com.br\/index.php\/2021\/05\/06\/a-violencia-contra-a-mulher-e-a-crianca-suas-diversas-formas-cada-vez-mais-naturalizadas-parte-vi\/","title":{"rendered":"A Viol\u00eancia contra a Mulher e a Crian\u00e7a. Suas diversas formas, cada vez mais naturalizadas \u2014 Parte VI"},"content":{"rendered":"\n<p><em>O \u201csegredo de justi\u00e7a\u201d garante a oculta\u00e7\u00e3o dessa sequ\u00eancia de viol\u00eancia<\/em><\/p>\n\n\n\n<p>Talvez n\u00e3o tenha sido suficientemente clara no \u00faltimo artigo. <strong><em><span class=\"has-inline-color has-black-color\">Nenhuma m\u00e3e deve ser obrigada a torturar seu filho ou filha atrav\u00e9s de Viol\u00eancia Vic\u00e1ria determinada pelo Estado, em troca de uma \u201cmigalha de filho\u201d, de uma ilus\u00e3o de cumprimento de cuidado materno<\/span><\/em><\/strong>. Mas, uma vez que uma mulher\/m\u00e3e faz uma den\u00fancia de abuso sexual intrafamiliar ou de viol\u00eancia dom\u00e9stica, o rito jur\u00eddico a encaixa num calv\u00e1rio, com puni\u00e7\u00f5es j\u00e1, amplamente, conhecidas, que levam \u00e0 perda da guarda e \u00e0 Priva\u00e7\u00e3o Materna Judicial. Para efetivar o afastamento materno, regra estrita para aplicar a puni\u00e7\u00e3o \u00e0 ousadia de uma mulher fazer uma den\u00fancia contra um homem, a viol\u00eancia da terapia da amea\u00e7a, proposta por Gardner, surge ativando o medo em caldo de opress\u00e3o.<br>O \u201csegredo de justi\u00e7a\u201d garante a oculta\u00e7\u00e3o dessa sequ\u00eancia de viol\u00eancia. Isolada, a mulher\/m\u00e3e passa a ser intimidada pelos operadores de justi\u00e7a, todos, come\u00e7ando pelo seu pr\u00f3prio advogado. \u201cN\u00e3o pode falar isso\u201d, \u201cn\u00e3o fala nada\u201d, \u201caceita esse acordo que amanh\u00e3 eu entro com recurso\u201d, e o advogado n\u00e3o atende o telefone at\u00e9 que o prazo para o recurso se esgota. O acordo infame segue valendo, a m\u00e3e assinou na confian\u00e7a de que seria contestado. E a viol\u00eancia, e as viol\u00eancias, se desdobram. O entorno, incluindo a fam\u00edlia, come\u00e7a a se afastar porque as cr\u00edticas e a culpabiliza\u00e7\u00e3o apontam a mulher\/m\u00e3e. A fam\u00edlia e os amigos abandonam m\u00e3e e Crian\u00e7a. Os outros, os conhecidos, emitem \u201cju\u00edzos de valor\u201d em preconceitos. \u201cSe foi afastada do filho, alguma coisa grave fez, juiz n\u00e3o tira filho nem de prostituta\u201d. Sendo cada vez mais amorda\u00e7ada, seu mecanismo de adapta\u00e7\u00e3o ganha grande dimens\u00e3o. De ponto em ponto, ela vai alcan\u00e7ando uma acomoda\u00e7\u00e3o \u00e0 situa\u00e7\u00e3o de crescente perversidade. Nada muda o rumo. N\u00e3o h\u00e1 razoabilidade. Mas, est\u00e1 baseada numa lei. Assim, a tortura da m\u00e3e, com repercuss\u00e3o direta na Crian\u00e7a, vai sendo aprofundada. Sozinha. Invisibilizada.<br>Mas isso n\u00e3o \u00e9 suficiente. Mesmo com o sil\u00eancio garantido pelo medo e pelas amea\u00e7as terror\u00edficas, a sede das perversidades contra mulheres e crian\u00e7as \u00e9 insaci\u00e1vel. Os requintes de crueldade v\u00e3o se sofisticando. O fato de ser estabelecida a Guarda Compartilhada, que desconsidera at\u00e9 Medida Protetiva por Viol\u00eancia Dom\u00e9stica constatada, n\u00e3o satisfaz.<br>Um ponto importante a se pensar \u00e9 o momento em que a Guarda compartilhada com o descumprimento da Medida Protetiva da Lei Maria da Penha, e todo o sofrimento que adv\u00e9m da exposi\u00e7\u00e3o ao agressor, \u00e9 transformada em Guarda Unilateral, com o afastamento materno. Para tal, \u00e9 muito frequente, majoritariamente, que o denunciado como abusador ou violento requisite a \u201cBusca e Apreens\u00e3o\u201d, que deveria se chamar \u201cbusca e pris\u00e3o da Crian\u00e7a\u201d. Explico: o pedido \u00e9 imediatamente atendido, muitas vezes feito no Plant\u00e3o Judici\u00e1rio, quando s\u00f3 uma alega\u00e7\u00e3o de \u201caliena\u00e7\u00e3o parental\u201d, sem prova, nem leitura dos autos, \u00e9 o suficiente para uma opera\u00e7\u00e3o jur\u00eddico-policial de grande aparato.<br>Parece uma opera\u00e7\u00e3o de guerra. Sempre \u00e0 noite, ou no amanhecer. Fuzis. Muitos fuzis. Carregados por policiais militares fardados, oito, 10 policiais armados, entram na casa da Crian\u00e7a, com autoriza\u00e7\u00e3o para arrombamento, que, muitas vezes, justifica o famoso \u201cp\u00e9 na porta\u201d. Uma mulher e uma Crian\u00e7a, assustadas, s\u00e3o surpreendidas e amedrontadas. E a Crian\u00e7a \u00e9 presa no colo de um policial armado. Um ou dois Oficiais de Justi\u00e7a, que deveriam cumprir os Artigos do ECA que rezam Direitos \u00e0 Prote\u00e7\u00e3o e \u00e0 Dignidade. Em lugar dessa garantia de Direitos, a <strong><span class=\"has-inline-color has-black-color\">viola\u00e7\u00e3o<\/span><\/strong>.<\/p>\n\n\n\n<figure class=\"wp-block-image size-large\"><img loading=\"lazy\" decoding=\"async\" width=\"1000\" height=\"739\" src=\"https:\/\/jornalfatosenoticias.com.br\/wp-content\/uploads\/2021\/05\/justica-enxergando-by-juniao_alienacao-parental.jpg\" alt=\"\" class=\"wp-image-17900\" srcset=\"https:\/\/jornalfatosenoticias.com.br\/wp-content\/uploads\/2021\/05\/justica-enxergando-by-juniao_alienacao-parental.jpg 1000w, https:\/\/jornalfatosenoticias.com.br\/wp-content\/uploads\/2021\/05\/justica-enxergando-by-juniao_alienacao-parental-300x222.jpg 300w, https:\/\/jornalfatosenoticias.com.br\/wp-content\/uploads\/2021\/05\/justica-enxergando-by-juniao_alienacao-parental-768x568.jpg 768w\" sizes=\"auto, (max-width: 1000px) 100vw, 1000px\" \/><figcaption><em>Lei obriga crian\u00e7as a conviver com abusador<\/em><\/figcaption><\/figure>\n\n\n\n<p>Essa sess\u00e3o de viola\u00e7\u00f5es dessa cena, onde a Crian\u00e7a \u00e9 tratada como um computador de um suspeito, \u00e9 uma viol\u00eancia para m\u00e3e e filho. Gritos, choros, desespero s\u00e3o assistidos, friamente, pelo denunciado. O Relat\u00f3rio do Oficial de Justi\u00e7a, nunca descreve o sofrimento da Crian\u00e7a, que deveria ser guiado pelo Princ\u00edpio do Melhor Interesse da Crian\u00e7a.<br>Ap\u00f3s um per\u00edodo de afastamento total entre m\u00e3e e Crian\u00e7a, aparece um conta-gotas de conviv\u00eancia, com vigil\u00e2ncia para cercear a \u201calienadora\u201d, como \u00e9 a alcunha da m\u00e3e que acreditou na justi\u00e7a e fez uma den\u00fancia. A esta altura, ela j\u00e1 responde a v\u00e1rios processos criminais que selam seu sil\u00eancio, arrasam sua possibilidade financeira, e retiram seu Direito de Comunica\u00e7\u00e3o em Redes Sociais, de qualquer tipo, e seu Direito de Ir e Vir, em condena\u00e7\u00f5es criminais que exigem apresenta\u00e7\u00e3o em Ju\u00edzo a cada semana, sem possibilidade de viagem. Censura e Controle da m\u00e3e que ousa denunciar.<br>Este conta-gotas \u00e9 mal\u00e9fico para a Crian\u00e7a. Afinal, ela tomou coragem, revelou o que sofria do seu abusador, confiou na m\u00e3e, acreditou que a m\u00e3e iria restituir sua tranquilidade e dignidade, e saiu preso, foi entregue a seu agressor, e a m\u00e3e, depois de ter sumido por um tempo, vari\u00e1vel, \u00e0s vezes nunca mais, reaparece em migalhas, compactuando com aquele que o agride. Por isso, <strong><span class=\"has-inline-color has-black-color\">a sa\u00edda dos processos, com a devida entrega em Registro ao Ju\u00edzo, e Registro em Ata Notarial, com a responsabiliza\u00e7\u00e3o leg\u00edtima do Estado, se faz necess\u00e1ria<\/span><\/strong>. Romper este pacto silencioso perverso.<br><strong><em><span class=\"has-inline-color has-black-color\">Urge parar de torturar o filho ou filha como instrumento do Estado, nessa Viol\u00eancia Vic\u00e1ria Institucional.<\/span><\/em><\/strong><\/p>\n","protected":false},"excerpt":{"rendered":"<p>O \u201csegredo de justi\u00e7a\u201d garante a oculta\u00e7\u00e3o dessa sequ\u00eancia de viol\u00eancia Talvez n\u00e3o tenha sido suficientemente clara no \u00faltimo artigo. Nenhuma m\u00e3e deve ser obrigada a torturar seu filho ou filha atrav\u00e9s de Viol\u00eancia Vic\u00e1ria determinada pelo Estado, em troca de uma \u201cmigalha de filho\u201d, de uma ilus\u00e3o de cumprimento de cuidado materno. Mas, uma [&hellip;]<\/p>\n","protected":false},"author":8,"featured_media":17899,"comment_status":"open","ping_status":"open","sticky":false,"template":"","format":"standard","meta":{"footnotes":""},"categories":[2522],"tags":[1043,6150,1345,8872],"class_list":["post-17898","post","type-post","status-publish","format-standard","has-post-thumbnail","hentry","category-comportamento","tag-familia","tag-filhos","tag-justica","tag-violacoes-de-direitos"],"yoast_head":"<!-- This site is optimized with the Yoast SEO plugin v26.5 - https:\/\/yoast.com\/wordpress\/plugins\/seo\/ -->\n<title>A Viol\u00eancia contra a Mulher e a Crian\u00e7a. Suas diversas formas, cada vez mais naturalizadas \u2014 Parte VI - Jornal Fatos e Not\u00edcias<\/title>\n<meta name=\"robots\" content=\"index, follow, max-snippet:-1, max-image-preview:large, max-video-preview:-1\" \/>\n<link rel=\"canonical\" href=\"https:\/\/jornalfatosenoticias.com.br\/index.php\/2021\/05\/06\/a-violencia-contra-a-mulher-e-a-crianca-suas-diversas-formas-cada-vez-mais-naturalizadas-parte-vi\/\" \/>\n<meta property=\"og:locale\" content=\"pt_BR\" \/>\n<meta property=\"og:type\" content=\"article\" \/>\n<meta property=\"og:title\" content=\"A Viol\u00eancia contra a Mulher e a Crian\u00e7a. Suas diversas formas, cada vez mais naturalizadas \u2014 Parte VI - Jornal Fatos e Not\u00edcias\" \/>\n<meta property=\"og:description\" content=\"O \u201csegredo de justi\u00e7a\u201d garante a oculta\u00e7\u00e3o dessa sequ\u00eancia de viol\u00eancia Talvez n\u00e3o tenha sido suficientemente clara no \u00faltimo artigo. Nenhuma m\u00e3e deve ser obrigada a torturar seu filho ou filha atrav\u00e9s de Viol\u00eancia Vic\u00e1ria determinada pelo Estado, em troca de uma \u201cmigalha de filho\u201d, de uma ilus\u00e3o de cumprimento de cuidado materno. Mas, uma [&hellip;]\" \/>\n<meta property=\"og:url\" content=\"https:\/\/jornalfatosenoticias.com.br\/index.php\/2021\/05\/06\/a-violencia-contra-a-mulher-e-a-crianca-suas-diversas-formas-cada-vez-mais-naturalizadas-parte-vi\/\" \/>\n<meta property=\"og:site_name\" content=\"Jornal Fatos e Not\u00edcias\" \/>\n<meta property=\"article:published_time\" content=\"2021-05-06T21:39:39+00:00\" \/>\n<meta property=\"article:modified_time\" content=\"2021-05-06T21:39:43+00:00\" \/>\n<meta property=\"og:image\" content=\"https:\/\/jornalfatosenoticias.com.br\/wp-content\/uploads\/2021\/05\/Alienacao-parental_lei-obriga-criancas-a-conviver-com-abusador.gif\" \/>\n\t<meta property=\"og:image:width\" content=\"1000\" \/>\n\t<meta property=\"og:image:height\" content=\"562\" \/>\n\t<meta property=\"og:image:type\" content=\"image\/gif\" \/>\n<meta name=\"author\" content=\"Ana Maria Iencarelli\" \/>\n<meta name=\"twitter:card\" content=\"summary_large_image\" \/>\n<meta name=\"twitter:label1\" content=\"Escrito por\" \/>\n\t<meta name=\"twitter:data1\" content=\"Ana Maria Iencarelli\" \/>\n\t<meta name=\"twitter:label2\" content=\"Est. tempo de leitura\" \/>\n\t<meta name=\"twitter:data2\" content=\"5 minutos\" \/>\n<script type=\"application\/ld+json\" class=\"yoast-schema-graph\">{\"@context\":\"https:\/\/schema.org\",\"@graph\":[{\"@type\":\"Article\",\"@id\":\"https:\/\/jornalfatosenoticias.com.br\/index.php\/2021\/05\/06\/a-violencia-contra-a-mulher-e-a-crianca-suas-diversas-formas-cada-vez-mais-naturalizadas-parte-vi\/#article\",\"isPartOf\":{\"@id\":\"https:\/\/jornalfatosenoticias.com.br\/index.php\/2021\/05\/06\/a-violencia-contra-a-mulher-e-a-crianca-suas-diversas-formas-cada-vez-mais-naturalizadas-parte-vi\/\"},\"author\":{\"name\":\"Ana Maria Iencarelli\",\"@id\":\"https:\/\/jornalfatosenoticias.com.br\/#\/schema\/person\/c33fcf5fb02d729d3fec92c6737a22d1\"},\"headline\":\"A Viol\u00eancia contra a Mulher e a Crian\u00e7a. Suas diversas formas, cada vez mais naturalizadas \u2014 Parte VI\",\"datePublished\":\"2021-05-06T21:39:39+00:00\",\"dateModified\":\"2021-05-06T21:39:43+00:00\",\"mainEntityOfPage\":{\"@id\":\"https:\/\/jornalfatosenoticias.com.br\/index.php\/2021\/05\/06\/a-violencia-contra-a-mulher-e-a-crianca-suas-diversas-formas-cada-vez-mais-naturalizadas-parte-vi\/\"},\"wordCount\":969,\"commentCount\":0,\"publisher\":{\"@id\":\"https:\/\/jornalfatosenoticias.com.br\/#organization\"},\"image\":{\"@id\":\"https:\/\/jornalfatosenoticias.com.br\/index.php\/2021\/05\/06\/a-violencia-contra-a-mulher-e-a-crianca-suas-diversas-formas-cada-vez-mais-naturalizadas-parte-vi\/#primaryimage\"},\"thumbnailUrl\":\"https:\/\/jornalfatosenoticias.com.br\/wp-content\/uploads\/2021\/05\/Alienacao-parental_lei-obriga-criancas-a-conviver-com-abusador.gif\",\"keywords\":[\"fam\u00edlia\",\"filhos\",\"justi\u00e7a\",\"viola\u00e7\u00f5es de direitos\"],\"articleSection\":[\"Comportamento &amp; Equil\u00edbrio\"],\"inLanguage\":\"pt-BR\",\"potentialAction\":[{\"@type\":\"CommentAction\",\"name\":\"Comment\",\"target\":[\"https:\/\/jornalfatosenoticias.com.br\/index.php\/2021\/05\/06\/a-violencia-contra-a-mulher-e-a-crianca-suas-diversas-formas-cada-vez-mais-naturalizadas-parte-vi\/#respond\"]}]},{\"@type\":\"WebPage\",\"@id\":\"https:\/\/jornalfatosenoticias.com.br\/index.php\/2021\/05\/06\/a-violencia-contra-a-mulher-e-a-crianca-suas-diversas-formas-cada-vez-mais-naturalizadas-parte-vi\/\",\"url\":\"https:\/\/jornalfatosenoticias.com.br\/index.php\/2021\/05\/06\/a-violencia-contra-a-mulher-e-a-crianca-suas-diversas-formas-cada-vez-mais-naturalizadas-parte-vi\/\",\"name\":\"A Viol\u00eancia contra a Mulher e a Crian\u00e7a. Suas diversas formas, cada vez mais naturalizadas \u2014 Parte VI - Jornal Fatos e Not\u00edcias\",\"isPartOf\":{\"@id\":\"https:\/\/jornalfatosenoticias.com.br\/#website\"},\"primaryImageOfPage\":{\"@id\":\"https:\/\/jornalfatosenoticias.com.br\/index.php\/2021\/05\/06\/a-violencia-contra-a-mulher-e-a-crianca-suas-diversas-formas-cada-vez-mais-naturalizadas-parte-vi\/#primaryimage\"},\"image\":{\"@id\":\"https:\/\/jornalfatosenoticias.com.br\/index.php\/2021\/05\/06\/a-violencia-contra-a-mulher-e-a-crianca-suas-diversas-formas-cada-vez-mais-naturalizadas-parte-vi\/#primaryimage\"},\"thumbnailUrl\":\"https:\/\/jornalfatosenoticias.com.br\/wp-content\/uploads\/2021\/05\/Alienacao-parental_lei-obriga-criancas-a-conviver-com-abusador.gif\",\"datePublished\":\"2021-05-06T21:39:39+00:00\",\"dateModified\":\"2021-05-06T21:39:43+00:00\",\"breadcrumb\":{\"@id\":\"https:\/\/jornalfatosenoticias.com.br\/index.php\/2021\/05\/06\/a-violencia-contra-a-mulher-e-a-crianca-suas-diversas-formas-cada-vez-mais-naturalizadas-parte-vi\/#breadcrumb\"},\"inLanguage\":\"pt-BR\",\"potentialAction\":[{\"@type\":\"ReadAction\",\"target\":[\"https:\/\/jornalfatosenoticias.com.br\/index.php\/2021\/05\/06\/a-violencia-contra-a-mulher-e-a-crianca-suas-diversas-formas-cada-vez-mais-naturalizadas-parte-vi\/\"]}]},{\"@type\":\"ImageObject\",\"inLanguage\":\"pt-BR\",\"@id\":\"https:\/\/jornalfatosenoticias.com.br\/index.php\/2021\/05\/06\/a-violencia-contra-a-mulher-e-a-crianca-suas-diversas-formas-cada-vez-mais-naturalizadas-parte-vi\/#primaryimage\",\"url\":\"https:\/\/jornalfatosenoticias.com.br\/wp-content\/uploads\/2021\/05\/Alienacao-parental_lei-obriga-criancas-a-conviver-com-abusador.gif\",\"contentUrl\":\"https:\/\/jornalfatosenoticias.com.br\/wp-content\/uploads\/2021\/05\/Alienacao-parental_lei-obriga-criancas-a-conviver-com-abusador.gif\",\"width\":1000,\"height\":562},{\"@type\":\"BreadcrumbList\",\"@id\":\"https:\/\/jornalfatosenoticias.com.br\/index.php\/2021\/05\/06\/a-violencia-contra-a-mulher-e-a-crianca-suas-diversas-formas-cada-vez-mais-naturalizadas-parte-vi\/#breadcrumb\",\"itemListElement\":[{\"@type\":\"ListItem\",\"position\":1,\"name\":\"In\u00edcio\",\"item\":\"https:\/\/jornalfatosenoticias.com.br\/\"},{\"@type\":\"ListItem\",\"position\":2,\"name\":\"A Viol\u00eancia contra a Mulher e a Crian\u00e7a. Suas diversas formas, cada vez mais naturalizadas \u2014 Parte VI\"}]},{\"@type\":\"WebSite\",\"@id\":\"https:\/\/jornalfatosenoticias.com.br\/#website\",\"url\":\"https:\/\/jornalfatosenoticias.com.br\/\",\"name\":\"Jornal Fatos e Not\u00edcias\",\"description\":\"Not\u00edcias em geral\",\"publisher\":{\"@id\":\"https:\/\/jornalfatosenoticias.com.br\/#organization\"},\"potentialAction\":[{\"@type\":\"SearchAction\",\"target\":{\"@type\":\"EntryPoint\",\"urlTemplate\":\"https:\/\/jornalfatosenoticias.com.br\/?s={search_term_string}\"},\"query-input\":{\"@type\":\"PropertyValueSpecification\",\"valueRequired\":true,\"valueName\":\"search_term_string\"}}],\"inLanguage\":\"pt-BR\"},{\"@type\":\"Organization\",\"@id\":\"https:\/\/jornalfatosenoticias.com.br\/#organization\",\"name\":\"Jornal Fatos e Not\u00edcias\",\"url\":\"https:\/\/jornalfatosenoticias.com.br\/\",\"logo\":{\"@type\":\"ImageObject\",\"inLanguage\":\"pt-BR\",\"@id\":\"https:\/\/jornalfatosenoticias.com.br\/#\/schema\/logo\/image\/\",\"url\":\"https:\/\/jornalfatosenoticias.com.br\/wp-content\/uploads\/2020\/02\/logo120.png\",\"contentUrl\":\"https:\/\/jornalfatosenoticias.com.br\/wp-content\/uploads\/2020\/02\/logo120.png\",\"width\":1227,\"height\":120,\"caption\":\"Jornal Fatos e Not\u00edcias\"},\"image\":{\"@id\":\"https:\/\/jornalfatosenoticias.com.br\/#\/schema\/logo\/image\/\"}},{\"@type\":\"Person\",\"@id\":\"https:\/\/jornalfatosenoticias.com.br\/#\/schema\/person\/c33fcf5fb02d729d3fec92c6737a22d1\",\"name\":\"Ana Maria Iencarelli\",\"image\":{\"@type\":\"ImageObject\",\"inLanguage\":\"pt-BR\",\"@id\":\"https:\/\/jornalfatosenoticias.com.br\/#\/schema\/person\/image\/\",\"url\":\"https:\/\/jornalfatosenoticias.com.br\/wp-content\/uploads\/2020\/02\/Ana-Maria-Iencarelli-1-150x150.jpg\",\"contentUrl\":\"https:\/\/jornalfatosenoticias.com.br\/wp-content\/uploads\/2020\/02\/Ana-Maria-Iencarelli-1-150x150.jpg\",\"caption\":\"Ana Maria Iencarelli\"},\"description\":\"Psicanalista Cl\u00ednica, especializada no atendimento a Crian\u00e7as e Adolescentes. Presidente da ONG Vozes de Anjos.\",\"url\":\"https:\/\/jornalfatosenoticias.com.br\/index.php\/author\/anamaria\/\"}]}<\/script>\n<!-- \/ Yoast SEO plugin. -->","yoast_head_json":{"title":"A Viol\u00eancia contra a Mulher e a Crian\u00e7a. Suas diversas formas, cada vez mais naturalizadas \u2014 Parte VI - Jornal Fatos e Not\u00edcias","robots":{"index":"index","follow":"follow","max-snippet":"max-snippet:-1","max-image-preview":"max-image-preview:large","max-video-preview":"max-video-preview:-1"},"canonical":"https:\/\/jornalfatosenoticias.com.br\/index.php\/2021\/05\/06\/a-violencia-contra-a-mulher-e-a-crianca-suas-diversas-formas-cada-vez-mais-naturalizadas-parte-vi\/","og_locale":"pt_BR","og_type":"article","og_title":"A Viol\u00eancia contra a Mulher e a Crian\u00e7a. Suas diversas formas, cada vez mais naturalizadas \u2014 Parte VI - Jornal Fatos e Not\u00edcias","og_description":"O \u201csegredo de justi\u00e7a\u201d garante a oculta\u00e7\u00e3o dessa sequ\u00eancia de viol\u00eancia Talvez n\u00e3o tenha sido suficientemente clara no \u00faltimo artigo. Nenhuma m\u00e3e deve ser obrigada a torturar seu filho ou filha atrav\u00e9s de Viol\u00eancia Vic\u00e1ria determinada pelo Estado, em troca de uma \u201cmigalha de filho\u201d, de uma ilus\u00e3o de cumprimento de cuidado materno. Mas, uma [&hellip;]","og_url":"https:\/\/jornalfatosenoticias.com.br\/index.php\/2021\/05\/06\/a-violencia-contra-a-mulher-e-a-crianca-suas-diversas-formas-cada-vez-mais-naturalizadas-parte-vi\/","og_site_name":"Jornal Fatos e Not\u00edcias","article_published_time":"2021-05-06T21:39:39+00:00","article_modified_time":"2021-05-06T21:39:43+00:00","og_image":[{"width":1000,"height":562,"url":"https:\/\/jornalfatosenoticias.com.br\/wp-content\/uploads\/2021\/05\/Alienacao-parental_lei-obriga-criancas-a-conviver-com-abusador.gif","type":"image\/gif"}],"author":"Ana Maria Iencarelli","twitter_card":"summary_large_image","twitter_misc":{"Escrito por":"Ana Maria Iencarelli","Est. tempo de leitura":"5 minutos"},"schema":{"@context":"https:\/\/schema.org","@graph":[{"@type":"Article","@id":"https:\/\/jornalfatosenoticias.com.br\/index.php\/2021\/05\/06\/a-violencia-contra-a-mulher-e-a-crianca-suas-diversas-formas-cada-vez-mais-naturalizadas-parte-vi\/#article","isPartOf":{"@id":"https:\/\/jornalfatosenoticias.com.br\/index.php\/2021\/05\/06\/a-violencia-contra-a-mulher-e-a-crianca-suas-diversas-formas-cada-vez-mais-naturalizadas-parte-vi\/"},"author":{"name":"Ana Maria Iencarelli","@id":"https:\/\/jornalfatosenoticias.com.br\/#\/schema\/person\/c33fcf5fb02d729d3fec92c6737a22d1"},"headline":"A Viol\u00eancia contra a Mulher e a Crian\u00e7a. Suas diversas formas, cada vez mais naturalizadas \u2014 Parte VI","datePublished":"2021-05-06T21:39:39+00:00","dateModified":"2021-05-06T21:39:43+00:00","mainEntityOfPage":{"@id":"https:\/\/jornalfatosenoticias.com.br\/index.php\/2021\/05\/06\/a-violencia-contra-a-mulher-e-a-crianca-suas-diversas-formas-cada-vez-mais-naturalizadas-parte-vi\/"},"wordCount":969,"commentCount":0,"publisher":{"@id":"https:\/\/jornalfatosenoticias.com.br\/#organization"},"image":{"@id":"https:\/\/jornalfatosenoticias.com.br\/index.php\/2021\/05\/06\/a-violencia-contra-a-mulher-e-a-crianca-suas-diversas-formas-cada-vez-mais-naturalizadas-parte-vi\/#primaryimage"},"thumbnailUrl":"https:\/\/jornalfatosenoticias.com.br\/wp-content\/uploads\/2021\/05\/Alienacao-parental_lei-obriga-criancas-a-conviver-com-abusador.gif","keywords":["fam\u00edlia","filhos","justi\u00e7a","viola\u00e7\u00f5es de direitos"],"articleSection":["Comportamento &amp; Equil\u00edbrio"],"inLanguage":"pt-BR","potentialAction":[{"@type":"CommentAction","name":"Comment","target":["https:\/\/jornalfatosenoticias.com.br\/index.php\/2021\/05\/06\/a-violencia-contra-a-mulher-e-a-crianca-suas-diversas-formas-cada-vez-mais-naturalizadas-parte-vi\/#respond"]}]},{"@type":"WebPage","@id":"https:\/\/jornalfatosenoticias.com.br\/index.php\/2021\/05\/06\/a-violencia-contra-a-mulher-e-a-crianca-suas-diversas-formas-cada-vez-mais-naturalizadas-parte-vi\/","url":"https:\/\/jornalfatosenoticias.com.br\/index.php\/2021\/05\/06\/a-violencia-contra-a-mulher-e-a-crianca-suas-diversas-formas-cada-vez-mais-naturalizadas-parte-vi\/","name":"A Viol\u00eancia contra a Mulher e a Crian\u00e7a. Suas diversas formas, cada vez mais naturalizadas \u2014 Parte VI - Jornal Fatos e Not\u00edcias","isPartOf":{"@id":"https:\/\/jornalfatosenoticias.com.br\/#website"},"primaryImageOfPage":{"@id":"https:\/\/jornalfatosenoticias.com.br\/index.php\/2021\/05\/06\/a-violencia-contra-a-mulher-e-a-crianca-suas-diversas-formas-cada-vez-mais-naturalizadas-parte-vi\/#primaryimage"},"image":{"@id":"https:\/\/jornalfatosenoticias.com.br\/index.php\/2021\/05\/06\/a-violencia-contra-a-mulher-e-a-crianca-suas-diversas-formas-cada-vez-mais-naturalizadas-parte-vi\/#primaryimage"},"thumbnailUrl":"https:\/\/jornalfatosenoticias.com.br\/wp-content\/uploads\/2021\/05\/Alienacao-parental_lei-obriga-criancas-a-conviver-com-abusador.gif","datePublished":"2021-05-06T21:39:39+00:00","dateModified":"2021-05-06T21:39:43+00:00","breadcrumb":{"@id":"https:\/\/jornalfatosenoticias.com.br\/index.php\/2021\/05\/06\/a-violencia-contra-a-mulher-e-a-crianca-suas-diversas-formas-cada-vez-mais-naturalizadas-parte-vi\/#breadcrumb"},"inLanguage":"pt-BR","potentialAction":[{"@type":"ReadAction","target":["https:\/\/jornalfatosenoticias.com.br\/index.php\/2021\/05\/06\/a-violencia-contra-a-mulher-e-a-crianca-suas-diversas-formas-cada-vez-mais-naturalizadas-parte-vi\/"]}]},{"@type":"ImageObject","inLanguage":"pt-BR","@id":"https:\/\/jornalfatosenoticias.com.br\/index.php\/2021\/05\/06\/a-violencia-contra-a-mulher-e-a-crianca-suas-diversas-formas-cada-vez-mais-naturalizadas-parte-vi\/#primaryimage","url":"https:\/\/jornalfatosenoticias.com.br\/wp-content\/uploads\/2021\/05\/Alienacao-parental_lei-obriga-criancas-a-conviver-com-abusador.gif","contentUrl":"https:\/\/jornalfatosenoticias.com.br\/wp-content\/uploads\/2021\/05\/Alienacao-parental_lei-obriga-criancas-a-conviver-com-abusador.gif","width":1000,"height":562},{"@type":"BreadcrumbList","@id":"https:\/\/jornalfatosenoticias.com.br\/index.php\/2021\/05\/06\/a-violencia-contra-a-mulher-e-a-crianca-suas-diversas-formas-cada-vez-mais-naturalizadas-parte-vi\/#breadcrumb","itemListElement":[{"@type":"ListItem","position":1,"name":"In\u00edcio","item":"https:\/\/jornalfatosenoticias.com.br\/"},{"@type":"ListItem","position":2,"name":"A Viol\u00eancia contra a Mulher e a Crian\u00e7a. Suas diversas formas, cada vez mais naturalizadas \u2014 Parte VI"}]},{"@type":"WebSite","@id":"https:\/\/jornalfatosenoticias.com.br\/#website","url":"https:\/\/jornalfatosenoticias.com.br\/","name":"Jornal Fatos e Not\u00edcias","description":"Not\u00edcias em geral","publisher":{"@id":"https:\/\/jornalfatosenoticias.com.br\/#organization"},"potentialAction":[{"@type":"SearchAction","target":{"@type":"EntryPoint","urlTemplate":"https:\/\/jornalfatosenoticias.com.br\/?s={search_term_string}"},"query-input":{"@type":"PropertyValueSpecification","valueRequired":true,"valueName":"search_term_string"}}],"inLanguage":"pt-BR"},{"@type":"Organization","@id":"https:\/\/jornalfatosenoticias.com.br\/#organization","name":"Jornal Fatos e Not\u00edcias","url":"https:\/\/jornalfatosenoticias.com.br\/","logo":{"@type":"ImageObject","inLanguage":"pt-BR","@id":"https:\/\/jornalfatosenoticias.com.br\/#\/schema\/logo\/image\/","url":"https:\/\/jornalfatosenoticias.com.br\/wp-content\/uploads\/2020\/02\/logo120.png","contentUrl":"https:\/\/jornalfatosenoticias.com.br\/wp-content\/uploads\/2020\/02\/logo120.png","width":1227,"height":120,"caption":"Jornal Fatos e Not\u00edcias"},"image":{"@id":"https:\/\/jornalfatosenoticias.com.br\/#\/schema\/logo\/image\/"}},{"@type":"Person","@id":"https:\/\/jornalfatosenoticias.com.br\/#\/schema\/person\/c33fcf5fb02d729d3fec92c6737a22d1","name":"Ana Maria Iencarelli","image":{"@type":"ImageObject","inLanguage":"pt-BR","@id":"https:\/\/jornalfatosenoticias.com.br\/#\/schema\/person\/image\/","url":"https:\/\/jornalfatosenoticias.com.br\/wp-content\/uploads\/2020\/02\/Ana-Maria-Iencarelli-1-150x150.jpg","contentUrl":"https:\/\/jornalfatosenoticias.com.br\/wp-content\/uploads\/2020\/02\/Ana-Maria-Iencarelli-1-150x150.jpg","caption":"Ana Maria Iencarelli"},"description":"Psicanalista Cl\u00ednica, especializada no atendimento a Crian\u00e7as e Adolescentes. Presidente da ONG Vozes de Anjos.","url":"https:\/\/jornalfatosenoticias.com.br\/index.php\/author\/anamaria\/"}]}},"cc_featured_image_caption":{"caption_text":"(Instituto AzMina) ","source_text":"","source_url":""},"jetpack_featured_media_url":"https:\/\/jornalfatosenoticias.com.br\/wp-content\/uploads\/2021\/05\/Alienacao-parental_lei-obriga-criancas-a-conviver-com-abusador.gif","_links":{"self":[{"href":"https:\/\/jornalfatosenoticias.com.br\/index.php\/wp-json\/wp\/v2\/posts\/17898","targetHints":{"allow":["GET"]}}],"collection":[{"href":"https:\/\/jornalfatosenoticias.com.br\/index.php\/wp-json\/wp\/v2\/posts"}],"about":[{"href":"https:\/\/jornalfatosenoticias.com.br\/index.php\/wp-json\/wp\/v2\/types\/post"}],"author":[{"embeddable":true,"href":"https:\/\/jornalfatosenoticias.com.br\/index.php\/wp-json\/wp\/v2\/users\/8"}],"replies":[{"embeddable":true,"href":"https:\/\/jornalfatosenoticias.com.br\/index.php\/wp-json\/wp\/v2\/comments?post=17898"}],"version-history":[{"count":0,"href":"https:\/\/jornalfatosenoticias.com.br\/index.php\/wp-json\/wp\/v2\/posts\/17898\/revisions"}],"wp:featuredmedia":[{"embeddable":true,"href":"https:\/\/jornalfatosenoticias.com.br\/index.php\/wp-json\/wp\/v2\/media\/17899"}],"wp:attachment":[{"href":"https:\/\/jornalfatosenoticias.com.br\/index.php\/wp-json\/wp\/v2\/media?parent=17898"}],"wp:term":[{"taxonomy":"category","embeddable":true,"href":"https:\/\/jornalfatosenoticias.com.br\/index.php\/wp-json\/wp\/v2\/categories?post=17898"},{"taxonomy":"post_tag","embeddable":true,"href":"https:\/\/jornalfatosenoticias.com.br\/index.php\/wp-json\/wp\/v2\/tags?post=17898"}],"curies":[{"name":"wp","href":"https:\/\/api.w.org\/{rel}","templated":true}]}}