{"id":17902,"date":"2021-05-06T18:43:36","date_gmt":"2021-05-06T21:43:36","guid":{"rendered":"https:\/\/jornalfatosenoticias.com.br\/?p=17902"},"modified":"2021-05-06T18:43:40","modified_gmt":"2021-05-06T21:43:40","slug":"panqueca-de-carne-com-requeijao-para-um-almoco-delicioso","status":"publish","type":"post","link":"https:\/\/jornalfatosenoticias.com.br\/index.php\/2021\/05\/06\/panqueca-de-carne-com-requeijao-para-um-almoco-delicioso\/","title":{"rendered":"Panqueca de carne com requeij\u00e3o para um almo\u00e7o delicioso"},"content":{"rendered":"\n<p>Est\u00e1 sem ideia do que preparar para um almo\u00e7o pr\u00e1tico e saboroso com poucos ingredientes? Aprenda a fazer uma deliciosa panqueca de carne com requeij\u00e3o para arrasar na refei\u00e7\u00e3o em fam\u00edlia. A Panqueca \u00e9 uma daquelas receitas que sempre agrada os mais diversos paladares, j\u00e1 que em poucos minutos voc\u00ea faz uma massa saborosa.<br>A massa \u00e9 um prato que vai bem no almo\u00e7o de domingo com a fam\u00edlia ou at\u00e9 em um jantar rom\u00e2ntico. Por isso, para inovar na receita voc\u00ea pode usar ingredientes salgados ou doces para rechear, al\u00e9m de optar por servir com ou sem molho. A combina\u00e7\u00e3o do recheio de carne com requeij\u00e3o vai virar rotina nas suas produ\u00e7\u00f5es de panquecas. Simples, r\u00e1pida e deliciosa. Aproveite!<\/p>\n\n\n\n<p><strong><span class=\"has-inline-color has-vivid-red-color\">Ingredientes<br><\/span><\/strong>2 ovos<br>1 e \u00bd x\u00edcara (ch\u00e1) de leite<br>2 colheres (sopa) de margarina derretida<br>3 colheres (sopa) de beterraba ralada<br>Sal a gosto<br>5 colheres (sopa) de farinha de trigo<br>Margarina para untar<br>2 x\u00edcaras (ch\u00e1) de requeij\u00e3o cremoso<br>2 x\u00edcaras (ch\u00e1) de sobras de carne assada desfiada<br>Sal, pimenta-do-reino e cebolinha picada a gosto<\/p>\n\n\n\n<p><strong><span class=\"has-inline-color has-vivid-red-color\">Modo de preparo<br><\/span><\/strong>Bata no liquidificador os ovos, o leite, a margarina, a beterraba, o sal e a farinha at\u00e9 homogeneizar. Leve \u00e0 geladeira por 30 minutos. Misture uma x\u00edcara (ch\u00e1) do requeij\u00e3o com a carne. Tempere com sal, pimenta e cebolinha. Aque\u00e7a uma frigideira e unte com margarina. Despeje \u00bd x\u00edcara da massa e gire para forrar todo o fundo. Doure de ambos os lados. Espalhe duas colheres (sopa) do recheio no centro da massa e enrole como rocambole. Repita com o processo com o restante da massa. Coloque, lado a lado, em um refrat\u00e1rio e regue com o requeij\u00e3o restante. Leve ao forno alto, preaquecido, por 10 minutos. Polvilhe com cebolinha e sirva.<\/p>\n\n\n\n<p><strong><em>Fonte: <a href=\"https:\/\/www.terra.com.br\/vida-e-estilo\/culinaria\/guia-da-cozinha\/panqueca-de-carne-com-requeijao-para-um-almoco-delicioso,03cb1131da0c0ed516ba4b676fee4bdcfmwbi2q5.html\">Terra<\/a><\/em><\/strong><\/p>\n","protected":false},"excerpt":{"rendered":"<p>Est\u00e1 sem ideia do que preparar para um almo\u00e7o pr\u00e1tico e saboroso com poucos ingredientes? Aprenda a fazer uma deliciosa panqueca de carne com requeij\u00e3o para arrasar na refei\u00e7\u00e3o em fam\u00edlia. A Panqueca \u00e9 uma daquelas receitas que sempre agrada os mais diversos paladares, j\u00e1 que em poucos minutos voc\u00ea faz uma massa saborosa.A massa [&hellip;]<\/p>\n","protected":false},"author":10,"featured_media":17903,"comment_status":"open","ping_status":"open","sticky":false,"template":"","format":"standard","meta":{"footnotes":""},"categories":[42],"tags":[8874,2322,3144,7437,2800],"class_list":["post-17902","post","type-post","status-publish","format-standard","has-post-thumbnail","hentry","category-bem-estar","tag-carne","tag-paladar","tag-panqueca","tag-requeijao","tag-saboroso"],"yoast_head":"<!-- This site is optimized with the Yoast SEO plugin v26.5 - https:\/\/yoast.com\/wordpress\/plugins\/seo\/ -->\n<title>Panqueca de carne com requeij\u00e3o para um almo\u00e7o delicioso - Jornal Fatos e Not\u00edcias<\/title>\n<meta name=\"robots\" content=\"index, follow, max-snippet:-1, max-image-preview:large, max-video-preview:-1\" \/>\n<link rel=\"canonical\" href=\"https:\/\/jornalfatosenoticias.com.br\/index.php\/2021\/05\/06\/panqueca-de-carne-com-requeijao-para-um-almoco-delicioso\/\" \/>\n<meta property=\"og:locale\" content=\"pt_BR\" \/>\n<meta property=\"og:type\" content=\"article\" \/>\n<meta property=\"og:title\" content=\"Panqueca de carne com requeij\u00e3o para um almo\u00e7o delicioso - Jornal Fatos e Not\u00edcias\" \/>\n<meta property=\"og:description\" content=\"Est\u00e1 sem ideia do que preparar para um almo\u00e7o pr\u00e1tico e saboroso com poucos ingredientes? Aprenda a fazer uma deliciosa panqueca de carne com requeij\u00e3o para arrasar na refei\u00e7\u00e3o em fam\u00edlia. A Panqueca \u00e9 uma daquelas receitas que sempre agrada os mais diversos paladares, j\u00e1 que em poucos minutos voc\u00ea faz uma massa saborosa.A massa [&hellip;]\" \/>\n<meta property=\"og:url\" content=\"https:\/\/jornalfatosenoticias.com.br\/index.php\/2021\/05\/06\/panqueca-de-carne-com-requeijao-para-um-almoco-delicioso\/\" \/>\n<meta property=\"og:site_name\" content=\"Jornal Fatos e Not\u00edcias\" \/>\n<meta property=\"article:published_time\" content=\"2021-05-06T21:43:36+00:00\" \/>\n<meta property=\"article:modified_time\" content=\"2021-05-06T21:43:40+00:00\" \/>\n<meta property=\"og:image\" content=\"https:\/\/jornalfatosenoticias.com.br\/wp-content\/uploads\/2021\/05\/Panqueca-de-carne-com-requeijao.jpg\" \/>\n\t<meta property=\"og:image:width\" content=\"1000\" \/>\n\t<meta property=\"og:image:height\" content=\"666\" \/>\n\t<meta property=\"og:image:type\" content=\"image\/jpeg\" \/>\n<meta name=\"author\" content=\"Gabriela Messner Aresi Oliveira\" \/>\n<meta name=\"twitter:card\" content=\"summary_large_image\" \/>\n<meta name=\"twitter:label1\" content=\"Escrito por\" \/>\n\t<meta name=\"twitter:data1\" content=\"Gabriela Messner Aresi Oliveira\" \/>\n\t<meta name=\"twitter:label2\" content=\"Est. tempo de leitura\" \/>\n\t<meta name=\"twitter:data2\" content=\"1 minuto\" \/>\n<script type=\"application\/ld+json\" class=\"yoast-schema-graph\">{\"@context\":\"https:\/\/schema.org\",\"@graph\":[{\"@type\":\"Article\",\"@id\":\"https:\/\/jornalfatosenoticias.com.br\/index.php\/2021\/05\/06\/panqueca-de-carne-com-requeijao-para-um-almoco-delicioso\/#article\",\"isPartOf\":{\"@id\":\"https:\/\/jornalfatosenoticias.com.br\/index.php\/2021\/05\/06\/panqueca-de-carne-com-requeijao-para-um-almoco-delicioso\/\"},\"author\":{\"name\":\"Gabriela Messner Aresi Oliveira\",\"@id\":\"https:\/\/jornalfatosenoticias.com.br\/#\/schema\/person\/8e0fe72f7a2b1f60eecd0c7d1dc4d8f1\"},\"headline\":\"Panqueca de carne com requeij\u00e3o para um almo\u00e7o delicioso\",\"datePublished\":\"2021-05-06T21:43:36+00:00\",\"dateModified\":\"2021-05-06T21:43:40+00:00\",\"mainEntityOfPage\":{\"@id\":\"https:\/\/jornalfatosenoticias.com.br\/index.php\/2021\/05\/06\/panqueca-de-carne-com-requeijao-para-um-almoco-delicioso\/\"},\"wordCount\":311,\"commentCount\":0,\"publisher\":{\"@id\":\"https:\/\/jornalfatosenoticias.com.br\/#organization\"},\"image\":{\"@id\":\"https:\/\/jornalfatosenoticias.com.br\/index.php\/2021\/05\/06\/panqueca-de-carne-com-requeijao-para-um-almoco-delicioso\/#primaryimage\"},\"thumbnailUrl\":\"https:\/\/jornalfatosenoticias.com.br\/wp-content\/uploads\/2021\/05\/Panqueca-de-carne-com-requeijao.jpg\",\"keywords\":[\"carne\",\"paladar\",\"panqueca\",\"requeij\u00e3o\",\"saboroso\"],\"articleSection\":[\"Bem-estar\"],\"inLanguage\":\"pt-BR\",\"potentialAction\":[{\"@type\":\"CommentAction\",\"name\":\"Comment\",\"target\":[\"https:\/\/jornalfatosenoticias.com.br\/index.php\/2021\/05\/06\/panqueca-de-carne-com-requeijao-para-um-almoco-delicioso\/#respond\"]}]},{\"@type\":\"WebPage\",\"@id\":\"https:\/\/jornalfatosenoticias.com.br\/index.php\/2021\/05\/06\/panqueca-de-carne-com-requeijao-para-um-almoco-delicioso\/\",\"url\":\"https:\/\/jornalfatosenoticias.com.br\/index.php\/2021\/05\/06\/panqueca-de-carne-com-requeijao-para-um-almoco-delicioso\/\",\"name\":\"Panqueca de carne com requeij\u00e3o para um almo\u00e7o delicioso - Jornal Fatos e Not\u00edcias\",\"isPartOf\":{\"@id\":\"https:\/\/jornalfatosenoticias.com.br\/#website\"},\"primaryImageOfPage\":{\"@id\":\"https:\/\/jornalfatosenoticias.com.br\/index.php\/2021\/05\/06\/panqueca-de-carne-com-requeijao-para-um-almoco-delicioso\/#primaryimage\"},\"image\":{\"@id\":\"https:\/\/jornalfatosenoticias.com.br\/index.php\/2021\/05\/06\/panqueca-de-carne-com-requeijao-para-um-almoco-delicioso\/#primaryimage\"},\"thumbnailUrl\":\"https:\/\/jornalfatosenoticias.com.br\/wp-content\/uploads\/2021\/05\/Panqueca-de-carne-com-requeijao.jpg\",\"datePublished\":\"2021-05-06T21:43:36+00:00\",\"dateModified\":\"2021-05-06T21:43:40+00:00\",\"breadcrumb\":{\"@id\":\"https:\/\/jornalfatosenoticias.com.br\/index.php\/2021\/05\/06\/panqueca-de-carne-com-requeijao-para-um-almoco-delicioso\/#breadcrumb\"},\"inLanguage\":\"pt-BR\",\"potentialAction\":[{\"@type\":\"ReadAction\",\"target\":[\"https:\/\/jornalfatosenoticias.com.br\/index.php\/2021\/05\/06\/panqueca-de-carne-com-requeijao-para-um-almoco-delicioso\/\"]}]},{\"@type\":\"ImageObject\",\"inLanguage\":\"pt-BR\",\"@id\":\"https:\/\/jornalfatosenoticias.com.br\/index.php\/2021\/05\/06\/panqueca-de-carne-com-requeijao-para-um-almoco-delicioso\/#primaryimage\",\"url\":\"https:\/\/jornalfatosenoticias.com.br\/wp-content\/uploads\/2021\/05\/Panqueca-de-carne-com-requeijao.jpg\",\"contentUrl\":\"https:\/\/jornalfatosenoticias.com.br\/wp-content\/uploads\/2021\/05\/Panqueca-de-carne-com-requeijao.jpg\",\"width\":1000,\"height\":666},{\"@type\":\"BreadcrumbList\",\"@id\":\"https:\/\/jornalfatosenoticias.com.br\/index.php\/2021\/05\/06\/panqueca-de-carne-com-requeijao-para-um-almoco-delicioso\/#breadcrumb\",\"itemListElement\":[{\"@type\":\"ListItem\",\"position\":1,\"name\":\"In\u00edcio\",\"item\":\"https:\/\/jornalfatosenoticias.com.br\/\"},{\"@type\":\"ListItem\",\"position\":2,\"name\":\"Panqueca de carne com requeij\u00e3o para um almo\u00e7o delicioso\"}]},{\"@type\":\"WebSite\",\"@id\":\"https:\/\/jornalfatosenoticias.com.br\/#website\",\"url\":\"https:\/\/jornalfatosenoticias.com.br\/\",\"name\":\"Jornal Fatos e Not\u00edcias\",\"description\":\"Not\u00edcias em geral\",\"publisher\":{\"@id\":\"https:\/\/jornalfatosenoticias.com.br\/#organization\"},\"potentialAction\":[{\"@type\":\"SearchAction\",\"target\":{\"@type\":\"EntryPoint\",\"urlTemplate\":\"https:\/\/jornalfatosenoticias.com.br\/?s={search_term_string}\"},\"query-input\":{\"@type\":\"PropertyValueSpecification\",\"valueRequired\":true,\"valueName\":\"search_term_string\"}}],\"inLanguage\":\"pt-BR\"},{\"@type\":\"Organization\",\"@id\":\"https:\/\/jornalfatosenoticias.com.br\/#organization\",\"name\":\"Jornal Fatos e Not\u00edcias\",\"url\":\"https:\/\/jornalfatosenoticias.com.br\/\",\"logo\":{\"@type\":\"ImageObject\",\"inLanguage\":\"pt-BR\",\"@id\":\"https:\/\/jornalfatosenoticias.com.br\/#\/schema\/logo\/image\/\",\"url\":\"https:\/\/jornalfatosenoticias.com.br\/wp-content\/uploads\/2020\/02\/logo120.png\",\"contentUrl\":\"https:\/\/jornalfatosenoticias.com.br\/wp-content\/uploads\/2020\/02\/logo120.png\",\"width\":1227,\"height\":120,\"caption\":\"Jornal Fatos e Not\u00edcias\"},\"image\":{\"@id\":\"https:\/\/jornalfatosenoticias.com.br\/#\/schema\/logo\/image\/\"}},{\"@type\":\"Person\",\"@id\":\"https:\/\/jornalfatosenoticias.com.br\/#\/schema\/person\/8e0fe72f7a2b1f60eecd0c7d1dc4d8f1\",\"name\":\"Gabriela Messner Aresi Oliveira\",\"image\":{\"@type\":\"ImageObject\",\"inLanguage\":\"pt-BR\",\"@id\":\"https:\/\/jornalfatosenoticias.com.br\/#\/schema\/person\/image\/\",\"url\":\"https:\/\/jornalfatosenoticias.com.br\/wp-content\/uploads\/2020\/03\/Gabriela-messner-150x150.jpg\",\"contentUrl\":\"https:\/\/jornalfatosenoticias.com.br\/wp-content\/uploads\/2020\/03\/Gabriela-messner-150x150.jpg\",\"caption\":\"Gabriela Messner Aresi Oliveira\"},\"url\":\"https:\/\/jornalfatosenoticias.com.br\/index.php\/author\/gabriela\/\"}]}<\/script>\n<!-- \/ Yoast SEO plugin. -->","yoast_head_json":{"title":"Panqueca de carne com requeij\u00e3o para um almo\u00e7o delicioso - Jornal Fatos e Not\u00edcias","robots":{"index":"index","follow":"follow","max-snippet":"max-snippet:-1","max-image-preview":"max-image-preview:large","max-video-preview":"max-video-preview:-1"},"canonical":"https:\/\/jornalfatosenoticias.com.br\/index.php\/2021\/05\/06\/panqueca-de-carne-com-requeijao-para-um-almoco-delicioso\/","og_locale":"pt_BR","og_type":"article","og_title":"Panqueca de carne com requeij\u00e3o para um almo\u00e7o delicioso - Jornal Fatos e Not\u00edcias","og_description":"Est\u00e1 sem ideia do que preparar para um almo\u00e7o pr\u00e1tico e saboroso com poucos ingredientes? Aprenda a fazer uma deliciosa panqueca de carne com requeij\u00e3o para arrasar na refei\u00e7\u00e3o em fam\u00edlia. A Panqueca \u00e9 uma daquelas receitas que sempre agrada os mais diversos paladares, j\u00e1 que em poucos minutos voc\u00ea faz uma massa saborosa.A massa [&hellip;]","og_url":"https:\/\/jornalfatosenoticias.com.br\/index.php\/2021\/05\/06\/panqueca-de-carne-com-requeijao-para-um-almoco-delicioso\/","og_site_name":"Jornal Fatos e Not\u00edcias","article_published_time":"2021-05-06T21:43:36+00:00","article_modified_time":"2021-05-06T21:43:40+00:00","og_image":[{"width":1000,"height":666,"url":"https:\/\/jornalfatosenoticias.com.br\/wp-content\/uploads\/2021\/05\/Panqueca-de-carne-com-requeijao.jpg","type":"image\/jpeg"}],"author":"Gabriela Messner Aresi Oliveira","twitter_card":"summary_large_image","twitter_misc":{"Escrito por":"Gabriela Messner Aresi Oliveira","Est. tempo de leitura":"1 minuto"},"schema":{"@context":"https:\/\/schema.org","@graph":[{"@type":"Article","@id":"https:\/\/jornalfatosenoticias.com.br\/index.php\/2021\/05\/06\/panqueca-de-carne-com-requeijao-para-um-almoco-delicioso\/#article","isPartOf":{"@id":"https:\/\/jornalfatosenoticias.com.br\/index.php\/2021\/05\/06\/panqueca-de-carne-com-requeijao-para-um-almoco-delicioso\/"},"author":{"name":"Gabriela Messner Aresi Oliveira","@id":"https:\/\/jornalfatosenoticias.com.br\/#\/schema\/person\/8e0fe72f7a2b1f60eecd0c7d1dc4d8f1"},"headline":"Panqueca de carne com requeij\u00e3o para um almo\u00e7o delicioso","datePublished":"2021-05-06T21:43:36+00:00","dateModified":"2021-05-06T21:43:40+00:00","mainEntityOfPage":{"@id":"https:\/\/jornalfatosenoticias.com.br\/index.php\/2021\/05\/06\/panqueca-de-carne-com-requeijao-para-um-almoco-delicioso\/"},"wordCount":311,"commentCount":0,"publisher":{"@id":"https:\/\/jornalfatosenoticias.com.br\/#organization"},"image":{"@id":"https:\/\/jornalfatosenoticias.com.br\/index.php\/2021\/05\/06\/panqueca-de-carne-com-requeijao-para-um-almoco-delicioso\/#primaryimage"},"thumbnailUrl":"https:\/\/jornalfatosenoticias.com.br\/wp-content\/uploads\/2021\/05\/Panqueca-de-carne-com-requeijao.jpg","keywords":["carne","paladar","panqueca","requeij\u00e3o","saboroso"],"articleSection":["Bem-estar"],"inLanguage":"pt-BR","potentialAction":[{"@type":"CommentAction","name":"Comment","target":["https:\/\/jornalfatosenoticias.com.br\/index.php\/2021\/05\/06\/panqueca-de-carne-com-requeijao-para-um-almoco-delicioso\/#respond"]}]},{"@type":"WebPage","@id":"https:\/\/jornalfatosenoticias.com.br\/index.php\/2021\/05\/06\/panqueca-de-carne-com-requeijao-para-um-almoco-delicioso\/","url":"https:\/\/jornalfatosenoticias.com.br\/index.php\/2021\/05\/06\/panqueca-de-carne-com-requeijao-para-um-almoco-delicioso\/","name":"Panqueca de carne com requeij\u00e3o para um almo\u00e7o delicioso - Jornal Fatos e Not\u00edcias","isPartOf":{"@id":"https:\/\/jornalfatosenoticias.com.br\/#website"},"primaryImageOfPage":{"@id":"https:\/\/jornalfatosenoticias.com.br\/index.php\/2021\/05\/06\/panqueca-de-carne-com-requeijao-para-um-almoco-delicioso\/#primaryimage"},"image":{"@id":"https:\/\/jornalfatosenoticias.com.br\/index.php\/2021\/05\/06\/panqueca-de-carne-com-requeijao-para-um-almoco-delicioso\/#primaryimage"},"thumbnailUrl":"https:\/\/jornalfatosenoticias.com.br\/wp-content\/uploads\/2021\/05\/Panqueca-de-carne-com-requeijao.jpg","datePublished":"2021-05-06T21:43:36+00:00","dateModified":"2021-05-06T21:43:40+00:00","breadcrumb":{"@id":"https:\/\/jornalfatosenoticias.com.br\/index.php\/2021\/05\/06\/panqueca-de-carne-com-requeijao-para-um-almoco-delicioso\/#breadcrumb"},"inLanguage":"pt-BR","potentialAction":[{"@type":"ReadAction","target":["https:\/\/jornalfatosenoticias.com.br\/index.php\/2021\/05\/06\/panqueca-de-carne-com-requeijao-para-um-almoco-delicioso\/"]}]},{"@type":"ImageObject","inLanguage":"pt-BR","@id":"https:\/\/jornalfatosenoticias.com.br\/index.php\/2021\/05\/06\/panqueca-de-carne-com-requeijao-para-um-almoco-delicioso\/#primaryimage","url":"https:\/\/jornalfatosenoticias.com.br\/wp-content\/uploads\/2021\/05\/Panqueca-de-carne-com-requeijao.jpg","contentUrl":"https:\/\/jornalfatosenoticias.com.br\/wp-content\/uploads\/2021\/05\/Panqueca-de-carne-com-requeijao.jpg","width":1000,"height":666},{"@type":"BreadcrumbList","@id":"https:\/\/jornalfatosenoticias.com.br\/index.php\/2021\/05\/06\/panqueca-de-carne-com-requeijao-para-um-almoco-delicioso\/#breadcrumb","itemListElement":[{"@type":"ListItem","position":1,"name":"In\u00edcio","item":"https:\/\/jornalfatosenoticias.com.br\/"},{"@type":"ListItem","position":2,"name":"Panqueca de carne com requeij\u00e3o para um almo\u00e7o delicioso"}]},{"@type":"WebSite","@id":"https:\/\/jornalfatosenoticias.com.br\/#website","url":"https:\/\/jornalfatosenoticias.com.br\/","name":"Jornal Fatos e Not\u00edcias","description":"Not\u00edcias em geral","publisher":{"@id":"https:\/\/jornalfatosenoticias.com.br\/#organization"},"potentialAction":[{"@type":"SearchAction","target":{"@type":"EntryPoint","urlTemplate":"https:\/\/jornalfatosenoticias.com.br\/?s={search_term_string}"},"query-input":{"@type":"PropertyValueSpecification","valueRequired":true,"valueName":"search_term_string"}}],"inLanguage":"pt-BR"},{"@type":"Organization","@id":"https:\/\/jornalfatosenoticias.com.br\/#organization","name":"Jornal Fatos e Not\u00edcias","url":"https:\/\/jornalfatosenoticias.com.br\/","logo":{"@type":"ImageObject","inLanguage":"pt-BR","@id":"https:\/\/jornalfatosenoticias.com.br\/#\/schema\/logo\/image\/","url":"https:\/\/jornalfatosenoticias.com.br\/wp-content\/uploads\/2020\/02\/logo120.png","contentUrl":"https:\/\/jornalfatosenoticias.com.br\/wp-content\/uploads\/2020\/02\/logo120.png","width":1227,"height":120,"caption":"Jornal Fatos e Not\u00edcias"},"image":{"@id":"https:\/\/jornalfatosenoticias.com.br\/#\/schema\/logo\/image\/"}},{"@type":"Person","@id":"https:\/\/jornalfatosenoticias.com.br\/#\/schema\/person\/8e0fe72f7a2b1f60eecd0c7d1dc4d8f1","name":"Gabriela Messner Aresi Oliveira","image":{"@type":"ImageObject","inLanguage":"pt-BR","@id":"https:\/\/jornalfatosenoticias.com.br\/#\/schema\/person\/image\/","url":"https:\/\/jornalfatosenoticias.com.br\/wp-content\/uploads\/2020\/03\/Gabriela-messner-150x150.jpg","contentUrl":"https:\/\/jornalfatosenoticias.com.br\/wp-content\/uploads\/2020\/03\/Gabriela-messner-150x150.jpg","caption":"Gabriela Messner Aresi Oliveira"},"url":"https:\/\/jornalfatosenoticias.com.br\/index.php\/author\/gabriela\/"}]}},"cc_featured_image_caption":{"caption_text":"(Foto: Guia da Cozinha)","source_text":"","source_url":""},"jetpack_featured_media_url":"https:\/\/jornalfatosenoticias.com.br\/wp-content\/uploads\/2021\/05\/Panqueca-de-carne-com-requeijao.jpg","_links":{"self":[{"href":"https:\/\/jornalfatosenoticias.com.br\/index.php\/wp-json\/wp\/v2\/posts\/17902","targetHints":{"allow":["GET"]}}],"collection":[{"href":"https:\/\/jornalfatosenoticias.com.br\/index.php\/wp-json\/wp\/v2\/posts"}],"about":[{"href":"https:\/\/jornalfatosenoticias.com.br\/index.php\/wp-json\/wp\/v2\/types\/post"}],"author":[{"embeddable":true,"href":"https:\/\/jornalfatosenoticias.com.br\/index.php\/wp-json\/wp\/v2\/users\/10"}],"replies":[{"embeddable":true,"href":"https:\/\/jornalfatosenoticias.com.br\/index.php\/wp-json\/wp\/v2\/comments?post=17902"}],"version-history":[{"count":0,"href":"https:\/\/jornalfatosenoticias.com.br\/index.php\/wp-json\/wp\/v2\/posts\/17902\/revisions"}],"wp:featuredmedia":[{"embeddable":true,"href":"https:\/\/jornalfatosenoticias.com.br\/index.php\/wp-json\/wp\/v2\/media\/17903"}],"wp:attachment":[{"href":"https:\/\/jornalfatosenoticias.com.br\/index.php\/wp-json\/wp\/v2\/media?parent=17902"}],"wp:term":[{"taxonomy":"category","embeddable":true,"href":"https:\/\/jornalfatosenoticias.com.br\/index.php\/wp-json\/wp\/v2\/categories?post=17902"},{"taxonomy":"post_tag","embeddable":true,"href":"https:\/\/jornalfatosenoticias.com.br\/index.php\/wp-json\/wp\/v2\/tags?post=17902"}],"curies":[{"name":"wp","href":"https:\/\/api.w.org\/{rel}","templated":true}]}}