{"id":17909,"date":"2021-05-06T19:05:49","date_gmt":"2021-05-06T22:05:49","guid":{"rendered":"https:\/\/jornalfatosenoticias.com.br\/?p=17909"},"modified":"2021-05-06T19:05:54","modified_gmt":"2021-05-06T22:05:54","slug":"criacao-severa-pode-gerar-estruturas-cerebrais-menores-na-adolescencia","status":"publish","type":"post","link":"https:\/\/jornalfatosenoticias.com.br\/index.php\/2021\/05\/06\/criacao-severa-pode-gerar-estruturas-cerebrais-menores-na-adolescencia\/","title":{"rendered":"Cria\u00e7\u00e3o severa pode gerar estruturas cerebrais menores na adolesc\u00eancia"},"content":{"rendered":"\n<p><em>Em estudo, pesquisadores canadenses indicam que adolescentes criados por pais agressivos ou r\u00edgidos t\u00eam c\u00f3rtex pr\u00e9-frontal e am\u00edgdala cerebelosa menores<\/em><\/p>\n\n\n\n<p>Adolescentes que tiveram uma cria\u00e7\u00e3o com pais agressivos ou severos na inf\u00e2ncia podem ter estruturas cerebrais menores devido aos <a href=\"https:\/\/revistagalileu.globo.com\/Ciencia\/Saude\/noticia\/2020\/08\/depressao-e-ansiedade-dos-pais-durante-pandemia-tambem-afeta-criancas.html\" target=\"_blank\" rel=\"noreferrer noopener\"><strong>abusos<\/strong><\/a>\u00a0sofridos no passado. \u00c9 isso que aponta um estudo, realizado por um time de\u00a0<a href=\"https:\/\/revistagalileu.globo.com\/Ciencia\/Saude\/noticia\/2021\/03\/sars-cov-2-inibe-remocao-de-celulas-mortas-pelo-sistema-imune-diz-estudo.html\" target=\"_blank\" rel=\"noreferrer noopener\"><strong>pesquisadores<\/strong><\/a>\u00a0canadenses, e publicado nesta segunda-feira (22), no jornal cient\u00edfico\u00a0<a href=\"https:\/\/www.cambridge.org\/core\/journals\/development-and-psychopathology\/article\/abs\/prefrontal-cortex-and-amygdala-anatomy-in-youth-with-persistent-levels-of-harsh-parenting-practices-and-subclinical-anxiety-symptoms-over-time-during-childhood\/BD319B470C7D2DD990FB184E0728B5DA#authors-details\" target=\"_blank\" rel=\"noreferrer noopener\"><em><strong>Development and Psychology<\/strong><\/em><\/a>.<br>Os <a href=\"https:\/\/revistagalileu.globo.com\/Ciencia\/Saude\/noticia\/2021\/03\/sono-irregular-aumenta-risco-de-desenvolver-depressao-sugere-estudo.html\" target=\"_blank\" rel=\"noreferrer noopener\"><strong>especialistas<\/strong><\/a>\u00a0usaram dados de 94 crian\u00e7as, que foram monitoradas desde o\u00a0<a href=\"https:\/\/revistagalileu.globo.com\/Ciencia\/Saude\/noticia\/2021\/02\/gestantes-podem-passar-anticorpos-contra-covid-19-para-os-bebes-diz-estudo.html\" target=\"_blank\" rel=\"noreferrer noopener\"><strong>nascimento<\/strong><\/a>, no hospital Centro do Hospital Universit\u00e1rio Saint-Justine, na cidade de Montreal, Canad\u00e1. As informa\u00e7\u00f5es, coletadas no in\u00edcio do ano 2000, foram fornecidas pela Universidade de Montreal e pelo Instituto de Estat\u00edstica de Quebec.<br>Enquanto as crian\u00e7as tinham entre dois e nove anos de idade, seus n\u00edveis de <strong><a href=\"https:\/\/revistagalileu.globo.com\/Sociedade\/Comportamento\/noticia\/2021\/03\/e-possivel-aprender-ser-feliz-sugere-estudo.html\" target=\"_blank\" rel=\"noreferrer noopener\">ansiedade<\/a><\/strong> e as pr\u00e1ticas parentais \u00e0s quais elas eram submetidas foram avaliados. Com isso, foi poss\u00edvel dividir os pequenos em grupos, com base na exposi\u00e7\u00e3o (baixa ou alta) \u00e0 agressividade dos pais.<br>Mais tarde, quando tinham idades entre 12 e 16 anos, os agora adolescentes foram avaliados com resson\u00e2ncias magn\u00e9ticas e testes de ansiedade. Os pesquisadores notaram que os jovens que tinham sido submetidos constantemente \u00e0 uma inf\u00e2ncia agressiva ou severa possu\u00edam c\u00e9rebros com estruturas menores.<br>Estudos anteriores j\u00e1 haviam mostrado que crian\u00e7as que sofreram abuso grave t\u00eam c\u00f3rtex pr\u00e9-frontal e am\u00edgdala cerebelosa menores. Essas duas estruturas s\u00e3o muito importantes, pois servem para a regula\u00e7\u00e3o emocional, estando relacionadas ao surgimento de ansiedade e <strong><a href=\"https:\/\/revistagalileu.globo.com\/Ciencia\/Saude\/noticia\/2021\/02\/pessoas-com-ansiedade-e-depressao-bebem-mais-alcool-na-pandemia.html\" target=\"_blank\" rel=\"noreferrer noopener\">depress\u00e3o<\/a><\/strong>.<br>Agora, a nova pesquisa mostrou que essas mesmas <strong><a href=\"https:\/\/revistagalileu.globo.com\/Ciencia\/noticia\/2021\/03\/cerebro-humano-cresceu-como-resultado-da-extincao-de-animais-maiores.html\" target=\"_blank\" rel=\"noreferrer noopener\">regi\u00f5es cerebrais<\/a><\/strong> s\u00e3o menores quando a crian\u00e7a chega na fase da adolesc\u00eancia, caso ela tenha sido alvo de pr\u00e1ticas parentais severas. Isso mesmo que as v\u00edtimas n\u00e3o tenham sofrido abusos considerados \u201cmais graves\u201d.<br>Entre as pr\u00e1ticas parentais abrangidas pelo estudo est\u00e3o ficar com raiva, bater, tremer ou gritar repetidamente. Embora abusivas, algumas das atitudes s\u00e3o bem comuns ou consideradas \u201csocialmente aceit\u00e1veis\u201d no <strong><a href=\"https:\/\/revistagalileu.globo.com\/Ciencia\/Saude\/noticia\/2021\/03\/covid-19-pode-aumentar-risco-de-hipertensao-e-outros-problemas-na-gravidez.html\" target=\"_blank\" rel=\"noreferrer noopener\">Canad\u00e1<\/a><\/strong> e no mundo todo, de acordo com os pesquisadores.<br>De acordo com a autora principal do estudo, Sabrina Suffren, da Universidade de Montreal, o problema \u00e9 bem mais s\u00e9rio do que meras mudan\u00e7as biol\u00f3gicas. &#8220;Acho que o importante \u00e9 que os pais e a sociedade entendam que o uso frequente de pr\u00e1ticas parentais severas pode prejudicar o desenvolvimento de uma crian\u00e7a. Estamos falando sobre seu desenvolvimento social e emocional, bem como seu desenvolvimento cerebral\u201d, afirma em <strong><a href=\"https:\/\/www.eurekalert.org\/pub_releases\/2021-03\/uom-dp031921.php\" target=\"_blank\" rel=\"noreferrer noopener\">comunicado<\/a><\/strong>.<\/p>\n\n\n\n<p><strong><em>Fonte: <a href=\"https:\/\/revistagalileu.globo.com\/Ciencia\/Biologia\/noticia\/2021\/03\/criacao-severa-pode-gerar-estruturas-cerebrais-menores-na-adolescencia.html#:~:text=Em%20estudo%2C%20pesquisadores%20canadenses%20indicam,frontal%20e%20am%C3%ADgdala%20cerebelosa%20menores&amp;text=Adolescentes%20que%20tiveram%20uma%20cria%C3%A7%C3%A3o,aos%20abusos%20sofridos%20no%20passado.\">Revista Galileu<\/a><\/em><\/strong><\/p>\n","protected":false},"excerpt":{"rendered":"<p>Em estudo, pesquisadores canadenses indicam que adolescentes criados por pais agressivos ou r\u00edgidos t\u00eam c\u00f3rtex pr\u00e9-frontal e am\u00edgdala cerebelosa menores Adolescentes que tiveram uma cria\u00e7\u00e3o com pais agressivos ou severos na inf\u00e2ncia podem ter estruturas cerebrais menores devido aos abusos\u00a0sofridos no passado. \u00c9 isso que aponta um estudo, realizado por um time de\u00a0pesquisadores\u00a0canadenses, e publicado [&hellip;]<\/p>\n","protected":false},"author":2,"featured_media":17910,"comment_status":"open","ping_status":"open","sticky":false,"template":"","format":"standard","meta":{"footnotes":""},"categories":[2522],"tags":[5317,8877,8875,8876,2607],"class_list":["post-17909","post","type-post","status-publish","format-standard","has-post-thumbnail","hentry","category-comportamento","tag-abusos","tag-agressividade","tag-criacao-severa","tag-estruturas-cerebrais","tag-infancia"],"yoast_head":"<!-- This site is optimized with the Yoast SEO plugin v26.5 - https:\/\/yoast.com\/wordpress\/plugins\/seo\/ -->\n<title>Cria\u00e7\u00e3o severa pode gerar estruturas cerebrais menores na adolesc\u00eancia - Jornal Fatos e Not\u00edcias<\/title>\n<meta name=\"robots\" content=\"index, follow, max-snippet:-1, max-image-preview:large, max-video-preview:-1\" \/>\n<link rel=\"canonical\" href=\"https:\/\/jornalfatosenoticias.com.br\/index.php\/2021\/05\/06\/criacao-severa-pode-gerar-estruturas-cerebrais-menores-na-adolescencia\/\" \/>\n<meta property=\"og:locale\" content=\"pt_BR\" \/>\n<meta property=\"og:type\" content=\"article\" \/>\n<meta property=\"og:title\" content=\"Cria\u00e7\u00e3o severa pode gerar estruturas cerebrais menores na adolesc\u00eancia - Jornal Fatos e Not\u00edcias\" \/>\n<meta property=\"og:description\" content=\"Em estudo, pesquisadores canadenses indicam que adolescentes criados por pais agressivos ou r\u00edgidos t\u00eam c\u00f3rtex pr\u00e9-frontal e am\u00edgdala cerebelosa menores Adolescentes que tiveram uma cria\u00e7\u00e3o com pais agressivos ou severos na inf\u00e2ncia podem ter estruturas cerebrais menores devido aos abusos\u00a0sofridos no passado. \u00c9 isso que aponta um estudo, realizado por um time de\u00a0pesquisadores\u00a0canadenses, e publicado [&hellip;]\" \/>\n<meta property=\"og:url\" content=\"https:\/\/jornalfatosenoticias.com.br\/index.php\/2021\/05\/06\/criacao-severa-pode-gerar-estruturas-cerebrais-menores-na-adolescencia\/\" \/>\n<meta property=\"og:site_name\" content=\"Jornal Fatos e Not\u00edcias\" \/>\n<meta property=\"article:published_time\" content=\"2021-05-06T22:05:49+00:00\" \/>\n<meta property=\"article:modified_time\" content=\"2021-05-06T22:05:54+00:00\" \/>\n<meta property=\"og:image\" content=\"https:\/\/jornalfatosenoticias.com.br\/wp-content\/uploads\/2021\/05\/PAIS-SEVEROS_marina-shatskih-unsplash.jpg\" \/>\n\t<meta property=\"og:image:width\" content=\"1000\" \/>\n\t<meta property=\"og:image:height\" content=\"669\" \/>\n\t<meta property=\"og:image:type\" content=\"image\/jpeg\" \/>\n<meta name=\"author\" content=\"Luzimara Fernandes\" \/>\n<meta name=\"twitter:card\" content=\"summary_large_image\" \/>\n<meta name=\"twitter:label1\" content=\"Escrito por\" \/>\n\t<meta name=\"twitter:data1\" content=\"Luzimara Fernandes\" \/>\n\t<meta name=\"twitter:label2\" content=\"Est. tempo de leitura\" \/>\n\t<meta name=\"twitter:data2\" content=\"2 minutos\" \/>\n<script type=\"application\/ld+json\" class=\"yoast-schema-graph\">{\"@context\":\"https:\/\/schema.org\",\"@graph\":[{\"@type\":\"Article\",\"@id\":\"https:\/\/jornalfatosenoticias.com.br\/index.php\/2021\/05\/06\/criacao-severa-pode-gerar-estruturas-cerebrais-menores-na-adolescencia\/#article\",\"isPartOf\":{\"@id\":\"https:\/\/jornalfatosenoticias.com.br\/index.php\/2021\/05\/06\/criacao-severa-pode-gerar-estruturas-cerebrais-menores-na-adolescencia\/\"},\"author\":{\"name\":\"Luzimara Fernandes\",\"@id\":\"https:\/\/jornalfatosenoticias.com.br\/#\/schema\/person\/d63837fa13ac8666eb9e74e0985d6f81\"},\"headline\":\"Cria\u00e7\u00e3o severa pode gerar estruturas cerebrais menores na adolesc\u00eancia\",\"datePublished\":\"2021-05-06T22:05:49+00:00\",\"dateModified\":\"2021-05-06T22:05:54+00:00\",\"mainEntityOfPage\":{\"@id\":\"https:\/\/jornalfatosenoticias.com.br\/index.php\/2021\/05\/06\/criacao-severa-pode-gerar-estruturas-cerebrais-menores-na-adolescencia\/\"},\"wordCount\":440,\"commentCount\":0,\"publisher\":{\"@id\":\"https:\/\/jornalfatosenoticias.com.br\/#organization\"},\"image\":{\"@id\":\"https:\/\/jornalfatosenoticias.com.br\/index.php\/2021\/05\/06\/criacao-severa-pode-gerar-estruturas-cerebrais-menores-na-adolescencia\/#primaryimage\"},\"thumbnailUrl\":\"https:\/\/jornalfatosenoticias.com.br\/wp-content\/uploads\/2021\/05\/PAIS-SEVEROS_marina-shatskih-unsplash.jpg\",\"keywords\":[\"abusos\",\"agressividade\",\"cria\u00e7\u00e3o severa\",\"estruturas cerebrais\",\"inf\u00e2ncia\"],\"articleSection\":[\"Comportamento &amp; Equil\u00edbrio\"],\"inLanguage\":\"pt-BR\",\"potentialAction\":[{\"@type\":\"CommentAction\",\"name\":\"Comment\",\"target\":[\"https:\/\/jornalfatosenoticias.com.br\/index.php\/2021\/05\/06\/criacao-severa-pode-gerar-estruturas-cerebrais-menores-na-adolescencia\/#respond\"]}]},{\"@type\":\"WebPage\",\"@id\":\"https:\/\/jornalfatosenoticias.com.br\/index.php\/2021\/05\/06\/criacao-severa-pode-gerar-estruturas-cerebrais-menores-na-adolescencia\/\",\"url\":\"https:\/\/jornalfatosenoticias.com.br\/index.php\/2021\/05\/06\/criacao-severa-pode-gerar-estruturas-cerebrais-menores-na-adolescencia\/\",\"name\":\"Cria\u00e7\u00e3o severa pode gerar estruturas cerebrais menores na adolesc\u00eancia - Jornal Fatos e Not\u00edcias\",\"isPartOf\":{\"@id\":\"https:\/\/jornalfatosenoticias.com.br\/#website\"},\"primaryImageOfPage\":{\"@id\":\"https:\/\/jornalfatosenoticias.com.br\/index.php\/2021\/05\/06\/criacao-severa-pode-gerar-estruturas-cerebrais-menores-na-adolescencia\/#primaryimage\"},\"image\":{\"@id\":\"https:\/\/jornalfatosenoticias.com.br\/index.php\/2021\/05\/06\/criacao-severa-pode-gerar-estruturas-cerebrais-menores-na-adolescencia\/#primaryimage\"},\"thumbnailUrl\":\"https:\/\/jornalfatosenoticias.com.br\/wp-content\/uploads\/2021\/05\/PAIS-SEVEROS_marina-shatskih-unsplash.jpg\",\"datePublished\":\"2021-05-06T22:05:49+00:00\",\"dateModified\":\"2021-05-06T22:05:54+00:00\",\"breadcrumb\":{\"@id\":\"https:\/\/jornalfatosenoticias.com.br\/index.php\/2021\/05\/06\/criacao-severa-pode-gerar-estruturas-cerebrais-menores-na-adolescencia\/#breadcrumb\"},\"inLanguage\":\"pt-BR\",\"potentialAction\":[{\"@type\":\"ReadAction\",\"target\":[\"https:\/\/jornalfatosenoticias.com.br\/index.php\/2021\/05\/06\/criacao-severa-pode-gerar-estruturas-cerebrais-menores-na-adolescencia\/\"]}]},{\"@type\":\"ImageObject\",\"inLanguage\":\"pt-BR\",\"@id\":\"https:\/\/jornalfatosenoticias.com.br\/index.php\/2021\/05\/06\/criacao-severa-pode-gerar-estruturas-cerebrais-menores-na-adolescencia\/#primaryimage\",\"url\":\"https:\/\/jornalfatosenoticias.com.br\/wp-content\/uploads\/2021\/05\/PAIS-SEVEROS_marina-shatskih-unsplash.jpg\",\"contentUrl\":\"https:\/\/jornalfatosenoticias.com.br\/wp-content\/uploads\/2021\/05\/PAIS-SEVEROS_marina-shatskih-unsplash.jpg\",\"width\":1000,\"height\":669},{\"@type\":\"BreadcrumbList\",\"@id\":\"https:\/\/jornalfatosenoticias.com.br\/index.php\/2021\/05\/06\/criacao-severa-pode-gerar-estruturas-cerebrais-menores-na-adolescencia\/#breadcrumb\",\"itemListElement\":[{\"@type\":\"ListItem\",\"position\":1,\"name\":\"In\u00edcio\",\"item\":\"https:\/\/jornalfatosenoticias.com.br\/\"},{\"@type\":\"ListItem\",\"position\":2,\"name\":\"Cria\u00e7\u00e3o severa pode gerar estruturas cerebrais menores na adolesc\u00eancia\"}]},{\"@type\":\"WebSite\",\"@id\":\"https:\/\/jornalfatosenoticias.com.br\/#website\",\"url\":\"https:\/\/jornalfatosenoticias.com.br\/\",\"name\":\"Jornal Fatos e Not\u00edcias\",\"description\":\"Not\u00edcias em geral\",\"publisher\":{\"@id\":\"https:\/\/jornalfatosenoticias.com.br\/#organization\"},\"potentialAction\":[{\"@type\":\"SearchAction\",\"target\":{\"@type\":\"EntryPoint\",\"urlTemplate\":\"https:\/\/jornalfatosenoticias.com.br\/?s={search_term_string}\"},\"query-input\":{\"@type\":\"PropertyValueSpecification\",\"valueRequired\":true,\"valueName\":\"search_term_string\"}}],\"inLanguage\":\"pt-BR\"},{\"@type\":\"Organization\",\"@id\":\"https:\/\/jornalfatosenoticias.com.br\/#organization\",\"name\":\"Jornal Fatos e Not\u00edcias\",\"url\":\"https:\/\/jornalfatosenoticias.com.br\/\",\"logo\":{\"@type\":\"ImageObject\",\"inLanguage\":\"pt-BR\",\"@id\":\"https:\/\/jornalfatosenoticias.com.br\/#\/schema\/logo\/image\/\",\"url\":\"https:\/\/jornalfatosenoticias.com.br\/wp-content\/uploads\/2020\/02\/logo120.png\",\"contentUrl\":\"https:\/\/jornalfatosenoticias.com.br\/wp-content\/uploads\/2020\/02\/logo120.png\",\"width\":1227,\"height\":120,\"caption\":\"Jornal Fatos e Not\u00edcias\"},\"image\":{\"@id\":\"https:\/\/jornalfatosenoticias.com.br\/#\/schema\/logo\/image\/\"}},{\"@type\":\"Person\",\"@id\":\"https:\/\/jornalfatosenoticias.com.br\/#\/schema\/person\/d63837fa13ac8666eb9e74e0985d6f81\",\"name\":\"Luzimara Fernandes\",\"image\":{\"@type\":\"ImageObject\",\"inLanguage\":\"pt-BR\",\"@id\":\"https:\/\/jornalfatosenoticias.com.br\/#\/schema\/person\/image\/\",\"url\":\"https:\/\/jornalfatosenoticias.com.br\/wp-content\/uploads\/2025\/05\/EU_portal.jpg\",\"contentUrl\":\"https:\/\/jornalfatosenoticias.com.br\/wp-content\/uploads\/2025\/05\/EU_portal.jpg\",\"caption\":\"Luzimara Fernandes\"},\"description\":\"Jornalista MTB 2358-ES\",\"sameAs\":[\"https:\/\/jornalfatosenoticias.com.br\"],\"url\":\"https:\/\/jornalfatosenoticias.com.br\/index.php\/author\/luzimara\/\"}]}<\/script>\n<!-- \/ Yoast SEO plugin. -->","yoast_head_json":{"title":"Cria\u00e7\u00e3o severa pode gerar estruturas cerebrais menores na adolesc\u00eancia - Jornal Fatos e Not\u00edcias","robots":{"index":"index","follow":"follow","max-snippet":"max-snippet:-1","max-image-preview":"max-image-preview:large","max-video-preview":"max-video-preview:-1"},"canonical":"https:\/\/jornalfatosenoticias.com.br\/index.php\/2021\/05\/06\/criacao-severa-pode-gerar-estruturas-cerebrais-menores-na-adolescencia\/","og_locale":"pt_BR","og_type":"article","og_title":"Cria\u00e7\u00e3o severa pode gerar estruturas cerebrais menores na adolesc\u00eancia - Jornal Fatos e Not\u00edcias","og_description":"Em estudo, pesquisadores canadenses indicam que adolescentes criados por pais agressivos ou r\u00edgidos t\u00eam c\u00f3rtex pr\u00e9-frontal e am\u00edgdala cerebelosa menores Adolescentes que tiveram uma cria\u00e7\u00e3o com pais agressivos ou severos na inf\u00e2ncia podem ter estruturas cerebrais menores devido aos abusos\u00a0sofridos no passado. \u00c9 isso que aponta um estudo, realizado por um time de\u00a0pesquisadores\u00a0canadenses, e publicado [&hellip;]","og_url":"https:\/\/jornalfatosenoticias.com.br\/index.php\/2021\/05\/06\/criacao-severa-pode-gerar-estruturas-cerebrais-menores-na-adolescencia\/","og_site_name":"Jornal Fatos e Not\u00edcias","article_published_time":"2021-05-06T22:05:49+00:00","article_modified_time":"2021-05-06T22:05:54+00:00","og_image":[{"width":1000,"height":669,"url":"https:\/\/jornalfatosenoticias.com.br\/wp-content\/uploads\/2021\/05\/PAIS-SEVEROS_marina-shatskih-unsplash.jpg","type":"image\/jpeg"}],"author":"Luzimara Fernandes","twitter_card":"summary_large_image","twitter_misc":{"Escrito por":"Luzimara Fernandes","Est. tempo de leitura":"2 minutos"},"schema":{"@context":"https:\/\/schema.org","@graph":[{"@type":"Article","@id":"https:\/\/jornalfatosenoticias.com.br\/index.php\/2021\/05\/06\/criacao-severa-pode-gerar-estruturas-cerebrais-menores-na-adolescencia\/#article","isPartOf":{"@id":"https:\/\/jornalfatosenoticias.com.br\/index.php\/2021\/05\/06\/criacao-severa-pode-gerar-estruturas-cerebrais-menores-na-adolescencia\/"},"author":{"name":"Luzimara Fernandes","@id":"https:\/\/jornalfatosenoticias.com.br\/#\/schema\/person\/d63837fa13ac8666eb9e74e0985d6f81"},"headline":"Cria\u00e7\u00e3o severa pode gerar estruturas cerebrais menores na adolesc\u00eancia","datePublished":"2021-05-06T22:05:49+00:00","dateModified":"2021-05-06T22:05:54+00:00","mainEntityOfPage":{"@id":"https:\/\/jornalfatosenoticias.com.br\/index.php\/2021\/05\/06\/criacao-severa-pode-gerar-estruturas-cerebrais-menores-na-adolescencia\/"},"wordCount":440,"commentCount":0,"publisher":{"@id":"https:\/\/jornalfatosenoticias.com.br\/#organization"},"image":{"@id":"https:\/\/jornalfatosenoticias.com.br\/index.php\/2021\/05\/06\/criacao-severa-pode-gerar-estruturas-cerebrais-menores-na-adolescencia\/#primaryimage"},"thumbnailUrl":"https:\/\/jornalfatosenoticias.com.br\/wp-content\/uploads\/2021\/05\/PAIS-SEVEROS_marina-shatskih-unsplash.jpg","keywords":["abusos","agressividade","cria\u00e7\u00e3o severa","estruturas cerebrais","inf\u00e2ncia"],"articleSection":["Comportamento &amp; Equil\u00edbrio"],"inLanguage":"pt-BR","potentialAction":[{"@type":"CommentAction","name":"Comment","target":["https:\/\/jornalfatosenoticias.com.br\/index.php\/2021\/05\/06\/criacao-severa-pode-gerar-estruturas-cerebrais-menores-na-adolescencia\/#respond"]}]},{"@type":"WebPage","@id":"https:\/\/jornalfatosenoticias.com.br\/index.php\/2021\/05\/06\/criacao-severa-pode-gerar-estruturas-cerebrais-menores-na-adolescencia\/","url":"https:\/\/jornalfatosenoticias.com.br\/index.php\/2021\/05\/06\/criacao-severa-pode-gerar-estruturas-cerebrais-menores-na-adolescencia\/","name":"Cria\u00e7\u00e3o severa pode gerar estruturas cerebrais menores na adolesc\u00eancia - Jornal Fatos e Not\u00edcias","isPartOf":{"@id":"https:\/\/jornalfatosenoticias.com.br\/#website"},"primaryImageOfPage":{"@id":"https:\/\/jornalfatosenoticias.com.br\/index.php\/2021\/05\/06\/criacao-severa-pode-gerar-estruturas-cerebrais-menores-na-adolescencia\/#primaryimage"},"image":{"@id":"https:\/\/jornalfatosenoticias.com.br\/index.php\/2021\/05\/06\/criacao-severa-pode-gerar-estruturas-cerebrais-menores-na-adolescencia\/#primaryimage"},"thumbnailUrl":"https:\/\/jornalfatosenoticias.com.br\/wp-content\/uploads\/2021\/05\/PAIS-SEVEROS_marina-shatskih-unsplash.jpg","datePublished":"2021-05-06T22:05:49+00:00","dateModified":"2021-05-06T22:05:54+00:00","breadcrumb":{"@id":"https:\/\/jornalfatosenoticias.com.br\/index.php\/2021\/05\/06\/criacao-severa-pode-gerar-estruturas-cerebrais-menores-na-adolescencia\/#breadcrumb"},"inLanguage":"pt-BR","potentialAction":[{"@type":"ReadAction","target":["https:\/\/jornalfatosenoticias.com.br\/index.php\/2021\/05\/06\/criacao-severa-pode-gerar-estruturas-cerebrais-menores-na-adolescencia\/"]}]},{"@type":"ImageObject","inLanguage":"pt-BR","@id":"https:\/\/jornalfatosenoticias.com.br\/index.php\/2021\/05\/06\/criacao-severa-pode-gerar-estruturas-cerebrais-menores-na-adolescencia\/#primaryimage","url":"https:\/\/jornalfatosenoticias.com.br\/wp-content\/uploads\/2021\/05\/PAIS-SEVEROS_marina-shatskih-unsplash.jpg","contentUrl":"https:\/\/jornalfatosenoticias.com.br\/wp-content\/uploads\/2021\/05\/PAIS-SEVEROS_marina-shatskih-unsplash.jpg","width":1000,"height":669},{"@type":"BreadcrumbList","@id":"https:\/\/jornalfatosenoticias.com.br\/index.php\/2021\/05\/06\/criacao-severa-pode-gerar-estruturas-cerebrais-menores-na-adolescencia\/#breadcrumb","itemListElement":[{"@type":"ListItem","position":1,"name":"In\u00edcio","item":"https:\/\/jornalfatosenoticias.com.br\/"},{"@type":"ListItem","position":2,"name":"Cria\u00e7\u00e3o severa pode gerar estruturas cerebrais menores na adolesc\u00eancia"}]},{"@type":"WebSite","@id":"https:\/\/jornalfatosenoticias.com.br\/#website","url":"https:\/\/jornalfatosenoticias.com.br\/","name":"Jornal Fatos e Not\u00edcias","description":"Not\u00edcias em geral","publisher":{"@id":"https:\/\/jornalfatosenoticias.com.br\/#organization"},"potentialAction":[{"@type":"SearchAction","target":{"@type":"EntryPoint","urlTemplate":"https:\/\/jornalfatosenoticias.com.br\/?s={search_term_string}"},"query-input":{"@type":"PropertyValueSpecification","valueRequired":true,"valueName":"search_term_string"}}],"inLanguage":"pt-BR"},{"@type":"Organization","@id":"https:\/\/jornalfatosenoticias.com.br\/#organization","name":"Jornal Fatos e Not\u00edcias","url":"https:\/\/jornalfatosenoticias.com.br\/","logo":{"@type":"ImageObject","inLanguage":"pt-BR","@id":"https:\/\/jornalfatosenoticias.com.br\/#\/schema\/logo\/image\/","url":"https:\/\/jornalfatosenoticias.com.br\/wp-content\/uploads\/2020\/02\/logo120.png","contentUrl":"https:\/\/jornalfatosenoticias.com.br\/wp-content\/uploads\/2020\/02\/logo120.png","width":1227,"height":120,"caption":"Jornal Fatos e Not\u00edcias"},"image":{"@id":"https:\/\/jornalfatosenoticias.com.br\/#\/schema\/logo\/image\/"}},{"@type":"Person","@id":"https:\/\/jornalfatosenoticias.com.br\/#\/schema\/person\/d63837fa13ac8666eb9e74e0985d6f81","name":"Luzimara Fernandes","image":{"@type":"ImageObject","inLanguage":"pt-BR","@id":"https:\/\/jornalfatosenoticias.com.br\/#\/schema\/person\/image\/","url":"https:\/\/jornalfatosenoticias.com.br\/wp-content\/uploads\/2025\/05\/EU_portal.jpg","contentUrl":"https:\/\/jornalfatosenoticias.com.br\/wp-content\/uploads\/2025\/05\/EU_portal.jpg","caption":"Luzimara Fernandes"},"description":"Jornalista MTB 2358-ES","sameAs":["https:\/\/jornalfatosenoticias.com.br"],"url":"https:\/\/jornalfatosenoticias.com.br\/index.php\/author\/luzimara\/"}]}},"cc_featured_image_caption":{"caption_text":"(Foto: Marina Shatskih\/Unsplash) ","source_text":"","source_url":""},"jetpack_featured_media_url":"https:\/\/jornalfatosenoticias.com.br\/wp-content\/uploads\/2021\/05\/PAIS-SEVEROS_marina-shatskih-unsplash.jpg","_links":{"self":[{"href":"https:\/\/jornalfatosenoticias.com.br\/index.php\/wp-json\/wp\/v2\/posts\/17909","targetHints":{"allow":["GET"]}}],"collection":[{"href":"https:\/\/jornalfatosenoticias.com.br\/index.php\/wp-json\/wp\/v2\/posts"}],"about":[{"href":"https:\/\/jornalfatosenoticias.com.br\/index.php\/wp-json\/wp\/v2\/types\/post"}],"author":[{"embeddable":true,"href":"https:\/\/jornalfatosenoticias.com.br\/index.php\/wp-json\/wp\/v2\/users\/2"}],"replies":[{"embeddable":true,"href":"https:\/\/jornalfatosenoticias.com.br\/index.php\/wp-json\/wp\/v2\/comments?post=17909"}],"version-history":[{"count":0,"href":"https:\/\/jornalfatosenoticias.com.br\/index.php\/wp-json\/wp\/v2\/posts\/17909\/revisions"}],"wp:featuredmedia":[{"embeddable":true,"href":"https:\/\/jornalfatosenoticias.com.br\/index.php\/wp-json\/wp\/v2\/media\/17910"}],"wp:attachment":[{"href":"https:\/\/jornalfatosenoticias.com.br\/index.php\/wp-json\/wp\/v2\/media?parent=17909"}],"wp:term":[{"taxonomy":"category","embeddable":true,"href":"https:\/\/jornalfatosenoticias.com.br\/index.php\/wp-json\/wp\/v2\/categories?post=17909"},{"taxonomy":"post_tag","embeddable":true,"href":"https:\/\/jornalfatosenoticias.com.br\/index.php\/wp-json\/wp\/v2\/tags?post=17909"}],"curies":[{"name":"wp","href":"https:\/\/api.w.org\/{rel}","templated":true}]}}