{"id":17919,"date":"2021-05-06T19:25:27","date_gmt":"2021-05-06T22:25:27","guid":{"rendered":"https:\/\/jornalfatosenoticias.com.br\/?p=17919"},"modified":"2021-05-06T19:25:28","modified_gmt":"2021-05-06T22:25:28","slug":"recuperacao-de-manguezais-valoriza-culturas-tradicionais-na-amazonia","status":"publish","type":"post","link":"https:\/\/jornalfatosenoticias.com.br\/index.php\/2021\/05\/06\/recuperacao-de-manguezais-valoriza-culturas-tradicionais-na-amazonia\/","title":{"rendered":"Recupera\u00e7\u00e3o de manguezais valoriza culturas tradicionais na Amaz\u00f4nia"},"content":{"rendered":"\n<p><em>Ao plantar mudas para recuperar mangues, projeto engaja comunidades e valoriza a identidade dos povos tradicionais<\/em><\/p>\n\n\n\n<p>Como os manguezais s\u00e3o representados nas lendas, cren\u00e7as e manifesta\u00e7\u00f5es art\u00edsticas? De que forma conservar e reflorestar esses ambientes naturais pode contribuir para a continuidade de tradi\u00e7\u00f5es milenares? Em busca de respostas, entender o papel do conhecimento transmitido entre gera\u00e7\u00f5es, essencial \u00e0 valoriza\u00e7\u00e3o cultural das popula\u00e7\u00f5es locais, \u00e9 ponto de destaque dos estudos apoiados pelo projeto Mangues da Amaz\u00f4nia, voltado a a\u00e7\u00f5es socioambientais em tr\u00eas reservas extrativistas marinhas do Par\u00e1.<br>Com atividades nos munic\u00edpios de Augusto Corr\u00eaa, Bragan\u00e7a e Tracuateua, beneficiando diretamente 1,6 mil pessoas, o projeto, iniciado em mar\u00e7o, \u00e9 realizado pelo Instituto Peabiru e pela Associa\u00e7\u00e3o Sarambu\u00ed, em parceria com o Laborat\u00f3rio de Ecologia de Manguezal (Lama), da Universidade Federal do Par\u00e1 (UFPA), com patroc\u00ednio da Petrobras, atrav\u00e9s do Programa Petrobras Socioambiental.<\/p>\n\n\n\n<div class=\"wp-block-jetpack-slideshow aligncenter\" data-effect=\"slide\"><div class=\"wp-block-jetpack-slideshow_container swiper-container\"><ul class=\"wp-block-jetpack-slideshow_swiper-wrapper swiper-wrapper\"><li class=\"wp-block-jetpack-slideshow_slide swiper-slide\"><figure><img loading=\"lazy\" decoding=\"async\" width=\"1000\" height=\"666\" alt=\"\" class=\"wp-block-jetpack-slideshow_image wp-image-17920\" data-id=\"17920\" src=\"https:\/\/jornalfatosenoticias.com.br\/wp-content\/uploads\/2021\/05\/Manguezais-Rafael-Araujo-Curuca-Peabiru-2.jpg\" srcset=\"https:\/\/jornalfatosenoticias.com.br\/wp-content\/uploads\/2021\/05\/Manguezais-Rafael-Araujo-Curuca-Peabiru-2.jpg 1000w, https:\/\/jornalfatosenoticias.com.br\/wp-content\/uploads\/2021\/05\/Manguezais-Rafael-Araujo-Curuca-Peabiru-2-300x200.jpg 300w, https:\/\/jornalfatosenoticias.com.br\/wp-content\/uploads\/2021\/05\/Manguezais-Rafael-Araujo-Curuca-Peabiru-2-768x511.jpg 768w\" sizes=\"auto, (max-width: 1000px) 100vw, 1000px\" \/><figcaption class=\"wp-block-jetpack-slideshow_caption gallery-caption\">(Fotos: Rafael Ara\u00fajo Curuca Peabiru) <\/figcaption><\/figure><\/li><li class=\"wp-block-jetpack-slideshow_slide swiper-slide\"><figure><img loading=\"lazy\" decoding=\"async\" width=\"1000\" height=\"666\" alt=\"\" class=\"wp-block-jetpack-slideshow_image wp-image-17921\" data-id=\"17921\" src=\"https:\/\/jornalfatosenoticias.com.br\/wp-content\/uploads\/2021\/05\/Manguezais-Rafael-Araujo-Curuca-Peabiru-3.jpg\" srcset=\"https:\/\/jornalfatosenoticias.com.br\/wp-content\/uploads\/2021\/05\/Manguezais-Rafael-Araujo-Curuca-Peabiru-3.jpg 1000w, https:\/\/jornalfatosenoticias.com.br\/wp-content\/uploads\/2021\/05\/Manguezais-Rafael-Araujo-Curuca-Peabiru-3-300x200.jpg 300w, https:\/\/jornalfatosenoticias.com.br\/wp-content\/uploads\/2021\/05\/Manguezais-Rafael-Araujo-Curuca-Peabiru-3-768x511.jpg 768w\" sizes=\"auto, (max-width: 1000px) 100vw, 1000px\" \/><\/figure><\/li><\/ul><a class=\"wp-block-jetpack-slideshow_button-prev swiper-button-prev swiper-button-white\" role=\"button\"><\/a><a class=\"wp-block-jetpack-slideshow_button-next swiper-button-next swiper-button-white\" role=\"button\"><\/a><a aria-label=\"Pause Slideshow\" class=\"wp-block-jetpack-slideshow_button-pause\" role=\"button\"><\/a><div class=\"wp-block-jetpack-slideshow_pagination swiper-pagination swiper-pagination-white\"><\/div><\/div><\/div>\n\n\n\n<p>A iniciativa prev\u00ea o plantio de mudas e sementes para a recupera\u00e7\u00e3o de outros 12 hectares, em \u00e1reas degradadas, com oferta de assist\u00eancia t\u00e9cnica e engajamento social. Ao mesmo tempo, no prop\u00f3sito de promover o uso sustent\u00e1vel desse ecossistema, ber\u00e7\u00e1rio da biodiversidade marinha e fonte de renda para as comunidades, s\u00e3o realizadas a\u00e7\u00f5es transversais promovendo a sensibiliza\u00e7\u00e3o dessas popula\u00e7\u00f5es tradicionais, bem como a realiza\u00e7\u00e3o de atividades socioambientais e de estudos sobre a identidade cultural local.<\/p>\n\n\n\n<figure class=\"wp-block-image size-large\"><img loading=\"lazy\" decoding=\"async\" width=\"1000\" height=\"666\" src=\"https:\/\/jornalfatosenoticias.com.br\/wp-content\/uploads\/2021\/05\/Manguezais-Rafael-Araujo-Curuca-Peabiru.jpg\" alt=\"\" class=\"wp-image-17922\" srcset=\"https:\/\/jornalfatosenoticias.com.br\/wp-content\/uploads\/2021\/05\/Manguezais-Rafael-Araujo-Curuca-Peabiru.jpg 1000w, https:\/\/jornalfatosenoticias.com.br\/wp-content\/uploads\/2021\/05\/Manguezais-Rafael-Araujo-Curuca-Peabiru-300x200.jpg 300w, https:\/\/jornalfatosenoticias.com.br\/wp-content\/uploads\/2021\/05\/Manguezais-Rafael-Araujo-Curuca-Peabiru-768x511.jpg 768w\" sizes=\"auto, (max-width: 1000px) 100vw, 1000px\" \/><figcaption><em>(Foto: Rafael Ara\u00fajo Curuca Peabiru)<\/em><\/figcaption><\/figure>\n\n\n\n<p>\u201cO tema \u00e9 essencial a um maior reconhecimento e valoriza\u00e7\u00e3o dessas popula\u00e7\u00f5es, guardi\u00e3s dessas matas que estocam carbono e s\u00e3o importantes no enfrentamento da mudan\u00e7a clim\u00e1tica\u201d, afirma Marcus Fernandes, coordenador do Laborat\u00f3rio de Ecologia de Manguezais da UFPA.<\/p>\n\n\n\n<h4 class=\"wp-block-heading\"><span class=\"has-inline-color has-vivid-green-cyan-color\">Manguezais e cultura<\/span><\/h4>\n\n\n\n<p>Na costa do Par\u00e1, Maranh\u00e3o e Amap\u00e1, a Regi\u00e3o Amaz\u00f4nica re\u00fane a maior faixa cont\u00ednua de manguezais do planeta \u2014 e cerca de 80% da extens\u00e3o total desses ecossistemas no Pa\u00eds. E o trabalho de desvendar e fortalecer esse mundo pouco conhecido pelos brasileiros inclui a dimens\u00e3o cultural.<\/p>\n\n\n\n<figure class=\"wp-block-image size-large\"><img loading=\"lazy\" decoding=\"async\" width=\"1000\" height=\"666\" src=\"https:\/\/jornalfatosenoticias.com.br\/wp-content\/uploads\/2021\/05\/Manguezais-Rafael-Araujo-Curuca-Peabiru-5.jpg\" alt=\"\" class=\"wp-image-17923\" srcset=\"https:\/\/jornalfatosenoticias.com.br\/wp-content\/uploads\/2021\/05\/Manguezais-Rafael-Araujo-Curuca-Peabiru-5.jpg 1000w, https:\/\/jornalfatosenoticias.com.br\/wp-content\/uploads\/2021\/05\/Manguezais-Rafael-Araujo-Curuca-Peabiru-5-300x200.jpg 300w, https:\/\/jornalfatosenoticias.com.br\/wp-content\/uploads\/2021\/05\/Manguezais-Rafael-Araujo-Curuca-Peabiru-5-768x511.jpg 768w\" sizes=\"auto, (max-width: 1000px) 100vw, 1000px\" \/><figcaption><em>(Foto: Rafael Ara\u00fajo Curuca Peabiru)<\/em><\/figcaption><\/figure>\n\n\n\n<p>\u201cQueremos saber como os manguezais influenciam as manifesta\u00e7\u00f5es art\u00edsticas nas comunidades ao redor\u201d, explica o engenheiro de pesca e m\u00fasico Ruann Lins, apoiado com bolsa de pesquisa em etnomusicologia \u2014 o estudo da rela\u00e7\u00e3o entre conhecimento tradicional e m\u00fasica. Sabe-se que por l\u00e1 existem artistas de carimb\u00f3, xote e outros ritmos relacionados \u00e0 Marujada, ponto alto dos festejos de S\u00e3o Benedito, de origem afro-brasileira, celebrados no m\u00eas de dezembro.<br>Das lendas \u00e0 atividade tradicional das marisqueiras, as catadoras de marisco nos manguezais, \u201ca cultura faz parte dos servi\u00e7os ecossist\u00eamicos ofertados pelos manguezais \u00e0 humanidade, juntamente com a biodiversidade, alimenta\u00e7\u00e3o, regula\u00e7\u00e3o do clima e provis\u00e3o de \u00e1gua, entre outros\u201d, ressalta Indira Eyzaguirre, pesquisadora do Lama, voltada a estudos sobre estrat\u00e9gias de uso sustent\u00e1vel e conserva\u00e7\u00e3o ambiental baseadas na valoriza\u00e7\u00e3o desses servi\u00e7os, inclusive a recrea\u00e7\u00e3o e lazer.<\/p>\n\n\n\n<figure class=\"wp-block-image size-large\"><img loading=\"lazy\" decoding=\"async\" width=\"1000\" height=\"666\" src=\"https:\/\/jornalfatosenoticias.com.br\/wp-content\/uploads\/2021\/05\/Manguezais-Rafael-Araujo-Curuca-Peabiru-6.jpg\" alt=\"\" class=\"wp-image-17924\" srcset=\"https:\/\/jornalfatosenoticias.com.br\/wp-content\/uploads\/2021\/05\/Manguezais-Rafael-Araujo-Curuca-Peabiru-6.jpg 1000w, https:\/\/jornalfatosenoticias.com.br\/wp-content\/uploads\/2021\/05\/Manguezais-Rafael-Araujo-Curuca-Peabiru-6-300x200.jpg 300w, https:\/\/jornalfatosenoticias.com.br\/wp-content\/uploads\/2021\/05\/Manguezais-Rafael-Araujo-Curuca-Peabiru-6-768x511.jpg 768w\" sizes=\"auto, (max-width: 1000px) 100vw, 1000px\" \/><figcaption><em>(Foto: Rafael Ara\u00fajo Curuca Peabiru)<\/em><\/figcaption><\/figure>\n\n\n\n<h4 class=\"wp-block-heading\"><span class=\"has-inline-color has-vivid-green-cyan-color\">Benef\u00edcios comunit\u00e1rios<\/span><\/h4>\n\n\n\n<p>Como a\u00e7\u00e3o paralela \u00e0 restaura\u00e7\u00e3o do mangue, o projeto apoiar\u00e1 o levantamento das plantas existentes nos quintais das casas e usadas tradicionalmente pela popula\u00e7\u00e3o, promovendo um trabalho de resgate de mem\u00f3ria alimentar. Al\u00e9m disso, identificar\u00e1 os locais utilizados para passeios e divers\u00e3o, nos manguezais e arredores das comunidades extrativistas, de modo a fornecer subs\u00eddios ao desenvolvimento do ecoturismo de base comunit\u00e1ria com possibilidade de gera\u00e7\u00e3o de renda local.<\/p>\n\n\n\n<figure class=\"wp-block-image size-large\"><img loading=\"lazy\" decoding=\"async\" width=\"1000\" height=\"666\" src=\"https:\/\/jornalfatosenoticias.com.br\/wp-content\/uploads\/2021\/05\/Manguezais-Foto-San-Marcelo.jpg\" alt=\"\" class=\"wp-image-17925\" srcset=\"https:\/\/jornalfatosenoticias.com.br\/wp-content\/uploads\/2021\/05\/Manguezais-Foto-San-Marcelo.jpg 1000w, https:\/\/jornalfatosenoticias.com.br\/wp-content\/uploads\/2021\/05\/Manguezais-Foto-San-Marcelo-300x200.jpg 300w, https:\/\/jornalfatosenoticias.com.br\/wp-content\/uploads\/2021\/05\/Manguezais-Foto-San-Marcelo-768x511.jpg 768w\" sizes=\"auto, (max-width: 1000px) 100vw, 1000px\" \/><figcaption><em>(Foto: San Marcelo)<\/em><\/figcaption><\/figure>\n\n\n\n<p>Com objetivo de conhecer e promover a valoriza\u00e7\u00e3o da identidade cultural dos indiv\u00edduos e grupos que s\u00e3o diretamente influenciados pelo ecossistema manguezal, o projeto beneficiar\u00e1 o p\u00fablico infantil atrav\u00e9s do Clube do Recreio, com a\u00e7\u00f5es de educa\u00e7\u00e3o para crian\u00e7as at\u00e9 seis anos. O Clube de Ci\u00eancias, por sua vez, vai promover a sensibiliza\u00e7\u00e3o de crian\u00e7as de at\u00e9 12 anos para a import\u00e2ncia da conserva\u00e7\u00e3o dos manguezais e da sua fun\u00e7\u00e3o socioambiental, al\u00e9m de estimular a entrada da ci\u00eancia na vida da crian\u00e7a.<br>Na iniciativa de promover a capacita\u00e7\u00e3o dos adolescentes, criou-se o Grupo Comunit\u00e1rio Protetores do Mangue (Promangue), oferecendo treinamento para atuarem como condutores de trilha e agentes ambientais. Os adultos ter\u00e3o cursos profissionalizantes, conforme as demandas locais.<\/p>\n\n\n\n<div class=\"wp-block-jetpack-slideshow aligncenter\" data-effect=\"slide\"><div class=\"wp-block-jetpack-slideshow_container swiper-container\"><ul class=\"wp-block-jetpack-slideshow_swiper-wrapper swiper-wrapper\"><li class=\"wp-block-jetpack-slideshow_slide swiper-slide\"><figure><img loading=\"lazy\" decoding=\"async\" width=\"1000\" height=\"588\" alt=\"\" class=\"wp-block-jetpack-slideshow_image wp-image-17926\" data-id=\"17926\" src=\"https:\/\/jornalfatosenoticias.com.br\/wp-content\/uploads\/2021\/05\/Manguezais-Foto-San-Marcelo_2.jpg\" srcset=\"https:\/\/jornalfatosenoticias.com.br\/wp-content\/uploads\/2021\/05\/Manguezais-Foto-San-Marcelo_2.jpg 1000w, https:\/\/jornalfatosenoticias.com.br\/wp-content\/uploads\/2021\/05\/Manguezais-Foto-San-Marcelo_2-300x176.jpg 300w, https:\/\/jornalfatosenoticias.com.br\/wp-content\/uploads\/2021\/05\/Manguezais-Foto-San-Marcelo_2-768x452.jpg 768w\" sizes=\"auto, (max-width: 1000px) 100vw, 1000px\" \/><figcaption class=\"wp-block-jetpack-slideshow_caption gallery-caption\">(Fotos: San Marcelo)<\/figcaption><\/figure><\/li><li class=\"wp-block-jetpack-slideshow_slide swiper-slide\"><figure><img loading=\"lazy\" decoding=\"async\" width=\"1000\" height=\"666\" alt=\"\" class=\"wp-block-jetpack-slideshow_image wp-image-17927\" data-id=\"17927\" src=\"https:\/\/jornalfatosenoticias.com.br\/wp-content\/uploads\/2021\/05\/Manguezais-Foto-San-Marcelo_3.jpg\" srcset=\"https:\/\/jornalfatosenoticias.com.br\/wp-content\/uploads\/2021\/05\/Manguezais-Foto-San-Marcelo_3.jpg 1000w, https:\/\/jornalfatosenoticias.com.br\/wp-content\/uploads\/2021\/05\/Manguezais-Foto-San-Marcelo_3-300x200.jpg 300w, https:\/\/jornalfatosenoticias.com.br\/wp-content\/uploads\/2021\/05\/Manguezais-Foto-San-Marcelo_3-768x511.jpg 768w\" sizes=\"auto, (max-width: 1000px) 100vw, 1000px\" \/><\/figure><\/li><\/ul><a class=\"wp-block-jetpack-slideshow_button-prev swiper-button-prev swiper-button-white\" role=\"button\"><\/a><a class=\"wp-block-jetpack-slideshow_button-next swiper-button-next swiper-button-white\" role=\"button\"><\/a><a aria-label=\"Pause Slideshow\" class=\"wp-block-jetpack-slideshow_button-pause\" role=\"button\"><\/a><div class=\"wp-block-jetpack-slideshow_pagination swiper-pagination swiper-pagination-white\"><\/div><\/div><\/div>\n\n\n\n<p><strong><em>Fonte: <a href=\"https:\/\/ciclovivo.com.br\/planeta\/meio-ambiente\/recuperacao-de-manguezais-valoriza-culturas-tradicionais-na-amazonia\/#:~:text=Benef%C3%ADcios%20comunit%C3%A1rios,de%20resgate%20de%20mem%C3%B3ria%20alimentar.\">CicloVivo<\/a><\/em><\/strong><\/p>\n","protected":false},"excerpt":{"rendered":"<p>Ao plantar mudas para recuperar mangues, projeto engaja comunidades e valoriza a identidade dos povos tradicionais Como os manguezais s\u00e3o representados nas lendas, cren\u00e7as e manifesta\u00e7\u00f5es art\u00edsticas? De que forma conservar e reflorestar esses ambientes naturais pode contribuir para a continuidade de tradi\u00e7\u00f5es milenares? Em busca de respostas, entender o papel do conhecimento transmitido entre [&hellip;]<\/p>\n","protected":false},"author":2,"featured_media":17928,"comment_status":"open","ping_status":"open","sticky":false,"template":"","format":"standard","meta":{"footnotes":""},"categories":[8],"tags":[123,8882,8880,8881,3890,5176,8883],"class_list":["post-17919","post","type-post","status-publish","format-standard","has-post-thumbnail","hentry","category-meio-ambiente","tag-amazonia","tag-crencas","tag-culturas-tradicionais","tag-identidade","tag-lendas","tag-manguezais","tag-manifestacoes-artisticas"],"yoast_head":"<!-- This site is optimized with the Yoast SEO plugin v26.5 - https:\/\/yoast.com\/wordpress\/plugins\/seo\/ -->\n<title>Recupera\u00e7\u00e3o de manguezais valoriza culturas tradicionais na Amaz\u00f4nia - Jornal Fatos e Not\u00edcias<\/title>\n<meta name=\"robots\" content=\"index, follow, max-snippet:-1, max-image-preview:large, max-video-preview:-1\" \/>\n<link rel=\"canonical\" href=\"https:\/\/jornalfatosenoticias.com.br\/index.php\/2021\/05\/06\/recuperacao-de-manguezais-valoriza-culturas-tradicionais-na-amazonia\/\" \/>\n<meta property=\"og:locale\" content=\"pt_BR\" \/>\n<meta property=\"og:type\" content=\"article\" \/>\n<meta property=\"og:title\" content=\"Recupera\u00e7\u00e3o de manguezais valoriza culturas tradicionais na Amaz\u00f4nia - Jornal Fatos e Not\u00edcias\" \/>\n<meta property=\"og:description\" content=\"Ao plantar mudas para recuperar mangues, projeto engaja comunidades e valoriza a identidade dos povos tradicionais Como os manguezais s\u00e3o representados nas lendas, cren\u00e7as e manifesta\u00e7\u00f5es art\u00edsticas? De que forma conservar e reflorestar esses ambientes naturais pode contribuir para a continuidade de tradi\u00e7\u00f5es milenares? Em busca de respostas, entender o papel do conhecimento transmitido entre [&hellip;]\" \/>\n<meta property=\"og:url\" content=\"https:\/\/jornalfatosenoticias.com.br\/index.php\/2021\/05\/06\/recuperacao-de-manguezais-valoriza-culturas-tradicionais-na-amazonia\/\" \/>\n<meta property=\"og:site_name\" content=\"Jornal Fatos e Not\u00edcias\" \/>\n<meta property=\"article:published_time\" content=\"2021-05-06T22:25:27+00:00\" \/>\n<meta property=\"article:modified_time\" content=\"2021-05-06T22:25:28+00:00\" \/>\n<meta property=\"og:image\" content=\"https:\/\/jornalfatosenoticias.com.br\/wp-content\/uploads\/2021\/05\/Manguezais-Rafael-Araujo-Curuca-Peabiru-4.jpg\" \/>\n\t<meta property=\"og:image:width\" content=\"1000\" \/>\n\t<meta property=\"og:image:height\" content=\"666\" \/>\n\t<meta property=\"og:image:type\" content=\"image\/jpeg\" \/>\n<meta name=\"author\" content=\"Luzimara Fernandes\" \/>\n<meta name=\"twitter:card\" content=\"summary_large_image\" \/>\n<meta name=\"twitter:label1\" content=\"Escrito por\" \/>\n\t<meta name=\"twitter:data1\" content=\"Luzimara Fernandes\" \/>\n\t<meta name=\"twitter:label2\" content=\"Est. tempo de leitura\" \/>\n\t<meta name=\"twitter:data2\" content=\"4 minutos\" \/>\n<script type=\"application\/ld+json\" class=\"yoast-schema-graph\">{\"@context\":\"https:\/\/schema.org\",\"@graph\":[{\"@type\":\"Article\",\"@id\":\"https:\/\/jornalfatosenoticias.com.br\/index.php\/2021\/05\/06\/recuperacao-de-manguezais-valoriza-culturas-tradicionais-na-amazonia\/#article\",\"isPartOf\":{\"@id\":\"https:\/\/jornalfatosenoticias.com.br\/index.php\/2021\/05\/06\/recuperacao-de-manguezais-valoriza-culturas-tradicionais-na-amazonia\/\"},\"author\":{\"name\":\"Luzimara Fernandes\",\"@id\":\"https:\/\/jornalfatosenoticias.com.br\/#\/schema\/person\/d63837fa13ac8666eb9e74e0985d6f81\"},\"headline\":\"Recupera\u00e7\u00e3o de manguezais valoriza culturas tradicionais na Amaz\u00f4nia\",\"datePublished\":\"2021-05-06T22:25:27+00:00\",\"dateModified\":\"2021-05-06T22:25:28+00:00\",\"mainEntityOfPage\":{\"@id\":\"https:\/\/jornalfatosenoticias.com.br\/index.php\/2021\/05\/06\/recuperacao-de-manguezais-valoriza-culturas-tradicionais-na-amazonia\/\"},\"wordCount\":749,\"commentCount\":0,\"publisher\":{\"@id\":\"https:\/\/jornalfatosenoticias.com.br\/#organization\"},\"image\":{\"@id\":\"https:\/\/jornalfatosenoticias.com.br\/index.php\/2021\/05\/06\/recuperacao-de-manguezais-valoriza-culturas-tradicionais-na-amazonia\/#primaryimage\"},\"thumbnailUrl\":\"https:\/\/jornalfatosenoticias.com.br\/wp-content\/uploads\/2021\/05\/Manguezais-Rafael-Araujo-Curuca-Peabiru-4.jpg\",\"keywords\":[\"amaz\u00f4nia\",\"cren\u00e7as\",\"culturas tradicionais\",\"identidade\",\"lendas\",\"manguezais\",\"manifesta\u00e7\u00f5es art\u00edsticas\"],\"articleSection\":[\"Meio ambiente\"],\"inLanguage\":\"pt-BR\",\"potentialAction\":[{\"@type\":\"CommentAction\",\"name\":\"Comment\",\"target\":[\"https:\/\/jornalfatosenoticias.com.br\/index.php\/2021\/05\/06\/recuperacao-de-manguezais-valoriza-culturas-tradicionais-na-amazonia\/#respond\"]}]},{\"@type\":\"WebPage\",\"@id\":\"https:\/\/jornalfatosenoticias.com.br\/index.php\/2021\/05\/06\/recuperacao-de-manguezais-valoriza-culturas-tradicionais-na-amazonia\/\",\"url\":\"https:\/\/jornalfatosenoticias.com.br\/index.php\/2021\/05\/06\/recuperacao-de-manguezais-valoriza-culturas-tradicionais-na-amazonia\/\",\"name\":\"Recupera\u00e7\u00e3o de manguezais valoriza culturas tradicionais na Amaz\u00f4nia - Jornal Fatos e Not\u00edcias\",\"isPartOf\":{\"@id\":\"https:\/\/jornalfatosenoticias.com.br\/#website\"},\"primaryImageOfPage\":{\"@id\":\"https:\/\/jornalfatosenoticias.com.br\/index.php\/2021\/05\/06\/recuperacao-de-manguezais-valoriza-culturas-tradicionais-na-amazonia\/#primaryimage\"},\"image\":{\"@id\":\"https:\/\/jornalfatosenoticias.com.br\/index.php\/2021\/05\/06\/recuperacao-de-manguezais-valoriza-culturas-tradicionais-na-amazonia\/#primaryimage\"},\"thumbnailUrl\":\"https:\/\/jornalfatosenoticias.com.br\/wp-content\/uploads\/2021\/05\/Manguezais-Rafael-Araujo-Curuca-Peabiru-4.jpg\",\"datePublished\":\"2021-05-06T22:25:27+00:00\",\"dateModified\":\"2021-05-06T22:25:28+00:00\",\"breadcrumb\":{\"@id\":\"https:\/\/jornalfatosenoticias.com.br\/index.php\/2021\/05\/06\/recuperacao-de-manguezais-valoriza-culturas-tradicionais-na-amazonia\/#breadcrumb\"},\"inLanguage\":\"pt-BR\",\"potentialAction\":[{\"@type\":\"ReadAction\",\"target\":[\"https:\/\/jornalfatosenoticias.com.br\/index.php\/2021\/05\/06\/recuperacao-de-manguezais-valoriza-culturas-tradicionais-na-amazonia\/\"]}]},{\"@type\":\"ImageObject\",\"inLanguage\":\"pt-BR\",\"@id\":\"https:\/\/jornalfatosenoticias.com.br\/index.php\/2021\/05\/06\/recuperacao-de-manguezais-valoriza-culturas-tradicionais-na-amazonia\/#primaryimage\",\"url\":\"https:\/\/jornalfatosenoticias.com.br\/wp-content\/uploads\/2021\/05\/Manguezais-Rafael-Araujo-Curuca-Peabiru-4.jpg\",\"contentUrl\":\"https:\/\/jornalfatosenoticias.com.br\/wp-content\/uploads\/2021\/05\/Manguezais-Rafael-Araujo-Curuca-Peabiru-4.jpg\",\"width\":1000,\"height\":666},{\"@type\":\"BreadcrumbList\",\"@id\":\"https:\/\/jornalfatosenoticias.com.br\/index.php\/2021\/05\/06\/recuperacao-de-manguezais-valoriza-culturas-tradicionais-na-amazonia\/#breadcrumb\",\"itemListElement\":[{\"@type\":\"ListItem\",\"position\":1,\"name\":\"In\u00edcio\",\"item\":\"https:\/\/jornalfatosenoticias.com.br\/\"},{\"@type\":\"ListItem\",\"position\":2,\"name\":\"Recupera\u00e7\u00e3o de manguezais valoriza culturas tradicionais na Amaz\u00f4nia\"}]},{\"@type\":\"WebSite\",\"@id\":\"https:\/\/jornalfatosenoticias.com.br\/#website\",\"url\":\"https:\/\/jornalfatosenoticias.com.br\/\",\"name\":\"Jornal Fatos e Not\u00edcias\",\"description\":\"Not\u00edcias em geral\",\"publisher\":{\"@id\":\"https:\/\/jornalfatosenoticias.com.br\/#organization\"},\"potentialAction\":[{\"@type\":\"SearchAction\",\"target\":{\"@type\":\"EntryPoint\",\"urlTemplate\":\"https:\/\/jornalfatosenoticias.com.br\/?s={search_term_string}\"},\"query-input\":{\"@type\":\"PropertyValueSpecification\",\"valueRequired\":true,\"valueName\":\"search_term_string\"}}],\"inLanguage\":\"pt-BR\"},{\"@type\":\"Organization\",\"@id\":\"https:\/\/jornalfatosenoticias.com.br\/#organization\",\"name\":\"Jornal Fatos e Not\u00edcias\",\"url\":\"https:\/\/jornalfatosenoticias.com.br\/\",\"logo\":{\"@type\":\"ImageObject\",\"inLanguage\":\"pt-BR\",\"@id\":\"https:\/\/jornalfatosenoticias.com.br\/#\/schema\/logo\/image\/\",\"url\":\"https:\/\/jornalfatosenoticias.com.br\/wp-content\/uploads\/2020\/02\/logo120.png\",\"contentUrl\":\"https:\/\/jornalfatosenoticias.com.br\/wp-content\/uploads\/2020\/02\/logo120.png\",\"width\":1227,\"height\":120,\"caption\":\"Jornal Fatos e Not\u00edcias\"},\"image\":{\"@id\":\"https:\/\/jornalfatosenoticias.com.br\/#\/schema\/logo\/image\/\"}},{\"@type\":\"Person\",\"@id\":\"https:\/\/jornalfatosenoticias.com.br\/#\/schema\/person\/d63837fa13ac8666eb9e74e0985d6f81\",\"name\":\"Luzimara Fernandes\",\"image\":{\"@type\":\"ImageObject\",\"inLanguage\":\"pt-BR\",\"@id\":\"https:\/\/jornalfatosenoticias.com.br\/#\/schema\/person\/image\/\",\"url\":\"https:\/\/jornalfatosenoticias.com.br\/wp-content\/uploads\/2025\/05\/EU_portal.jpg\",\"contentUrl\":\"https:\/\/jornalfatosenoticias.com.br\/wp-content\/uploads\/2025\/05\/EU_portal.jpg\",\"caption\":\"Luzimara Fernandes\"},\"description\":\"Jornalista MTB 2358-ES\",\"sameAs\":[\"https:\/\/jornalfatosenoticias.com.br\"],\"url\":\"https:\/\/jornalfatosenoticias.com.br\/index.php\/author\/luzimara\/\"}]}<\/script>\n<!-- \/ Yoast SEO plugin. -->","yoast_head_json":{"title":"Recupera\u00e7\u00e3o de manguezais valoriza culturas tradicionais na Amaz\u00f4nia - Jornal Fatos e Not\u00edcias","robots":{"index":"index","follow":"follow","max-snippet":"max-snippet:-1","max-image-preview":"max-image-preview:large","max-video-preview":"max-video-preview:-1"},"canonical":"https:\/\/jornalfatosenoticias.com.br\/index.php\/2021\/05\/06\/recuperacao-de-manguezais-valoriza-culturas-tradicionais-na-amazonia\/","og_locale":"pt_BR","og_type":"article","og_title":"Recupera\u00e7\u00e3o de manguezais valoriza culturas tradicionais na Amaz\u00f4nia - Jornal Fatos e Not\u00edcias","og_description":"Ao plantar mudas para recuperar mangues, projeto engaja comunidades e valoriza a identidade dos povos tradicionais Como os manguezais s\u00e3o representados nas lendas, cren\u00e7as e manifesta\u00e7\u00f5es art\u00edsticas? De que forma conservar e reflorestar esses ambientes naturais pode contribuir para a continuidade de tradi\u00e7\u00f5es milenares? Em busca de respostas, entender o papel do conhecimento transmitido entre [&hellip;]","og_url":"https:\/\/jornalfatosenoticias.com.br\/index.php\/2021\/05\/06\/recuperacao-de-manguezais-valoriza-culturas-tradicionais-na-amazonia\/","og_site_name":"Jornal Fatos e Not\u00edcias","article_published_time":"2021-05-06T22:25:27+00:00","article_modified_time":"2021-05-06T22:25:28+00:00","og_image":[{"width":1000,"height":666,"url":"https:\/\/jornalfatosenoticias.com.br\/wp-content\/uploads\/2021\/05\/Manguezais-Rafael-Araujo-Curuca-Peabiru-4.jpg","type":"image\/jpeg"}],"author":"Luzimara Fernandes","twitter_card":"summary_large_image","twitter_misc":{"Escrito por":"Luzimara Fernandes","Est. tempo de leitura":"4 minutos"},"schema":{"@context":"https:\/\/schema.org","@graph":[{"@type":"Article","@id":"https:\/\/jornalfatosenoticias.com.br\/index.php\/2021\/05\/06\/recuperacao-de-manguezais-valoriza-culturas-tradicionais-na-amazonia\/#article","isPartOf":{"@id":"https:\/\/jornalfatosenoticias.com.br\/index.php\/2021\/05\/06\/recuperacao-de-manguezais-valoriza-culturas-tradicionais-na-amazonia\/"},"author":{"name":"Luzimara Fernandes","@id":"https:\/\/jornalfatosenoticias.com.br\/#\/schema\/person\/d63837fa13ac8666eb9e74e0985d6f81"},"headline":"Recupera\u00e7\u00e3o de manguezais valoriza culturas tradicionais na Amaz\u00f4nia","datePublished":"2021-05-06T22:25:27+00:00","dateModified":"2021-05-06T22:25:28+00:00","mainEntityOfPage":{"@id":"https:\/\/jornalfatosenoticias.com.br\/index.php\/2021\/05\/06\/recuperacao-de-manguezais-valoriza-culturas-tradicionais-na-amazonia\/"},"wordCount":749,"commentCount":0,"publisher":{"@id":"https:\/\/jornalfatosenoticias.com.br\/#organization"},"image":{"@id":"https:\/\/jornalfatosenoticias.com.br\/index.php\/2021\/05\/06\/recuperacao-de-manguezais-valoriza-culturas-tradicionais-na-amazonia\/#primaryimage"},"thumbnailUrl":"https:\/\/jornalfatosenoticias.com.br\/wp-content\/uploads\/2021\/05\/Manguezais-Rafael-Araujo-Curuca-Peabiru-4.jpg","keywords":["amaz\u00f4nia","cren\u00e7as","culturas tradicionais","identidade","lendas","manguezais","manifesta\u00e7\u00f5es art\u00edsticas"],"articleSection":["Meio ambiente"],"inLanguage":"pt-BR","potentialAction":[{"@type":"CommentAction","name":"Comment","target":["https:\/\/jornalfatosenoticias.com.br\/index.php\/2021\/05\/06\/recuperacao-de-manguezais-valoriza-culturas-tradicionais-na-amazonia\/#respond"]}]},{"@type":"WebPage","@id":"https:\/\/jornalfatosenoticias.com.br\/index.php\/2021\/05\/06\/recuperacao-de-manguezais-valoriza-culturas-tradicionais-na-amazonia\/","url":"https:\/\/jornalfatosenoticias.com.br\/index.php\/2021\/05\/06\/recuperacao-de-manguezais-valoriza-culturas-tradicionais-na-amazonia\/","name":"Recupera\u00e7\u00e3o de manguezais valoriza culturas tradicionais na Amaz\u00f4nia - Jornal Fatos e Not\u00edcias","isPartOf":{"@id":"https:\/\/jornalfatosenoticias.com.br\/#website"},"primaryImageOfPage":{"@id":"https:\/\/jornalfatosenoticias.com.br\/index.php\/2021\/05\/06\/recuperacao-de-manguezais-valoriza-culturas-tradicionais-na-amazonia\/#primaryimage"},"image":{"@id":"https:\/\/jornalfatosenoticias.com.br\/index.php\/2021\/05\/06\/recuperacao-de-manguezais-valoriza-culturas-tradicionais-na-amazonia\/#primaryimage"},"thumbnailUrl":"https:\/\/jornalfatosenoticias.com.br\/wp-content\/uploads\/2021\/05\/Manguezais-Rafael-Araujo-Curuca-Peabiru-4.jpg","datePublished":"2021-05-06T22:25:27+00:00","dateModified":"2021-05-06T22:25:28+00:00","breadcrumb":{"@id":"https:\/\/jornalfatosenoticias.com.br\/index.php\/2021\/05\/06\/recuperacao-de-manguezais-valoriza-culturas-tradicionais-na-amazonia\/#breadcrumb"},"inLanguage":"pt-BR","potentialAction":[{"@type":"ReadAction","target":["https:\/\/jornalfatosenoticias.com.br\/index.php\/2021\/05\/06\/recuperacao-de-manguezais-valoriza-culturas-tradicionais-na-amazonia\/"]}]},{"@type":"ImageObject","inLanguage":"pt-BR","@id":"https:\/\/jornalfatosenoticias.com.br\/index.php\/2021\/05\/06\/recuperacao-de-manguezais-valoriza-culturas-tradicionais-na-amazonia\/#primaryimage","url":"https:\/\/jornalfatosenoticias.com.br\/wp-content\/uploads\/2021\/05\/Manguezais-Rafael-Araujo-Curuca-Peabiru-4.jpg","contentUrl":"https:\/\/jornalfatosenoticias.com.br\/wp-content\/uploads\/2021\/05\/Manguezais-Rafael-Araujo-Curuca-Peabiru-4.jpg","width":1000,"height":666},{"@type":"BreadcrumbList","@id":"https:\/\/jornalfatosenoticias.com.br\/index.php\/2021\/05\/06\/recuperacao-de-manguezais-valoriza-culturas-tradicionais-na-amazonia\/#breadcrumb","itemListElement":[{"@type":"ListItem","position":1,"name":"In\u00edcio","item":"https:\/\/jornalfatosenoticias.com.br\/"},{"@type":"ListItem","position":2,"name":"Recupera\u00e7\u00e3o de manguezais valoriza culturas tradicionais na Amaz\u00f4nia"}]},{"@type":"WebSite","@id":"https:\/\/jornalfatosenoticias.com.br\/#website","url":"https:\/\/jornalfatosenoticias.com.br\/","name":"Jornal Fatos e Not\u00edcias","description":"Not\u00edcias em geral","publisher":{"@id":"https:\/\/jornalfatosenoticias.com.br\/#organization"},"potentialAction":[{"@type":"SearchAction","target":{"@type":"EntryPoint","urlTemplate":"https:\/\/jornalfatosenoticias.com.br\/?s={search_term_string}"},"query-input":{"@type":"PropertyValueSpecification","valueRequired":true,"valueName":"search_term_string"}}],"inLanguage":"pt-BR"},{"@type":"Organization","@id":"https:\/\/jornalfatosenoticias.com.br\/#organization","name":"Jornal Fatos e Not\u00edcias","url":"https:\/\/jornalfatosenoticias.com.br\/","logo":{"@type":"ImageObject","inLanguage":"pt-BR","@id":"https:\/\/jornalfatosenoticias.com.br\/#\/schema\/logo\/image\/","url":"https:\/\/jornalfatosenoticias.com.br\/wp-content\/uploads\/2020\/02\/logo120.png","contentUrl":"https:\/\/jornalfatosenoticias.com.br\/wp-content\/uploads\/2020\/02\/logo120.png","width":1227,"height":120,"caption":"Jornal Fatos e Not\u00edcias"},"image":{"@id":"https:\/\/jornalfatosenoticias.com.br\/#\/schema\/logo\/image\/"}},{"@type":"Person","@id":"https:\/\/jornalfatosenoticias.com.br\/#\/schema\/person\/d63837fa13ac8666eb9e74e0985d6f81","name":"Luzimara Fernandes","image":{"@type":"ImageObject","inLanguage":"pt-BR","@id":"https:\/\/jornalfatosenoticias.com.br\/#\/schema\/person\/image\/","url":"https:\/\/jornalfatosenoticias.com.br\/wp-content\/uploads\/2025\/05\/EU_portal.jpg","contentUrl":"https:\/\/jornalfatosenoticias.com.br\/wp-content\/uploads\/2025\/05\/EU_portal.jpg","caption":"Luzimara Fernandes"},"description":"Jornalista MTB 2358-ES","sameAs":["https:\/\/jornalfatosenoticias.com.br"],"url":"https:\/\/jornalfatosenoticias.com.br\/index.php\/author\/luzimara\/"}]}},"cc_featured_image_caption":{"caption_text":"(Foto: Rafael Ara\u00fajo Curuca Peabiru) ","source_text":"","source_url":""},"jetpack_featured_media_url":"https:\/\/jornalfatosenoticias.com.br\/wp-content\/uploads\/2021\/05\/Manguezais-Rafael-Araujo-Curuca-Peabiru-4.jpg","_links":{"self":[{"href":"https:\/\/jornalfatosenoticias.com.br\/index.php\/wp-json\/wp\/v2\/posts\/17919","targetHints":{"allow":["GET"]}}],"collection":[{"href":"https:\/\/jornalfatosenoticias.com.br\/index.php\/wp-json\/wp\/v2\/posts"}],"about":[{"href":"https:\/\/jornalfatosenoticias.com.br\/index.php\/wp-json\/wp\/v2\/types\/post"}],"author":[{"embeddable":true,"href":"https:\/\/jornalfatosenoticias.com.br\/index.php\/wp-json\/wp\/v2\/users\/2"}],"replies":[{"embeddable":true,"href":"https:\/\/jornalfatosenoticias.com.br\/index.php\/wp-json\/wp\/v2\/comments?post=17919"}],"version-history":[{"count":0,"href":"https:\/\/jornalfatosenoticias.com.br\/index.php\/wp-json\/wp\/v2\/posts\/17919\/revisions"}],"wp:featuredmedia":[{"embeddable":true,"href":"https:\/\/jornalfatosenoticias.com.br\/index.php\/wp-json\/wp\/v2\/media\/17928"}],"wp:attachment":[{"href":"https:\/\/jornalfatosenoticias.com.br\/index.php\/wp-json\/wp\/v2\/media?parent=17919"}],"wp:term":[{"taxonomy":"category","embeddable":true,"href":"https:\/\/jornalfatosenoticias.com.br\/index.php\/wp-json\/wp\/v2\/categories?post=17919"},{"taxonomy":"post_tag","embeddable":true,"href":"https:\/\/jornalfatosenoticias.com.br\/index.php\/wp-json\/wp\/v2\/tags?post=17919"}],"curies":[{"name":"wp","href":"https:\/\/api.w.org\/{rel}","templated":true}]}}