{"id":17953,"date":"2021-05-07T18:18:59","date_gmt":"2021-05-07T21:18:59","guid":{"rendered":"https:\/\/jornalfatosenoticias.com.br\/?p=17953"},"modified":"2021-05-07T18:19:01","modified_gmt":"2021-05-07T21:19:01","slug":"alfabetizar-na-idade-certa-melhora-desempenho-de-alunos-na-escola","status":"publish","type":"post","link":"https:\/\/jornalfatosenoticias.com.br\/index.php\/2021\/05\/07\/alfabetizar-na-idade-certa-melhora-desempenho-de-alunos-na-escola\/","title":{"rendered":"Alfabetizar na idade certa melhora desempenho de alunos na escola"},"content":{"rendered":"\n<p>Crian\u00e7as que s\u00e3o alfabetizadas na idade certa, ou seja, at\u00e9 o terceiro ano do ensino fundamental, apresentam melhor desempenho escolar em linguagem e matem\u00e1tica. \u00c9 o que mostra um estudo realizado pelo Instituto Nacional de Estudos e Pesquisas Educacionais An\u00edsio Teixeira, o Inep.<br>O texto, intitulado &#8220;Avalia\u00e7\u00e3o Econ\u00f4mica do Pacto Nacional pela Alfabetiza\u00e7\u00e3o na Idade Certa&#8221;, afirma que cada vez que se aumenta em 10% o n\u00famero de professores em uma escola que participavam do Programa Nacional de Apoio ao Investidor da Di\u00e1spora (Pnaid), a profici\u00eancia dos estudantes em Matem\u00e1tica e Linguagem melhora em 23%.<br>O n\u00famero foi estabelecido com base em uma estimativa que usou m\u00e9todos cient\u00edficos e tratou de calcular tamb\u00e9m o impacto de retorno econ\u00f4mico, do Pnaid. O programa \u00e9 um dos mais vultosos programas do Minist\u00e9rio da Educa\u00e7\u00e3o e mereceu investimentos da ordem de 2,6 bilh\u00f5es de reais em seu or\u00e7amento inicial. A conclus\u00e3o foi que o Pacto apresenta um saldo l\u00edquido positivo (VPL) de 118,48 reais por aluno afetado, o que corresponde a uma Taxa Interna de Retorno (TIR) de 15%.<br>Embora venha caindo vertiginosamente desde a d\u00e9cada de 80, o analfabetismo ainda \u00e9 um dos principais problemas educacionais brasileiros. Dados da prova ABC, aplicada em 2012 para 54 mil alunos de 600 munic\u00edpios, mostrou que somente 44,5% dos alunos do terceiro ano do ensino fundamental apresentavam profici\u00eancia adequada em Leitura \u2014 em Escrita (30,1%) e em Matem\u00e1tica (33,3%).<br>Criado em 2012 com a inten\u00e7\u00e3o de mudar essa triste realidade, o Pacto Nacional pela Alfabetiza\u00e7\u00e3o na Idade Certa (Pnaic) capacitou professores, que receberam bolsas como incentivo para ingressar no programa. O treinamento foi conduzido por universidades p\u00fablicas. O objetivo principal \u00e9 mudar a abordagem em sala de aula como forma de tornar o ensino mais eficaz para os alunos em in\u00edcio de vida escolar.<br>Em rela\u00e7\u00e3o ao \u00cdndice de desenvolvimento da Educa\u00e7\u00e3o B\u00e1sica, o Ideb, que mede a m\u00e9dia de desempenho na avalia\u00e7\u00f5es da Educa\u00e7\u00e3o B\u00e1sica tamb\u00e9m foi afetado positivamente. &#8221; O efeito estimado para o Ideb foi de 8% de um desvio-padr\u00e3o e, para a taxa de aprova\u00e7\u00e3o, foi de cerca de 10%&#8221;, concluiu o estudo conduzido por Renan Gomes de Pieri e Alexandre Andr\u00e9 dos Santos, pesquisadores do Inep.<\/p>\n\n\n\n<p><em><strong>Fonte: <a href=\"https:\/\/www.msn.com\/pt-br\/noticias\/educacao\/alfabetizar-na-idade-certa-melhora-desempenho-de-alunos-na-escola\/ar-BB1gly4Y\">MSN Not\u00edcias<\/a><\/strong><\/em><\/p>\n","protected":false},"excerpt":{"rendered":"<p>Crian\u00e7as que s\u00e3o alfabetizadas na idade certa, ou seja, at\u00e9 o terceiro ano do ensino fundamental, apresentam melhor desempenho escolar em linguagem e matem\u00e1tica. \u00c9 o que mostra um estudo realizado pelo Instituto Nacional de Estudos e Pesquisas Educacionais An\u00edsio Teixeira, o Inep.O texto, intitulado &#8220;Avalia\u00e7\u00e3o Econ\u00f4mica do Pacto Nacional pela Alfabetiza\u00e7\u00e3o na Idade Certa&#8221;, [&hellip;]<\/p>\n","protected":false},"author":2,"featured_media":17954,"comment_status":"open","ping_status":"open","sticky":false,"template":"","format":"standard","meta":{"footnotes":""},"categories":[7],"tags":[3821,8895,649,3420,410,704],"class_list":["post-17953","post","type-post","status-publish","format-standard","has-post-thumbnail","hentry","category-educacao","tag-alfabetizacao","tag-alfabetizacao-na-idade-certa","tag-alunos","tag-desempenho","tag-escola","tag-inep"],"yoast_head":"<!-- This site is optimized with the Yoast SEO plugin v26.5 - https:\/\/yoast.com\/wordpress\/plugins\/seo\/ -->\n<title>Alfabetizar na idade certa melhora desempenho de alunos na escola - Jornal Fatos e Not\u00edcias<\/title>\n<meta name=\"robots\" content=\"index, follow, max-snippet:-1, max-image-preview:large, max-video-preview:-1\" \/>\n<link rel=\"canonical\" href=\"https:\/\/jornalfatosenoticias.com.br\/index.php\/2021\/05\/07\/alfabetizar-na-idade-certa-melhora-desempenho-de-alunos-na-escola\/\" \/>\n<meta property=\"og:locale\" content=\"pt_BR\" \/>\n<meta property=\"og:type\" content=\"article\" \/>\n<meta property=\"og:title\" content=\"Alfabetizar na idade certa melhora desempenho de alunos na escola - Jornal Fatos e Not\u00edcias\" \/>\n<meta property=\"og:description\" content=\"Crian\u00e7as que s\u00e3o alfabetizadas na idade certa, ou seja, at\u00e9 o terceiro ano do ensino fundamental, apresentam melhor desempenho escolar em linguagem e matem\u00e1tica. \u00c9 o que mostra um estudo realizado pelo Instituto Nacional de Estudos e Pesquisas Educacionais An\u00edsio Teixeira, o Inep.O texto, intitulado &#8220;Avalia\u00e7\u00e3o Econ\u00f4mica do Pacto Nacional pela Alfabetiza\u00e7\u00e3o na Idade Certa&#8221;, [&hellip;]\" \/>\n<meta property=\"og:url\" content=\"https:\/\/jornalfatosenoticias.com.br\/index.php\/2021\/05\/07\/alfabetizar-na-idade-certa-melhora-desempenho-de-alunos-na-escola\/\" \/>\n<meta property=\"og:site_name\" content=\"Jornal Fatos e Not\u00edcias\" \/>\n<meta property=\"article:published_time\" content=\"2021-05-07T21:18:59+00:00\" \/>\n<meta property=\"article:modified_time\" content=\"2021-05-07T21:19:01+00:00\" \/>\n<meta property=\"og:image\" content=\"https:\/\/jornalfatosenoticias.com.br\/wp-content\/uploads\/2021\/05\/ALFABETIZACAO-NA-IDADE-CERTA.jpg\" \/>\n\t<meta property=\"og:image:width\" content=\"1000\" \/>\n\t<meta property=\"og:image:height\" content=\"666\" \/>\n\t<meta property=\"og:image:type\" content=\"image\/jpeg\" \/>\n<meta name=\"author\" content=\"Luzimara Fernandes\" \/>\n<meta name=\"twitter:card\" content=\"summary_large_image\" \/>\n<meta name=\"twitter:label1\" content=\"Escrito por\" \/>\n\t<meta name=\"twitter:data1\" content=\"Luzimara Fernandes\" \/>\n\t<meta name=\"twitter:label2\" content=\"Est. tempo de leitura\" \/>\n\t<meta name=\"twitter:data2\" content=\"2 minutos\" \/>\n<script type=\"application\/ld+json\" class=\"yoast-schema-graph\">{\"@context\":\"https:\/\/schema.org\",\"@graph\":[{\"@type\":\"Article\",\"@id\":\"https:\/\/jornalfatosenoticias.com.br\/index.php\/2021\/05\/07\/alfabetizar-na-idade-certa-melhora-desempenho-de-alunos-na-escola\/#article\",\"isPartOf\":{\"@id\":\"https:\/\/jornalfatosenoticias.com.br\/index.php\/2021\/05\/07\/alfabetizar-na-idade-certa-melhora-desempenho-de-alunos-na-escola\/\"},\"author\":{\"name\":\"Luzimara Fernandes\",\"@id\":\"https:\/\/jornalfatosenoticias.com.br\/#\/schema\/person\/d63837fa13ac8666eb9e74e0985d6f81\"},\"headline\":\"Alfabetizar na idade certa melhora desempenho de alunos na escola\",\"datePublished\":\"2021-05-07T21:18:59+00:00\",\"dateModified\":\"2021-05-07T21:19:01+00:00\",\"mainEntityOfPage\":{\"@id\":\"https:\/\/jornalfatosenoticias.com.br\/index.php\/2021\/05\/07\/alfabetizar-na-idade-certa-melhora-desempenho-de-alunos-na-escola\/\"},\"wordCount\":399,\"commentCount\":0,\"publisher\":{\"@id\":\"https:\/\/jornalfatosenoticias.com.br\/#organization\"},\"image\":{\"@id\":\"https:\/\/jornalfatosenoticias.com.br\/index.php\/2021\/05\/07\/alfabetizar-na-idade-certa-melhora-desempenho-de-alunos-na-escola\/#primaryimage\"},\"thumbnailUrl\":\"https:\/\/jornalfatosenoticias.com.br\/wp-content\/uploads\/2021\/05\/ALFABETIZACAO-NA-IDADE-CERTA.jpg\",\"keywords\":[\"alfabetiza\u00e7\u00e3o\",\"alfabetiza\u00e7\u00e3o na idade certa\",\"alunos\",\"desempenho\",\"escola\",\"Inep\"],\"articleSection\":[\"Educa\u00e7\u00e3o\"],\"inLanguage\":\"pt-BR\",\"potentialAction\":[{\"@type\":\"CommentAction\",\"name\":\"Comment\",\"target\":[\"https:\/\/jornalfatosenoticias.com.br\/index.php\/2021\/05\/07\/alfabetizar-na-idade-certa-melhora-desempenho-de-alunos-na-escola\/#respond\"]}]},{\"@type\":\"WebPage\",\"@id\":\"https:\/\/jornalfatosenoticias.com.br\/index.php\/2021\/05\/07\/alfabetizar-na-idade-certa-melhora-desempenho-de-alunos-na-escola\/\",\"url\":\"https:\/\/jornalfatosenoticias.com.br\/index.php\/2021\/05\/07\/alfabetizar-na-idade-certa-melhora-desempenho-de-alunos-na-escola\/\",\"name\":\"Alfabetizar na idade certa melhora desempenho de alunos na escola - Jornal Fatos e Not\u00edcias\",\"isPartOf\":{\"@id\":\"https:\/\/jornalfatosenoticias.com.br\/#website\"},\"primaryImageOfPage\":{\"@id\":\"https:\/\/jornalfatosenoticias.com.br\/index.php\/2021\/05\/07\/alfabetizar-na-idade-certa-melhora-desempenho-de-alunos-na-escola\/#primaryimage\"},\"image\":{\"@id\":\"https:\/\/jornalfatosenoticias.com.br\/index.php\/2021\/05\/07\/alfabetizar-na-idade-certa-melhora-desempenho-de-alunos-na-escola\/#primaryimage\"},\"thumbnailUrl\":\"https:\/\/jornalfatosenoticias.com.br\/wp-content\/uploads\/2021\/05\/ALFABETIZACAO-NA-IDADE-CERTA.jpg\",\"datePublished\":\"2021-05-07T21:18:59+00:00\",\"dateModified\":\"2021-05-07T21:19:01+00:00\",\"breadcrumb\":{\"@id\":\"https:\/\/jornalfatosenoticias.com.br\/index.php\/2021\/05\/07\/alfabetizar-na-idade-certa-melhora-desempenho-de-alunos-na-escola\/#breadcrumb\"},\"inLanguage\":\"pt-BR\",\"potentialAction\":[{\"@type\":\"ReadAction\",\"target\":[\"https:\/\/jornalfatosenoticias.com.br\/index.php\/2021\/05\/07\/alfabetizar-na-idade-certa-melhora-desempenho-de-alunos-na-escola\/\"]}]},{\"@type\":\"ImageObject\",\"inLanguage\":\"pt-BR\",\"@id\":\"https:\/\/jornalfatosenoticias.com.br\/index.php\/2021\/05\/07\/alfabetizar-na-idade-certa-melhora-desempenho-de-alunos-na-escola\/#primaryimage\",\"url\":\"https:\/\/jornalfatosenoticias.com.br\/wp-content\/uploads\/2021\/05\/ALFABETIZACAO-NA-IDADE-CERTA.jpg\",\"contentUrl\":\"https:\/\/jornalfatosenoticias.com.br\/wp-content\/uploads\/2021\/05\/ALFABETIZACAO-NA-IDADE-CERTA.jpg\",\"width\":1000,\"height\":666},{\"@type\":\"BreadcrumbList\",\"@id\":\"https:\/\/jornalfatosenoticias.com.br\/index.php\/2021\/05\/07\/alfabetizar-na-idade-certa-melhora-desempenho-de-alunos-na-escola\/#breadcrumb\",\"itemListElement\":[{\"@type\":\"ListItem\",\"position\":1,\"name\":\"In\u00edcio\",\"item\":\"https:\/\/jornalfatosenoticias.com.br\/\"},{\"@type\":\"ListItem\",\"position\":2,\"name\":\"Alfabetizar na idade certa melhora desempenho de alunos na escola\"}]},{\"@type\":\"WebSite\",\"@id\":\"https:\/\/jornalfatosenoticias.com.br\/#website\",\"url\":\"https:\/\/jornalfatosenoticias.com.br\/\",\"name\":\"Jornal Fatos e Not\u00edcias\",\"description\":\"Not\u00edcias em geral\",\"publisher\":{\"@id\":\"https:\/\/jornalfatosenoticias.com.br\/#organization\"},\"potentialAction\":[{\"@type\":\"SearchAction\",\"target\":{\"@type\":\"EntryPoint\",\"urlTemplate\":\"https:\/\/jornalfatosenoticias.com.br\/?s={search_term_string}\"},\"query-input\":{\"@type\":\"PropertyValueSpecification\",\"valueRequired\":true,\"valueName\":\"search_term_string\"}}],\"inLanguage\":\"pt-BR\"},{\"@type\":\"Organization\",\"@id\":\"https:\/\/jornalfatosenoticias.com.br\/#organization\",\"name\":\"Jornal Fatos e Not\u00edcias\",\"url\":\"https:\/\/jornalfatosenoticias.com.br\/\",\"logo\":{\"@type\":\"ImageObject\",\"inLanguage\":\"pt-BR\",\"@id\":\"https:\/\/jornalfatosenoticias.com.br\/#\/schema\/logo\/image\/\",\"url\":\"https:\/\/jornalfatosenoticias.com.br\/wp-content\/uploads\/2020\/02\/logo120.png\",\"contentUrl\":\"https:\/\/jornalfatosenoticias.com.br\/wp-content\/uploads\/2020\/02\/logo120.png\",\"width\":1227,\"height\":120,\"caption\":\"Jornal Fatos e Not\u00edcias\"},\"image\":{\"@id\":\"https:\/\/jornalfatosenoticias.com.br\/#\/schema\/logo\/image\/\"}},{\"@type\":\"Person\",\"@id\":\"https:\/\/jornalfatosenoticias.com.br\/#\/schema\/person\/d63837fa13ac8666eb9e74e0985d6f81\",\"name\":\"Luzimara Fernandes\",\"image\":{\"@type\":\"ImageObject\",\"inLanguage\":\"pt-BR\",\"@id\":\"https:\/\/jornalfatosenoticias.com.br\/#\/schema\/person\/image\/\",\"url\":\"https:\/\/jornalfatosenoticias.com.br\/wp-content\/uploads\/2025\/05\/EU_portal.jpg\",\"contentUrl\":\"https:\/\/jornalfatosenoticias.com.br\/wp-content\/uploads\/2025\/05\/EU_portal.jpg\",\"caption\":\"Luzimara Fernandes\"},\"description\":\"Jornalista MTB 2358-ES\",\"sameAs\":[\"https:\/\/jornalfatosenoticias.com.br\"],\"url\":\"https:\/\/jornalfatosenoticias.com.br\/index.php\/author\/luzimara\/\"}]}<\/script>\n<!-- \/ Yoast SEO plugin. -->","yoast_head_json":{"title":"Alfabetizar na idade certa melhora desempenho de alunos na escola - Jornal Fatos e Not\u00edcias","robots":{"index":"index","follow":"follow","max-snippet":"max-snippet:-1","max-image-preview":"max-image-preview:large","max-video-preview":"max-video-preview:-1"},"canonical":"https:\/\/jornalfatosenoticias.com.br\/index.php\/2021\/05\/07\/alfabetizar-na-idade-certa-melhora-desempenho-de-alunos-na-escola\/","og_locale":"pt_BR","og_type":"article","og_title":"Alfabetizar na idade certa melhora desempenho de alunos na escola - Jornal Fatos e Not\u00edcias","og_description":"Crian\u00e7as que s\u00e3o alfabetizadas na idade certa, ou seja, at\u00e9 o terceiro ano do ensino fundamental, apresentam melhor desempenho escolar em linguagem e matem\u00e1tica. \u00c9 o que mostra um estudo realizado pelo Instituto Nacional de Estudos e Pesquisas Educacionais An\u00edsio Teixeira, o Inep.O texto, intitulado &#8220;Avalia\u00e7\u00e3o Econ\u00f4mica do Pacto Nacional pela Alfabetiza\u00e7\u00e3o na Idade Certa&#8221;, [&hellip;]","og_url":"https:\/\/jornalfatosenoticias.com.br\/index.php\/2021\/05\/07\/alfabetizar-na-idade-certa-melhora-desempenho-de-alunos-na-escola\/","og_site_name":"Jornal Fatos e Not\u00edcias","article_published_time":"2021-05-07T21:18:59+00:00","article_modified_time":"2021-05-07T21:19:01+00:00","og_image":[{"width":1000,"height":666,"url":"https:\/\/jornalfatosenoticias.com.br\/wp-content\/uploads\/2021\/05\/ALFABETIZACAO-NA-IDADE-CERTA.jpg","type":"image\/jpeg"}],"author":"Luzimara Fernandes","twitter_card":"summary_large_image","twitter_misc":{"Escrito por":"Luzimara Fernandes","Est. tempo de leitura":"2 minutos"},"schema":{"@context":"https:\/\/schema.org","@graph":[{"@type":"Article","@id":"https:\/\/jornalfatosenoticias.com.br\/index.php\/2021\/05\/07\/alfabetizar-na-idade-certa-melhora-desempenho-de-alunos-na-escola\/#article","isPartOf":{"@id":"https:\/\/jornalfatosenoticias.com.br\/index.php\/2021\/05\/07\/alfabetizar-na-idade-certa-melhora-desempenho-de-alunos-na-escola\/"},"author":{"name":"Luzimara Fernandes","@id":"https:\/\/jornalfatosenoticias.com.br\/#\/schema\/person\/d63837fa13ac8666eb9e74e0985d6f81"},"headline":"Alfabetizar na idade certa melhora desempenho de alunos na escola","datePublished":"2021-05-07T21:18:59+00:00","dateModified":"2021-05-07T21:19:01+00:00","mainEntityOfPage":{"@id":"https:\/\/jornalfatosenoticias.com.br\/index.php\/2021\/05\/07\/alfabetizar-na-idade-certa-melhora-desempenho-de-alunos-na-escola\/"},"wordCount":399,"commentCount":0,"publisher":{"@id":"https:\/\/jornalfatosenoticias.com.br\/#organization"},"image":{"@id":"https:\/\/jornalfatosenoticias.com.br\/index.php\/2021\/05\/07\/alfabetizar-na-idade-certa-melhora-desempenho-de-alunos-na-escola\/#primaryimage"},"thumbnailUrl":"https:\/\/jornalfatosenoticias.com.br\/wp-content\/uploads\/2021\/05\/ALFABETIZACAO-NA-IDADE-CERTA.jpg","keywords":["alfabetiza\u00e7\u00e3o","alfabetiza\u00e7\u00e3o na idade certa","alunos","desempenho","escola","Inep"],"articleSection":["Educa\u00e7\u00e3o"],"inLanguage":"pt-BR","potentialAction":[{"@type":"CommentAction","name":"Comment","target":["https:\/\/jornalfatosenoticias.com.br\/index.php\/2021\/05\/07\/alfabetizar-na-idade-certa-melhora-desempenho-de-alunos-na-escola\/#respond"]}]},{"@type":"WebPage","@id":"https:\/\/jornalfatosenoticias.com.br\/index.php\/2021\/05\/07\/alfabetizar-na-idade-certa-melhora-desempenho-de-alunos-na-escola\/","url":"https:\/\/jornalfatosenoticias.com.br\/index.php\/2021\/05\/07\/alfabetizar-na-idade-certa-melhora-desempenho-de-alunos-na-escola\/","name":"Alfabetizar na idade certa melhora desempenho de alunos na escola - Jornal Fatos e Not\u00edcias","isPartOf":{"@id":"https:\/\/jornalfatosenoticias.com.br\/#website"},"primaryImageOfPage":{"@id":"https:\/\/jornalfatosenoticias.com.br\/index.php\/2021\/05\/07\/alfabetizar-na-idade-certa-melhora-desempenho-de-alunos-na-escola\/#primaryimage"},"image":{"@id":"https:\/\/jornalfatosenoticias.com.br\/index.php\/2021\/05\/07\/alfabetizar-na-idade-certa-melhora-desempenho-de-alunos-na-escola\/#primaryimage"},"thumbnailUrl":"https:\/\/jornalfatosenoticias.com.br\/wp-content\/uploads\/2021\/05\/ALFABETIZACAO-NA-IDADE-CERTA.jpg","datePublished":"2021-05-07T21:18:59+00:00","dateModified":"2021-05-07T21:19:01+00:00","breadcrumb":{"@id":"https:\/\/jornalfatosenoticias.com.br\/index.php\/2021\/05\/07\/alfabetizar-na-idade-certa-melhora-desempenho-de-alunos-na-escola\/#breadcrumb"},"inLanguage":"pt-BR","potentialAction":[{"@type":"ReadAction","target":["https:\/\/jornalfatosenoticias.com.br\/index.php\/2021\/05\/07\/alfabetizar-na-idade-certa-melhora-desempenho-de-alunos-na-escola\/"]}]},{"@type":"ImageObject","inLanguage":"pt-BR","@id":"https:\/\/jornalfatosenoticias.com.br\/index.php\/2021\/05\/07\/alfabetizar-na-idade-certa-melhora-desempenho-de-alunos-na-escola\/#primaryimage","url":"https:\/\/jornalfatosenoticias.com.br\/wp-content\/uploads\/2021\/05\/ALFABETIZACAO-NA-IDADE-CERTA.jpg","contentUrl":"https:\/\/jornalfatosenoticias.com.br\/wp-content\/uploads\/2021\/05\/ALFABETIZACAO-NA-IDADE-CERTA.jpg","width":1000,"height":666},{"@type":"BreadcrumbList","@id":"https:\/\/jornalfatosenoticias.com.br\/index.php\/2021\/05\/07\/alfabetizar-na-idade-certa-melhora-desempenho-de-alunos-na-escola\/#breadcrumb","itemListElement":[{"@type":"ListItem","position":1,"name":"In\u00edcio","item":"https:\/\/jornalfatosenoticias.com.br\/"},{"@type":"ListItem","position":2,"name":"Alfabetizar na idade certa melhora desempenho de alunos na escola"}]},{"@type":"WebSite","@id":"https:\/\/jornalfatosenoticias.com.br\/#website","url":"https:\/\/jornalfatosenoticias.com.br\/","name":"Jornal Fatos e Not\u00edcias","description":"Not\u00edcias em geral","publisher":{"@id":"https:\/\/jornalfatosenoticias.com.br\/#organization"},"potentialAction":[{"@type":"SearchAction","target":{"@type":"EntryPoint","urlTemplate":"https:\/\/jornalfatosenoticias.com.br\/?s={search_term_string}"},"query-input":{"@type":"PropertyValueSpecification","valueRequired":true,"valueName":"search_term_string"}}],"inLanguage":"pt-BR"},{"@type":"Organization","@id":"https:\/\/jornalfatosenoticias.com.br\/#organization","name":"Jornal Fatos e Not\u00edcias","url":"https:\/\/jornalfatosenoticias.com.br\/","logo":{"@type":"ImageObject","inLanguage":"pt-BR","@id":"https:\/\/jornalfatosenoticias.com.br\/#\/schema\/logo\/image\/","url":"https:\/\/jornalfatosenoticias.com.br\/wp-content\/uploads\/2020\/02\/logo120.png","contentUrl":"https:\/\/jornalfatosenoticias.com.br\/wp-content\/uploads\/2020\/02\/logo120.png","width":1227,"height":120,"caption":"Jornal Fatos e Not\u00edcias"},"image":{"@id":"https:\/\/jornalfatosenoticias.com.br\/#\/schema\/logo\/image\/"}},{"@type":"Person","@id":"https:\/\/jornalfatosenoticias.com.br\/#\/schema\/person\/d63837fa13ac8666eb9e74e0985d6f81","name":"Luzimara Fernandes","image":{"@type":"ImageObject","inLanguage":"pt-BR","@id":"https:\/\/jornalfatosenoticias.com.br\/#\/schema\/person\/image\/","url":"https:\/\/jornalfatosenoticias.com.br\/wp-content\/uploads\/2025\/05\/EU_portal.jpg","contentUrl":"https:\/\/jornalfatosenoticias.com.br\/wp-content\/uploads\/2025\/05\/EU_portal.jpg","caption":"Luzimara Fernandes"},"description":"Jornalista MTB 2358-ES","sameAs":["https:\/\/jornalfatosenoticias.com.br"],"url":"https:\/\/jornalfatosenoticias.com.br\/index.php\/author\/luzimara\/"}]}},"cc_featured_image_caption":{"caption_text":"(Foto: Adriano Vizoni\/Folhapress) ","source_text":"","source_url":""},"jetpack_featured_media_url":"https:\/\/jornalfatosenoticias.com.br\/wp-content\/uploads\/2021\/05\/ALFABETIZACAO-NA-IDADE-CERTA.jpg","_links":{"self":[{"href":"https:\/\/jornalfatosenoticias.com.br\/index.php\/wp-json\/wp\/v2\/posts\/17953","targetHints":{"allow":["GET"]}}],"collection":[{"href":"https:\/\/jornalfatosenoticias.com.br\/index.php\/wp-json\/wp\/v2\/posts"}],"about":[{"href":"https:\/\/jornalfatosenoticias.com.br\/index.php\/wp-json\/wp\/v2\/types\/post"}],"author":[{"embeddable":true,"href":"https:\/\/jornalfatosenoticias.com.br\/index.php\/wp-json\/wp\/v2\/users\/2"}],"replies":[{"embeddable":true,"href":"https:\/\/jornalfatosenoticias.com.br\/index.php\/wp-json\/wp\/v2\/comments?post=17953"}],"version-history":[{"count":0,"href":"https:\/\/jornalfatosenoticias.com.br\/index.php\/wp-json\/wp\/v2\/posts\/17953\/revisions"}],"wp:featuredmedia":[{"embeddable":true,"href":"https:\/\/jornalfatosenoticias.com.br\/index.php\/wp-json\/wp\/v2\/media\/17954"}],"wp:attachment":[{"href":"https:\/\/jornalfatosenoticias.com.br\/index.php\/wp-json\/wp\/v2\/media?parent=17953"}],"wp:term":[{"taxonomy":"category","embeddable":true,"href":"https:\/\/jornalfatosenoticias.com.br\/index.php\/wp-json\/wp\/v2\/categories?post=17953"},{"taxonomy":"post_tag","embeddable":true,"href":"https:\/\/jornalfatosenoticias.com.br\/index.php\/wp-json\/wp\/v2\/tags?post=17953"}],"curies":[{"name":"wp","href":"https:\/\/api.w.org\/{rel}","templated":true}]}}