{"id":17956,"date":"2021-05-07T18:26:04","date_gmt":"2021-05-07T21:26:04","guid":{"rendered":"https:\/\/jornalfatosenoticias.com.br\/?p=17956"},"modified":"2021-05-07T18:26:08","modified_gmt":"2021-05-07T21:26:08","slug":"timidez-em-excesso-pode-ser-um-transtorno","status":"publish","type":"post","link":"https:\/\/jornalfatosenoticias.com.br\/index.php\/2021\/05\/07\/timidez-em-excesso-pode-ser-um-transtorno\/","title":{"rendered":"Timidez em excesso pode ser um transtorno"},"content":{"rendered":"\n<p><em>Entenda quando buscar ajuda<\/em><\/p>\n\n\n\n<p>De repente, o rosto fica corado colocando o t\u00edmido numa situa\u00e7\u00e3o de destaque que, ali\u00e1s, \u00e9 o que ele mais deseja evitar. Imposs\u00edvel negar vergonha ou constrangimento quando as bochechas ficam vermelhas, mas n\u00e3o \u00e9 apenas nesse tipo de situa\u00e7\u00e3o que a timidez d\u00e1 o ar da gra\u00e7a. A timidez \u00e9 um tra\u00e7o de personalidade, o jeito que a pessoa \u00e9 e se comporta.<br>Ser o centro das aten\u00e7\u00f5es, falar em p\u00fablico e sair tagarelando por a\u00ed n\u00e3o s\u00e3o caracter\u00edsticas comuns aos t\u00edmidos. Mas, isso n\u00e3o os impossibilita de manterem um conv\u00edvio social saud\u00e1vel. &#8220;O t\u00edmido pode ter mais dificuldade em interagir em um primeiro contato, mostra-se mais introvertido, mas n\u00e3o deixa de realizar suas atividades pessoais e profissionais, apenas \u00e9 mais discreto&#8221;, comenta Mari\u00e2ngela Savoia, psic\u00f3loga cl\u00ednica do Programa Ansiedade do Instituto de Psiquiatria do Hospital das Cl\u00ednicas da Faculdade de Medicina da Universidade de S\u00e3o Paulo (IPq do HC-FMUSP).<br>No entanto, quando esse medo de situa\u00e7\u00f5es em que se est\u00e1 exposto ao julgamento do outro se torna algo exacerbado, isso deixa de ser uma simples timidez e pode ser considerado um transtorno de ansiedade social. Estima-se que nos Estados Unidos, apenas 12% dos indiv\u00edduos considerados t\u00edmidos t\u00eam esse quadro.<\/p>\n\n\n\n<p><strong><span class=\"has-inline-color has-black-color\">O que \u00e9 transtorno de ansiedade social?<br><\/span><\/strong>De acordo com o DSM-V (sigla inglesa para Manual Diagn\u00f3stico e Estat\u00edstico de Transtornos Mentais), o transtorno de ansiedade social ocorre quando h\u00e1 um medo acentuado acerca de uma ou mais situa\u00e7\u00f5es sociais em que o indiv\u00edduo \u00e9 exposto a poss\u00edvel avalia\u00e7\u00e3o por outras pessoas.<br>Normalmente, a pessoa demonstra sinais de ansiedade nesse contexto, julgam que as consequ\u00eancias daquela situa\u00e7\u00e3o ser\u00e3o maiores do que realmente s\u00e3o e evitam essas situa\u00e7\u00f5es ou passam por elas com grande medo e ansiedade. Tudo isso traz um grande impacto negativo na vida dessas pessoas.<br>Os sintomas precisam ocorrer h\u00e1 mais de seis meses e apenas um psiquiatra pode avaliar se esse \u00e9 mesmo seu caso. Nesses casos, ele pode indicar um tratamento com psicoterapia e at\u00e9 o uso de alguns medicamentos para ansiedade.<br>De acordo com a psiquiatra F\u00e1tima Vasconcellos, coordenadora do Curso de Psiquiatria da Pontif\u00edcia Universidade Cat\u00f3lica do Rio de Janeiro (PUC-Rio), esse quadro pode at\u00e9 mesmo ter comorbidade com a depend\u00eancia qu\u00edmica. &#8220;O paciente passa a abusar da bebida para conseguir enfrentar as situa\u00e7\u00f5es e isso intensifica ainda mais o problema&#8221;.<\/p>\n\n\n\n<p><strong><span class=\"has-inline-color has-black-color\">O momento do enfrentamento<br><\/span><\/strong>Portanto, a timidez deve ser tratada quando a pessoa sente que est\u00e1 sofrendo com as restri\u00e7\u00f5es que imp\u00f5e a ela mesma. &#8220;Um psic\u00f3logo poder\u00e1 ajud\u00e1-la a identificar seus medos e frustra\u00e7\u00f5es, orientando suas a\u00e7\u00f5es para come\u00e7ar a estabelecer novas rela\u00e7\u00f5es sociais&#8221;, diz Priscila Gasparini Fernandes, psic\u00f3loga cl\u00ednica e psicanalista com especializa\u00e7\u00e3o em neuropsicologia.<br>Ou seja, ser quieto \u00e9 um tra\u00e7o de personalidade e n\u00e3o h\u00e1 nada de errado. O transtorno de ansiedade social envolve outros sinais, como: n\u00e3o manter contato visual, falar muito baixo, gaguejar, ficar ruborizado (vermelho), apresentar tremores. Al\u00e9m, do isolamento que pode interferir de forma negativa nas rela\u00e7\u00f5es sociais, nos estudos e at\u00e9 no trabalho.<br>Por isso, se as recusas passam a ser constantes, \u00e9 importante ligar o sinal de alerta. Mas se a quest\u00e3o \u00e9 apenas aquela timidez corriqueira, vale apostar em alguns recursos para tornar o enfrentamento mais f\u00e1cil: Desenvolva algum atributo, busque algo de seu interesse e que tamb\u00e9m crie aproxima\u00e7\u00e3o das pessoas como m\u00fasica, esportes e viagens; Desenvolva um grupo de amigos, mesmo que pequeno, mas que lhe transmita confian\u00e7a; Preste aten\u00e7\u00e3o nos bons sinais, ou seja, n\u00e3o supervalorize a cr\u00edtica e sim o elogio, afinal \u00e9 imposs\u00edvel agradar geral; Entenda que n\u00e3o \u00e9 preciso ser o centro das aten\u00e7\u00f5es para ser interessante; E quando estiver em um lugar ap\u00f3s o enfrentamento, comemore a situa\u00e7\u00e3o vencida.<\/p>\n\n\n\n<p><strong><span class=\"has-inline-color has-black-color\">Por que a timidez ocorre?<br><\/span><\/strong>N\u00e3o se sabe ao certo por que algumas pessoas s\u00e3o mais t\u00edmidas do que outras, mas pesquisadores da Universidade de Vanderbilt, nos Estados Unidos, tentaram buscar as respostas no c\u00e9rebro.<br>Eles usaram imagens de resson\u00e2ncia magn\u00e9tica funcional e descobriram que os t\u00edmidos podem ter problemas em duas regi\u00f5es cerebrais: a am\u00edgdala e o hipocampo, provocando problemas de adapta\u00e7\u00e3o a novos ambientes e est\u00edmulos. Durante o estudo, foram analisados adultos inibidos e extrovertidos, que foram expostos a fotos de rostos de pessoas desconhecidas repetidas vezes.<br>Durante essa exposi\u00e7\u00e3o, o hipocampo (ligado \u00e0 mem\u00f3ria) e a am\u00edgdala (\u00e1rea relacionada ao medo e ansiedade) geralmente apresentavam uma atividade mais intensa, que tendia a diminuir \u00e0 medida que as imagens se repetiam e se tornavam mais familiares. Por\u00e9m, isso aconteceu com os mais extrovertidos, n\u00e3o com os t\u00edmidos.<br>Para a neurologista Jerusa Smid, vice-coordenadora do Departamento de Neurologia Cognitiva e do Envelhecimento da Academia Brasileira de Neurologia (ABN), essa pesquisa indica que o introvertido tem um padr\u00e3o cerebral diferente. &#8220;\u00c9 relevante identificar quais regi\u00f5es s\u00e3o afetadas para ter um entendimento melhor do problema, mas isso \u00e9 muito espec\u00edfico para a \u00e1rea m\u00e9dica&#8221;, fala.<\/p>\n\n\n\n<p><strong><em>Fonte: <a href=\"https:\/\/www.uol.com.br\/vivabem\/noticias\/redacao\/2019\/08\/06\/timidez-em-excesso-pode-ser-um-transtorno-entenda-quando-buscar-ajuda.htm\">UOL<\/a><\/em><\/strong><\/p>\n","protected":false},"excerpt":{"rendered":"<p>Entenda quando buscar ajuda De repente, o rosto fica corado colocando o t\u00edmido numa situa\u00e7\u00e3o de destaque que, ali\u00e1s, \u00e9 o que ele mais deseja evitar. Imposs\u00edvel negar vergonha ou constrangimento quando as bochechas ficam vermelhas, mas n\u00e3o \u00e9 apenas nesse tipo de situa\u00e7\u00e3o que a timidez d\u00e1 o ar da gra\u00e7a. A timidez \u00e9 [&hellip;]<\/p>\n","protected":false},"author":2,"featured_media":17957,"comment_status":"open","ping_status":"open","sticky":false,"template":"","format":"standard","meta":{"footnotes":""},"categories":[2522],"tags":[8897,3400,8896,5247],"class_list":["post-17956","post","type-post","status-publish","format-standard","has-post-thumbnail","hentry","category-comportamento","tag-excesso","tag-personalidade","tag-timidez","tag-transtorno"],"yoast_head":"<!-- This site is optimized with the Yoast SEO plugin v26.5 - https:\/\/yoast.com\/wordpress\/plugins\/seo\/ -->\n<title>Timidez em excesso pode ser um transtorno - Jornal Fatos e Not\u00edcias<\/title>\n<meta name=\"robots\" content=\"index, follow, max-snippet:-1, max-image-preview:large, max-video-preview:-1\" \/>\n<link rel=\"canonical\" href=\"https:\/\/jornalfatosenoticias.com.br\/index.php\/2021\/05\/07\/timidez-em-excesso-pode-ser-um-transtorno\/\" \/>\n<meta property=\"og:locale\" content=\"pt_BR\" \/>\n<meta property=\"og:type\" content=\"article\" \/>\n<meta property=\"og:title\" content=\"Timidez em excesso pode ser um transtorno - Jornal Fatos e Not\u00edcias\" \/>\n<meta property=\"og:description\" content=\"Entenda quando buscar ajuda De repente, o rosto fica corado colocando o t\u00edmido numa situa\u00e7\u00e3o de destaque que, ali\u00e1s, \u00e9 o que ele mais deseja evitar. Imposs\u00edvel negar vergonha ou constrangimento quando as bochechas ficam vermelhas, mas n\u00e3o \u00e9 apenas nesse tipo de situa\u00e7\u00e3o que a timidez d\u00e1 o ar da gra\u00e7a. A timidez \u00e9 [&hellip;]\" \/>\n<meta property=\"og:url\" content=\"https:\/\/jornalfatosenoticias.com.br\/index.php\/2021\/05\/07\/timidez-em-excesso-pode-ser-um-transtorno\/\" \/>\n<meta property=\"og:site_name\" content=\"Jornal Fatos e Not\u00edcias\" \/>\n<meta property=\"article:published_time\" content=\"2021-05-07T21:26:04+00:00\" \/>\n<meta property=\"article:modified_time\" content=\"2021-05-07T21:26:08+00:00\" \/>\n<meta property=\"og:image\" content=\"https:\/\/jornalfatosenoticias.com.br\/wp-content\/uploads\/2021\/05\/TIMIDEZ.jpg\" \/>\n\t<meta property=\"og:image:width\" content=\"1000\" \/>\n\t<meta property=\"og:image:height\" content=\"638\" \/>\n\t<meta property=\"og:image:type\" content=\"image\/jpeg\" \/>\n<meta name=\"author\" content=\"Luzimara Fernandes\" \/>\n<meta name=\"twitter:card\" content=\"summary_large_image\" \/>\n<meta name=\"twitter:label1\" content=\"Escrito por\" \/>\n\t<meta name=\"twitter:data1\" content=\"Luzimara Fernandes\" \/>\n\t<meta name=\"twitter:label2\" content=\"Est. tempo de leitura\" \/>\n\t<meta name=\"twitter:data2\" content=\"4 minutos\" \/>\n<script type=\"application\/ld+json\" class=\"yoast-schema-graph\">{\"@context\":\"https:\/\/schema.org\",\"@graph\":[{\"@type\":\"Article\",\"@id\":\"https:\/\/jornalfatosenoticias.com.br\/index.php\/2021\/05\/07\/timidez-em-excesso-pode-ser-um-transtorno\/#article\",\"isPartOf\":{\"@id\":\"https:\/\/jornalfatosenoticias.com.br\/index.php\/2021\/05\/07\/timidez-em-excesso-pode-ser-um-transtorno\/\"},\"author\":{\"name\":\"Luzimara Fernandes\",\"@id\":\"https:\/\/jornalfatosenoticias.com.br\/#\/schema\/person\/d63837fa13ac8666eb9e74e0985d6f81\"},\"headline\":\"Timidez em excesso pode ser um transtorno\",\"datePublished\":\"2021-05-07T21:26:04+00:00\",\"dateModified\":\"2021-05-07T21:26:08+00:00\",\"mainEntityOfPage\":{\"@id\":\"https:\/\/jornalfatosenoticias.com.br\/index.php\/2021\/05\/07\/timidez-em-excesso-pode-ser-um-transtorno\/\"},\"wordCount\":901,\"commentCount\":0,\"publisher\":{\"@id\":\"https:\/\/jornalfatosenoticias.com.br\/#organization\"},\"image\":{\"@id\":\"https:\/\/jornalfatosenoticias.com.br\/index.php\/2021\/05\/07\/timidez-em-excesso-pode-ser-um-transtorno\/#primaryimage\"},\"thumbnailUrl\":\"https:\/\/jornalfatosenoticias.com.br\/wp-content\/uploads\/2021\/05\/TIMIDEZ.jpg\",\"keywords\":[\"excesso\",\"personalidade\",\"timidez\",\"transtorno\"],\"articleSection\":[\"Comportamento &amp; Equil\u00edbrio\"],\"inLanguage\":\"pt-BR\",\"potentialAction\":[{\"@type\":\"CommentAction\",\"name\":\"Comment\",\"target\":[\"https:\/\/jornalfatosenoticias.com.br\/index.php\/2021\/05\/07\/timidez-em-excesso-pode-ser-um-transtorno\/#respond\"]}]},{\"@type\":\"WebPage\",\"@id\":\"https:\/\/jornalfatosenoticias.com.br\/index.php\/2021\/05\/07\/timidez-em-excesso-pode-ser-um-transtorno\/\",\"url\":\"https:\/\/jornalfatosenoticias.com.br\/index.php\/2021\/05\/07\/timidez-em-excesso-pode-ser-um-transtorno\/\",\"name\":\"Timidez em excesso pode ser um transtorno - Jornal Fatos e Not\u00edcias\",\"isPartOf\":{\"@id\":\"https:\/\/jornalfatosenoticias.com.br\/#website\"},\"primaryImageOfPage\":{\"@id\":\"https:\/\/jornalfatosenoticias.com.br\/index.php\/2021\/05\/07\/timidez-em-excesso-pode-ser-um-transtorno\/#primaryimage\"},\"image\":{\"@id\":\"https:\/\/jornalfatosenoticias.com.br\/index.php\/2021\/05\/07\/timidez-em-excesso-pode-ser-um-transtorno\/#primaryimage\"},\"thumbnailUrl\":\"https:\/\/jornalfatosenoticias.com.br\/wp-content\/uploads\/2021\/05\/TIMIDEZ.jpg\",\"datePublished\":\"2021-05-07T21:26:04+00:00\",\"dateModified\":\"2021-05-07T21:26:08+00:00\",\"breadcrumb\":{\"@id\":\"https:\/\/jornalfatosenoticias.com.br\/index.php\/2021\/05\/07\/timidez-em-excesso-pode-ser-um-transtorno\/#breadcrumb\"},\"inLanguage\":\"pt-BR\",\"potentialAction\":[{\"@type\":\"ReadAction\",\"target\":[\"https:\/\/jornalfatosenoticias.com.br\/index.php\/2021\/05\/07\/timidez-em-excesso-pode-ser-um-transtorno\/\"]}]},{\"@type\":\"ImageObject\",\"inLanguage\":\"pt-BR\",\"@id\":\"https:\/\/jornalfatosenoticias.com.br\/index.php\/2021\/05\/07\/timidez-em-excesso-pode-ser-um-transtorno\/#primaryimage\",\"url\":\"https:\/\/jornalfatosenoticias.com.br\/wp-content\/uploads\/2021\/05\/TIMIDEZ.jpg\",\"contentUrl\":\"https:\/\/jornalfatosenoticias.com.br\/wp-content\/uploads\/2021\/05\/TIMIDEZ.jpg\",\"width\":1000,\"height\":638,\"caption\":\"Panic attack in public place. Woman having panic disorder in city. Psychology, solitude, fear or mental health problems concept. Depressed sad person surrounded by people walking in busy street.\"},{\"@type\":\"BreadcrumbList\",\"@id\":\"https:\/\/jornalfatosenoticias.com.br\/index.php\/2021\/05\/07\/timidez-em-excesso-pode-ser-um-transtorno\/#breadcrumb\",\"itemListElement\":[{\"@type\":\"ListItem\",\"position\":1,\"name\":\"In\u00edcio\",\"item\":\"https:\/\/jornalfatosenoticias.com.br\/\"},{\"@type\":\"ListItem\",\"position\":2,\"name\":\"Timidez em excesso pode ser um transtorno\"}]},{\"@type\":\"WebSite\",\"@id\":\"https:\/\/jornalfatosenoticias.com.br\/#website\",\"url\":\"https:\/\/jornalfatosenoticias.com.br\/\",\"name\":\"Jornal Fatos e Not\u00edcias\",\"description\":\"Not\u00edcias em geral\",\"publisher\":{\"@id\":\"https:\/\/jornalfatosenoticias.com.br\/#organization\"},\"potentialAction\":[{\"@type\":\"SearchAction\",\"target\":{\"@type\":\"EntryPoint\",\"urlTemplate\":\"https:\/\/jornalfatosenoticias.com.br\/?s={search_term_string}\"},\"query-input\":{\"@type\":\"PropertyValueSpecification\",\"valueRequired\":true,\"valueName\":\"search_term_string\"}}],\"inLanguage\":\"pt-BR\"},{\"@type\":\"Organization\",\"@id\":\"https:\/\/jornalfatosenoticias.com.br\/#organization\",\"name\":\"Jornal Fatos e Not\u00edcias\",\"url\":\"https:\/\/jornalfatosenoticias.com.br\/\",\"logo\":{\"@type\":\"ImageObject\",\"inLanguage\":\"pt-BR\",\"@id\":\"https:\/\/jornalfatosenoticias.com.br\/#\/schema\/logo\/image\/\",\"url\":\"https:\/\/jornalfatosenoticias.com.br\/wp-content\/uploads\/2020\/02\/logo120.png\",\"contentUrl\":\"https:\/\/jornalfatosenoticias.com.br\/wp-content\/uploads\/2020\/02\/logo120.png\",\"width\":1227,\"height\":120,\"caption\":\"Jornal Fatos e Not\u00edcias\"},\"image\":{\"@id\":\"https:\/\/jornalfatosenoticias.com.br\/#\/schema\/logo\/image\/\"}},{\"@type\":\"Person\",\"@id\":\"https:\/\/jornalfatosenoticias.com.br\/#\/schema\/person\/d63837fa13ac8666eb9e74e0985d6f81\",\"name\":\"Luzimara Fernandes\",\"image\":{\"@type\":\"ImageObject\",\"inLanguage\":\"pt-BR\",\"@id\":\"https:\/\/jornalfatosenoticias.com.br\/#\/schema\/person\/image\/\",\"url\":\"https:\/\/jornalfatosenoticias.com.br\/wp-content\/uploads\/2025\/05\/EU_portal.jpg\",\"contentUrl\":\"https:\/\/jornalfatosenoticias.com.br\/wp-content\/uploads\/2025\/05\/EU_portal.jpg\",\"caption\":\"Luzimara Fernandes\"},\"description\":\"Jornalista MTB 2358-ES\",\"sameAs\":[\"https:\/\/jornalfatosenoticias.com.br\"],\"url\":\"https:\/\/jornalfatosenoticias.com.br\/index.php\/author\/luzimara\/\"}]}<\/script>\n<!-- \/ Yoast SEO plugin. -->","yoast_head_json":{"title":"Timidez em excesso pode ser um transtorno - Jornal Fatos e Not\u00edcias","robots":{"index":"index","follow":"follow","max-snippet":"max-snippet:-1","max-image-preview":"max-image-preview:large","max-video-preview":"max-video-preview:-1"},"canonical":"https:\/\/jornalfatosenoticias.com.br\/index.php\/2021\/05\/07\/timidez-em-excesso-pode-ser-um-transtorno\/","og_locale":"pt_BR","og_type":"article","og_title":"Timidez em excesso pode ser um transtorno - Jornal Fatos e Not\u00edcias","og_description":"Entenda quando buscar ajuda De repente, o rosto fica corado colocando o t\u00edmido numa situa\u00e7\u00e3o de destaque que, ali\u00e1s, \u00e9 o que ele mais deseja evitar. Imposs\u00edvel negar vergonha ou constrangimento quando as bochechas ficam vermelhas, mas n\u00e3o \u00e9 apenas nesse tipo de situa\u00e7\u00e3o que a timidez d\u00e1 o ar da gra\u00e7a. A timidez \u00e9 [&hellip;]","og_url":"https:\/\/jornalfatosenoticias.com.br\/index.php\/2021\/05\/07\/timidez-em-excesso-pode-ser-um-transtorno\/","og_site_name":"Jornal Fatos e Not\u00edcias","article_published_time":"2021-05-07T21:26:04+00:00","article_modified_time":"2021-05-07T21:26:08+00:00","og_image":[{"width":1000,"height":638,"url":"https:\/\/jornalfatosenoticias.com.br\/wp-content\/uploads\/2021\/05\/TIMIDEZ.jpg","type":"image\/jpeg"}],"author":"Luzimara Fernandes","twitter_card":"summary_large_image","twitter_misc":{"Escrito por":"Luzimara Fernandes","Est. tempo de leitura":"4 minutos"},"schema":{"@context":"https:\/\/schema.org","@graph":[{"@type":"Article","@id":"https:\/\/jornalfatosenoticias.com.br\/index.php\/2021\/05\/07\/timidez-em-excesso-pode-ser-um-transtorno\/#article","isPartOf":{"@id":"https:\/\/jornalfatosenoticias.com.br\/index.php\/2021\/05\/07\/timidez-em-excesso-pode-ser-um-transtorno\/"},"author":{"name":"Luzimara Fernandes","@id":"https:\/\/jornalfatosenoticias.com.br\/#\/schema\/person\/d63837fa13ac8666eb9e74e0985d6f81"},"headline":"Timidez em excesso pode ser um transtorno","datePublished":"2021-05-07T21:26:04+00:00","dateModified":"2021-05-07T21:26:08+00:00","mainEntityOfPage":{"@id":"https:\/\/jornalfatosenoticias.com.br\/index.php\/2021\/05\/07\/timidez-em-excesso-pode-ser-um-transtorno\/"},"wordCount":901,"commentCount":0,"publisher":{"@id":"https:\/\/jornalfatosenoticias.com.br\/#organization"},"image":{"@id":"https:\/\/jornalfatosenoticias.com.br\/index.php\/2021\/05\/07\/timidez-em-excesso-pode-ser-um-transtorno\/#primaryimage"},"thumbnailUrl":"https:\/\/jornalfatosenoticias.com.br\/wp-content\/uploads\/2021\/05\/TIMIDEZ.jpg","keywords":["excesso","personalidade","timidez","transtorno"],"articleSection":["Comportamento &amp; Equil\u00edbrio"],"inLanguage":"pt-BR","potentialAction":[{"@type":"CommentAction","name":"Comment","target":["https:\/\/jornalfatosenoticias.com.br\/index.php\/2021\/05\/07\/timidez-em-excesso-pode-ser-um-transtorno\/#respond"]}]},{"@type":"WebPage","@id":"https:\/\/jornalfatosenoticias.com.br\/index.php\/2021\/05\/07\/timidez-em-excesso-pode-ser-um-transtorno\/","url":"https:\/\/jornalfatosenoticias.com.br\/index.php\/2021\/05\/07\/timidez-em-excesso-pode-ser-um-transtorno\/","name":"Timidez em excesso pode ser um transtorno - Jornal Fatos e Not\u00edcias","isPartOf":{"@id":"https:\/\/jornalfatosenoticias.com.br\/#website"},"primaryImageOfPage":{"@id":"https:\/\/jornalfatosenoticias.com.br\/index.php\/2021\/05\/07\/timidez-em-excesso-pode-ser-um-transtorno\/#primaryimage"},"image":{"@id":"https:\/\/jornalfatosenoticias.com.br\/index.php\/2021\/05\/07\/timidez-em-excesso-pode-ser-um-transtorno\/#primaryimage"},"thumbnailUrl":"https:\/\/jornalfatosenoticias.com.br\/wp-content\/uploads\/2021\/05\/TIMIDEZ.jpg","datePublished":"2021-05-07T21:26:04+00:00","dateModified":"2021-05-07T21:26:08+00:00","breadcrumb":{"@id":"https:\/\/jornalfatosenoticias.com.br\/index.php\/2021\/05\/07\/timidez-em-excesso-pode-ser-um-transtorno\/#breadcrumb"},"inLanguage":"pt-BR","potentialAction":[{"@type":"ReadAction","target":["https:\/\/jornalfatosenoticias.com.br\/index.php\/2021\/05\/07\/timidez-em-excesso-pode-ser-um-transtorno\/"]}]},{"@type":"ImageObject","inLanguage":"pt-BR","@id":"https:\/\/jornalfatosenoticias.com.br\/index.php\/2021\/05\/07\/timidez-em-excesso-pode-ser-um-transtorno\/#primaryimage","url":"https:\/\/jornalfatosenoticias.com.br\/wp-content\/uploads\/2021\/05\/TIMIDEZ.jpg","contentUrl":"https:\/\/jornalfatosenoticias.com.br\/wp-content\/uploads\/2021\/05\/TIMIDEZ.jpg","width":1000,"height":638,"caption":"Panic attack in public place. Woman having panic disorder in city. Psychology, solitude, fear or mental health problems concept. Depressed sad person surrounded by people walking in busy street."},{"@type":"BreadcrumbList","@id":"https:\/\/jornalfatosenoticias.com.br\/index.php\/2021\/05\/07\/timidez-em-excesso-pode-ser-um-transtorno\/#breadcrumb","itemListElement":[{"@type":"ListItem","position":1,"name":"In\u00edcio","item":"https:\/\/jornalfatosenoticias.com.br\/"},{"@type":"ListItem","position":2,"name":"Timidez em excesso pode ser um transtorno"}]},{"@type":"WebSite","@id":"https:\/\/jornalfatosenoticias.com.br\/#website","url":"https:\/\/jornalfatosenoticias.com.br\/","name":"Jornal Fatos e Not\u00edcias","description":"Not\u00edcias em geral","publisher":{"@id":"https:\/\/jornalfatosenoticias.com.br\/#organization"},"potentialAction":[{"@type":"SearchAction","target":{"@type":"EntryPoint","urlTemplate":"https:\/\/jornalfatosenoticias.com.br\/?s={search_term_string}"},"query-input":{"@type":"PropertyValueSpecification","valueRequired":true,"valueName":"search_term_string"}}],"inLanguage":"pt-BR"},{"@type":"Organization","@id":"https:\/\/jornalfatosenoticias.com.br\/#organization","name":"Jornal Fatos e Not\u00edcias","url":"https:\/\/jornalfatosenoticias.com.br\/","logo":{"@type":"ImageObject","inLanguage":"pt-BR","@id":"https:\/\/jornalfatosenoticias.com.br\/#\/schema\/logo\/image\/","url":"https:\/\/jornalfatosenoticias.com.br\/wp-content\/uploads\/2020\/02\/logo120.png","contentUrl":"https:\/\/jornalfatosenoticias.com.br\/wp-content\/uploads\/2020\/02\/logo120.png","width":1227,"height":120,"caption":"Jornal Fatos e Not\u00edcias"},"image":{"@id":"https:\/\/jornalfatosenoticias.com.br\/#\/schema\/logo\/image\/"}},{"@type":"Person","@id":"https:\/\/jornalfatosenoticias.com.br\/#\/schema\/person\/d63837fa13ac8666eb9e74e0985d6f81","name":"Luzimara Fernandes","image":{"@type":"ImageObject","inLanguage":"pt-BR","@id":"https:\/\/jornalfatosenoticias.com.br\/#\/schema\/person\/image\/","url":"https:\/\/jornalfatosenoticias.com.br\/wp-content\/uploads\/2025\/05\/EU_portal.jpg","contentUrl":"https:\/\/jornalfatosenoticias.com.br\/wp-content\/uploads\/2025\/05\/EU_portal.jpg","caption":"Luzimara Fernandes"},"description":"Jornalista MTB 2358-ES","sameAs":["https:\/\/jornalfatosenoticias.com.br"],"url":"https:\/\/jornalfatosenoticias.com.br\/index.php\/author\/luzimara\/"}]}},"cc_featured_image_caption":{"caption_text":"(Foto: iStock)","source_text":"","source_url":""},"jetpack_featured_media_url":"https:\/\/jornalfatosenoticias.com.br\/wp-content\/uploads\/2021\/05\/TIMIDEZ.jpg","_links":{"self":[{"href":"https:\/\/jornalfatosenoticias.com.br\/index.php\/wp-json\/wp\/v2\/posts\/17956","targetHints":{"allow":["GET"]}}],"collection":[{"href":"https:\/\/jornalfatosenoticias.com.br\/index.php\/wp-json\/wp\/v2\/posts"}],"about":[{"href":"https:\/\/jornalfatosenoticias.com.br\/index.php\/wp-json\/wp\/v2\/types\/post"}],"author":[{"embeddable":true,"href":"https:\/\/jornalfatosenoticias.com.br\/index.php\/wp-json\/wp\/v2\/users\/2"}],"replies":[{"embeddable":true,"href":"https:\/\/jornalfatosenoticias.com.br\/index.php\/wp-json\/wp\/v2\/comments?post=17956"}],"version-history":[{"count":0,"href":"https:\/\/jornalfatosenoticias.com.br\/index.php\/wp-json\/wp\/v2\/posts\/17956\/revisions"}],"wp:featuredmedia":[{"embeddable":true,"href":"https:\/\/jornalfatosenoticias.com.br\/index.php\/wp-json\/wp\/v2\/media\/17957"}],"wp:attachment":[{"href":"https:\/\/jornalfatosenoticias.com.br\/index.php\/wp-json\/wp\/v2\/media?parent=17956"}],"wp:term":[{"taxonomy":"category","embeddable":true,"href":"https:\/\/jornalfatosenoticias.com.br\/index.php\/wp-json\/wp\/v2\/categories?post=17956"},{"taxonomy":"post_tag","embeddable":true,"href":"https:\/\/jornalfatosenoticias.com.br\/index.php\/wp-json\/wp\/v2\/tags?post=17956"}],"curies":[{"name":"wp","href":"https:\/\/api.w.org\/{rel}","templated":true}]}}