{"id":17974,"date":"2021-05-07T19:06:02","date_gmt":"2021-05-07T22:06:02","guid":{"rendered":"https:\/\/jornalfatosenoticias.com.br\/?p=17974"},"modified":"2021-05-07T19:06:06","modified_gmt":"2021-05-07T22:06:06","slug":"emenda-de-majeski-aumenta-poder-de-conselho-gestor-para-uso-de-recursos-ambientais","status":"publish","type":"post","link":"https:\/\/jornalfatosenoticias.com.br\/index.php\/2021\/05\/07\/emenda-de-majeski-aumenta-poder-de-conselho-gestor-para-uso-de-recursos-ambientais\/","title":{"rendered":"Emenda de Majeski aumenta poder de conselho gestor para uso de recursos ambientais"},"content":{"rendered":"\n<p><em>Em atua\u00e7\u00f5es anteriores, o deputado Majeski apresentou proposi\u00e7\u00f5es para garantir que os recursos dos fundos ambientais sejam realmente aplicados em a\u00e7\u00f5es que preservem e desenvolvam o meio ambiente<\/em><\/p>\n\n\n\n<p>A entrada em vigor da Lei n\u00ba 11.255\/2021, que cria o Programa Estadual de Sustentabilidade Ambiental e Apoio aos Munic\u00edpios (Proesam), aumentou o acesso e o poder de decis\u00e3o dos representantes da sociedade nas defini\u00e7\u00f5es para aplica\u00e7\u00e3o dos recursos milion\u00e1rios dos fundos ambientais.<br>Emenda de autoria do deputado estadual S\u00e9rgio Majeski (PSB), aprovada no projeto que deu origem \u00e0 lei, estipula que o acesso da Secretaria Estadual de Meio Ambiente e Recursos H\u00eddricos (Seama) ao dinheiro do Fundo Estadual de Recursos H\u00eddricos e Florestais do Esp\u00edrito Santo (Fund\u00e1gua) e do Fundo de Defesa e Desenvolvimento do Meio Ambiente (Fundema) depender\u00e1 de pr\u00e9via aprova\u00e7\u00e3o dos respectivos conselhos gestores, que s\u00e3o formados por representantes do poder p\u00fablico e da sociedade civil.<br>\u201cSomando os dois fundos, s\u00e3o mais de R$ 20 milh\u00f5es que est\u00e3o em caixa para financiar a\u00e7\u00f5es voltadas \u00e0 manuten\u00e7\u00e3o e recupera\u00e7\u00e3o dos recursos naturais. \u00c9 uma forma de aumentar a participa\u00e7\u00e3o da sociedade e o controle, favorecendo que os recursos sejam usados de acordo com a finalidade original. Conselhos gestores quando bem organizados e estruturados s\u00e3o fundamentais para planejar, avaliar e controlar a execu\u00e7\u00e3o das pol\u00edticas e das a\u00e7\u00f5es de meio ambiente\u201d, destaca Majeski.<br>Atualmente, o Conselho Gestor do Fund\u00e1gua \u00e9 formado por representantes das institui\u00e7\u00f5es governamentais, dos usu\u00e1rios dos recursos h\u00eddricos e florestais, de institui\u00e7\u00e3o de ensino e pesquisa e da sociedade civil e o do Fundema por representantes do poder p\u00fablico, do setor empreendedor e da sociedade civil.<br>No governo passado, a administra\u00e7\u00e3o estadual transferiu, somente do Fund\u00e1gua, R$ 57 milh\u00f5es para o caixa do Tesouro, deixando de aplicar uma quantia significativa em a\u00e7\u00f5es, programas e projetos de conserva\u00e7\u00e3o e recupera\u00e7\u00e3o dos recursos naturais.<\/p>\n","protected":false},"excerpt":{"rendered":"<p>Em atua\u00e7\u00f5es anteriores, o deputado Majeski apresentou proposi\u00e7\u00f5es para garantir que os recursos dos fundos ambientais sejam realmente aplicados em a\u00e7\u00f5es que preservem e desenvolvam o meio ambiente A entrada em vigor da Lei n\u00ba 11.255\/2021, que cria o Programa Estadual de Sustentabilidade Ambiental e Apoio aos Munic\u00edpios (Proesam), aumentou o acesso e o poder [&hellip;]<\/p>\n","protected":false},"author":2,"featured_media":17975,"comment_status":"open","ping_status":"open","sticky":false,"template":"","format":"standard","meta":{"footnotes":""},"categories":[10],"tags":[8902,945,8903,6678],"class_list":["post-17974","post","type-post","status-publish","format-standard","has-post-thumbnail","hentry","category-politica","tag-fundagua","tag-meio-ambiente","tag-seama","tag-sergio-majeski"],"yoast_head":"<!-- This site is optimized with the Yoast SEO plugin v26.5 - https:\/\/yoast.com\/wordpress\/plugins\/seo\/ -->\n<title>Emenda de Majeski aumenta poder de conselho gestor para uso de recursos ambientais - Jornal Fatos e Not\u00edcias<\/title>\n<meta name=\"robots\" content=\"index, follow, max-snippet:-1, max-image-preview:large, max-video-preview:-1\" \/>\n<link rel=\"canonical\" href=\"https:\/\/jornalfatosenoticias.com.br\/index.php\/2021\/05\/07\/emenda-de-majeski-aumenta-poder-de-conselho-gestor-para-uso-de-recursos-ambientais\/\" \/>\n<meta property=\"og:locale\" content=\"pt_BR\" \/>\n<meta property=\"og:type\" content=\"article\" \/>\n<meta property=\"og:title\" content=\"Emenda de Majeski aumenta poder de conselho gestor para uso de recursos ambientais - Jornal Fatos e Not\u00edcias\" \/>\n<meta property=\"og:description\" content=\"Em atua\u00e7\u00f5es anteriores, o deputado Majeski apresentou proposi\u00e7\u00f5es para garantir que os recursos dos fundos ambientais sejam realmente aplicados em a\u00e7\u00f5es que preservem e desenvolvam o meio ambiente A entrada em vigor da Lei n\u00ba 11.255\/2021, que cria o Programa Estadual de Sustentabilidade Ambiental e Apoio aos Munic\u00edpios (Proesam), aumentou o acesso e o poder [&hellip;]\" \/>\n<meta property=\"og:url\" content=\"https:\/\/jornalfatosenoticias.com.br\/index.php\/2021\/05\/07\/emenda-de-majeski-aumenta-poder-de-conselho-gestor-para-uso-de-recursos-ambientais\/\" \/>\n<meta property=\"og:site_name\" content=\"Jornal Fatos e Not\u00edcias\" \/>\n<meta property=\"article:published_time\" content=\"2021-05-07T22:06:02+00:00\" \/>\n<meta property=\"article:modified_time\" content=\"2021-05-07T22:06:06+00:00\" \/>\n<meta property=\"og:image\" content=\"https:\/\/jornalfatosenoticias.com.br\/wp-content\/uploads\/2021\/05\/Sessao-040521-Foto-Ellen-Campanharo.jpg\" \/>\n\t<meta property=\"og:image:width\" content=\"1000\" \/>\n\t<meta property=\"og:image:height\" content=\"666\" \/>\n\t<meta property=\"og:image:type\" content=\"image\/jpeg\" \/>\n<meta name=\"author\" content=\"Luzimara Fernandes\" \/>\n<meta name=\"twitter:card\" content=\"summary_large_image\" \/>\n<meta name=\"twitter:label1\" content=\"Escrito por\" \/>\n\t<meta name=\"twitter:data1\" content=\"Luzimara Fernandes\" \/>\n\t<meta name=\"twitter:label2\" content=\"Est. tempo de leitura\" \/>\n\t<meta name=\"twitter:data2\" content=\"2 minutos\" \/>\n<script type=\"application\/ld+json\" class=\"yoast-schema-graph\">{\"@context\":\"https:\/\/schema.org\",\"@graph\":[{\"@type\":\"Article\",\"@id\":\"https:\/\/jornalfatosenoticias.com.br\/index.php\/2021\/05\/07\/emenda-de-majeski-aumenta-poder-de-conselho-gestor-para-uso-de-recursos-ambientais\/#article\",\"isPartOf\":{\"@id\":\"https:\/\/jornalfatosenoticias.com.br\/index.php\/2021\/05\/07\/emenda-de-majeski-aumenta-poder-de-conselho-gestor-para-uso-de-recursos-ambientais\/\"},\"author\":{\"name\":\"Luzimara Fernandes\",\"@id\":\"https:\/\/jornalfatosenoticias.com.br\/#\/schema\/person\/d63837fa13ac8666eb9e74e0985d6f81\"},\"headline\":\"Emenda de Majeski aumenta poder de conselho gestor para uso de recursos ambientais\",\"datePublished\":\"2021-05-07T22:06:02+00:00\",\"dateModified\":\"2021-05-07T22:06:06+00:00\",\"mainEntityOfPage\":{\"@id\":\"https:\/\/jornalfatosenoticias.com.br\/index.php\/2021\/05\/07\/emenda-de-majeski-aumenta-poder-de-conselho-gestor-para-uso-de-recursos-ambientais\/\"},\"wordCount\":350,\"commentCount\":0,\"publisher\":{\"@id\":\"https:\/\/jornalfatosenoticias.com.br\/#organization\"},\"image\":{\"@id\":\"https:\/\/jornalfatosenoticias.com.br\/index.php\/2021\/05\/07\/emenda-de-majeski-aumenta-poder-de-conselho-gestor-para-uso-de-recursos-ambientais\/#primaryimage\"},\"thumbnailUrl\":\"https:\/\/jornalfatosenoticias.com.br\/wp-content\/uploads\/2021\/05\/Sessao-040521-Foto-Ellen-Campanharo.jpg\",\"keywords\":[\"Fund\u00e1gua\",\"meio ambiente\",\"Seama\",\"S\u00e9rgio Majeski\"],\"articleSection\":[\"Pol\u00edtica\"],\"inLanguage\":\"pt-BR\",\"potentialAction\":[{\"@type\":\"CommentAction\",\"name\":\"Comment\",\"target\":[\"https:\/\/jornalfatosenoticias.com.br\/index.php\/2021\/05\/07\/emenda-de-majeski-aumenta-poder-de-conselho-gestor-para-uso-de-recursos-ambientais\/#respond\"]}]},{\"@type\":\"WebPage\",\"@id\":\"https:\/\/jornalfatosenoticias.com.br\/index.php\/2021\/05\/07\/emenda-de-majeski-aumenta-poder-de-conselho-gestor-para-uso-de-recursos-ambientais\/\",\"url\":\"https:\/\/jornalfatosenoticias.com.br\/index.php\/2021\/05\/07\/emenda-de-majeski-aumenta-poder-de-conselho-gestor-para-uso-de-recursos-ambientais\/\",\"name\":\"Emenda de Majeski aumenta poder de conselho gestor para uso de recursos ambientais - Jornal Fatos e Not\u00edcias\",\"isPartOf\":{\"@id\":\"https:\/\/jornalfatosenoticias.com.br\/#website\"},\"primaryImageOfPage\":{\"@id\":\"https:\/\/jornalfatosenoticias.com.br\/index.php\/2021\/05\/07\/emenda-de-majeski-aumenta-poder-de-conselho-gestor-para-uso-de-recursos-ambientais\/#primaryimage\"},\"image\":{\"@id\":\"https:\/\/jornalfatosenoticias.com.br\/index.php\/2021\/05\/07\/emenda-de-majeski-aumenta-poder-de-conselho-gestor-para-uso-de-recursos-ambientais\/#primaryimage\"},\"thumbnailUrl\":\"https:\/\/jornalfatosenoticias.com.br\/wp-content\/uploads\/2021\/05\/Sessao-040521-Foto-Ellen-Campanharo.jpg\",\"datePublished\":\"2021-05-07T22:06:02+00:00\",\"dateModified\":\"2021-05-07T22:06:06+00:00\",\"breadcrumb\":{\"@id\":\"https:\/\/jornalfatosenoticias.com.br\/index.php\/2021\/05\/07\/emenda-de-majeski-aumenta-poder-de-conselho-gestor-para-uso-de-recursos-ambientais\/#breadcrumb\"},\"inLanguage\":\"pt-BR\",\"potentialAction\":[{\"@type\":\"ReadAction\",\"target\":[\"https:\/\/jornalfatosenoticias.com.br\/index.php\/2021\/05\/07\/emenda-de-majeski-aumenta-poder-de-conselho-gestor-para-uso-de-recursos-ambientais\/\"]}]},{\"@type\":\"ImageObject\",\"inLanguage\":\"pt-BR\",\"@id\":\"https:\/\/jornalfatosenoticias.com.br\/index.php\/2021\/05\/07\/emenda-de-majeski-aumenta-poder-de-conselho-gestor-para-uso-de-recursos-ambientais\/#primaryimage\",\"url\":\"https:\/\/jornalfatosenoticias.com.br\/wp-content\/uploads\/2021\/05\/Sessao-040521-Foto-Ellen-Campanharo.jpg\",\"contentUrl\":\"https:\/\/jornalfatosenoticias.com.br\/wp-content\/uploads\/2021\/05\/Sessao-040521-Foto-Ellen-Campanharo.jpg\",\"width\":1000,\"height\":666},{\"@type\":\"BreadcrumbList\",\"@id\":\"https:\/\/jornalfatosenoticias.com.br\/index.php\/2021\/05\/07\/emenda-de-majeski-aumenta-poder-de-conselho-gestor-para-uso-de-recursos-ambientais\/#breadcrumb\",\"itemListElement\":[{\"@type\":\"ListItem\",\"position\":1,\"name\":\"In\u00edcio\",\"item\":\"https:\/\/jornalfatosenoticias.com.br\/\"},{\"@type\":\"ListItem\",\"position\":2,\"name\":\"Emenda de Majeski aumenta poder de conselho gestor para uso de recursos ambientais\"}]},{\"@type\":\"WebSite\",\"@id\":\"https:\/\/jornalfatosenoticias.com.br\/#website\",\"url\":\"https:\/\/jornalfatosenoticias.com.br\/\",\"name\":\"Jornal Fatos e Not\u00edcias\",\"description\":\"Not\u00edcias em geral\",\"publisher\":{\"@id\":\"https:\/\/jornalfatosenoticias.com.br\/#organization\"},\"potentialAction\":[{\"@type\":\"SearchAction\",\"target\":{\"@type\":\"EntryPoint\",\"urlTemplate\":\"https:\/\/jornalfatosenoticias.com.br\/?s={search_term_string}\"},\"query-input\":{\"@type\":\"PropertyValueSpecification\",\"valueRequired\":true,\"valueName\":\"search_term_string\"}}],\"inLanguage\":\"pt-BR\"},{\"@type\":\"Organization\",\"@id\":\"https:\/\/jornalfatosenoticias.com.br\/#organization\",\"name\":\"Jornal Fatos e Not\u00edcias\",\"url\":\"https:\/\/jornalfatosenoticias.com.br\/\",\"logo\":{\"@type\":\"ImageObject\",\"inLanguage\":\"pt-BR\",\"@id\":\"https:\/\/jornalfatosenoticias.com.br\/#\/schema\/logo\/image\/\",\"url\":\"https:\/\/jornalfatosenoticias.com.br\/wp-content\/uploads\/2020\/02\/logo120.png\",\"contentUrl\":\"https:\/\/jornalfatosenoticias.com.br\/wp-content\/uploads\/2020\/02\/logo120.png\",\"width\":1227,\"height\":120,\"caption\":\"Jornal Fatos e Not\u00edcias\"},\"image\":{\"@id\":\"https:\/\/jornalfatosenoticias.com.br\/#\/schema\/logo\/image\/\"}},{\"@type\":\"Person\",\"@id\":\"https:\/\/jornalfatosenoticias.com.br\/#\/schema\/person\/d63837fa13ac8666eb9e74e0985d6f81\",\"name\":\"Luzimara Fernandes\",\"image\":{\"@type\":\"ImageObject\",\"inLanguage\":\"pt-BR\",\"@id\":\"https:\/\/jornalfatosenoticias.com.br\/#\/schema\/person\/image\/\",\"url\":\"https:\/\/jornalfatosenoticias.com.br\/wp-content\/uploads\/2025\/05\/EU_portal.jpg\",\"contentUrl\":\"https:\/\/jornalfatosenoticias.com.br\/wp-content\/uploads\/2025\/05\/EU_portal.jpg\",\"caption\":\"Luzimara Fernandes\"},\"description\":\"Jornalista MTB 2358-ES\",\"sameAs\":[\"https:\/\/jornalfatosenoticias.com.br\"],\"url\":\"https:\/\/jornalfatosenoticias.com.br\/index.php\/author\/luzimara\/\"}]}<\/script>\n<!-- \/ Yoast SEO plugin. -->","yoast_head_json":{"title":"Emenda de Majeski aumenta poder de conselho gestor para uso de recursos ambientais - Jornal Fatos e Not\u00edcias","robots":{"index":"index","follow":"follow","max-snippet":"max-snippet:-1","max-image-preview":"max-image-preview:large","max-video-preview":"max-video-preview:-1"},"canonical":"https:\/\/jornalfatosenoticias.com.br\/index.php\/2021\/05\/07\/emenda-de-majeski-aumenta-poder-de-conselho-gestor-para-uso-de-recursos-ambientais\/","og_locale":"pt_BR","og_type":"article","og_title":"Emenda de Majeski aumenta poder de conselho gestor para uso de recursos ambientais - Jornal Fatos e Not\u00edcias","og_description":"Em atua\u00e7\u00f5es anteriores, o deputado Majeski apresentou proposi\u00e7\u00f5es para garantir que os recursos dos fundos ambientais sejam realmente aplicados em a\u00e7\u00f5es que preservem e desenvolvam o meio ambiente A entrada em vigor da Lei n\u00ba 11.255\/2021, que cria o Programa Estadual de Sustentabilidade Ambiental e Apoio aos Munic\u00edpios (Proesam), aumentou o acesso e o poder [&hellip;]","og_url":"https:\/\/jornalfatosenoticias.com.br\/index.php\/2021\/05\/07\/emenda-de-majeski-aumenta-poder-de-conselho-gestor-para-uso-de-recursos-ambientais\/","og_site_name":"Jornal Fatos e Not\u00edcias","article_published_time":"2021-05-07T22:06:02+00:00","article_modified_time":"2021-05-07T22:06:06+00:00","og_image":[{"width":1000,"height":666,"url":"https:\/\/jornalfatosenoticias.com.br\/wp-content\/uploads\/2021\/05\/Sessao-040521-Foto-Ellen-Campanharo.jpg","type":"image\/jpeg"}],"author":"Luzimara Fernandes","twitter_card":"summary_large_image","twitter_misc":{"Escrito por":"Luzimara Fernandes","Est. tempo de leitura":"2 minutos"},"schema":{"@context":"https:\/\/schema.org","@graph":[{"@type":"Article","@id":"https:\/\/jornalfatosenoticias.com.br\/index.php\/2021\/05\/07\/emenda-de-majeski-aumenta-poder-de-conselho-gestor-para-uso-de-recursos-ambientais\/#article","isPartOf":{"@id":"https:\/\/jornalfatosenoticias.com.br\/index.php\/2021\/05\/07\/emenda-de-majeski-aumenta-poder-de-conselho-gestor-para-uso-de-recursos-ambientais\/"},"author":{"name":"Luzimara Fernandes","@id":"https:\/\/jornalfatosenoticias.com.br\/#\/schema\/person\/d63837fa13ac8666eb9e74e0985d6f81"},"headline":"Emenda de Majeski aumenta poder de conselho gestor para uso de recursos ambientais","datePublished":"2021-05-07T22:06:02+00:00","dateModified":"2021-05-07T22:06:06+00:00","mainEntityOfPage":{"@id":"https:\/\/jornalfatosenoticias.com.br\/index.php\/2021\/05\/07\/emenda-de-majeski-aumenta-poder-de-conselho-gestor-para-uso-de-recursos-ambientais\/"},"wordCount":350,"commentCount":0,"publisher":{"@id":"https:\/\/jornalfatosenoticias.com.br\/#organization"},"image":{"@id":"https:\/\/jornalfatosenoticias.com.br\/index.php\/2021\/05\/07\/emenda-de-majeski-aumenta-poder-de-conselho-gestor-para-uso-de-recursos-ambientais\/#primaryimage"},"thumbnailUrl":"https:\/\/jornalfatosenoticias.com.br\/wp-content\/uploads\/2021\/05\/Sessao-040521-Foto-Ellen-Campanharo.jpg","keywords":["Fund\u00e1gua","meio ambiente","Seama","S\u00e9rgio Majeski"],"articleSection":["Pol\u00edtica"],"inLanguage":"pt-BR","potentialAction":[{"@type":"CommentAction","name":"Comment","target":["https:\/\/jornalfatosenoticias.com.br\/index.php\/2021\/05\/07\/emenda-de-majeski-aumenta-poder-de-conselho-gestor-para-uso-de-recursos-ambientais\/#respond"]}]},{"@type":"WebPage","@id":"https:\/\/jornalfatosenoticias.com.br\/index.php\/2021\/05\/07\/emenda-de-majeski-aumenta-poder-de-conselho-gestor-para-uso-de-recursos-ambientais\/","url":"https:\/\/jornalfatosenoticias.com.br\/index.php\/2021\/05\/07\/emenda-de-majeski-aumenta-poder-de-conselho-gestor-para-uso-de-recursos-ambientais\/","name":"Emenda de Majeski aumenta poder de conselho gestor para uso de recursos ambientais - Jornal Fatos e Not\u00edcias","isPartOf":{"@id":"https:\/\/jornalfatosenoticias.com.br\/#website"},"primaryImageOfPage":{"@id":"https:\/\/jornalfatosenoticias.com.br\/index.php\/2021\/05\/07\/emenda-de-majeski-aumenta-poder-de-conselho-gestor-para-uso-de-recursos-ambientais\/#primaryimage"},"image":{"@id":"https:\/\/jornalfatosenoticias.com.br\/index.php\/2021\/05\/07\/emenda-de-majeski-aumenta-poder-de-conselho-gestor-para-uso-de-recursos-ambientais\/#primaryimage"},"thumbnailUrl":"https:\/\/jornalfatosenoticias.com.br\/wp-content\/uploads\/2021\/05\/Sessao-040521-Foto-Ellen-Campanharo.jpg","datePublished":"2021-05-07T22:06:02+00:00","dateModified":"2021-05-07T22:06:06+00:00","breadcrumb":{"@id":"https:\/\/jornalfatosenoticias.com.br\/index.php\/2021\/05\/07\/emenda-de-majeski-aumenta-poder-de-conselho-gestor-para-uso-de-recursos-ambientais\/#breadcrumb"},"inLanguage":"pt-BR","potentialAction":[{"@type":"ReadAction","target":["https:\/\/jornalfatosenoticias.com.br\/index.php\/2021\/05\/07\/emenda-de-majeski-aumenta-poder-de-conselho-gestor-para-uso-de-recursos-ambientais\/"]}]},{"@type":"ImageObject","inLanguage":"pt-BR","@id":"https:\/\/jornalfatosenoticias.com.br\/index.php\/2021\/05\/07\/emenda-de-majeski-aumenta-poder-de-conselho-gestor-para-uso-de-recursos-ambientais\/#primaryimage","url":"https:\/\/jornalfatosenoticias.com.br\/wp-content\/uploads\/2021\/05\/Sessao-040521-Foto-Ellen-Campanharo.jpg","contentUrl":"https:\/\/jornalfatosenoticias.com.br\/wp-content\/uploads\/2021\/05\/Sessao-040521-Foto-Ellen-Campanharo.jpg","width":1000,"height":666},{"@type":"BreadcrumbList","@id":"https:\/\/jornalfatosenoticias.com.br\/index.php\/2021\/05\/07\/emenda-de-majeski-aumenta-poder-de-conselho-gestor-para-uso-de-recursos-ambientais\/#breadcrumb","itemListElement":[{"@type":"ListItem","position":1,"name":"In\u00edcio","item":"https:\/\/jornalfatosenoticias.com.br\/"},{"@type":"ListItem","position":2,"name":"Emenda de Majeski aumenta poder de conselho gestor para uso de recursos ambientais"}]},{"@type":"WebSite","@id":"https:\/\/jornalfatosenoticias.com.br\/#website","url":"https:\/\/jornalfatosenoticias.com.br\/","name":"Jornal Fatos e Not\u00edcias","description":"Not\u00edcias em geral","publisher":{"@id":"https:\/\/jornalfatosenoticias.com.br\/#organization"},"potentialAction":[{"@type":"SearchAction","target":{"@type":"EntryPoint","urlTemplate":"https:\/\/jornalfatosenoticias.com.br\/?s={search_term_string}"},"query-input":{"@type":"PropertyValueSpecification","valueRequired":true,"valueName":"search_term_string"}}],"inLanguage":"pt-BR"},{"@type":"Organization","@id":"https:\/\/jornalfatosenoticias.com.br\/#organization","name":"Jornal Fatos e Not\u00edcias","url":"https:\/\/jornalfatosenoticias.com.br\/","logo":{"@type":"ImageObject","inLanguage":"pt-BR","@id":"https:\/\/jornalfatosenoticias.com.br\/#\/schema\/logo\/image\/","url":"https:\/\/jornalfatosenoticias.com.br\/wp-content\/uploads\/2020\/02\/logo120.png","contentUrl":"https:\/\/jornalfatosenoticias.com.br\/wp-content\/uploads\/2020\/02\/logo120.png","width":1227,"height":120,"caption":"Jornal Fatos e Not\u00edcias"},"image":{"@id":"https:\/\/jornalfatosenoticias.com.br\/#\/schema\/logo\/image\/"}},{"@type":"Person","@id":"https:\/\/jornalfatosenoticias.com.br\/#\/schema\/person\/d63837fa13ac8666eb9e74e0985d6f81","name":"Luzimara Fernandes","image":{"@type":"ImageObject","inLanguage":"pt-BR","@id":"https:\/\/jornalfatosenoticias.com.br\/#\/schema\/person\/image\/","url":"https:\/\/jornalfatosenoticias.com.br\/wp-content\/uploads\/2025\/05\/EU_portal.jpg","contentUrl":"https:\/\/jornalfatosenoticias.com.br\/wp-content\/uploads\/2025\/05\/EU_portal.jpg","caption":"Luzimara Fernandes"},"description":"Jornalista MTB 2358-ES","sameAs":["https:\/\/jornalfatosenoticias.com.br"],"url":"https:\/\/jornalfatosenoticias.com.br\/index.php\/author\/luzimara\/"}]}},"cc_featured_image_caption":{"caption_text":"(Foto: Ellen Campanharo) ","source_text":"","source_url":""},"jetpack_featured_media_url":"https:\/\/jornalfatosenoticias.com.br\/wp-content\/uploads\/2021\/05\/Sessao-040521-Foto-Ellen-Campanharo.jpg","_links":{"self":[{"href":"https:\/\/jornalfatosenoticias.com.br\/index.php\/wp-json\/wp\/v2\/posts\/17974","targetHints":{"allow":["GET"]}}],"collection":[{"href":"https:\/\/jornalfatosenoticias.com.br\/index.php\/wp-json\/wp\/v2\/posts"}],"about":[{"href":"https:\/\/jornalfatosenoticias.com.br\/index.php\/wp-json\/wp\/v2\/types\/post"}],"author":[{"embeddable":true,"href":"https:\/\/jornalfatosenoticias.com.br\/index.php\/wp-json\/wp\/v2\/users\/2"}],"replies":[{"embeddable":true,"href":"https:\/\/jornalfatosenoticias.com.br\/index.php\/wp-json\/wp\/v2\/comments?post=17974"}],"version-history":[{"count":0,"href":"https:\/\/jornalfatosenoticias.com.br\/index.php\/wp-json\/wp\/v2\/posts\/17974\/revisions"}],"wp:featuredmedia":[{"embeddable":true,"href":"https:\/\/jornalfatosenoticias.com.br\/index.php\/wp-json\/wp\/v2\/media\/17975"}],"wp:attachment":[{"href":"https:\/\/jornalfatosenoticias.com.br\/index.php\/wp-json\/wp\/v2\/media?parent=17974"}],"wp:term":[{"taxonomy":"category","embeddable":true,"href":"https:\/\/jornalfatosenoticias.com.br\/index.php\/wp-json\/wp\/v2\/categories?post=17974"},{"taxonomy":"post_tag","embeddable":true,"href":"https:\/\/jornalfatosenoticias.com.br\/index.php\/wp-json\/wp\/v2\/tags?post=17974"}],"curies":[{"name":"wp","href":"https:\/\/api.w.org\/{rel}","templated":true}]}}