{"id":17993,"date":"2021-05-10T14:35:16","date_gmt":"2021-05-10T17:35:16","guid":{"rendered":"https:\/\/jornalfatosenoticias.com.br\/?p=17993"},"modified":"2021-05-10T14:35:21","modified_gmt":"2021-05-10T17:35:21","slug":"governo-cria-programa-para-fabricacao-de-satelites-brasileiros","status":"publish","type":"post","link":"https:\/\/jornalfatosenoticias.com.br\/index.php\/2021\/05\/10\/governo-cria-programa-para-fabricacao-de-satelites-brasileiros\/","title":{"rendered":"Governo cria programa para fabrica\u00e7\u00e3o de sat\u00e9lites brasileiros"},"content":{"rendered":"\n<p><em>DOU traz portaria que prev\u00ea a cria\u00e7\u00e3o e fabrica\u00e7\u00e3o de 13 sat\u00e9lites<\/em><\/p>\n\n\n\n<p>O Di\u00e1rio Oficial da Uni\u00e3o (DOU) traz hoje (10) <strong><a href=\"https:\/\/www.in.gov.br\/en\/web\/dou\/-\/portaria-n-590-de-6-de-maio-de-2021-318713594\" target=\"_blank\" rel=\"noreferrer noopener\">portaria<\/a><\/strong> que cria o Programa Constela\u00e7\u00e3o Catarina e o Cons\u00f3rcio Catarina, que prev\u00ea a cria\u00e7\u00e3o e fabrica\u00e7\u00e3o de 13 sat\u00e9lites. Desenvolvido pela Ag\u00eancia Espacial Brasileira (AEB), o programa prev\u00ea uma \u201cconstela\u00e7\u00e3o de sat\u00e9lites\u201d que ajudar\u00e3o o Brasil a monitorar clima, a fim de prevenir desastres naturais e aprimorar o processo de agricultura de precis\u00e3o.<\/p>\n\n\n\n<blockquote class=\"wp-block-quote is-layout-flow wp-block-quote-is-layout-flow\"><p>\u201cO Programa Constela\u00e7\u00e3o Catarina compreende um conjunto de iniciativas consorciais voltadas para o desenvolvimento de sistemas espaciais baseados no uso de nano sat\u00e9lites, que se complementam por meio do compartilhamento colaborativo de infraestruturas espaciais, de conhecimento, de dados, de servi\u00e7os e de aplica\u00e7\u00f5es espaciais\u201d, informa a portaria que estabelece diretrizes e instrumentos a serem adotados como refer\u00eancia para o programa.<\/p><\/blockquote>\n\n\n\n<p>A portaria prev\u00ea a cria\u00e7\u00e3o do chamado Cons\u00f3rcio Catarina, que \u00e9 o conjunto de entidades part\u00edcipes que v\u00e3o atuar coordenadamente nas coopera\u00e7\u00f5es e nas atividades do Programa Constela\u00e7\u00e3o Catarina, que atender\u00e1 prioritariamente os setores agropecu\u00e1rio e de defesa civil nacionais.<br>Al\u00e9m de apresentar inst\u00e2ncias e organiza\u00e7\u00e3o do Cons\u00f3rcio Catarina, a portaria prev\u00ea a cria\u00e7\u00e3o \u2014 e d\u00e1 as diretrizes de implementa\u00e7\u00e3o \u2014 de um regimento interno ainda a ser lan\u00e7ado.<br>O cons\u00f3rcio ter\u00e1 como membro permanente a Ag\u00eancia Espacial Brasileira. O papel, as atribui\u00e7\u00f5es, o perfil de participantes e de clientes do Conselho Catarina e do grupo executivo das inst\u00e2ncias do Cons\u00f3rcio Catarina est\u00e3o descritos na portaria<\/p>\n\n\n\n<p><strong><em>Fonte: <a href=\"https:\/\/agenciabrasil.ebc.com.br\/geral\/noticia\/2021-05\/governo-cria-programa-para-fabricacao-de-satelites-brasileiros\">Ag\u00eancia Brasil<\/a><\/em><\/strong><\/p>\n","protected":false},"excerpt":{"rendered":"<p>DOU traz portaria que prev\u00ea a cria\u00e7\u00e3o e fabrica\u00e7\u00e3o de 13 sat\u00e9lites O Di\u00e1rio Oficial da Uni\u00e3o (DOU) traz hoje (10) portaria que cria o Programa Constela\u00e7\u00e3o Catarina e o Cons\u00f3rcio Catarina, que prev\u00ea a cria\u00e7\u00e3o e fabrica\u00e7\u00e3o de 13 sat\u00e9lites. Desenvolvido pela Ag\u00eancia Espacial Brasileira (AEB), o programa prev\u00ea uma \u201cconstela\u00e7\u00e3o de sat\u00e9lites\u201d que [&hellip;]<\/p>\n","protected":false},"author":2,"featured_media":17994,"comment_status":"open","ping_status":"open","sticky":false,"template":"","format":"standard","meta":{"footnotes":""},"categories":[5],"tags":[8921,8176,8922,3408],"class_list":["post-17993","post","type-post","status-publish","format-standard","has-post-thumbnail","hentry","category-geral","tag-agencia-espacial-brasileira","tag-diario-oficial-da-uniao","tag-fabricacao","tag-satelites"],"yoast_head":"<!-- This site is optimized with the Yoast SEO plugin v26.5 - https:\/\/yoast.com\/wordpress\/plugins\/seo\/ -->\n<title>Governo cria programa para fabrica\u00e7\u00e3o de sat\u00e9lites brasileiros - Jornal Fatos e Not\u00edcias<\/title>\n<meta name=\"robots\" content=\"index, follow, max-snippet:-1, max-image-preview:large, max-video-preview:-1\" \/>\n<link rel=\"canonical\" href=\"https:\/\/jornalfatosenoticias.com.br\/index.php\/2021\/05\/10\/governo-cria-programa-para-fabricacao-de-satelites-brasileiros\/\" \/>\n<meta property=\"og:locale\" content=\"pt_BR\" \/>\n<meta property=\"og:type\" content=\"article\" \/>\n<meta property=\"og:title\" content=\"Governo cria programa para fabrica\u00e7\u00e3o de sat\u00e9lites brasileiros - Jornal Fatos e Not\u00edcias\" \/>\n<meta property=\"og:description\" content=\"DOU traz portaria que prev\u00ea a cria\u00e7\u00e3o e fabrica\u00e7\u00e3o de 13 sat\u00e9lites O Di\u00e1rio Oficial da Uni\u00e3o (DOU) traz hoje (10) portaria que cria o Programa Constela\u00e7\u00e3o Catarina e o Cons\u00f3rcio Catarina, que prev\u00ea a cria\u00e7\u00e3o e fabrica\u00e7\u00e3o de 13 sat\u00e9lites. Desenvolvido pela Ag\u00eancia Espacial Brasileira (AEB), o programa prev\u00ea uma \u201cconstela\u00e7\u00e3o de sat\u00e9lites\u201d que [&hellip;]\" \/>\n<meta property=\"og:url\" content=\"https:\/\/jornalfatosenoticias.com.br\/index.php\/2021\/05\/10\/governo-cria-programa-para-fabricacao-de-satelites-brasileiros\/\" \/>\n<meta property=\"og:site_name\" content=\"Jornal Fatos e Not\u00edcias\" \/>\n<meta property=\"article:published_time\" content=\"2021-05-10T17:35:16+00:00\" \/>\n<meta property=\"article:modified_time\" content=\"2021-05-10T17:35:21+00:00\" \/>\n<meta property=\"og:image\" content=\"https:\/\/jornalfatosenoticias.com.br\/wp-content\/uploads\/2021\/05\/Governo-cria-programa-para-fabricacao-de-satelites-brasileiros.png\" \/>\n\t<meta property=\"og:image:width\" content=\"1000\" \/>\n\t<meta property=\"og:image:height\" content=\"1000\" \/>\n\t<meta property=\"og:image:type\" content=\"image\/png\" \/>\n<meta name=\"author\" content=\"Luzimara Fernandes\" \/>\n<meta name=\"twitter:card\" content=\"summary_large_image\" \/>\n<meta name=\"twitter:label1\" content=\"Escrito por\" \/>\n\t<meta name=\"twitter:data1\" content=\"Luzimara Fernandes\" \/>\n\t<meta name=\"twitter:label2\" content=\"Est. tempo de leitura\" \/>\n\t<meta name=\"twitter:data2\" content=\"1 minuto\" \/>\n<script type=\"application\/ld+json\" class=\"yoast-schema-graph\">{\"@context\":\"https:\/\/schema.org\",\"@graph\":[{\"@type\":\"Article\",\"@id\":\"https:\/\/jornalfatosenoticias.com.br\/index.php\/2021\/05\/10\/governo-cria-programa-para-fabricacao-de-satelites-brasileiros\/#article\",\"isPartOf\":{\"@id\":\"https:\/\/jornalfatosenoticias.com.br\/index.php\/2021\/05\/10\/governo-cria-programa-para-fabricacao-de-satelites-brasileiros\/\"},\"author\":{\"name\":\"Luzimara Fernandes\",\"@id\":\"https:\/\/jornalfatosenoticias.com.br\/#\/schema\/person\/d63837fa13ac8666eb9e74e0985d6f81\"},\"headline\":\"Governo cria programa para fabrica\u00e7\u00e3o de sat\u00e9lites brasileiros\",\"datePublished\":\"2021-05-10T17:35:16+00:00\",\"dateModified\":\"2021-05-10T17:35:21+00:00\",\"mainEntityOfPage\":{\"@id\":\"https:\/\/jornalfatosenoticias.com.br\/index.php\/2021\/05\/10\/governo-cria-programa-para-fabricacao-de-satelites-brasileiros\/\"},\"wordCount\":290,\"commentCount\":0,\"publisher\":{\"@id\":\"https:\/\/jornalfatosenoticias.com.br\/#organization\"},\"image\":{\"@id\":\"https:\/\/jornalfatosenoticias.com.br\/index.php\/2021\/05\/10\/governo-cria-programa-para-fabricacao-de-satelites-brasileiros\/#primaryimage\"},\"thumbnailUrl\":\"https:\/\/jornalfatosenoticias.com.br\/wp-content\/uploads\/2021\/05\/Governo-cria-programa-para-fabricacao-de-satelites-brasileiros.png\",\"keywords\":[\"Ag\u00eancia Espacial Brasileira\",\"Di\u00e1rio Oficial da Uni\u00e3o\",\"fabrica\u00e7\u00e3o\",\"sat\u00e9lites\"],\"articleSection\":[\"Geral\"],\"inLanguage\":\"pt-BR\",\"potentialAction\":[{\"@type\":\"CommentAction\",\"name\":\"Comment\",\"target\":[\"https:\/\/jornalfatosenoticias.com.br\/index.php\/2021\/05\/10\/governo-cria-programa-para-fabricacao-de-satelites-brasileiros\/#respond\"]}]},{\"@type\":\"WebPage\",\"@id\":\"https:\/\/jornalfatosenoticias.com.br\/index.php\/2021\/05\/10\/governo-cria-programa-para-fabricacao-de-satelites-brasileiros\/\",\"url\":\"https:\/\/jornalfatosenoticias.com.br\/index.php\/2021\/05\/10\/governo-cria-programa-para-fabricacao-de-satelites-brasileiros\/\",\"name\":\"Governo cria programa para fabrica\u00e7\u00e3o de sat\u00e9lites brasileiros - Jornal Fatos e Not\u00edcias\",\"isPartOf\":{\"@id\":\"https:\/\/jornalfatosenoticias.com.br\/#website\"},\"primaryImageOfPage\":{\"@id\":\"https:\/\/jornalfatosenoticias.com.br\/index.php\/2021\/05\/10\/governo-cria-programa-para-fabricacao-de-satelites-brasileiros\/#primaryimage\"},\"image\":{\"@id\":\"https:\/\/jornalfatosenoticias.com.br\/index.php\/2021\/05\/10\/governo-cria-programa-para-fabricacao-de-satelites-brasileiros\/#primaryimage\"},\"thumbnailUrl\":\"https:\/\/jornalfatosenoticias.com.br\/wp-content\/uploads\/2021\/05\/Governo-cria-programa-para-fabricacao-de-satelites-brasileiros.png\",\"datePublished\":\"2021-05-10T17:35:16+00:00\",\"dateModified\":\"2021-05-10T17:35:21+00:00\",\"breadcrumb\":{\"@id\":\"https:\/\/jornalfatosenoticias.com.br\/index.php\/2021\/05\/10\/governo-cria-programa-para-fabricacao-de-satelites-brasileiros\/#breadcrumb\"},\"inLanguage\":\"pt-BR\",\"potentialAction\":[{\"@type\":\"ReadAction\",\"target\":[\"https:\/\/jornalfatosenoticias.com.br\/index.php\/2021\/05\/10\/governo-cria-programa-para-fabricacao-de-satelites-brasileiros\/\"]}]},{\"@type\":\"ImageObject\",\"inLanguage\":\"pt-BR\",\"@id\":\"https:\/\/jornalfatosenoticias.com.br\/index.php\/2021\/05\/10\/governo-cria-programa-para-fabricacao-de-satelites-brasileiros\/#primaryimage\",\"url\":\"https:\/\/jornalfatosenoticias.com.br\/wp-content\/uploads\/2021\/05\/Governo-cria-programa-para-fabricacao-de-satelites-brasileiros.png\",\"contentUrl\":\"https:\/\/jornalfatosenoticias.com.br\/wp-content\/uploads\/2021\/05\/Governo-cria-programa-para-fabricacao-de-satelites-brasileiros.png\",\"width\":1000,\"height\":1000},{\"@type\":\"BreadcrumbList\",\"@id\":\"https:\/\/jornalfatosenoticias.com.br\/index.php\/2021\/05\/10\/governo-cria-programa-para-fabricacao-de-satelites-brasileiros\/#breadcrumb\",\"itemListElement\":[{\"@type\":\"ListItem\",\"position\":1,\"name\":\"In\u00edcio\",\"item\":\"https:\/\/jornalfatosenoticias.com.br\/\"},{\"@type\":\"ListItem\",\"position\":2,\"name\":\"Governo cria programa para fabrica\u00e7\u00e3o de sat\u00e9lites brasileiros\"}]},{\"@type\":\"WebSite\",\"@id\":\"https:\/\/jornalfatosenoticias.com.br\/#website\",\"url\":\"https:\/\/jornalfatosenoticias.com.br\/\",\"name\":\"Jornal Fatos e Not\u00edcias\",\"description\":\"Not\u00edcias em geral\",\"publisher\":{\"@id\":\"https:\/\/jornalfatosenoticias.com.br\/#organization\"},\"potentialAction\":[{\"@type\":\"SearchAction\",\"target\":{\"@type\":\"EntryPoint\",\"urlTemplate\":\"https:\/\/jornalfatosenoticias.com.br\/?s={search_term_string}\"},\"query-input\":{\"@type\":\"PropertyValueSpecification\",\"valueRequired\":true,\"valueName\":\"search_term_string\"}}],\"inLanguage\":\"pt-BR\"},{\"@type\":\"Organization\",\"@id\":\"https:\/\/jornalfatosenoticias.com.br\/#organization\",\"name\":\"Jornal Fatos e Not\u00edcias\",\"url\":\"https:\/\/jornalfatosenoticias.com.br\/\",\"logo\":{\"@type\":\"ImageObject\",\"inLanguage\":\"pt-BR\",\"@id\":\"https:\/\/jornalfatosenoticias.com.br\/#\/schema\/logo\/image\/\",\"url\":\"https:\/\/jornalfatosenoticias.com.br\/wp-content\/uploads\/2020\/02\/logo120.png\",\"contentUrl\":\"https:\/\/jornalfatosenoticias.com.br\/wp-content\/uploads\/2020\/02\/logo120.png\",\"width\":1227,\"height\":120,\"caption\":\"Jornal Fatos e Not\u00edcias\"},\"image\":{\"@id\":\"https:\/\/jornalfatosenoticias.com.br\/#\/schema\/logo\/image\/\"}},{\"@type\":\"Person\",\"@id\":\"https:\/\/jornalfatosenoticias.com.br\/#\/schema\/person\/d63837fa13ac8666eb9e74e0985d6f81\",\"name\":\"Luzimara Fernandes\",\"image\":{\"@type\":\"ImageObject\",\"inLanguage\":\"pt-BR\",\"@id\":\"https:\/\/jornalfatosenoticias.com.br\/#\/schema\/person\/image\/\",\"url\":\"https:\/\/jornalfatosenoticias.com.br\/wp-content\/uploads\/2025\/05\/EU_portal.jpg\",\"contentUrl\":\"https:\/\/jornalfatosenoticias.com.br\/wp-content\/uploads\/2025\/05\/EU_portal.jpg\",\"caption\":\"Luzimara Fernandes\"},\"description\":\"Jornalista MTB 2358-ES\",\"sameAs\":[\"https:\/\/jornalfatosenoticias.com.br\"],\"url\":\"https:\/\/jornalfatosenoticias.com.br\/index.php\/author\/luzimara\/\"}]}<\/script>\n<!-- \/ Yoast SEO plugin. -->","yoast_head_json":{"title":"Governo cria programa para fabrica\u00e7\u00e3o de sat\u00e9lites brasileiros - Jornal Fatos e Not\u00edcias","robots":{"index":"index","follow":"follow","max-snippet":"max-snippet:-1","max-image-preview":"max-image-preview:large","max-video-preview":"max-video-preview:-1"},"canonical":"https:\/\/jornalfatosenoticias.com.br\/index.php\/2021\/05\/10\/governo-cria-programa-para-fabricacao-de-satelites-brasileiros\/","og_locale":"pt_BR","og_type":"article","og_title":"Governo cria programa para fabrica\u00e7\u00e3o de sat\u00e9lites brasileiros - Jornal Fatos e Not\u00edcias","og_description":"DOU traz portaria que prev\u00ea a cria\u00e7\u00e3o e fabrica\u00e7\u00e3o de 13 sat\u00e9lites O Di\u00e1rio Oficial da Uni\u00e3o (DOU) traz hoje (10) portaria que cria o Programa Constela\u00e7\u00e3o Catarina e o Cons\u00f3rcio Catarina, que prev\u00ea a cria\u00e7\u00e3o e fabrica\u00e7\u00e3o de 13 sat\u00e9lites. Desenvolvido pela Ag\u00eancia Espacial Brasileira (AEB), o programa prev\u00ea uma \u201cconstela\u00e7\u00e3o de sat\u00e9lites\u201d que [&hellip;]","og_url":"https:\/\/jornalfatosenoticias.com.br\/index.php\/2021\/05\/10\/governo-cria-programa-para-fabricacao-de-satelites-brasileiros\/","og_site_name":"Jornal Fatos e Not\u00edcias","article_published_time":"2021-05-10T17:35:16+00:00","article_modified_time":"2021-05-10T17:35:21+00:00","og_image":[{"width":1000,"height":1000,"url":"https:\/\/jornalfatosenoticias.com.br\/wp-content\/uploads\/2021\/05\/Governo-cria-programa-para-fabricacao-de-satelites-brasileiros.png","type":"image\/png"}],"author":"Luzimara Fernandes","twitter_card":"summary_large_image","twitter_misc":{"Escrito por":"Luzimara Fernandes","Est. tempo de leitura":"1 minuto"},"schema":{"@context":"https:\/\/schema.org","@graph":[{"@type":"Article","@id":"https:\/\/jornalfatosenoticias.com.br\/index.php\/2021\/05\/10\/governo-cria-programa-para-fabricacao-de-satelites-brasileiros\/#article","isPartOf":{"@id":"https:\/\/jornalfatosenoticias.com.br\/index.php\/2021\/05\/10\/governo-cria-programa-para-fabricacao-de-satelites-brasileiros\/"},"author":{"name":"Luzimara Fernandes","@id":"https:\/\/jornalfatosenoticias.com.br\/#\/schema\/person\/d63837fa13ac8666eb9e74e0985d6f81"},"headline":"Governo cria programa para fabrica\u00e7\u00e3o de sat\u00e9lites brasileiros","datePublished":"2021-05-10T17:35:16+00:00","dateModified":"2021-05-10T17:35:21+00:00","mainEntityOfPage":{"@id":"https:\/\/jornalfatosenoticias.com.br\/index.php\/2021\/05\/10\/governo-cria-programa-para-fabricacao-de-satelites-brasileiros\/"},"wordCount":290,"commentCount":0,"publisher":{"@id":"https:\/\/jornalfatosenoticias.com.br\/#organization"},"image":{"@id":"https:\/\/jornalfatosenoticias.com.br\/index.php\/2021\/05\/10\/governo-cria-programa-para-fabricacao-de-satelites-brasileiros\/#primaryimage"},"thumbnailUrl":"https:\/\/jornalfatosenoticias.com.br\/wp-content\/uploads\/2021\/05\/Governo-cria-programa-para-fabricacao-de-satelites-brasileiros.png","keywords":["Ag\u00eancia Espacial Brasileira","Di\u00e1rio Oficial da Uni\u00e3o","fabrica\u00e7\u00e3o","sat\u00e9lites"],"articleSection":["Geral"],"inLanguage":"pt-BR","potentialAction":[{"@type":"CommentAction","name":"Comment","target":["https:\/\/jornalfatosenoticias.com.br\/index.php\/2021\/05\/10\/governo-cria-programa-para-fabricacao-de-satelites-brasileiros\/#respond"]}]},{"@type":"WebPage","@id":"https:\/\/jornalfatosenoticias.com.br\/index.php\/2021\/05\/10\/governo-cria-programa-para-fabricacao-de-satelites-brasileiros\/","url":"https:\/\/jornalfatosenoticias.com.br\/index.php\/2021\/05\/10\/governo-cria-programa-para-fabricacao-de-satelites-brasileiros\/","name":"Governo cria programa para fabrica\u00e7\u00e3o de sat\u00e9lites brasileiros - Jornal Fatos e Not\u00edcias","isPartOf":{"@id":"https:\/\/jornalfatosenoticias.com.br\/#website"},"primaryImageOfPage":{"@id":"https:\/\/jornalfatosenoticias.com.br\/index.php\/2021\/05\/10\/governo-cria-programa-para-fabricacao-de-satelites-brasileiros\/#primaryimage"},"image":{"@id":"https:\/\/jornalfatosenoticias.com.br\/index.php\/2021\/05\/10\/governo-cria-programa-para-fabricacao-de-satelites-brasileiros\/#primaryimage"},"thumbnailUrl":"https:\/\/jornalfatosenoticias.com.br\/wp-content\/uploads\/2021\/05\/Governo-cria-programa-para-fabricacao-de-satelites-brasileiros.png","datePublished":"2021-05-10T17:35:16+00:00","dateModified":"2021-05-10T17:35:21+00:00","breadcrumb":{"@id":"https:\/\/jornalfatosenoticias.com.br\/index.php\/2021\/05\/10\/governo-cria-programa-para-fabricacao-de-satelites-brasileiros\/#breadcrumb"},"inLanguage":"pt-BR","potentialAction":[{"@type":"ReadAction","target":["https:\/\/jornalfatosenoticias.com.br\/index.php\/2021\/05\/10\/governo-cria-programa-para-fabricacao-de-satelites-brasileiros\/"]}]},{"@type":"ImageObject","inLanguage":"pt-BR","@id":"https:\/\/jornalfatosenoticias.com.br\/index.php\/2021\/05\/10\/governo-cria-programa-para-fabricacao-de-satelites-brasileiros\/#primaryimage","url":"https:\/\/jornalfatosenoticias.com.br\/wp-content\/uploads\/2021\/05\/Governo-cria-programa-para-fabricacao-de-satelites-brasileiros.png","contentUrl":"https:\/\/jornalfatosenoticias.com.br\/wp-content\/uploads\/2021\/05\/Governo-cria-programa-para-fabricacao-de-satelites-brasileiros.png","width":1000,"height":1000},{"@type":"BreadcrumbList","@id":"https:\/\/jornalfatosenoticias.com.br\/index.php\/2021\/05\/10\/governo-cria-programa-para-fabricacao-de-satelites-brasileiros\/#breadcrumb","itemListElement":[{"@type":"ListItem","position":1,"name":"In\u00edcio","item":"https:\/\/jornalfatosenoticias.com.br\/"},{"@type":"ListItem","position":2,"name":"Governo cria programa para fabrica\u00e7\u00e3o de sat\u00e9lites brasileiros"}]},{"@type":"WebSite","@id":"https:\/\/jornalfatosenoticias.com.br\/#website","url":"https:\/\/jornalfatosenoticias.com.br\/","name":"Jornal Fatos e Not\u00edcias","description":"Not\u00edcias em geral","publisher":{"@id":"https:\/\/jornalfatosenoticias.com.br\/#organization"},"potentialAction":[{"@type":"SearchAction","target":{"@type":"EntryPoint","urlTemplate":"https:\/\/jornalfatosenoticias.com.br\/?s={search_term_string}"},"query-input":{"@type":"PropertyValueSpecification","valueRequired":true,"valueName":"search_term_string"}}],"inLanguage":"pt-BR"},{"@type":"Organization","@id":"https:\/\/jornalfatosenoticias.com.br\/#organization","name":"Jornal Fatos e Not\u00edcias","url":"https:\/\/jornalfatosenoticias.com.br\/","logo":{"@type":"ImageObject","inLanguage":"pt-BR","@id":"https:\/\/jornalfatosenoticias.com.br\/#\/schema\/logo\/image\/","url":"https:\/\/jornalfatosenoticias.com.br\/wp-content\/uploads\/2020\/02\/logo120.png","contentUrl":"https:\/\/jornalfatosenoticias.com.br\/wp-content\/uploads\/2020\/02\/logo120.png","width":1227,"height":120,"caption":"Jornal Fatos e Not\u00edcias"},"image":{"@id":"https:\/\/jornalfatosenoticias.com.br\/#\/schema\/logo\/image\/"}},{"@type":"Person","@id":"https:\/\/jornalfatosenoticias.com.br\/#\/schema\/person\/d63837fa13ac8666eb9e74e0985d6f81","name":"Luzimara Fernandes","image":{"@type":"ImageObject","inLanguage":"pt-BR","@id":"https:\/\/jornalfatosenoticias.com.br\/#\/schema\/person\/image\/","url":"https:\/\/jornalfatosenoticias.com.br\/wp-content\/uploads\/2025\/05\/EU_portal.jpg","contentUrl":"https:\/\/jornalfatosenoticias.com.br\/wp-content\/uploads\/2025\/05\/EU_portal.jpg","caption":"Luzimara Fernandes"},"description":"Jornalista MTB 2358-ES","sameAs":["https:\/\/jornalfatosenoticias.com.br"],"url":"https:\/\/jornalfatosenoticias.com.br\/index.php\/author\/luzimara\/"}]}},"cc_featured_image_caption":{"caption_text":"(Foto: Ag\u00eancia Espacial Brasileira) ","source_text":"","source_url":""},"jetpack_featured_media_url":"https:\/\/jornalfatosenoticias.com.br\/wp-content\/uploads\/2021\/05\/Governo-cria-programa-para-fabricacao-de-satelites-brasileiros.png","_links":{"self":[{"href":"https:\/\/jornalfatosenoticias.com.br\/index.php\/wp-json\/wp\/v2\/posts\/17993","targetHints":{"allow":["GET"]}}],"collection":[{"href":"https:\/\/jornalfatosenoticias.com.br\/index.php\/wp-json\/wp\/v2\/posts"}],"about":[{"href":"https:\/\/jornalfatosenoticias.com.br\/index.php\/wp-json\/wp\/v2\/types\/post"}],"author":[{"embeddable":true,"href":"https:\/\/jornalfatosenoticias.com.br\/index.php\/wp-json\/wp\/v2\/users\/2"}],"replies":[{"embeddable":true,"href":"https:\/\/jornalfatosenoticias.com.br\/index.php\/wp-json\/wp\/v2\/comments?post=17993"}],"version-history":[{"count":0,"href":"https:\/\/jornalfatosenoticias.com.br\/index.php\/wp-json\/wp\/v2\/posts\/17993\/revisions"}],"wp:featuredmedia":[{"embeddable":true,"href":"https:\/\/jornalfatosenoticias.com.br\/index.php\/wp-json\/wp\/v2\/media\/17994"}],"wp:attachment":[{"href":"https:\/\/jornalfatosenoticias.com.br\/index.php\/wp-json\/wp\/v2\/media?parent=17993"}],"wp:term":[{"taxonomy":"category","embeddable":true,"href":"https:\/\/jornalfatosenoticias.com.br\/index.php\/wp-json\/wp\/v2\/categories?post=17993"},{"taxonomy":"post_tag","embeddable":true,"href":"https:\/\/jornalfatosenoticias.com.br\/index.php\/wp-json\/wp\/v2\/tags?post=17993"}],"curies":[{"name":"wp","href":"https:\/\/api.w.org\/{rel}","templated":true}]}}