{"id":18003,"date":"2021-05-10T15:18:58","date_gmt":"2021-05-10T18:18:58","guid":{"rendered":"https:\/\/jornalfatosenoticias.com.br\/?p=18003"},"modified":"2021-05-10T15:19:01","modified_gmt":"2021-05-10T18:19:01","slug":"comeca-hoje-programacao-de-aniversario-de-28-anos-do-museu-capixaba-do-negro","status":"publish","type":"post","link":"https:\/\/jornalfatosenoticias.com.br\/index.php\/2021\/05\/10\/comeca-hoje-programacao-de-aniversario-de-28-anos-do-museu-capixaba-do-negro\/","title":{"rendered":"Come\u00e7a hoje programa\u00e7\u00e3o de anivers\u00e1rio de 28 anos do Museu Capixaba do Negro"},"content":{"rendered":"\n<p><em>Programa\u00e7\u00e3o de anivers\u00e1rio de 28 anos do Mucane recebeu o nome de Semana da Den\u00fancia contra o Racismo<\/em><\/p>\n\n\n\n<p>Tem in\u00edcio nesta segunda-feira (10) a comemora\u00e7\u00e3o dos 28 anos do Museu Capixaba do Negro \u201cVer\u00f4nica da Pas\u201d (Mucane), que faz anivers\u00e1rio na pr\u00f3xima quinta (13).<br>A Secretaria Municipal de Cultura (Semc) preparou shows, interpreta\u00e7\u00f5es teatrais e document\u00e1rios para homenagear esse importante espa\u00e7o de valoriza\u00e7\u00e3o da cultura negra.<br>As apresenta\u00e7\u00f5es acontecem no canal do <a href=\"https:\/\/www.youtube.com\/channel\/UC4UTB0RrWXyDvlJIW0zUeaQ\"><strong>YouTube da Prefeitura de Vit\u00f3ria<\/strong><\/a>. Hoje, ser\u00e1 a partir das 20 horas. Todo o evento foi idealizado em formato on-line, devido ao per\u00edodo de pandemia do coronav\u00edrus.<\/p>\n\n\n\n<p><strong><span class=\"has-inline-color has-luminous-vivid-orange-color\">Semana da Den\u00fancia contra o Racismo<br><\/span><\/strong>A programa\u00e7\u00e3o, ainda, \u00e9 marcada por debate, reflex\u00e3o e luta. \u00c9 que o dia 13 de maio, al\u00e9m de anivers\u00e1rio do Mucane, \u00e9 a data de assinatura da Lei \u00c1urea no Brasil e Dia da Den\u00fancia contra o Racismo. Por isso, o evento ganhou o nome de Semana da Den\u00fancia contra o Racismo.<br>&#8220;O dia 13 de maio \u00e9 o anivers\u00e1rio do Mucane, mas n\u00e3o d\u00e1 para ser s\u00f3 um dia de festa. Afinal, \u00e9 uma data que demarca a resist\u00eancia da popula\u00e7\u00e3o negra, luta e enfrentamento contra todas as injusti\u00e7as sociais pelas quais passamos no passado e continuamos nos defrontando at\u00e9 o momento. No entanto, \u00e9 uma celebra\u00e7\u00e3o, no sentido de termos em Vit\u00f3ria esse espa\u00e7o cultural, um s\u00edmbolo que d\u00e1 for\u00e7a, que empodera as nossas quest\u00f5es e os nossos debates enquanto cidad\u00e3os negros. O Mucane conta a nossa hist\u00f3ria para que esta e tamb\u00e9m as gera\u00e7\u00f5es futuras n\u00e3o cometam as mesmas injusti\u00e7as sociais&#8221;, afirmou a coordenadora do Mucane, Tha\u00eds Souto Amorim.<br>&#8220;Essa \u00e9 uma pauta cont\u00ednua e necess\u00e1ria. Um dos in\u00fameros pap\u00e9is do Mucane \u00e9 preservar a hist\u00f3ria e lembrar \u00e0 popula\u00e7\u00e3o quem foram aqueles que nos antecederam, suas conquistas, suas dores e sua luta at\u00e9 os dias de hoje. O Mucane resgata e preserva o conhecimento e o repert\u00f3rio cultural afro, que nos permitiram a constru\u00e7\u00e3o de uma identidade pr\u00f3pria no Brasil&#8221;, completou o secret\u00e1rio municipal de Cultura, Luciano Gagno.<\/p>\n\n\n\n<p><strong><span class=\"has-inline-color has-luminous-vivid-orange-color\">Dan\u00e7a contempor\u00e2nea<br><\/span><\/strong>Para abrir o evento, nesta segunda (10), \u00e0s 20 horas, a Semc exibe o espet\u00e1culo infantil de dan\u00e7a contempor\u00e2nea &#8220;Minha Menina&#8221;.<br>A apresenta\u00e7\u00e3o \u00e9 um fragmento da pe\u00e7a &#8220;A Menina e o P\u00e1ssaro&#8221;, do grupo de artes c\u00eanicas e dan\u00e7a Coletivo Emaranhado.<br>O espet\u00e1culo se passa em um lugar chamado &#8220;T\u00e3o Belo&#8221;, um mundo imagin\u00e1rio de uma menina que tinha como seu melhor amigo um p\u00e1ssaro. Toda vez que ele viajava\/voava, a menina sentia muita saudades. Entre as idas e vindas do p\u00e1ssaro, todas as imagens, sensa\u00e7\u00f5es e emo\u00e7\u00f5es captadas em T\u00e3o Belo v\u00e3o surgindo da mem\u00f3ria da menina.<br>A pe\u00e7a tem classifica\u00e7\u00e3o indicativa livre e dura, aproximadamente, 30 minutos.<br>A programa\u00e7\u00e3o segue at\u00e9 a pr\u00f3xima sexta-feira (14).<\/p>\n\n\n\n<p><em>Segunda (10), 20h \u2014 <strong>\u201cMinha Menina\u201d<\/strong> (Diedra Rovena);<\/em><\/p>\n\n\n\n<p><em>Ter\u00e7a (11), 20 h \u2014 <strong>\u201cCasa AmarEla do Bonfim \u2014 Sarau das poetas pretas perif\u00e9ricas\u201d<\/strong> (Priscilla Gomes e Meiriele Lemos);<\/em><\/p>\n\n\n\n<p><em>Quarta (12), 20h \u2014 <strong>\u201c(DES) constru\u00e7\u00e3o&#8221;<\/strong> (L\u00e9ia Rodrigues);<\/em><\/p>\n\n\n\n<p><em>Quinta (13), 21h \u2014 <strong>\u201cTunico da Vila e do Terreiro\u201d <\/strong>(Tunico da Vila);<\/em><\/p>\n\n\n\n<p><em>Sexta (14), 20 h \u2014 <strong>\u201cEstandarte negro \u2014 do Maci\u00e7o Central ao Armaz\u00e9m\u201d<\/strong> (R\u00f4mullo Corr\u00eaa).<\/em><\/p>\n\n\n\n<h4 class=\"wp-block-heading\"><strong><span class=\"has-inline-color has-luminous-vivid-orange-color\">Mucane<\/span><\/strong><\/h4>\n\n\n\n<figure class=\"wp-block-image size-large\"><img loading=\"lazy\" decoding=\"async\" width=\"1000\" height=\"667\" src=\"https:\/\/jornalfatosenoticias.com.br\/wp-content\/uploads\/2021\/05\/mucane.jpg\" alt=\"\" class=\"wp-image-18004\" srcset=\"https:\/\/jornalfatosenoticias.com.br\/wp-content\/uploads\/2021\/05\/mucane.jpg 1000w, https:\/\/jornalfatosenoticias.com.br\/wp-content\/uploads\/2021\/05\/mucane-300x200.jpg 300w, https:\/\/jornalfatosenoticias.com.br\/wp-content\/uploads\/2021\/05\/mucane-768x512.jpg 768w\" sizes=\"auto, (max-width: 1000px) 100vw, 1000px\" \/><figcaption><em>Mucane, que foi inaugurado em 13 de maio de 1993, promove atividades voltadas \u00e0 hist\u00f3ria e \u00e0 identidade negra (Foto: Fl\u00e1vio Almeida)<\/em><\/figcaption><\/figure>\n\n\n\n<p>O Museu Capixaba do Negro \u201cVer\u00f4nica da Pas\u201d (Mucane) foi criado no dia 13 de maio de 1993, por meio do decreto n\u00ba 3527\/1993, do governo estadual de Albu\u00edno Azeredo, um dos primeiros governadores negros do Brasil. No local, acontecem cursos e oficinas de forma\u00e7\u00e3o cultural, debates, exposi\u00e7\u00f5es e apresenta\u00e7\u00f5es voltadas \u00e0 hist\u00f3ria e \u00e0 identidade negra.<\/p>\n\n\n\n<p><strong><span class=\"has-inline-color has-luminous-vivid-orange-color\">Cultura On-line<br><\/span><\/strong>Quatro das cinco apresenta\u00e7\u00f5es da &#8220;Semana da Den\u00fancia contra o Racismo\u201d fazem parte do edital 004\/2020 (Arte em Casa), que integra o projeto \u201cCultura On-line\u201d, da Semc.<br>O edital tem o objetivo de prestar apoio a artistas, t\u00e9cnicos e demais profissionais das \u00e1reas de arte e cultura, impedidos de realizar apresenta\u00e7\u00f5es, shows, forma\u00e7\u00f5es e pe\u00e7as de modo presencial durante a pandemia.<br>Tamb\u00e9m foi escalado para o &#8220;time&#8221; desse evento um artista do edital de Sele\u00e7\u00e3o de Projeto de Ocupa\u00e7\u00e3o do Mucane, lan\u00e7ado em 2019.<\/p>\n\n\n\n<p><strong><em>Fonte: <a href=\"https:\/\/www.vitoria.es.gov.br\/noticia\/comeca-hoje-programacao-de-aniversario-de-28-anos-do-museu-capixaba-do-negro-42629\">PMV<\/a><\/em><\/strong><\/p>\n","protected":false},"excerpt":{"rendered":"<p>Programa\u00e7\u00e3o de anivers\u00e1rio de 28 anos do Mucane recebeu o nome de Semana da Den\u00fancia contra o Racismo Tem in\u00edcio nesta segunda-feira (10) a comemora\u00e7\u00e3o dos 28 anos do Museu Capixaba do Negro \u201cVer\u00f4nica da Pas\u201d (Mucane), que faz anivers\u00e1rio na pr\u00f3xima quinta (13).A Secretaria Municipal de Cultura (Semc) preparou shows, interpreta\u00e7\u00f5es teatrais e document\u00e1rios [&hellip;]<\/p>\n","protected":false},"author":2,"featured_media":18005,"comment_status":"open","ping_status":"open","sticky":false,"template":"","format":"standard","meta":{"footnotes":""},"categories":[4],"tags":[3353,1153,7870,5773,8712],"class_list":["post-18003","post","type-post","status-publish","format-standard","has-post-thumbnail","hentry","category-cultura","tag-aniversario","tag-cultura-negra","tag-mucane","tag-programacao","tag-semc-vitoria"],"yoast_head":"<!-- This site is optimized with the Yoast SEO plugin v26.5 - https:\/\/yoast.com\/wordpress\/plugins\/seo\/ -->\n<title>Come\u00e7a hoje programa\u00e7\u00e3o de anivers\u00e1rio de 28 anos do Museu Capixaba do Negro - Jornal Fatos e Not\u00edcias<\/title>\n<meta name=\"robots\" content=\"index, follow, max-snippet:-1, max-image-preview:large, max-video-preview:-1\" \/>\n<link rel=\"canonical\" href=\"https:\/\/jornalfatosenoticias.com.br\/index.php\/2021\/05\/10\/comeca-hoje-programacao-de-aniversario-de-28-anos-do-museu-capixaba-do-negro\/\" \/>\n<meta property=\"og:locale\" content=\"pt_BR\" \/>\n<meta property=\"og:type\" content=\"article\" \/>\n<meta property=\"og:title\" content=\"Come\u00e7a hoje programa\u00e7\u00e3o de anivers\u00e1rio de 28 anos do Museu Capixaba do Negro - Jornal Fatos e Not\u00edcias\" \/>\n<meta property=\"og:description\" content=\"Programa\u00e7\u00e3o de anivers\u00e1rio de 28 anos do Mucane recebeu o nome de Semana da Den\u00fancia contra o Racismo Tem in\u00edcio nesta segunda-feira (10) a comemora\u00e7\u00e3o dos 28 anos do Museu Capixaba do Negro \u201cVer\u00f4nica da Pas\u201d (Mucane), que faz anivers\u00e1rio na pr\u00f3xima quinta (13).A Secretaria Municipal de Cultura (Semc) preparou shows, interpreta\u00e7\u00f5es teatrais e document\u00e1rios [&hellip;]\" \/>\n<meta property=\"og:url\" content=\"https:\/\/jornalfatosenoticias.com.br\/index.php\/2021\/05\/10\/comeca-hoje-programacao-de-aniversario-de-28-anos-do-museu-capixaba-do-negro\/\" \/>\n<meta property=\"og:site_name\" content=\"Jornal Fatos e Not\u00edcias\" \/>\n<meta property=\"article:published_time\" content=\"2021-05-10T18:18:58+00:00\" \/>\n<meta property=\"article:modified_time\" content=\"2021-05-10T18:19:01+00:00\" \/>\n<meta property=\"og:image\" content=\"https:\/\/jornalfatosenoticias.com.br\/wp-content\/uploads\/2021\/05\/aniversario-mucane.jpg\" \/>\n\t<meta property=\"og:image:width\" content=\"1000\" \/>\n\t<meta property=\"og:image:height\" content=\"561\" \/>\n\t<meta property=\"og:image:type\" content=\"image\/jpeg\" \/>\n<meta name=\"author\" content=\"Luzimara Fernandes\" \/>\n<meta name=\"twitter:card\" content=\"summary_large_image\" \/>\n<meta name=\"twitter:label1\" content=\"Escrito por\" \/>\n\t<meta name=\"twitter:data1\" content=\"Luzimara Fernandes\" \/>\n\t<meta name=\"twitter:label2\" content=\"Est. tempo de leitura\" \/>\n\t<meta name=\"twitter:data2\" content=\"4 minutos\" \/>\n<script type=\"application\/ld+json\" class=\"yoast-schema-graph\">{\"@context\":\"https:\/\/schema.org\",\"@graph\":[{\"@type\":\"Article\",\"@id\":\"https:\/\/jornalfatosenoticias.com.br\/index.php\/2021\/05\/10\/comeca-hoje-programacao-de-aniversario-de-28-anos-do-museu-capixaba-do-negro\/#article\",\"isPartOf\":{\"@id\":\"https:\/\/jornalfatosenoticias.com.br\/index.php\/2021\/05\/10\/comeca-hoje-programacao-de-aniversario-de-28-anos-do-museu-capixaba-do-negro\/\"},\"author\":{\"name\":\"Luzimara Fernandes\",\"@id\":\"https:\/\/jornalfatosenoticias.com.br\/#\/schema\/person\/d63837fa13ac8666eb9e74e0985d6f81\"},\"headline\":\"Come\u00e7a hoje programa\u00e7\u00e3o de anivers\u00e1rio de 28 anos do Museu Capixaba do Negro\",\"datePublished\":\"2021-05-10T18:18:58+00:00\",\"dateModified\":\"2021-05-10T18:19:01+00:00\",\"mainEntityOfPage\":{\"@id\":\"https:\/\/jornalfatosenoticias.com.br\/index.php\/2021\/05\/10\/comeca-hoje-programacao-de-aniversario-de-28-anos-do-museu-capixaba-do-negro\/\"},\"wordCount\":761,\"commentCount\":0,\"publisher\":{\"@id\":\"https:\/\/jornalfatosenoticias.com.br\/#organization\"},\"image\":{\"@id\":\"https:\/\/jornalfatosenoticias.com.br\/index.php\/2021\/05\/10\/comeca-hoje-programacao-de-aniversario-de-28-anos-do-museu-capixaba-do-negro\/#primaryimage\"},\"thumbnailUrl\":\"https:\/\/jornalfatosenoticias.com.br\/wp-content\/uploads\/2021\/05\/aniversario-mucane.jpg\",\"keywords\":[\"anivers\u00e1rio\",\"cultura negra\",\"Mucane\",\"programa\u00e7\u00e3o\",\"Semc Vit\u00f3ria\"],\"articleSection\":[\"Cultura\"],\"inLanguage\":\"pt-BR\",\"potentialAction\":[{\"@type\":\"CommentAction\",\"name\":\"Comment\",\"target\":[\"https:\/\/jornalfatosenoticias.com.br\/index.php\/2021\/05\/10\/comeca-hoje-programacao-de-aniversario-de-28-anos-do-museu-capixaba-do-negro\/#respond\"]}]},{\"@type\":\"WebPage\",\"@id\":\"https:\/\/jornalfatosenoticias.com.br\/index.php\/2021\/05\/10\/comeca-hoje-programacao-de-aniversario-de-28-anos-do-museu-capixaba-do-negro\/\",\"url\":\"https:\/\/jornalfatosenoticias.com.br\/index.php\/2021\/05\/10\/comeca-hoje-programacao-de-aniversario-de-28-anos-do-museu-capixaba-do-negro\/\",\"name\":\"Come\u00e7a hoje programa\u00e7\u00e3o de anivers\u00e1rio de 28 anos do Museu Capixaba do Negro - Jornal Fatos e Not\u00edcias\",\"isPartOf\":{\"@id\":\"https:\/\/jornalfatosenoticias.com.br\/#website\"},\"primaryImageOfPage\":{\"@id\":\"https:\/\/jornalfatosenoticias.com.br\/index.php\/2021\/05\/10\/comeca-hoje-programacao-de-aniversario-de-28-anos-do-museu-capixaba-do-negro\/#primaryimage\"},\"image\":{\"@id\":\"https:\/\/jornalfatosenoticias.com.br\/index.php\/2021\/05\/10\/comeca-hoje-programacao-de-aniversario-de-28-anos-do-museu-capixaba-do-negro\/#primaryimage\"},\"thumbnailUrl\":\"https:\/\/jornalfatosenoticias.com.br\/wp-content\/uploads\/2021\/05\/aniversario-mucane.jpg\",\"datePublished\":\"2021-05-10T18:18:58+00:00\",\"dateModified\":\"2021-05-10T18:19:01+00:00\",\"breadcrumb\":{\"@id\":\"https:\/\/jornalfatosenoticias.com.br\/index.php\/2021\/05\/10\/comeca-hoje-programacao-de-aniversario-de-28-anos-do-museu-capixaba-do-negro\/#breadcrumb\"},\"inLanguage\":\"pt-BR\",\"potentialAction\":[{\"@type\":\"ReadAction\",\"target\":[\"https:\/\/jornalfatosenoticias.com.br\/index.php\/2021\/05\/10\/comeca-hoje-programacao-de-aniversario-de-28-anos-do-museu-capixaba-do-negro\/\"]}]},{\"@type\":\"ImageObject\",\"inLanguage\":\"pt-BR\",\"@id\":\"https:\/\/jornalfatosenoticias.com.br\/index.php\/2021\/05\/10\/comeca-hoje-programacao-de-aniversario-de-28-anos-do-museu-capixaba-do-negro\/#primaryimage\",\"url\":\"https:\/\/jornalfatosenoticias.com.br\/wp-content\/uploads\/2021\/05\/aniversario-mucane.jpg\",\"contentUrl\":\"https:\/\/jornalfatosenoticias.com.br\/wp-content\/uploads\/2021\/05\/aniversario-mucane.jpg\",\"width\":1000,\"height\":561,\"caption\":\"Anivers\u00e1rio do Mucane\"},{\"@type\":\"BreadcrumbList\",\"@id\":\"https:\/\/jornalfatosenoticias.com.br\/index.php\/2021\/05\/10\/comeca-hoje-programacao-de-aniversario-de-28-anos-do-museu-capixaba-do-negro\/#breadcrumb\",\"itemListElement\":[{\"@type\":\"ListItem\",\"position\":1,\"name\":\"In\u00edcio\",\"item\":\"https:\/\/jornalfatosenoticias.com.br\/\"},{\"@type\":\"ListItem\",\"position\":2,\"name\":\"Come\u00e7a hoje programa\u00e7\u00e3o de anivers\u00e1rio de 28 anos do Museu Capixaba do Negro\"}]},{\"@type\":\"WebSite\",\"@id\":\"https:\/\/jornalfatosenoticias.com.br\/#website\",\"url\":\"https:\/\/jornalfatosenoticias.com.br\/\",\"name\":\"Jornal Fatos e Not\u00edcias\",\"description\":\"Not\u00edcias em geral\",\"publisher\":{\"@id\":\"https:\/\/jornalfatosenoticias.com.br\/#organization\"},\"potentialAction\":[{\"@type\":\"SearchAction\",\"target\":{\"@type\":\"EntryPoint\",\"urlTemplate\":\"https:\/\/jornalfatosenoticias.com.br\/?s={search_term_string}\"},\"query-input\":{\"@type\":\"PropertyValueSpecification\",\"valueRequired\":true,\"valueName\":\"search_term_string\"}}],\"inLanguage\":\"pt-BR\"},{\"@type\":\"Organization\",\"@id\":\"https:\/\/jornalfatosenoticias.com.br\/#organization\",\"name\":\"Jornal Fatos e Not\u00edcias\",\"url\":\"https:\/\/jornalfatosenoticias.com.br\/\",\"logo\":{\"@type\":\"ImageObject\",\"inLanguage\":\"pt-BR\",\"@id\":\"https:\/\/jornalfatosenoticias.com.br\/#\/schema\/logo\/image\/\",\"url\":\"https:\/\/jornalfatosenoticias.com.br\/wp-content\/uploads\/2020\/02\/logo120.png\",\"contentUrl\":\"https:\/\/jornalfatosenoticias.com.br\/wp-content\/uploads\/2020\/02\/logo120.png\",\"width\":1227,\"height\":120,\"caption\":\"Jornal Fatos e Not\u00edcias\"},\"image\":{\"@id\":\"https:\/\/jornalfatosenoticias.com.br\/#\/schema\/logo\/image\/\"}},{\"@type\":\"Person\",\"@id\":\"https:\/\/jornalfatosenoticias.com.br\/#\/schema\/person\/d63837fa13ac8666eb9e74e0985d6f81\",\"name\":\"Luzimara Fernandes\",\"image\":{\"@type\":\"ImageObject\",\"inLanguage\":\"pt-BR\",\"@id\":\"https:\/\/jornalfatosenoticias.com.br\/#\/schema\/person\/image\/\",\"url\":\"https:\/\/jornalfatosenoticias.com.br\/wp-content\/uploads\/2025\/05\/EU_portal.jpg\",\"contentUrl\":\"https:\/\/jornalfatosenoticias.com.br\/wp-content\/uploads\/2025\/05\/EU_portal.jpg\",\"caption\":\"Luzimara Fernandes\"},\"description\":\"Jornalista MTB 2358-ES\",\"sameAs\":[\"https:\/\/jornalfatosenoticias.com.br\"],\"url\":\"https:\/\/jornalfatosenoticias.com.br\/index.php\/author\/luzimara\/\"}]}<\/script>\n<!-- \/ Yoast SEO plugin. -->","yoast_head_json":{"title":"Come\u00e7a hoje programa\u00e7\u00e3o de anivers\u00e1rio de 28 anos do Museu Capixaba do Negro - Jornal Fatos e Not\u00edcias","robots":{"index":"index","follow":"follow","max-snippet":"max-snippet:-1","max-image-preview":"max-image-preview:large","max-video-preview":"max-video-preview:-1"},"canonical":"https:\/\/jornalfatosenoticias.com.br\/index.php\/2021\/05\/10\/comeca-hoje-programacao-de-aniversario-de-28-anos-do-museu-capixaba-do-negro\/","og_locale":"pt_BR","og_type":"article","og_title":"Come\u00e7a hoje programa\u00e7\u00e3o de anivers\u00e1rio de 28 anos do Museu Capixaba do Negro - Jornal Fatos e Not\u00edcias","og_description":"Programa\u00e7\u00e3o de anivers\u00e1rio de 28 anos do Mucane recebeu o nome de Semana da Den\u00fancia contra o Racismo Tem in\u00edcio nesta segunda-feira (10) a comemora\u00e7\u00e3o dos 28 anos do Museu Capixaba do Negro \u201cVer\u00f4nica da Pas\u201d (Mucane), que faz anivers\u00e1rio na pr\u00f3xima quinta (13).A Secretaria Municipal de Cultura (Semc) preparou shows, interpreta\u00e7\u00f5es teatrais e document\u00e1rios [&hellip;]","og_url":"https:\/\/jornalfatosenoticias.com.br\/index.php\/2021\/05\/10\/comeca-hoje-programacao-de-aniversario-de-28-anos-do-museu-capixaba-do-negro\/","og_site_name":"Jornal Fatos e Not\u00edcias","article_published_time":"2021-05-10T18:18:58+00:00","article_modified_time":"2021-05-10T18:19:01+00:00","og_image":[{"width":1000,"height":561,"url":"https:\/\/jornalfatosenoticias.com.br\/wp-content\/uploads\/2021\/05\/aniversario-mucane.jpg","type":"image\/jpeg"}],"author":"Luzimara Fernandes","twitter_card":"summary_large_image","twitter_misc":{"Escrito por":"Luzimara Fernandes","Est. tempo de leitura":"4 minutos"},"schema":{"@context":"https:\/\/schema.org","@graph":[{"@type":"Article","@id":"https:\/\/jornalfatosenoticias.com.br\/index.php\/2021\/05\/10\/comeca-hoje-programacao-de-aniversario-de-28-anos-do-museu-capixaba-do-negro\/#article","isPartOf":{"@id":"https:\/\/jornalfatosenoticias.com.br\/index.php\/2021\/05\/10\/comeca-hoje-programacao-de-aniversario-de-28-anos-do-museu-capixaba-do-negro\/"},"author":{"name":"Luzimara Fernandes","@id":"https:\/\/jornalfatosenoticias.com.br\/#\/schema\/person\/d63837fa13ac8666eb9e74e0985d6f81"},"headline":"Come\u00e7a hoje programa\u00e7\u00e3o de anivers\u00e1rio de 28 anos do Museu Capixaba do Negro","datePublished":"2021-05-10T18:18:58+00:00","dateModified":"2021-05-10T18:19:01+00:00","mainEntityOfPage":{"@id":"https:\/\/jornalfatosenoticias.com.br\/index.php\/2021\/05\/10\/comeca-hoje-programacao-de-aniversario-de-28-anos-do-museu-capixaba-do-negro\/"},"wordCount":761,"commentCount":0,"publisher":{"@id":"https:\/\/jornalfatosenoticias.com.br\/#organization"},"image":{"@id":"https:\/\/jornalfatosenoticias.com.br\/index.php\/2021\/05\/10\/comeca-hoje-programacao-de-aniversario-de-28-anos-do-museu-capixaba-do-negro\/#primaryimage"},"thumbnailUrl":"https:\/\/jornalfatosenoticias.com.br\/wp-content\/uploads\/2021\/05\/aniversario-mucane.jpg","keywords":["anivers\u00e1rio","cultura negra","Mucane","programa\u00e7\u00e3o","Semc Vit\u00f3ria"],"articleSection":["Cultura"],"inLanguage":"pt-BR","potentialAction":[{"@type":"CommentAction","name":"Comment","target":["https:\/\/jornalfatosenoticias.com.br\/index.php\/2021\/05\/10\/comeca-hoje-programacao-de-aniversario-de-28-anos-do-museu-capixaba-do-negro\/#respond"]}]},{"@type":"WebPage","@id":"https:\/\/jornalfatosenoticias.com.br\/index.php\/2021\/05\/10\/comeca-hoje-programacao-de-aniversario-de-28-anos-do-museu-capixaba-do-negro\/","url":"https:\/\/jornalfatosenoticias.com.br\/index.php\/2021\/05\/10\/comeca-hoje-programacao-de-aniversario-de-28-anos-do-museu-capixaba-do-negro\/","name":"Come\u00e7a hoje programa\u00e7\u00e3o de anivers\u00e1rio de 28 anos do Museu Capixaba do Negro - Jornal Fatos e Not\u00edcias","isPartOf":{"@id":"https:\/\/jornalfatosenoticias.com.br\/#website"},"primaryImageOfPage":{"@id":"https:\/\/jornalfatosenoticias.com.br\/index.php\/2021\/05\/10\/comeca-hoje-programacao-de-aniversario-de-28-anos-do-museu-capixaba-do-negro\/#primaryimage"},"image":{"@id":"https:\/\/jornalfatosenoticias.com.br\/index.php\/2021\/05\/10\/comeca-hoje-programacao-de-aniversario-de-28-anos-do-museu-capixaba-do-negro\/#primaryimage"},"thumbnailUrl":"https:\/\/jornalfatosenoticias.com.br\/wp-content\/uploads\/2021\/05\/aniversario-mucane.jpg","datePublished":"2021-05-10T18:18:58+00:00","dateModified":"2021-05-10T18:19:01+00:00","breadcrumb":{"@id":"https:\/\/jornalfatosenoticias.com.br\/index.php\/2021\/05\/10\/comeca-hoje-programacao-de-aniversario-de-28-anos-do-museu-capixaba-do-negro\/#breadcrumb"},"inLanguage":"pt-BR","potentialAction":[{"@type":"ReadAction","target":["https:\/\/jornalfatosenoticias.com.br\/index.php\/2021\/05\/10\/comeca-hoje-programacao-de-aniversario-de-28-anos-do-museu-capixaba-do-negro\/"]}]},{"@type":"ImageObject","inLanguage":"pt-BR","@id":"https:\/\/jornalfatosenoticias.com.br\/index.php\/2021\/05\/10\/comeca-hoje-programacao-de-aniversario-de-28-anos-do-museu-capixaba-do-negro\/#primaryimage","url":"https:\/\/jornalfatosenoticias.com.br\/wp-content\/uploads\/2021\/05\/aniversario-mucane.jpg","contentUrl":"https:\/\/jornalfatosenoticias.com.br\/wp-content\/uploads\/2021\/05\/aniversario-mucane.jpg","width":1000,"height":561,"caption":"Anivers\u00e1rio do Mucane"},{"@type":"BreadcrumbList","@id":"https:\/\/jornalfatosenoticias.com.br\/index.php\/2021\/05\/10\/comeca-hoje-programacao-de-aniversario-de-28-anos-do-museu-capixaba-do-negro\/#breadcrumb","itemListElement":[{"@type":"ListItem","position":1,"name":"In\u00edcio","item":"https:\/\/jornalfatosenoticias.com.br\/"},{"@type":"ListItem","position":2,"name":"Come\u00e7a hoje programa\u00e7\u00e3o de anivers\u00e1rio de 28 anos do Museu Capixaba do Negro"}]},{"@type":"WebSite","@id":"https:\/\/jornalfatosenoticias.com.br\/#website","url":"https:\/\/jornalfatosenoticias.com.br\/","name":"Jornal Fatos e Not\u00edcias","description":"Not\u00edcias em geral","publisher":{"@id":"https:\/\/jornalfatosenoticias.com.br\/#organization"},"potentialAction":[{"@type":"SearchAction","target":{"@type":"EntryPoint","urlTemplate":"https:\/\/jornalfatosenoticias.com.br\/?s={search_term_string}"},"query-input":{"@type":"PropertyValueSpecification","valueRequired":true,"valueName":"search_term_string"}}],"inLanguage":"pt-BR"},{"@type":"Organization","@id":"https:\/\/jornalfatosenoticias.com.br\/#organization","name":"Jornal Fatos e Not\u00edcias","url":"https:\/\/jornalfatosenoticias.com.br\/","logo":{"@type":"ImageObject","inLanguage":"pt-BR","@id":"https:\/\/jornalfatosenoticias.com.br\/#\/schema\/logo\/image\/","url":"https:\/\/jornalfatosenoticias.com.br\/wp-content\/uploads\/2020\/02\/logo120.png","contentUrl":"https:\/\/jornalfatosenoticias.com.br\/wp-content\/uploads\/2020\/02\/logo120.png","width":1227,"height":120,"caption":"Jornal Fatos e Not\u00edcias"},"image":{"@id":"https:\/\/jornalfatosenoticias.com.br\/#\/schema\/logo\/image\/"}},{"@type":"Person","@id":"https:\/\/jornalfatosenoticias.com.br\/#\/schema\/person\/d63837fa13ac8666eb9e74e0985d6f81","name":"Luzimara Fernandes","image":{"@type":"ImageObject","inLanguage":"pt-BR","@id":"https:\/\/jornalfatosenoticias.com.br\/#\/schema\/person\/image\/","url":"https:\/\/jornalfatosenoticias.com.br\/wp-content\/uploads\/2025\/05\/EU_portal.jpg","contentUrl":"https:\/\/jornalfatosenoticias.com.br\/wp-content\/uploads\/2025\/05\/EU_portal.jpg","caption":"Luzimara Fernandes"},"description":"Jornalista MTB 2358-ES","sameAs":["https:\/\/jornalfatosenoticias.com.br"],"url":"https:\/\/jornalfatosenoticias.com.br\/index.php\/author\/luzimara\/"}]}},"cc_featured_image_caption":{"caption_text":"(Foto: Divulga\u00e7\u00e3o Semc) ","source_text":"","source_url":""},"jetpack_featured_media_url":"https:\/\/jornalfatosenoticias.com.br\/wp-content\/uploads\/2021\/05\/aniversario-mucane.jpg","_links":{"self":[{"href":"https:\/\/jornalfatosenoticias.com.br\/index.php\/wp-json\/wp\/v2\/posts\/18003","targetHints":{"allow":["GET"]}}],"collection":[{"href":"https:\/\/jornalfatosenoticias.com.br\/index.php\/wp-json\/wp\/v2\/posts"}],"about":[{"href":"https:\/\/jornalfatosenoticias.com.br\/index.php\/wp-json\/wp\/v2\/types\/post"}],"author":[{"embeddable":true,"href":"https:\/\/jornalfatosenoticias.com.br\/index.php\/wp-json\/wp\/v2\/users\/2"}],"replies":[{"embeddable":true,"href":"https:\/\/jornalfatosenoticias.com.br\/index.php\/wp-json\/wp\/v2\/comments?post=18003"}],"version-history":[{"count":0,"href":"https:\/\/jornalfatosenoticias.com.br\/index.php\/wp-json\/wp\/v2\/posts\/18003\/revisions"}],"wp:featuredmedia":[{"embeddable":true,"href":"https:\/\/jornalfatosenoticias.com.br\/index.php\/wp-json\/wp\/v2\/media\/18005"}],"wp:attachment":[{"href":"https:\/\/jornalfatosenoticias.com.br\/index.php\/wp-json\/wp\/v2\/media?parent=18003"}],"wp:term":[{"taxonomy":"category","embeddable":true,"href":"https:\/\/jornalfatosenoticias.com.br\/index.php\/wp-json\/wp\/v2\/categories?post=18003"},{"taxonomy":"post_tag","embeddable":true,"href":"https:\/\/jornalfatosenoticias.com.br\/index.php\/wp-json\/wp\/v2\/tags?post=18003"}],"curies":[{"name":"wp","href":"https:\/\/api.w.org\/{rel}","templated":true}]}}