{"id":1801,"date":"2020-03-06T10:11:52","date_gmt":"2020-03-06T13:11:52","guid":{"rendered":"https:\/\/jornalfatosenoticias.com.br\/?p=1801"},"modified":"2020-03-06T10:11:57","modified_gmt":"2020-03-06T13:11:57","slug":"santa-teresa-investe-na-formacao-continuada-de-professores","status":"publish","type":"post","link":"https:\/\/jornalfatosenoticias.com.br\/index.php\/2020\/03\/06\/santa-teresa-investe-na-formacao-continuada-de-professores\/","title":{"rendered":"Santa Teresa investe na forma\u00e7\u00e3o continuada de professores"},"content":{"rendered":"\n<p><em><strong>Munic\u00edpio tem investido maci\u00e7amente na educa\u00e7\u00e3o <\/strong><\/em><\/p>\n\n\n\n<p><em>Texto: Haroldo Cordeiro Filho<\/em><\/p>\n\n\n\n<p>Para a secret\u00e1ria de Educa\u00e7\u00e3o, Maria Madalena Baratella e a coordenadora M\u00e1rcia Regina Rodrigues Ferreira, Santa Teresa est\u00e1 fazendo hist\u00f3ria ao investir maci\u00e7amente na educa\u00e7\u00e3o do munic\u00edpio. <br>\n \u201cEstamos no terceiro ano mantendo um processo de forma\u00e7\u00e3o continuada com certifica\u00e7\u00e3o de 120 e 130 horas, esse ano, a previs\u00e3o \u00e9 de 150 horas, com os professores da rede que est\u00e1 acontecendo no Polo Universidade Aberta do Brasil (UAB). <br>\nDetectamos as necessidades das nossas institui\u00e7\u00f5es e levamos o que chamamos de \u201cdi\u00e1logo entre os pais\u201d, que \u00e9 quem conhece o ch\u00e3o da escola e do munic\u00edpio\u201d, explicou a coordenadora. <\/p>\n\n\n\n<figure class=\"wp-block-image size-large\"><img loading=\"lazy\" decoding=\"async\" width=\"1024\" height=\"607\" src=\"https:\/\/jornalfatosenoticias.com.br\/wp-content\/uploads\/2020\/03\/Capacita\u00e7\u00e3o-ST-339-1024x607.jpg\" alt=\"\" class=\"wp-image-1802\" srcset=\"https:\/\/jornalfatosenoticias.com.br\/wp-content\/uploads\/2020\/03\/Capacita\u00e7\u00e3o-ST-339-1024x607.jpg 1024w, https:\/\/jornalfatosenoticias.com.br\/wp-content\/uploads\/2020\/03\/Capacita\u00e7\u00e3o-ST-339-300x178.jpg 300w, https:\/\/jornalfatosenoticias.com.br\/wp-content\/uploads\/2020\/03\/Capacita\u00e7\u00e3o-ST-339-768x455.jpg 768w, https:\/\/jornalfatosenoticias.com.br\/wp-content\/uploads\/2020\/03\/Capacita\u00e7\u00e3o-ST-339.jpg 1038w\" sizes=\"auto, (max-width: 1024px) 100vw, 1024px\" \/><figcaption><em>Curso de forma\u00e7\u00e3o continuada (Foto: Assessoria de Comunica\u00e7\u00e3o)<\/em><\/figcaption><\/figure>\n\n\n\n<p>Segundo Madalena Baratella, estruturar uma educa\u00e7\u00e3o continuada \u00e9 muito dif\u00edcil. \u201c\u00c9 de praxe os munic\u00edpios contratarem empresas especializadas para desenvolverem esse trabalho e, aqui, assumimos com muita honra essa tarefa e ainda economizamos, pois como o projeto \u00e9 desenvolvido por n\u00f3s, da secretaria, desoneramos a prefeitura desse custo. Lembrando que as inscri\u00e7\u00f5es n\u00e3o s\u00e3o somente para professores formados, mas, tamb\u00e9m, a alunos em forma\u00e7\u00e3o na \u00e1rea\u201d, afirmou a secret\u00e1ria.<\/p>\n","protected":false},"excerpt":{"rendered":"<p>Munic\u00edpio tem investido maci\u00e7amente na educa\u00e7\u00e3o Texto: Haroldo Cordeiro Filho Para a secret\u00e1ria de Educa\u00e7\u00e3o, Maria Madalena Baratella e a coordenadora M\u00e1rcia Regina Rodrigues Ferreira, Santa Teresa est\u00e1 fazendo hist\u00f3ria ao investir maci\u00e7amente na educa\u00e7\u00e3o do munic\u00edpio. \u201cEstamos no terceiro ano mantendo um processo de forma\u00e7\u00e3o continuada com certifica\u00e7\u00e3o de 120 e 130 horas, esse [&hellip;]<\/p>\n","protected":false},"author":2,"featured_media":1803,"comment_status":"open","ping_status":"open","sticky":false,"template":"","format":"standard","meta":{"footnotes":""},"categories":[7],"tags":[345,359,357,358],"class_list":["post-1801","post","type-post","status-publish","format-standard","has-post-thumbnail","hentry","category-educacao","tag-educacao","tag-formacao-continuada","tag-professores","tag-santa-teresa"],"yoast_head":"<!-- This site is optimized with the Yoast SEO plugin v26.5 - https:\/\/yoast.com\/wordpress\/plugins\/seo\/ -->\n<title>Santa Teresa investe na forma\u00e7\u00e3o continuada de professores - Jornal Fatos e Not\u00edcias<\/title>\n<meta name=\"robots\" content=\"index, follow, max-snippet:-1, max-image-preview:large, max-video-preview:-1\" \/>\n<link rel=\"canonical\" href=\"https:\/\/jornalfatosenoticias.com.br\/index.php\/2020\/03\/06\/santa-teresa-investe-na-formacao-continuada-de-professores\/\" \/>\n<meta property=\"og:locale\" content=\"pt_BR\" \/>\n<meta property=\"og:type\" content=\"article\" \/>\n<meta property=\"og:title\" content=\"Santa Teresa investe na forma\u00e7\u00e3o continuada de professores - Jornal Fatos e Not\u00edcias\" \/>\n<meta property=\"og:description\" content=\"Munic\u00edpio tem investido maci\u00e7amente na educa\u00e7\u00e3o Texto: Haroldo Cordeiro Filho Para a secret\u00e1ria de Educa\u00e7\u00e3o, Maria Madalena Baratella e a coordenadora M\u00e1rcia Regina Rodrigues Ferreira, Santa Teresa est\u00e1 fazendo hist\u00f3ria ao investir maci\u00e7amente na educa\u00e7\u00e3o do munic\u00edpio. \u201cEstamos no terceiro ano mantendo um processo de forma\u00e7\u00e3o continuada com certifica\u00e7\u00e3o de 120 e 130 horas, esse [&hellip;]\" \/>\n<meta property=\"og:url\" content=\"https:\/\/jornalfatosenoticias.com.br\/index.php\/2020\/03\/06\/santa-teresa-investe-na-formacao-continuada-de-professores\/\" \/>\n<meta property=\"og:site_name\" content=\"Jornal Fatos e Not\u00edcias\" \/>\n<meta property=\"article:published_time\" content=\"2020-03-06T13:11:52+00:00\" \/>\n<meta property=\"article:modified_time\" content=\"2020-03-06T13:11:57+00:00\" \/>\n<meta property=\"og:image\" content=\"https:\/\/jornalfatosenoticias.com.br\/wp-content\/uploads\/2020\/03\/Baratella-e-M\u00e1rcia-339.jpg\" \/>\n\t<meta property=\"og:image:width\" content=\"1100\" \/>\n\t<meta property=\"og:image:height\" content=\"668\" \/>\n\t<meta property=\"og:image:type\" content=\"image\/jpeg\" \/>\n<meta name=\"author\" content=\"Luzimara Fernandes\" \/>\n<meta name=\"twitter:card\" content=\"summary_large_image\" \/>\n<meta name=\"twitter:label1\" content=\"Escrito por\" \/>\n\t<meta name=\"twitter:data1\" content=\"Luzimara Fernandes\" \/>\n\t<meta name=\"twitter:label2\" content=\"Est. tempo de leitura\" \/>\n\t<meta name=\"twitter:data2\" content=\"1 minuto\" \/>\n<script type=\"application\/ld+json\" class=\"yoast-schema-graph\">{\"@context\":\"https:\/\/schema.org\",\"@graph\":[{\"@type\":\"Article\",\"@id\":\"https:\/\/jornalfatosenoticias.com.br\/index.php\/2020\/03\/06\/santa-teresa-investe-na-formacao-continuada-de-professores\/#article\",\"isPartOf\":{\"@id\":\"https:\/\/jornalfatosenoticias.com.br\/index.php\/2020\/03\/06\/santa-teresa-investe-na-formacao-continuada-de-professores\/\"},\"author\":{\"name\":\"Luzimara Fernandes\",\"@id\":\"https:\/\/jornalfatosenoticias.com.br\/#\/schema\/person\/d63837fa13ac8666eb9e74e0985d6f81\"},\"headline\":\"Santa Teresa investe na forma\u00e7\u00e3o continuada de professores\",\"datePublished\":\"2020-03-06T13:11:52+00:00\",\"dateModified\":\"2020-03-06T13:11:57+00:00\",\"mainEntityOfPage\":{\"@id\":\"https:\/\/jornalfatosenoticias.com.br\/index.php\/2020\/03\/06\/santa-teresa-investe-na-formacao-continuada-de-professores\/\"},\"wordCount\":214,\"commentCount\":0,\"publisher\":{\"@id\":\"https:\/\/jornalfatosenoticias.com.br\/#organization\"},\"image\":{\"@id\":\"https:\/\/jornalfatosenoticias.com.br\/index.php\/2020\/03\/06\/santa-teresa-investe-na-formacao-continuada-de-professores\/#primaryimage\"},\"thumbnailUrl\":\"https:\/\/jornalfatosenoticias.com.br\/wp-content\/uploads\/2020\/03\/Baratella-e-M\u00e1rcia-339.jpg\",\"keywords\":[\"educa\u00e7\u00e3o\",\"forma\u00e7\u00e3o continuada\",\"professores\",\"Santa Teresa\"],\"articleSection\":[\"Educa\u00e7\u00e3o\"],\"inLanguage\":\"pt-BR\",\"potentialAction\":[{\"@type\":\"CommentAction\",\"name\":\"Comment\",\"target\":[\"https:\/\/jornalfatosenoticias.com.br\/index.php\/2020\/03\/06\/santa-teresa-investe-na-formacao-continuada-de-professores\/#respond\"]}]},{\"@type\":\"WebPage\",\"@id\":\"https:\/\/jornalfatosenoticias.com.br\/index.php\/2020\/03\/06\/santa-teresa-investe-na-formacao-continuada-de-professores\/\",\"url\":\"https:\/\/jornalfatosenoticias.com.br\/index.php\/2020\/03\/06\/santa-teresa-investe-na-formacao-continuada-de-professores\/\",\"name\":\"Santa Teresa investe na forma\u00e7\u00e3o continuada de professores - Jornal Fatos e Not\u00edcias\",\"isPartOf\":{\"@id\":\"https:\/\/jornalfatosenoticias.com.br\/#website\"},\"primaryImageOfPage\":{\"@id\":\"https:\/\/jornalfatosenoticias.com.br\/index.php\/2020\/03\/06\/santa-teresa-investe-na-formacao-continuada-de-professores\/#primaryimage\"},\"image\":{\"@id\":\"https:\/\/jornalfatosenoticias.com.br\/index.php\/2020\/03\/06\/santa-teresa-investe-na-formacao-continuada-de-professores\/#primaryimage\"},\"thumbnailUrl\":\"https:\/\/jornalfatosenoticias.com.br\/wp-content\/uploads\/2020\/03\/Baratella-e-M\u00e1rcia-339.jpg\",\"datePublished\":\"2020-03-06T13:11:52+00:00\",\"dateModified\":\"2020-03-06T13:11:57+00:00\",\"breadcrumb\":{\"@id\":\"https:\/\/jornalfatosenoticias.com.br\/index.php\/2020\/03\/06\/santa-teresa-investe-na-formacao-continuada-de-professores\/#breadcrumb\"},\"inLanguage\":\"pt-BR\",\"potentialAction\":[{\"@type\":\"ReadAction\",\"target\":[\"https:\/\/jornalfatosenoticias.com.br\/index.php\/2020\/03\/06\/santa-teresa-investe-na-formacao-continuada-de-professores\/\"]}]},{\"@type\":\"ImageObject\",\"inLanguage\":\"pt-BR\",\"@id\":\"https:\/\/jornalfatosenoticias.com.br\/index.php\/2020\/03\/06\/santa-teresa-investe-na-formacao-continuada-de-professores\/#primaryimage\",\"url\":\"https:\/\/jornalfatosenoticias.com.br\/wp-content\/uploads\/2020\/03\/Baratella-e-M\u00e1rcia-339.jpg\",\"contentUrl\":\"https:\/\/jornalfatosenoticias.com.br\/wp-content\/uploads\/2020\/03\/Baratella-e-M\u00e1rcia-339.jpg\",\"width\":1100,\"height\":668},{\"@type\":\"BreadcrumbList\",\"@id\":\"https:\/\/jornalfatosenoticias.com.br\/index.php\/2020\/03\/06\/santa-teresa-investe-na-formacao-continuada-de-professores\/#breadcrumb\",\"itemListElement\":[{\"@type\":\"ListItem\",\"position\":1,\"name\":\"In\u00edcio\",\"item\":\"https:\/\/jornalfatosenoticias.com.br\/\"},{\"@type\":\"ListItem\",\"position\":2,\"name\":\"Santa Teresa investe na forma\u00e7\u00e3o continuada de professores\"}]},{\"@type\":\"WebSite\",\"@id\":\"https:\/\/jornalfatosenoticias.com.br\/#website\",\"url\":\"https:\/\/jornalfatosenoticias.com.br\/\",\"name\":\"Jornal Fatos e Not\u00edcias\",\"description\":\"Not\u00edcias em geral\",\"publisher\":{\"@id\":\"https:\/\/jornalfatosenoticias.com.br\/#organization\"},\"potentialAction\":[{\"@type\":\"SearchAction\",\"target\":{\"@type\":\"EntryPoint\",\"urlTemplate\":\"https:\/\/jornalfatosenoticias.com.br\/?s={search_term_string}\"},\"query-input\":{\"@type\":\"PropertyValueSpecification\",\"valueRequired\":true,\"valueName\":\"search_term_string\"}}],\"inLanguage\":\"pt-BR\"},{\"@type\":\"Organization\",\"@id\":\"https:\/\/jornalfatosenoticias.com.br\/#organization\",\"name\":\"Jornal Fatos e Not\u00edcias\",\"url\":\"https:\/\/jornalfatosenoticias.com.br\/\",\"logo\":{\"@type\":\"ImageObject\",\"inLanguage\":\"pt-BR\",\"@id\":\"https:\/\/jornalfatosenoticias.com.br\/#\/schema\/logo\/image\/\",\"url\":\"https:\/\/jornalfatosenoticias.com.br\/wp-content\/uploads\/2020\/02\/logo120.png\",\"contentUrl\":\"https:\/\/jornalfatosenoticias.com.br\/wp-content\/uploads\/2020\/02\/logo120.png\",\"width\":1227,\"height\":120,\"caption\":\"Jornal Fatos e Not\u00edcias\"},\"image\":{\"@id\":\"https:\/\/jornalfatosenoticias.com.br\/#\/schema\/logo\/image\/\"}},{\"@type\":\"Person\",\"@id\":\"https:\/\/jornalfatosenoticias.com.br\/#\/schema\/person\/d63837fa13ac8666eb9e74e0985d6f81\",\"name\":\"Luzimara Fernandes\",\"image\":{\"@type\":\"ImageObject\",\"inLanguage\":\"pt-BR\",\"@id\":\"https:\/\/jornalfatosenoticias.com.br\/#\/schema\/person\/image\/\",\"url\":\"https:\/\/jornalfatosenoticias.com.br\/wp-content\/uploads\/2025\/05\/EU_portal.jpg\",\"contentUrl\":\"https:\/\/jornalfatosenoticias.com.br\/wp-content\/uploads\/2025\/05\/EU_portal.jpg\",\"caption\":\"Luzimara Fernandes\"},\"description\":\"Jornalista MTB 2358-ES\",\"sameAs\":[\"https:\/\/jornalfatosenoticias.com.br\"],\"url\":\"https:\/\/jornalfatosenoticias.com.br\/index.php\/author\/luzimara\/\"}]}<\/script>\n<!-- \/ Yoast SEO plugin. -->","yoast_head_json":{"title":"Santa Teresa investe na forma\u00e7\u00e3o continuada de professores - Jornal Fatos e Not\u00edcias","robots":{"index":"index","follow":"follow","max-snippet":"max-snippet:-1","max-image-preview":"max-image-preview:large","max-video-preview":"max-video-preview:-1"},"canonical":"https:\/\/jornalfatosenoticias.com.br\/index.php\/2020\/03\/06\/santa-teresa-investe-na-formacao-continuada-de-professores\/","og_locale":"pt_BR","og_type":"article","og_title":"Santa Teresa investe na forma\u00e7\u00e3o continuada de professores - Jornal Fatos e Not\u00edcias","og_description":"Munic\u00edpio tem investido maci\u00e7amente na educa\u00e7\u00e3o Texto: Haroldo Cordeiro Filho Para a secret\u00e1ria de Educa\u00e7\u00e3o, Maria Madalena Baratella e a coordenadora M\u00e1rcia Regina Rodrigues Ferreira, Santa Teresa est\u00e1 fazendo hist\u00f3ria ao investir maci\u00e7amente na educa\u00e7\u00e3o do munic\u00edpio. \u201cEstamos no terceiro ano mantendo um processo de forma\u00e7\u00e3o continuada com certifica\u00e7\u00e3o de 120 e 130 horas, esse [&hellip;]","og_url":"https:\/\/jornalfatosenoticias.com.br\/index.php\/2020\/03\/06\/santa-teresa-investe-na-formacao-continuada-de-professores\/","og_site_name":"Jornal Fatos e Not\u00edcias","article_published_time":"2020-03-06T13:11:52+00:00","article_modified_time":"2020-03-06T13:11:57+00:00","og_image":[{"width":1100,"height":668,"url":"https:\/\/jornalfatosenoticias.com.br\/wp-content\/uploads\/2020\/03\/Baratella-e-M\u00e1rcia-339.jpg","type":"image\/jpeg"}],"author":"Luzimara Fernandes","twitter_card":"summary_large_image","twitter_misc":{"Escrito por":"Luzimara Fernandes","Est. tempo de leitura":"1 minuto"},"schema":{"@context":"https:\/\/schema.org","@graph":[{"@type":"Article","@id":"https:\/\/jornalfatosenoticias.com.br\/index.php\/2020\/03\/06\/santa-teresa-investe-na-formacao-continuada-de-professores\/#article","isPartOf":{"@id":"https:\/\/jornalfatosenoticias.com.br\/index.php\/2020\/03\/06\/santa-teresa-investe-na-formacao-continuada-de-professores\/"},"author":{"name":"Luzimara Fernandes","@id":"https:\/\/jornalfatosenoticias.com.br\/#\/schema\/person\/d63837fa13ac8666eb9e74e0985d6f81"},"headline":"Santa Teresa investe na forma\u00e7\u00e3o continuada de professores","datePublished":"2020-03-06T13:11:52+00:00","dateModified":"2020-03-06T13:11:57+00:00","mainEntityOfPage":{"@id":"https:\/\/jornalfatosenoticias.com.br\/index.php\/2020\/03\/06\/santa-teresa-investe-na-formacao-continuada-de-professores\/"},"wordCount":214,"commentCount":0,"publisher":{"@id":"https:\/\/jornalfatosenoticias.com.br\/#organization"},"image":{"@id":"https:\/\/jornalfatosenoticias.com.br\/index.php\/2020\/03\/06\/santa-teresa-investe-na-formacao-continuada-de-professores\/#primaryimage"},"thumbnailUrl":"https:\/\/jornalfatosenoticias.com.br\/wp-content\/uploads\/2020\/03\/Baratella-e-M\u00e1rcia-339.jpg","keywords":["educa\u00e7\u00e3o","forma\u00e7\u00e3o continuada","professores","Santa Teresa"],"articleSection":["Educa\u00e7\u00e3o"],"inLanguage":"pt-BR","potentialAction":[{"@type":"CommentAction","name":"Comment","target":["https:\/\/jornalfatosenoticias.com.br\/index.php\/2020\/03\/06\/santa-teresa-investe-na-formacao-continuada-de-professores\/#respond"]}]},{"@type":"WebPage","@id":"https:\/\/jornalfatosenoticias.com.br\/index.php\/2020\/03\/06\/santa-teresa-investe-na-formacao-continuada-de-professores\/","url":"https:\/\/jornalfatosenoticias.com.br\/index.php\/2020\/03\/06\/santa-teresa-investe-na-formacao-continuada-de-professores\/","name":"Santa Teresa investe na forma\u00e7\u00e3o continuada de professores - Jornal Fatos e Not\u00edcias","isPartOf":{"@id":"https:\/\/jornalfatosenoticias.com.br\/#website"},"primaryImageOfPage":{"@id":"https:\/\/jornalfatosenoticias.com.br\/index.php\/2020\/03\/06\/santa-teresa-investe-na-formacao-continuada-de-professores\/#primaryimage"},"image":{"@id":"https:\/\/jornalfatosenoticias.com.br\/index.php\/2020\/03\/06\/santa-teresa-investe-na-formacao-continuada-de-professores\/#primaryimage"},"thumbnailUrl":"https:\/\/jornalfatosenoticias.com.br\/wp-content\/uploads\/2020\/03\/Baratella-e-M\u00e1rcia-339.jpg","datePublished":"2020-03-06T13:11:52+00:00","dateModified":"2020-03-06T13:11:57+00:00","breadcrumb":{"@id":"https:\/\/jornalfatosenoticias.com.br\/index.php\/2020\/03\/06\/santa-teresa-investe-na-formacao-continuada-de-professores\/#breadcrumb"},"inLanguage":"pt-BR","potentialAction":[{"@type":"ReadAction","target":["https:\/\/jornalfatosenoticias.com.br\/index.php\/2020\/03\/06\/santa-teresa-investe-na-formacao-continuada-de-professores\/"]}]},{"@type":"ImageObject","inLanguage":"pt-BR","@id":"https:\/\/jornalfatosenoticias.com.br\/index.php\/2020\/03\/06\/santa-teresa-investe-na-formacao-continuada-de-professores\/#primaryimage","url":"https:\/\/jornalfatosenoticias.com.br\/wp-content\/uploads\/2020\/03\/Baratella-e-M\u00e1rcia-339.jpg","contentUrl":"https:\/\/jornalfatosenoticias.com.br\/wp-content\/uploads\/2020\/03\/Baratella-e-M\u00e1rcia-339.jpg","width":1100,"height":668},{"@type":"BreadcrumbList","@id":"https:\/\/jornalfatosenoticias.com.br\/index.php\/2020\/03\/06\/santa-teresa-investe-na-formacao-continuada-de-professores\/#breadcrumb","itemListElement":[{"@type":"ListItem","position":1,"name":"In\u00edcio","item":"https:\/\/jornalfatosenoticias.com.br\/"},{"@type":"ListItem","position":2,"name":"Santa Teresa investe na forma\u00e7\u00e3o continuada de professores"}]},{"@type":"WebSite","@id":"https:\/\/jornalfatosenoticias.com.br\/#website","url":"https:\/\/jornalfatosenoticias.com.br\/","name":"Jornal Fatos e Not\u00edcias","description":"Not\u00edcias em geral","publisher":{"@id":"https:\/\/jornalfatosenoticias.com.br\/#organization"},"potentialAction":[{"@type":"SearchAction","target":{"@type":"EntryPoint","urlTemplate":"https:\/\/jornalfatosenoticias.com.br\/?s={search_term_string}"},"query-input":{"@type":"PropertyValueSpecification","valueRequired":true,"valueName":"search_term_string"}}],"inLanguage":"pt-BR"},{"@type":"Organization","@id":"https:\/\/jornalfatosenoticias.com.br\/#organization","name":"Jornal Fatos e Not\u00edcias","url":"https:\/\/jornalfatosenoticias.com.br\/","logo":{"@type":"ImageObject","inLanguage":"pt-BR","@id":"https:\/\/jornalfatosenoticias.com.br\/#\/schema\/logo\/image\/","url":"https:\/\/jornalfatosenoticias.com.br\/wp-content\/uploads\/2020\/02\/logo120.png","contentUrl":"https:\/\/jornalfatosenoticias.com.br\/wp-content\/uploads\/2020\/02\/logo120.png","width":1227,"height":120,"caption":"Jornal Fatos e Not\u00edcias"},"image":{"@id":"https:\/\/jornalfatosenoticias.com.br\/#\/schema\/logo\/image\/"}},{"@type":"Person","@id":"https:\/\/jornalfatosenoticias.com.br\/#\/schema\/person\/d63837fa13ac8666eb9e74e0985d6f81","name":"Luzimara Fernandes","image":{"@type":"ImageObject","inLanguage":"pt-BR","@id":"https:\/\/jornalfatosenoticias.com.br\/#\/schema\/person\/image\/","url":"https:\/\/jornalfatosenoticias.com.br\/wp-content\/uploads\/2025\/05\/EU_portal.jpg","contentUrl":"https:\/\/jornalfatosenoticias.com.br\/wp-content\/uploads\/2025\/05\/EU_portal.jpg","caption":"Luzimara Fernandes"},"description":"Jornalista MTB 2358-ES","sameAs":["https:\/\/jornalfatosenoticias.com.br"],"url":"https:\/\/jornalfatosenoticias.com.br\/index.php\/author\/luzimara\/"}]}},"cc_featured_image_caption":{"caption_text":"Maria Madalena Baratella (\u00e0 esq.) e a coordenadora M\u00e1rcia Regina Rodrigues (Foto: Haroldo Cordeiro Filho)\r\n","source_text":"","source_url":""},"jetpack_featured_media_url":"https:\/\/jornalfatosenoticias.com.br\/wp-content\/uploads\/2020\/03\/Baratella-e-M\u00e1rcia-339.jpg","_links":{"self":[{"href":"https:\/\/jornalfatosenoticias.com.br\/index.php\/wp-json\/wp\/v2\/posts\/1801","targetHints":{"allow":["GET"]}}],"collection":[{"href":"https:\/\/jornalfatosenoticias.com.br\/index.php\/wp-json\/wp\/v2\/posts"}],"about":[{"href":"https:\/\/jornalfatosenoticias.com.br\/index.php\/wp-json\/wp\/v2\/types\/post"}],"author":[{"embeddable":true,"href":"https:\/\/jornalfatosenoticias.com.br\/index.php\/wp-json\/wp\/v2\/users\/2"}],"replies":[{"embeddable":true,"href":"https:\/\/jornalfatosenoticias.com.br\/index.php\/wp-json\/wp\/v2\/comments?post=1801"}],"version-history":[{"count":0,"href":"https:\/\/jornalfatosenoticias.com.br\/index.php\/wp-json\/wp\/v2\/posts\/1801\/revisions"}],"wp:featuredmedia":[{"embeddable":true,"href":"https:\/\/jornalfatosenoticias.com.br\/index.php\/wp-json\/wp\/v2\/media\/1803"}],"wp:attachment":[{"href":"https:\/\/jornalfatosenoticias.com.br\/index.php\/wp-json\/wp\/v2\/media?parent=1801"}],"wp:term":[{"taxonomy":"category","embeddable":true,"href":"https:\/\/jornalfatosenoticias.com.br\/index.php\/wp-json\/wp\/v2\/categories?post=1801"},{"taxonomy":"post_tag","embeddable":true,"href":"https:\/\/jornalfatosenoticias.com.br\/index.php\/wp-json\/wp\/v2\/tags?post=1801"}],"curies":[{"name":"wp","href":"https:\/\/api.w.org\/{rel}","templated":true}]}}