{"id":18017,"date":"2021-05-10T16:06:38","date_gmt":"2021-05-10T19:06:38","guid":{"rendered":"https:\/\/jornalfatosenoticias.com.br\/?p=18017"},"modified":"2021-05-10T16:06:42","modified_gmt":"2021-05-10T19:06:42","slug":"problemas-de-abastecimento-do-ps5-no-mercado-vao-continuar-em-2022-indica-sony","status":"publish","type":"post","link":"https:\/\/jornalfatosenoticias.com.br\/index.php\/2021\/05\/10\/problemas-de-abastecimento-do-ps5-no-mercado-vao-continuar-em-2022-indica-sony\/","title":{"rendered":"Problemas de abastecimento do PS5 no mercado v\u00e3o continuar em 2022, indica Sony"},"content":{"rendered":"\n<p>Ap\u00f3s a Sony anunciar uma parceria com a <a rel=\"noreferrer noopener\" href=\"https:\/\/olhardigital.com.br\/2021\/04\/20\/internet-e-redes-sociais\/discord-avalia-descartar-negociacao-com-a-microsoft\/\" target=\"_blank\">plataforma de comunica\u00e7\u00e3o<\/a>\u00a0Discord na \u00faltima segunda-feira (3), analistas da\u00a0<a rel=\"noreferrer noopener\" href=\"https:\/\/olhardigital.com.br\/tag\/sony\/\" target=\"_blank\">multinacional japonesa<\/a>\u00a0indicam que o abastecimento do PlayStation 5 no varejo n\u00e3o deve melhorar t\u00e3o cedo. Segundo o diretor financeiro da companhia, Hiroki Totoki o motivo \u00e9 a dificuldade de acompanhar a demanda\u00a0<a href=\"https:\/\/olhardigital.com.br\/?s=playstation+5&amp;post_type=post\" target=\"_blank\" rel=\"noreferrer noopener\">pelo console<\/a>. Algo que deve continuar ocorrendo ao longo de 2022.<br>\u201cMesmo se produzirmos mais unidades do PlayStation 5 no pr\u00f3ximo ano, nosso suprimento n\u00e3o seria capaz de acompanhar a demanda\u201d, declarou Totoki, que tamb\u00e9m comparou o sucesso do console de nova gera\u00e7\u00e3o com o seu antecessor. \u201cVendemos mais de 100 milh\u00f5es de unidades do PlayStation 4, considerando nossa participa\u00e7\u00e3o no mercado n\u00e3o consigo imaginar uma queda da demanda\u201d.<\/p>\n\n\n\n<h4 class=\"wp-block-heading\"><span class=\"has-inline-color has-black-color\">Milh\u00f5es de unidades do console ser\u00e3o produzidas este ano<\/span><\/h4>\n\n\n\n<figure class=\"wp-block-image size-large\"><img loading=\"lazy\" decoding=\"async\" width=\"1000\" height=\"750\" src=\"https:\/\/jornalfatosenoticias.com.br\/wp-content\/uploads\/2021\/05\/shutterstock_ps5.jpg\" alt=\"\" class=\"wp-image-18018\" srcset=\"https:\/\/jornalfatosenoticias.com.br\/wp-content\/uploads\/2021\/05\/shutterstock_ps5.jpg 1000w, https:\/\/jornalfatosenoticias.com.br\/wp-content\/uploads\/2021\/05\/shutterstock_ps5-300x225.jpg 300w, https:\/\/jornalfatosenoticias.com.br\/wp-content\/uploads\/2021\/05\/shutterstock_ps5-768x576.jpg 768w\" sizes=\"auto, (max-width: 1000px) 100vw, 1000px\" \/><figcaption><em>Fornecimento de unidades do PS5 ao varejo pode melhorar nos pr\u00f3ximos meses (Foto: Mr.Mikla\/Shutterstock)<\/em><\/figcaption><\/figure>\n\n\n\n<p>Para o ano fiscal de 2021 (que come\u00e7ou em abril), a Sony diz que pretende abastecer o mercado com pelo menos 14,8 milh\u00f5es de unidades do seu novo console. Vale ressaltar que at\u00e9 o dia 31 de mar\u00e7o, <a href=\"https:\/\/olhardigital.com.br\/2021\/04\/21\/games-e-consoles\/volume-de-assinantes-da-playstation-plus-aumentou-44-em-2020\/\" target=\"_blank\" rel=\"noreferrer noopener\">a empresa<\/a> vendeu 7,8 milh\u00f5es de unidades do PS5.<br>Em mensagens anteriores, a fabricante sugeriu que o fornecimento do PS5 iria melhorar com o passar dos meses. Jim Ryan, o presidente e CEO da Sony Interactive Entertainment, \u00e9 mais otimista. O executivo declarou que a partir do segundo semestre a situa\u00e7\u00e3o deve melhorar: \u201c(\u2026) quando chegarmos ao segundo semestre de 2021, veremos n\u00fameros realmente decentes\u201d.<br>\u00c9 poss\u00edvel que o fornecimento do PS5 realmente melhore nos pr\u00f3ximos meses, ainda assim, a declara\u00e7\u00e3o anterior de que a Sony n\u00e3o ser\u00e1 capaz de atender \u00e0 demanda no curto prazo mesmo aumentando sua capacidade de produ\u00e7\u00e3o n\u00e3o \u00e9 nada animadora para os f\u00e3s da plataforma.<\/p>\n\n\n\n<p><strong><em>Fonte: <a href=\"https:\/\/olhardigital.com.br\/2021\/05\/10\/games-e-consoles\/problemas-de-abastecimento-do-ps5-no-mercado-vao-continuar-em-2022-indica-sony\/\">Olhar Digital<\/a><\/em><\/strong><\/p>\n","protected":false},"excerpt":{"rendered":"<p>Ap\u00f3s a Sony anunciar uma parceria com a plataforma de comunica\u00e7\u00e3o\u00a0Discord na \u00faltima segunda-feira (3), analistas da\u00a0multinacional japonesa\u00a0indicam que o abastecimento do PlayStation 5 no varejo n\u00e3o deve melhorar t\u00e3o cedo. Segundo o diretor financeiro da companhia, Hiroki Totoki o motivo \u00e9 a dificuldade de acompanhar a demanda\u00a0pelo console. Algo que deve continuar ocorrendo ao [&hellip;]<\/p>\n","protected":false},"author":2,"featured_media":18019,"comment_status":"open","ping_status":"open","sticky":false,"template":"","format":"standard","meta":{"footnotes":""},"categories":[5],"tags":[8928,8929,8930,7791,1428],"class_list":["post-18017","post","type-post","status-publish","format-standard","has-post-thumbnail","hentry","category-geral","tag-console","tag-playstation-5","tag-ps5","tag-sony","tag-vendas"],"yoast_head":"<!-- This site is optimized with the Yoast SEO plugin v26.5 - https:\/\/yoast.com\/wordpress\/plugins\/seo\/ -->\n<title>Problemas de abastecimento do PS5 no mercado v\u00e3o continuar em 2022, indica Sony - Jornal Fatos e Not\u00edcias<\/title>\n<meta name=\"robots\" content=\"index, follow, max-snippet:-1, max-image-preview:large, max-video-preview:-1\" \/>\n<link rel=\"canonical\" href=\"https:\/\/jornalfatosenoticias.com.br\/index.php\/2021\/05\/10\/problemas-de-abastecimento-do-ps5-no-mercado-vao-continuar-em-2022-indica-sony\/\" \/>\n<meta property=\"og:locale\" content=\"pt_BR\" \/>\n<meta property=\"og:type\" content=\"article\" \/>\n<meta property=\"og:title\" content=\"Problemas de abastecimento do PS5 no mercado v\u00e3o continuar em 2022, indica Sony - Jornal Fatos e Not\u00edcias\" \/>\n<meta property=\"og:description\" content=\"Ap\u00f3s a Sony anunciar uma parceria com a plataforma de comunica\u00e7\u00e3o\u00a0Discord na \u00faltima segunda-feira (3), analistas da\u00a0multinacional japonesa\u00a0indicam que o abastecimento do PlayStation 5 no varejo n\u00e3o deve melhorar t\u00e3o cedo. Segundo o diretor financeiro da companhia, Hiroki Totoki o motivo \u00e9 a dificuldade de acompanhar a demanda\u00a0pelo console. Algo que deve continuar ocorrendo ao [&hellip;]\" \/>\n<meta property=\"og:url\" content=\"https:\/\/jornalfatosenoticias.com.br\/index.php\/2021\/05\/10\/problemas-de-abastecimento-do-ps5-no-mercado-vao-continuar-em-2022-indica-sony\/\" \/>\n<meta property=\"og:site_name\" content=\"Jornal Fatos e Not\u00edcias\" \/>\n<meta property=\"article:published_time\" content=\"2021-05-10T19:06:38+00:00\" \/>\n<meta property=\"article:modified_time\" content=\"2021-05-10T19:06:42+00:00\" \/>\n<meta property=\"og:image\" content=\"https:\/\/jornalfatosenoticias.com.br\/wp-content\/uploads\/2021\/05\/PlayStation-5-PS5.jpg\" \/>\n\t<meta property=\"og:image:width\" content=\"1000\" \/>\n\t<meta property=\"og:image:height\" content=\"225\" \/>\n\t<meta property=\"og:image:type\" content=\"image\/jpeg\" \/>\n<meta name=\"author\" content=\"Luzimara Fernandes\" \/>\n<meta name=\"twitter:card\" content=\"summary_large_image\" \/>\n<meta name=\"twitter:label1\" content=\"Escrito por\" \/>\n\t<meta name=\"twitter:data1\" content=\"Luzimara Fernandes\" \/>\n\t<meta name=\"twitter:label2\" content=\"Est. tempo de leitura\" \/>\n\t<meta name=\"twitter:data2\" content=\"2 minutos\" \/>\n<script type=\"application\/ld+json\" class=\"yoast-schema-graph\">{\"@context\":\"https:\/\/schema.org\",\"@graph\":[{\"@type\":\"Article\",\"@id\":\"https:\/\/jornalfatosenoticias.com.br\/index.php\/2021\/05\/10\/problemas-de-abastecimento-do-ps5-no-mercado-vao-continuar-em-2022-indica-sony\/#article\",\"isPartOf\":{\"@id\":\"https:\/\/jornalfatosenoticias.com.br\/index.php\/2021\/05\/10\/problemas-de-abastecimento-do-ps5-no-mercado-vao-continuar-em-2022-indica-sony\/\"},\"author\":{\"name\":\"Luzimara Fernandes\",\"@id\":\"https:\/\/jornalfatosenoticias.com.br\/#\/schema\/person\/d63837fa13ac8666eb9e74e0985d6f81\"},\"headline\":\"Problemas de abastecimento do PS5 no mercado v\u00e3o continuar em 2022, indica Sony\",\"datePublished\":\"2021-05-10T19:06:38+00:00\",\"dateModified\":\"2021-05-10T19:06:42+00:00\",\"mainEntityOfPage\":{\"@id\":\"https:\/\/jornalfatosenoticias.com.br\/index.php\/2021\/05\/10\/problemas-de-abastecimento-do-ps5-no-mercado-vao-continuar-em-2022-indica-sony\/\"},\"wordCount\":320,\"commentCount\":0,\"publisher\":{\"@id\":\"https:\/\/jornalfatosenoticias.com.br\/#organization\"},\"image\":{\"@id\":\"https:\/\/jornalfatosenoticias.com.br\/index.php\/2021\/05\/10\/problemas-de-abastecimento-do-ps5-no-mercado-vao-continuar-em-2022-indica-sony\/#primaryimage\"},\"thumbnailUrl\":\"https:\/\/jornalfatosenoticias.com.br\/wp-content\/uploads\/2021\/05\/PlayStation-5-PS5.jpg\",\"keywords\":[\"console\",\"PlayStation 5\",\"PS5\",\"Sony\",\"vendas\"],\"articleSection\":[\"Geral\"],\"inLanguage\":\"pt-BR\",\"potentialAction\":[{\"@type\":\"CommentAction\",\"name\":\"Comment\",\"target\":[\"https:\/\/jornalfatosenoticias.com.br\/index.php\/2021\/05\/10\/problemas-de-abastecimento-do-ps5-no-mercado-vao-continuar-em-2022-indica-sony\/#respond\"]}]},{\"@type\":\"WebPage\",\"@id\":\"https:\/\/jornalfatosenoticias.com.br\/index.php\/2021\/05\/10\/problemas-de-abastecimento-do-ps5-no-mercado-vao-continuar-em-2022-indica-sony\/\",\"url\":\"https:\/\/jornalfatosenoticias.com.br\/index.php\/2021\/05\/10\/problemas-de-abastecimento-do-ps5-no-mercado-vao-continuar-em-2022-indica-sony\/\",\"name\":\"Problemas de abastecimento do PS5 no mercado v\u00e3o continuar em 2022, indica Sony - Jornal Fatos e Not\u00edcias\",\"isPartOf\":{\"@id\":\"https:\/\/jornalfatosenoticias.com.br\/#website\"},\"primaryImageOfPage\":{\"@id\":\"https:\/\/jornalfatosenoticias.com.br\/index.php\/2021\/05\/10\/problemas-de-abastecimento-do-ps5-no-mercado-vao-continuar-em-2022-indica-sony\/#primaryimage\"},\"image\":{\"@id\":\"https:\/\/jornalfatosenoticias.com.br\/index.php\/2021\/05\/10\/problemas-de-abastecimento-do-ps5-no-mercado-vao-continuar-em-2022-indica-sony\/#primaryimage\"},\"thumbnailUrl\":\"https:\/\/jornalfatosenoticias.com.br\/wp-content\/uploads\/2021\/05\/PlayStation-5-PS5.jpg\",\"datePublished\":\"2021-05-10T19:06:38+00:00\",\"dateModified\":\"2021-05-10T19:06:42+00:00\",\"breadcrumb\":{\"@id\":\"https:\/\/jornalfatosenoticias.com.br\/index.php\/2021\/05\/10\/problemas-de-abastecimento-do-ps5-no-mercado-vao-continuar-em-2022-indica-sony\/#breadcrumb\"},\"inLanguage\":\"pt-BR\",\"potentialAction\":[{\"@type\":\"ReadAction\",\"target\":[\"https:\/\/jornalfatosenoticias.com.br\/index.php\/2021\/05\/10\/problemas-de-abastecimento-do-ps5-no-mercado-vao-continuar-em-2022-indica-sony\/\"]}]},{\"@type\":\"ImageObject\",\"inLanguage\":\"pt-BR\",\"@id\":\"https:\/\/jornalfatosenoticias.com.br\/index.php\/2021\/05\/10\/problemas-de-abastecimento-do-ps5-no-mercado-vao-continuar-em-2022-indica-sony\/#primaryimage\",\"url\":\"https:\/\/jornalfatosenoticias.com.br\/wp-content\/uploads\/2021\/05\/PlayStation-5-PS5.jpg\",\"contentUrl\":\"https:\/\/jornalfatosenoticias.com.br\/wp-content\/uploads\/2021\/05\/PlayStation-5-PS5.jpg\",\"width\":1000,\"height\":225},{\"@type\":\"BreadcrumbList\",\"@id\":\"https:\/\/jornalfatosenoticias.com.br\/index.php\/2021\/05\/10\/problemas-de-abastecimento-do-ps5-no-mercado-vao-continuar-em-2022-indica-sony\/#breadcrumb\",\"itemListElement\":[{\"@type\":\"ListItem\",\"position\":1,\"name\":\"In\u00edcio\",\"item\":\"https:\/\/jornalfatosenoticias.com.br\/\"},{\"@type\":\"ListItem\",\"position\":2,\"name\":\"Problemas de abastecimento do PS5 no mercado v\u00e3o continuar em 2022, indica Sony\"}]},{\"@type\":\"WebSite\",\"@id\":\"https:\/\/jornalfatosenoticias.com.br\/#website\",\"url\":\"https:\/\/jornalfatosenoticias.com.br\/\",\"name\":\"Jornal Fatos e Not\u00edcias\",\"description\":\"Not\u00edcias em geral\",\"publisher\":{\"@id\":\"https:\/\/jornalfatosenoticias.com.br\/#organization\"},\"potentialAction\":[{\"@type\":\"SearchAction\",\"target\":{\"@type\":\"EntryPoint\",\"urlTemplate\":\"https:\/\/jornalfatosenoticias.com.br\/?s={search_term_string}\"},\"query-input\":{\"@type\":\"PropertyValueSpecification\",\"valueRequired\":true,\"valueName\":\"search_term_string\"}}],\"inLanguage\":\"pt-BR\"},{\"@type\":\"Organization\",\"@id\":\"https:\/\/jornalfatosenoticias.com.br\/#organization\",\"name\":\"Jornal Fatos e Not\u00edcias\",\"url\":\"https:\/\/jornalfatosenoticias.com.br\/\",\"logo\":{\"@type\":\"ImageObject\",\"inLanguage\":\"pt-BR\",\"@id\":\"https:\/\/jornalfatosenoticias.com.br\/#\/schema\/logo\/image\/\",\"url\":\"https:\/\/jornalfatosenoticias.com.br\/wp-content\/uploads\/2020\/02\/logo120.png\",\"contentUrl\":\"https:\/\/jornalfatosenoticias.com.br\/wp-content\/uploads\/2020\/02\/logo120.png\",\"width\":1227,\"height\":120,\"caption\":\"Jornal Fatos e Not\u00edcias\"},\"image\":{\"@id\":\"https:\/\/jornalfatosenoticias.com.br\/#\/schema\/logo\/image\/\"}},{\"@type\":\"Person\",\"@id\":\"https:\/\/jornalfatosenoticias.com.br\/#\/schema\/person\/d63837fa13ac8666eb9e74e0985d6f81\",\"name\":\"Luzimara Fernandes\",\"image\":{\"@type\":\"ImageObject\",\"inLanguage\":\"pt-BR\",\"@id\":\"https:\/\/jornalfatosenoticias.com.br\/#\/schema\/person\/image\/\",\"url\":\"https:\/\/jornalfatosenoticias.com.br\/wp-content\/uploads\/2025\/05\/EU_portal.jpg\",\"contentUrl\":\"https:\/\/jornalfatosenoticias.com.br\/wp-content\/uploads\/2025\/05\/EU_portal.jpg\",\"caption\":\"Luzimara Fernandes\"},\"description\":\"Jornalista MTB 2358-ES\",\"sameAs\":[\"https:\/\/jornalfatosenoticias.com.br\"],\"url\":\"https:\/\/jornalfatosenoticias.com.br\/index.php\/author\/luzimara\/\"}]}<\/script>\n<!-- \/ Yoast SEO plugin. -->","yoast_head_json":{"title":"Problemas de abastecimento do PS5 no mercado v\u00e3o continuar em 2022, indica Sony - Jornal Fatos e Not\u00edcias","robots":{"index":"index","follow":"follow","max-snippet":"max-snippet:-1","max-image-preview":"max-image-preview:large","max-video-preview":"max-video-preview:-1"},"canonical":"https:\/\/jornalfatosenoticias.com.br\/index.php\/2021\/05\/10\/problemas-de-abastecimento-do-ps5-no-mercado-vao-continuar-em-2022-indica-sony\/","og_locale":"pt_BR","og_type":"article","og_title":"Problemas de abastecimento do PS5 no mercado v\u00e3o continuar em 2022, indica Sony - Jornal Fatos e Not\u00edcias","og_description":"Ap\u00f3s a Sony anunciar uma parceria com a plataforma de comunica\u00e7\u00e3o\u00a0Discord na \u00faltima segunda-feira (3), analistas da\u00a0multinacional japonesa\u00a0indicam que o abastecimento do PlayStation 5 no varejo n\u00e3o deve melhorar t\u00e3o cedo. Segundo o diretor financeiro da companhia, Hiroki Totoki o motivo \u00e9 a dificuldade de acompanhar a demanda\u00a0pelo console. Algo que deve continuar ocorrendo ao [&hellip;]","og_url":"https:\/\/jornalfatosenoticias.com.br\/index.php\/2021\/05\/10\/problemas-de-abastecimento-do-ps5-no-mercado-vao-continuar-em-2022-indica-sony\/","og_site_name":"Jornal Fatos e Not\u00edcias","article_published_time":"2021-05-10T19:06:38+00:00","article_modified_time":"2021-05-10T19:06:42+00:00","og_image":[{"width":1000,"height":225,"url":"https:\/\/jornalfatosenoticias.com.br\/wp-content\/uploads\/2021\/05\/PlayStation-5-PS5.jpg","type":"image\/jpeg"}],"author":"Luzimara Fernandes","twitter_card":"summary_large_image","twitter_misc":{"Escrito por":"Luzimara Fernandes","Est. tempo de leitura":"2 minutos"},"schema":{"@context":"https:\/\/schema.org","@graph":[{"@type":"Article","@id":"https:\/\/jornalfatosenoticias.com.br\/index.php\/2021\/05\/10\/problemas-de-abastecimento-do-ps5-no-mercado-vao-continuar-em-2022-indica-sony\/#article","isPartOf":{"@id":"https:\/\/jornalfatosenoticias.com.br\/index.php\/2021\/05\/10\/problemas-de-abastecimento-do-ps5-no-mercado-vao-continuar-em-2022-indica-sony\/"},"author":{"name":"Luzimara Fernandes","@id":"https:\/\/jornalfatosenoticias.com.br\/#\/schema\/person\/d63837fa13ac8666eb9e74e0985d6f81"},"headline":"Problemas de abastecimento do PS5 no mercado v\u00e3o continuar em 2022, indica Sony","datePublished":"2021-05-10T19:06:38+00:00","dateModified":"2021-05-10T19:06:42+00:00","mainEntityOfPage":{"@id":"https:\/\/jornalfatosenoticias.com.br\/index.php\/2021\/05\/10\/problemas-de-abastecimento-do-ps5-no-mercado-vao-continuar-em-2022-indica-sony\/"},"wordCount":320,"commentCount":0,"publisher":{"@id":"https:\/\/jornalfatosenoticias.com.br\/#organization"},"image":{"@id":"https:\/\/jornalfatosenoticias.com.br\/index.php\/2021\/05\/10\/problemas-de-abastecimento-do-ps5-no-mercado-vao-continuar-em-2022-indica-sony\/#primaryimage"},"thumbnailUrl":"https:\/\/jornalfatosenoticias.com.br\/wp-content\/uploads\/2021\/05\/PlayStation-5-PS5.jpg","keywords":["console","PlayStation 5","PS5","Sony","vendas"],"articleSection":["Geral"],"inLanguage":"pt-BR","potentialAction":[{"@type":"CommentAction","name":"Comment","target":["https:\/\/jornalfatosenoticias.com.br\/index.php\/2021\/05\/10\/problemas-de-abastecimento-do-ps5-no-mercado-vao-continuar-em-2022-indica-sony\/#respond"]}]},{"@type":"WebPage","@id":"https:\/\/jornalfatosenoticias.com.br\/index.php\/2021\/05\/10\/problemas-de-abastecimento-do-ps5-no-mercado-vao-continuar-em-2022-indica-sony\/","url":"https:\/\/jornalfatosenoticias.com.br\/index.php\/2021\/05\/10\/problemas-de-abastecimento-do-ps5-no-mercado-vao-continuar-em-2022-indica-sony\/","name":"Problemas de abastecimento do PS5 no mercado v\u00e3o continuar em 2022, indica Sony - Jornal Fatos e Not\u00edcias","isPartOf":{"@id":"https:\/\/jornalfatosenoticias.com.br\/#website"},"primaryImageOfPage":{"@id":"https:\/\/jornalfatosenoticias.com.br\/index.php\/2021\/05\/10\/problemas-de-abastecimento-do-ps5-no-mercado-vao-continuar-em-2022-indica-sony\/#primaryimage"},"image":{"@id":"https:\/\/jornalfatosenoticias.com.br\/index.php\/2021\/05\/10\/problemas-de-abastecimento-do-ps5-no-mercado-vao-continuar-em-2022-indica-sony\/#primaryimage"},"thumbnailUrl":"https:\/\/jornalfatosenoticias.com.br\/wp-content\/uploads\/2021\/05\/PlayStation-5-PS5.jpg","datePublished":"2021-05-10T19:06:38+00:00","dateModified":"2021-05-10T19:06:42+00:00","breadcrumb":{"@id":"https:\/\/jornalfatosenoticias.com.br\/index.php\/2021\/05\/10\/problemas-de-abastecimento-do-ps5-no-mercado-vao-continuar-em-2022-indica-sony\/#breadcrumb"},"inLanguage":"pt-BR","potentialAction":[{"@type":"ReadAction","target":["https:\/\/jornalfatosenoticias.com.br\/index.php\/2021\/05\/10\/problemas-de-abastecimento-do-ps5-no-mercado-vao-continuar-em-2022-indica-sony\/"]}]},{"@type":"ImageObject","inLanguage":"pt-BR","@id":"https:\/\/jornalfatosenoticias.com.br\/index.php\/2021\/05\/10\/problemas-de-abastecimento-do-ps5-no-mercado-vao-continuar-em-2022-indica-sony\/#primaryimage","url":"https:\/\/jornalfatosenoticias.com.br\/wp-content\/uploads\/2021\/05\/PlayStation-5-PS5.jpg","contentUrl":"https:\/\/jornalfatosenoticias.com.br\/wp-content\/uploads\/2021\/05\/PlayStation-5-PS5.jpg","width":1000,"height":225},{"@type":"BreadcrumbList","@id":"https:\/\/jornalfatosenoticias.com.br\/index.php\/2021\/05\/10\/problemas-de-abastecimento-do-ps5-no-mercado-vao-continuar-em-2022-indica-sony\/#breadcrumb","itemListElement":[{"@type":"ListItem","position":1,"name":"In\u00edcio","item":"https:\/\/jornalfatosenoticias.com.br\/"},{"@type":"ListItem","position":2,"name":"Problemas de abastecimento do PS5 no mercado v\u00e3o continuar em 2022, indica Sony"}]},{"@type":"WebSite","@id":"https:\/\/jornalfatosenoticias.com.br\/#website","url":"https:\/\/jornalfatosenoticias.com.br\/","name":"Jornal Fatos e Not\u00edcias","description":"Not\u00edcias em geral","publisher":{"@id":"https:\/\/jornalfatosenoticias.com.br\/#organization"},"potentialAction":[{"@type":"SearchAction","target":{"@type":"EntryPoint","urlTemplate":"https:\/\/jornalfatosenoticias.com.br\/?s={search_term_string}"},"query-input":{"@type":"PropertyValueSpecification","valueRequired":true,"valueName":"search_term_string"}}],"inLanguage":"pt-BR"},{"@type":"Organization","@id":"https:\/\/jornalfatosenoticias.com.br\/#organization","name":"Jornal Fatos e Not\u00edcias","url":"https:\/\/jornalfatosenoticias.com.br\/","logo":{"@type":"ImageObject","inLanguage":"pt-BR","@id":"https:\/\/jornalfatosenoticias.com.br\/#\/schema\/logo\/image\/","url":"https:\/\/jornalfatosenoticias.com.br\/wp-content\/uploads\/2020\/02\/logo120.png","contentUrl":"https:\/\/jornalfatosenoticias.com.br\/wp-content\/uploads\/2020\/02\/logo120.png","width":1227,"height":120,"caption":"Jornal Fatos e Not\u00edcias"},"image":{"@id":"https:\/\/jornalfatosenoticias.com.br\/#\/schema\/logo\/image\/"}},{"@type":"Person","@id":"https:\/\/jornalfatosenoticias.com.br\/#\/schema\/person\/d63837fa13ac8666eb9e74e0985d6f81","name":"Luzimara Fernandes","image":{"@type":"ImageObject","inLanguage":"pt-BR","@id":"https:\/\/jornalfatosenoticias.com.br\/#\/schema\/person\/image\/","url":"https:\/\/jornalfatosenoticias.com.br\/wp-content\/uploads\/2025\/05\/EU_portal.jpg","contentUrl":"https:\/\/jornalfatosenoticias.com.br\/wp-content\/uploads\/2025\/05\/EU_portal.jpg","caption":"Luzimara Fernandes"},"description":"Jornalista MTB 2358-ES","sameAs":["https:\/\/jornalfatosenoticias.com.br"],"url":"https:\/\/jornalfatosenoticias.com.br\/index.php\/author\/luzimara\/"}]}},"cc_featured_image_caption":{"caption_text":"(Foto: PlayStation\u00ae5) ","source_text":"","source_url":""},"jetpack_featured_media_url":"https:\/\/jornalfatosenoticias.com.br\/wp-content\/uploads\/2021\/05\/PlayStation-5-PS5.jpg","_links":{"self":[{"href":"https:\/\/jornalfatosenoticias.com.br\/index.php\/wp-json\/wp\/v2\/posts\/18017","targetHints":{"allow":["GET"]}}],"collection":[{"href":"https:\/\/jornalfatosenoticias.com.br\/index.php\/wp-json\/wp\/v2\/posts"}],"about":[{"href":"https:\/\/jornalfatosenoticias.com.br\/index.php\/wp-json\/wp\/v2\/types\/post"}],"author":[{"embeddable":true,"href":"https:\/\/jornalfatosenoticias.com.br\/index.php\/wp-json\/wp\/v2\/users\/2"}],"replies":[{"embeddable":true,"href":"https:\/\/jornalfatosenoticias.com.br\/index.php\/wp-json\/wp\/v2\/comments?post=18017"}],"version-history":[{"count":0,"href":"https:\/\/jornalfatosenoticias.com.br\/index.php\/wp-json\/wp\/v2\/posts\/18017\/revisions"}],"wp:featuredmedia":[{"embeddable":true,"href":"https:\/\/jornalfatosenoticias.com.br\/index.php\/wp-json\/wp\/v2\/media\/18019"}],"wp:attachment":[{"href":"https:\/\/jornalfatosenoticias.com.br\/index.php\/wp-json\/wp\/v2\/media?parent=18017"}],"wp:term":[{"taxonomy":"category","embeddable":true,"href":"https:\/\/jornalfatosenoticias.com.br\/index.php\/wp-json\/wp\/v2\/categories?post=18017"},{"taxonomy":"post_tag","embeddable":true,"href":"https:\/\/jornalfatosenoticias.com.br\/index.php\/wp-json\/wp\/v2\/tags?post=18017"}],"curies":[{"name":"wp","href":"https:\/\/api.w.org\/{rel}","templated":true}]}}