{"id":18043,"date":"2021-05-10T18:00:45","date_gmt":"2021-05-10T21:00:45","guid":{"rendered":"https:\/\/jornalfatosenoticias.com.br\/?p=18043"},"modified":"2021-05-10T18:00:49","modified_gmt":"2021-05-10T21:00:49","slug":"hipocondria-nao-tratada-na-infancia-e-adolescencia-pode-se-tornar-cronica","status":"publish","type":"post","link":"https:\/\/jornalfatosenoticias.com.br\/index.php\/2021\/05\/10\/hipocondria-nao-tratada-na-infancia-e-adolescencia-pode-se-tornar-cronica\/","title":{"rendered":"Hipocondria n\u00e3o tratada na inf\u00e2ncia e adolesc\u00eancia pode se tornar cr\u00f4nica"},"content":{"rendered":"\n<p><em>Estudo realizado por universidades dinamarquesas afirma tamb\u00e9m que consultas m\u00e9dicas em excesso podem perpetuar sintomas de ansiedade em rela\u00e7\u00e3o \u00e0 sa\u00fade<\/em><\/p>\n\n\n\n<p>Com apenas 11 anos de idade, Ida j\u00e1 tem medo de morrer. Desde que a sua av\u00f3 veio a \u00f3bito h\u00e1 seis meses por causa de um <a href=\"https:\/\/revistagalileu.globo.com\/Ciencia\/Saude\/noticia\/2021\/02\/cancer-de-mama-ultrapassa-o-de-pulmao-como-o-mais-comum-do-mundo.html\" target=\"_blank\" rel=\"noreferrer noopener\"><strong>c\u00e2ncer<\/strong><\/a>, a menina fica ansiosa ao pensar que tamb\u00e9m pode ser v\u00edtima de um tumor maligno. Esse sentimento \u00e9 acionado quando ela passa em frente a um\u00a0<a href=\"https:\/\/revistagalileu.globo.com\/Sociedade\/noticia\/2021\/01\/em-hospital-no-mexico-cao-esperou-por-1-mes-dono-que-morreu-de-covid-19.html\" target=\"_blank\" rel=\"noreferrer noopener\"><strong>hospital<\/strong><\/a> ou quando v\u00ea pessoas que parecem doentes e, por isso, Ida precisa que os pais lhe digam frequentemente que ela est\u00e1 bem. E, mesmo ap\u00f3s comparecer a consultas m\u00e9dicas, a garota continua ansiosa.<br>A hist\u00f3ria de Ida, afirmam pesquisadores, n\u00e3o \u00e9 incomum. De acordo com um estudo publicado na revista <a href=\"https:\/\/acamh.onlinelibrary.wiley.com\/doi\/abs\/10.1111\/jcpp.13286\" target=\"_blank\" rel=\"noreferrer noopener\"><em><strong>Journal of Child Psychology<\/strong><\/em><\/a>, sintomas de ansiedade relacionados \u00e0\u00a0<a href=\"https:\/\/revistagalileu.globo.com\/Ciencia\/Saude\/\" target=\"_blank\" rel=\"noreferrer noopener\"><strong>sa\u00fade<\/strong><\/a>\u00a0s\u00e3o frequentes em crian\u00e7as e\u00a0<a href=\"https:\/\/revistagalileu.globo.com\/Sociedade\/noticia\/2020\/04\/por-que-educacao-sexual-e-tao-importante-para-criancas-e-adolescentes.html\" target=\"_blank\" rel=\"noreferrer noopener\"><strong>adolescentes<\/strong><\/a>\u00a0\u2014 e esse \u00e9 um problema que merece aten\u00e7\u00e3o. \u201cCaso a ansiedade se torne excessiva e persistente, ela pode se desenvolver para uma hipocondria de fato&#8221;, afirma,\u00a0<a href=\"https:\/\/www.eurekalert.org\/pub_releases\/2021-05\/au-hai050321.php\" target=\"_blank\" rel=\"noreferrer noopener\"><strong>em nota<\/strong><\/a>, a m\u00e9dica e pesquisadora Charlotte Rask.<br>Realizada pela Universidade Aarhus e pela Universidade de Copenhague, ambas na <a href=\"https:\/\/revistagalileu.globo.com\/Ciencia\/Saude\/noticia\/2020\/11\/por-que-17-milhoes-de-visons-vao-morrer-na-dinamarca-em-nome-da-pandemia.html\" target=\"_blank\" rel=\"noreferrer noopener\"><strong>Dinamarca<\/strong><\/a>, a pesquisa analisou 1.278 pessoas em duas fases da vida: 11 e 16 anos. Apesar da maioria das\u00a0<a href=\"https:\/\/revistagalileu.globo.com\/Ciencia\/Saude\/noticia\/2021\/04\/em-estudo-52-das-criancas-com-sindrome-pos-covid-tem-sintomas-neurologicos.html\" target=\"_blank\" rel=\"noreferrer noopener\"><strong>crian\u00e7as<\/strong><\/a> ter apresentado um decl\u00ednio nos sintomas de hipocondria durante esse per\u00edodo, o estudo identificou um padr\u00e3o preocupante entre alguns participantes.<br>Em 1,3% dos casos, os adolescentes apresentaram problemas persistentes e significativos de <strong><a href=\"https:\/\/revistagalileu.globo.com\/Ciencia\/Saude\/noticia\/2021\/05\/asma-sedentarismo-obesidade-depressao-e-ansiedade-agravam-sintomas.html\" target=\"_blank\" rel=\"noreferrer noopener\">ansiedade<\/a><\/strong>. Al\u00e9m disso, na compara\u00e7\u00e3o com a maioria dos indiv\u00edduos, esse grupo utilizou de duas a tr\u00eas vezes mais recursos financeiros em cl\u00ednicos gerais e m\u00e9dicos especializados.<br>\u201cEssa descoberta pode ser preocupante, uma vez que esse tipo de <strong><a href=\"https:\/\/revistagalileu.globo.com\/Sociedade\/Comportamento\/\" target=\"_blank\" rel=\"noreferrer noopener\">comportamento<\/a><\/strong> realmente pode perpetuar a hipocondria na medida em que apenas alivia brevemente as inquieta\u00e7\u00f5es, mas n\u00e3o resolve os problemas de ansiedade\u201d, explica o m\u00e9dico Martin Rimvall, principal autor do artigo.<br>Diante disso, os pesquisadores defendem que a atua\u00e7\u00e3o da <a href=\"https:\/\/revistagalileu.globo.com\/Ciencia\/Saude\/noticia\/2019\/10\/cobrancas-no-trabalho-e-na-familia-prejudicam-mais-saude-das-mulheres.html\" target=\"_blank\" rel=\"noreferrer noopener\"><strong>fam\u00edlia<\/strong><\/a> \u00e9 bastante importante. \u201cO papel dos pais no caso de crian\u00e7as e adolescentes \u00e9 especial, seja para ajudar a interromper as consultas m\u00e9dicas excessivas, seja para apoi\u00e1-los\u201d, diz Charlotte Rask.<br>A investiga\u00e7\u00e3o tamb\u00e9m revelou que crian\u00e7as de 11 anos com alguma <a href=\"https:\/\/revistagalileu.globo.com\/Ciencia\/Saude\/noticia\/2020\/09\/5-doencas-com-alta-prevalencia-no-brasil-mas-que-pouca-gente-conhece.html\" target=\"_blank\" rel=\"noreferrer noopener\"><strong>doen\u00e7a<\/strong><\/a>\u00a0f\u00edsica t\u00eam maior risco de desenvolver hipocondria durante a adolesc\u00eancia. &#8220;Uma maior conscientiza\u00e7\u00e3o dos profissionais de\u00a0<a href=\"https:\/\/revistagalileu.globo.com\/Ciencia\/Saude\/\" target=\"_blank\" rel=\"noreferrer noopener\"><strong>sa\u00fade<\/strong><\/a> sobre as consequ\u00eancias psicol\u00f3gicas das doen\u00e7as f\u00edsicas em crian\u00e7as e jovens pode, portanto, nos fornecer um importante potencial para a preven\u00e7\u00e3o\u201d, observa Rask.<br>Antes da pandemia de <a href=\"https:\/\/revistagalileu.globo.com\/Ciencia\/Saude\/noticia\/2021\/05\/por-que-o-reino-unido-vai-disponibilizar-3-dose-de-vacina-da-covid-19.html\" target=\"_blank\" rel=\"noreferrer noopener\"><strong>covid-19<\/strong><\/a>, os especialistas j\u00e1 apontavam a hipocondria como um problema entre crian\u00e7as e adolescentes. \u201cAgora, existem ainda mais raz\u00f5es para focar na\u00a0<a href=\"https:\/\/revistagalileu.globo.com\/Sociedade\/Comportamento\/noticia\/2020\/03\/7-dicas-para-cuidar-da-sua-saude-mental-em-tempos-de-pandemia.html\" target=\"_blank\" rel=\"noreferrer noopener\"><strong>sa\u00fade mental<\/strong><\/a>\u00a0dos\u00a0<a href=\"https:\/\/revistagalileu.globo.com\/Sociedade\/Comportamento\/noticia\/2020\/10\/49-dos-jovens-discordam-que-o-mundo-sera-melhor-apos-pandemia.html\" target=\"_blank\" rel=\"noreferrer noopener\"><strong>jovens<\/strong><\/a> e, em particular, na hipocondria\u201d, defende Rimvall. \u201cH\u00e1 uma grande necessidade de desenvolver mais tratamentos psicol\u00f3gicos especializados, que j\u00e1 existem para adultos com hipocondria\u201d, complementa Rask.<\/p>\n\n\n\n<p><strong><em>Fonte: <a href=\"https:\/\/revistagalileu.globo.com\/Sociedade\/Comportamento\/noticia\/2021\/05\/hipocondria-nao-tratada-na-infancia-e-adolescencia-pode-se-tornar-cronica.html\">Revista Galileu<\/a><\/em><\/strong><\/p>\n","protected":false},"excerpt":{"rendered":"<p>Estudo realizado por universidades dinamarquesas afirma tamb\u00e9m que consultas m\u00e9dicas em excesso podem perpetuar sintomas de ansiedade em rela\u00e7\u00e3o \u00e0 sa\u00fade Com apenas 11 anos de idade, Ida j\u00e1 tem medo de morrer. Desde que a sua av\u00f3 veio a \u00f3bito h\u00e1 seis meses por causa de um c\u00e2ncer, a menina fica ansiosa ao pensar [&hellip;]<\/p>\n","protected":false},"author":2,"featured_media":18044,"comment_status":"open","ping_status":"open","sticky":false,"template":"","format":"standard","meta":{"footnotes":""},"categories":[2522],"tags":[2279,2422,4443,717],"class_list":["post-18043","post","type-post","status-publish","format-standard","has-post-thumbnail","hentry","category-comportamento","tag-ansiedade","tag-dinamarca","tag-hipocondria","tag-sintomas"],"yoast_head":"<!-- This site is optimized with the Yoast SEO plugin v26.5 - https:\/\/yoast.com\/wordpress\/plugins\/seo\/ -->\n<title>Hipocondria n\u00e3o tratada na inf\u00e2ncia e adolesc\u00eancia pode se tornar cr\u00f4nica - Jornal Fatos e Not\u00edcias<\/title>\n<meta name=\"robots\" content=\"index, follow, max-snippet:-1, max-image-preview:large, max-video-preview:-1\" \/>\n<link rel=\"canonical\" href=\"https:\/\/jornalfatosenoticias.com.br\/index.php\/2021\/05\/10\/hipocondria-nao-tratada-na-infancia-e-adolescencia-pode-se-tornar-cronica\/\" \/>\n<meta property=\"og:locale\" content=\"pt_BR\" \/>\n<meta property=\"og:type\" content=\"article\" \/>\n<meta property=\"og:title\" content=\"Hipocondria n\u00e3o tratada na inf\u00e2ncia e adolesc\u00eancia pode se tornar cr\u00f4nica - Jornal Fatos e Not\u00edcias\" \/>\n<meta property=\"og:description\" content=\"Estudo realizado por universidades dinamarquesas afirma tamb\u00e9m que consultas m\u00e9dicas em excesso podem perpetuar sintomas de ansiedade em rela\u00e7\u00e3o \u00e0 sa\u00fade Com apenas 11 anos de idade, Ida j\u00e1 tem medo de morrer. Desde que a sua av\u00f3 veio a \u00f3bito h\u00e1 seis meses por causa de um c\u00e2ncer, a menina fica ansiosa ao pensar [&hellip;]\" \/>\n<meta property=\"og:url\" content=\"https:\/\/jornalfatosenoticias.com.br\/index.php\/2021\/05\/10\/hipocondria-nao-tratada-na-infancia-e-adolescencia-pode-se-tornar-cronica\/\" \/>\n<meta property=\"og:site_name\" content=\"Jornal Fatos e Not\u00edcias\" \/>\n<meta property=\"article:published_time\" content=\"2021-05-10T21:00:45+00:00\" \/>\n<meta property=\"article:modified_time\" content=\"2021-05-10T21:00:49+00:00\" \/>\n<meta property=\"og:image\" content=\"https:\/\/jornalfatosenoticias.com.br\/wp-content\/uploads\/2021\/05\/hipocondria_michal-parzuchowski_unsplash.jpg\" \/>\n\t<meta property=\"og:image:width\" content=\"1000\" \/>\n\t<meta property=\"og:image:height\" content=\"666\" \/>\n\t<meta property=\"og:image:type\" content=\"image\/jpeg\" \/>\n<meta name=\"author\" content=\"Luzimara Fernandes\" \/>\n<meta name=\"twitter:card\" content=\"summary_large_image\" \/>\n<meta name=\"twitter:label1\" content=\"Escrito por\" \/>\n\t<meta name=\"twitter:data1\" content=\"Luzimara Fernandes\" \/>\n\t<meta name=\"twitter:label2\" content=\"Est. tempo de leitura\" \/>\n\t<meta name=\"twitter:data2\" content=\"2 minutos\" \/>\n<script type=\"application\/ld+json\" class=\"yoast-schema-graph\">{\"@context\":\"https:\/\/schema.org\",\"@graph\":[{\"@type\":\"Article\",\"@id\":\"https:\/\/jornalfatosenoticias.com.br\/index.php\/2021\/05\/10\/hipocondria-nao-tratada-na-infancia-e-adolescencia-pode-se-tornar-cronica\/#article\",\"isPartOf\":{\"@id\":\"https:\/\/jornalfatosenoticias.com.br\/index.php\/2021\/05\/10\/hipocondria-nao-tratada-na-infancia-e-adolescencia-pode-se-tornar-cronica\/\"},\"author\":{\"name\":\"Luzimara Fernandes\",\"@id\":\"https:\/\/jornalfatosenoticias.com.br\/#\/schema\/person\/d63837fa13ac8666eb9e74e0985d6f81\"},\"headline\":\"Hipocondria n\u00e3o tratada na inf\u00e2ncia e adolesc\u00eancia pode se tornar cr\u00f4nica\",\"datePublished\":\"2021-05-10T21:00:45+00:00\",\"dateModified\":\"2021-05-10T21:00:49+00:00\",\"mainEntityOfPage\":{\"@id\":\"https:\/\/jornalfatosenoticias.com.br\/index.php\/2021\/05\/10\/hipocondria-nao-tratada-na-infancia-e-adolescencia-pode-se-tornar-cronica\/\"},\"wordCount\":514,\"commentCount\":0,\"publisher\":{\"@id\":\"https:\/\/jornalfatosenoticias.com.br\/#organization\"},\"image\":{\"@id\":\"https:\/\/jornalfatosenoticias.com.br\/index.php\/2021\/05\/10\/hipocondria-nao-tratada-na-infancia-e-adolescencia-pode-se-tornar-cronica\/#primaryimage\"},\"thumbnailUrl\":\"https:\/\/jornalfatosenoticias.com.br\/wp-content\/uploads\/2021\/05\/hipocondria_michal-parzuchowski_unsplash.jpg\",\"keywords\":[\"ansiedade\",\"Dinamarca\",\"hipocondria\",\"sintomas\"],\"articleSection\":[\"Comportamento &amp; Equil\u00edbrio\"],\"inLanguage\":\"pt-BR\",\"potentialAction\":[{\"@type\":\"CommentAction\",\"name\":\"Comment\",\"target\":[\"https:\/\/jornalfatosenoticias.com.br\/index.php\/2021\/05\/10\/hipocondria-nao-tratada-na-infancia-e-adolescencia-pode-se-tornar-cronica\/#respond\"]}]},{\"@type\":\"WebPage\",\"@id\":\"https:\/\/jornalfatosenoticias.com.br\/index.php\/2021\/05\/10\/hipocondria-nao-tratada-na-infancia-e-adolescencia-pode-se-tornar-cronica\/\",\"url\":\"https:\/\/jornalfatosenoticias.com.br\/index.php\/2021\/05\/10\/hipocondria-nao-tratada-na-infancia-e-adolescencia-pode-se-tornar-cronica\/\",\"name\":\"Hipocondria n\u00e3o tratada na inf\u00e2ncia e adolesc\u00eancia pode se tornar cr\u00f4nica - Jornal Fatos e Not\u00edcias\",\"isPartOf\":{\"@id\":\"https:\/\/jornalfatosenoticias.com.br\/#website\"},\"primaryImageOfPage\":{\"@id\":\"https:\/\/jornalfatosenoticias.com.br\/index.php\/2021\/05\/10\/hipocondria-nao-tratada-na-infancia-e-adolescencia-pode-se-tornar-cronica\/#primaryimage\"},\"image\":{\"@id\":\"https:\/\/jornalfatosenoticias.com.br\/index.php\/2021\/05\/10\/hipocondria-nao-tratada-na-infancia-e-adolescencia-pode-se-tornar-cronica\/#primaryimage\"},\"thumbnailUrl\":\"https:\/\/jornalfatosenoticias.com.br\/wp-content\/uploads\/2021\/05\/hipocondria_michal-parzuchowski_unsplash.jpg\",\"datePublished\":\"2021-05-10T21:00:45+00:00\",\"dateModified\":\"2021-05-10T21:00:49+00:00\",\"breadcrumb\":{\"@id\":\"https:\/\/jornalfatosenoticias.com.br\/index.php\/2021\/05\/10\/hipocondria-nao-tratada-na-infancia-e-adolescencia-pode-se-tornar-cronica\/#breadcrumb\"},\"inLanguage\":\"pt-BR\",\"potentialAction\":[{\"@type\":\"ReadAction\",\"target\":[\"https:\/\/jornalfatosenoticias.com.br\/index.php\/2021\/05\/10\/hipocondria-nao-tratada-na-infancia-e-adolescencia-pode-se-tornar-cronica\/\"]}]},{\"@type\":\"ImageObject\",\"inLanguage\":\"pt-BR\",\"@id\":\"https:\/\/jornalfatosenoticias.com.br\/index.php\/2021\/05\/10\/hipocondria-nao-tratada-na-infancia-e-adolescencia-pode-se-tornar-cronica\/#primaryimage\",\"url\":\"https:\/\/jornalfatosenoticias.com.br\/wp-content\/uploads\/2021\/05\/hipocondria_michal-parzuchowski_unsplash.jpg\",\"contentUrl\":\"https:\/\/jornalfatosenoticias.com.br\/wp-content\/uploads\/2021\/05\/hipocondria_michal-parzuchowski_unsplash.jpg\",\"width\":1000,\"height\":666},{\"@type\":\"BreadcrumbList\",\"@id\":\"https:\/\/jornalfatosenoticias.com.br\/index.php\/2021\/05\/10\/hipocondria-nao-tratada-na-infancia-e-adolescencia-pode-se-tornar-cronica\/#breadcrumb\",\"itemListElement\":[{\"@type\":\"ListItem\",\"position\":1,\"name\":\"In\u00edcio\",\"item\":\"https:\/\/jornalfatosenoticias.com.br\/\"},{\"@type\":\"ListItem\",\"position\":2,\"name\":\"Hipocondria n\u00e3o tratada na inf\u00e2ncia e adolesc\u00eancia pode se tornar cr\u00f4nica\"}]},{\"@type\":\"WebSite\",\"@id\":\"https:\/\/jornalfatosenoticias.com.br\/#website\",\"url\":\"https:\/\/jornalfatosenoticias.com.br\/\",\"name\":\"Jornal Fatos e Not\u00edcias\",\"description\":\"Not\u00edcias em geral\",\"publisher\":{\"@id\":\"https:\/\/jornalfatosenoticias.com.br\/#organization\"},\"potentialAction\":[{\"@type\":\"SearchAction\",\"target\":{\"@type\":\"EntryPoint\",\"urlTemplate\":\"https:\/\/jornalfatosenoticias.com.br\/?s={search_term_string}\"},\"query-input\":{\"@type\":\"PropertyValueSpecification\",\"valueRequired\":true,\"valueName\":\"search_term_string\"}}],\"inLanguage\":\"pt-BR\"},{\"@type\":\"Organization\",\"@id\":\"https:\/\/jornalfatosenoticias.com.br\/#organization\",\"name\":\"Jornal Fatos e Not\u00edcias\",\"url\":\"https:\/\/jornalfatosenoticias.com.br\/\",\"logo\":{\"@type\":\"ImageObject\",\"inLanguage\":\"pt-BR\",\"@id\":\"https:\/\/jornalfatosenoticias.com.br\/#\/schema\/logo\/image\/\",\"url\":\"https:\/\/jornalfatosenoticias.com.br\/wp-content\/uploads\/2020\/02\/logo120.png\",\"contentUrl\":\"https:\/\/jornalfatosenoticias.com.br\/wp-content\/uploads\/2020\/02\/logo120.png\",\"width\":1227,\"height\":120,\"caption\":\"Jornal Fatos e Not\u00edcias\"},\"image\":{\"@id\":\"https:\/\/jornalfatosenoticias.com.br\/#\/schema\/logo\/image\/\"}},{\"@type\":\"Person\",\"@id\":\"https:\/\/jornalfatosenoticias.com.br\/#\/schema\/person\/d63837fa13ac8666eb9e74e0985d6f81\",\"name\":\"Luzimara Fernandes\",\"image\":{\"@type\":\"ImageObject\",\"inLanguage\":\"pt-BR\",\"@id\":\"https:\/\/jornalfatosenoticias.com.br\/#\/schema\/person\/image\/\",\"url\":\"https:\/\/jornalfatosenoticias.com.br\/wp-content\/uploads\/2025\/05\/EU_portal.jpg\",\"contentUrl\":\"https:\/\/jornalfatosenoticias.com.br\/wp-content\/uploads\/2025\/05\/EU_portal.jpg\",\"caption\":\"Luzimara Fernandes\"},\"description\":\"Jornalista MTB 2358-ES\",\"sameAs\":[\"https:\/\/jornalfatosenoticias.com.br\"],\"url\":\"https:\/\/jornalfatosenoticias.com.br\/index.php\/author\/luzimara\/\"}]}<\/script>\n<!-- \/ Yoast SEO plugin. -->","yoast_head_json":{"title":"Hipocondria n\u00e3o tratada na inf\u00e2ncia e adolesc\u00eancia pode se tornar cr\u00f4nica - Jornal Fatos e Not\u00edcias","robots":{"index":"index","follow":"follow","max-snippet":"max-snippet:-1","max-image-preview":"max-image-preview:large","max-video-preview":"max-video-preview:-1"},"canonical":"https:\/\/jornalfatosenoticias.com.br\/index.php\/2021\/05\/10\/hipocondria-nao-tratada-na-infancia-e-adolescencia-pode-se-tornar-cronica\/","og_locale":"pt_BR","og_type":"article","og_title":"Hipocondria n\u00e3o tratada na inf\u00e2ncia e adolesc\u00eancia pode se tornar cr\u00f4nica - Jornal Fatos e Not\u00edcias","og_description":"Estudo realizado por universidades dinamarquesas afirma tamb\u00e9m que consultas m\u00e9dicas em excesso podem perpetuar sintomas de ansiedade em rela\u00e7\u00e3o \u00e0 sa\u00fade Com apenas 11 anos de idade, Ida j\u00e1 tem medo de morrer. Desde que a sua av\u00f3 veio a \u00f3bito h\u00e1 seis meses por causa de um c\u00e2ncer, a menina fica ansiosa ao pensar [&hellip;]","og_url":"https:\/\/jornalfatosenoticias.com.br\/index.php\/2021\/05\/10\/hipocondria-nao-tratada-na-infancia-e-adolescencia-pode-se-tornar-cronica\/","og_site_name":"Jornal Fatos e Not\u00edcias","article_published_time":"2021-05-10T21:00:45+00:00","article_modified_time":"2021-05-10T21:00:49+00:00","og_image":[{"width":1000,"height":666,"url":"https:\/\/jornalfatosenoticias.com.br\/wp-content\/uploads\/2021\/05\/hipocondria_michal-parzuchowski_unsplash.jpg","type":"image\/jpeg"}],"author":"Luzimara Fernandes","twitter_card":"summary_large_image","twitter_misc":{"Escrito por":"Luzimara Fernandes","Est. tempo de leitura":"2 minutos"},"schema":{"@context":"https:\/\/schema.org","@graph":[{"@type":"Article","@id":"https:\/\/jornalfatosenoticias.com.br\/index.php\/2021\/05\/10\/hipocondria-nao-tratada-na-infancia-e-adolescencia-pode-se-tornar-cronica\/#article","isPartOf":{"@id":"https:\/\/jornalfatosenoticias.com.br\/index.php\/2021\/05\/10\/hipocondria-nao-tratada-na-infancia-e-adolescencia-pode-se-tornar-cronica\/"},"author":{"name":"Luzimara Fernandes","@id":"https:\/\/jornalfatosenoticias.com.br\/#\/schema\/person\/d63837fa13ac8666eb9e74e0985d6f81"},"headline":"Hipocondria n\u00e3o tratada na inf\u00e2ncia e adolesc\u00eancia pode se tornar cr\u00f4nica","datePublished":"2021-05-10T21:00:45+00:00","dateModified":"2021-05-10T21:00:49+00:00","mainEntityOfPage":{"@id":"https:\/\/jornalfatosenoticias.com.br\/index.php\/2021\/05\/10\/hipocondria-nao-tratada-na-infancia-e-adolescencia-pode-se-tornar-cronica\/"},"wordCount":514,"commentCount":0,"publisher":{"@id":"https:\/\/jornalfatosenoticias.com.br\/#organization"},"image":{"@id":"https:\/\/jornalfatosenoticias.com.br\/index.php\/2021\/05\/10\/hipocondria-nao-tratada-na-infancia-e-adolescencia-pode-se-tornar-cronica\/#primaryimage"},"thumbnailUrl":"https:\/\/jornalfatosenoticias.com.br\/wp-content\/uploads\/2021\/05\/hipocondria_michal-parzuchowski_unsplash.jpg","keywords":["ansiedade","Dinamarca","hipocondria","sintomas"],"articleSection":["Comportamento &amp; Equil\u00edbrio"],"inLanguage":"pt-BR","potentialAction":[{"@type":"CommentAction","name":"Comment","target":["https:\/\/jornalfatosenoticias.com.br\/index.php\/2021\/05\/10\/hipocondria-nao-tratada-na-infancia-e-adolescencia-pode-se-tornar-cronica\/#respond"]}]},{"@type":"WebPage","@id":"https:\/\/jornalfatosenoticias.com.br\/index.php\/2021\/05\/10\/hipocondria-nao-tratada-na-infancia-e-adolescencia-pode-se-tornar-cronica\/","url":"https:\/\/jornalfatosenoticias.com.br\/index.php\/2021\/05\/10\/hipocondria-nao-tratada-na-infancia-e-adolescencia-pode-se-tornar-cronica\/","name":"Hipocondria n\u00e3o tratada na inf\u00e2ncia e adolesc\u00eancia pode se tornar cr\u00f4nica - Jornal Fatos e Not\u00edcias","isPartOf":{"@id":"https:\/\/jornalfatosenoticias.com.br\/#website"},"primaryImageOfPage":{"@id":"https:\/\/jornalfatosenoticias.com.br\/index.php\/2021\/05\/10\/hipocondria-nao-tratada-na-infancia-e-adolescencia-pode-se-tornar-cronica\/#primaryimage"},"image":{"@id":"https:\/\/jornalfatosenoticias.com.br\/index.php\/2021\/05\/10\/hipocondria-nao-tratada-na-infancia-e-adolescencia-pode-se-tornar-cronica\/#primaryimage"},"thumbnailUrl":"https:\/\/jornalfatosenoticias.com.br\/wp-content\/uploads\/2021\/05\/hipocondria_michal-parzuchowski_unsplash.jpg","datePublished":"2021-05-10T21:00:45+00:00","dateModified":"2021-05-10T21:00:49+00:00","breadcrumb":{"@id":"https:\/\/jornalfatosenoticias.com.br\/index.php\/2021\/05\/10\/hipocondria-nao-tratada-na-infancia-e-adolescencia-pode-se-tornar-cronica\/#breadcrumb"},"inLanguage":"pt-BR","potentialAction":[{"@type":"ReadAction","target":["https:\/\/jornalfatosenoticias.com.br\/index.php\/2021\/05\/10\/hipocondria-nao-tratada-na-infancia-e-adolescencia-pode-se-tornar-cronica\/"]}]},{"@type":"ImageObject","inLanguage":"pt-BR","@id":"https:\/\/jornalfatosenoticias.com.br\/index.php\/2021\/05\/10\/hipocondria-nao-tratada-na-infancia-e-adolescencia-pode-se-tornar-cronica\/#primaryimage","url":"https:\/\/jornalfatosenoticias.com.br\/wp-content\/uploads\/2021\/05\/hipocondria_michal-parzuchowski_unsplash.jpg","contentUrl":"https:\/\/jornalfatosenoticias.com.br\/wp-content\/uploads\/2021\/05\/hipocondria_michal-parzuchowski_unsplash.jpg","width":1000,"height":666},{"@type":"BreadcrumbList","@id":"https:\/\/jornalfatosenoticias.com.br\/index.php\/2021\/05\/10\/hipocondria-nao-tratada-na-infancia-e-adolescencia-pode-se-tornar-cronica\/#breadcrumb","itemListElement":[{"@type":"ListItem","position":1,"name":"In\u00edcio","item":"https:\/\/jornalfatosenoticias.com.br\/"},{"@type":"ListItem","position":2,"name":"Hipocondria n\u00e3o tratada na inf\u00e2ncia e adolesc\u00eancia pode se tornar cr\u00f4nica"}]},{"@type":"WebSite","@id":"https:\/\/jornalfatosenoticias.com.br\/#website","url":"https:\/\/jornalfatosenoticias.com.br\/","name":"Jornal Fatos e Not\u00edcias","description":"Not\u00edcias em geral","publisher":{"@id":"https:\/\/jornalfatosenoticias.com.br\/#organization"},"potentialAction":[{"@type":"SearchAction","target":{"@type":"EntryPoint","urlTemplate":"https:\/\/jornalfatosenoticias.com.br\/?s={search_term_string}"},"query-input":{"@type":"PropertyValueSpecification","valueRequired":true,"valueName":"search_term_string"}}],"inLanguage":"pt-BR"},{"@type":"Organization","@id":"https:\/\/jornalfatosenoticias.com.br\/#organization","name":"Jornal Fatos e Not\u00edcias","url":"https:\/\/jornalfatosenoticias.com.br\/","logo":{"@type":"ImageObject","inLanguage":"pt-BR","@id":"https:\/\/jornalfatosenoticias.com.br\/#\/schema\/logo\/image\/","url":"https:\/\/jornalfatosenoticias.com.br\/wp-content\/uploads\/2020\/02\/logo120.png","contentUrl":"https:\/\/jornalfatosenoticias.com.br\/wp-content\/uploads\/2020\/02\/logo120.png","width":1227,"height":120,"caption":"Jornal Fatos e Not\u00edcias"},"image":{"@id":"https:\/\/jornalfatosenoticias.com.br\/#\/schema\/logo\/image\/"}},{"@type":"Person","@id":"https:\/\/jornalfatosenoticias.com.br\/#\/schema\/person\/d63837fa13ac8666eb9e74e0985d6f81","name":"Luzimara Fernandes","image":{"@type":"ImageObject","inLanguage":"pt-BR","@id":"https:\/\/jornalfatosenoticias.com.br\/#\/schema\/person\/image\/","url":"https:\/\/jornalfatosenoticias.com.br\/wp-content\/uploads\/2025\/05\/EU_portal.jpg","contentUrl":"https:\/\/jornalfatosenoticias.com.br\/wp-content\/uploads\/2025\/05\/EU_portal.jpg","caption":"Luzimara Fernandes"},"description":"Jornalista MTB 2358-ES","sameAs":["https:\/\/jornalfatosenoticias.com.br"],"url":"https:\/\/jornalfatosenoticias.com.br\/index.php\/author\/luzimara\/"}]}},"cc_featured_image_caption":{"caption_text":"(Foto: Micha\u0142 Parzuchowski\/Unsplash) ","source_text":"","source_url":""},"jetpack_featured_media_url":"https:\/\/jornalfatosenoticias.com.br\/wp-content\/uploads\/2021\/05\/hipocondria_michal-parzuchowski_unsplash.jpg","_links":{"self":[{"href":"https:\/\/jornalfatosenoticias.com.br\/index.php\/wp-json\/wp\/v2\/posts\/18043","targetHints":{"allow":["GET"]}}],"collection":[{"href":"https:\/\/jornalfatosenoticias.com.br\/index.php\/wp-json\/wp\/v2\/posts"}],"about":[{"href":"https:\/\/jornalfatosenoticias.com.br\/index.php\/wp-json\/wp\/v2\/types\/post"}],"author":[{"embeddable":true,"href":"https:\/\/jornalfatosenoticias.com.br\/index.php\/wp-json\/wp\/v2\/users\/2"}],"replies":[{"embeddable":true,"href":"https:\/\/jornalfatosenoticias.com.br\/index.php\/wp-json\/wp\/v2\/comments?post=18043"}],"version-history":[{"count":0,"href":"https:\/\/jornalfatosenoticias.com.br\/index.php\/wp-json\/wp\/v2\/posts\/18043\/revisions"}],"wp:featuredmedia":[{"embeddable":true,"href":"https:\/\/jornalfatosenoticias.com.br\/index.php\/wp-json\/wp\/v2\/media\/18044"}],"wp:attachment":[{"href":"https:\/\/jornalfatosenoticias.com.br\/index.php\/wp-json\/wp\/v2\/media?parent=18043"}],"wp:term":[{"taxonomy":"category","embeddable":true,"href":"https:\/\/jornalfatosenoticias.com.br\/index.php\/wp-json\/wp\/v2\/categories?post=18043"},{"taxonomy":"post_tag","embeddable":true,"href":"https:\/\/jornalfatosenoticias.com.br\/index.php\/wp-json\/wp\/v2\/tags?post=18043"}],"curies":[{"name":"wp","href":"https:\/\/api.w.org\/{rel}","templated":true}]}}