{"id":18046,"date":"2021-05-11T08:36:54","date_gmt":"2021-05-11T11:36:54","guid":{"rendered":"https:\/\/jornalfatosenoticias.com.br\/?p=18046"},"modified":"2021-05-11T08:36:57","modified_gmt":"2021-05-11T11:36:57","slug":"passageiros-da-capital-circularao-pela-grande-vitoria-pagando-uma-tarifa","status":"publish","type":"post","link":"https:\/\/jornalfatosenoticias.com.br\/index.php\/2021\/05\/11\/passageiros-da-capital-circularao-pela-grande-vitoria-pagando-uma-tarifa\/","title":{"rendered":"Passageiros da capital circular\u00e3o pela Grande Vit\u00f3ria pagando uma tarifa"},"content":{"rendered":"\n<p><em>Linhas dos \u00f4nibus &#8220;verdinhos&#8221; passar\u00e3o a ser chamadas de linhas alimentadoras<\/em><\/p>\n\n\n\n<p>J\u00e1 pensou em sair de qualquer bairro de Vit\u00f3ria e ir at\u00e9 um dos terminais do Transcol pagando apenas uma passagem de \u00f4nibus? Isso ser\u00e1 poss\u00edvel a partir da integra\u00e7\u00e3o do sistema de Vit\u00f3ria com os coletivos do transporte metropolitano, desde segunda-feira (10).<\/p>\n\n\n\n<p><a href=\"https:\/\/www.vitoria.es.gov.br\/arquivos\/20210506_integracao_de_onibus.pdf?1620732658\"><em><strong>Confira a tabela das linhas com a integra\u00e7\u00e3o por trechos<\/strong><\/em><\/a><\/p>\n\n\n\n<p>Mas voc\u00ea pode ficar tranquilo, pois as cores dos \u00f4nibus municipais, os itiner\u00e1rios e os cart\u00f5es usados pelos passageiros de Vit\u00f3ria ser\u00e3o os mesmos. As linhas do transporte municipal passar\u00e3o a ser chamadas de linhas alimentadoras.<br>O usu\u00e1rio que sai de qualquer bairro da capital ter\u00e1 30 minutos para embarcar gratuitamente em uma linha do Transcol. J\u00e1 o passageiro do Transcol ter\u00e1 uma hora para mudar para um \u00f4nibus que circula na capital sem pagar nova tarifa.<br>O passageiro de Vit\u00f3ria que tem como destino um dos terminais da Grande Vit\u00f3ria ter\u00e1 1h30 para embarque gratuito. Em quaisquer dos casos, o tempo come\u00e7ar\u00e1 a contar do momento em que \u00e9 feito o primeiro embarque. Se o tempo extrapolar, haver\u00e1 cobran\u00e7a autom\u00e1tica de mais uma passagem.<\/p>\n\n\n\n<div class=\"wp-block-image\"><figure class=\"alignright size-large\"><img loading=\"lazy\" decoding=\"async\" width=\"350\" height=\"233\" src=\"https:\/\/jornalfatosenoticias.com.br\/wp-content\/uploads\/2021\/05\/onibus-de-vitoria2.jpg\" alt=\"\" class=\"wp-image-18048\" srcset=\"https:\/\/jornalfatosenoticias.com.br\/wp-content\/uploads\/2021\/05\/onibus-de-vitoria2.jpg 350w, https:\/\/jornalfatosenoticias.com.br\/wp-content\/uploads\/2021\/05\/onibus-de-vitoria2-300x200.jpg 300w\" sizes=\"auto, (max-width: 350px) 100vw, 350px\" \/><figcaption><em>Ponto de \u00d4nibus (Foto: Andr\u00e9 Sobral)<\/em><\/figcaption><\/figure><\/div>\n\n\n\n<p><strong><span class=\"has-inline-color has-black-color\">Sistema<br><\/span><\/strong>S\u00e3o 132 \u00f4nibus do sistema municipal de Vit\u00f3ria e 51 linhas operando atualmente na capital (92 \u00f4nibus convencionais e 40 micro-\u00f4nibus).<br>O procedimento de integra\u00e7\u00e3o com o Transcol \u00e9 semelhante ao que ocorre nos terminais. Ali, os passageiros t\u00eam a possibilidade de migrar de uma linha alimentadora para uma troncal e vice-versa.<br>Como Vit\u00f3ria n\u00e3o possui terminais, essa migra\u00e7\u00e3o poder\u00e1 ser feita nos pr\u00f3prios pontos de \u00f4nibus, desde que respeitado o tempo e usando o mesmo cart\u00e3o de hoje.<br>Diariamente, em m\u00e9dia, 35 mil passageiros utilizam os \u00f4nibus de Vit\u00f3ria.<\/p>\n\n\n\n<h4 class=\"wp-block-heading\"><span class=\"has-inline-color has-black-color\">Vantagens<\/span><\/h4>\n\n\n\n<blockquote class=\"wp-block-quote is-layout-flow wp-block-quote-is-layout-flow\"><p>&#8220;O n\u00famero de linhas, as cores dos \u00f4nibus e os itiner\u00e1rios permanecem os mesmos. O passageiro que j\u00e1 utiliza o transporte em Vit\u00f3ria continuar\u00e1 a pagar R$ 4 pela passagem e ter\u00e1 a op\u00e7\u00e3o de se deslocar para outros munic\u00edpios sem nenhum preju\u00edzo&#8221;, destacou o secret\u00e1rio de Transportes, Tr\u00e2nsito e Infraestrutura urbana de Vit\u00f3ria, Alex Mariano.<\/p><\/blockquote>\n\n\n\n<p>O secret\u00e1rio disse, ainda, que a manuten\u00e7\u00e3o da oferta de toda a frota atual e a manuten\u00e7\u00e3o das linhas j\u00e1 em opera\u00e7\u00e3o ser\u00e3o vantajosas para os moradores de Vit\u00f3ria, al\u00e9m de servir \u00e0 mobilidade da capital.<\/p>\n\n\n\n<p><strong><span class=\"has-inline-color has-black-color\">Comunica\u00e7\u00e3o<br><\/span><\/strong>&#8220;Na Setran, n\u00f3s faremos o monitoramento e vamos acompanhar diariamente essa mudan\u00e7a. Seremos um canal de comunica\u00e7\u00e3o para que os usu\u00e1rios possam fazer sugest\u00f5es, cr\u00edticas e observa\u00e7\u00f5es pelo Fala Vit\u00f3ria 156 ou <a href=\"https:\/\/www.vitoria.es.gov.br\/156online.php\">https:\/\/www.vitoria.es.gov.br\/156online.php<\/a>. Antes da consolida\u00e7\u00e3o total da integra\u00e7\u00e3o, foram v\u00e1rias etapas cumpridas para que n\u00e3o haja perda alguma para os usu\u00e1rios&#8221;, finalizou Alex Mariano.<\/p>\n\n\n\n<p><strong><em>Fonte: <a href=\"https:\/\/www.vitoria.es.gov.br\/noticia\/onibus-passageiros-da-capital-circularao-pela-grande-vitoria-pagando-uma-tarifa-42605\">PMV<\/a><\/em><\/strong><\/p>\n","protected":false},"excerpt":{"rendered":"<p>Linhas dos \u00f4nibus &#8220;verdinhos&#8221; passar\u00e3o a ser chamadas de linhas alimentadoras J\u00e1 pensou em sair de qualquer bairro de Vit\u00f3ria e ir at\u00e9 um dos terminais do Transcol pagando apenas uma passagem de \u00f4nibus? Isso ser\u00e1 poss\u00edvel a partir da integra\u00e7\u00e3o do sistema de Vit\u00f3ria com os coletivos do transporte metropolitano, desde segunda-feira (10). Confira [&hellip;]<\/p>\n","protected":false},"author":2,"featured_media":18047,"comment_status":"open","ping_status":"open","sticky":false,"template":"","format":"standard","meta":{"footnotes":""},"categories":[5],"tags":[8938,8937,6629,8936,6628,710],"class_list":["post-18046","post","type-post","status-publish","format-standard","has-post-thumbnail","hentry","category-geral","tag-coletivos","tag-itinerarios","tag-linhas-alimentadoras","tag-sistema-de-vitoria","tag-sistema-transcol","tag-transcol"],"yoast_head":"<!-- This site is optimized with the Yoast SEO plugin v26.5 - https:\/\/yoast.com\/wordpress\/plugins\/seo\/ -->\n<title>Passageiros da capital circular\u00e3o pela Grande Vit\u00f3ria pagando uma tarifa - Jornal Fatos e Not\u00edcias<\/title>\n<meta name=\"robots\" content=\"index, follow, max-snippet:-1, max-image-preview:large, max-video-preview:-1\" \/>\n<link rel=\"canonical\" href=\"https:\/\/jornalfatosenoticias.com.br\/index.php\/2021\/05\/11\/passageiros-da-capital-circularao-pela-grande-vitoria-pagando-uma-tarifa\/\" \/>\n<meta property=\"og:locale\" content=\"pt_BR\" \/>\n<meta property=\"og:type\" content=\"article\" \/>\n<meta property=\"og:title\" content=\"Passageiros da capital circular\u00e3o pela Grande Vit\u00f3ria pagando uma tarifa - Jornal Fatos e Not\u00edcias\" \/>\n<meta property=\"og:description\" content=\"Linhas dos \u00f4nibus &#8220;verdinhos&#8221; passar\u00e3o a ser chamadas de linhas alimentadoras J\u00e1 pensou em sair de qualquer bairro de Vit\u00f3ria e ir at\u00e9 um dos terminais do Transcol pagando apenas uma passagem de \u00f4nibus? Isso ser\u00e1 poss\u00edvel a partir da integra\u00e7\u00e3o do sistema de Vit\u00f3ria com os coletivos do transporte metropolitano, desde segunda-feira (10). Confira [&hellip;]\" \/>\n<meta property=\"og:url\" content=\"https:\/\/jornalfatosenoticias.com.br\/index.php\/2021\/05\/11\/passageiros-da-capital-circularao-pela-grande-vitoria-pagando-uma-tarifa\/\" \/>\n<meta property=\"og:site_name\" content=\"Jornal Fatos e Not\u00edcias\" \/>\n<meta property=\"article:published_time\" content=\"2021-05-11T11:36:54+00:00\" \/>\n<meta property=\"article:modified_time\" content=\"2021-05-11T11:36:57+00:00\" \/>\n<meta property=\"og:image\" content=\"https:\/\/jornalfatosenoticias.com.br\/wp-content\/uploads\/2021\/05\/onibus-de-vitoria.jpg\" \/>\n\t<meta property=\"og:image:width\" content=\"1000\" \/>\n\t<meta property=\"og:image:height\" content=\"361\" \/>\n\t<meta property=\"og:image:type\" content=\"image\/jpeg\" \/>\n<meta name=\"author\" content=\"Luzimara Fernandes\" \/>\n<meta name=\"twitter:card\" content=\"summary_large_image\" \/>\n<meta name=\"twitter:label1\" content=\"Escrito por\" \/>\n\t<meta name=\"twitter:data1\" content=\"Luzimara Fernandes\" \/>\n\t<meta name=\"twitter:label2\" content=\"Est. tempo de leitura\" \/>\n\t<meta name=\"twitter:data2\" content=\"2 minutos\" \/>\n<script type=\"application\/ld+json\" class=\"yoast-schema-graph\">{\"@context\":\"https:\/\/schema.org\",\"@graph\":[{\"@type\":\"Article\",\"@id\":\"https:\/\/jornalfatosenoticias.com.br\/index.php\/2021\/05\/11\/passageiros-da-capital-circularao-pela-grande-vitoria-pagando-uma-tarifa\/#article\",\"isPartOf\":{\"@id\":\"https:\/\/jornalfatosenoticias.com.br\/index.php\/2021\/05\/11\/passageiros-da-capital-circularao-pela-grande-vitoria-pagando-uma-tarifa\/\"},\"author\":{\"name\":\"Luzimara Fernandes\",\"@id\":\"https:\/\/jornalfatosenoticias.com.br\/#\/schema\/person\/d63837fa13ac8666eb9e74e0985d6f81\"},\"headline\":\"Passageiros da capital circular\u00e3o pela Grande Vit\u00f3ria pagando uma tarifa\",\"datePublished\":\"2021-05-11T11:36:54+00:00\",\"dateModified\":\"2021-05-11T11:36:57+00:00\",\"mainEntityOfPage\":{\"@id\":\"https:\/\/jornalfatosenoticias.com.br\/index.php\/2021\/05\/11\/passageiros-da-capital-circularao-pela-grande-vitoria-pagando-uma-tarifa\/\"},\"wordCount\":503,\"commentCount\":0,\"publisher\":{\"@id\":\"https:\/\/jornalfatosenoticias.com.br\/#organization\"},\"image\":{\"@id\":\"https:\/\/jornalfatosenoticias.com.br\/index.php\/2021\/05\/11\/passageiros-da-capital-circularao-pela-grande-vitoria-pagando-uma-tarifa\/#primaryimage\"},\"thumbnailUrl\":\"https:\/\/jornalfatosenoticias.com.br\/wp-content\/uploads\/2021\/05\/onibus-de-vitoria.jpg\",\"keywords\":[\"coletivos\",\"itiner\u00e1rios\",\"linhas alimentadoras\",\"Sistema de Vit\u00f3ria\",\"Sistema Transcol\",\"Transcol\"],\"articleSection\":[\"Geral\"],\"inLanguage\":\"pt-BR\",\"potentialAction\":[{\"@type\":\"CommentAction\",\"name\":\"Comment\",\"target\":[\"https:\/\/jornalfatosenoticias.com.br\/index.php\/2021\/05\/11\/passageiros-da-capital-circularao-pela-grande-vitoria-pagando-uma-tarifa\/#respond\"]}]},{\"@type\":\"WebPage\",\"@id\":\"https:\/\/jornalfatosenoticias.com.br\/index.php\/2021\/05\/11\/passageiros-da-capital-circularao-pela-grande-vitoria-pagando-uma-tarifa\/\",\"url\":\"https:\/\/jornalfatosenoticias.com.br\/index.php\/2021\/05\/11\/passageiros-da-capital-circularao-pela-grande-vitoria-pagando-uma-tarifa\/\",\"name\":\"Passageiros da capital circular\u00e3o pela Grande Vit\u00f3ria pagando uma tarifa - Jornal Fatos e Not\u00edcias\",\"isPartOf\":{\"@id\":\"https:\/\/jornalfatosenoticias.com.br\/#website\"},\"primaryImageOfPage\":{\"@id\":\"https:\/\/jornalfatosenoticias.com.br\/index.php\/2021\/05\/11\/passageiros-da-capital-circularao-pela-grande-vitoria-pagando-uma-tarifa\/#primaryimage\"},\"image\":{\"@id\":\"https:\/\/jornalfatosenoticias.com.br\/index.php\/2021\/05\/11\/passageiros-da-capital-circularao-pela-grande-vitoria-pagando-uma-tarifa\/#primaryimage\"},\"thumbnailUrl\":\"https:\/\/jornalfatosenoticias.com.br\/wp-content\/uploads\/2021\/05\/onibus-de-vitoria.jpg\",\"datePublished\":\"2021-05-11T11:36:54+00:00\",\"dateModified\":\"2021-05-11T11:36:57+00:00\",\"breadcrumb\":{\"@id\":\"https:\/\/jornalfatosenoticias.com.br\/index.php\/2021\/05\/11\/passageiros-da-capital-circularao-pela-grande-vitoria-pagando-uma-tarifa\/#breadcrumb\"},\"inLanguage\":\"pt-BR\",\"potentialAction\":[{\"@type\":\"ReadAction\",\"target\":[\"https:\/\/jornalfatosenoticias.com.br\/index.php\/2021\/05\/11\/passageiros-da-capital-circularao-pela-grande-vitoria-pagando-uma-tarifa\/\"]}]},{\"@type\":\"ImageObject\",\"inLanguage\":\"pt-BR\",\"@id\":\"https:\/\/jornalfatosenoticias.com.br\/index.php\/2021\/05\/11\/passageiros-da-capital-circularao-pela-grande-vitoria-pagando-uma-tarifa\/#primaryimage\",\"url\":\"https:\/\/jornalfatosenoticias.com.br\/wp-content\/uploads\/2021\/05\/onibus-de-vitoria.jpg\",\"contentUrl\":\"https:\/\/jornalfatosenoticias.com.br\/wp-content\/uploads\/2021\/05\/onibus-de-vitoria.jpg\",\"width\":1000,\"height\":361},{\"@type\":\"BreadcrumbList\",\"@id\":\"https:\/\/jornalfatosenoticias.com.br\/index.php\/2021\/05\/11\/passageiros-da-capital-circularao-pela-grande-vitoria-pagando-uma-tarifa\/#breadcrumb\",\"itemListElement\":[{\"@type\":\"ListItem\",\"position\":1,\"name\":\"In\u00edcio\",\"item\":\"https:\/\/jornalfatosenoticias.com.br\/\"},{\"@type\":\"ListItem\",\"position\":2,\"name\":\"Passageiros da capital circular\u00e3o pela Grande Vit\u00f3ria pagando uma tarifa\"}]},{\"@type\":\"WebSite\",\"@id\":\"https:\/\/jornalfatosenoticias.com.br\/#website\",\"url\":\"https:\/\/jornalfatosenoticias.com.br\/\",\"name\":\"Jornal Fatos e Not\u00edcias\",\"description\":\"Not\u00edcias em geral\",\"publisher\":{\"@id\":\"https:\/\/jornalfatosenoticias.com.br\/#organization\"},\"potentialAction\":[{\"@type\":\"SearchAction\",\"target\":{\"@type\":\"EntryPoint\",\"urlTemplate\":\"https:\/\/jornalfatosenoticias.com.br\/?s={search_term_string}\"},\"query-input\":{\"@type\":\"PropertyValueSpecification\",\"valueRequired\":true,\"valueName\":\"search_term_string\"}}],\"inLanguage\":\"pt-BR\"},{\"@type\":\"Organization\",\"@id\":\"https:\/\/jornalfatosenoticias.com.br\/#organization\",\"name\":\"Jornal Fatos e Not\u00edcias\",\"url\":\"https:\/\/jornalfatosenoticias.com.br\/\",\"logo\":{\"@type\":\"ImageObject\",\"inLanguage\":\"pt-BR\",\"@id\":\"https:\/\/jornalfatosenoticias.com.br\/#\/schema\/logo\/image\/\",\"url\":\"https:\/\/jornalfatosenoticias.com.br\/wp-content\/uploads\/2020\/02\/logo120.png\",\"contentUrl\":\"https:\/\/jornalfatosenoticias.com.br\/wp-content\/uploads\/2020\/02\/logo120.png\",\"width\":1227,\"height\":120,\"caption\":\"Jornal Fatos e Not\u00edcias\"},\"image\":{\"@id\":\"https:\/\/jornalfatosenoticias.com.br\/#\/schema\/logo\/image\/\"}},{\"@type\":\"Person\",\"@id\":\"https:\/\/jornalfatosenoticias.com.br\/#\/schema\/person\/d63837fa13ac8666eb9e74e0985d6f81\",\"name\":\"Luzimara Fernandes\",\"image\":{\"@type\":\"ImageObject\",\"inLanguage\":\"pt-BR\",\"@id\":\"https:\/\/jornalfatosenoticias.com.br\/#\/schema\/person\/image\/\",\"url\":\"https:\/\/jornalfatosenoticias.com.br\/wp-content\/uploads\/2025\/05\/EU_portal.jpg\",\"contentUrl\":\"https:\/\/jornalfatosenoticias.com.br\/wp-content\/uploads\/2025\/05\/EU_portal.jpg\",\"caption\":\"Luzimara Fernandes\"},\"description\":\"Jornalista MTB 2358-ES\",\"sameAs\":[\"https:\/\/jornalfatosenoticias.com.br\"],\"url\":\"https:\/\/jornalfatosenoticias.com.br\/index.php\/author\/luzimara\/\"}]}<\/script>\n<!-- \/ Yoast SEO plugin. -->","yoast_head_json":{"title":"Passageiros da capital circular\u00e3o pela Grande Vit\u00f3ria pagando uma tarifa - Jornal Fatos e Not\u00edcias","robots":{"index":"index","follow":"follow","max-snippet":"max-snippet:-1","max-image-preview":"max-image-preview:large","max-video-preview":"max-video-preview:-1"},"canonical":"https:\/\/jornalfatosenoticias.com.br\/index.php\/2021\/05\/11\/passageiros-da-capital-circularao-pela-grande-vitoria-pagando-uma-tarifa\/","og_locale":"pt_BR","og_type":"article","og_title":"Passageiros da capital circular\u00e3o pela Grande Vit\u00f3ria pagando uma tarifa - Jornal Fatos e Not\u00edcias","og_description":"Linhas dos \u00f4nibus &#8220;verdinhos&#8221; passar\u00e3o a ser chamadas de linhas alimentadoras J\u00e1 pensou em sair de qualquer bairro de Vit\u00f3ria e ir at\u00e9 um dos terminais do Transcol pagando apenas uma passagem de \u00f4nibus? Isso ser\u00e1 poss\u00edvel a partir da integra\u00e7\u00e3o do sistema de Vit\u00f3ria com os coletivos do transporte metropolitano, desde segunda-feira (10). Confira [&hellip;]","og_url":"https:\/\/jornalfatosenoticias.com.br\/index.php\/2021\/05\/11\/passageiros-da-capital-circularao-pela-grande-vitoria-pagando-uma-tarifa\/","og_site_name":"Jornal Fatos e Not\u00edcias","article_published_time":"2021-05-11T11:36:54+00:00","article_modified_time":"2021-05-11T11:36:57+00:00","og_image":[{"width":1000,"height":361,"url":"https:\/\/jornalfatosenoticias.com.br\/wp-content\/uploads\/2021\/05\/onibus-de-vitoria.jpg","type":"image\/jpeg"}],"author":"Luzimara Fernandes","twitter_card":"summary_large_image","twitter_misc":{"Escrito por":"Luzimara Fernandes","Est. tempo de leitura":"2 minutos"},"schema":{"@context":"https:\/\/schema.org","@graph":[{"@type":"Article","@id":"https:\/\/jornalfatosenoticias.com.br\/index.php\/2021\/05\/11\/passageiros-da-capital-circularao-pela-grande-vitoria-pagando-uma-tarifa\/#article","isPartOf":{"@id":"https:\/\/jornalfatosenoticias.com.br\/index.php\/2021\/05\/11\/passageiros-da-capital-circularao-pela-grande-vitoria-pagando-uma-tarifa\/"},"author":{"name":"Luzimara Fernandes","@id":"https:\/\/jornalfatosenoticias.com.br\/#\/schema\/person\/d63837fa13ac8666eb9e74e0985d6f81"},"headline":"Passageiros da capital circular\u00e3o pela Grande Vit\u00f3ria pagando uma tarifa","datePublished":"2021-05-11T11:36:54+00:00","dateModified":"2021-05-11T11:36:57+00:00","mainEntityOfPage":{"@id":"https:\/\/jornalfatosenoticias.com.br\/index.php\/2021\/05\/11\/passageiros-da-capital-circularao-pela-grande-vitoria-pagando-uma-tarifa\/"},"wordCount":503,"commentCount":0,"publisher":{"@id":"https:\/\/jornalfatosenoticias.com.br\/#organization"},"image":{"@id":"https:\/\/jornalfatosenoticias.com.br\/index.php\/2021\/05\/11\/passageiros-da-capital-circularao-pela-grande-vitoria-pagando-uma-tarifa\/#primaryimage"},"thumbnailUrl":"https:\/\/jornalfatosenoticias.com.br\/wp-content\/uploads\/2021\/05\/onibus-de-vitoria.jpg","keywords":["coletivos","itiner\u00e1rios","linhas alimentadoras","Sistema de Vit\u00f3ria","Sistema Transcol","Transcol"],"articleSection":["Geral"],"inLanguage":"pt-BR","potentialAction":[{"@type":"CommentAction","name":"Comment","target":["https:\/\/jornalfatosenoticias.com.br\/index.php\/2021\/05\/11\/passageiros-da-capital-circularao-pela-grande-vitoria-pagando-uma-tarifa\/#respond"]}]},{"@type":"WebPage","@id":"https:\/\/jornalfatosenoticias.com.br\/index.php\/2021\/05\/11\/passageiros-da-capital-circularao-pela-grande-vitoria-pagando-uma-tarifa\/","url":"https:\/\/jornalfatosenoticias.com.br\/index.php\/2021\/05\/11\/passageiros-da-capital-circularao-pela-grande-vitoria-pagando-uma-tarifa\/","name":"Passageiros da capital circular\u00e3o pela Grande Vit\u00f3ria pagando uma tarifa - Jornal Fatos e Not\u00edcias","isPartOf":{"@id":"https:\/\/jornalfatosenoticias.com.br\/#website"},"primaryImageOfPage":{"@id":"https:\/\/jornalfatosenoticias.com.br\/index.php\/2021\/05\/11\/passageiros-da-capital-circularao-pela-grande-vitoria-pagando-uma-tarifa\/#primaryimage"},"image":{"@id":"https:\/\/jornalfatosenoticias.com.br\/index.php\/2021\/05\/11\/passageiros-da-capital-circularao-pela-grande-vitoria-pagando-uma-tarifa\/#primaryimage"},"thumbnailUrl":"https:\/\/jornalfatosenoticias.com.br\/wp-content\/uploads\/2021\/05\/onibus-de-vitoria.jpg","datePublished":"2021-05-11T11:36:54+00:00","dateModified":"2021-05-11T11:36:57+00:00","breadcrumb":{"@id":"https:\/\/jornalfatosenoticias.com.br\/index.php\/2021\/05\/11\/passageiros-da-capital-circularao-pela-grande-vitoria-pagando-uma-tarifa\/#breadcrumb"},"inLanguage":"pt-BR","potentialAction":[{"@type":"ReadAction","target":["https:\/\/jornalfatosenoticias.com.br\/index.php\/2021\/05\/11\/passageiros-da-capital-circularao-pela-grande-vitoria-pagando-uma-tarifa\/"]}]},{"@type":"ImageObject","inLanguage":"pt-BR","@id":"https:\/\/jornalfatosenoticias.com.br\/index.php\/2021\/05\/11\/passageiros-da-capital-circularao-pela-grande-vitoria-pagando-uma-tarifa\/#primaryimage","url":"https:\/\/jornalfatosenoticias.com.br\/wp-content\/uploads\/2021\/05\/onibus-de-vitoria.jpg","contentUrl":"https:\/\/jornalfatosenoticias.com.br\/wp-content\/uploads\/2021\/05\/onibus-de-vitoria.jpg","width":1000,"height":361},{"@type":"BreadcrumbList","@id":"https:\/\/jornalfatosenoticias.com.br\/index.php\/2021\/05\/11\/passageiros-da-capital-circularao-pela-grande-vitoria-pagando-uma-tarifa\/#breadcrumb","itemListElement":[{"@type":"ListItem","position":1,"name":"In\u00edcio","item":"https:\/\/jornalfatosenoticias.com.br\/"},{"@type":"ListItem","position":2,"name":"Passageiros da capital circular\u00e3o pela Grande Vit\u00f3ria pagando uma tarifa"}]},{"@type":"WebSite","@id":"https:\/\/jornalfatosenoticias.com.br\/#website","url":"https:\/\/jornalfatosenoticias.com.br\/","name":"Jornal Fatos e Not\u00edcias","description":"Not\u00edcias em geral","publisher":{"@id":"https:\/\/jornalfatosenoticias.com.br\/#organization"},"potentialAction":[{"@type":"SearchAction","target":{"@type":"EntryPoint","urlTemplate":"https:\/\/jornalfatosenoticias.com.br\/?s={search_term_string}"},"query-input":{"@type":"PropertyValueSpecification","valueRequired":true,"valueName":"search_term_string"}}],"inLanguage":"pt-BR"},{"@type":"Organization","@id":"https:\/\/jornalfatosenoticias.com.br\/#organization","name":"Jornal Fatos e Not\u00edcias","url":"https:\/\/jornalfatosenoticias.com.br\/","logo":{"@type":"ImageObject","inLanguage":"pt-BR","@id":"https:\/\/jornalfatosenoticias.com.br\/#\/schema\/logo\/image\/","url":"https:\/\/jornalfatosenoticias.com.br\/wp-content\/uploads\/2020\/02\/logo120.png","contentUrl":"https:\/\/jornalfatosenoticias.com.br\/wp-content\/uploads\/2020\/02\/logo120.png","width":1227,"height":120,"caption":"Jornal Fatos e Not\u00edcias"},"image":{"@id":"https:\/\/jornalfatosenoticias.com.br\/#\/schema\/logo\/image\/"}},{"@type":"Person","@id":"https:\/\/jornalfatosenoticias.com.br\/#\/schema\/person\/d63837fa13ac8666eb9e74e0985d6f81","name":"Luzimara Fernandes","image":{"@type":"ImageObject","inLanguage":"pt-BR","@id":"https:\/\/jornalfatosenoticias.com.br\/#\/schema\/person\/image\/","url":"https:\/\/jornalfatosenoticias.com.br\/wp-content\/uploads\/2025\/05\/EU_portal.jpg","contentUrl":"https:\/\/jornalfatosenoticias.com.br\/wp-content\/uploads\/2025\/05\/EU_portal.jpg","caption":"Luzimara Fernandes"},"description":"Jornalista MTB 2358-ES","sameAs":["https:\/\/jornalfatosenoticias.com.br"],"url":"https:\/\/jornalfatosenoticias.com.br\/index.php\/author\/luzimara\/"}]}},"cc_featured_image_caption":{"caption_text":"(Foto: Andr\u00e9 Sobral\/PMV) ","source_text":"","source_url":""},"jetpack_featured_media_url":"https:\/\/jornalfatosenoticias.com.br\/wp-content\/uploads\/2021\/05\/onibus-de-vitoria.jpg","_links":{"self":[{"href":"https:\/\/jornalfatosenoticias.com.br\/index.php\/wp-json\/wp\/v2\/posts\/18046","targetHints":{"allow":["GET"]}}],"collection":[{"href":"https:\/\/jornalfatosenoticias.com.br\/index.php\/wp-json\/wp\/v2\/posts"}],"about":[{"href":"https:\/\/jornalfatosenoticias.com.br\/index.php\/wp-json\/wp\/v2\/types\/post"}],"author":[{"embeddable":true,"href":"https:\/\/jornalfatosenoticias.com.br\/index.php\/wp-json\/wp\/v2\/users\/2"}],"replies":[{"embeddable":true,"href":"https:\/\/jornalfatosenoticias.com.br\/index.php\/wp-json\/wp\/v2\/comments?post=18046"}],"version-history":[{"count":0,"href":"https:\/\/jornalfatosenoticias.com.br\/index.php\/wp-json\/wp\/v2\/posts\/18046\/revisions"}],"wp:featuredmedia":[{"embeddable":true,"href":"https:\/\/jornalfatosenoticias.com.br\/index.php\/wp-json\/wp\/v2\/media\/18047"}],"wp:attachment":[{"href":"https:\/\/jornalfatosenoticias.com.br\/index.php\/wp-json\/wp\/v2\/media?parent=18046"}],"wp:term":[{"taxonomy":"category","embeddable":true,"href":"https:\/\/jornalfatosenoticias.com.br\/index.php\/wp-json\/wp\/v2\/categories?post=18046"},{"taxonomy":"post_tag","embeddable":true,"href":"https:\/\/jornalfatosenoticias.com.br\/index.php\/wp-json\/wp\/v2\/tags?post=18046"}],"curies":[{"name":"wp","href":"https:\/\/api.w.org\/{rel}","templated":true}]}}