{"id":18050,"date":"2021-05-11T08:49:08","date_gmt":"2021-05-11T11:49:08","guid":{"rendered":"https:\/\/jornalfatosenoticias.com.br\/?p=18050"},"modified":"2021-05-11T08:49:12","modified_gmt":"2021-05-11T11:49:12","slug":"sarau-de-poetas-pretas-marca-2o-dia-da-semana-da-denuncia-contra-o-racismo","status":"publish","type":"post","link":"https:\/\/jornalfatosenoticias.com.br\/index.php\/2021\/05\/11\/sarau-de-poetas-pretas-marca-2o-dia-da-semana-da-denuncia-contra-o-racismo\/","title":{"rendered":"Sarau de poetas pretas marca 2\u00ba dia da &#8216;Semana da Den\u00fancia contra o Racismo&#8217;"},"content":{"rendered":"\n<p><em>O sarau da Casa AmarEla tem como finalidade levar poesia, leituras dram\u00e1ticas e performance \u00e0s casas<\/em><\/p>\n\n\n\n<p>A &#8220;Semana da Den\u00fancia contra o Racismo&#8221; chega ao segundo dia repleta de falas fortes, sinceras e carregadas de hist\u00f3ria. Essa \u00e9 a proposta do &#8220;Sarau das poetas pretas perif\u00e9ricas&#8221;, que vai ao ar nesta ter\u00e7a-feira (11), a partir das 20 horas, no canal do\u00a0<a href=\"https:\/\/www.youtube.com\/channel\/UC4UTB0RrWXyDvlJIW0zUeaQ\">YouTube da Prefeitura de Vit\u00f3ria<\/a>.<br>As dramaturgas Priscilla Gomes e Meiriele Lemos comandam o sarau performativo com leituras dramatizadas de textos teatrais e poemas criados por mulheres pretas do Esp\u00edrito Santo. Ambas s\u00e3o integrantes da Casa AmarEla, um espa\u00e7o cultural sediado no morro do Bonfim.<br>&#8220;Moramos em um local onde a viol\u00eancia \u00e9 uma realidade, onde muitas vezes lidamos com a falta de sonho. Mas n\u00e3o \u00e9 somente isso que existe na comunidade. Aqui tamb\u00e9m tem arte, poesia e f\u00e9. O sarau da Casa AmarEla tem como finalidade levar poesia, leituras dram\u00e1ticas e performance \u00e0s casas das pessoas em tempos de pandemia. Daqui, de onde vemos e vivemos o caos, a gente floresce poesia&#8221;, afirmou Priscilla, que tamb\u00e9m \u00e9 atriz, poeta, te\u00f3loga e educadora social.<\/p>\n\n\n\n<div class=\"wp-block-image\"><figure class=\"alignleft size-large is-resized\"><img loading=\"lazy\" decoding=\"async\" src=\"https:\/\/jornalfatosenoticias.com.br\/wp-content\/uploads\/2021\/05\/sarau2.jpg\" alt=\"\" class=\"wp-image-18052\" width=\"306\" height=\"285\" srcset=\"https:\/\/jornalfatosenoticias.com.br\/wp-content\/uploads\/2021\/05\/sarau2.jpg 445w, https:\/\/jornalfatosenoticias.com.br\/wp-content\/uploads\/2021\/05\/sarau2-300x279.jpg 300w\" sizes=\"auto, (max-width: 306px) 100vw, 306px\" \/><figcaption><em>&#8220;Nossa proposta \u00e9 a poesia como pertencimento e utopia&#8221;, disse Meiriele Lemos (Foto: Divulga\u00e7\u00e3o Semc)<\/em><\/figcaption><\/figure><\/div>\n\n\n\n<p>&#8220;Poesia como cura, como den\u00fancia, como desconstru\u00e7\u00e3o e como afeto. Nossa proposta \u00e9 a poesia como pertencimento e utopia. Um retorno \u00e0s ra\u00edzes ancestrais. Tem que ter muita coragem para enegrecer em nosso Pa\u00eds. Por meio da poesia abrimos nossas portas, nossas janelas e nossa casa. A Casa AmarEla, no alto do morro do Bonfim, \u00e9 a casa que nos deu abrigo, moradia e incentivo \u00e0 nossa resist\u00eancia di\u00e1ria&#8221;, completou Meiriele Lemos.<\/p>\n\n\n\n<p><strong><span class=\"has-inline-color has-vivid-red-color\">Semana da Den\u00fancia contra o Racismo<br><\/span><\/strong>Organizada pela Prefeitura de Vit\u00f3ria, por meio da Secretaria Municipal de Cultura (Semc), a &#8220;Semana da Den\u00fancia contra o Racismo&#8221; homenageia o Museu Capixaba do Negro &#8220;Ver\u00f4nica da Pas&#8221; (Mucane), que completa 28 anos na pr\u00f3xima quinta-feira (13).<br>Para a ocasi\u00e3o, foi elaborada uma programa\u00e7\u00e3o especial, que inclui shows, interpreta\u00e7\u00f5es teatrais e document\u00e1rios.<br>As apresenta\u00e7\u00f5es acontecem \u00e0s 20 horas, sempre no canal do <a href=\"https:\/\/www.youtube.com\/channel\/UC4UTB0RrWXyDvlJIW0zUeaQ\">YouTube da Prefeitura de Vit\u00f3ria<\/a>. Somente na quinta-feira (13), dia do anivers\u00e1rio do Mucane, a programa\u00e7\u00e3o come\u00e7a \u00e0s 21 horas.<br>A semana \u00e9 marcada por debate, reflex\u00e3o e luta. \u00c9 que dia 13 de maio, al\u00e9m de anivers\u00e1rio da institui\u00e7\u00e3o, \u00e9 tamb\u00e9m a data de assinatura da Lei \u00c1urea no Brasil e o Dia da Den\u00fancia contra o Racismo.<\/p>\n\n\n\n<blockquote class=\"wp-block-quote is-layout-flow wp-block-quote-is-layout-flow\"><p>&#8220;Um dos in\u00fameros pap\u00e9is do Mucane \u00e9 preservar a hist\u00f3ria e lembrar \u00e0 popula\u00e7\u00e3o quem foram aqueles que nos antecederam, suas conquistas, suas dores e sua luta at\u00e9 os dias de hoje. O Mucane resgata e preserva o conhecimento e o repert\u00f3rio cultural afro que nos permitiram a constru\u00e7\u00e3o de uma identidade pr\u00f3pria no Brasil&#8221;, disse o secret\u00e1rio municipal de Cultura, Luciano Gagno.<\/p><\/blockquote>\n\n\n\n<p><span class=\"has-inline-color has-black-color\"><em>A programa\u00e7\u00e3o segue at\u00e9 a pr\u00f3xima sexta-feira (14):<\/em><\/span><\/p>\n\n\n\n<ul class=\"wp-block-list\"><li>Ter\u00e7a (11), 20 h \u2014 <em><strong>\u201cSarau das poetas pretas perif\u00e9ricas\u201d<\/strong><\/em> \u2014 Casa AmarEla do Bonfim (Priscilla Gomes e Meiriele Lemos);<\/li><li>Quarta (12, 20h \u2014 <strong><em>\u201c(DES) constru\u00e7\u00e3o&#8221;<\/em><\/strong> (L\u00e9ia Rodrigues);<\/li><li>Quinta (13), 21h \u2014 <em><strong>\u201cTunico da Vila e do Terreiro<\/strong><\/em>\u201d (Tunico da Vila);<\/li><li>Sexta (14), 20 h \u2014 <strong><em>\u201cEstandarte negro \u2014 do Maci\u00e7o Central ao Armaz\u00e9m\u201d<\/em><\/strong> (R\u00f4mullo Corr\u00eaa).<\/li><\/ul>\n\n\n\n<p><strong><span class=\"has-inline-color has-vivid-red-color\">Mucane<br><\/span><\/strong>O Museu Capixaba do Negro \u201cVer\u00f4nica da Pas\u201d (Mucane) foi criado no dia 13 de maio de 1993, por meio do decreto n\u00ba 3.527\/1993, no governo estadual de <strong>Albu\u00edno Azeredo<\/strong>, um dos primeiros governadores <strong>negros do Brasil<\/strong>. No local, acontecem cursos e oficinas de forma\u00e7\u00e3o cultural, debates, exposi\u00e7\u00f5es e apresenta\u00e7\u00f5es voltadas \u00e0 hist\u00f3ria e \u00e0 identidade negra.<\/p>\n\n\n\n<p><strong><span class=\"has-inline-color has-vivid-red-color\">Cultura On-line<br><\/span><\/strong>Quatro das cinco apresenta\u00e7\u00f5es do evento fazem parte do edital 004\/2020 (\u201cArte em Casa\u201d), que agora integra o projeto \u201cCultura On-line\u201d, da Semc.<br>O edital tem o objetivo de prestar apoio a artistas, t\u00e9cnicos e demais profissionais das \u00e1reas de arte e cultura, impedidos de realizar trabalhos como apresenta\u00e7\u00f5es, shows, forma\u00e7\u00f5es e pe\u00e7as de modo presencial durante a pandemia.<br>Tamb\u00e9m foi escalado para o \u201ctime\u201d desse evento um artista do edital de Sele\u00e7\u00e3o de Projeto de Ocupa\u00e7\u00e3o do Museu Capixaba do Negro \u201cVer\u00f4nica da Pas\u201d (Mucane), lan\u00e7ado em 2019.<\/p>\n\n\n\n<p><strong><em>Fonte: <a href=\"https:\/\/www.vitoria.es.gov.br\/noticia\/sarau-de-poetas-pretas-marca-2o-dia-da-semana-da-denuncia-contra-o-racismo-42635\">PMV<\/a><\/em><\/strong><\/p>\n","protected":false},"excerpt":{"rendered":"<p>O sarau da Casa AmarEla tem como finalidade levar poesia, leituras dram\u00e1ticas e performance \u00e0s casas A &#8220;Semana da Den\u00fancia contra o Racismo&#8221; chega ao segundo dia repleta de falas fortes, sinceras e carregadas de hist\u00f3ria. Essa \u00e9 a proposta do &#8220;Sarau das poetas pretas perif\u00e9ricas&#8221;, que vai ao ar nesta ter\u00e7a-feira (11), a partir [&hellip;]<\/p>\n","protected":false},"author":2,"featured_media":18051,"comment_status":"open","ping_status":"open","sticky":false,"template":"","format":"standard","meta":{"footnotes":""},"categories":[4],"tags":[8940,713,8933,7870,1147,8939],"class_list":["post-18050","post","type-post","status-publish","format-standard","has-post-thumbnail","hentry","category-cultura","tag-13-de-maio","tag-cultura","tag-lei-aurea","tag-mucane","tag-racismo","tag-sarau"],"yoast_head":"<!-- This site is optimized with the Yoast SEO plugin v26.5 - https:\/\/yoast.com\/wordpress\/plugins\/seo\/ -->\n<title>Sarau de poetas pretas marca 2\u00ba dia da &#039;Semana da Den\u00fancia contra o Racismo&#039; - Jornal Fatos e Not\u00edcias<\/title>\n<meta name=\"robots\" content=\"index, follow, max-snippet:-1, max-image-preview:large, max-video-preview:-1\" \/>\n<link rel=\"canonical\" href=\"https:\/\/jornalfatosenoticias.com.br\/index.php\/2021\/05\/11\/sarau-de-poetas-pretas-marca-2o-dia-da-semana-da-denuncia-contra-o-racismo\/\" \/>\n<meta property=\"og:locale\" content=\"pt_BR\" \/>\n<meta property=\"og:type\" content=\"article\" \/>\n<meta property=\"og:title\" content=\"Sarau de poetas pretas marca 2\u00ba dia da &#039;Semana da Den\u00fancia contra o Racismo&#039; - Jornal Fatos e Not\u00edcias\" \/>\n<meta property=\"og:description\" content=\"O sarau da Casa AmarEla tem como finalidade levar poesia, leituras dram\u00e1ticas e performance \u00e0s casas A &#8220;Semana da Den\u00fancia contra o Racismo&#8221; chega ao segundo dia repleta de falas fortes, sinceras e carregadas de hist\u00f3ria. Essa \u00e9 a proposta do &#8220;Sarau das poetas pretas perif\u00e9ricas&#8221;, que vai ao ar nesta ter\u00e7a-feira (11), a partir [&hellip;]\" \/>\n<meta property=\"og:url\" content=\"https:\/\/jornalfatosenoticias.com.br\/index.php\/2021\/05\/11\/sarau-de-poetas-pretas-marca-2o-dia-da-semana-da-denuncia-contra-o-racismo\/\" \/>\n<meta property=\"og:site_name\" content=\"Jornal Fatos e Not\u00edcias\" \/>\n<meta property=\"article:published_time\" content=\"2021-05-11T11:49:08+00:00\" \/>\n<meta property=\"article:modified_time\" content=\"2021-05-11T11:49:12+00:00\" \/>\n<meta property=\"og:image\" content=\"https:\/\/jornalfatosenoticias.com.br\/wp-content\/uploads\/2021\/05\/sarau.jpg\" \/>\n\t<meta property=\"og:image:width\" content=\"1000\" \/>\n\t<meta property=\"og:image:height\" content=\"675\" \/>\n\t<meta property=\"og:image:type\" content=\"image\/jpeg\" \/>\n<meta name=\"author\" content=\"Luzimara Fernandes\" \/>\n<meta name=\"twitter:card\" content=\"summary_large_image\" \/>\n<meta name=\"twitter:label1\" content=\"Escrito por\" \/>\n\t<meta name=\"twitter:data1\" content=\"Luzimara Fernandes\" \/>\n\t<meta name=\"twitter:label2\" content=\"Est. tempo de leitura\" \/>\n\t<meta name=\"twitter:data2\" content=\"4 minutos\" \/>\n<script type=\"application\/ld+json\" class=\"yoast-schema-graph\">{\"@context\":\"https:\/\/schema.org\",\"@graph\":[{\"@type\":\"Article\",\"@id\":\"https:\/\/jornalfatosenoticias.com.br\/index.php\/2021\/05\/11\/sarau-de-poetas-pretas-marca-2o-dia-da-semana-da-denuncia-contra-o-racismo\/#article\",\"isPartOf\":{\"@id\":\"https:\/\/jornalfatosenoticias.com.br\/index.php\/2021\/05\/11\/sarau-de-poetas-pretas-marca-2o-dia-da-semana-da-denuncia-contra-o-racismo\/\"},\"author\":{\"name\":\"Luzimara Fernandes\",\"@id\":\"https:\/\/jornalfatosenoticias.com.br\/#\/schema\/person\/d63837fa13ac8666eb9e74e0985d6f81\"},\"headline\":\"Sarau de poetas pretas marca 2\u00ba dia da &#8216;Semana da Den\u00fancia contra o Racismo&#8217;\",\"datePublished\":\"2021-05-11T11:49:08+00:00\",\"dateModified\":\"2021-05-11T11:49:12+00:00\",\"mainEntityOfPage\":{\"@id\":\"https:\/\/jornalfatosenoticias.com.br\/index.php\/2021\/05\/11\/sarau-de-poetas-pretas-marca-2o-dia-da-semana-da-denuncia-contra-o-racismo\/\"},\"wordCount\":728,\"commentCount\":0,\"publisher\":{\"@id\":\"https:\/\/jornalfatosenoticias.com.br\/#organization\"},\"image\":{\"@id\":\"https:\/\/jornalfatosenoticias.com.br\/index.php\/2021\/05\/11\/sarau-de-poetas-pretas-marca-2o-dia-da-semana-da-denuncia-contra-o-racismo\/#primaryimage\"},\"thumbnailUrl\":\"https:\/\/jornalfatosenoticias.com.br\/wp-content\/uploads\/2021\/05\/sarau.jpg\",\"keywords\":[\"13 de maio\",\"cultura\",\"Lei \u00c1urea\",\"Mucane\",\"racismo\",\"sarau\"],\"articleSection\":[\"Cultura\"],\"inLanguage\":\"pt-BR\",\"potentialAction\":[{\"@type\":\"CommentAction\",\"name\":\"Comment\",\"target\":[\"https:\/\/jornalfatosenoticias.com.br\/index.php\/2021\/05\/11\/sarau-de-poetas-pretas-marca-2o-dia-da-semana-da-denuncia-contra-o-racismo\/#respond\"]}]},{\"@type\":\"WebPage\",\"@id\":\"https:\/\/jornalfatosenoticias.com.br\/index.php\/2021\/05\/11\/sarau-de-poetas-pretas-marca-2o-dia-da-semana-da-denuncia-contra-o-racismo\/\",\"url\":\"https:\/\/jornalfatosenoticias.com.br\/index.php\/2021\/05\/11\/sarau-de-poetas-pretas-marca-2o-dia-da-semana-da-denuncia-contra-o-racismo\/\",\"name\":\"Sarau de poetas pretas marca 2\u00ba dia da 'Semana da Den\u00fancia contra o Racismo' - Jornal Fatos e Not\u00edcias\",\"isPartOf\":{\"@id\":\"https:\/\/jornalfatosenoticias.com.br\/#website\"},\"primaryImageOfPage\":{\"@id\":\"https:\/\/jornalfatosenoticias.com.br\/index.php\/2021\/05\/11\/sarau-de-poetas-pretas-marca-2o-dia-da-semana-da-denuncia-contra-o-racismo\/#primaryimage\"},\"image\":{\"@id\":\"https:\/\/jornalfatosenoticias.com.br\/index.php\/2021\/05\/11\/sarau-de-poetas-pretas-marca-2o-dia-da-semana-da-denuncia-contra-o-racismo\/#primaryimage\"},\"thumbnailUrl\":\"https:\/\/jornalfatosenoticias.com.br\/wp-content\/uploads\/2021\/05\/sarau.jpg\",\"datePublished\":\"2021-05-11T11:49:08+00:00\",\"dateModified\":\"2021-05-11T11:49:12+00:00\",\"breadcrumb\":{\"@id\":\"https:\/\/jornalfatosenoticias.com.br\/index.php\/2021\/05\/11\/sarau-de-poetas-pretas-marca-2o-dia-da-semana-da-denuncia-contra-o-racismo\/#breadcrumb\"},\"inLanguage\":\"pt-BR\",\"potentialAction\":[{\"@type\":\"ReadAction\",\"target\":[\"https:\/\/jornalfatosenoticias.com.br\/index.php\/2021\/05\/11\/sarau-de-poetas-pretas-marca-2o-dia-da-semana-da-denuncia-contra-o-racismo\/\"]}]},{\"@type\":\"ImageObject\",\"inLanguage\":\"pt-BR\",\"@id\":\"https:\/\/jornalfatosenoticias.com.br\/index.php\/2021\/05\/11\/sarau-de-poetas-pretas-marca-2o-dia-da-semana-da-denuncia-contra-o-racismo\/#primaryimage\",\"url\":\"https:\/\/jornalfatosenoticias.com.br\/wp-content\/uploads\/2021\/05\/sarau.jpg\",\"contentUrl\":\"https:\/\/jornalfatosenoticias.com.br\/wp-content\/uploads\/2021\/05\/sarau.jpg\",\"width\":1000,\"height\":675,\"caption\":\"Priscilla Gomes \/ Casa Amarela\"},{\"@type\":\"BreadcrumbList\",\"@id\":\"https:\/\/jornalfatosenoticias.com.br\/index.php\/2021\/05\/11\/sarau-de-poetas-pretas-marca-2o-dia-da-semana-da-denuncia-contra-o-racismo\/#breadcrumb\",\"itemListElement\":[{\"@type\":\"ListItem\",\"position\":1,\"name\":\"In\u00edcio\",\"item\":\"https:\/\/jornalfatosenoticias.com.br\/\"},{\"@type\":\"ListItem\",\"position\":2,\"name\":\"Sarau de poetas pretas marca 2\u00ba dia da &#8216;Semana da Den\u00fancia contra o Racismo&#8217;\"}]},{\"@type\":\"WebSite\",\"@id\":\"https:\/\/jornalfatosenoticias.com.br\/#website\",\"url\":\"https:\/\/jornalfatosenoticias.com.br\/\",\"name\":\"Jornal Fatos e Not\u00edcias\",\"description\":\"Not\u00edcias em geral\",\"publisher\":{\"@id\":\"https:\/\/jornalfatosenoticias.com.br\/#organization\"},\"potentialAction\":[{\"@type\":\"SearchAction\",\"target\":{\"@type\":\"EntryPoint\",\"urlTemplate\":\"https:\/\/jornalfatosenoticias.com.br\/?s={search_term_string}\"},\"query-input\":{\"@type\":\"PropertyValueSpecification\",\"valueRequired\":true,\"valueName\":\"search_term_string\"}}],\"inLanguage\":\"pt-BR\"},{\"@type\":\"Organization\",\"@id\":\"https:\/\/jornalfatosenoticias.com.br\/#organization\",\"name\":\"Jornal Fatos e Not\u00edcias\",\"url\":\"https:\/\/jornalfatosenoticias.com.br\/\",\"logo\":{\"@type\":\"ImageObject\",\"inLanguage\":\"pt-BR\",\"@id\":\"https:\/\/jornalfatosenoticias.com.br\/#\/schema\/logo\/image\/\",\"url\":\"https:\/\/jornalfatosenoticias.com.br\/wp-content\/uploads\/2020\/02\/logo120.png\",\"contentUrl\":\"https:\/\/jornalfatosenoticias.com.br\/wp-content\/uploads\/2020\/02\/logo120.png\",\"width\":1227,\"height\":120,\"caption\":\"Jornal Fatos e Not\u00edcias\"},\"image\":{\"@id\":\"https:\/\/jornalfatosenoticias.com.br\/#\/schema\/logo\/image\/\"}},{\"@type\":\"Person\",\"@id\":\"https:\/\/jornalfatosenoticias.com.br\/#\/schema\/person\/d63837fa13ac8666eb9e74e0985d6f81\",\"name\":\"Luzimara Fernandes\",\"image\":{\"@type\":\"ImageObject\",\"inLanguage\":\"pt-BR\",\"@id\":\"https:\/\/jornalfatosenoticias.com.br\/#\/schema\/person\/image\/\",\"url\":\"https:\/\/jornalfatosenoticias.com.br\/wp-content\/uploads\/2025\/05\/EU_portal.jpg\",\"contentUrl\":\"https:\/\/jornalfatosenoticias.com.br\/wp-content\/uploads\/2025\/05\/EU_portal.jpg\",\"caption\":\"Luzimara Fernandes\"},\"description\":\"Jornalista MTB 2358-ES\",\"sameAs\":[\"https:\/\/jornalfatosenoticias.com.br\"],\"url\":\"https:\/\/jornalfatosenoticias.com.br\/index.php\/author\/luzimara\/\"}]}<\/script>\n<!-- \/ Yoast SEO plugin. -->","yoast_head_json":{"title":"Sarau de poetas pretas marca 2\u00ba dia da 'Semana da Den\u00fancia contra o Racismo' - Jornal Fatos e Not\u00edcias","robots":{"index":"index","follow":"follow","max-snippet":"max-snippet:-1","max-image-preview":"max-image-preview:large","max-video-preview":"max-video-preview:-1"},"canonical":"https:\/\/jornalfatosenoticias.com.br\/index.php\/2021\/05\/11\/sarau-de-poetas-pretas-marca-2o-dia-da-semana-da-denuncia-contra-o-racismo\/","og_locale":"pt_BR","og_type":"article","og_title":"Sarau de poetas pretas marca 2\u00ba dia da 'Semana da Den\u00fancia contra o Racismo' - Jornal Fatos e Not\u00edcias","og_description":"O sarau da Casa AmarEla tem como finalidade levar poesia, leituras dram\u00e1ticas e performance \u00e0s casas A &#8220;Semana da Den\u00fancia contra o Racismo&#8221; chega ao segundo dia repleta de falas fortes, sinceras e carregadas de hist\u00f3ria. Essa \u00e9 a proposta do &#8220;Sarau das poetas pretas perif\u00e9ricas&#8221;, que vai ao ar nesta ter\u00e7a-feira (11), a partir [&hellip;]","og_url":"https:\/\/jornalfatosenoticias.com.br\/index.php\/2021\/05\/11\/sarau-de-poetas-pretas-marca-2o-dia-da-semana-da-denuncia-contra-o-racismo\/","og_site_name":"Jornal Fatos e Not\u00edcias","article_published_time":"2021-05-11T11:49:08+00:00","article_modified_time":"2021-05-11T11:49:12+00:00","og_image":[{"width":1000,"height":675,"url":"https:\/\/jornalfatosenoticias.com.br\/wp-content\/uploads\/2021\/05\/sarau.jpg","type":"image\/jpeg"}],"author":"Luzimara Fernandes","twitter_card":"summary_large_image","twitter_misc":{"Escrito por":"Luzimara Fernandes","Est. tempo de leitura":"4 minutos"},"schema":{"@context":"https:\/\/schema.org","@graph":[{"@type":"Article","@id":"https:\/\/jornalfatosenoticias.com.br\/index.php\/2021\/05\/11\/sarau-de-poetas-pretas-marca-2o-dia-da-semana-da-denuncia-contra-o-racismo\/#article","isPartOf":{"@id":"https:\/\/jornalfatosenoticias.com.br\/index.php\/2021\/05\/11\/sarau-de-poetas-pretas-marca-2o-dia-da-semana-da-denuncia-contra-o-racismo\/"},"author":{"name":"Luzimara Fernandes","@id":"https:\/\/jornalfatosenoticias.com.br\/#\/schema\/person\/d63837fa13ac8666eb9e74e0985d6f81"},"headline":"Sarau de poetas pretas marca 2\u00ba dia da &#8216;Semana da Den\u00fancia contra o Racismo&#8217;","datePublished":"2021-05-11T11:49:08+00:00","dateModified":"2021-05-11T11:49:12+00:00","mainEntityOfPage":{"@id":"https:\/\/jornalfatosenoticias.com.br\/index.php\/2021\/05\/11\/sarau-de-poetas-pretas-marca-2o-dia-da-semana-da-denuncia-contra-o-racismo\/"},"wordCount":728,"commentCount":0,"publisher":{"@id":"https:\/\/jornalfatosenoticias.com.br\/#organization"},"image":{"@id":"https:\/\/jornalfatosenoticias.com.br\/index.php\/2021\/05\/11\/sarau-de-poetas-pretas-marca-2o-dia-da-semana-da-denuncia-contra-o-racismo\/#primaryimage"},"thumbnailUrl":"https:\/\/jornalfatosenoticias.com.br\/wp-content\/uploads\/2021\/05\/sarau.jpg","keywords":["13 de maio","cultura","Lei \u00c1urea","Mucane","racismo","sarau"],"articleSection":["Cultura"],"inLanguage":"pt-BR","potentialAction":[{"@type":"CommentAction","name":"Comment","target":["https:\/\/jornalfatosenoticias.com.br\/index.php\/2021\/05\/11\/sarau-de-poetas-pretas-marca-2o-dia-da-semana-da-denuncia-contra-o-racismo\/#respond"]}]},{"@type":"WebPage","@id":"https:\/\/jornalfatosenoticias.com.br\/index.php\/2021\/05\/11\/sarau-de-poetas-pretas-marca-2o-dia-da-semana-da-denuncia-contra-o-racismo\/","url":"https:\/\/jornalfatosenoticias.com.br\/index.php\/2021\/05\/11\/sarau-de-poetas-pretas-marca-2o-dia-da-semana-da-denuncia-contra-o-racismo\/","name":"Sarau de poetas pretas marca 2\u00ba dia da 'Semana da Den\u00fancia contra o Racismo' - Jornal Fatos e Not\u00edcias","isPartOf":{"@id":"https:\/\/jornalfatosenoticias.com.br\/#website"},"primaryImageOfPage":{"@id":"https:\/\/jornalfatosenoticias.com.br\/index.php\/2021\/05\/11\/sarau-de-poetas-pretas-marca-2o-dia-da-semana-da-denuncia-contra-o-racismo\/#primaryimage"},"image":{"@id":"https:\/\/jornalfatosenoticias.com.br\/index.php\/2021\/05\/11\/sarau-de-poetas-pretas-marca-2o-dia-da-semana-da-denuncia-contra-o-racismo\/#primaryimage"},"thumbnailUrl":"https:\/\/jornalfatosenoticias.com.br\/wp-content\/uploads\/2021\/05\/sarau.jpg","datePublished":"2021-05-11T11:49:08+00:00","dateModified":"2021-05-11T11:49:12+00:00","breadcrumb":{"@id":"https:\/\/jornalfatosenoticias.com.br\/index.php\/2021\/05\/11\/sarau-de-poetas-pretas-marca-2o-dia-da-semana-da-denuncia-contra-o-racismo\/#breadcrumb"},"inLanguage":"pt-BR","potentialAction":[{"@type":"ReadAction","target":["https:\/\/jornalfatosenoticias.com.br\/index.php\/2021\/05\/11\/sarau-de-poetas-pretas-marca-2o-dia-da-semana-da-denuncia-contra-o-racismo\/"]}]},{"@type":"ImageObject","inLanguage":"pt-BR","@id":"https:\/\/jornalfatosenoticias.com.br\/index.php\/2021\/05\/11\/sarau-de-poetas-pretas-marca-2o-dia-da-semana-da-denuncia-contra-o-racismo\/#primaryimage","url":"https:\/\/jornalfatosenoticias.com.br\/wp-content\/uploads\/2021\/05\/sarau.jpg","contentUrl":"https:\/\/jornalfatosenoticias.com.br\/wp-content\/uploads\/2021\/05\/sarau.jpg","width":1000,"height":675,"caption":"Priscilla Gomes \/ Casa Amarela"},{"@type":"BreadcrumbList","@id":"https:\/\/jornalfatosenoticias.com.br\/index.php\/2021\/05\/11\/sarau-de-poetas-pretas-marca-2o-dia-da-semana-da-denuncia-contra-o-racismo\/#breadcrumb","itemListElement":[{"@type":"ListItem","position":1,"name":"In\u00edcio","item":"https:\/\/jornalfatosenoticias.com.br\/"},{"@type":"ListItem","position":2,"name":"Sarau de poetas pretas marca 2\u00ba dia da &#8216;Semana da Den\u00fancia contra o Racismo&#8217;"}]},{"@type":"WebSite","@id":"https:\/\/jornalfatosenoticias.com.br\/#website","url":"https:\/\/jornalfatosenoticias.com.br\/","name":"Jornal Fatos e Not\u00edcias","description":"Not\u00edcias em geral","publisher":{"@id":"https:\/\/jornalfatosenoticias.com.br\/#organization"},"potentialAction":[{"@type":"SearchAction","target":{"@type":"EntryPoint","urlTemplate":"https:\/\/jornalfatosenoticias.com.br\/?s={search_term_string}"},"query-input":{"@type":"PropertyValueSpecification","valueRequired":true,"valueName":"search_term_string"}}],"inLanguage":"pt-BR"},{"@type":"Organization","@id":"https:\/\/jornalfatosenoticias.com.br\/#organization","name":"Jornal Fatos e Not\u00edcias","url":"https:\/\/jornalfatosenoticias.com.br\/","logo":{"@type":"ImageObject","inLanguage":"pt-BR","@id":"https:\/\/jornalfatosenoticias.com.br\/#\/schema\/logo\/image\/","url":"https:\/\/jornalfatosenoticias.com.br\/wp-content\/uploads\/2020\/02\/logo120.png","contentUrl":"https:\/\/jornalfatosenoticias.com.br\/wp-content\/uploads\/2020\/02\/logo120.png","width":1227,"height":120,"caption":"Jornal Fatos e Not\u00edcias"},"image":{"@id":"https:\/\/jornalfatosenoticias.com.br\/#\/schema\/logo\/image\/"}},{"@type":"Person","@id":"https:\/\/jornalfatosenoticias.com.br\/#\/schema\/person\/d63837fa13ac8666eb9e74e0985d6f81","name":"Luzimara Fernandes","image":{"@type":"ImageObject","inLanguage":"pt-BR","@id":"https:\/\/jornalfatosenoticias.com.br\/#\/schema\/person\/image\/","url":"https:\/\/jornalfatosenoticias.com.br\/wp-content\/uploads\/2025\/05\/EU_portal.jpg","contentUrl":"https:\/\/jornalfatosenoticias.com.br\/wp-content\/uploads\/2025\/05\/EU_portal.jpg","caption":"Luzimara Fernandes"},"description":"Jornalista MTB 2358-ES","sameAs":["https:\/\/jornalfatosenoticias.com.br"],"url":"https:\/\/jornalfatosenoticias.com.br\/index.php\/author\/luzimara\/"}]}},"cc_featured_image_caption":{"caption_text":"Priscilla Gomes (Foto: Divulga\u00e7\u00e3o Semc) ","source_text":"","source_url":""},"jetpack_featured_media_url":"https:\/\/jornalfatosenoticias.com.br\/wp-content\/uploads\/2021\/05\/sarau.jpg","_links":{"self":[{"href":"https:\/\/jornalfatosenoticias.com.br\/index.php\/wp-json\/wp\/v2\/posts\/18050","targetHints":{"allow":["GET"]}}],"collection":[{"href":"https:\/\/jornalfatosenoticias.com.br\/index.php\/wp-json\/wp\/v2\/posts"}],"about":[{"href":"https:\/\/jornalfatosenoticias.com.br\/index.php\/wp-json\/wp\/v2\/types\/post"}],"author":[{"embeddable":true,"href":"https:\/\/jornalfatosenoticias.com.br\/index.php\/wp-json\/wp\/v2\/users\/2"}],"replies":[{"embeddable":true,"href":"https:\/\/jornalfatosenoticias.com.br\/index.php\/wp-json\/wp\/v2\/comments?post=18050"}],"version-history":[{"count":0,"href":"https:\/\/jornalfatosenoticias.com.br\/index.php\/wp-json\/wp\/v2\/posts\/18050\/revisions"}],"wp:featuredmedia":[{"embeddable":true,"href":"https:\/\/jornalfatosenoticias.com.br\/index.php\/wp-json\/wp\/v2\/media\/18051"}],"wp:attachment":[{"href":"https:\/\/jornalfatosenoticias.com.br\/index.php\/wp-json\/wp\/v2\/media?parent=18050"}],"wp:term":[{"taxonomy":"category","embeddable":true,"href":"https:\/\/jornalfatosenoticias.com.br\/index.php\/wp-json\/wp\/v2\/categories?post=18050"},{"taxonomy":"post_tag","embeddable":true,"href":"https:\/\/jornalfatosenoticias.com.br\/index.php\/wp-json\/wp\/v2\/tags?post=18050"}],"curies":[{"name":"wp","href":"https:\/\/api.w.org\/{rel}","templated":true}]}}