{"id":18057,"date":"2021-05-11T09:21:37","date_gmt":"2021-05-11T12:21:37","guid":{"rendered":"https:\/\/jornalfatosenoticias.com.br\/?p=18057"},"modified":"2021-05-11T09:21:42","modified_gmt":"2021-05-11T12:21:42","slug":"arqueologos-encontram-cabeca-de-marmore-de-dois-mil-anos-na-italia","status":"publish","type":"post","link":"https:\/\/jornalfatosenoticias.com.br\/index.php\/2021\/05\/11\/arqueologos-encontram-cabeca-de-marmore-de-dois-mil-anos-na-italia\/","title":{"rendered":"Arque\u00f3logos encontram cabe\u00e7a de m\u00e1rmore de dois mil anos na It\u00e1lia"},"content":{"rendered":"\n<p><em>A pe\u00e7a representa o primeiro imperador de Roma, Augusto<\/em><\/p>\n\n\n\n<p>De acordo com informa\u00e7\u00f5es publicadas pelo portal de not\u00edcias <a href=\"https:\/\/www.cnnbrasil.com.br\/tecnologia\/2021\/05\/07\/cabeca-de-marmore-de-2000-anos-do-primeiro-imperador-de-roma-e-descoberta\" rel=\"noreferrer noopener\" target=\"_blank\">CNN<\/a>, enquanto realizavam um trabalho de restaura\u00e7\u00e3o em uma parede medieval que desabou em Isernia, na It\u00e1lia, o arque\u00f3logo <strong>Francesco Giancola<\/strong> e sua equipe se depararam com um achado impressionante.<br>Segundo revelado na publica\u00e7\u00e3o, na ocasi\u00e3o, os pesquisadores encontraram uma cabe\u00e7a de m\u00e1rmore que representa o primeiro <a href=\"https:\/\/aventurasnahistoria.uol.com.br\/noticias\/almanaque\/historia-fim-levou-ultimo-cesar.phtml\" rel=\"noreferrer noopener\" target=\"_blank\">imperador de Roma<\/a>,\u00a0<strong>Augusto<\/strong>, que se tornou l\u00edder em 27 a.C.<br>Os arque\u00f3logos sabiam da import\u00e2ncia hist\u00f3rica da comuna <a href=\"https:\/\/aventurasnahistoria.uol.com.br\/noticias\/almanaque\/historia-romeu-e-julieta-da-segunda-guerra-o-amor-proibido-entre-edda-mussolini-e-um-comunista.phtml\" rel=\"noreferrer noopener\" target=\"_blank\">italiana<\/a> de Isernia, mas n\u00e3o esperavam encontrar algo t\u00e3o importante.<br>&#8220;Enquanto est\u00e1vamos cavando atr\u00e1s da parede, vi que a terra mudou de cor [\u2026] Continuamos a cavar com esp\u00e1tulas de precis\u00e3o e saiu um bloco de m\u00e1rmore. Imediatamente vi que era uma cabe\u00e7a que reconheci como pertencente a uma est\u00e1tua de <strong>Augusto<\/strong>, devido ao cabelo, ao formato e corte dos olhos&#8221;, relatou <strong>Giancola<\/strong>.<br>De acordo com os especialistas, a pe\u00e7a de 35 cent\u00edmetros tem aproximadamente dois mil anos e pode ser datada entre 20 a.C e 10 d.C. Os arque\u00f3logos acreditam que a cabe\u00e7a tenha sido deslocada de uma est\u00e1tua de mais de dois metros.<br>Segundo a arque\u00f3loga <strong>Maria Diletta Colombo<\/strong>, a pe\u00e7a foi feita com m\u00e1rmore Lunigiana \u2014 mais conhecido como m\u00e1rmore de Carrara \u2014 que tamb\u00e9m era usado pelo artista renascentista <strong>Michelangelo<\/strong>.<\/p>\n\n\n\n<figure class=\"wp-block-image size-large\"><img loading=\"lazy\" decoding=\"async\" width=\"1000\" height=\"562\" src=\"https:\/\/jornalfatosenoticias.com.br\/wp-content\/uploads\/2021\/05\/cabeca_marmore_2.jpg\" alt=\"\" class=\"wp-image-18058\" srcset=\"https:\/\/jornalfatosenoticias.com.br\/wp-content\/uploads\/2021\/05\/cabeca_marmore_2.jpg 1000w, https:\/\/jornalfatosenoticias.com.br\/wp-content\/uploads\/2021\/05\/cabeca_marmore_2-300x169.jpg 300w, https:\/\/jornalfatosenoticias.com.br\/wp-content\/uploads\/2021\/05\/cabeca_marmore_2-768x432.jpg 768w\" sizes=\"auto, (max-width: 1000px) 100vw, 1000px\" \/><figcaption><em>Cabe\u00e7a de m\u00e1rmore representando o imperador Augusto (Foto: Divulga\u00e7\u00e3o\/MIBACTmolise\/Facebook)<\/em><\/figcaption><\/figure>\n\n\n\n<p>Sabe-se que, ao encontrarem a cabe\u00e7a de <a href=\"https:\/\/aventurasnahistoria.uol.com.br\/noticias\/historia-hoje\/as-estatuas-gregas-e-romanas-nao-eram-brancas.phtml\" rel=\"noreferrer noopener\" target=\"_blank\">m\u00e1rmore<\/a>, os arque\u00f3logos acionaram as autoridades locais. De acordo com o prefeito, a pe\u00e7a est\u00e1 passando por an\u00e1lises e deve ser encaminhada para o museu Santa Maria delle Monache, em Isernia, It\u00e1lia.<\/p>\n\n\n\n<p><strong><span class=\"has-inline-color has-vivid-red-color\">Sobre Roma Antiga<br><\/span><\/strong>A capital do imp\u00e9rio mais importante e poderoso que o mundo j\u00e1 conheceu: a Roma Antiga, em seu \u00e1pice era quase id\u00eantica \u00e0s metr\u00f3poles atuais (mas sem a polui\u00e7\u00e3o no ar, claro). Ali\u00e1s, Roma era ainda mais apinhada que os exemplos anteriores: no ano 200 alcan\u00e7ou um milh\u00e3o de habitantes e sua densidade demogr\u00e1fica atingiu 66 mil pessoas por km\u00b2 (hoje, a cidade mais apertada do mundo \u00e9 Mumbai, na \u00cdndia, com 29.650 pessoas por km\u00b2).<br>O Imp\u00e9rio Romano \u00e9 mundialmente conhecido por sua cultura, arquitetura, literatura e hist\u00f3ria vasta, repleta de batalhas e trai\u00e7\u00f5es.<\/p>\n\n\n\n<p><em><strong>Fonte: <a href=\"https:\/\/aventurasnahistoria.uol.com.br\/noticias\/historia-hoje\/arqueologos-encontram-cabeca-de-marmore-de-2-mil-anos-durante-escavacao-na-italia.phtml\">Aventuras na Hist\u00f3ria<\/a><\/strong><\/em><\/p>\n","protected":false},"excerpt":{"rendered":"<p>A pe\u00e7a representa o primeiro imperador de Roma, Augusto De acordo com informa\u00e7\u00f5es publicadas pelo portal de not\u00edcias CNN, enquanto realizavam um trabalho de restaura\u00e7\u00e3o em uma parede medieval que desabou em Isernia, na It\u00e1lia, o arque\u00f3logo Francesco Giancola e sua equipe se depararam com um achado impressionante.Segundo revelado na publica\u00e7\u00e3o, na ocasi\u00e3o, os pesquisadores [&hellip;]<\/p>\n","protected":false},"author":2,"featured_media":18059,"comment_status":"open","ping_status":"open","sticky":false,"template":"","format":"standard","meta":{"footnotes":""},"categories":[2],"tags":[1478,8944,8946,8945,124,8947,4992],"class_list":["post-18057","post","type-post","status-publish","format-standard","has-post-thumbnail","hentry","category-ciencia","tag-arqueologia","tag-augusto","tag-cabeca","tag-imperador","tag-italia","tag-marmore","tag-roma-2"],"yoast_head":"<!-- This site is optimized with the Yoast SEO plugin v26.5 - https:\/\/yoast.com\/wordpress\/plugins\/seo\/ -->\n<title>Arque\u00f3logos encontram cabe\u00e7a de m\u00e1rmore de dois mil anos na It\u00e1lia - Jornal Fatos e Not\u00edcias<\/title>\n<meta name=\"robots\" content=\"index, follow, max-snippet:-1, max-image-preview:large, max-video-preview:-1\" \/>\n<link rel=\"canonical\" href=\"https:\/\/jornalfatosenoticias.com.br\/index.php\/2021\/05\/11\/arqueologos-encontram-cabeca-de-marmore-de-dois-mil-anos-na-italia\/\" \/>\n<meta property=\"og:locale\" content=\"pt_BR\" \/>\n<meta property=\"og:type\" content=\"article\" \/>\n<meta property=\"og:title\" content=\"Arque\u00f3logos encontram cabe\u00e7a de m\u00e1rmore de dois mil anos na It\u00e1lia - Jornal Fatos e Not\u00edcias\" \/>\n<meta property=\"og:description\" content=\"A pe\u00e7a representa o primeiro imperador de Roma, Augusto De acordo com informa\u00e7\u00f5es publicadas pelo portal de not\u00edcias CNN, enquanto realizavam um trabalho de restaura\u00e7\u00e3o em uma parede medieval que desabou em Isernia, na It\u00e1lia, o arque\u00f3logo Francesco Giancola e sua equipe se depararam com um achado impressionante.Segundo revelado na publica\u00e7\u00e3o, na ocasi\u00e3o, os pesquisadores [&hellip;]\" \/>\n<meta property=\"og:url\" content=\"https:\/\/jornalfatosenoticias.com.br\/index.php\/2021\/05\/11\/arqueologos-encontram-cabeca-de-marmore-de-dois-mil-anos-na-italia\/\" \/>\n<meta property=\"og:site_name\" content=\"Jornal Fatos e Not\u00edcias\" \/>\n<meta property=\"article:published_time\" content=\"2021-05-11T12:21:37+00:00\" \/>\n<meta property=\"article:modified_time\" content=\"2021-05-11T12:21:42+00:00\" \/>\n<meta property=\"og:image\" content=\"https:\/\/jornalfatosenoticias.com.br\/wp-content\/uploads\/2021\/05\/cabeca_marmore_Augusto.jpg\" \/>\n\t<meta property=\"og:image:width\" content=\"1000\" \/>\n\t<meta property=\"og:image:height\" content=\"562\" \/>\n\t<meta property=\"og:image:type\" content=\"image\/jpeg\" \/>\n<meta name=\"author\" content=\"Luzimara Fernandes\" \/>\n<meta name=\"twitter:card\" content=\"summary_large_image\" \/>\n<meta name=\"twitter:label1\" content=\"Escrito por\" \/>\n\t<meta name=\"twitter:data1\" content=\"Luzimara Fernandes\" \/>\n\t<meta name=\"twitter:label2\" content=\"Est. tempo de leitura\" \/>\n\t<meta name=\"twitter:data2\" content=\"2 minutos\" \/>\n<script type=\"application\/ld+json\" class=\"yoast-schema-graph\">{\"@context\":\"https:\/\/schema.org\",\"@graph\":[{\"@type\":\"Article\",\"@id\":\"https:\/\/jornalfatosenoticias.com.br\/index.php\/2021\/05\/11\/arqueologos-encontram-cabeca-de-marmore-de-dois-mil-anos-na-italia\/#article\",\"isPartOf\":{\"@id\":\"https:\/\/jornalfatosenoticias.com.br\/index.php\/2021\/05\/11\/arqueologos-encontram-cabeca-de-marmore-de-dois-mil-anos-na-italia\/\"},\"author\":{\"name\":\"Luzimara Fernandes\",\"@id\":\"https:\/\/jornalfatosenoticias.com.br\/#\/schema\/person\/d63837fa13ac8666eb9e74e0985d6f81\"},\"headline\":\"Arque\u00f3logos encontram cabe\u00e7a de m\u00e1rmore de dois mil anos na It\u00e1lia\",\"datePublished\":\"2021-05-11T12:21:37+00:00\",\"dateModified\":\"2021-05-11T12:21:42+00:00\",\"mainEntityOfPage\":{\"@id\":\"https:\/\/jornalfatosenoticias.com.br\/index.php\/2021\/05\/11\/arqueologos-encontram-cabeca-de-marmore-de-dois-mil-anos-na-italia\/\"},\"wordCount\":430,\"commentCount\":0,\"publisher\":{\"@id\":\"https:\/\/jornalfatosenoticias.com.br\/#organization\"},\"image\":{\"@id\":\"https:\/\/jornalfatosenoticias.com.br\/index.php\/2021\/05\/11\/arqueologos-encontram-cabeca-de-marmore-de-dois-mil-anos-na-italia\/#primaryimage\"},\"thumbnailUrl\":\"https:\/\/jornalfatosenoticias.com.br\/wp-content\/uploads\/2021\/05\/cabeca_marmore_Augusto.jpg\",\"keywords\":[\"arqueologia\",\"Augusto\",\"cabe\u00e7a\",\"imperador\",\"It\u00e1lia\",\"m\u00e1rmore\",\"Roma\"],\"articleSection\":[\"Ci\u00eancia\"],\"inLanguage\":\"pt-BR\",\"potentialAction\":[{\"@type\":\"CommentAction\",\"name\":\"Comment\",\"target\":[\"https:\/\/jornalfatosenoticias.com.br\/index.php\/2021\/05\/11\/arqueologos-encontram-cabeca-de-marmore-de-dois-mil-anos-na-italia\/#respond\"]}]},{\"@type\":\"WebPage\",\"@id\":\"https:\/\/jornalfatosenoticias.com.br\/index.php\/2021\/05\/11\/arqueologos-encontram-cabeca-de-marmore-de-dois-mil-anos-na-italia\/\",\"url\":\"https:\/\/jornalfatosenoticias.com.br\/index.php\/2021\/05\/11\/arqueologos-encontram-cabeca-de-marmore-de-dois-mil-anos-na-italia\/\",\"name\":\"Arque\u00f3logos encontram cabe\u00e7a de m\u00e1rmore de dois mil anos na It\u00e1lia - Jornal Fatos e Not\u00edcias\",\"isPartOf\":{\"@id\":\"https:\/\/jornalfatosenoticias.com.br\/#website\"},\"primaryImageOfPage\":{\"@id\":\"https:\/\/jornalfatosenoticias.com.br\/index.php\/2021\/05\/11\/arqueologos-encontram-cabeca-de-marmore-de-dois-mil-anos-na-italia\/#primaryimage\"},\"image\":{\"@id\":\"https:\/\/jornalfatosenoticias.com.br\/index.php\/2021\/05\/11\/arqueologos-encontram-cabeca-de-marmore-de-dois-mil-anos-na-italia\/#primaryimage\"},\"thumbnailUrl\":\"https:\/\/jornalfatosenoticias.com.br\/wp-content\/uploads\/2021\/05\/cabeca_marmore_Augusto.jpg\",\"datePublished\":\"2021-05-11T12:21:37+00:00\",\"dateModified\":\"2021-05-11T12:21:42+00:00\",\"breadcrumb\":{\"@id\":\"https:\/\/jornalfatosenoticias.com.br\/index.php\/2021\/05\/11\/arqueologos-encontram-cabeca-de-marmore-de-dois-mil-anos-na-italia\/#breadcrumb\"},\"inLanguage\":\"pt-BR\",\"potentialAction\":[{\"@type\":\"ReadAction\",\"target\":[\"https:\/\/jornalfatosenoticias.com.br\/index.php\/2021\/05\/11\/arqueologos-encontram-cabeca-de-marmore-de-dois-mil-anos-na-italia\/\"]}]},{\"@type\":\"ImageObject\",\"inLanguage\":\"pt-BR\",\"@id\":\"https:\/\/jornalfatosenoticias.com.br\/index.php\/2021\/05\/11\/arqueologos-encontram-cabeca-de-marmore-de-dois-mil-anos-na-italia\/#primaryimage\",\"url\":\"https:\/\/jornalfatosenoticias.com.br\/wp-content\/uploads\/2021\/05\/cabeca_marmore_Augusto.jpg\",\"contentUrl\":\"https:\/\/jornalfatosenoticias.com.br\/wp-content\/uploads\/2021\/05\/cabeca_marmore_Augusto.jpg\",\"width\":1000,\"height\":562},{\"@type\":\"BreadcrumbList\",\"@id\":\"https:\/\/jornalfatosenoticias.com.br\/index.php\/2021\/05\/11\/arqueologos-encontram-cabeca-de-marmore-de-dois-mil-anos-na-italia\/#breadcrumb\",\"itemListElement\":[{\"@type\":\"ListItem\",\"position\":1,\"name\":\"In\u00edcio\",\"item\":\"https:\/\/jornalfatosenoticias.com.br\/\"},{\"@type\":\"ListItem\",\"position\":2,\"name\":\"Arque\u00f3logos encontram cabe\u00e7a de m\u00e1rmore de dois mil anos na It\u00e1lia\"}]},{\"@type\":\"WebSite\",\"@id\":\"https:\/\/jornalfatosenoticias.com.br\/#website\",\"url\":\"https:\/\/jornalfatosenoticias.com.br\/\",\"name\":\"Jornal Fatos e Not\u00edcias\",\"description\":\"Not\u00edcias em geral\",\"publisher\":{\"@id\":\"https:\/\/jornalfatosenoticias.com.br\/#organization\"},\"potentialAction\":[{\"@type\":\"SearchAction\",\"target\":{\"@type\":\"EntryPoint\",\"urlTemplate\":\"https:\/\/jornalfatosenoticias.com.br\/?s={search_term_string}\"},\"query-input\":{\"@type\":\"PropertyValueSpecification\",\"valueRequired\":true,\"valueName\":\"search_term_string\"}}],\"inLanguage\":\"pt-BR\"},{\"@type\":\"Organization\",\"@id\":\"https:\/\/jornalfatosenoticias.com.br\/#organization\",\"name\":\"Jornal Fatos e Not\u00edcias\",\"url\":\"https:\/\/jornalfatosenoticias.com.br\/\",\"logo\":{\"@type\":\"ImageObject\",\"inLanguage\":\"pt-BR\",\"@id\":\"https:\/\/jornalfatosenoticias.com.br\/#\/schema\/logo\/image\/\",\"url\":\"https:\/\/jornalfatosenoticias.com.br\/wp-content\/uploads\/2020\/02\/logo120.png\",\"contentUrl\":\"https:\/\/jornalfatosenoticias.com.br\/wp-content\/uploads\/2020\/02\/logo120.png\",\"width\":1227,\"height\":120,\"caption\":\"Jornal Fatos e Not\u00edcias\"},\"image\":{\"@id\":\"https:\/\/jornalfatosenoticias.com.br\/#\/schema\/logo\/image\/\"}},{\"@type\":\"Person\",\"@id\":\"https:\/\/jornalfatosenoticias.com.br\/#\/schema\/person\/d63837fa13ac8666eb9e74e0985d6f81\",\"name\":\"Luzimara Fernandes\",\"image\":{\"@type\":\"ImageObject\",\"inLanguage\":\"pt-BR\",\"@id\":\"https:\/\/jornalfatosenoticias.com.br\/#\/schema\/person\/image\/\",\"url\":\"https:\/\/jornalfatosenoticias.com.br\/wp-content\/uploads\/2025\/05\/EU_portal.jpg\",\"contentUrl\":\"https:\/\/jornalfatosenoticias.com.br\/wp-content\/uploads\/2025\/05\/EU_portal.jpg\",\"caption\":\"Luzimara Fernandes\"},\"description\":\"Jornalista MTB 2358-ES\",\"sameAs\":[\"https:\/\/jornalfatosenoticias.com.br\"],\"url\":\"https:\/\/jornalfatosenoticias.com.br\/index.php\/author\/luzimara\/\"}]}<\/script>\n<!-- \/ Yoast SEO plugin. -->","yoast_head_json":{"title":"Arque\u00f3logos encontram cabe\u00e7a de m\u00e1rmore de dois mil anos na It\u00e1lia - Jornal Fatos e Not\u00edcias","robots":{"index":"index","follow":"follow","max-snippet":"max-snippet:-1","max-image-preview":"max-image-preview:large","max-video-preview":"max-video-preview:-1"},"canonical":"https:\/\/jornalfatosenoticias.com.br\/index.php\/2021\/05\/11\/arqueologos-encontram-cabeca-de-marmore-de-dois-mil-anos-na-italia\/","og_locale":"pt_BR","og_type":"article","og_title":"Arque\u00f3logos encontram cabe\u00e7a de m\u00e1rmore de dois mil anos na It\u00e1lia - Jornal Fatos e Not\u00edcias","og_description":"A pe\u00e7a representa o primeiro imperador de Roma, Augusto De acordo com informa\u00e7\u00f5es publicadas pelo portal de not\u00edcias CNN, enquanto realizavam um trabalho de restaura\u00e7\u00e3o em uma parede medieval que desabou em Isernia, na It\u00e1lia, o arque\u00f3logo Francesco Giancola e sua equipe se depararam com um achado impressionante.Segundo revelado na publica\u00e7\u00e3o, na ocasi\u00e3o, os pesquisadores [&hellip;]","og_url":"https:\/\/jornalfatosenoticias.com.br\/index.php\/2021\/05\/11\/arqueologos-encontram-cabeca-de-marmore-de-dois-mil-anos-na-italia\/","og_site_name":"Jornal Fatos e Not\u00edcias","article_published_time":"2021-05-11T12:21:37+00:00","article_modified_time":"2021-05-11T12:21:42+00:00","og_image":[{"width":1000,"height":562,"url":"https:\/\/jornalfatosenoticias.com.br\/wp-content\/uploads\/2021\/05\/cabeca_marmore_Augusto.jpg","type":"image\/jpeg"}],"author":"Luzimara Fernandes","twitter_card":"summary_large_image","twitter_misc":{"Escrito por":"Luzimara Fernandes","Est. tempo de leitura":"2 minutos"},"schema":{"@context":"https:\/\/schema.org","@graph":[{"@type":"Article","@id":"https:\/\/jornalfatosenoticias.com.br\/index.php\/2021\/05\/11\/arqueologos-encontram-cabeca-de-marmore-de-dois-mil-anos-na-italia\/#article","isPartOf":{"@id":"https:\/\/jornalfatosenoticias.com.br\/index.php\/2021\/05\/11\/arqueologos-encontram-cabeca-de-marmore-de-dois-mil-anos-na-italia\/"},"author":{"name":"Luzimara Fernandes","@id":"https:\/\/jornalfatosenoticias.com.br\/#\/schema\/person\/d63837fa13ac8666eb9e74e0985d6f81"},"headline":"Arque\u00f3logos encontram cabe\u00e7a de m\u00e1rmore de dois mil anos na It\u00e1lia","datePublished":"2021-05-11T12:21:37+00:00","dateModified":"2021-05-11T12:21:42+00:00","mainEntityOfPage":{"@id":"https:\/\/jornalfatosenoticias.com.br\/index.php\/2021\/05\/11\/arqueologos-encontram-cabeca-de-marmore-de-dois-mil-anos-na-italia\/"},"wordCount":430,"commentCount":0,"publisher":{"@id":"https:\/\/jornalfatosenoticias.com.br\/#organization"},"image":{"@id":"https:\/\/jornalfatosenoticias.com.br\/index.php\/2021\/05\/11\/arqueologos-encontram-cabeca-de-marmore-de-dois-mil-anos-na-italia\/#primaryimage"},"thumbnailUrl":"https:\/\/jornalfatosenoticias.com.br\/wp-content\/uploads\/2021\/05\/cabeca_marmore_Augusto.jpg","keywords":["arqueologia","Augusto","cabe\u00e7a","imperador","It\u00e1lia","m\u00e1rmore","Roma"],"articleSection":["Ci\u00eancia"],"inLanguage":"pt-BR","potentialAction":[{"@type":"CommentAction","name":"Comment","target":["https:\/\/jornalfatosenoticias.com.br\/index.php\/2021\/05\/11\/arqueologos-encontram-cabeca-de-marmore-de-dois-mil-anos-na-italia\/#respond"]}]},{"@type":"WebPage","@id":"https:\/\/jornalfatosenoticias.com.br\/index.php\/2021\/05\/11\/arqueologos-encontram-cabeca-de-marmore-de-dois-mil-anos-na-italia\/","url":"https:\/\/jornalfatosenoticias.com.br\/index.php\/2021\/05\/11\/arqueologos-encontram-cabeca-de-marmore-de-dois-mil-anos-na-italia\/","name":"Arque\u00f3logos encontram cabe\u00e7a de m\u00e1rmore de dois mil anos na It\u00e1lia - Jornal Fatos e Not\u00edcias","isPartOf":{"@id":"https:\/\/jornalfatosenoticias.com.br\/#website"},"primaryImageOfPage":{"@id":"https:\/\/jornalfatosenoticias.com.br\/index.php\/2021\/05\/11\/arqueologos-encontram-cabeca-de-marmore-de-dois-mil-anos-na-italia\/#primaryimage"},"image":{"@id":"https:\/\/jornalfatosenoticias.com.br\/index.php\/2021\/05\/11\/arqueologos-encontram-cabeca-de-marmore-de-dois-mil-anos-na-italia\/#primaryimage"},"thumbnailUrl":"https:\/\/jornalfatosenoticias.com.br\/wp-content\/uploads\/2021\/05\/cabeca_marmore_Augusto.jpg","datePublished":"2021-05-11T12:21:37+00:00","dateModified":"2021-05-11T12:21:42+00:00","breadcrumb":{"@id":"https:\/\/jornalfatosenoticias.com.br\/index.php\/2021\/05\/11\/arqueologos-encontram-cabeca-de-marmore-de-dois-mil-anos-na-italia\/#breadcrumb"},"inLanguage":"pt-BR","potentialAction":[{"@type":"ReadAction","target":["https:\/\/jornalfatosenoticias.com.br\/index.php\/2021\/05\/11\/arqueologos-encontram-cabeca-de-marmore-de-dois-mil-anos-na-italia\/"]}]},{"@type":"ImageObject","inLanguage":"pt-BR","@id":"https:\/\/jornalfatosenoticias.com.br\/index.php\/2021\/05\/11\/arqueologos-encontram-cabeca-de-marmore-de-dois-mil-anos-na-italia\/#primaryimage","url":"https:\/\/jornalfatosenoticias.com.br\/wp-content\/uploads\/2021\/05\/cabeca_marmore_Augusto.jpg","contentUrl":"https:\/\/jornalfatosenoticias.com.br\/wp-content\/uploads\/2021\/05\/cabeca_marmore_Augusto.jpg","width":1000,"height":562},{"@type":"BreadcrumbList","@id":"https:\/\/jornalfatosenoticias.com.br\/index.php\/2021\/05\/11\/arqueologos-encontram-cabeca-de-marmore-de-dois-mil-anos-na-italia\/#breadcrumb","itemListElement":[{"@type":"ListItem","position":1,"name":"In\u00edcio","item":"https:\/\/jornalfatosenoticias.com.br\/"},{"@type":"ListItem","position":2,"name":"Arque\u00f3logos encontram cabe\u00e7a de m\u00e1rmore de dois mil anos na It\u00e1lia"}]},{"@type":"WebSite","@id":"https:\/\/jornalfatosenoticias.com.br\/#website","url":"https:\/\/jornalfatosenoticias.com.br\/","name":"Jornal Fatos e Not\u00edcias","description":"Not\u00edcias em geral","publisher":{"@id":"https:\/\/jornalfatosenoticias.com.br\/#organization"},"potentialAction":[{"@type":"SearchAction","target":{"@type":"EntryPoint","urlTemplate":"https:\/\/jornalfatosenoticias.com.br\/?s={search_term_string}"},"query-input":{"@type":"PropertyValueSpecification","valueRequired":true,"valueName":"search_term_string"}}],"inLanguage":"pt-BR"},{"@type":"Organization","@id":"https:\/\/jornalfatosenoticias.com.br\/#organization","name":"Jornal Fatos e Not\u00edcias","url":"https:\/\/jornalfatosenoticias.com.br\/","logo":{"@type":"ImageObject","inLanguage":"pt-BR","@id":"https:\/\/jornalfatosenoticias.com.br\/#\/schema\/logo\/image\/","url":"https:\/\/jornalfatosenoticias.com.br\/wp-content\/uploads\/2020\/02\/logo120.png","contentUrl":"https:\/\/jornalfatosenoticias.com.br\/wp-content\/uploads\/2020\/02\/logo120.png","width":1227,"height":120,"caption":"Jornal Fatos e Not\u00edcias"},"image":{"@id":"https:\/\/jornalfatosenoticias.com.br\/#\/schema\/logo\/image\/"}},{"@type":"Person","@id":"https:\/\/jornalfatosenoticias.com.br\/#\/schema\/person\/d63837fa13ac8666eb9e74e0985d6f81","name":"Luzimara Fernandes","image":{"@type":"ImageObject","inLanguage":"pt-BR","@id":"https:\/\/jornalfatosenoticias.com.br\/#\/schema\/person\/image\/","url":"https:\/\/jornalfatosenoticias.com.br\/wp-content\/uploads\/2025\/05\/EU_portal.jpg","contentUrl":"https:\/\/jornalfatosenoticias.com.br\/wp-content\/uploads\/2025\/05\/EU_portal.jpg","caption":"Luzimara Fernandes"},"description":"Jornalista MTB 2358-ES","sameAs":["https:\/\/jornalfatosenoticias.com.br"],"url":"https:\/\/jornalfatosenoticias.com.br\/index.php\/author\/luzimara\/"}]}},"cc_featured_image_caption":{"caption_text":"(Foto: Divulga\u00e7\u00e3o\/MIBACTmolise\/Facebook) ","source_text":"","source_url":""},"jetpack_featured_media_url":"https:\/\/jornalfatosenoticias.com.br\/wp-content\/uploads\/2021\/05\/cabeca_marmore_Augusto.jpg","_links":{"self":[{"href":"https:\/\/jornalfatosenoticias.com.br\/index.php\/wp-json\/wp\/v2\/posts\/18057","targetHints":{"allow":["GET"]}}],"collection":[{"href":"https:\/\/jornalfatosenoticias.com.br\/index.php\/wp-json\/wp\/v2\/posts"}],"about":[{"href":"https:\/\/jornalfatosenoticias.com.br\/index.php\/wp-json\/wp\/v2\/types\/post"}],"author":[{"embeddable":true,"href":"https:\/\/jornalfatosenoticias.com.br\/index.php\/wp-json\/wp\/v2\/users\/2"}],"replies":[{"embeddable":true,"href":"https:\/\/jornalfatosenoticias.com.br\/index.php\/wp-json\/wp\/v2\/comments?post=18057"}],"version-history":[{"count":0,"href":"https:\/\/jornalfatosenoticias.com.br\/index.php\/wp-json\/wp\/v2\/posts\/18057\/revisions"}],"wp:featuredmedia":[{"embeddable":true,"href":"https:\/\/jornalfatosenoticias.com.br\/index.php\/wp-json\/wp\/v2\/media\/18059"}],"wp:attachment":[{"href":"https:\/\/jornalfatosenoticias.com.br\/index.php\/wp-json\/wp\/v2\/media?parent=18057"}],"wp:term":[{"taxonomy":"category","embeddable":true,"href":"https:\/\/jornalfatosenoticias.com.br\/index.php\/wp-json\/wp\/v2\/categories?post=18057"},{"taxonomy":"post_tag","embeddable":true,"href":"https:\/\/jornalfatosenoticias.com.br\/index.php\/wp-json\/wp\/v2\/tags?post=18057"}],"curies":[{"name":"wp","href":"https:\/\/api.w.org\/{rel}","templated":true}]}}