{"id":18085,"date":"2021-05-11T14:16:48","date_gmt":"2021-05-11T17:16:48","guid":{"rendered":"https:\/\/jornalfatosenoticias.com.br\/?p=18085"},"modified":"2021-05-11T14:16:48","modified_gmt":"2021-05-11T17:16:48","slug":"mais-de-700-mil-pessoas-viveram-no-auge-deste-imperio-medieval-no-camboja","status":"publish","type":"post","link":"https:\/\/jornalfatosenoticias.com.br\/index.php\/2021\/05\/11\/mais-de-700-mil-pessoas-viveram-no-auge-deste-imperio-medieval-no-camboja\/","title":{"rendered":"Mais de 700 mil pessoas viveram no auge deste imp\u00e9rio medieval no Camboja"},"content":{"rendered":"\n<p><em>Arque\u00f3logos utilizaram tecnologia para tra\u00e7ar um retrato detalhado do crescimento de uma das maiores cidades do mundo na Idade M\u00e9dia: Angkor, a capital do Imp\u00e9rio Khmer<\/em><\/p>\n\n\n\n<p>As florestas do sudeste asi\u00e1tico, onde hoje est\u00e1 o <a href=\"https:\/\/revistagalileu.globo.com\/Ciencia\/Arqueologia\/noticia\/2019\/10\/arqueologos-usam-escaneamento-laser-para-detectar-cidade-antiga-no-camboja.html\" target=\"_blank\" rel=\"noreferrer noopener\"><strong>Camboja<\/strong><\/a>, guardam v\u00e1rios mist\u00e9rios sobre a humanidade que ainda precisam ser desvendados. \u00c9 nessa regi\u00e3o que ficava, por exemplo, o<strong>\u00a0<a href=\"https:\/\/revistagalileu.globo.com\/Ciencia\/noticia\/2017\/08\/estatua-de-800-anos-do-imperio-khmer-e-encontrada-no-camboja.html\" target=\"_blank\" rel=\"noreferrer noopener\">Imp\u00e9rio Khmer<\/a><\/strong>, que tinha como capital uma das maiores cidades do mundo durante a<strong>\u00a0<a href=\"https:\/\/revistagalileu.globo.com\/Sociedade\/noticia\/2017\/08\/5-fatos-perturbadores-sobre-idade-media.html\" target=\"_blank\" rel=\"noreferrer noopener\">Idade M\u00e9dia<\/a><\/strong>: Angkor.<br>Agora, arque\u00f3logos conseguiram obter o retrato mais detalhado j\u00e1 tra\u00e7ado do local. Angkor prosperou entre os s\u00e9culos 9 e 15 e, de acordo com uma pesquisa conduzida pela Universidade de Oregon, nos <strong><a href=\"https:\/\/revistagalileu.globo.com\/Ciencia\/Biologia\/noticia\/2021\/05\/trilhoes-de-cigarras-surgem-nos-eua-apos-17-anos-no-subsolo-entenda.html\" target=\"_blank\" rel=\"noreferrer noopener\">Estados Unidos<\/a><\/strong>, cerca de 700 mil a 900 mil pessoas habitaram a cidade em seu apogeu, no s\u00e9culo 13.<br>\u201cN\u00f3s analisamos o crescimento da cidade de Angkor ao longo do tempo\u201d, diz, <strong><a href=\"https:\/\/www.eurekalert.org\/pub_releases\/2021-05\/uoo-app050721.php\" target=\"_blank\" rel=\"noreferrer noopener\">em nota<\/a><\/strong>, a pesquisadora Alison Carter.<\/p>\n\n\n\n<blockquote class=\"wp-block-quote is-layout-flow wp-block-quote-is-layout-flow\"><p>\u201cDescobrimos que diversas partes da capital cresceram de formas diferentes e que a maneira como pensamos o <strong><a href=\"https:\/\/revistagalileu.globo.com\/Sociedade\/noticia\/2019\/06\/populacao-mundial-chegara-11-bilhoes-ate-o-fim-do-seculo-diz-onu.html\" target=\"_blank\" rel=\"noreferrer noopener\">crescimento populacional<\/a><\/strong> em cidades e sub\u00farbios nos dias de hoje provavelmente se aplica a Angkor\u201d.<\/p><\/blockquote>\n\n\n\n<p>Essa conclus\u00e3o foi elaborada ap\u00f3s anos de trabalho utilizando <a href=\"https:\/\/revistagalileu.globo.com\/Ciencia\/noticia\/2020\/12\/ada-lovelace-6-imagens-para-conhecer-criadora-do-1-algoritmo-do-mundo.html\" target=\"_blank\" rel=\"noreferrer noopener\"><strong>algoritmos<\/strong><\/a>\u00a0de\u00a0<em>machine learning<\/em>, imagens obtidas por LiDAR (Light Detection and Ranging),\u00a0<a href=\"https:\/\/revistagalileu.globo.com\/Ciencia\/Arqueologia\/\" target=\"_blank\" rel=\"noreferrer noopener\"><strong>informa\u00e7\u00f5es arqueol\u00f3gicas<\/strong><\/a>\u00a0e dados hist\u00f3ricos. Entre as ferramentas empregadas, uma das mais importante foi o LiDAR, um sensor de laser pulsado que permite enxergar al\u00e9m da vegeta\u00e7\u00e3o densa da\u00a0<a href=\"https:\/\/revistagalileu.globo.com\/Ciencia\/Meio-Ambiente\/noticia\/2021\/03\/o-que-sao-florestas-publicas-nao-destinadas-e-por-que-elas-importam.html\" target=\"_blank\" rel=\"noreferrer noopener\"><strong>floresta<\/strong><\/a> e mapear com precis\u00e3o a superf\u00edcie do solo.<br>\u201cEsta <a href=\"https:\/\/revistagalileu.globo.com\/Tecnologia\/noticia\/plantao.html\" target=\"_blank\" rel=\"noreferrer noopener\"><strong>tecnologia<\/strong><\/a>\u00a0foi capaz de fazer, em poucos dias de digitaliza\u00e7\u00e3o e processamento de dados, o que antes tomava meses (sen\u00e3o anos) de trabalho para os arque\u00f3logos\u201d, afirmam as pesquisadoras Alison Carter e Sarah Klassen, em artigo do site\u00a0<a href=\"https:\/\/theconversation.com\/a-metropolis-arose-in-medieval-cambodia-new-research-shows-how-many-people-lived-in-the-angkor-empire-over-time-157573\" target=\"_blank\" rel=\"noreferrer noopener\"><em><strong>The Conversation<\/strong><\/em><\/a>.<br>Assim, foi poss\u00edvel registrar mais de 20 mil novos elementos em Angkor, que ocupava uma \u00e1rea de tr\u00eas mil quil\u00f4metros quadrados. Publicada no peri\u00f3dico <a href=\"https:\/\/advances.sciencemag.org\/content\/7\/19\/eabf8441\" target=\"_blank\" rel=\"noreferrer noopener\"><em><strong>Science Advances<\/strong><\/em><\/a>, a pesquisa mostra que pelo menos 750 mil pessoas moravam em uma regi\u00e3o central de mil quil\u00f4metros quadrados.<\/p>\n\n\n\n<figure class=\"wp-block-image size-large\"><img loading=\"lazy\" decoding=\"async\" width=\"1000\" height=\"563\" src=\"https:\/\/jornalfatosenoticias.com.br\/wp-content\/uploads\/2021\/05\/imperio-medieval-camboja_2.jpg\" alt=\"\" class=\"wp-image-18086\" srcset=\"https:\/\/jornalfatosenoticias.com.br\/wp-content\/uploads\/2021\/05\/imperio-medieval-camboja_2.jpg 1000w, https:\/\/jornalfatosenoticias.com.br\/wp-content\/uploads\/2021\/05\/imperio-medieval-camboja_2-300x169.jpg 300w, https:\/\/jornalfatosenoticias.com.br\/wp-content\/uploads\/2021\/05\/imperio-medieval-camboja_2-768x432.jpg 768w\" sizes=\"auto, (max-width: 1000px) 100vw, 1000px\" \/><figcaption><em>Reconstru\u00e7\u00e3o de um assentamento com santu\u00e1rio no sul de Angkor (Foto: Tom Chandler e Micheal Lim)<\/em><\/figcaption><\/figure>\n\n\n\n<p>Nomeado como \u201ccentro c\u00edvico-cerimonial\u201d pelos arque\u00f3logos, o local tinha templos religiosos de pedra, como o famoso <strong><a href=\"https:\/\/revistagalileu.globo.com\/Cultura\/noticia\/2018\/07\/virar-patrimonio-mundial-da-unesco-pode-levar-propria-degradacao.html\" target=\"_blank\" rel=\"noreferrer noopener\">Angkor Wat<\/a><\/strong>, e casas. \u201cAcreditamos que muitos dos residentes apoiavam o funcionamento dos templos e do governo estadual como artes\u00e3os, dan\u00e7arinos, padres ou professores\u201d, observam Kyra e Klassen.<br>Al\u00e9m disso, parte do povo khmer morava em montanhas e perto de planta\u00e7\u00f5es de arroz, fora da \u00e1rea metropolitana. Os habitantes eram predominantemente fazendeiros e provavelmente frequentavam alguns pequenos <strong><a href=\"https:\/\/revistagalileu.globo.com\/Ciencia\/Arqueologia\/noticia\/2020\/02\/templo-3-mil-anos-descoberto-em-israel-poe-em-xeque-textos-da-biblia.html\" target=\"_blank\" rel=\"noreferrer noopener\">templos<\/a><\/strong> espalhados pela regi\u00e3o. Segundo o estudo, cada estrutura religiosa recebia 500 pessoas (ou 100 fam\u00edlias).<br>A terceira \u00e1rea de ocupa\u00e7\u00e3o correspondia a aterros de estradas e canais. Os arque\u00f3logos n\u00e3o se aprofundaram tanto nesse aspecto do estudo, mas acreditam que os indiv\u00edduos que habitavam o local se envolviam em atividades de trocas e com\u00e9rcio.<br>De acordo com os pesquisadores, mesmo se tratando de um passado distante, as descobertas podem ajudar as cidades contempor\u00e2neas a lidar com as <strong><a href=\"https:\/\/revistagalileu.globo.com\/Ciencia\/noticia\/2020\/01\/6-gifs-representam-principais-mudancas-climaticas-dos-ultimos-140-anos.html\" target=\"_blank\" rel=\"noreferrer noopener\">mudan\u00e7as clim\u00e1ticas<\/a><\/strong>. Isso porque a capital do Imp\u00e9rio Khmer era tropical e bastante vulner\u00e1vel a grandes altera\u00e7\u00f5es no clima.<br>\u201cN\u00f3s vivemos, predominantemente, em <strong><a href=\"https:\/\/revistagalileu.globo.com\/Ciencia\/Arqueologia\/noticia\/2021\/04\/cidade-egipcia-de-3-mil-anos-sob-areia-e-maior-ja-encontrada-no-pais.html\" target=\"_blank\" rel=\"noreferrer noopener\">cidades<\/a><\/strong> grandes de baixa densidade ao redor do mundo que s\u00e3o semelhantes a Angkor\u201d, constata Roland Fletcher, um dos autores do estudo. \u201cRealmente precisamos entender os mecanismos de Angkor e o que as pessoas faziam para ter uma ideia do qu\u00e3o \u00fateis essas experi\u00eancias podem ser para n\u00f3s&#8221;, finaliza.<\/p>\n\n\n\n<p><em><strong>Fonte: <a href=\"https:\/\/revistagalileu.globo.com\/Sociedade\/Historia\/noticia\/2021\/05\/mais-de-700-mil-pessoas-viveram-no-auge-deste-imperio-medieval-no-camboja.html\">Revista Galileu<\/a><\/strong><\/em><\/p>\n","protected":false},"excerpt":{"rendered":"<p>Arque\u00f3logos utilizaram tecnologia para tra\u00e7ar um retrato detalhado do crescimento de uma das maiores cidades do mundo na Idade M\u00e9dia: Angkor, a capital do Imp\u00e9rio Khmer As florestas do sudeste asi\u00e1tico, onde hoje est\u00e1 o Camboja, guardam v\u00e1rios mist\u00e9rios sobre a humanidade que ainda precisam ser desvendados. \u00c9 nessa regi\u00e3o que ficava, por exemplo, o\u00a0Imp\u00e9rio [&hellip;]<\/p>\n","protected":false},"author":2,"featured_media":18087,"comment_status":"open","ping_status":"open","sticky":false,"template":"","format":"standard","meta":{"footnotes":""},"categories":[2],"tags":[8962,5218,2897,8964,8963,8965],"class_list":["post-18085","post","type-post","status-publish","format-standard","has-post-thumbnail","hentry","category-ciencia","tag-angkor-wat","tag-camboja","tag-idade-media","tag-imperio-khmer","tag-imperio-medieval","tag-templos"],"yoast_head":"<!-- This site is optimized with the Yoast SEO plugin v26.5 - https:\/\/yoast.com\/wordpress\/plugins\/seo\/ -->\n<title>Mais de 700 mil pessoas viveram no auge deste imp\u00e9rio medieval no Camboja - Jornal Fatos e Not\u00edcias<\/title>\n<meta name=\"robots\" content=\"index, follow, max-snippet:-1, max-image-preview:large, max-video-preview:-1\" \/>\n<link rel=\"canonical\" href=\"https:\/\/jornalfatosenoticias.com.br\/index.php\/2021\/05\/11\/mais-de-700-mil-pessoas-viveram-no-auge-deste-imperio-medieval-no-camboja\/\" \/>\n<meta property=\"og:locale\" content=\"pt_BR\" \/>\n<meta property=\"og:type\" content=\"article\" \/>\n<meta property=\"og:title\" content=\"Mais de 700 mil pessoas viveram no auge deste imp\u00e9rio medieval no Camboja - Jornal Fatos e Not\u00edcias\" \/>\n<meta property=\"og:description\" content=\"Arque\u00f3logos utilizaram tecnologia para tra\u00e7ar um retrato detalhado do crescimento de uma das maiores cidades do mundo na Idade M\u00e9dia: Angkor, a capital do Imp\u00e9rio Khmer As florestas do sudeste asi\u00e1tico, onde hoje est\u00e1 o Camboja, guardam v\u00e1rios mist\u00e9rios sobre a humanidade que ainda precisam ser desvendados. \u00c9 nessa regi\u00e3o que ficava, por exemplo, o\u00a0Imp\u00e9rio [&hellip;]\" \/>\n<meta property=\"og:url\" content=\"https:\/\/jornalfatosenoticias.com.br\/index.php\/2021\/05\/11\/mais-de-700-mil-pessoas-viveram-no-auge-deste-imperio-medieval-no-camboja\/\" \/>\n<meta property=\"og:site_name\" content=\"Jornal Fatos e Not\u00edcias\" \/>\n<meta property=\"article:published_time\" content=\"2021-05-11T17:16:48+00:00\" \/>\n<meta property=\"og:image\" content=\"https:\/\/jornalfatosenoticias.com.br\/wp-content\/uploads\/2021\/05\/imperio-medieval-camboja_vicky-t_unsplash.jpg\" \/>\n\t<meta property=\"og:image:width\" content=\"1000\" \/>\n\t<meta property=\"og:image:height\" content=\"562\" \/>\n\t<meta property=\"og:image:type\" content=\"image\/jpeg\" \/>\n<meta name=\"author\" content=\"Luzimara Fernandes\" \/>\n<meta name=\"twitter:card\" content=\"summary_large_image\" \/>\n<meta name=\"twitter:label1\" content=\"Escrito por\" \/>\n\t<meta name=\"twitter:data1\" content=\"Luzimara Fernandes\" \/>\n\t<meta name=\"twitter:label2\" content=\"Est. tempo de leitura\" \/>\n\t<meta name=\"twitter:data2\" content=\"3 minutos\" \/>\n<script type=\"application\/ld+json\" class=\"yoast-schema-graph\">{\"@context\":\"https:\/\/schema.org\",\"@graph\":[{\"@type\":\"Article\",\"@id\":\"https:\/\/jornalfatosenoticias.com.br\/index.php\/2021\/05\/11\/mais-de-700-mil-pessoas-viveram-no-auge-deste-imperio-medieval-no-camboja\/#article\",\"isPartOf\":{\"@id\":\"https:\/\/jornalfatosenoticias.com.br\/index.php\/2021\/05\/11\/mais-de-700-mil-pessoas-viveram-no-auge-deste-imperio-medieval-no-camboja\/\"},\"author\":{\"name\":\"Luzimara Fernandes\",\"@id\":\"https:\/\/jornalfatosenoticias.com.br\/#\/schema\/person\/d63837fa13ac8666eb9e74e0985d6f81\"},\"headline\":\"Mais de 700 mil pessoas viveram no auge deste imp\u00e9rio medieval no Camboja\",\"datePublished\":\"2021-05-11T17:16:48+00:00\",\"mainEntityOfPage\":{\"@id\":\"https:\/\/jornalfatosenoticias.com.br\/index.php\/2021\/05\/11\/mais-de-700-mil-pessoas-viveram-no-auge-deste-imperio-medieval-no-camboja\/\"},\"wordCount\":623,\"commentCount\":0,\"publisher\":{\"@id\":\"https:\/\/jornalfatosenoticias.com.br\/#organization\"},\"image\":{\"@id\":\"https:\/\/jornalfatosenoticias.com.br\/index.php\/2021\/05\/11\/mais-de-700-mil-pessoas-viveram-no-auge-deste-imperio-medieval-no-camboja\/#primaryimage\"},\"thumbnailUrl\":\"https:\/\/jornalfatosenoticias.com.br\/wp-content\/uploads\/2021\/05\/imperio-medieval-camboja_vicky-t_unsplash.jpg\",\"keywords\":[\"Angkor Wat\",\"Camboja\",\"Idade M\u00e9dia\",\"Imp\u00e9rio Khmer\",\"imp\u00e9rio medieval\",\"templos\"],\"articleSection\":[\"Ci\u00eancia\"],\"inLanguage\":\"pt-BR\",\"potentialAction\":[{\"@type\":\"CommentAction\",\"name\":\"Comment\",\"target\":[\"https:\/\/jornalfatosenoticias.com.br\/index.php\/2021\/05\/11\/mais-de-700-mil-pessoas-viveram-no-auge-deste-imperio-medieval-no-camboja\/#respond\"]}]},{\"@type\":\"WebPage\",\"@id\":\"https:\/\/jornalfatosenoticias.com.br\/index.php\/2021\/05\/11\/mais-de-700-mil-pessoas-viveram-no-auge-deste-imperio-medieval-no-camboja\/\",\"url\":\"https:\/\/jornalfatosenoticias.com.br\/index.php\/2021\/05\/11\/mais-de-700-mil-pessoas-viveram-no-auge-deste-imperio-medieval-no-camboja\/\",\"name\":\"Mais de 700 mil pessoas viveram no auge deste imp\u00e9rio medieval no Camboja - Jornal Fatos e Not\u00edcias\",\"isPartOf\":{\"@id\":\"https:\/\/jornalfatosenoticias.com.br\/#website\"},\"primaryImageOfPage\":{\"@id\":\"https:\/\/jornalfatosenoticias.com.br\/index.php\/2021\/05\/11\/mais-de-700-mil-pessoas-viveram-no-auge-deste-imperio-medieval-no-camboja\/#primaryimage\"},\"image\":{\"@id\":\"https:\/\/jornalfatosenoticias.com.br\/index.php\/2021\/05\/11\/mais-de-700-mil-pessoas-viveram-no-auge-deste-imperio-medieval-no-camboja\/#primaryimage\"},\"thumbnailUrl\":\"https:\/\/jornalfatosenoticias.com.br\/wp-content\/uploads\/2021\/05\/imperio-medieval-camboja_vicky-t_unsplash.jpg\",\"datePublished\":\"2021-05-11T17:16:48+00:00\",\"breadcrumb\":{\"@id\":\"https:\/\/jornalfatosenoticias.com.br\/index.php\/2021\/05\/11\/mais-de-700-mil-pessoas-viveram-no-auge-deste-imperio-medieval-no-camboja\/#breadcrumb\"},\"inLanguage\":\"pt-BR\",\"potentialAction\":[{\"@type\":\"ReadAction\",\"target\":[\"https:\/\/jornalfatosenoticias.com.br\/index.php\/2021\/05\/11\/mais-de-700-mil-pessoas-viveram-no-auge-deste-imperio-medieval-no-camboja\/\"]}]},{\"@type\":\"ImageObject\",\"inLanguage\":\"pt-BR\",\"@id\":\"https:\/\/jornalfatosenoticias.com.br\/index.php\/2021\/05\/11\/mais-de-700-mil-pessoas-viveram-no-auge-deste-imperio-medieval-no-camboja\/#primaryimage\",\"url\":\"https:\/\/jornalfatosenoticias.com.br\/wp-content\/uploads\/2021\/05\/imperio-medieval-camboja_vicky-t_unsplash.jpg\",\"contentUrl\":\"https:\/\/jornalfatosenoticias.com.br\/wp-content\/uploads\/2021\/05\/imperio-medieval-camboja_vicky-t_unsplash.jpg\",\"width\":1000,\"height\":562},{\"@type\":\"BreadcrumbList\",\"@id\":\"https:\/\/jornalfatosenoticias.com.br\/index.php\/2021\/05\/11\/mais-de-700-mil-pessoas-viveram-no-auge-deste-imperio-medieval-no-camboja\/#breadcrumb\",\"itemListElement\":[{\"@type\":\"ListItem\",\"position\":1,\"name\":\"In\u00edcio\",\"item\":\"https:\/\/jornalfatosenoticias.com.br\/\"},{\"@type\":\"ListItem\",\"position\":2,\"name\":\"Mais de 700 mil pessoas viveram no auge deste imp\u00e9rio medieval no Camboja\"}]},{\"@type\":\"WebSite\",\"@id\":\"https:\/\/jornalfatosenoticias.com.br\/#website\",\"url\":\"https:\/\/jornalfatosenoticias.com.br\/\",\"name\":\"Jornal Fatos e Not\u00edcias\",\"description\":\"Not\u00edcias em geral\",\"publisher\":{\"@id\":\"https:\/\/jornalfatosenoticias.com.br\/#organization\"},\"potentialAction\":[{\"@type\":\"SearchAction\",\"target\":{\"@type\":\"EntryPoint\",\"urlTemplate\":\"https:\/\/jornalfatosenoticias.com.br\/?s={search_term_string}\"},\"query-input\":{\"@type\":\"PropertyValueSpecification\",\"valueRequired\":true,\"valueName\":\"search_term_string\"}}],\"inLanguage\":\"pt-BR\"},{\"@type\":\"Organization\",\"@id\":\"https:\/\/jornalfatosenoticias.com.br\/#organization\",\"name\":\"Jornal Fatos e Not\u00edcias\",\"url\":\"https:\/\/jornalfatosenoticias.com.br\/\",\"logo\":{\"@type\":\"ImageObject\",\"inLanguage\":\"pt-BR\",\"@id\":\"https:\/\/jornalfatosenoticias.com.br\/#\/schema\/logo\/image\/\",\"url\":\"https:\/\/jornalfatosenoticias.com.br\/wp-content\/uploads\/2020\/02\/logo120.png\",\"contentUrl\":\"https:\/\/jornalfatosenoticias.com.br\/wp-content\/uploads\/2020\/02\/logo120.png\",\"width\":1227,\"height\":120,\"caption\":\"Jornal Fatos e Not\u00edcias\"},\"image\":{\"@id\":\"https:\/\/jornalfatosenoticias.com.br\/#\/schema\/logo\/image\/\"}},{\"@type\":\"Person\",\"@id\":\"https:\/\/jornalfatosenoticias.com.br\/#\/schema\/person\/d63837fa13ac8666eb9e74e0985d6f81\",\"name\":\"Luzimara Fernandes\",\"image\":{\"@type\":\"ImageObject\",\"inLanguage\":\"pt-BR\",\"@id\":\"https:\/\/jornalfatosenoticias.com.br\/#\/schema\/person\/image\/\",\"url\":\"https:\/\/jornalfatosenoticias.com.br\/wp-content\/uploads\/2025\/05\/EU_portal.jpg\",\"contentUrl\":\"https:\/\/jornalfatosenoticias.com.br\/wp-content\/uploads\/2025\/05\/EU_portal.jpg\",\"caption\":\"Luzimara Fernandes\"},\"description\":\"Jornalista MTB 2358-ES\",\"sameAs\":[\"https:\/\/jornalfatosenoticias.com.br\"],\"url\":\"https:\/\/jornalfatosenoticias.com.br\/index.php\/author\/luzimara\/\"}]}<\/script>\n<!-- \/ Yoast SEO plugin. -->","yoast_head_json":{"title":"Mais de 700 mil pessoas viveram no auge deste imp\u00e9rio medieval no Camboja - Jornal Fatos e Not\u00edcias","robots":{"index":"index","follow":"follow","max-snippet":"max-snippet:-1","max-image-preview":"max-image-preview:large","max-video-preview":"max-video-preview:-1"},"canonical":"https:\/\/jornalfatosenoticias.com.br\/index.php\/2021\/05\/11\/mais-de-700-mil-pessoas-viveram-no-auge-deste-imperio-medieval-no-camboja\/","og_locale":"pt_BR","og_type":"article","og_title":"Mais de 700 mil pessoas viveram no auge deste imp\u00e9rio medieval no Camboja - Jornal Fatos e Not\u00edcias","og_description":"Arque\u00f3logos utilizaram tecnologia para tra\u00e7ar um retrato detalhado do crescimento de uma das maiores cidades do mundo na Idade M\u00e9dia: Angkor, a capital do Imp\u00e9rio Khmer As florestas do sudeste asi\u00e1tico, onde hoje est\u00e1 o Camboja, guardam v\u00e1rios mist\u00e9rios sobre a humanidade que ainda precisam ser desvendados. \u00c9 nessa regi\u00e3o que ficava, por exemplo, o\u00a0Imp\u00e9rio [&hellip;]","og_url":"https:\/\/jornalfatosenoticias.com.br\/index.php\/2021\/05\/11\/mais-de-700-mil-pessoas-viveram-no-auge-deste-imperio-medieval-no-camboja\/","og_site_name":"Jornal Fatos e Not\u00edcias","article_published_time":"2021-05-11T17:16:48+00:00","og_image":[{"width":1000,"height":562,"url":"https:\/\/jornalfatosenoticias.com.br\/wp-content\/uploads\/2021\/05\/imperio-medieval-camboja_vicky-t_unsplash.jpg","type":"image\/jpeg"}],"author":"Luzimara Fernandes","twitter_card":"summary_large_image","twitter_misc":{"Escrito por":"Luzimara Fernandes","Est. tempo de leitura":"3 minutos"},"schema":{"@context":"https:\/\/schema.org","@graph":[{"@type":"Article","@id":"https:\/\/jornalfatosenoticias.com.br\/index.php\/2021\/05\/11\/mais-de-700-mil-pessoas-viveram-no-auge-deste-imperio-medieval-no-camboja\/#article","isPartOf":{"@id":"https:\/\/jornalfatosenoticias.com.br\/index.php\/2021\/05\/11\/mais-de-700-mil-pessoas-viveram-no-auge-deste-imperio-medieval-no-camboja\/"},"author":{"name":"Luzimara Fernandes","@id":"https:\/\/jornalfatosenoticias.com.br\/#\/schema\/person\/d63837fa13ac8666eb9e74e0985d6f81"},"headline":"Mais de 700 mil pessoas viveram no auge deste imp\u00e9rio medieval no Camboja","datePublished":"2021-05-11T17:16:48+00:00","mainEntityOfPage":{"@id":"https:\/\/jornalfatosenoticias.com.br\/index.php\/2021\/05\/11\/mais-de-700-mil-pessoas-viveram-no-auge-deste-imperio-medieval-no-camboja\/"},"wordCount":623,"commentCount":0,"publisher":{"@id":"https:\/\/jornalfatosenoticias.com.br\/#organization"},"image":{"@id":"https:\/\/jornalfatosenoticias.com.br\/index.php\/2021\/05\/11\/mais-de-700-mil-pessoas-viveram-no-auge-deste-imperio-medieval-no-camboja\/#primaryimage"},"thumbnailUrl":"https:\/\/jornalfatosenoticias.com.br\/wp-content\/uploads\/2021\/05\/imperio-medieval-camboja_vicky-t_unsplash.jpg","keywords":["Angkor Wat","Camboja","Idade M\u00e9dia","Imp\u00e9rio Khmer","imp\u00e9rio medieval","templos"],"articleSection":["Ci\u00eancia"],"inLanguage":"pt-BR","potentialAction":[{"@type":"CommentAction","name":"Comment","target":["https:\/\/jornalfatosenoticias.com.br\/index.php\/2021\/05\/11\/mais-de-700-mil-pessoas-viveram-no-auge-deste-imperio-medieval-no-camboja\/#respond"]}]},{"@type":"WebPage","@id":"https:\/\/jornalfatosenoticias.com.br\/index.php\/2021\/05\/11\/mais-de-700-mil-pessoas-viveram-no-auge-deste-imperio-medieval-no-camboja\/","url":"https:\/\/jornalfatosenoticias.com.br\/index.php\/2021\/05\/11\/mais-de-700-mil-pessoas-viveram-no-auge-deste-imperio-medieval-no-camboja\/","name":"Mais de 700 mil pessoas viveram no auge deste imp\u00e9rio medieval no Camboja - Jornal Fatos e Not\u00edcias","isPartOf":{"@id":"https:\/\/jornalfatosenoticias.com.br\/#website"},"primaryImageOfPage":{"@id":"https:\/\/jornalfatosenoticias.com.br\/index.php\/2021\/05\/11\/mais-de-700-mil-pessoas-viveram-no-auge-deste-imperio-medieval-no-camboja\/#primaryimage"},"image":{"@id":"https:\/\/jornalfatosenoticias.com.br\/index.php\/2021\/05\/11\/mais-de-700-mil-pessoas-viveram-no-auge-deste-imperio-medieval-no-camboja\/#primaryimage"},"thumbnailUrl":"https:\/\/jornalfatosenoticias.com.br\/wp-content\/uploads\/2021\/05\/imperio-medieval-camboja_vicky-t_unsplash.jpg","datePublished":"2021-05-11T17:16:48+00:00","breadcrumb":{"@id":"https:\/\/jornalfatosenoticias.com.br\/index.php\/2021\/05\/11\/mais-de-700-mil-pessoas-viveram-no-auge-deste-imperio-medieval-no-camboja\/#breadcrumb"},"inLanguage":"pt-BR","potentialAction":[{"@type":"ReadAction","target":["https:\/\/jornalfatosenoticias.com.br\/index.php\/2021\/05\/11\/mais-de-700-mil-pessoas-viveram-no-auge-deste-imperio-medieval-no-camboja\/"]}]},{"@type":"ImageObject","inLanguage":"pt-BR","@id":"https:\/\/jornalfatosenoticias.com.br\/index.php\/2021\/05\/11\/mais-de-700-mil-pessoas-viveram-no-auge-deste-imperio-medieval-no-camboja\/#primaryimage","url":"https:\/\/jornalfatosenoticias.com.br\/wp-content\/uploads\/2021\/05\/imperio-medieval-camboja_vicky-t_unsplash.jpg","contentUrl":"https:\/\/jornalfatosenoticias.com.br\/wp-content\/uploads\/2021\/05\/imperio-medieval-camboja_vicky-t_unsplash.jpg","width":1000,"height":562},{"@type":"BreadcrumbList","@id":"https:\/\/jornalfatosenoticias.com.br\/index.php\/2021\/05\/11\/mais-de-700-mil-pessoas-viveram-no-auge-deste-imperio-medieval-no-camboja\/#breadcrumb","itemListElement":[{"@type":"ListItem","position":1,"name":"In\u00edcio","item":"https:\/\/jornalfatosenoticias.com.br\/"},{"@type":"ListItem","position":2,"name":"Mais de 700 mil pessoas viveram no auge deste imp\u00e9rio medieval no Camboja"}]},{"@type":"WebSite","@id":"https:\/\/jornalfatosenoticias.com.br\/#website","url":"https:\/\/jornalfatosenoticias.com.br\/","name":"Jornal Fatos e Not\u00edcias","description":"Not\u00edcias em geral","publisher":{"@id":"https:\/\/jornalfatosenoticias.com.br\/#organization"},"potentialAction":[{"@type":"SearchAction","target":{"@type":"EntryPoint","urlTemplate":"https:\/\/jornalfatosenoticias.com.br\/?s={search_term_string}"},"query-input":{"@type":"PropertyValueSpecification","valueRequired":true,"valueName":"search_term_string"}}],"inLanguage":"pt-BR"},{"@type":"Organization","@id":"https:\/\/jornalfatosenoticias.com.br\/#organization","name":"Jornal Fatos e Not\u00edcias","url":"https:\/\/jornalfatosenoticias.com.br\/","logo":{"@type":"ImageObject","inLanguage":"pt-BR","@id":"https:\/\/jornalfatosenoticias.com.br\/#\/schema\/logo\/image\/","url":"https:\/\/jornalfatosenoticias.com.br\/wp-content\/uploads\/2020\/02\/logo120.png","contentUrl":"https:\/\/jornalfatosenoticias.com.br\/wp-content\/uploads\/2020\/02\/logo120.png","width":1227,"height":120,"caption":"Jornal Fatos e Not\u00edcias"},"image":{"@id":"https:\/\/jornalfatosenoticias.com.br\/#\/schema\/logo\/image\/"}},{"@type":"Person","@id":"https:\/\/jornalfatosenoticias.com.br\/#\/schema\/person\/d63837fa13ac8666eb9e74e0985d6f81","name":"Luzimara Fernandes","image":{"@type":"ImageObject","inLanguage":"pt-BR","@id":"https:\/\/jornalfatosenoticias.com.br\/#\/schema\/person\/image\/","url":"https:\/\/jornalfatosenoticias.com.br\/wp-content\/uploads\/2025\/05\/EU_portal.jpg","contentUrl":"https:\/\/jornalfatosenoticias.com.br\/wp-content\/uploads\/2025\/05\/EU_portal.jpg","caption":"Luzimara Fernandes"},"description":"Jornalista MTB 2358-ES","sameAs":["https:\/\/jornalfatosenoticias.com.br"],"url":"https:\/\/jornalfatosenoticias.com.br\/index.php\/author\/luzimara\/"}]}},"cc_featured_image_caption":{"caption_text":"Angkor Wat, no Camboja (Foto: Vicky T\/Unsplash)","source_text":"","source_url":""},"jetpack_featured_media_url":"https:\/\/jornalfatosenoticias.com.br\/wp-content\/uploads\/2021\/05\/imperio-medieval-camboja_vicky-t_unsplash.jpg","_links":{"self":[{"href":"https:\/\/jornalfatosenoticias.com.br\/index.php\/wp-json\/wp\/v2\/posts\/18085","targetHints":{"allow":["GET"]}}],"collection":[{"href":"https:\/\/jornalfatosenoticias.com.br\/index.php\/wp-json\/wp\/v2\/posts"}],"about":[{"href":"https:\/\/jornalfatosenoticias.com.br\/index.php\/wp-json\/wp\/v2\/types\/post"}],"author":[{"embeddable":true,"href":"https:\/\/jornalfatosenoticias.com.br\/index.php\/wp-json\/wp\/v2\/users\/2"}],"replies":[{"embeddable":true,"href":"https:\/\/jornalfatosenoticias.com.br\/index.php\/wp-json\/wp\/v2\/comments?post=18085"}],"version-history":[{"count":0,"href":"https:\/\/jornalfatosenoticias.com.br\/index.php\/wp-json\/wp\/v2\/posts\/18085\/revisions"}],"wp:featuredmedia":[{"embeddable":true,"href":"https:\/\/jornalfatosenoticias.com.br\/index.php\/wp-json\/wp\/v2\/media\/18087"}],"wp:attachment":[{"href":"https:\/\/jornalfatosenoticias.com.br\/index.php\/wp-json\/wp\/v2\/media?parent=18085"}],"wp:term":[{"taxonomy":"category","embeddable":true,"href":"https:\/\/jornalfatosenoticias.com.br\/index.php\/wp-json\/wp\/v2\/categories?post=18085"},{"taxonomy":"post_tag","embeddable":true,"href":"https:\/\/jornalfatosenoticias.com.br\/index.php\/wp-json\/wp\/v2\/tags?post=18085"}],"curies":[{"name":"wp","href":"https:\/\/api.w.org\/{rel}","templated":true}]}}