{"id":18092,"date":"2021-05-11T14:44:21","date_gmt":"2021-05-11T17:44:21","guid":{"rendered":"https:\/\/jornalfatosenoticias.com.br\/?p=18092"},"modified":"2021-05-11T14:44:25","modified_gmt":"2021-05-11T17:44:25","slug":"serra-divulga-calendario-de-retorno-as-aulas-presenciais","status":"publish","type":"post","link":"https:\/\/jornalfatosenoticias.com.br\/index.php\/2021\/05\/11\/serra-divulga-calendario-de-retorno-as-aulas-presenciais\/","title":{"rendered":"Serra divulga calend\u00e1rio de retorno \u00e0s aulas presenciais"},"content":{"rendered":"\n<p><em>Retomada das aulas presenciais ser\u00e1 no modelo h\u00edbrido, com escalonamento<\/em><\/p>\n\n\n\n<p>A Secretaria de Educa\u00e7\u00e3o da Serra (Sedu) divulgou o calend\u00e1rio de retomada das aulas presenciais no modelo h\u00edbrido, com escalonamento das turmas, come\u00e7ando pelas s\u00e9ries iniciais do Ensino Fundamental e Educa\u00e7\u00e3o Infantil. A Sedu segue orienta\u00e7\u00f5es do governo estadual que, na \u00faltima sexta-feira (07), liberou o retorno das aulas presenciais aos munic\u00edpios em alto risco dentro do Mapa de Risco da Covid-19.<\/p>\n\n\n\n<p><strong><span class=\"has-inline-color has-black-color\">O calend\u00e1rio de volta \u00e0s aulas presenciais na Serra fica dessa forma:<\/span><\/strong><\/p>\n\n\n\n<ul class=\"wp-block-list\"><li>25 de maio \u2014 Crian\u00e7as\/estudantes \u2014 1\u00ba e 2\u00ba anos do Ensino Fundamental<\/li><li>31 de maio \u2014 Crian\u00e7as\/estudantes \u2014 3\u00ba, 4\u00ba e 5\u00ba anos do Ensino Fundamental<\/li><li>07 de junho \u2014 Crian\u00e7as dos Grupos 4 e 5 da Educa\u00e7\u00e3o Infantil<\/li><\/ul>\n\n\n\n<p><strong><span class=\"has-inline-color has-black-color\">Atendimento normal a partir do dia 12<br><\/span><\/strong>Na Serra, a partir desta quarta-feira (12) todas as unidades de ensino da rede municipal devem retomar a abertura di\u00e1ria com atendimento \u00e0 comunidade escolar, de segunda a sexta-feira, em hor\u00e1rio normal de funcionamento, cumprindo os protocolos sanit\u00e1rios, em virtude da pandemia do coronav\u00edrus.<\/p>\n\n\n\n<p><strong><span class=\"has-inline-color has-black-color\">Respons\u00e1veis podem decidir sobre a volta dos estudantes<br><\/span><\/strong>A Sedu orienta que diretores e equipes pedag\u00f3gicas organizem o ambiente escolar para o retorno h\u00edbrido das aulas com seguran\u00e7a e destaca que as fam\u00edlias v\u00e3o poder decidir sobre a ida dos estudantes \u00e0 escola ou se continuam participando unicamente das aulas remotas. Para isso, \u00e9 necess\u00e1rio que pais e\/ou respons\u00e1veis assinem o Termo de Manifesta\u00e7\u00e3o de Interesse e entreguem na unidade escolar.<\/p>\n\n\n\n<p><strong><span class=\"has-inline-color has-black-color\">Ambiente seguro<br><\/span><\/strong>O secret\u00e1rio de Educa\u00e7\u00e3o da Serra, Alessandro Bermudes destacou que todas as decis\u00f5es sobre o retorno das aulas presenciais no munic\u00edpio, s\u00e3o resultado de uma Portaria Conjunta formatada com a Secretaria de Sa\u00fade da Serra (Sesa).<\/p>\n\n\n\n<blockquote class=\"wp-block-quote is-layout-flow wp-block-quote-is-layout-flow\"><p>\u201cA Sedu e a Sesa da Serra tiveram o cuidado de unir t\u00e9cnicos que respaldassem uma volta segura a toda a comunidade escolar. Precisamos garantir que profissionais e estudantes estejam em um ambiente com seguran\u00e7a sanit\u00e1ria e tenham a tranquilidade para ensinar e para aprender\u201d, declarou Alessandro Bermudes.<\/p><\/blockquote>\n\n\n\n<p><strong><span class=\"has-inline-color has-black-color\">Outras turmas<br><\/span><\/strong>As turmas em que n\u00e3o houver o retorno h\u00edbrido das aulas, conforme este calend\u00e1rio, dever\u00e3o permanecer com as Atividades Pedag\u00f3gicas N\u00e3o Presenciais (APNPs) remotas.<\/p>\n\n\n\n<p><strong><em>Fonte: <a href=\"http:\/\/www.serra.es.gov.br\/noticias\/serra-retomara-aulas-presenciais-no-dia-25-de-maio\">PMS<\/a><\/em><\/strong><\/p>\n","protected":false},"excerpt":{"rendered":"<p>Retomada das aulas presenciais ser\u00e1 no modelo h\u00edbrido, com escalonamento A Secretaria de Educa\u00e7\u00e3o da Serra (Sedu) divulgou o calend\u00e1rio de retomada das aulas presenciais no modelo h\u00edbrido, com escalonamento das turmas, come\u00e7ando pelas s\u00e9ries iniciais do Ensino Fundamental e Educa\u00e7\u00e3o Infantil. A Sedu segue orienta\u00e7\u00f5es do governo estadual que, na \u00faltima sexta-feira (07), liberou [&hellip;]<\/p>\n","protected":false},"author":2,"featured_media":18093,"comment_status":"open","ping_status":"open","sticky":false,"template":"","format":"standard","meta":{"footnotes":""},"categories":[7],"tags":[4218,8969,8971,8970,910],"class_list":["post-18092","post","type-post","status-publish","format-standard","has-post-thumbnail","hentry","category-educacao","tag-aulas-presenciais","tag-calendario-de-volta-as-aulas","tag-escalonamento","tag-modelo-hibrido","tag-serra"],"yoast_head":"<!-- This site is optimized with the Yoast SEO plugin v26.5 - https:\/\/yoast.com\/wordpress\/plugins\/seo\/ -->\n<title>Serra divulga calend\u00e1rio de retorno \u00e0s aulas presenciais - Jornal Fatos e Not\u00edcias<\/title>\n<meta name=\"robots\" content=\"index, follow, max-snippet:-1, max-image-preview:large, max-video-preview:-1\" \/>\n<link rel=\"canonical\" href=\"https:\/\/jornalfatosenoticias.com.br\/index.php\/2021\/05\/11\/serra-divulga-calendario-de-retorno-as-aulas-presenciais\/\" \/>\n<meta property=\"og:locale\" content=\"pt_BR\" \/>\n<meta property=\"og:type\" content=\"article\" \/>\n<meta property=\"og:title\" content=\"Serra divulga calend\u00e1rio de retorno \u00e0s aulas presenciais - Jornal Fatos e Not\u00edcias\" \/>\n<meta property=\"og:description\" content=\"Retomada das aulas presenciais ser\u00e1 no modelo h\u00edbrido, com escalonamento A Secretaria de Educa\u00e7\u00e3o da Serra (Sedu) divulgou o calend\u00e1rio de retomada das aulas presenciais no modelo h\u00edbrido, com escalonamento das turmas, come\u00e7ando pelas s\u00e9ries iniciais do Ensino Fundamental e Educa\u00e7\u00e3o Infantil. A Sedu segue orienta\u00e7\u00f5es do governo estadual que, na \u00faltima sexta-feira (07), liberou [&hellip;]\" \/>\n<meta property=\"og:url\" content=\"https:\/\/jornalfatosenoticias.com.br\/index.php\/2021\/05\/11\/serra-divulga-calendario-de-retorno-as-aulas-presenciais\/\" \/>\n<meta property=\"og:site_name\" content=\"Jornal Fatos e Not\u00edcias\" \/>\n<meta property=\"article:published_time\" content=\"2021-05-11T17:44:21+00:00\" \/>\n<meta property=\"article:modified_time\" content=\"2021-05-11T17:44:25+00:00\" \/>\n<meta property=\"og:image\" content=\"https:\/\/jornalfatosenoticias.com.br\/wp-content\/uploads\/2021\/05\/volta-as-aulas-Serra.jpg\" \/>\n\t<meta property=\"og:image:width\" content=\"1000\" \/>\n\t<meta property=\"og:image:height\" content=\"651\" \/>\n\t<meta property=\"og:image:type\" content=\"image\/jpeg\" \/>\n<meta name=\"author\" content=\"Luzimara Fernandes\" \/>\n<meta name=\"twitter:card\" content=\"summary_large_image\" \/>\n<meta name=\"twitter:label1\" content=\"Escrito por\" \/>\n\t<meta name=\"twitter:data1\" content=\"Luzimara Fernandes\" \/>\n\t<meta name=\"twitter:label2\" content=\"Est. tempo de leitura\" \/>\n\t<meta name=\"twitter:data2\" content=\"2 minutos\" \/>\n<script type=\"application\/ld+json\" class=\"yoast-schema-graph\">{\"@context\":\"https:\/\/schema.org\",\"@graph\":[{\"@type\":\"Article\",\"@id\":\"https:\/\/jornalfatosenoticias.com.br\/index.php\/2021\/05\/11\/serra-divulga-calendario-de-retorno-as-aulas-presenciais\/#article\",\"isPartOf\":{\"@id\":\"https:\/\/jornalfatosenoticias.com.br\/index.php\/2021\/05\/11\/serra-divulga-calendario-de-retorno-as-aulas-presenciais\/\"},\"author\":{\"name\":\"Luzimara Fernandes\",\"@id\":\"https:\/\/jornalfatosenoticias.com.br\/#\/schema\/person\/d63837fa13ac8666eb9e74e0985d6f81\"},\"headline\":\"Serra divulga calend\u00e1rio de retorno \u00e0s aulas presenciais\",\"datePublished\":\"2021-05-11T17:44:21+00:00\",\"dateModified\":\"2021-05-11T17:44:25+00:00\",\"mainEntityOfPage\":{\"@id\":\"https:\/\/jornalfatosenoticias.com.br\/index.php\/2021\/05\/11\/serra-divulga-calendario-de-retorno-as-aulas-presenciais\/\"},\"wordCount\":393,\"commentCount\":0,\"publisher\":{\"@id\":\"https:\/\/jornalfatosenoticias.com.br\/#organization\"},\"image\":{\"@id\":\"https:\/\/jornalfatosenoticias.com.br\/index.php\/2021\/05\/11\/serra-divulga-calendario-de-retorno-as-aulas-presenciais\/#primaryimage\"},\"thumbnailUrl\":\"https:\/\/jornalfatosenoticias.com.br\/wp-content\/uploads\/2021\/05\/volta-as-aulas-Serra.jpg\",\"keywords\":[\"aulas presenciais\",\"calend\u00e1rio de volta \u00e0s aulas\",\"escalonamento\",\"modelo h\u00edbrido\",\"Serra\"],\"articleSection\":[\"Educa\u00e7\u00e3o\"],\"inLanguage\":\"pt-BR\",\"potentialAction\":[{\"@type\":\"CommentAction\",\"name\":\"Comment\",\"target\":[\"https:\/\/jornalfatosenoticias.com.br\/index.php\/2021\/05\/11\/serra-divulga-calendario-de-retorno-as-aulas-presenciais\/#respond\"]}]},{\"@type\":\"WebPage\",\"@id\":\"https:\/\/jornalfatosenoticias.com.br\/index.php\/2021\/05\/11\/serra-divulga-calendario-de-retorno-as-aulas-presenciais\/\",\"url\":\"https:\/\/jornalfatosenoticias.com.br\/index.php\/2021\/05\/11\/serra-divulga-calendario-de-retorno-as-aulas-presenciais\/\",\"name\":\"Serra divulga calend\u00e1rio de retorno \u00e0s aulas presenciais - Jornal Fatos e Not\u00edcias\",\"isPartOf\":{\"@id\":\"https:\/\/jornalfatosenoticias.com.br\/#website\"},\"primaryImageOfPage\":{\"@id\":\"https:\/\/jornalfatosenoticias.com.br\/index.php\/2021\/05\/11\/serra-divulga-calendario-de-retorno-as-aulas-presenciais\/#primaryimage\"},\"image\":{\"@id\":\"https:\/\/jornalfatosenoticias.com.br\/index.php\/2021\/05\/11\/serra-divulga-calendario-de-retorno-as-aulas-presenciais\/#primaryimage\"},\"thumbnailUrl\":\"https:\/\/jornalfatosenoticias.com.br\/wp-content\/uploads\/2021\/05\/volta-as-aulas-Serra.jpg\",\"datePublished\":\"2021-05-11T17:44:21+00:00\",\"dateModified\":\"2021-05-11T17:44:25+00:00\",\"breadcrumb\":{\"@id\":\"https:\/\/jornalfatosenoticias.com.br\/index.php\/2021\/05\/11\/serra-divulga-calendario-de-retorno-as-aulas-presenciais\/#breadcrumb\"},\"inLanguage\":\"pt-BR\",\"potentialAction\":[{\"@type\":\"ReadAction\",\"target\":[\"https:\/\/jornalfatosenoticias.com.br\/index.php\/2021\/05\/11\/serra-divulga-calendario-de-retorno-as-aulas-presenciais\/\"]}]},{\"@type\":\"ImageObject\",\"inLanguage\":\"pt-BR\",\"@id\":\"https:\/\/jornalfatosenoticias.com.br\/index.php\/2021\/05\/11\/serra-divulga-calendario-de-retorno-as-aulas-presenciais\/#primaryimage\",\"url\":\"https:\/\/jornalfatosenoticias.com.br\/wp-content\/uploads\/2021\/05\/volta-as-aulas-Serra.jpg\",\"contentUrl\":\"https:\/\/jornalfatosenoticias.com.br\/wp-content\/uploads\/2021\/05\/volta-as-aulas-Serra.jpg\",\"width\":1000,\"height\":651},{\"@type\":\"BreadcrumbList\",\"@id\":\"https:\/\/jornalfatosenoticias.com.br\/index.php\/2021\/05\/11\/serra-divulga-calendario-de-retorno-as-aulas-presenciais\/#breadcrumb\",\"itemListElement\":[{\"@type\":\"ListItem\",\"position\":1,\"name\":\"In\u00edcio\",\"item\":\"https:\/\/jornalfatosenoticias.com.br\/\"},{\"@type\":\"ListItem\",\"position\":2,\"name\":\"Serra divulga calend\u00e1rio de retorno \u00e0s aulas presenciais\"}]},{\"@type\":\"WebSite\",\"@id\":\"https:\/\/jornalfatosenoticias.com.br\/#website\",\"url\":\"https:\/\/jornalfatosenoticias.com.br\/\",\"name\":\"Jornal Fatos e Not\u00edcias\",\"description\":\"Not\u00edcias em geral\",\"publisher\":{\"@id\":\"https:\/\/jornalfatosenoticias.com.br\/#organization\"},\"potentialAction\":[{\"@type\":\"SearchAction\",\"target\":{\"@type\":\"EntryPoint\",\"urlTemplate\":\"https:\/\/jornalfatosenoticias.com.br\/?s={search_term_string}\"},\"query-input\":{\"@type\":\"PropertyValueSpecification\",\"valueRequired\":true,\"valueName\":\"search_term_string\"}}],\"inLanguage\":\"pt-BR\"},{\"@type\":\"Organization\",\"@id\":\"https:\/\/jornalfatosenoticias.com.br\/#organization\",\"name\":\"Jornal Fatos e Not\u00edcias\",\"url\":\"https:\/\/jornalfatosenoticias.com.br\/\",\"logo\":{\"@type\":\"ImageObject\",\"inLanguage\":\"pt-BR\",\"@id\":\"https:\/\/jornalfatosenoticias.com.br\/#\/schema\/logo\/image\/\",\"url\":\"https:\/\/jornalfatosenoticias.com.br\/wp-content\/uploads\/2020\/02\/logo120.png\",\"contentUrl\":\"https:\/\/jornalfatosenoticias.com.br\/wp-content\/uploads\/2020\/02\/logo120.png\",\"width\":1227,\"height\":120,\"caption\":\"Jornal Fatos e Not\u00edcias\"},\"image\":{\"@id\":\"https:\/\/jornalfatosenoticias.com.br\/#\/schema\/logo\/image\/\"}},{\"@type\":\"Person\",\"@id\":\"https:\/\/jornalfatosenoticias.com.br\/#\/schema\/person\/d63837fa13ac8666eb9e74e0985d6f81\",\"name\":\"Luzimara Fernandes\",\"image\":{\"@type\":\"ImageObject\",\"inLanguage\":\"pt-BR\",\"@id\":\"https:\/\/jornalfatosenoticias.com.br\/#\/schema\/person\/image\/\",\"url\":\"https:\/\/jornalfatosenoticias.com.br\/wp-content\/uploads\/2025\/05\/EU_portal.jpg\",\"contentUrl\":\"https:\/\/jornalfatosenoticias.com.br\/wp-content\/uploads\/2025\/05\/EU_portal.jpg\",\"caption\":\"Luzimara Fernandes\"},\"description\":\"Jornalista MTB 2358-ES\",\"sameAs\":[\"https:\/\/jornalfatosenoticias.com.br\"],\"url\":\"https:\/\/jornalfatosenoticias.com.br\/index.php\/author\/luzimara\/\"}]}<\/script>\n<!-- \/ Yoast SEO plugin. -->","yoast_head_json":{"title":"Serra divulga calend\u00e1rio de retorno \u00e0s aulas presenciais - Jornal Fatos e Not\u00edcias","robots":{"index":"index","follow":"follow","max-snippet":"max-snippet:-1","max-image-preview":"max-image-preview:large","max-video-preview":"max-video-preview:-1"},"canonical":"https:\/\/jornalfatosenoticias.com.br\/index.php\/2021\/05\/11\/serra-divulga-calendario-de-retorno-as-aulas-presenciais\/","og_locale":"pt_BR","og_type":"article","og_title":"Serra divulga calend\u00e1rio de retorno \u00e0s aulas presenciais - Jornal Fatos e Not\u00edcias","og_description":"Retomada das aulas presenciais ser\u00e1 no modelo h\u00edbrido, com escalonamento A Secretaria de Educa\u00e7\u00e3o da Serra (Sedu) divulgou o calend\u00e1rio de retomada das aulas presenciais no modelo h\u00edbrido, com escalonamento das turmas, come\u00e7ando pelas s\u00e9ries iniciais do Ensino Fundamental e Educa\u00e7\u00e3o Infantil. A Sedu segue orienta\u00e7\u00f5es do governo estadual que, na \u00faltima sexta-feira (07), liberou [&hellip;]","og_url":"https:\/\/jornalfatosenoticias.com.br\/index.php\/2021\/05\/11\/serra-divulga-calendario-de-retorno-as-aulas-presenciais\/","og_site_name":"Jornal Fatos e Not\u00edcias","article_published_time":"2021-05-11T17:44:21+00:00","article_modified_time":"2021-05-11T17:44:25+00:00","og_image":[{"width":1000,"height":651,"url":"https:\/\/jornalfatosenoticias.com.br\/wp-content\/uploads\/2021\/05\/volta-as-aulas-Serra.jpg","type":"image\/jpeg"}],"author":"Luzimara Fernandes","twitter_card":"summary_large_image","twitter_misc":{"Escrito por":"Luzimara Fernandes","Est. tempo de leitura":"2 minutos"},"schema":{"@context":"https:\/\/schema.org","@graph":[{"@type":"Article","@id":"https:\/\/jornalfatosenoticias.com.br\/index.php\/2021\/05\/11\/serra-divulga-calendario-de-retorno-as-aulas-presenciais\/#article","isPartOf":{"@id":"https:\/\/jornalfatosenoticias.com.br\/index.php\/2021\/05\/11\/serra-divulga-calendario-de-retorno-as-aulas-presenciais\/"},"author":{"name":"Luzimara Fernandes","@id":"https:\/\/jornalfatosenoticias.com.br\/#\/schema\/person\/d63837fa13ac8666eb9e74e0985d6f81"},"headline":"Serra divulga calend\u00e1rio de retorno \u00e0s aulas presenciais","datePublished":"2021-05-11T17:44:21+00:00","dateModified":"2021-05-11T17:44:25+00:00","mainEntityOfPage":{"@id":"https:\/\/jornalfatosenoticias.com.br\/index.php\/2021\/05\/11\/serra-divulga-calendario-de-retorno-as-aulas-presenciais\/"},"wordCount":393,"commentCount":0,"publisher":{"@id":"https:\/\/jornalfatosenoticias.com.br\/#organization"},"image":{"@id":"https:\/\/jornalfatosenoticias.com.br\/index.php\/2021\/05\/11\/serra-divulga-calendario-de-retorno-as-aulas-presenciais\/#primaryimage"},"thumbnailUrl":"https:\/\/jornalfatosenoticias.com.br\/wp-content\/uploads\/2021\/05\/volta-as-aulas-Serra.jpg","keywords":["aulas presenciais","calend\u00e1rio de volta \u00e0s aulas","escalonamento","modelo h\u00edbrido","Serra"],"articleSection":["Educa\u00e7\u00e3o"],"inLanguage":"pt-BR","potentialAction":[{"@type":"CommentAction","name":"Comment","target":["https:\/\/jornalfatosenoticias.com.br\/index.php\/2021\/05\/11\/serra-divulga-calendario-de-retorno-as-aulas-presenciais\/#respond"]}]},{"@type":"WebPage","@id":"https:\/\/jornalfatosenoticias.com.br\/index.php\/2021\/05\/11\/serra-divulga-calendario-de-retorno-as-aulas-presenciais\/","url":"https:\/\/jornalfatosenoticias.com.br\/index.php\/2021\/05\/11\/serra-divulga-calendario-de-retorno-as-aulas-presenciais\/","name":"Serra divulga calend\u00e1rio de retorno \u00e0s aulas presenciais - Jornal Fatos e Not\u00edcias","isPartOf":{"@id":"https:\/\/jornalfatosenoticias.com.br\/#website"},"primaryImageOfPage":{"@id":"https:\/\/jornalfatosenoticias.com.br\/index.php\/2021\/05\/11\/serra-divulga-calendario-de-retorno-as-aulas-presenciais\/#primaryimage"},"image":{"@id":"https:\/\/jornalfatosenoticias.com.br\/index.php\/2021\/05\/11\/serra-divulga-calendario-de-retorno-as-aulas-presenciais\/#primaryimage"},"thumbnailUrl":"https:\/\/jornalfatosenoticias.com.br\/wp-content\/uploads\/2021\/05\/volta-as-aulas-Serra.jpg","datePublished":"2021-05-11T17:44:21+00:00","dateModified":"2021-05-11T17:44:25+00:00","breadcrumb":{"@id":"https:\/\/jornalfatosenoticias.com.br\/index.php\/2021\/05\/11\/serra-divulga-calendario-de-retorno-as-aulas-presenciais\/#breadcrumb"},"inLanguage":"pt-BR","potentialAction":[{"@type":"ReadAction","target":["https:\/\/jornalfatosenoticias.com.br\/index.php\/2021\/05\/11\/serra-divulga-calendario-de-retorno-as-aulas-presenciais\/"]}]},{"@type":"ImageObject","inLanguage":"pt-BR","@id":"https:\/\/jornalfatosenoticias.com.br\/index.php\/2021\/05\/11\/serra-divulga-calendario-de-retorno-as-aulas-presenciais\/#primaryimage","url":"https:\/\/jornalfatosenoticias.com.br\/wp-content\/uploads\/2021\/05\/volta-as-aulas-Serra.jpg","contentUrl":"https:\/\/jornalfatosenoticias.com.br\/wp-content\/uploads\/2021\/05\/volta-as-aulas-Serra.jpg","width":1000,"height":651},{"@type":"BreadcrumbList","@id":"https:\/\/jornalfatosenoticias.com.br\/index.php\/2021\/05\/11\/serra-divulga-calendario-de-retorno-as-aulas-presenciais\/#breadcrumb","itemListElement":[{"@type":"ListItem","position":1,"name":"In\u00edcio","item":"https:\/\/jornalfatosenoticias.com.br\/"},{"@type":"ListItem","position":2,"name":"Serra divulga calend\u00e1rio de retorno \u00e0s aulas presenciais"}]},{"@type":"WebSite","@id":"https:\/\/jornalfatosenoticias.com.br\/#website","url":"https:\/\/jornalfatosenoticias.com.br\/","name":"Jornal Fatos e Not\u00edcias","description":"Not\u00edcias em geral","publisher":{"@id":"https:\/\/jornalfatosenoticias.com.br\/#organization"},"potentialAction":[{"@type":"SearchAction","target":{"@type":"EntryPoint","urlTemplate":"https:\/\/jornalfatosenoticias.com.br\/?s={search_term_string}"},"query-input":{"@type":"PropertyValueSpecification","valueRequired":true,"valueName":"search_term_string"}}],"inLanguage":"pt-BR"},{"@type":"Organization","@id":"https:\/\/jornalfatosenoticias.com.br\/#organization","name":"Jornal Fatos e Not\u00edcias","url":"https:\/\/jornalfatosenoticias.com.br\/","logo":{"@type":"ImageObject","inLanguage":"pt-BR","@id":"https:\/\/jornalfatosenoticias.com.br\/#\/schema\/logo\/image\/","url":"https:\/\/jornalfatosenoticias.com.br\/wp-content\/uploads\/2020\/02\/logo120.png","contentUrl":"https:\/\/jornalfatosenoticias.com.br\/wp-content\/uploads\/2020\/02\/logo120.png","width":1227,"height":120,"caption":"Jornal Fatos e Not\u00edcias"},"image":{"@id":"https:\/\/jornalfatosenoticias.com.br\/#\/schema\/logo\/image\/"}},{"@type":"Person","@id":"https:\/\/jornalfatosenoticias.com.br\/#\/schema\/person\/d63837fa13ac8666eb9e74e0985d6f81","name":"Luzimara Fernandes","image":{"@type":"ImageObject","inLanguage":"pt-BR","@id":"https:\/\/jornalfatosenoticias.com.br\/#\/schema\/person\/image\/","url":"https:\/\/jornalfatosenoticias.com.br\/wp-content\/uploads\/2025\/05\/EU_portal.jpg","contentUrl":"https:\/\/jornalfatosenoticias.com.br\/wp-content\/uploads\/2025\/05\/EU_portal.jpg","caption":"Luzimara Fernandes"},"description":"Jornalista MTB 2358-ES","sameAs":["https:\/\/jornalfatosenoticias.com.br"],"url":"https:\/\/jornalfatosenoticias.com.br\/index.php\/author\/luzimara\/"}]}},"cc_featured_image_caption":{"caption_text":"(Foto: Fernanda Neves\/Secom-PMS)","source_text":"","source_url":""},"jetpack_featured_media_url":"https:\/\/jornalfatosenoticias.com.br\/wp-content\/uploads\/2021\/05\/volta-as-aulas-Serra.jpg","_links":{"self":[{"href":"https:\/\/jornalfatosenoticias.com.br\/index.php\/wp-json\/wp\/v2\/posts\/18092","targetHints":{"allow":["GET"]}}],"collection":[{"href":"https:\/\/jornalfatosenoticias.com.br\/index.php\/wp-json\/wp\/v2\/posts"}],"about":[{"href":"https:\/\/jornalfatosenoticias.com.br\/index.php\/wp-json\/wp\/v2\/types\/post"}],"author":[{"embeddable":true,"href":"https:\/\/jornalfatosenoticias.com.br\/index.php\/wp-json\/wp\/v2\/users\/2"}],"replies":[{"embeddable":true,"href":"https:\/\/jornalfatosenoticias.com.br\/index.php\/wp-json\/wp\/v2\/comments?post=18092"}],"version-history":[{"count":0,"href":"https:\/\/jornalfatosenoticias.com.br\/index.php\/wp-json\/wp\/v2\/posts\/18092\/revisions"}],"wp:featuredmedia":[{"embeddable":true,"href":"https:\/\/jornalfatosenoticias.com.br\/index.php\/wp-json\/wp\/v2\/media\/18093"}],"wp:attachment":[{"href":"https:\/\/jornalfatosenoticias.com.br\/index.php\/wp-json\/wp\/v2\/media?parent=18092"}],"wp:term":[{"taxonomy":"category","embeddable":true,"href":"https:\/\/jornalfatosenoticias.com.br\/index.php\/wp-json\/wp\/v2\/categories?post=18092"},{"taxonomy":"post_tag","embeddable":true,"href":"https:\/\/jornalfatosenoticias.com.br\/index.php\/wp-json\/wp\/v2\/tags?post=18092"}],"curies":[{"name":"wp","href":"https:\/\/api.w.org\/{rel}","templated":true}]}}