{"id":18137,"date":"2021-05-12T15:34:26","date_gmt":"2021-05-12T18:34:26","guid":{"rendered":"https:\/\/jornalfatosenoticias.com.br\/?p=18137"},"modified":"2021-05-12T15:34:30","modified_gmt":"2021-05-12T18:34:30","slug":"escravidao-racionada-no-brasil-a-abolicao-ocorreu-ao-estilo-conta-gotas","status":"publish","type":"post","link":"https:\/\/jornalfatosenoticias.com.br\/index.php\/2021\/05\/12\/escravidao-racionada-no-brasil-a-abolicao-ocorreu-ao-estilo-conta-gotas\/","title":{"rendered":"Escravid\u00e3o racionada: no Brasil, a aboli\u00e7\u00e3o ocorreu ao estilo conta-gotas"},"content":{"rendered":"\n<p><em>Em decorr\u00eancia do impacto econ\u00f4mico nas finan\u00e7as das elites, o fim da escravatura enfrentou empecilhos<\/em><\/p>\n\n\n\n<p>Retirado \u00e0 for\u00e7a de sua p\u00e1tria, na \u00c1frica, quando tinha entre 10 e 12 anos, <strong>Lu\u00eds<\/strong> jamais voltou a ver seus pais e irm\u00e3os. Ele chegou ao Brasil nos primeiros meses de 1850 e, durante 27 anos, foi escravizado em Paranagu\u00e1, no litoral paranaense, at\u00e9 que, em janeiro de 1877, entrou com um processo pedindo a alforria ao seu propriet\u00e1rio <strong>Jacinto Lu\u00eds Figueira<\/strong>.<br>Seu curador legal \u2014 uma esp\u00e9cie de advogado na \u00e9poca \u2014 era <strong>Jos\u00e9 Cleto da Silva<\/strong>, que ressaltava que o escravo estava sendo \u201cv\u00edtima da tirania, a mais atroz, sofrendo como tem sofrido o pesado jugo do cativeiro\u201d. Ao longo de quase tr\u00eas d\u00e9cadas, <strong>Lu\u00eds<\/strong> foi \u201clan\u00e7ado \u00e0 for\u00e7a debaixo dos mais terr\u00edveis tratos\u201d.<br>Neste processo, movido para libert\u00e1-lo \u2014 e que se encontra no acervo do Museu do <a href=\"https:\/\/aventurasnahistoria.uol.com.br\/noticias\/vitrine\/livro-aborda-historia-de-giovanni-falcone-o-homem-que-inspirou-operacao-lava-jato.phtml\">Tribunal de Justi\u00e7a do Paran\u00e1<\/a> \u2014 consta que o menino partiu com destino ao Brasil ao lado de \u201cgrande n\u00famero de infelizes companheiros de infort\u00fanio no por\u00e3o de um navio negreiro. Vendo-se, desde ent\u00e3o, privado do dom mais precioso que pelo Criador foi dado \u00e0 criatura \u2014 a liberdade \u2014 e, reduzido \u00e0 escravid\u00e3o com todos os seus horrores, tem sofrido paciente por t\u00e3o longo per\u00edodo\u201d.<br><strong>Jos\u00e9 Cleto<\/strong>, nesta a\u00e7\u00e3o, baseou-se na Lei Feij\u00f3, de 7 de novembro de 1831, que, em tese, proibia o com\u00e9rcio de negros: \u201ctodos os escravos que entrarem no territ\u00f3rio ou portos do Brasil, vindos de fora do Imp\u00e9rio, ficam livres\u201d. Com isso, <strong>Lu\u00eds<\/strong> n\u00e3o poderia ser, a rigor da lei, um escravo.<\/p>\n\n\n\n<figure class=\"wp-block-image size-large\"><img loading=\"lazy\" decoding=\"async\" width=\"1000\" height=\"562\" src=\"https:\/\/jornalfatosenoticias.com.br\/wp-content\/uploads\/2021\/05\/abolicao_jose-cleto-da-silva.jpg\" alt=\"\" class=\"wp-image-18138\" srcset=\"https:\/\/jornalfatosenoticias.com.br\/wp-content\/uploads\/2021\/05\/abolicao_jose-cleto-da-silva.jpg 1000w, https:\/\/jornalfatosenoticias.com.br\/wp-content\/uploads\/2021\/05\/abolicao_jose-cleto-da-silva-300x169.jpg 300w, https:\/\/jornalfatosenoticias.com.br\/wp-content\/uploads\/2021\/05\/abolicao_jose-cleto-da-silva-768x432.jpg 768w\" sizes=\"auto, (max-width: 1000px) 100vw, 1000px\" \/><figcaption><em>Jos\u00e9 Cleto da Silva, respons\u00e1vel por abrir a primeira escola para escravos, em 1871 (Foto: Dom\u00ednio P\u00fablico\/Acervo Instituto Moises Soares)<\/em><\/figcaption><\/figure>\n\n\n\n<p>O homem tinha certid\u00f5es de batismo e de matr\u00edcula que foram anexadas ao processo como provas de que ele chegou ao Pa\u00eds depois de 1831. A pr\u00f3pria matr\u00edcula de bens de <strong>Jacinto Figueira<\/strong> indicava que a vida daquele negro havia se transformado em propriedade em 1850.<br>Um ano depois do pedido de alforria, testemunhas foram ouvidas, dentre elas, os ex-escravos <strong>Domingos, Joanna <\/strong>e<strong> Isabel<\/strong> \u2014 nos documentos, eles aparecem s\u00f3 com o primeiro nome, bem diferente do juiz municipal, tenente-coronel <strong>Manoel Leoc\u00e1dio de Oliveira<\/strong>, que intimou <strong>Jacinto Figueira<\/strong> e, em mar\u00e7o de 1879, a justi\u00e7a prevaleceu: <strong>Lu\u00eds<\/strong> passou a ser um homem livre.<\/p>\n\n\n\n<p><strong><span class=\"has-inline-color has-black-color\">De pouco a pouco<br><\/span><\/strong>A lei usada para embasar o processo de alforria de Lu\u00eds foi a primeira de outras quatro que buscavam coibir a pr\u00e1tica da escravid\u00e3o em territ\u00f3rio brasileiro. Um processo propositalmente lento e gradual que ia ao encontro dos desejos de uma elite econ\u00f4mica e pol\u00edtica interessada em manter aquecido o com\u00e9rcio de compra e venda de escravos e continuar usufruindo e explorando essa m\u00e3o de obra.<br>Assim, a aboli\u00e7\u00e3o foi ocorrendo ao estilo conta-gotas e, na maior parte das vezes, para atender \u00e0s ordens de outros pa\u00edses parceiros do Brasil \u2014 como a Inglaterra, uma das maiores pot\u00eancias econ\u00f4micas do s\u00e9culo 19.<br>Desde a lei de 1831, foram quase 60 anos at\u00e9 que o jugo da escravid\u00e3o terminasse oficialmente no Pa\u00eds, com a assinatura da Lei \u00c1urea, em 13 de maio de 1888. Uma canetada tardia que fez o Brasil entrar para a Hist\u00f3ria como o \u00faltimo pa\u00eds do Ocidente a acabar com o regime escravocrata.<br>Da minera\u00e7\u00e3o ao cultivo de erva-mate, das tarefas no campo aos afazeres dom\u00e9sticos. Crian\u00e7as, homens e mulheres tamb\u00e9m eram escravizados em oficinas de carpinteiro, sapateiro e alfaiataria. Desde meados de 1550, os europeus passaram a usar negros africanos para servirem aos senhores brancos que habitavam o Brasil.<\/p>\n\n\n\n<p><strong><span class=\"has-inline-color has-black-color\">Impacto econ\u00f4mico<br><\/span><\/strong>O tr\u00e1fico de escravos se mostrava uma atividade altamente lucrativa e os portugueses j\u00e1 estavam envolvidos com essa negociata. No continente africano, os povos locais eram adquiridos em troca de cacha\u00e7a e tabaco \u2014 apreciados na \u00c1frica e abundantes no Brasil.<br>Aldeias inteiras chegavam a atravessar o Oceano Atl\u00e2ntico em uma condi\u00e7\u00e3o insalubre dentro dos por\u00f5es dos navios negreiros: cerca de 12% morriam durante a travessia.<br>Chegando ao Brasil, os escravos eram transformados em uma vantajosa moeda de troca. Mesmo com a independ\u00eancia do Pa\u00eds, em 1822, o fim da escravid\u00e3o n\u00e3o foi tratado como prioridade por parte do Imp\u00e9rio.<\/p>\n\n\n\n<figure class=\"wp-block-image size-large\"><img loading=\"lazy\" decoding=\"async\" width=\"1000\" height=\"562\" src=\"https:\/\/jornalfatosenoticias.com.br\/wp-content\/uploads\/2021\/05\/abolicao_a-redencao-pintura.jpg\" alt=\"\" class=\"wp-image-18139\" srcset=\"https:\/\/jornalfatosenoticias.com.br\/wp-content\/uploads\/2021\/05\/abolicao_a-redencao-pintura.jpg 1000w, https:\/\/jornalfatosenoticias.com.br\/wp-content\/uploads\/2021\/05\/abolicao_a-redencao-pintura-300x169.jpg 300w, https:\/\/jornalfatosenoticias.com.br\/wp-content\/uploads\/2021\/05\/abolicao_a-redencao-pintura-768x432.jpg 768w\" sizes=\"auto, (max-width: 1000px) 100vw, 1000px\" \/><figcaption><em>Pintura &#8220;A Reden\u00e7\u00e3o de Cam&#8221;, feita pelo artista Modesto Brocos (Foto: Wikimedia Commons\/Dom\u00ednio P\u00fablico)<\/em><\/figcaption><\/figure>\n\n\n\n<p>\u201cO sistema escravista sustentava a economia e a sociedade por inteiro. Isso quer dizer que o trabalho di\u00e1rio dos escravos era essencial para a organiza\u00e7\u00e3o da hierarquia social e o sucesso das grandes propriedades rurais onde a fam\u00edlia patriarcal reinava absoluta, al\u00e9m das propriedades da Igreja Cat\u00f3lica e da Monarquia\u201d, afirma a historiadora <strong>C\u00e9lia Azevedo<\/strong>, autora do livro \u2018Onda Negra, Medo Branco: O Negro no Imagin\u00e1rio das Elites no S\u00e9culo 19\u2019.<br>Os escravos tamb\u00e9m eram essenciais na organiza\u00e7\u00e3o das cidades e vilas. Eram eles que atuavam nas mais diversas profiss\u00f5es, algumas delas altamente especializadas como os trabalhos de constru\u00e7\u00e3o, ourivesaria e obras art\u00edsticas nas igrejas, mans\u00f5es e recintos p\u00fablicos.<\/p>\n\n\n\n<p><em><span class=\"has-inline-color has-black-color\"><strong>Legenda foto de capa: <\/strong>A aboli\u00e7\u00e3o da escravatura: quadro de 1849 de Fran\u00e7ois-Auguste Biard (Foto: Dom\u00ednio P\u00fablico\/Acervo Assembleia Nacional da Fran\u00e7a)<\/span><\/em><\/p>\n\n\n\n<p><strong><em>Fonte: <a href=\"https:\/\/aventurasnahistoria.uol.com.br\/noticias\/almanaque\/escravidao-racionada-no-brasil-abolicao-ocorreu-ao-estilo-conta-gotas.phtml\">Aventuras na Hist\u00f3ria<\/a><\/em><\/strong><\/p>\n","protected":false},"excerpt":{"rendered":"<p>Em decorr\u00eancia do impacto econ\u00f4mico nas finan\u00e7as das elites, o fim da escravatura enfrentou empecilhos Retirado \u00e0 for\u00e7a de sua p\u00e1tria, na \u00c1frica, quando tinha entre 10 e 12 anos, Lu\u00eds jamais voltou a ver seus pais e irm\u00e3os. Ele chegou ao Brasil nos primeiros meses de 1850 e, durante 27 anos, foi escravizado em [&hellip;]<\/p>\n","protected":false},"author":2,"featured_media":18140,"comment_status":"open","ping_status":"open","sticky":false,"template":"","format":"standard","meta":{"footnotes":""},"categories":[7],"tags":[597,240,192,8993,3384,1149,8994,74],"class_list":["post-18137","post","type-post","status-publish","format-standard","has-post-thumbnail","hentry","category-educacao","tag-brasil","tag-economia","tag-escravidao","tag-familia-imperial","tag-luta","tag-negros","tag-pais-2","tag-saude"],"yoast_head":"<!-- This site is optimized with the Yoast SEO plugin v26.5 - https:\/\/yoast.com\/wordpress\/plugins\/seo\/ -->\n<title>Escravid\u00e3o racionada: no Brasil, a aboli\u00e7\u00e3o ocorreu ao estilo conta-gotas - Jornal Fatos e Not\u00edcias<\/title>\n<meta name=\"robots\" content=\"index, follow, max-snippet:-1, max-image-preview:large, max-video-preview:-1\" \/>\n<link rel=\"canonical\" href=\"https:\/\/jornalfatosenoticias.com.br\/index.php\/2021\/05\/12\/escravidao-racionada-no-brasil-a-abolicao-ocorreu-ao-estilo-conta-gotas\/\" \/>\n<meta property=\"og:locale\" content=\"pt_BR\" \/>\n<meta property=\"og:type\" content=\"article\" \/>\n<meta property=\"og:title\" content=\"Escravid\u00e3o racionada: no Brasil, a aboli\u00e7\u00e3o ocorreu ao estilo conta-gotas - Jornal Fatos e Not\u00edcias\" \/>\n<meta property=\"og:description\" content=\"Em decorr\u00eancia do impacto econ\u00f4mico nas finan\u00e7as das elites, o fim da escravatura enfrentou empecilhos Retirado \u00e0 for\u00e7a de sua p\u00e1tria, na \u00c1frica, quando tinha entre 10 e 12 anos, Lu\u00eds jamais voltou a ver seus pais e irm\u00e3os. Ele chegou ao Brasil nos primeiros meses de 1850 e, durante 27 anos, foi escravizado em [&hellip;]\" \/>\n<meta property=\"og:url\" content=\"https:\/\/jornalfatosenoticias.com.br\/index.php\/2021\/05\/12\/escravidao-racionada-no-brasil-a-abolicao-ocorreu-ao-estilo-conta-gotas\/\" \/>\n<meta property=\"og:site_name\" content=\"Jornal Fatos e Not\u00edcias\" \/>\n<meta property=\"article:published_time\" content=\"2021-05-12T18:34:26+00:00\" \/>\n<meta property=\"article:modified_time\" content=\"2021-05-12T18:34:30+00:00\" \/>\n<meta property=\"og:image\" content=\"https:\/\/jornalfatosenoticias.com.br\/wp-content\/uploads\/2021\/05\/abolicao.jpg\" \/>\n\t<meta property=\"og:image:width\" content=\"1000\" \/>\n\t<meta property=\"og:image:height\" content=\"562\" \/>\n\t<meta property=\"og:image:type\" content=\"image\/jpeg\" \/>\n<meta name=\"author\" content=\"Luzimara Fernandes\" \/>\n<meta name=\"twitter:card\" content=\"summary_large_image\" \/>\n<meta name=\"twitter:label1\" content=\"Escrito por\" \/>\n\t<meta name=\"twitter:data1\" content=\"Luzimara Fernandes\" \/>\n\t<meta name=\"twitter:label2\" content=\"Est. tempo de leitura\" \/>\n\t<meta name=\"twitter:data2\" content=\"5 minutos\" \/>\n<script type=\"application\/ld+json\" class=\"yoast-schema-graph\">{\"@context\":\"https:\/\/schema.org\",\"@graph\":[{\"@type\":\"Article\",\"@id\":\"https:\/\/jornalfatosenoticias.com.br\/index.php\/2021\/05\/12\/escravidao-racionada-no-brasil-a-abolicao-ocorreu-ao-estilo-conta-gotas\/#article\",\"isPartOf\":{\"@id\":\"https:\/\/jornalfatosenoticias.com.br\/index.php\/2021\/05\/12\/escravidao-racionada-no-brasil-a-abolicao-ocorreu-ao-estilo-conta-gotas\/\"},\"author\":{\"name\":\"Luzimara Fernandes\",\"@id\":\"https:\/\/jornalfatosenoticias.com.br\/#\/schema\/person\/d63837fa13ac8666eb9e74e0985d6f81\"},\"headline\":\"Escravid\u00e3o racionada: no Brasil, a aboli\u00e7\u00e3o ocorreu ao estilo conta-gotas\",\"datePublished\":\"2021-05-12T18:34:26+00:00\",\"dateModified\":\"2021-05-12T18:34:30+00:00\",\"mainEntityOfPage\":{\"@id\":\"https:\/\/jornalfatosenoticias.com.br\/index.php\/2021\/05\/12\/escravidao-racionada-no-brasil-a-abolicao-ocorreu-ao-estilo-conta-gotas\/\"},\"wordCount\":926,\"commentCount\":0,\"publisher\":{\"@id\":\"https:\/\/jornalfatosenoticias.com.br\/#organization\"},\"image\":{\"@id\":\"https:\/\/jornalfatosenoticias.com.br\/index.php\/2021\/05\/12\/escravidao-racionada-no-brasil-a-abolicao-ocorreu-ao-estilo-conta-gotas\/#primaryimage\"},\"thumbnailUrl\":\"https:\/\/jornalfatosenoticias.com.br\/wp-content\/uploads\/2021\/05\/abolicao.jpg\",\"keywords\":[\"Brasil\",\"economia\",\"escravid\u00e3o\",\"fam\u00edlia imperial\",\"luta\",\"negros\",\"Pa\u00eds\",\"sa\u00fade\"],\"articleSection\":[\"Educa\u00e7\u00e3o\"],\"inLanguage\":\"pt-BR\",\"potentialAction\":[{\"@type\":\"CommentAction\",\"name\":\"Comment\",\"target\":[\"https:\/\/jornalfatosenoticias.com.br\/index.php\/2021\/05\/12\/escravidao-racionada-no-brasil-a-abolicao-ocorreu-ao-estilo-conta-gotas\/#respond\"]}]},{\"@type\":\"WebPage\",\"@id\":\"https:\/\/jornalfatosenoticias.com.br\/index.php\/2021\/05\/12\/escravidao-racionada-no-brasil-a-abolicao-ocorreu-ao-estilo-conta-gotas\/\",\"url\":\"https:\/\/jornalfatosenoticias.com.br\/index.php\/2021\/05\/12\/escravidao-racionada-no-brasil-a-abolicao-ocorreu-ao-estilo-conta-gotas\/\",\"name\":\"Escravid\u00e3o racionada: no Brasil, a aboli\u00e7\u00e3o ocorreu ao estilo conta-gotas - Jornal Fatos e Not\u00edcias\",\"isPartOf\":{\"@id\":\"https:\/\/jornalfatosenoticias.com.br\/#website\"},\"primaryImageOfPage\":{\"@id\":\"https:\/\/jornalfatosenoticias.com.br\/index.php\/2021\/05\/12\/escravidao-racionada-no-brasil-a-abolicao-ocorreu-ao-estilo-conta-gotas\/#primaryimage\"},\"image\":{\"@id\":\"https:\/\/jornalfatosenoticias.com.br\/index.php\/2021\/05\/12\/escravidao-racionada-no-brasil-a-abolicao-ocorreu-ao-estilo-conta-gotas\/#primaryimage\"},\"thumbnailUrl\":\"https:\/\/jornalfatosenoticias.com.br\/wp-content\/uploads\/2021\/05\/abolicao.jpg\",\"datePublished\":\"2021-05-12T18:34:26+00:00\",\"dateModified\":\"2021-05-12T18:34:30+00:00\",\"breadcrumb\":{\"@id\":\"https:\/\/jornalfatosenoticias.com.br\/index.php\/2021\/05\/12\/escravidao-racionada-no-brasil-a-abolicao-ocorreu-ao-estilo-conta-gotas\/#breadcrumb\"},\"inLanguage\":\"pt-BR\",\"potentialAction\":[{\"@type\":\"ReadAction\",\"target\":[\"https:\/\/jornalfatosenoticias.com.br\/index.php\/2021\/05\/12\/escravidao-racionada-no-brasil-a-abolicao-ocorreu-ao-estilo-conta-gotas\/\"]}]},{\"@type\":\"ImageObject\",\"inLanguage\":\"pt-BR\",\"@id\":\"https:\/\/jornalfatosenoticias.com.br\/index.php\/2021\/05\/12\/escravidao-racionada-no-brasil-a-abolicao-ocorreu-ao-estilo-conta-gotas\/#primaryimage\",\"url\":\"https:\/\/jornalfatosenoticias.com.br\/wp-content\/uploads\/2021\/05\/abolicao.jpg\",\"contentUrl\":\"https:\/\/jornalfatosenoticias.com.br\/wp-content\/uploads\/2021\/05\/abolicao.jpg\",\"width\":1000,\"height\":562},{\"@type\":\"BreadcrumbList\",\"@id\":\"https:\/\/jornalfatosenoticias.com.br\/index.php\/2021\/05\/12\/escravidao-racionada-no-brasil-a-abolicao-ocorreu-ao-estilo-conta-gotas\/#breadcrumb\",\"itemListElement\":[{\"@type\":\"ListItem\",\"position\":1,\"name\":\"In\u00edcio\",\"item\":\"https:\/\/jornalfatosenoticias.com.br\/\"},{\"@type\":\"ListItem\",\"position\":2,\"name\":\"Escravid\u00e3o racionada: no Brasil, a aboli\u00e7\u00e3o ocorreu ao estilo conta-gotas\"}]},{\"@type\":\"WebSite\",\"@id\":\"https:\/\/jornalfatosenoticias.com.br\/#website\",\"url\":\"https:\/\/jornalfatosenoticias.com.br\/\",\"name\":\"Jornal Fatos e Not\u00edcias\",\"description\":\"Not\u00edcias em geral\",\"publisher\":{\"@id\":\"https:\/\/jornalfatosenoticias.com.br\/#organization\"},\"potentialAction\":[{\"@type\":\"SearchAction\",\"target\":{\"@type\":\"EntryPoint\",\"urlTemplate\":\"https:\/\/jornalfatosenoticias.com.br\/?s={search_term_string}\"},\"query-input\":{\"@type\":\"PropertyValueSpecification\",\"valueRequired\":true,\"valueName\":\"search_term_string\"}}],\"inLanguage\":\"pt-BR\"},{\"@type\":\"Organization\",\"@id\":\"https:\/\/jornalfatosenoticias.com.br\/#organization\",\"name\":\"Jornal Fatos e Not\u00edcias\",\"url\":\"https:\/\/jornalfatosenoticias.com.br\/\",\"logo\":{\"@type\":\"ImageObject\",\"inLanguage\":\"pt-BR\",\"@id\":\"https:\/\/jornalfatosenoticias.com.br\/#\/schema\/logo\/image\/\",\"url\":\"https:\/\/jornalfatosenoticias.com.br\/wp-content\/uploads\/2020\/02\/logo120.png\",\"contentUrl\":\"https:\/\/jornalfatosenoticias.com.br\/wp-content\/uploads\/2020\/02\/logo120.png\",\"width\":1227,\"height\":120,\"caption\":\"Jornal Fatos e Not\u00edcias\"},\"image\":{\"@id\":\"https:\/\/jornalfatosenoticias.com.br\/#\/schema\/logo\/image\/\"}},{\"@type\":\"Person\",\"@id\":\"https:\/\/jornalfatosenoticias.com.br\/#\/schema\/person\/d63837fa13ac8666eb9e74e0985d6f81\",\"name\":\"Luzimara Fernandes\",\"image\":{\"@type\":\"ImageObject\",\"inLanguage\":\"pt-BR\",\"@id\":\"https:\/\/jornalfatosenoticias.com.br\/#\/schema\/person\/image\/\",\"url\":\"https:\/\/jornalfatosenoticias.com.br\/wp-content\/uploads\/2025\/05\/EU_portal.jpg\",\"contentUrl\":\"https:\/\/jornalfatosenoticias.com.br\/wp-content\/uploads\/2025\/05\/EU_portal.jpg\",\"caption\":\"Luzimara Fernandes\"},\"description\":\"Jornalista MTB 2358-ES\",\"sameAs\":[\"https:\/\/jornalfatosenoticias.com.br\"],\"url\":\"https:\/\/jornalfatosenoticias.com.br\/index.php\/author\/luzimara\/\"}]}<\/script>\n<!-- \/ Yoast SEO plugin. -->","yoast_head_json":{"title":"Escravid\u00e3o racionada: no Brasil, a aboli\u00e7\u00e3o ocorreu ao estilo conta-gotas - Jornal Fatos e Not\u00edcias","robots":{"index":"index","follow":"follow","max-snippet":"max-snippet:-1","max-image-preview":"max-image-preview:large","max-video-preview":"max-video-preview:-1"},"canonical":"https:\/\/jornalfatosenoticias.com.br\/index.php\/2021\/05\/12\/escravidao-racionada-no-brasil-a-abolicao-ocorreu-ao-estilo-conta-gotas\/","og_locale":"pt_BR","og_type":"article","og_title":"Escravid\u00e3o racionada: no Brasil, a aboli\u00e7\u00e3o ocorreu ao estilo conta-gotas - Jornal Fatos e Not\u00edcias","og_description":"Em decorr\u00eancia do impacto econ\u00f4mico nas finan\u00e7as das elites, o fim da escravatura enfrentou empecilhos Retirado \u00e0 for\u00e7a de sua p\u00e1tria, na \u00c1frica, quando tinha entre 10 e 12 anos, Lu\u00eds jamais voltou a ver seus pais e irm\u00e3os. Ele chegou ao Brasil nos primeiros meses de 1850 e, durante 27 anos, foi escravizado em [&hellip;]","og_url":"https:\/\/jornalfatosenoticias.com.br\/index.php\/2021\/05\/12\/escravidao-racionada-no-brasil-a-abolicao-ocorreu-ao-estilo-conta-gotas\/","og_site_name":"Jornal Fatos e Not\u00edcias","article_published_time":"2021-05-12T18:34:26+00:00","article_modified_time":"2021-05-12T18:34:30+00:00","og_image":[{"width":1000,"height":562,"url":"https:\/\/jornalfatosenoticias.com.br\/wp-content\/uploads\/2021\/05\/abolicao.jpg","type":"image\/jpeg"}],"author":"Luzimara Fernandes","twitter_card":"summary_large_image","twitter_misc":{"Escrito por":"Luzimara Fernandes","Est. tempo de leitura":"5 minutos"},"schema":{"@context":"https:\/\/schema.org","@graph":[{"@type":"Article","@id":"https:\/\/jornalfatosenoticias.com.br\/index.php\/2021\/05\/12\/escravidao-racionada-no-brasil-a-abolicao-ocorreu-ao-estilo-conta-gotas\/#article","isPartOf":{"@id":"https:\/\/jornalfatosenoticias.com.br\/index.php\/2021\/05\/12\/escravidao-racionada-no-brasil-a-abolicao-ocorreu-ao-estilo-conta-gotas\/"},"author":{"name":"Luzimara Fernandes","@id":"https:\/\/jornalfatosenoticias.com.br\/#\/schema\/person\/d63837fa13ac8666eb9e74e0985d6f81"},"headline":"Escravid\u00e3o racionada: no Brasil, a aboli\u00e7\u00e3o ocorreu ao estilo conta-gotas","datePublished":"2021-05-12T18:34:26+00:00","dateModified":"2021-05-12T18:34:30+00:00","mainEntityOfPage":{"@id":"https:\/\/jornalfatosenoticias.com.br\/index.php\/2021\/05\/12\/escravidao-racionada-no-brasil-a-abolicao-ocorreu-ao-estilo-conta-gotas\/"},"wordCount":926,"commentCount":0,"publisher":{"@id":"https:\/\/jornalfatosenoticias.com.br\/#organization"},"image":{"@id":"https:\/\/jornalfatosenoticias.com.br\/index.php\/2021\/05\/12\/escravidao-racionada-no-brasil-a-abolicao-ocorreu-ao-estilo-conta-gotas\/#primaryimage"},"thumbnailUrl":"https:\/\/jornalfatosenoticias.com.br\/wp-content\/uploads\/2021\/05\/abolicao.jpg","keywords":["Brasil","economia","escravid\u00e3o","fam\u00edlia imperial","luta","negros","Pa\u00eds","sa\u00fade"],"articleSection":["Educa\u00e7\u00e3o"],"inLanguage":"pt-BR","potentialAction":[{"@type":"CommentAction","name":"Comment","target":["https:\/\/jornalfatosenoticias.com.br\/index.php\/2021\/05\/12\/escravidao-racionada-no-brasil-a-abolicao-ocorreu-ao-estilo-conta-gotas\/#respond"]}]},{"@type":"WebPage","@id":"https:\/\/jornalfatosenoticias.com.br\/index.php\/2021\/05\/12\/escravidao-racionada-no-brasil-a-abolicao-ocorreu-ao-estilo-conta-gotas\/","url":"https:\/\/jornalfatosenoticias.com.br\/index.php\/2021\/05\/12\/escravidao-racionada-no-brasil-a-abolicao-ocorreu-ao-estilo-conta-gotas\/","name":"Escravid\u00e3o racionada: no Brasil, a aboli\u00e7\u00e3o ocorreu ao estilo conta-gotas - Jornal Fatos e Not\u00edcias","isPartOf":{"@id":"https:\/\/jornalfatosenoticias.com.br\/#website"},"primaryImageOfPage":{"@id":"https:\/\/jornalfatosenoticias.com.br\/index.php\/2021\/05\/12\/escravidao-racionada-no-brasil-a-abolicao-ocorreu-ao-estilo-conta-gotas\/#primaryimage"},"image":{"@id":"https:\/\/jornalfatosenoticias.com.br\/index.php\/2021\/05\/12\/escravidao-racionada-no-brasil-a-abolicao-ocorreu-ao-estilo-conta-gotas\/#primaryimage"},"thumbnailUrl":"https:\/\/jornalfatosenoticias.com.br\/wp-content\/uploads\/2021\/05\/abolicao.jpg","datePublished":"2021-05-12T18:34:26+00:00","dateModified":"2021-05-12T18:34:30+00:00","breadcrumb":{"@id":"https:\/\/jornalfatosenoticias.com.br\/index.php\/2021\/05\/12\/escravidao-racionada-no-brasil-a-abolicao-ocorreu-ao-estilo-conta-gotas\/#breadcrumb"},"inLanguage":"pt-BR","potentialAction":[{"@type":"ReadAction","target":["https:\/\/jornalfatosenoticias.com.br\/index.php\/2021\/05\/12\/escravidao-racionada-no-brasil-a-abolicao-ocorreu-ao-estilo-conta-gotas\/"]}]},{"@type":"ImageObject","inLanguage":"pt-BR","@id":"https:\/\/jornalfatosenoticias.com.br\/index.php\/2021\/05\/12\/escravidao-racionada-no-brasil-a-abolicao-ocorreu-ao-estilo-conta-gotas\/#primaryimage","url":"https:\/\/jornalfatosenoticias.com.br\/wp-content\/uploads\/2021\/05\/abolicao.jpg","contentUrl":"https:\/\/jornalfatosenoticias.com.br\/wp-content\/uploads\/2021\/05\/abolicao.jpg","width":1000,"height":562},{"@type":"BreadcrumbList","@id":"https:\/\/jornalfatosenoticias.com.br\/index.php\/2021\/05\/12\/escravidao-racionada-no-brasil-a-abolicao-ocorreu-ao-estilo-conta-gotas\/#breadcrumb","itemListElement":[{"@type":"ListItem","position":1,"name":"In\u00edcio","item":"https:\/\/jornalfatosenoticias.com.br\/"},{"@type":"ListItem","position":2,"name":"Escravid\u00e3o racionada: no Brasil, a aboli\u00e7\u00e3o ocorreu ao estilo conta-gotas"}]},{"@type":"WebSite","@id":"https:\/\/jornalfatosenoticias.com.br\/#website","url":"https:\/\/jornalfatosenoticias.com.br\/","name":"Jornal Fatos e Not\u00edcias","description":"Not\u00edcias em geral","publisher":{"@id":"https:\/\/jornalfatosenoticias.com.br\/#organization"},"potentialAction":[{"@type":"SearchAction","target":{"@type":"EntryPoint","urlTemplate":"https:\/\/jornalfatosenoticias.com.br\/?s={search_term_string}"},"query-input":{"@type":"PropertyValueSpecification","valueRequired":true,"valueName":"search_term_string"}}],"inLanguage":"pt-BR"},{"@type":"Organization","@id":"https:\/\/jornalfatosenoticias.com.br\/#organization","name":"Jornal Fatos e Not\u00edcias","url":"https:\/\/jornalfatosenoticias.com.br\/","logo":{"@type":"ImageObject","inLanguage":"pt-BR","@id":"https:\/\/jornalfatosenoticias.com.br\/#\/schema\/logo\/image\/","url":"https:\/\/jornalfatosenoticias.com.br\/wp-content\/uploads\/2020\/02\/logo120.png","contentUrl":"https:\/\/jornalfatosenoticias.com.br\/wp-content\/uploads\/2020\/02\/logo120.png","width":1227,"height":120,"caption":"Jornal Fatos e Not\u00edcias"},"image":{"@id":"https:\/\/jornalfatosenoticias.com.br\/#\/schema\/logo\/image\/"}},{"@type":"Person","@id":"https:\/\/jornalfatosenoticias.com.br\/#\/schema\/person\/d63837fa13ac8666eb9e74e0985d6f81","name":"Luzimara Fernandes","image":{"@type":"ImageObject","inLanguage":"pt-BR","@id":"https:\/\/jornalfatosenoticias.com.br\/#\/schema\/person\/image\/","url":"https:\/\/jornalfatosenoticias.com.br\/wp-content\/uploads\/2025\/05\/EU_portal.jpg","contentUrl":"https:\/\/jornalfatosenoticias.com.br\/wp-content\/uploads\/2025\/05\/EU_portal.jpg","caption":"Luzimara Fernandes"},"description":"Jornalista MTB 2358-ES","sameAs":["https:\/\/jornalfatosenoticias.com.br"],"url":"https:\/\/jornalfatosenoticias.com.br\/index.php\/author\/luzimara\/"}]}},"cc_featured_image_caption":{"caption_text":"","source_text":"","source_url":""},"jetpack_featured_media_url":"https:\/\/jornalfatosenoticias.com.br\/wp-content\/uploads\/2021\/05\/abolicao.jpg","_links":{"self":[{"href":"https:\/\/jornalfatosenoticias.com.br\/index.php\/wp-json\/wp\/v2\/posts\/18137","targetHints":{"allow":["GET"]}}],"collection":[{"href":"https:\/\/jornalfatosenoticias.com.br\/index.php\/wp-json\/wp\/v2\/posts"}],"about":[{"href":"https:\/\/jornalfatosenoticias.com.br\/index.php\/wp-json\/wp\/v2\/types\/post"}],"author":[{"embeddable":true,"href":"https:\/\/jornalfatosenoticias.com.br\/index.php\/wp-json\/wp\/v2\/users\/2"}],"replies":[{"embeddable":true,"href":"https:\/\/jornalfatosenoticias.com.br\/index.php\/wp-json\/wp\/v2\/comments?post=18137"}],"version-history":[{"count":0,"href":"https:\/\/jornalfatosenoticias.com.br\/index.php\/wp-json\/wp\/v2\/posts\/18137\/revisions"}],"wp:featuredmedia":[{"embeddable":true,"href":"https:\/\/jornalfatosenoticias.com.br\/index.php\/wp-json\/wp\/v2\/media\/18140"}],"wp:attachment":[{"href":"https:\/\/jornalfatosenoticias.com.br\/index.php\/wp-json\/wp\/v2\/media?parent=18137"}],"wp:term":[{"taxonomy":"category","embeddable":true,"href":"https:\/\/jornalfatosenoticias.com.br\/index.php\/wp-json\/wp\/v2\/categories?post=18137"},{"taxonomy":"post_tag","embeddable":true,"href":"https:\/\/jornalfatosenoticias.com.br\/index.php\/wp-json\/wp\/v2\/tags?post=18137"}],"curies":[{"name":"wp","href":"https:\/\/api.w.org\/{rel}","templated":true}]}}