{"id":18168,"date":"2021-05-13T18:22:17","date_gmt":"2021-05-13T21:22:17","guid":{"rendered":"https:\/\/jornalfatosenoticias.com.br\/?p=18168"},"modified":"2021-05-13T18:22:22","modified_gmt":"2021-05-13T21:22:22","slug":"violencia-contra-a-mulher-e-a-crianca-suas-varias-formas-cada-vez-mais-naturalizadas-parte-vii","status":"publish","type":"post","link":"https:\/\/jornalfatosenoticias.com.br\/index.php\/2021\/05\/13\/violencia-contra-a-mulher-e-a-crianca-suas-varias-formas-cada-vez-mais-naturalizadas-parte-vii\/","title":{"rendered":"Viol\u00eancia contra a Mulher e a Crian\u00e7a. Suas v\u00e1rias formas cada vez mais naturalizadas \u2014 Parte VII"},"content":{"rendered":"\n<p><em>A Viol\u00eancia Vic\u00e1ria perpetrada pelo Estado, uma forma de Viol\u00eancia Institucional, al\u00e9m de trazer a desresponsabiliza\u00e7\u00e3o, torna a m\u00e3e o instrumento de tortura contra a Crian\u00e7a<\/em><\/p>\n\n\n\n<p>S\u00e3o<strong> Feminic\u00eddios <\/strong>e<strong> Infantic\u00eddios<\/strong>. Intrafamiliares. Muitos. A <strong>viol\u00eancia<\/strong> \u00e9 end\u00eamica entre n\u00f3s. E a viol\u00eancia intramuros traz uma cor sombria, um segredo inconfess\u00e1vel que torna obscura a verdade nas rela\u00e7\u00f5es familiares. Essa forma de viol\u00eancia \u00e9 cada vez mais comum, e caminha para uma naturaliza\u00e7\u00e3o. Afinal, a fam\u00edlia \u00e9 a microssociedade que possibilita, em pequena escala e com bastante garantia de cobertura, o exerc\u00edcio do <strong>Poder<\/strong>.<br>Quanto mais um indiv\u00edduo se sente impotente no seu grupo social e profissional, mais ele busca algu\u00e9m mais fraco, e, se aproveitando dessa vulnerabilidade, esse indiv\u00edduo monta uma situa\u00e7\u00e3o de supremacia, e se regozija com a domina\u00e7\u00e3o absoluta sobre o mais fraco. Esta \u00e9 a cadeia alimentar perversa do <strong>Poder<\/strong>, mais frequente do que se imagina. Esta cadeia, na maioria das vezes, \u00e9 invis\u00edvel a olho nu.<br>Como acomodar a ang\u00fastia e a revolta diante da sequ\u00eancia de viol\u00eancias contra crian\u00e7as e mulheres? Quando pensamos que chegamos ao ponto m\u00e1ximo de crueldade, somos surpreendidos por algo ainda mais atroz. A barb\u00e1rie est\u00e1 instalada com folga. A viol\u00eancia de cores j\u00e1 desbotadas, diria mesmo, esquecida, do sumi\u00e7o de tr\u00eas meninos que tinham ido jogar futebol no campinho perto de casa. Esses meninos evaporaram h\u00e1 cinco meses. H\u00e1 muito perderam o espa\u00e7o na m\u00eddia, nada se fala mais. Suas duas m\u00e3es gritam e esperam por alguma not\u00edcia da investiga\u00e7\u00e3o. Como \u00e9 poss\u00edvel tr\u00eas Crian\u00e7as serem evaporadas sem deixar nenhum rastro? Penso nesse como e surgem hip\u00f3teses bem graves para o que poderia ter acontecido.<br>As ocorr\u00eancias dos <strong>Feminic\u00eddios<\/strong> s\u00e3o alarmantes. Assim como s\u00e3o alarmantes as viol\u00eancias contra as crian\u00e7as. E, aqui, precisamos sublinhar que s\u00f3 tomamos conhecimento dos casos de viol\u00eancia contra a <strong>Crian\u00e7a<\/strong>. Apenas os casos midi\u00e1ticos s\u00e3o vis\u00edveis, a subnotifica\u00e7\u00e3o \u00e9 um fato sabido. Ainda mais porque o fator dito \u201ceducativo\u201d encobre muitas viol\u00eancias cometidas como se corretivo fossem. Apesar da lei que pro\u00edbe o castigo f\u00edsico, a toler\u00e2ncia com palmadas, chineladas, cintadas, tapas que marcam na cara e no corpo, socos e pontap\u00e9s, s\u00e3o tidos como justificados quando a Crian\u00e7a desobedece, ou irrita o adulto.<br>H\u00e1 pouco tempo vimos um menino de apenas quatro anos ser assassinato em cena de severa tortura f\u00edsica que se repetia cotidianamente. Veio a \u00f3bito com 23 pontos de les\u00f5es graves por golpes contundentes recebidos de um adulto. Mais recentemente, outro menino, tr\u00eas anos foi morto em circunst\u00e2ncias familiares, tamb\u00e9m por espancamento. Nos dois casos, havia outras pessoas na casa, havia ind\u00edcios e conhecimento da viol\u00eancia por essas outras pessoas da fam\u00edlia, havia outras pessoas fora da fam\u00edlia que tinham conhecimento das agress\u00f5es, mas n\u00e3o havia vontade de proteger a <strong>Crian\u00e7a<\/strong>. Tamb\u00e9m n\u00e3o h\u00e1 pol\u00edticas p\u00fablicas que, verdadeira e efetivamente, protejam a Crian\u00e7a e a pessoa que denuncia. Ao contr\u00e1rio. Nos casos de viol\u00eancia familiar, o que existe \u00e9 uma lei, a da aliena\u00e7\u00e3o parental, que serve de cobertor protetor para o agressor, e motiva, inclusive, a invers\u00e3o de guarda, fazendo com que a <strong>Crian\u00e7a<\/strong> seja entregue ao seu agressor e passe a sofrer a <strong>Priva\u00e7\u00e3o Materna Judicial<\/strong>.<br>J\u00e1 \u00e9 poss\u00edvel observar uma diminui\u00e7\u00e3o da necess\u00e1ria e indispens\u00e1vel den\u00fancia. As m\u00e3es, apavoradas com a terapia da amea\u00e7a, proposta por <strong>Gardner<\/strong>, o inventor do termo, e que \u00e9 praticada nas audi\u00eancias e at\u00e9 pelos pr\u00f3prios advogados que representam a <strong>Crian\u00e7a<\/strong>, est\u00e3o recuando pelo medo acenado e afirmado em intimida\u00e7\u00f5es de perda total do conv\u00edvio materno com o filho\/filha.<br>Somos surpreendidos por atrocidades que n\u00e3o faziam parte de nossa hist\u00f3ria. Um tamb\u00e9m menino de 19 anos, entra numa creche e mata com faca e adaga tr\u00eas beb\u00eas, e duas professoras que tentaram proteger as <strong>Crian\u00e7as<\/strong>. Eram tr\u00eas beb\u00eas! Esses assassinatos fogem, completamente, de qualquer pingo de razoabilidade. Total barbarismo. N\u00e3o h\u00e1 motivo, as v\u00edtimas n\u00e3o oferecem nenhuma resist\u00eancia ou capacidade de defesa. E a arma branca e os chutes e pontap\u00e9s implicam na proximidade f\u00edsica com a v\u00edtima, implicam na repeti\u00e7\u00e3o dos golpes, implicam na deforma\u00e7\u00e3o e desmonte da v\u00edtima, implicam em intervalos de tempo que poderiam trazer sua interrup\u00e7\u00e3o, um retorno a alguma lucidez.<\/p>\n\n\n\n<figure class=\"wp-block-image size-large\"><img loading=\"lazy\" decoding=\"async\" width=\"637\" height=\"345\" src=\"https:\/\/jornalfatosenoticias.com.br\/wp-content\/uploads\/2021\/05\/policial-jacarezinho-criancas.jpg\" alt=\"\" class=\"wp-image-18169\" srcset=\"https:\/\/jornalfatosenoticias.com.br\/wp-content\/uploads\/2021\/05\/policial-jacarezinho-criancas.jpg 637w, https:\/\/jornalfatosenoticias.com.br\/wp-content\/uploads\/2021\/05\/policial-jacarezinho-criancas-300x162.jpg 300w\" sizes=\"auto, (max-width: 637px) 100vw, 637px\" \/><figcaption><em>Em meio \u00e0 guerra no Jacarezinho policial distrai crian\u00e7as (Foto: Reprodu\u00e7\u00e3o\/YouTube)<\/em><\/figcaption><\/figure>\n\n\n\n<p>A viol\u00eancia institucional b\u00e1rbara que, em nome de cumprir a lei, pelo menos \u00e9 a justificativa alegada, aperta gatilhos de fuzis dentro de quarto de <strong>Crian\u00e7a<\/strong>, que presencia a morte sangrenta de um desconhecido que estaria tentando fugir da institui\u00e7\u00e3o de <strong>Seguran\u00e7a P\u00fablica<\/strong>. Para combater o aliciamento de <strong>Crian\u00e7as <\/strong>e<strong> Adolescentes<\/strong> pelo crime estruturado, alegando os <strong>Artigos do ECA<\/strong> que rezam <strong>Prote\u00e7\u00e3o<\/strong>. Mas ser\u00e1 protetivo executar algu\u00e9m sentado na caminha de uma menina de oito anos, que a tudo assistia? Para coibir viola\u00e7\u00f5es, pratica-se viola\u00e7\u00e3o. No \u00faltimo <strong>Natal<\/strong>, tr\u00eas meninas de oito e seis anos, assistiram ao pai executar a m\u00e3e com 16 facadas. Quantas Crian\u00e7as assistem a cenas de viol\u00eancia dom\u00e9stica dentro de suas casas? Mas a dificuldade de cr\u00e9dito da<strong> Voz<\/strong> que denuncia \u00e9 muito grande e cruel.<br>A <strong>Viol\u00eancia Vic\u00e1ria<\/strong> perpetrada pelo Estado, uma forma de <strong>Viol\u00eancia Institucional<\/strong>, al\u00e9m de trazer a desresponsabiliza\u00e7\u00e3o, torna a m\u00e3e o instrumento de tortura contra a <strong>Crian\u00e7a<\/strong>, pela sua avidez de maternagem que \u00e9 sonegada na <strong>Priva\u00e7\u00e3o Materna Judicial<\/strong>, deformando para a <strong>Crian\u00e7a<\/strong> a no\u00e7\u00e3o de certo e errado, a no\u00e7\u00e3o de <strong>\u00c9tica<\/strong>, a no\u00e7\u00e3o de afeto honesto. Assim, como sa\u00edda para o subjugo do processo de <strong>Feminic\u00eddio<\/strong> que se inicia bem antes de seu desfecho, em formato disfar\u00e7ado de crime de stalking, crime de persegui\u00e7\u00e3o institucional, estamos trazendo a reflex\u00e3o sobre uma atitude leg\u00edtima e saud\u00e1vel da m\u00e3e ao Registrar em <strong>Ju\u00edzo<\/strong>, e em <strong>Ata Notarial<\/strong>, seu rompimento com este pacto perverso ao se retirar dos processos que brotam, incessantemente, ao longo de anos.<\/p>\n","protected":false},"excerpt":{"rendered":"<p>A Viol\u00eancia Vic\u00e1ria perpetrada pelo Estado, uma forma de Viol\u00eancia Institucional, al\u00e9m de trazer a desresponsabiliza\u00e7\u00e3o, torna a m\u00e3e o instrumento de tortura contra a Crian\u00e7a S\u00e3o Feminic\u00eddios e Infantic\u00eddios. Intrafamiliares. Muitos. A viol\u00eancia \u00e9 end\u00eamica entre n\u00f3s. E a viol\u00eancia intramuros traz uma cor sombria, um segredo inconfess\u00e1vel que torna obscura a verdade nas [&hellip;]<\/p>\n","protected":false},"author":8,"featured_media":18170,"comment_status":"open","ping_status":"open","sticky":false,"template":"","format":"standard","meta":{"footnotes":""},"categories":[2522],"tags":[9000,1041,6561,9001],"class_list":["post-18168","post","type-post","status-publish","format-standard","has-post-thumbnail","hentry","category-comportamento","tag-criancas-e-adolescentes","tag-violencia-domestica","tag-violencia-fisica","tag-violencia-sexual-e-psicologica"],"yoast_head":"<!-- This site is optimized with the Yoast SEO plugin v26.5 - https:\/\/yoast.com\/wordpress\/plugins\/seo\/ -->\n<title>Viol\u00eancia contra a Mulher e a Crian\u00e7a. Suas v\u00e1rias formas cada vez mais naturalizadas \u2014 Parte VII - Jornal Fatos e Not\u00edcias<\/title>\n<meta name=\"robots\" content=\"index, follow, max-snippet:-1, max-image-preview:large, max-video-preview:-1\" \/>\n<link rel=\"canonical\" href=\"https:\/\/jornalfatosenoticias.com.br\/index.php\/2021\/05\/13\/violencia-contra-a-mulher-e-a-crianca-suas-varias-formas-cada-vez-mais-naturalizadas-parte-vii\/\" \/>\n<meta property=\"og:locale\" content=\"pt_BR\" \/>\n<meta property=\"og:type\" content=\"article\" \/>\n<meta property=\"og:title\" content=\"Viol\u00eancia contra a Mulher e a Crian\u00e7a. Suas v\u00e1rias formas cada vez mais naturalizadas \u2014 Parte VII - Jornal Fatos e Not\u00edcias\" \/>\n<meta property=\"og:description\" content=\"A Viol\u00eancia Vic\u00e1ria perpetrada pelo Estado, uma forma de Viol\u00eancia Institucional, al\u00e9m de trazer a desresponsabiliza\u00e7\u00e3o, torna a m\u00e3e o instrumento de tortura contra a Crian\u00e7a S\u00e3o Feminic\u00eddios e Infantic\u00eddios. Intrafamiliares. Muitos. A viol\u00eancia \u00e9 end\u00eamica entre n\u00f3s. E a viol\u00eancia intramuros traz uma cor sombria, um segredo inconfess\u00e1vel que torna obscura a verdade nas [&hellip;]\" \/>\n<meta property=\"og:url\" content=\"https:\/\/jornalfatosenoticias.com.br\/index.php\/2021\/05\/13\/violencia-contra-a-mulher-e-a-crianca-suas-varias-formas-cada-vez-mais-naturalizadas-parte-vii\/\" \/>\n<meta property=\"og:site_name\" content=\"Jornal Fatos e Not\u00edcias\" \/>\n<meta property=\"article:published_time\" content=\"2021-05-13T21:22:17+00:00\" \/>\n<meta property=\"article:modified_time\" content=\"2021-05-13T21:22:22+00:00\" \/>\n<meta property=\"og:image\" content=\"https:\/\/jornalfatosenoticias.com.br\/wp-content\/uploads\/2021\/05\/Alienacao-Parental_AzMina.gif\" \/>\n\t<meta property=\"og:image:width\" content=\"1000\" \/>\n\t<meta property=\"og:image:height\" content=\"562\" \/>\n\t<meta property=\"og:image:type\" content=\"image\/gif\" \/>\n<meta name=\"author\" content=\"Ana Maria Iencarelli\" \/>\n<meta name=\"twitter:card\" content=\"summary_large_image\" \/>\n<meta name=\"twitter:label1\" content=\"Escrito por\" \/>\n\t<meta name=\"twitter:data1\" content=\"Ana Maria Iencarelli\" \/>\n\t<meta name=\"twitter:label2\" content=\"Est. tempo de leitura\" \/>\n\t<meta name=\"twitter:data2\" content=\"5 minutos\" \/>\n<script type=\"application\/ld+json\" class=\"yoast-schema-graph\">{\"@context\":\"https:\/\/schema.org\",\"@graph\":[{\"@type\":\"Article\",\"@id\":\"https:\/\/jornalfatosenoticias.com.br\/index.php\/2021\/05\/13\/violencia-contra-a-mulher-e-a-crianca-suas-varias-formas-cada-vez-mais-naturalizadas-parte-vii\/#article\",\"isPartOf\":{\"@id\":\"https:\/\/jornalfatosenoticias.com.br\/index.php\/2021\/05\/13\/violencia-contra-a-mulher-e-a-crianca-suas-varias-formas-cada-vez-mais-naturalizadas-parte-vii\/\"},\"author\":{\"name\":\"Ana Maria Iencarelli\",\"@id\":\"https:\/\/jornalfatosenoticias.com.br\/#\/schema\/person\/c33fcf5fb02d729d3fec92c6737a22d1\"},\"headline\":\"Viol\u00eancia contra a Mulher e a Crian\u00e7a. Suas v\u00e1rias formas cada vez mais naturalizadas \u2014 Parte VII\",\"datePublished\":\"2021-05-13T21:22:17+00:00\",\"dateModified\":\"2021-05-13T21:22:22+00:00\",\"mainEntityOfPage\":{\"@id\":\"https:\/\/jornalfatosenoticias.com.br\/index.php\/2021\/05\/13\/violencia-contra-a-mulher-e-a-crianca-suas-varias-formas-cada-vez-mais-naturalizadas-parte-vii\/\"},\"wordCount\":1118,\"commentCount\":0,\"publisher\":{\"@id\":\"https:\/\/jornalfatosenoticias.com.br\/#organization\"},\"image\":{\"@id\":\"https:\/\/jornalfatosenoticias.com.br\/index.php\/2021\/05\/13\/violencia-contra-a-mulher-e-a-crianca-suas-varias-formas-cada-vez-mais-naturalizadas-parte-vii\/#primaryimage\"},\"thumbnailUrl\":\"https:\/\/jornalfatosenoticias.com.br\/wp-content\/uploads\/2021\/05\/Alienacao-Parental_AzMina.gif\",\"keywords\":[\"crian\u00e7as e adolescentes\",\"viol\u00eancia dom\u00e9stica\",\"viol\u00eancia f\u00edsica\",\"viol\u00eancia sexual e psicol\u00f3gica\"],\"articleSection\":[\"Comportamento &amp; Equil\u00edbrio\"],\"inLanguage\":\"pt-BR\",\"potentialAction\":[{\"@type\":\"CommentAction\",\"name\":\"Comment\",\"target\":[\"https:\/\/jornalfatosenoticias.com.br\/index.php\/2021\/05\/13\/violencia-contra-a-mulher-e-a-crianca-suas-varias-formas-cada-vez-mais-naturalizadas-parte-vii\/#respond\"]}]},{\"@type\":\"WebPage\",\"@id\":\"https:\/\/jornalfatosenoticias.com.br\/index.php\/2021\/05\/13\/violencia-contra-a-mulher-e-a-crianca-suas-varias-formas-cada-vez-mais-naturalizadas-parte-vii\/\",\"url\":\"https:\/\/jornalfatosenoticias.com.br\/index.php\/2021\/05\/13\/violencia-contra-a-mulher-e-a-crianca-suas-varias-formas-cada-vez-mais-naturalizadas-parte-vii\/\",\"name\":\"Viol\u00eancia contra a Mulher e a Crian\u00e7a. Suas v\u00e1rias formas cada vez mais naturalizadas \u2014 Parte VII - Jornal Fatos e Not\u00edcias\",\"isPartOf\":{\"@id\":\"https:\/\/jornalfatosenoticias.com.br\/#website\"},\"primaryImageOfPage\":{\"@id\":\"https:\/\/jornalfatosenoticias.com.br\/index.php\/2021\/05\/13\/violencia-contra-a-mulher-e-a-crianca-suas-varias-formas-cada-vez-mais-naturalizadas-parte-vii\/#primaryimage\"},\"image\":{\"@id\":\"https:\/\/jornalfatosenoticias.com.br\/index.php\/2021\/05\/13\/violencia-contra-a-mulher-e-a-crianca-suas-varias-formas-cada-vez-mais-naturalizadas-parte-vii\/#primaryimage\"},\"thumbnailUrl\":\"https:\/\/jornalfatosenoticias.com.br\/wp-content\/uploads\/2021\/05\/Alienacao-Parental_AzMina.gif\",\"datePublished\":\"2021-05-13T21:22:17+00:00\",\"dateModified\":\"2021-05-13T21:22:22+00:00\",\"breadcrumb\":{\"@id\":\"https:\/\/jornalfatosenoticias.com.br\/index.php\/2021\/05\/13\/violencia-contra-a-mulher-e-a-crianca-suas-varias-formas-cada-vez-mais-naturalizadas-parte-vii\/#breadcrumb\"},\"inLanguage\":\"pt-BR\",\"potentialAction\":[{\"@type\":\"ReadAction\",\"target\":[\"https:\/\/jornalfatosenoticias.com.br\/index.php\/2021\/05\/13\/violencia-contra-a-mulher-e-a-crianca-suas-varias-formas-cada-vez-mais-naturalizadas-parte-vii\/\"]}]},{\"@type\":\"ImageObject\",\"inLanguage\":\"pt-BR\",\"@id\":\"https:\/\/jornalfatosenoticias.com.br\/index.php\/2021\/05\/13\/violencia-contra-a-mulher-e-a-crianca-suas-varias-formas-cada-vez-mais-naturalizadas-parte-vii\/#primaryimage\",\"url\":\"https:\/\/jornalfatosenoticias.com.br\/wp-content\/uploads\/2021\/05\/Alienacao-Parental_AzMina.gif\",\"contentUrl\":\"https:\/\/jornalfatosenoticias.com.br\/wp-content\/uploads\/2021\/05\/Alienacao-Parental_AzMina.gif\",\"width\":1000,\"height\":562},{\"@type\":\"BreadcrumbList\",\"@id\":\"https:\/\/jornalfatosenoticias.com.br\/index.php\/2021\/05\/13\/violencia-contra-a-mulher-e-a-crianca-suas-varias-formas-cada-vez-mais-naturalizadas-parte-vii\/#breadcrumb\",\"itemListElement\":[{\"@type\":\"ListItem\",\"position\":1,\"name\":\"In\u00edcio\",\"item\":\"https:\/\/jornalfatosenoticias.com.br\/\"},{\"@type\":\"ListItem\",\"position\":2,\"name\":\"Viol\u00eancia contra a Mulher e a Crian\u00e7a. Suas v\u00e1rias formas cada vez mais naturalizadas \u2014 Parte VII\"}]},{\"@type\":\"WebSite\",\"@id\":\"https:\/\/jornalfatosenoticias.com.br\/#website\",\"url\":\"https:\/\/jornalfatosenoticias.com.br\/\",\"name\":\"Jornal Fatos e Not\u00edcias\",\"description\":\"Not\u00edcias em geral\",\"publisher\":{\"@id\":\"https:\/\/jornalfatosenoticias.com.br\/#organization\"},\"potentialAction\":[{\"@type\":\"SearchAction\",\"target\":{\"@type\":\"EntryPoint\",\"urlTemplate\":\"https:\/\/jornalfatosenoticias.com.br\/?s={search_term_string}\"},\"query-input\":{\"@type\":\"PropertyValueSpecification\",\"valueRequired\":true,\"valueName\":\"search_term_string\"}}],\"inLanguage\":\"pt-BR\"},{\"@type\":\"Organization\",\"@id\":\"https:\/\/jornalfatosenoticias.com.br\/#organization\",\"name\":\"Jornal Fatos e Not\u00edcias\",\"url\":\"https:\/\/jornalfatosenoticias.com.br\/\",\"logo\":{\"@type\":\"ImageObject\",\"inLanguage\":\"pt-BR\",\"@id\":\"https:\/\/jornalfatosenoticias.com.br\/#\/schema\/logo\/image\/\",\"url\":\"https:\/\/jornalfatosenoticias.com.br\/wp-content\/uploads\/2020\/02\/logo120.png\",\"contentUrl\":\"https:\/\/jornalfatosenoticias.com.br\/wp-content\/uploads\/2020\/02\/logo120.png\",\"width\":1227,\"height\":120,\"caption\":\"Jornal Fatos e Not\u00edcias\"},\"image\":{\"@id\":\"https:\/\/jornalfatosenoticias.com.br\/#\/schema\/logo\/image\/\"}},{\"@type\":\"Person\",\"@id\":\"https:\/\/jornalfatosenoticias.com.br\/#\/schema\/person\/c33fcf5fb02d729d3fec92c6737a22d1\",\"name\":\"Ana Maria Iencarelli\",\"image\":{\"@type\":\"ImageObject\",\"inLanguage\":\"pt-BR\",\"@id\":\"https:\/\/jornalfatosenoticias.com.br\/#\/schema\/person\/image\/\",\"url\":\"https:\/\/jornalfatosenoticias.com.br\/wp-content\/uploads\/2020\/02\/Ana-Maria-Iencarelli-1-150x150.jpg\",\"contentUrl\":\"https:\/\/jornalfatosenoticias.com.br\/wp-content\/uploads\/2020\/02\/Ana-Maria-Iencarelli-1-150x150.jpg\",\"caption\":\"Ana Maria Iencarelli\"},\"description\":\"Psicanalista Cl\u00ednica, especializada no atendimento a Crian\u00e7as e Adolescentes. Presidente da ONG Vozes de Anjos.\",\"url\":\"https:\/\/jornalfatosenoticias.com.br\/index.php\/author\/anamaria\/\"}]}<\/script>\n<!-- \/ Yoast SEO plugin. -->","yoast_head_json":{"title":"Viol\u00eancia contra a Mulher e a Crian\u00e7a. Suas v\u00e1rias formas cada vez mais naturalizadas \u2014 Parte VII - Jornal Fatos e Not\u00edcias","robots":{"index":"index","follow":"follow","max-snippet":"max-snippet:-1","max-image-preview":"max-image-preview:large","max-video-preview":"max-video-preview:-1"},"canonical":"https:\/\/jornalfatosenoticias.com.br\/index.php\/2021\/05\/13\/violencia-contra-a-mulher-e-a-crianca-suas-varias-formas-cada-vez-mais-naturalizadas-parte-vii\/","og_locale":"pt_BR","og_type":"article","og_title":"Viol\u00eancia contra a Mulher e a Crian\u00e7a. Suas v\u00e1rias formas cada vez mais naturalizadas \u2014 Parte VII - Jornal Fatos e Not\u00edcias","og_description":"A Viol\u00eancia Vic\u00e1ria perpetrada pelo Estado, uma forma de Viol\u00eancia Institucional, al\u00e9m de trazer a desresponsabiliza\u00e7\u00e3o, torna a m\u00e3e o instrumento de tortura contra a Crian\u00e7a S\u00e3o Feminic\u00eddios e Infantic\u00eddios. Intrafamiliares. Muitos. A viol\u00eancia \u00e9 end\u00eamica entre n\u00f3s. E a viol\u00eancia intramuros traz uma cor sombria, um segredo inconfess\u00e1vel que torna obscura a verdade nas [&hellip;]","og_url":"https:\/\/jornalfatosenoticias.com.br\/index.php\/2021\/05\/13\/violencia-contra-a-mulher-e-a-crianca-suas-varias-formas-cada-vez-mais-naturalizadas-parte-vii\/","og_site_name":"Jornal Fatos e Not\u00edcias","article_published_time":"2021-05-13T21:22:17+00:00","article_modified_time":"2021-05-13T21:22:22+00:00","og_image":[{"width":1000,"height":562,"url":"https:\/\/jornalfatosenoticias.com.br\/wp-content\/uploads\/2021\/05\/Alienacao-Parental_AzMina.gif","type":"image\/gif"}],"author":"Ana Maria Iencarelli","twitter_card":"summary_large_image","twitter_misc":{"Escrito por":"Ana Maria Iencarelli","Est. tempo de leitura":"5 minutos"},"schema":{"@context":"https:\/\/schema.org","@graph":[{"@type":"Article","@id":"https:\/\/jornalfatosenoticias.com.br\/index.php\/2021\/05\/13\/violencia-contra-a-mulher-e-a-crianca-suas-varias-formas-cada-vez-mais-naturalizadas-parte-vii\/#article","isPartOf":{"@id":"https:\/\/jornalfatosenoticias.com.br\/index.php\/2021\/05\/13\/violencia-contra-a-mulher-e-a-crianca-suas-varias-formas-cada-vez-mais-naturalizadas-parte-vii\/"},"author":{"name":"Ana Maria Iencarelli","@id":"https:\/\/jornalfatosenoticias.com.br\/#\/schema\/person\/c33fcf5fb02d729d3fec92c6737a22d1"},"headline":"Viol\u00eancia contra a Mulher e a Crian\u00e7a. Suas v\u00e1rias formas cada vez mais naturalizadas \u2014 Parte VII","datePublished":"2021-05-13T21:22:17+00:00","dateModified":"2021-05-13T21:22:22+00:00","mainEntityOfPage":{"@id":"https:\/\/jornalfatosenoticias.com.br\/index.php\/2021\/05\/13\/violencia-contra-a-mulher-e-a-crianca-suas-varias-formas-cada-vez-mais-naturalizadas-parte-vii\/"},"wordCount":1118,"commentCount":0,"publisher":{"@id":"https:\/\/jornalfatosenoticias.com.br\/#organization"},"image":{"@id":"https:\/\/jornalfatosenoticias.com.br\/index.php\/2021\/05\/13\/violencia-contra-a-mulher-e-a-crianca-suas-varias-formas-cada-vez-mais-naturalizadas-parte-vii\/#primaryimage"},"thumbnailUrl":"https:\/\/jornalfatosenoticias.com.br\/wp-content\/uploads\/2021\/05\/Alienacao-Parental_AzMina.gif","keywords":["crian\u00e7as e adolescentes","viol\u00eancia dom\u00e9stica","viol\u00eancia f\u00edsica","viol\u00eancia sexual e psicol\u00f3gica"],"articleSection":["Comportamento &amp; Equil\u00edbrio"],"inLanguage":"pt-BR","potentialAction":[{"@type":"CommentAction","name":"Comment","target":["https:\/\/jornalfatosenoticias.com.br\/index.php\/2021\/05\/13\/violencia-contra-a-mulher-e-a-crianca-suas-varias-formas-cada-vez-mais-naturalizadas-parte-vii\/#respond"]}]},{"@type":"WebPage","@id":"https:\/\/jornalfatosenoticias.com.br\/index.php\/2021\/05\/13\/violencia-contra-a-mulher-e-a-crianca-suas-varias-formas-cada-vez-mais-naturalizadas-parte-vii\/","url":"https:\/\/jornalfatosenoticias.com.br\/index.php\/2021\/05\/13\/violencia-contra-a-mulher-e-a-crianca-suas-varias-formas-cada-vez-mais-naturalizadas-parte-vii\/","name":"Viol\u00eancia contra a Mulher e a Crian\u00e7a. Suas v\u00e1rias formas cada vez mais naturalizadas \u2014 Parte VII - Jornal Fatos e Not\u00edcias","isPartOf":{"@id":"https:\/\/jornalfatosenoticias.com.br\/#website"},"primaryImageOfPage":{"@id":"https:\/\/jornalfatosenoticias.com.br\/index.php\/2021\/05\/13\/violencia-contra-a-mulher-e-a-crianca-suas-varias-formas-cada-vez-mais-naturalizadas-parte-vii\/#primaryimage"},"image":{"@id":"https:\/\/jornalfatosenoticias.com.br\/index.php\/2021\/05\/13\/violencia-contra-a-mulher-e-a-crianca-suas-varias-formas-cada-vez-mais-naturalizadas-parte-vii\/#primaryimage"},"thumbnailUrl":"https:\/\/jornalfatosenoticias.com.br\/wp-content\/uploads\/2021\/05\/Alienacao-Parental_AzMina.gif","datePublished":"2021-05-13T21:22:17+00:00","dateModified":"2021-05-13T21:22:22+00:00","breadcrumb":{"@id":"https:\/\/jornalfatosenoticias.com.br\/index.php\/2021\/05\/13\/violencia-contra-a-mulher-e-a-crianca-suas-varias-formas-cada-vez-mais-naturalizadas-parte-vii\/#breadcrumb"},"inLanguage":"pt-BR","potentialAction":[{"@type":"ReadAction","target":["https:\/\/jornalfatosenoticias.com.br\/index.php\/2021\/05\/13\/violencia-contra-a-mulher-e-a-crianca-suas-varias-formas-cada-vez-mais-naturalizadas-parte-vii\/"]}]},{"@type":"ImageObject","inLanguage":"pt-BR","@id":"https:\/\/jornalfatosenoticias.com.br\/index.php\/2021\/05\/13\/violencia-contra-a-mulher-e-a-crianca-suas-varias-formas-cada-vez-mais-naturalizadas-parte-vii\/#primaryimage","url":"https:\/\/jornalfatosenoticias.com.br\/wp-content\/uploads\/2021\/05\/Alienacao-Parental_AzMina.gif","contentUrl":"https:\/\/jornalfatosenoticias.com.br\/wp-content\/uploads\/2021\/05\/Alienacao-Parental_AzMina.gif","width":1000,"height":562},{"@type":"BreadcrumbList","@id":"https:\/\/jornalfatosenoticias.com.br\/index.php\/2021\/05\/13\/violencia-contra-a-mulher-e-a-crianca-suas-varias-formas-cada-vez-mais-naturalizadas-parte-vii\/#breadcrumb","itemListElement":[{"@type":"ListItem","position":1,"name":"In\u00edcio","item":"https:\/\/jornalfatosenoticias.com.br\/"},{"@type":"ListItem","position":2,"name":"Viol\u00eancia contra a Mulher e a Crian\u00e7a. Suas v\u00e1rias formas cada vez mais naturalizadas \u2014 Parte VII"}]},{"@type":"WebSite","@id":"https:\/\/jornalfatosenoticias.com.br\/#website","url":"https:\/\/jornalfatosenoticias.com.br\/","name":"Jornal Fatos e Not\u00edcias","description":"Not\u00edcias em geral","publisher":{"@id":"https:\/\/jornalfatosenoticias.com.br\/#organization"},"potentialAction":[{"@type":"SearchAction","target":{"@type":"EntryPoint","urlTemplate":"https:\/\/jornalfatosenoticias.com.br\/?s={search_term_string}"},"query-input":{"@type":"PropertyValueSpecification","valueRequired":true,"valueName":"search_term_string"}}],"inLanguage":"pt-BR"},{"@type":"Organization","@id":"https:\/\/jornalfatosenoticias.com.br\/#organization","name":"Jornal Fatos e Not\u00edcias","url":"https:\/\/jornalfatosenoticias.com.br\/","logo":{"@type":"ImageObject","inLanguage":"pt-BR","@id":"https:\/\/jornalfatosenoticias.com.br\/#\/schema\/logo\/image\/","url":"https:\/\/jornalfatosenoticias.com.br\/wp-content\/uploads\/2020\/02\/logo120.png","contentUrl":"https:\/\/jornalfatosenoticias.com.br\/wp-content\/uploads\/2020\/02\/logo120.png","width":1227,"height":120,"caption":"Jornal Fatos e Not\u00edcias"},"image":{"@id":"https:\/\/jornalfatosenoticias.com.br\/#\/schema\/logo\/image\/"}},{"@type":"Person","@id":"https:\/\/jornalfatosenoticias.com.br\/#\/schema\/person\/c33fcf5fb02d729d3fec92c6737a22d1","name":"Ana Maria Iencarelli","image":{"@type":"ImageObject","inLanguage":"pt-BR","@id":"https:\/\/jornalfatosenoticias.com.br\/#\/schema\/person\/image\/","url":"https:\/\/jornalfatosenoticias.com.br\/wp-content\/uploads\/2020\/02\/Ana-Maria-Iencarelli-1-150x150.jpg","contentUrl":"https:\/\/jornalfatosenoticias.com.br\/wp-content\/uploads\/2020\/02\/Ana-Maria-Iencarelli-1-150x150.jpg","caption":"Ana Maria Iencarelli"},"description":"Psicanalista Cl\u00ednica, especializada no atendimento a Crian\u00e7as e Adolescentes. Presidente da ONG Vozes de Anjos.","url":"https:\/\/jornalfatosenoticias.com.br\/index.php\/author\/anamaria\/"}]}},"cc_featured_image_caption":{"caption_text":"(Foto: Instituto AzMina)","source_text":"","source_url":""},"jetpack_featured_media_url":"https:\/\/jornalfatosenoticias.com.br\/wp-content\/uploads\/2021\/05\/Alienacao-Parental_AzMina.gif","_links":{"self":[{"href":"https:\/\/jornalfatosenoticias.com.br\/index.php\/wp-json\/wp\/v2\/posts\/18168","targetHints":{"allow":["GET"]}}],"collection":[{"href":"https:\/\/jornalfatosenoticias.com.br\/index.php\/wp-json\/wp\/v2\/posts"}],"about":[{"href":"https:\/\/jornalfatosenoticias.com.br\/index.php\/wp-json\/wp\/v2\/types\/post"}],"author":[{"embeddable":true,"href":"https:\/\/jornalfatosenoticias.com.br\/index.php\/wp-json\/wp\/v2\/users\/8"}],"replies":[{"embeddable":true,"href":"https:\/\/jornalfatosenoticias.com.br\/index.php\/wp-json\/wp\/v2\/comments?post=18168"}],"version-history":[{"count":0,"href":"https:\/\/jornalfatosenoticias.com.br\/index.php\/wp-json\/wp\/v2\/posts\/18168\/revisions"}],"wp:featuredmedia":[{"embeddable":true,"href":"https:\/\/jornalfatosenoticias.com.br\/index.php\/wp-json\/wp\/v2\/media\/18170"}],"wp:attachment":[{"href":"https:\/\/jornalfatosenoticias.com.br\/index.php\/wp-json\/wp\/v2\/media?parent=18168"}],"wp:term":[{"taxonomy":"category","embeddable":true,"href":"https:\/\/jornalfatosenoticias.com.br\/index.php\/wp-json\/wp\/v2\/categories?post=18168"},{"taxonomy":"post_tag","embeddable":true,"href":"https:\/\/jornalfatosenoticias.com.br\/index.php\/wp-json\/wp\/v2\/tags?post=18168"}],"curies":[{"name":"wp","href":"https:\/\/api.w.org\/{rel}","templated":true}]}}