{"id":1818,"date":"2020-03-06T10:59:40","date_gmt":"2020-03-06T13:59:40","guid":{"rendered":"https:\/\/jornalfatosenoticias.com.br\/?p=1818"},"modified":"2020-03-06T10:59:45","modified_gmt":"2020-03-06T13:59:45","slug":"as-falhas-e-carencias-no-desenvolvimento-motor-da-crianca","status":"publish","type":"post","link":"https:\/\/jornalfatosenoticias.com.br\/index.php\/2020\/03\/06\/as-falhas-e-carencias-no-desenvolvimento-motor-da-crianca\/","title":{"rendered":"As falhas e car\u00eancias no desenvolvimento motor da crian\u00e7a"},"content":{"rendered":"\n<h6 class=\"wp-block-heading\"><em>Quando ocorrem as falhas ou car\u00eancias de cuidado de qualidade, porque traz em seu bojo tamb\u00e9m o afeto, o desenvolvimento motor fica comprometido<\/em><\/h6>\n\n\n\n<p>No \u00faltimo texto, Edi\u00e7\u00e3o 338, falamos sobre o processo de aquisi\u00e7\u00e3o da motricidade. Quase toda esta aquisi\u00e7\u00e3o \u00e9 vis\u00edvel, constatamos o progresso do sentar, da marcha, da pin\u00e7a fina. Mas \u00e9 comum que nos escape, e tamb\u00e9m escapou do texto anterior, a aquisi\u00e7\u00e3o motora dos m\u00fasculos e nervos implicados na degluti\u00e7\u00e3o, que tamb\u00e9m ser\u00e1 compartilhada para a aquisi\u00e7\u00e3o da linguagem. <br>\nSe nascemos com o reflexo de suc\u00e7\u00e3o que nos garante a nutri\u00e7\u00e3o pelo leite materno, o alimento pastoso e depois o s\u00f3lido s\u00f3 devem ser oferecidos aos beb\u00eas depois de iniciado o processo gradativo de matura\u00e7\u00e3o do sistema digestivo, e, em sintonia, a matura\u00e7\u00e3o de m\u00fasculos e nervos internos da boca. Assim, temos uma verdadeira acrobacia para a degluti\u00e7\u00e3o e, logo, para a linguagem. <br>\nA motricidade que permite a degluti\u00e7\u00e3o implica 26 m\u00fasculos e um grande n\u00famero de neur\u00f4nios motores e sensitivos nesta tarefa. Coordenar todos obtendo o tento, engolir ou falar, requer esfor\u00e7o e dedica\u00e7\u00e3o da crian\u00e7a e de sua cuidadora. O olfato e o gosto come\u00e7am a fazer parte da degluti\u00e7\u00e3o, e as papilas gustativas iniciam o esbo\u00e7o de sua fun\u00e7\u00e3o. \u00c9 na repeti\u00e7\u00e3o que o beb\u00ea vai se aprimorando. Toda a matura\u00e7\u00e3o neuronal, que sustenta a motricidade, se faz por exerc\u00edcios simples das aquisi\u00e7\u00f5es anteriores. <br>\nUma crian\u00e7a bem maternada percorre este complexo processo e seu desenvolvimento ser\u00e1 saud\u00e1vel. No entanto, quando ocorrem as falhas ou car\u00eancias de cuidado de qualidade, porque traz em seu bojo tamb\u00e9m o afeto, o desenvolvimento motor fica comprometido. Por neglig\u00eancia, temos consequ\u00eancias que s\u00e3o sustentadas pela identifica\u00e7\u00e3o com a cuidadora, ou cuidador negligente, ou seja, a crian\u00e7a passa a ser negligente com ela mesma e a n\u00e3o investir nas novas aquisi\u00e7\u00f5es e em autocuidados. Por maus-tratos, a crian\u00e7a passa, tamb\u00e9m por processo de identifica\u00e7\u00e3o com o\/a cuidador\/a, a se maltratar. H\u00e1 uma consequ\u00eancia nefasta que chamo de \u201ccrian\u00e7a de alto risco\u201d, quando ela est\u00e1 sempre se machucando, se colocando em riscos de m\u00e9dia e grave consequ\u00eancia. S\u00e3o aquelas que est\u00e3o sempre com fraturas, cortes, escoria\u00e7\u00f5es por quedas perigosas.<br>\nPor outro lado, a defici\u00eancia ou aus\u00eancia da quantidade de atividade f\u00edsica que \u00e9 necess\u00e1ria para que ocorra o bom desenvolvimento motor, \u00e9 respons\u00e1vel por uma debilidade deste desenvolvimento. Fun\u00e7\u00f5es importantes s\u00e3o frustradas parcialmente. Correr, pular, testar os limites do corpo, servem de exerc\u00edcio para a aquisi\u00e7\u00e3o da imagem corporal que \u00e9 recheada pela autoestima saud\u00e1vel. <\/p>\n\n\n\n<figure class=\"wp-block-image size-large\"><img loading=\"lazy\" decoding=\"async\" width=\"980\" height=\"652\" src=\"https:\/\/jornalfatosenoticias.com.br\/wp-content\/uploads\/2020\/03\/como-cuidar-machucado-crianca.jpg\" alt=\"\" class=\"wp-image-1819\" srcset=\"https:\/\/jornalfatosenoticias.com.br\/wp-content\/uploads\/2020\/03\/como-cuidar-machucado-crianca.jpg 980w, https:\/\/jornalfatosenoticias.com.br\/wp-content\/uploads\/2020\/03\/como-cuidar-machucado-crianca-300x200.jpg 300w, https:\/\/jornalfatosenoticias.com.br\/wp-content\/uploads\/2020\/03\/como-cuidar-machucado-crianca-768x511.jpg 768w\" sizes=\"auto, (max-width: 980px) 100vw, 980px\" \/><figcaption><em>Menina cai de bicicleta (Foto:  Getty Images)<\/em><\/figcaption><\/figure>\n\n\n\n<p>Se a crian\u00e7a passa mais horas sentada com um aparelho eletr\u00f4nico nas m\u00e3os, ela est\u00e1 \u201cbrincando\u201d de est\u00e1tua de seu pr\u00f3prio desenvolvimento. A brincadeira de est\u00e1tua prev\u00ea movimentos r\u00e1pidos em espa\u00e7o livre e ao som da ordem \u201cest\u00e1tua\u201d, ela deve frear todo o corpo, se conter, e permanecer parada. Esta capacidade \u00e9 de grande import\u00e2ncia para sua motricidade porque lhe d\u00e1 a compet\u00eancia de dominar o corpo. Sentada como uma est\u00e1tua, mexendo, repetida e rapidamente, dois dedinhos, n\u00e3o lhe fornece nada para sua compet\u00eancia motora, n\u00e3o h\u00e1 aquisi\u00e7\u00e3o.<br>\nOutra falha de graves consequ\u00eancias \u00e9 a viola\u00e7\u00e3o do corpo ocasionada pelo abuso sexual. O corpo \u00e9 nosso \u00fanico bem inalien\u00e1vel. O abuso sexual destr\u00f3i esta posse que nos d\u00e1 a no\u00e7\u00e3o gradual de identidade corporal. Sem permiss\u00e3o, o corpo violado se torna vergonhoso, sujo, e \u00e9 repudiado pela crian\u00e7a. Esta atitude de rejei\u00e7\u00e3o perdura, e \u00e9 encontrada no adolescente, no jovem, no adulto, no idoso.<br>\nO desejo de se livrar deste corpo testemunha, o corpo que sabe, que participou, que deixou um caldo de culpa, muitas vezes \u00e9 a tentativa de alcan\u00e7ar um pouco de paz. Mas, como se livrar do corpo t\u00e3o odiado? A automutila\u00e7\u00e3o aparece como o ponto de conex\u00e3o entre a vida e a morte. Ela traz a sensa\u00e7\u00e3o de que se est\u00e1 \u201cmatando\u201d o corpo, o poder de aprofundar os cortes, o sangrar at\u00e9 morrer, mas, tamb\u00e9m, o sangue como vida embaixo da pele. Em momentos insuport\u00e1veis de desespero, o suic\u00eddio acomete a crian\u00e7a ou adolescente, como perspectiva de liberta\u00e7\u00e3o da dor ps\u00edquica e do \u00f3dio a este corpo violado. A identidade corporal, ent\u00e3o, \u00e9, letalmente, autoatacada.    <\/p>\n","protected":false},"excerpt":{"rendered":"<p>Quando ocorrem as falhas ou car\u00eancias de cuidado de qualidade, porque traz em seu bojo tamb\u00e9m o afeto, o desenvolvimento motor fica comprometido No \u00faltimo texto, Edi\u00e7\u00e3o 338, falamos sobre o processo de aquisi\u00e7\u00e3o da motricidade. Quase toda esta aquisi\u00e7\u00e3o \u00e9 vis\u00edvel, constatamos o progresso do sentar, da marcha, da pin\u00e7a fina. Mas \u00e9 comum [&hellip;]<\/p>\n","protected":false},"author":8,"featured_media":1820,"comment_status":"open","ping_status":"closed","sticky":false,"template":"","format":"standard","meta":{"footnotes":""},"categories":[5],"tags":[371,372,373,374],"class_list":["post-1818","post","type-post","status-publish","format-standard","has-post-thumbnail","hentry","category-geral","tag-desenvolvimento-motor-da-crianca","tag-linguagem","tag-motricidade","tag-saudavel"],"yoast_head":"<!-- This site is optimized with the Yoast SEO plugin v26.5 - https:\/\/yoast.com\/wordpress\/plugins\/seo\/ -->\n<title>As falhas e car\u00eancias no desenvolvimento motor da crian\u00e7a - Jornal Fatos e Not\u00edcias<\/title>\n<meta name=\"robots\" content=\"index, follow, max-snippet:-1, max-image-preview:large, max-video-preview:-1\" \/>\n<link rel=\"canonical\" href=\"https:\/\/jornalfatosenoticias.com.br\/index.php\/2020\/03\/06\/as-falhas-e-carencias-no-desenvolvimento-motor-da-crianca\/\" \/>\n<meta property=\"og:locale\" content=\"pt_BR\" \/>\n<meta property=\"og:type\" content=\"article\" \/>\n<meta property=\"og:title\" content=\"As falhas e car\u00eancias no desenvolvimento motor da crian\u00e7a - Jornal Fatos e Not\u00edcias\" \/>\n<meta property=\"og:description\" content=\"Quando ocorrem as falhas ou car\u00eancias de cuidado de qualidade, porque traz em seu bojo tamb\u00e9m o afeto, o desenvolvimento motor fica comprometido No \u00faltimo texto, Edi\u00e7\u00e3o 338, falamos sobre o processo de aquisi\u00e7\u00e3o da motricidade. Quase toda esta aquisi\u00e7\u00e3o \u00e9 vis\u00edvel, constatamos o progresso do sentar, da marcha, da pin\u00e7a fina. Mas \u00e9 comum [&hellip;]\" \/>\n<meta property=\"og:url\" content=\"https:\/\/jornalfatosenoticias.com.br\/index.php\/2020\/03\/06\/as-falhas-e-carencias-no-desenvolvimento-motor-da-crianca\/\" \/>\n<meta property=\"og:site_name\" content=\"Jornal Fatos e Not\u00edcias\" \/>\n<meta property=\"article:published_time\" content=\"2020-03-06T13:59:40+00:00\" \/>\n<meta property=\"article:modified_time\" content=\"2020-03-06T13:59:45+00:00\" \/>\n<meta property=\"og:image\" content=\"https:\/\/jornalfatosenoticias.com.br\/wp-content\/uploads\/2020\/03\/criancas-brincadeira-correr-ao-ar-livre.jpg\" \/>\n\t<meta property=\"og:image:width\" content=\"980\" \/>\n\t<meta property=\"og:image:height\" content=\"559\" \/>\n\t<meta property=\"og:image:type\" content=\"image\/jpeg\" \/>\n<meta name=\"author\" content=\"Ana Maria Iencarelli\" \/>\n<meta name=\"twitter:card\" content=\"summary_large_image\" \/>\n<meta name=\"twitter:label1\" content=\"Escrito por\" \/>\n\t<meta name=\"twitter:data1\" content=\"Ana Maria Iencarelli\" \/>\n\t<meta name=\"twitter:label2\" content=\"Est. tempo de leitura\" \/>\n\t<meta name=\"twitter:data2\" content=\"4 minutos\" \/>\n<script type=\"application\/ld+json\" class=\"yoast-schema-graph\">{\"@context\":\"https:\/\/schema.org\",\"@graph\":[{\"@type\":\"Article\",\"@id\":\"https:\/\/jornalfatosenoticias.com.br\/index.php\/2020\/03\/06\/as-falhas-e-carencias-no-desenvolvimento-motor-da-crianca\/#article\",\"isPartOf\":{\"@id\":\"https:\/\/jornalfatosenoticias.com.br\/index.php\/2020\/03\/06\/as-falhas-e-carencias-no-desenvolvimento-motor-da-crianca\/\"},\"author\":{\"name\":\"Ana Maria Iencarelli\",\"@id\":\"https:\/\/jornalfatosenoticias.com.br\/#\/schema\/person\/c33fcf5fb02d729d3fec92c6737a22d1\"},\"headline\":\"As falhas e car\u00eancias no desenvolvimento motor da crian\u00e7a\",\"datePublished\":\"2020-03-06T13:59:40+00:00\",\"dateModified\":\"2020-03-06T13:59:45+00:00\",\"mainEntityOfPage\":{\"@id\":\"https:\/\/jornalfatosenoticias.com.br\/index.php\/2020\/03\/06\/as-falhas-e-carencias-no-desenvolvimento-motor-da-crianca\/\"},\"wordCount\":793,\"commentCount\":0,\"publisher\":{\"@id\":\"https:\/\/jornalfatosenoticias.com.br\/#organization\"},\"image\":{\"@id\":\"https:\/\/jornalfatosenoticias.com.br\/index.php\/2020\/03\/06\/as-falhas-e-carencias-no-desenvolvimento-motor-da-crianca\/#primaryimage\"},\"thumbnailUrl\":\"https:\/\/jornalfatosenoticias.com.br\/wp-content\/uploads\/2020\/03\/criancas-brincadeira-correr-ao-ar-livre.jpg\",\"keywords\":[\"desenvolvimento motor da crian\u00e7a\",\"linguagem\",\"motricidade\",\"saud\u00e1vel\"],\"articleSection\":[\"Geral\"],\"inLanguage\":\"pt-BR\",\"potentialAction\":[{\"@type\":\"CommentAction\",\"name\":\"Comment\",\"target\":[\"https:\/\/jornalfatosenoticias.com.br\/index.php\/2020\/03\/06\/as-falhas-e-carencias-no-desenvolvimento-motor-da-crianca\/#respond\"]}]},{\"@type\":\"WebPage\",\"@id\":\"https:\/\/jornalfatosenoticias.com.br\/index.php\/2020\/03\/06\/as-falhas-e-carencias-no-desenvolvimento-motor-da-crianca\/\",\"url\":\"https:\/\/jornalfatosenoticias.com.br\/index.php\/2020\/03\/06\/as-falhas-e-carencias-no-desenvolvimento-motor-da-crianca\/\",\"name\":\"As falhas e car\u00eancias no desenvolvimento motor da crian\u00e7a - Jornal Fatos e Not\u00edcias\",\"isPartOf\":{\"@id\":\"https:\/\/jornalfatosenoticias.com.br\/#website\"},\"primaryImageOfPage\":{\"@id\":\"https:\/\/jornalfatosenoticias.com.br\/index.php\/2020\/03\/06\/as-falhas-e-carencias-no-desenvolvimento-motor-da-crianca\/#primaryimage\"},\"image\":{\"@id\":\"https:\/\/jornalfatosenoticias.com.br\/index.php\/2020\/03\/06\/as-falhas-e-carencias-no-desenvolvimento-motor-da-crianca\/#primaryimage\"},\"thumbnailUrl\":\"https:\/\/jornalfatosenoticias.com.br\/wp-content\/uploads\/2020\/03\/criancas-brincadeira-correr-ao-ar-livre.jpg\",\"datePublished\":\"2020-03-06T13:59:40+00:00\",\"dateModified\":\"2020-03-06T13:59:45+00:00\",\"breadcrumb\":{\"@id\":\"https:\/\/jornalfatosenoticias.com.br\/index.php\/2020\/03\/06\/as-falhas-e-carencias-no-desenvolvimento-motor-da-crianca\/#breadcrumb\"},\"inLanguage\":\"pt-BR\",\"potentialAction\":[{\"@type\":\"ReadAction\",\"target\":[\"https:\/\/jornalfatosenoticias.com.br\/index.php\/2020\/03\/06\/as-falhas-e-carencias-no-desenvolvimento-motor-da-crianca\/\"]}]},{\"@type\":\"ImageObject\",\"inLanguage\":\"pt-BR\",\"@id\":\"https:\/\/jornalfatosenoticias.com.br\/index.php\/2020\/03\/06\/as-falhas-e-carencias-no-desenvolvimento-motor-da-crianca\/#primaryimage\",\"url\":\"https:\/\/jornalfatosenoticias.com.br\/wp-content\/uploads\/2020\/03\/criancas-brincadeira-correr-ao-ar-livre.jpg\",\"contentUrl\":\"https:\/\/jornalfatosenoticias.com.br\/wp-content\/uploads\/2020\/03\/criancas-brincadeira-correr-ao-ar-livre.jpg\",\"width\":980,\"height\":559},{\"@type\":\"BreadcrumbList\",\"@id\":\"https:\/\/jornalfatosenoticias.com.br\/index.php\/2020\/03\/06\/as-falhas-e-carencias-no-desenvolvimento-motor-da-crianca\/#breadcrumb\",\"itemListElement\":[{\"@type\":\"ListItem\",\"position\":1,\"name\":\"In\u00edcio\",\"item\":\"https:\/\/jornalfatosenoticias.com.br\/\"},{\"@type\":\"ListItem\",\"position\":2,\"name\":\"As falhas e car\u00eancias no desenvolvimento motor da crian\u00e7a\"}]},{\"@type\":\"WebSite\",\"@id\":\"https:\/\/jornalfatosenoticias.com.br\/#website\",\"url\":\"https:\/\/jornalfatosenoticias.com.br\/\",\"name\":\"Jornal Fatos e Not\u00edcias\",\"description\":\"Not\u00edcias em geral\",\"publisher\":{\"@id\":\"https:\/\/jornalfatosenoticias.com.br\/#organization\"},\"potentialAction\":[{\"@type\":\"SearchAction\",\"target\":{\"@type\":\"EntryPoint\",\"urlTemplate\":\"https:\/\/jornalfatosenoticias.com.br\/?s={search_term_string}\"},\"query-input\":{\"@type\":\"PropertyValueSpecification\",\"valueRequired\":true,\"valueName\":\"search_term_string\"}}],\"inLanguage\":\"pt-BR\"},{\"@type\":\"Organization\",\"@id\":\"https:\/\/jornalfatosenoticias.com.br\/#organization\",\"name\":\"Jornal Fatos e Not\u00edcias\",\"url\":\"https:\/\/jornalfatosenoticias.com.br\/\",\"logo\":{\"@type\":\"ImageObject\",\"inLanguage\":\"pt-BR\",\"@id\":\"https:\/\/jornalfatosenoticias.com.br\/#\/schema\/logo\/image\/\",\"url\":\"https:\/\/jornalfatosenoticias.com.br\/wp-content\/uploads\/2020\/02\/logo120.png\",\"contentUrl\":\"https:\/\/jornalfatosenoticias.com.br\/wp-content\/uploads\/2020\/02\/logo120.png\",\"width\":1227,\"height\":120,\"caption\":\"Jornal Fatos e Not\u00edcias\"},\"image\":{\"@id\":\"https:\/\/jornalfatosenoticias.com.br\/#\/schema\/logo\/image\/\"}},{\"@type\":\"Person\",\"@id\":\"https:\/\/jornalfatosenoticias.com.br\/#\/schema\/person\/c33fcf5fb02d729d3fec92c6737a22d1\",\"name\":\"Ana Maria Iencarelli\",\"image\":{\"@type\":\"ImageObject\",\"inLanguage\":\"pt-BR\",\"@id\":\"https:\/\/jornalfatosenoticias.com.br\/#\/schema\/person\/image\/\",\"url\":\"https:\/\/jornalfatosenoticias.com.br\/wp-content\/uploads\/2020\/02\/Ana-Maria-Iencarelli-1-150x150.jpg\",\"contentUrl\":\"https:\/\/jornalfatosenoticias.com.br\/wp-content\/uploads\/2020\/02\/Ana-Maria-Iencarelli-1-150x150.jpg\",\"caption\":\"Ana Maria Iencarelli\"},\"description\":\"Psicanalista Cl\u00ednica, especializada no atendimento a Crian\u00e7as e Adolescentes. Presidente da ONG Vozes de Anjos.\",\"url\":\"https:\/\/jornalfatosenoticias.com.br\/index.php\/author\/anamaria\/\"}]}<\/script>\n<!-- \/ Yoast SEO plugin. -->","yoast_head_json":{"title":"As falhas e car\u00eancias no desenvolvimento motor da crian\u00e7a - Jornal Fatos e Not\u00edcias","robots":{"index":"index","follow":"follow","max-snippet":"max-snippet:-1","max-image-preview":"max-image-preview:large","max-video-preview":"max-video-preview:-1"},"canonical":"https:\/\/jornalfatosenoticias.com.br\/index.php\/2020\/03\/06\/as-falhas-e-carencias-no-desenvolvimento-motor-da-crianca\/","og_locale":"pt_BR","og_type":"article","og_title":"As falhas e car\u00eancias no desenvolvimento motor da crian\u00e7a - Jornal Fatos e Not\u00edcias","og_description":"Quando ocorrem as falhas ou car\u00eancias de cuidado de qualidade, porque traz em seu bojo tamb\u00e9m o afeto, o desenvolvimento motor fica comprometido No \u00faltimo texto, Edi\u00e7\u00e3o 338, falamos sobre o processo de aquisi\u00e7\u00e3o da motricidade. Quase toda esta aquisi\u00e7\u00e3o \u00e9 vis\u00edvel, constatamos o progresso do sentar, da marcha, da pin\u00e7a fina. Mas \u00e9 comum [&hellip;]","og_url":"https:\/\/jornalfatosenoticias.com.br\/index.php\/2020\/03\/06\/as-falhas-e-carencias-no-desenvolvimento-motor-da-crianca\/","og_site_name":"Jornal Fatos e Not\u00edcias","article_published_time":"2020-03-06T13:59:40+00:00","article_modified_time":"2020-03-06T13:59:45+00:00","og_image":[{"width":980,"height":559,"url":"https:\/\/jornalfatosenoticias.com.br\/wp-content\/uploads\/2020\/03\/criancas-brincadeira-correr-ao-ar-livre.jpg","type":"image\/jpeg"}],"author":"Ana Maria Iencarelli","twitter_card":"summary_large_image","twitter_misc":{"Escrito por":"Ana Maria Iencarelli","Est. tempo de leitura":"4 minutos"},"schema":{"@context":"https:\/\/schema.org","@graph":[{"@type":"Article","@id":"https:\/\/jornalfatosenoticias.com.br\/index.php\/2020\/03\/06\/as-falhas-e-carencias-no-desenvolvimento-motor-da-crianca\/#article","isPartOf":{"@id":"https:\/\/jornalfatosenoticias.com.br\/index.php\/2020\/03\/06\/as-falhas-e-carencias-no-desenvolvimento-motor-da-crianca\/"},"author":{"name":"Ana Maria Iencarelli","@id":"https:\/\/jornalfatosenoticias.com.br\/#\/schema\/person\/c33fcf5fb02d729d3fec92c6737a22d1"},"headline":"As falhas e car\u00eancias no desenvolvimento motor da crian\u00e7a","datePublished":"2020-03-06T13:59:40+00:00","dateModified":"2020-03-06T13:59:45+00:00","mainEntityOfPage":{"@id":"https:\/\/jornalfatosenoticias.com.br\/index.php\/2020\/03\/06\/as-falhas-e-carencias-no-desenvolvimento-motor-da-crianca\/"},"wordCount":793,"commentCount":0,"publisher":{"@id":"https:\/\/jornalfatosenoticias.com.br\/#organization"},"image":{"@id":"https:\/\/jornalfatosenoticias.com.br\/index.php\/2020\/03\/06\/as-falhas-e-carencias-no-desenvolvimento-motor-da-crianca\/#primaryimage"},"thumbnailUrl":"https:\/\/jornalfatosenoticias.com.br\/wp-content\/uploads\/2020\/03\/criancas-brincadeira-correr-ao-ar-livre.jpg","keywords":["desenvolvimento motor da crian\u00e7a","linguagem","motricidade","saud\u00e1vel"],"articleSection":["Geral"],"inLanguage":"pt-BR","potentialAction":[{"@type":"CommentAction","name":"Comment","target":["https:\/\/jornalfatosenoticias.com.br\/index.php\/2020\/03\/06\/as-falhas-e-carencias-no-desenvolvimento-motor-da-crianca\/#respond"]}]},{"@type":"WebPage","@id":"https:\/\/jornalfatosenoticias.com.br\/index.php\/2020\/03\/06\/as-falhas-e-carencias-no-desenvolvimento-motor-da-crianca\/","url":"https:\/\/jornalfatosenoticias.com.br\/index.php\/2020\/03\/06\/as-falhas-e-carencias-no-desenvolvimento-motor-da-crianca\/","name":"As falhas e car\u00eancias no desenvolvimento motor da crian\u00e7a - Jornal Fatos e Not\u00edcias","isPartOf":{"@id":"https:\/\/jornalfatosenoticias.com.br\/#website"},"primaryImageOfPage":{"@id":"https:\/\/jornalfatosenoticias.com.br\/index.php\/2020\/03\/06\/as-falhas-e-carencias-no-desenvolvimento-motor-da-crianca\/#primaryimage"},"image":{"@id":"https:\/\/jornalfatosenoticias.com.br\/index.php\/2020\/03\/06\/as-falhas-e-carencias-no-desenvolvimento-motor-da-crianca\/#primaryimage"},"thumbnailUrl":"https:\/\/jornalfatosenoticias.com.br\/wp-content\/uploads\/2020\/03\/criancas-brincadeira-correr-ao-ar-livre.jpg","datePublished":"2020-03-06T13:59:40+00:00","dateModified":"2020-03-06T13:59:45+00:00","breadcrumb":{"@id":"https:\/\/jornalfatosenoticias.com.br\/index.php\/2020\/03\/06\/as-falhas-e-carencias-no-desenvolvimento-motor-da-crianca\/#breadcrumb"},"inLanguage":"pt-BR","potentialAction":[{"@type":"ReadAction","target":["https:\/\/jornalfatosenoticias.com.br\/index.php\/2020\/03\/06\/as-falhas-e-carencias-no-desenvolvimento-motor-da-crianca\/"]}]},{"@type":"ImageObject","inLanguage":"pt-BR","@id":"https:\/\/jornalfatosenoticias.com.br\/index.php\/2020\/03\/06\/as-falhas-e-carencias-no-desenvolvimento-motor-da-crianca\/#primaryimage","url":"https:\/\/jornalfatosenoticias.com.br\/wp-content\/uploads\/2020\/03\/criancas-brincadeira-correr-ao-ar-livre.jpg","contentUrl":"https:\/\/jornalfatosenoticias.com.br\/wp-content\/uploads\/2020\/03\/criancas-brincadeira-correr-ao-ar-livre.jpg","width":980,"height":559},{"@type":"BreadcrumbList","@id":"https:\/\/jornalfatosenoticias.com.br\/index.php\/2020\/03\/06\/as-falhas-e-carencias-no-desenvolvimento-motor-da-crianca\/#breadcrumb","itemListElement":[{"@type":"ListItem","position":1,"name":"In\u00edcio","item":"https:\/\/jornalfatosenoticias.com.br\/"},{"@type":"ListItem","position":2,"name":"As falhas e car\u00eancias no desenvolvimento motor da crian\u00e7a"}]},{"@type":"WebSite","@id":"https:\/\/jornalfatosenoticias.com.br\/#website","url":"https:\/\/jornalfatosenoticias.com.br\/","name":"Jornal Fatos e Not\u00edcias","description":"Not\u00edcias em geral","publisher":{"@id":"https:\/\/jornalfatosenoticias.com.br\/#organization"},"potentialAction":[{"@type":"SearchAction","target":{"@type":"EntryPoint","urlTemplate":"https:\/\/jornalfatosenoticias.com.br\/?s={search_term_string}"},"query-input":{"@type":"PropertyValueSpecification","valueRequired":true,"valueName":"search_term_string"}}],"inLanguage":"pt-BR"},{"@type":"Organization","@id":"https:\/\/jornalfatosenoticias.com.br\/#organization","name":"Jornal Fatos e Not\u00edcias","url":"https:\/\/jornalfatosenoticias.com.br\/","logo":{"@type":"ImageObject","inLanguage":"pt-BR","@id":"https:\/\/jornalfatosenoticias.com.br\/#\/schema\/logo\/image\/","url":"https:\/\/jornalfatosenoticias.com.br\/wp-content\/uploads\/2020\/02\/logo120.png","contentUrl":"https:\/\/jornalfatosenoticias.com.br\/wp-content\/uploads\/2020\/02\/logo120.png","width":1227,"height":120,"caption":"Jornal Fatos e Not\u00edcias"},"image":{"@id":"https:\/\/jornalfatosenoticias.com.br\/#\/schema\/logo\/image\/"}},{"@type":"Person","@id":"https:\/\/jornalfatosenoticias.com.br\/#\/schema\/person\/c33fcf5fb02d729d3fec92c6737a22d1","name":"Ana Maria Iencarelli","image":{"@type":"ImageObject","inLanguage":"pt-BR","@id":"https:\/\/jornalfatosenoticias.com.br\/#\/schema\/person\/image\/","url":"https:\/\/jornalfatosenoticias.com.br\/wp-content\/uploads\/2020\/02\/Ana-Maria-Iencarelli-1-150x150.jpg","contentUrl":"https:\/\/jornalfatosenoticias.com.br\/wp-content\/uploads\/2020\/02\/Ana-Maria-Iencarelli-1-150x150.jpg","caption":"Ana Maria Iencarelli"},"description":"Psicanalista Cl\u00ednica, especializada no atendimento a Crian\u00e7as e Adolescentes. Presidente da ONG Vozes de Anjos.","url":"https:\/\/jornalfatosenoticias.com.br\/index.php\/author\/anamaria\/"}]}},"cc_featured_image_caption":{"caption_text":"Brincar ao ar livre aumenta anticorpos e a alegria (Foto: Pond's Memories\/Shutterstock)","source_text":"","source_url":""},"jetpack_featured_media_url":"https:\/\/jornalfatosenoticias.com.br\/wp-content\/uploads\/2020\/03\/criancas-brincadeira-correr-ao-ar-livre.jpg","_links":{"self":[{"href":"https:\/\/jornalfatosenoticias.com.br\/index.php\/wp-json\/wp\/v2\/posts\/1818","targetHints":{"allow":["GET"]}}],"collection":[{"href":"https:\/\/jornalfatosenoticias.com.br\/index.php\/wp-json\/wp\/v2\/posts"}],"about":[{"href":"https:\/\/jornalfatosenoticias.com.br\/index.php\/wp-json\/wp\/v2\/types\/post"}],"author":[{"embeddable":true,"href":"https:\/\/jornalfatosenoticias.com.br\/index.php\/wp-json\/wp\/v2\/users\/8"}],"replies":[{"embeddable":true,"href":"https:\/\/jornalfatosenoticias.com.br\/index.php\/wp-json\/wp\/v2\/comments?post=1818"}],"version-history":[{"count":0,"href":"https:\/\/jornalfatosenoticias.com.br\/index.php\/wp-json\/wp\/v2\/posts\/1818\/revisions"}],"wp:featuredmedia":[{"embeddable":true,"href":"https:\/\/jornalfatosenoticias.com.br\/index.php\/wp-json\/wp\/v2\/media\/1820"}],"wp:attachment":[{"href":"https:\/\/jornalfatosenoticias.com.br\/index.php\/wp-json\/wp\/v2\/media?parent=1818"}],"wp:term":[{"taxonomy":"category","embeddable":true,"href":"https:\/\/jornalfatosenoticias.com.br\/index.php\/wp-json\/wp\/v2\/categories?post=1818"},{"taxonomy":"post_tag","embeddable":true,"href":"https:\/\/jornalfatosenoticias.com.br\/index.php\/wp-json\/wp\/v2\/tags?post=1818"}],"curies":[{"name":"wp","href":"https:\/\/api.w.org\/{rel}","templated":true}]}}