{"id":18187,"date":"2021-05-13T18:48:41","date_gmt":"2021-05-13T21:48:41","guid":{"rendered":"https:\/\/jornalfatosenoticias.com.br\/?p=18187"},"modified":"2021-05-13T18:48:44","modified_gmt":"2021-05-13T21:48:44","slug":"ambev-pretende-implementar-delivery-com-drones","status":"publish","type":"post","link":"https:\/\/jornalfatosenoticias.com.br\/index.php\/2021\/05\/13\/ambev-pretende-implementar-delivery-com-drones\/","title":{"rendered":"Ambev pretende implementar delivery com drones"},"content":{"rendered":"\n<p>A Ambev recentemente anunciou que pretende implementar <a class=\"\" href=\"https:\/\/www.tecmundo.com.br\/mercado\/141786-drone-entrega-encomenda-novo-sistema-automatizado-china-video.htm\" rel=\"noreferrer noopener\" target=\"_blank\">um sistema de delivery com drones.<\/a> No dia 30 de abril \u00faltimo, a empresa realizou, em Jaguari\u00fana, cidade de S\u00e3o Paulo, o primeiro voo de teste. Capaz de transportar at\u00e9 2kg, o drone utilizado saiu da f\u00e1brica local e percorreu uma dist\u00e2ncia de 2km at\u00e9 um condom\u00ednio de casas pr\u00f3ximo. A entrega, segundo informa\u00e7\u00f5es da Ambev, levou apenas dois minutos.<br>O drone \u00e9 fabricado pela startup brasileira Speedbird Aero que, al\u00e9m da constru\u00e7\u00e3o de aeronaves n\u00e3o tripuladas, desenvolve sistemas de navega\u00e7\u00e3o capazes de transportar e entregar pequenas encomendas, como alimentos, medicamentos, al\u00e9m de itens para uso comercial, industrial e sa\u00fade.<br>Para viabilizar a entrega, a empresa possui uma estrutura ampla. Al\u00e9m de implementar um sistema de monitoramento, que vai desde o pr\u00f3prio drone \u00e0 temperatura da carga, a empresa tamb\u00e9m desenvolveu os chamados droneports, pontos de pouso seguros que evitam interfer\u00eancias na entrega. Para uma aterrissagem mais precisa, o drone ainda conta com intelig\u00eancia artificial e, em caso de emerg\u00eancias, um sistema de termina\u00e7\u00e3o de voo e paraquedas aut\u00f4nomo.<\/p>\n\n\n\n<h4 class=\"wp-block-heading\"><strong><span class=\"has-inline-color has-black-color\">Delivery inteligente<\/span><\/strong><\/h4>\n\n\n\n<figure class=\"wp-block-image size-large\"><img loading=\"lazy\" decoding=\"async\" width=\"1000\" height=\"562\" src=\"https:\/\/jornalfatosenoticias.com.br\/wp-content\/uploads\/2021\/05\/DRONE-AMBEV_2.png\" alt=\"\" class=\"wp-image-18188\" srcset=\"https:\/\/jornalfatosenoticias.com.br\/wp-content\/uploads\/2021\/05\/DRONE-AMBEV_2.png 1000w, https:\/\/jornalfatosenoticias.com.br\/wp-content\/uploads\/2021\/05\/DRONE-AMBEV_2-300x169.png 300w, https:\/\/jornalfatosenoticias.com.br\/wp-content\/uploads\/2021\/05\/DRONE-AMBEV_2-768x432.png 768w\" sizes=\"auto, (max-width: 1000px) 100vw, 1000px\" \/><figcaption><em>(Foto: Ambev\/Divulga\u00e7\u00e3o)<\/em><\/figcaption><\/figure>\n\n\n\n<p>A Speedbird Aero afirma que \u201ca entrega ser\u00e1 importante para evoluir a forma como a log\u00edstica \u00e9 aplicada em nossas cidades, reduzindo o congestionamento de ruas e avenidas e criando oportunidades econ\u00f4micas para os neg\u00f3cios locais e regionais\u201d.<br>A <a class=\"\" href=\"https:\/\/www.tecmundo.com.br\/mobilidade-urbana-smart-cities\/210530-ambev-compra-1-000-veiculos-eletricos-transportar-bebidas.htm\" rel=\"noreferrer noopener\" target=\"_blank\">Ambev<\/a>, em adi\u00e7\u00e3o a isso, acredita que essa forma de delivery contribuir\u00e1 n\u00e3o apenas para a\u00a0<a class=\"\" href=\"https:\/\/www.tecmundo.com.br\/mobilidade-urbana-smart-cities\/216527-mobilidade-ativa-caminhos-preservacao-clima.htm\" rel=\"noreferrer noopener\" target=\"_blank\">mobilidade urbana<\/a>, mas tamb\u00e9m para o meio ambiente. Isso porque, com entregas automatizadas, ser\u00e1 reduzido o n\u00famero de ve\u00edculos nas ruas e, portanto, a emiss\u00e3o de poluentes.<br>A empresa tamb\u00e9m destaca que, al\u00e9m desses benef\u00edcios, a parceria resultar\u00e1 em uma forma eficiente de distribui\u00e7\u00e3o de produtos. Ap\u00f3s o primeiro teste bem-sucedido, ser\u00e1 realizada uma nova fase, dessa vez com um drone capaz de voar por at\u00e9 20km com uma carga de 8kg.<\/p>\n\n\n\n<p><strong><em>Fonte: <a href=\"https:\/\/www.tecmundo.com.br\/mercado\/217093-ambev-pretende-implementar-delivery-drones.htm\">Tecmundo<\/a><\/em><\/strong><\/p>\n","protected":false},"excerpt":{"rendered":"<p>A Ambev recentemente anunciou que pretende implementar um sistema de delivery com drones. No dia 30 de abril \u00faltimo, a empresa realizou, em Jaguari\u00fana, cidade de S\u00e3o Paulo, o primeiro voo de teste. Capaz de transportar at\u00e9 2kg, o drone utilizado saiu da f\u00e1brica local e percorreu uma dist\u00e2ncia de 2km at\u00e9 um condom\u00ednio de [&hellip;]<\/p>\n","protected":false},"author":2,"featured_media":18189,"comment_status":"open","ping_status":"open","sticky":false,"template":"","format":"standard","meta":{"footnotes":""},"categories":[3],"tags":[9013,9014,752,3553],"class_list":["post-18187","post","type-post","status-publish","format-standard","has-post-thumbnail","hentry","category-tecnologia","tag-ambev","tag-delivery","tag-drones","tag-mercado"],"yoast_head":"<!-- This site is optimized with the Yoast SEO plugin v26.5 - https:\/\/yoast.com\/wordpress\/plugins\/seo\/ -->\n<title>Ambev pretende implementar delivery com drones - Jornal Fatos e Not\u00edcias<\/title>\n<meta name=\"robots\" content=\"index, follow, max-snippet:-1, max-image-preview:large, max-video-preview:-1\" \/>\n<link rel=\"canonical\" href=\"https:\/\/jornalfatosenoticias.com.br\/index.php\/2021\/05\/13\/ambev-pretende-implementar-delivery-com-drones\/\" \/>\n<meta property=\"og:locale\" content=\"pt_BR\" \/>\n<meta property=\"og:type\" content=\"article\" \/>\n<meta property=\"og:title\" content=\"Ambev pretende implementar delivery com drones - Jornal Fatos e Not\u00edcias\" \/>\n<meta property=\"og:description\" content=\"A Ambev recentemente anunciou que pretende implementar um sistema de delivery com drones. No dia 30 de abril \u00faltimo, a empresa realizou, em Jaguari\u00fana, cidade de S\u00e3o Paulo, o primeiro voo de teste. Capaz de transportar at\u00e9 2kg, o drone utilizado saiu da f\u00e1brica local e percorreu uma dist\u00e2ncia de 2km at\u00e9 um condom\u00ednio de [&hellip;]\" \/>\n<meta property=\"og:url\" content=\"https:\/\/jornalfatosenoticias.com.br\/index.php\/2021\/05\/13\/ambev-pretende-implementar-delivery-com-drones\/\" \/>\n<meta property=\"og:site_name\" content=\"Jornal Fatos e Not\u00edcias\" \/>\n<meta property=\"article:published_time\" content=\"2021-05-13T21:48:41+00:00\" \/>\n<meta property=\"article:modified_time\" content=\"2021-05-13T21:48:44+00:00\" \/>\n<meta property=\"og:image\" content=\"https:\/\/jornalfatosenoticias.com.br\/wp-content\/uploads\/2021\/05\/DRONE-AMBEV_1.jpg\" \/>\n\t<meta property=\"og:image:width\" content=\"1000\" \/>\n\t<meta property=\"og:image:height\" content=\"375\" \/>\n\t<meta property=\"og:image:type\" content=\"image\/jpeg\" \/>\n<meta name=\"author\" content=\"Luzimara Fernandes\" \/>\n<meta name=\"twitter:card\" content=\"summary_large_image\" \/>\n<meta name=\"twitter:label1\" content=\"Escrito por\" \/>\n\t<meta name=\"twitter:data1\" content=\"Luzimara Fernandes\" \/>\n\t<meta name=\"twitter:label2\" content=\"Est. tempo de leitura\" \/>\n\t<meta name=\"twitter:data2\" content=\"2 minutos\" \/>\n<script type=\"application\/ld+json\" class=\"yoast-schema-graph\">{\"@context\":\"https:\/\/schema.org\",\"@graph\":[{\"@type\":\"Article\",\"@id\":\"https:\/\/jornalfatosenoticias.com.br\/index.php\/2021\/05\/13\/ambev-pretende-implementar-delivery-com-drones\/#article\",\"isPartOf\":{\"@id\":\"https:\/\/jornalfatosenoticias.com.br\/index.php\/2021\/05\/13\/ambev-pretende-implementar-delivery-com-drones\/\"},\"author\":{\"name\":\"Luzimara Fernandes\",\"@id\":\"https:\/\/jornalfatosenoticias.com.br\/#\/schema\/person\/d63837fa13ac8666eb9e74e0985d6f81\"},\"headline\":\"Ambev pretende implementar delivery com drones\",\"datePublished\":\"2021-05-13T21:48:41+00:00\",\"dateModified\":\"2021-05-13T21:48:44+00:00\",\"mainEntityOfPage\":{\"@id\":\"https:\/\/jornalfatosenoticias.com.br\/index.php\/2021\/05\/13\/ambev-pretende-implementar-delivery-com-drones\/\"},\"wordCount\":348,\"commentCount\":0,\"publisher\":{\"@id\":\"https:\/\/jornalfatosenoticias.com.br\/#organization\"},\"image\":{\"@id\":\"https:\/\/jornalfatosenoticias.com.br\/index.php\/2021\/05\/13\/ambev-pretende-implementar-delivery-com-drones\/#primaryimage\"},\"thumbnailUrl\":\"https:\/\/jornalfatosenoticias.com.br\/wp-content\/uploads\/2021\/05\/DRONE-AMBEV_1.jpg\",\"keywords\":[\"Ambev\",\"delivery\",\"drones\",\"mercado\"],\"articleSection\":[\"Tecnologia &amp; Inova\u00e7\u00e3o\"],\"inLanguage\":\"pt-BR\",\"potentialAction\":[{\"@type\":\"CommentAction\",\"name\":\"Comment\",\"target\":[\"https:\/\/jornalfatosenoticias.com.br\/index.php\/2021\/05\/13\/ambev-pretende-implementar-delivery-com-drones\/#respond\"]}]},{\"@type\":\"WebPage\",\"@id\":\"https:\/\/jornalfatosenoticias.com.br\/index.php\/2021\/05\/13\/ambev-pretende-implementar-delivery-com-drones\/\",\"url\":\"https:\/\/jornalfatosenoticias.com.br\/index.php\/2021\/05\/13\/ambev-pretende-implementar-delivery-com-drones\/\",\"name\":\"Ambev pretende implementar delivery com drones - Jornal Fatos e Not\u00edcias\",\"isPartOf\":{\"@id\":\"https:\/\/jornalfatosenoticias.com.br\/#website\"},\"primaryImageOfPage\":{\"@id\":\"https:\/\/jornalfatosenoticias.com.br\/index.php\/2021\/05\/13\/ambev-pretende-implementar-delivery-com-drones\/#primaryimage\"},\"image\":{\"@id\":\"https:\/\/jornalfatosenoticias.com.br\/index.php\/2021\/05\/13\/ambev-pretende-implementar-delivery-com-drones\/#primaryimage\"},\"thumbnailUrl\":\"https:\/\/jornalfatosenoticias.com.br\/wp-content\/uploads\/2021\/05\/DRONE-AMBEV_1.jpg\",\"datePublished\":\"2021-05-13T21:48:41+00:00\",\"dateModified\":\"2021-05-13T21:48:44+00:00\",\"breadcrumb\":{\"@id\":\"https:\/\/jornalfatosenoticias.com.br\/index.php\/2021\/05\/13\/ambev-pretende-implementar-delivery-com-drones\/#breadcrumb\"},\"inLanguage\":\"pt-BR\",\"potentialAction\":[{\"@type\":\"ReadAction\",\"target\":[\"https:\/\/jornalfatosenoticias.com.br\/index.php\/2021\/05\/13\/ambev-pretende-implementar-delivery-com-drones\/\"]}]},{\"@type\":\"ImageObject\",\"inLanguage\":\"pt-BR\",\"@id\":\"https:\/\/jornalfatosenoticias.com.br\/index.php\/2021\/05\/13\/ambev-pretende-implementar-delivery-com-drones\/#primaryimage\",\"url\":\"https:\/\/jornalfatosenoticias.com.br\/wp-content\/uploads\/2021\/05\/DRONE-AMBEV_1.jpg\",\"contentUrl\":\"https:\/\/jornalfatosenoticias.com.br\/wp-content\/uploads\/2021\/05\/DRONE-AMBEV_1.jpg\",\"width\":1000,\"height\":375},{\"@type\":\"BreadcrumbList\",\"@id\":\"https:\/\/jornalfatosenoticias.com.br\/index.php\/2021\/05\/13\/ambev-pretende-implementar-delivery-com-drones\/#breadcrumb\",\"itemListElement\":[{\"@type\":\"ListItem\",\"position\":1,\"name\":\"In\u00edcio\",\"item\":\"https:\/\/jornalfatosenoticias.com.br\/\"},{\"@type\":\"ListItem\",\"position\":2,\"name\":\"Ambev pretende implementar delivery com drones\"}]},{\"@type\":\"WebSite\",\"@id\":\"https:\/\/jornalfatosenoticias.com.br\/#website\",\"url\":\"https:\/\/jornalfatosenoticias.com.br\/\",\"name\":\"Jornal Fatos e Not\u00edcias\",\"description\":\"Not\u00edcias em geral\",\"publisher\":{\"@id\":\"https:\/\/jornalfatosenoticias.com.br\/#organization\"},\"potentialAction\":[{\"@type\":\"SearchAction\",\"target\":{\"@type\":\"EntryPoint\",\"urlTemplate\":\"https:\/\/jornalfatosenoticias.com.br\/?s={search_term_string}\"},\"query-input\":{\"@type\":\"PropertyValueSpecification\",\"valueRequired\":true,\"valueName\":\"search_term_string\"}}],\"inLanguage\":\"pt-BR\"},{\"@type\":\"Organization\",\"@id\":\"https:\/\/jornalfatosenoticias.com.br\/#organization\",\"name\":\"Jornal Fatos e Not\u00edcias\",\"url\":\"https:\/\/jornalfatosenoticias.com.br\/\",\"logo\":{\"@type\":\"ImageObject\",\"inLanguage\":\"pt-BR\",\"@id\":\"https:\/\/jornalfatosenoticias.com.br\/#\/schema\/logo\/image\/\",\"url\":\"https:\/\/jornalfatosenoticias.com.br\/wp-content\/uploads\/2020\/02\/logo120.png\",\"contentUrl\":\"https:\/\/jornalfatosenoticias.com.br\/wp-content\/uploads\/2020\/02\/logo120.png\",\"width\":1227,\"height\":120,\"caption\":\"Jornal Fatos e Not\u00edcias\"},\"image\":{\"@id\":\"https:\/\/jornalfatosenoticias.com.br\/#\/schema\/logo\/image\/\"}},{\"@type\":\"Person\",\"@id\":\"https:\/\/jornalfatosenoticias.com.br\/#\/schema\/person\/d63837fa13ac8666eb9e74e0985d6f81\",\"name\":\"Luzimara Fernandes\",\"image\":{\"@type\":\"ImageObject\",\"inLanguage\":\"pt-BR\",\"@id\":\"https:\/\/jornalfatosenoticias.com.br\/#\/schema\/person\/image\/\",\"url\":\"https:\/\/jornalfatosenoticias.com.br\/wp-content\/uploads\/2025\/05\/EU_portal.jpg\",\"contentUrl\":\"https:\/\/jornalfatosenoticias.com.br\/wp-content\/uploads\/2025\/05\/EU_portal.jpg\",\"caption\":\"Luzimara Fernandes\"},\"description\":\"Jornalista MTB 2358-ES\",\"sameAs\":[\"https:\/\/jornalfatosenoticias.com.br\"],\"url\":\"https:\/\/jornalfatosenoticias.com.br\/index.php\/author\/luzimara\/\"}]}<\/script>\n<!-- \/ Yoast SEO plugin. -->","yoast_head_json":{"title":"Ambev pretende implementar delivery com drones - Jornal Fatos e Not\u00edcias","robots":{"index":"index","follow":"follow","max-snippet":"max-snippet:-1","max-image-preview":"max-image-preview:large","max-video-preview":"max-video-preview:-1"},"canonical":"https:\/\/jornalfatosenoticias.com.br\/index.php\/2021\/05\/13\/ambev-pretende-implementar-delivery-com-drones\/","og_locale":"pt_BR","og_type":"article","og_title":"Ambev pretende implementar delivery com drones - Jornal Fatos e Not\u00edcias","og_description":"A Ambev recentemente anunciou que pretende implementar um sistema de delivery com drones. No dia 30 de abril \u00faltimo, a empresa realizou, em Jaguari\u00fana, cidade de S\u00e3o Paulo, o primeiro voo de teste. Capaz de transportar at\u00e9 2kg, o drone utilizado saiu da f\u00e1brica local e percorreu uma dist\u00e2ncia de 2km at\u00e9 um condom\u00ednio de [&hellip;]","og_url":"https:\/\/jornalfatosenoticias.com.br\/index.php\/2021\/05\/13\/ambev-pretende-implementar-delivery-com-drones\/","og_site_name":"Jornal Fatos e Not\u00edcias","article_published_time":"2021-05-13T21:48:41+00:00","article_modified_time":"2021-05-13T21:48:44+00:00","og_image":[{"width":1000,"height":375,"url":"https:\/\/jornalfatosenoticias.com.br\/wp-content\/uploads\/2021\/05\/DRONE-AMBEV_1.jpg","type":"image\/jpeg"}],"author":"Luzimara Fernandes","twitter_card":"summary_large_image","twitter_misc":{"Escrito por":"Luzimara Fernandes","Est. tempo de leitura":"2 minutos"},"schema":{"@context":"https:\/\/schema.org","@graph":[{"@type":"Article","@id":"https:\/\/jornalfatosenoticias.com.br\/index.php\/2021\/05\/13\/ambev-pretende-implementar-delivery-com-drones\/#article","isPartOf":{"@id":"https:\/\/jornalfatosenoticias.com.br\/index.php\/2021\/05\/13\/ambev-pretende-implementar-delivery-com-drones\/"},"author":{"name":"Luzimara Fernandes","@id":"https:\/\/jornalfatosenoticias.com.br\/#\/schema\/person\/d63837fa13ac8666eb9e74e0985d6f81"},"headline":"Ambev pretende implementar delivery com drones","datePublished":"2021-05-13T21:48:41+00:00","dateModified":"2021-05-13T21:48:44+00:00","mainEntityOfPage":{"@id":"https:\/\/jornalfatosenoticias.com.br\/index.php\/2021\/05\/13\/ambev-pretende-implementar-delivery-com-drones\/"},"wordCount":348,"commentCount":0,"publisher":{"@id":"https:\/\/jornalfatosenoticias.com.br\/#organization"},"image":{"@id":"https:\/\/jornalfatosenoticias.com.br\/index.php\/2021\/05\/13\/ambev-pretende-implementar-delivery-com-drones\/#primaryimage"},"thumbnailUrl":"https:\/\/jornalfatosenoticias.com.br\/wp-content\/uploads\/2021\/05\/DRONE-AMBEV_1.jpg","keywords":["Ambev","delivery","drones","mercado"],"articleSection":["Tecnologia &amp; Inova\u00e7\u00e3o"],"inLanguage":"pt-BR","potentialAction":[{"@type":"CommentAction","name":"Comment","target":["https:\/\/jornalfatosenoticias.com.br\/index.php\/2021\/05\/13\/ambev-pretende-implementar-delivery-com-drones\/#respond"]}]},{"@type":"WebPage","@id":"https:\/\/jornalfatosenoticias.com.br\/index.php\/2021\/05\/13\/ambev-pretende-implementar-delivery-com-drones\/","url":"https:\/\/jornalfatosenoticias.com.br\/index.php\/2021\/05\/13\/ambev-pretende-implementar-delivery-com-drones\/","name":"Ambev pretende implementar delivery com drones - Jornal Fatos e Not\u00edcias","isPartOf":{"@id":"https:\/\/jornalfatosenoticias.com.br\/#website"},"primaryImageOfPage":{"@id":"https:\/\/jornalfatosenoticias.com.br\/index.php\/2021\/05\/13\/ambev-pretende-implementar-delivery-com-drones\/#primaryimage"},"image":{"@id":"https:\/\/jornalfatosenoticias.com.br\/index.php\/2021\/05\/13\/ambev-pretende-implementar-delivery-com-drones\/#primaryimage"},"thumbnailUrl":"https:\/\/jornalfatosenoticias.com.br\/wp-content\/uploads\/2021\/05\/DRONE-AMBEV_1.jpg","datePublished":"2021-05-13T21:48:41+00:00","dateModified":"2021-05-13T21:48:44+00:00","breadcrumb":{"@id":"https:\/\/jornalfatosenoticias.com.br\/index.php\/2021\/05\/13\/ambev-pretende-implementar-delivery-com-drones\/#breadcrumb"},"inLanguage":"pt-BR","potentialAction":[{"@type":"ReadAction","target":["https:\/\/jornalfatosenoticias.com.br\/index.php\/2021\/05\/13\/ambev-pretende-implementar-delivery-com-drones\/"]}]},{"@type":"ImageObject","inLanguage":"pt-BR","@id":"https:\/\/jornalfatosenoticias.com.br\/index.php\/2021\/05\/13\/ambev-pretende-implementar-delivery-com-drones\/#primaryimage","url":"https:\/\/jornalfatosenoticias.com.br\/wp-content\/uploads\/2021\/05\/DRONE-AMBEV_1.jpg","contentUrl":"https:\/\/jornalfatosenoticias.com.br\/wp-content\/uploads\/2021\/05\/DRONE-AMBEV_1.jpg","width":1000,"height":375},{"@type":"BreadcrumbList","@id":"https:\/\/jornalfatosenoticias.com.br\/index.php\/2021\/05\/13\/ambev-pretende-implementar-delivery-com-drones\/#breadcrumb","itemListElement":[{"@type":"ListItem","position":1,"name":"In\u00edcio","item":"https:\/\/jornalfatosenoticias.com.br\/"},{"@type":"ListItem","position":2,"name":"Ambev pretende implementar delivery com drones"}]},{"@type":"WebSite","@id":"https:\/\/jornalfatosenoticias.com.br\/#website","url":"https:\/\/jornalfatosenoticias.com.br\/","name":"Jornal Fatos e Not\u00edcias","description":"Not\u00edcias em geral","publisher":{"@id":"https:\/\/jornalfatosenoticias.com.br\/#organization"},"potentialAction":[{"@type":"SearchAction","target":{"@type":"EntryPoint","urlTemplate":"https:\/\/jornalfatosenoticias.com.br\/?s={search_term_string}"},"query-input":{"@type":"PropertyValueSpecification","valueRequired":true,"valueName":"search_term_string"}}],"inLanguage":"pt-BR"},{"@type":"Organization","@id":"https:\/\/jornalfatosenoticias.com.br\/#organization","name":"Jornal Fatos e Not\u00edcias","url":"https:\/\/jornalfatosenoticias.com.br\/","logo":{"@type":"ImageObject","inLanguage":"pt-BR","@id":"https:\/\/jornalfatosenoticias.com.br\/#\/schema\/logo\/image\/","url":"https:\/\/jornalfatosenoticias.com.br\/wp-content\/uploads\/2020\/02\/logo120.png","contentUrl":"https:\/\/jornalfatosenoticias.com.br\/wp-content\/uploads\/2020\/02\/logo120.png","width":1227,"height":120,"caption":"Jornal Fatos e Not\u00edcias"},"image":{"@id":"https:\/\/jornalfatosenoticias.com.br\/#\/schema\/logo\/image\/"}},{"@type":"Person","@id":"https:\/\/jornalfatosenoticias.com.br\/#\/schema\/person\/d63837fa13ac8666eb9e74e0985d6f81","name":"Luzimara Fernandes","image":{"@type":"ImageObject","inLanguage":"pt-BR","@id":"https:\/\/jornalfatosenoticias.com.br\/#\/schema\/person\/image\/","url":"https:\/\/jornalfatosenoticias.com.br\/wp-content\/uploads\/2025\/05\/EU_portal.jpg","contentUrl":"https:\/\/jornalfatosenoticias.com.br\/wp-content\/uploads\/2025\/05\/EU_portal.jpg","caption":"Luzimara Fernandes"},"description":"Jornalista MTB 2358-ES","sameAs":["https:\/\/jornalfatosenoticias.com.br"],"url":"https:\/\/jornalfatosenoticias.com.br\/index.php\/author\/luzimara\/"}]}},"cc_featured_image_caption":{"caption_text":"(Foto: Ambev\/Divulga\u00e7\u00e3o) ","source_text":"","source_url":""},"jetpack_featured_media_url":"https:\/\/jornalfatosenoticias.com.br\/wp-content\/uploads\/2021\/05\/DRONE-AMBEV_1.jpg","_links":{"self":[{"href":"https:\/\/jornalfatosenoticias.com.br\/index.php\/wp-json\/wp\/v2\/posts\/18187","targetHints":{"allow":["GET"]}}],"collection":[{"href":"https:\/\/jornalfatosenoticias.com.br\/index.php\/wp-json\/wp\/v2\/posts"}],"about":[{"href":"https:\/\/jornalfatosenoticias.com.br\/index.php\/wp-json\/wp\/v2\/types\/post"}],"author":[{"embeddable":true,"href":"https:\/\/jornalfatosenoticias.com.br\/index.php\/wp-json\/wp\/v2\/users\/2"}],"replies":[{"embeddable":true,"href":"https:\/\/jornalfatosenoticias.com.br\/index.php\/wp-json\/wp\/v2\/comments?post=18187"}],"version-history":[{"count":0,"href":"https:\/\/jornalfatosenoticias.com.br\/index.php\/wp-json\/wp\/v2\/posts\/18187\/revisions"}],"wp:featuredmedia":[{"embeddable":true,"href":"https:\/\/jornalfatosenoticias.com.br\/index.php\/wp-json\/wp\/v2\/media\/18189"}],"wp:attachment":[{"href":"https:\/\/jornalfatosenoticias.com.br\/index.php\/wp-json\/wp\/v2\/media?parent=18187"}],"wp:term":[{"taxonomy":"category","embeddable":true,"href":"https:\/\/jornalfatosenoticias.com.br\/index.php\/wp-json\/wp\/v2\/categories?post=18187"},{"taxonomy":"post_tag","embeddable":true,"href":"https:\/\/jornalfatosenoticias.com.br\/index.php\/wp-json\/wp\/v2\/tags?post=18187"}],"curies":[{"name":"wp","href":"https:\/\/api.w.org\/{rel}","templated":true}]}}