{"id":18249,"date":"2021-05-18T10:38:31","date_gmt":"2021-05-18T13:38:31","guid":{"rendered":"https:\/\/jornalfatosenoticias.com.br\/?p=18249"},"modified":"2021-05-18T10:38:36","modified_gmt":"2021-05-18T13:38:36","slug":"pesquisadores-do-mit-desenvolvem-escova-de-cabelo-robotica","status":"publish","type":"post","link":"https:\/\/jornalfatosenoticias.com.br\/index.php\/2021\/05\/18\/pesquisadores-do-mit-desenvolvem-escova-de-cabelo-robotica\/","title":{"rendered":"Pesquisadores do MIT desenvolvem escova de cabelo rob\u00f3tica"},"content":{"rendered":"\n<p>Quanto tempo se leva para arrumar o cabelo durante o dia? Depende do comprimento, do formato, da textura, de como a pessoa gosta\u2026 Mas, e quem, por motivo de sa\u00fade ou mobilidade limitada, n\u00e3o consegue realizar a atividade sozinho? Foi pensando nisso que um grupo de pesquisadores do Instituto de Tecnologia de Massachusetts (MIT) e de <a href=\"https:\/\/olhardigital.com.br\/2020\/07\/03\/noticias\/harvard-cria-tecido-robotico-flexivel-para-diversas-aplicacoes\/\" target=\"_blank\" rel=\"noreferrer noopener\">Harvard<\/a>\u00a0criou uma escova de cabelo\u00a0<a href=\"https:\/\/olhardigital.com.br\/2021\/02\/01\/noticias\/spot-da-boston-dynamics-ganha-braco-robotico-e-muitos-movimentos\/\" target=\"_blank\" rel=\"noreferrer noopener\">rob\u00f3tica<\/a>.<br>Os integrantes do Laborat\u00f3rio de Ci\u00eancia da Computa\u00e7\u00e3o e Intelig\u00eancia Artificial (CSAIL), do MIT, e do Soft Math Lab, de Harvard, criaram o inovador pente combinando uma c\u00e2mera com feedback de for\u00e7a e controle de loop fechado para se ajustar a diversos tipos de cabelo, do liso 1A ao cacheado 3B. As demonstra\u00e7\u00f5es, por\u00e9m, n\u00e3o exibem nada ap\u00f3s os cachos 3B.<br>Os pesquisadores examinaram os cabelos como h\u00e9lices duplas de fibras macias e desenvolveram um modelo matem\u00e1tico para desembara\u00e7ar as <a rel=\"noreferrer noopener\" href=\"https:\/\/olhardigital.com.br\/2020\/07\/22\/noticias\/robo-corta-cabelo-de-youtuber-durante-a-quarentena-assista\/\" target=\"_blank\">madeixas como um ser humano<\/a> faria, de baixo para cima. Para realizar a tarefa, antes de come\u00e7ar a pentear, a c\u00e2mera do rob\u00f4 tira uma foto e seleciona uma regi\u00e3o que exiba apenas os cabelos.<br>A imagem \u00e9 convertida em uma escala de cinza e o programa analisa os gradientes x\/y da imagem. Quanto mais liso o cabelo, mais bordas ele apresenta na dire\u00e7\u00e3o x. J\u00e1 os cacheados s\u00e3o mais uniformemente distribu\u00eddos. O programa calcula a propor\u00e7\u00e3o entre fios lisos e ondulados e usa o n\u00famero para definir o limiar de dor. Por exemplo: cabelos cacheados precisam de escovadas menores, pois podem formar mais n\u00f3s, causando dor caso o pente puxe demais.<\/p>\n\n\n\n<figure class=\"wp-block-image size-large\"><img loading=\"lazy\" decoding=\"async\" width=\"600\" height=\"580\" src=\"https:\/\/jornalfatosenoticias.com.br\/wp-content\/uploads\/2021\/05\/mit-escova-de-cabelo-robotica2.jpg\" alt=\"\" class=\"wp-image-18250\" srcset=\"https:\/\/jornalfatosenoticias.com.br\/wp-content\/uploads\/2021\/05\/mit-escova-de-cabelo-robotica2.jpg 600w, https:\/\/jornalfatosenoticias.com.br\/wp-content\/uploads\/2021\/05\/mit-escova-de-cabelo-robotica2-300x290.jpg 300w\" sizes=\"auto, (max-width: 600px) 100vw, 600px\" \/><figcaption><em>A c\u00e2mera da escova de cabelo rob\u00f3tica tira uma foto do cabelo e transforma em escala de cinza (Foto: MIT\/Divulga\u00e7\u00e3o)<\/em><\/figcaption><\/figure>\n\n\n\n<p>Al\u00e9m disso, a escova de cabelo <a href=\"https:\/\/olhardigital.com.br\/2020\/10\/22\/coronavirus\/pandemia-acelera-mudanca-de-trabalho-humano-para-robotico-diz-estudo\/\" target=\"_blank\" rel=\"noreferrer noopener\">rob\u00f3tica<\/a> \u00e9 equipada com sensores que medem as for\u00e7as exercidas no cabelo e no couro cabeludo, \u00e0 medida em que \u00e9 escovado. Eles comparam essa informa\u00e7\u00e3o a uma linha de base estabelecida por um humano, que a usou para escovar o pr\u00f3prio cabelo.<br>De acordo com o CSAIL, enfermeiros usam de 18% a 40% do tempo realizando tarefas diretas de cuidado com os pacientes. Rob\u00f4s de cuidados pessoais, como essa escova de cabelo, ajudariam bastante nas fun\u00e7\u00f5es desses profissionais. Outra op\u00e7\u00e3o de uso pensada pelo time de desenvolvedores \u00e9 a escova\u00e7\u00e3o de fibras t\u00eaxteis ou de animais.<br>Testes em humanos com a escova de cabelo rob\u00f3tica ainda est\u00e3o em andamento. <a rel=\"noreferrer noopener\" href=\"https:\/\/docs.google.com\/document\/d\/1SSXM6mOiI9GCISY0Io_1k7NE6nmBmm4z0Nl90YzETCM\/edit\" target=\"_blank\">\u00c9 poss\u00edvel acessar toda a pesquisa direto no Google Docs<\/a>. Por enquanto, cacheadas ainda precisam que os rob\u00f4s saibam aplicar cremes para testar a novidade.<\/p>\n\n\n\n<h4 class=\"wp-block-heading\"><span class=\"has-inline-color has-black-color\">Confira o v\u00eddeo da escova de cabelo em a\u00e7\u00e3o:<\/span><\/h4>\n\n\n\n<figure class=\"wp-block-embed-youtube wp-block-embed is-type-video is-provider-youtube wp-embed-aspect-16-9 wp-has-aspect-ratio\"><div class=\"wp-block-embed__wrapper\">\n<iframe loading=\"lazy\" title=\"Robotic Hair Brushing\" width=\"660\" height=\"371\" src=\"https:\/\/www.youtube.com\/embed\/3dHCdQBagfs?start=1&#038;feature=oembed\" frameborder=\"0\" allow=\"accelerometer; autoplay; clipboard-write; encrypted-media; gyroscope; picture-in-picture; web-share\" referrerpolicy=\"strict-origin-when-cross-origin\" allowfullscreen><\/iframe>\n<\/div><\/figure>\n\n\n\n<p><strong><em>Fonte: <a href=\"https:\/\/olhardigital.com.br\/2021\/05\/10\/ciencia-e-espaco\/pesquisadores-do-mit-desenvolvem-escova-de-cabelo-robotica\/\">Olhar Digital<\/a><\/em><\/strong><\/p>\n","protected":false},"excerpt":{"rendered":"<p>Quanto tempo se leva para arrumar o cabelo durante o dia? Depende do comprimento, do formato, da textura, de como a pessoa gosta\u2026 Mas, e quem, por motivo de sa\u00fade ou mobilidade limitada, n\u00e3o consegue realizar a atividade sozinho? Foi pensando nisso que um grupo de pesquisadores do Instituto de Tecnologia de Massachusetts (MIT) e [&hellip;]<\/p>\n","protected":false},"author":2,"featured_media":18251,"comment_status":"open","ping_status":"open","sticky":false,"template":"","format":"standard","meta":{"footnotes":""},"categories":[3],"tags":[9045,1836,1380,4649,4787],"class_list":["post-18249","post","type-post","status-publish","format-standard","has-post-thumbnail","hentry","category-tecnologia","tag-escova-de-cabelo","tag-mit","tag-pesquisadores","tag-robo","tag-robotica"],"yoast_head":"<!-- This site is optimized with the Yoast SEO plugin v26.5 - https:\/\/yoast.com\/wordpress\/plugins\/seo\/ -->\n<title>Pesquisadores do MIT desenvolvem escova de cabelo rob\u00f3tica - Jornal Fatos e Not\u00edcias<\/title>\n<meta name=\"robots\" content=\"index, follow, max-snippet:-1, max-image-preview:large, max-video-preview:-1\" \/>\n<link rel=\"canonical\" href=\"https:\/\/jornalfatosenoticias.com.br\/index.php\/2021\/05\/18\/pesquisadores-do-mit-desenvolvem-escova-de-cabelo-robotica\/\" \/>\n<meta property=\"og:locale\" content=\"pt_BR\" \/>\n<meta property=\"og:type\" content=\"article\" \/>\n<meta property=\"og:title\" content=\"Pesquisadores do MIT desenvolvem escova de cabelo rob\u00f3tica - Jornal Fatos e Not\u00edcias\" \/>\n<meta property=\"og:description\" content=\"Quanto tempo se leva para arrumar o cabelo durante o dia? Depende do comprimento, do formato, da textura, de como a pessoa gosta\u2026 Mas, e quem, por motivo de sa\u00fade ou mobilidade limitada, n\u00e3o consegue realizar a atividade sozinho? Foi pensando nisso que um grupo de pesquisadores do Instituto de Tecnologia de Massachusetts (MIT) e [&hellip;]\" \/>\n<meta property=\"og:url\" content=\"https:\/\/jornalfatosenoticias.com.br\/index.php\/2021\/05\/18\/pesquisadores-do-mit-desenvolvem-escova-de-cabelo-robotica\/\" \/>\n<meta property=\"og:site_name\" content=\"Jornal Fatos e Not\u00edcias\" \/>\n<meta property=\"article:published_time\" content=\"2021-05-18T13:38:31+00:00\" \/>\n<meta property=\"article:modified_time\" content=\"2021-05-18T13:38:36+00:00\" \/>\n<meta property=\"og:image\" content=\"https:\/\/jornalfatosenoticias.com.br\/wp-content\/uploads\/2021\/05\/mit-escova-de-cabelo-robotica.png\" \/>\n\t<meta property=\"og:image:width\" content=\"1000\" \/>\n\t<meta property=\"og:image:height\" content=\"450\" \/>\n\t<meta property=\"og:image:type\" content=\"image\/png\" \/>\n<meta name=\"author\" content=\"Luzimara Fernandes\" \/>\n<meta name=\"twitter:card\" content=\"summary_large_image\" \/>\n<meta name=\"twitter:label1\" content=\"Escrito por\" \/>\n\t<meta name=\"twitter:data1\" content=\"Luzimara Fernandes\" \/>\n\t<meta name=\"twitter:label2\" content=\"Est. tempo de leitura\" \/>\n\t<meta name=\"twitter:data2\" content=\"2 minutos\" \/>\n<script type=\"application\/ld+json\" class=\"yoast-schema-graph\">{\"@context\":\"https:\/\/schema.org\",\"@graph\":[{\"@type\":\"Article\",\"@id\":\"https:\/\/jornalfatosenoticias.com.br\/index.php\/2021\/05\/18\/pesquisadores-do-mit-desenvolvem-escova-de-cabelo-robotica\/#article\",\"isPartOf\":{\"@id\":\"https:\/\/jornalfatosenoticias.com.br\/index.php\/2021\/05\/18\/pesquisadores-do-mit-desenvolvem-escova-de-cabelo-robotica\/\"},\"author\":{\"name\":\"Luzimara Fernandes\",\"@id\":\"https:\/\/jornalfatosenoticias.com.br\/#\/schema\/person\/d63837fa13ac8666eb9e74e0985d6f81\"},\"headline\":\"Pesquisadores do MIT desenvolvem escova de cabelo rob\u00f3tica\",\"datePublished\":\"2021-05-18T13:38:31+00:00\",\"dateModified\":\"2021-05-18T13:38:36+00:00\",\"mainEntityOfPage\":{\"@id\":\"https:\/\/jornalfatosenoticias.com.br\/index.php\/2021\/05\/18\/pesquisadores-do-mit-desenvolvem-escova-de-cabelo-robotica\/\"},\"wordCount\":489,\"commentCount\":0,\"publisher\":{\"@id\":\"https:\/\/jornalfatosenoticias.com.br\/#organization\"},\"image\":{\"@id\":\"https:\/\/jornalfatosenoticias.com.br\/index.php\/2021\/05\/18\/pesquisadores-do-mit-desenvolvem-escova-de-cabelo-robotica\/#primaryimage\"},\"thumbnailUrl\":\"https:\/\/jornalfatosenoticias.com.br\/wp-content\/uploads\/2021\/05\/mit-escova-de-cabelo-robotica.png\",\"keywords\":[\"escova de cabelo\",\"MIT\",\"pesquisadores\",\"rob\u00f4\",\"rob\u00f3tica\"],\"articleSection\":[\"Tecnologia &amp; Inova\u00e7\u00e3o\"],\"inLanguage\":\"pt-BR\",\"potentialAction\":[{\"@type\":\"CommentAction\",\"name\":\"Comment\",\"target\":[\"https:\/\/jornalfatosenoticias.com.br\/index.php\/2021\/05\/18\/pesquisadores-do-mit-desenvolvem-escova-de-cabelo-robotica\/#respond\"]}]},{\"@type\":\"WebPage\",\"@id\":\"https:\/\/jornalfatosenoticias.com.br\/index.php\/2021\/05\/18\/pesquisadores-do-mit-desenvolvem-escova-de-cabelo-robotica\/\",\"url\":\"https:\/\/jornalfatosenoticias.com.br\/index.php\/2021\/05\/18\/pesquisadores-do-mit-desenvolvem-escova-de-cabelo-robotica\/\",\"name\":\"Pesquisadores do MIT desenvolvem escova de cabelo rob\u00f3tica - Jornal Fatos e Not\u00edcias\",\"isPartOf\":{\"@id\":\"https:\/\/jornalfatosenoticias.com.br\/#website\"},\"primaryImageOfPage\":{\"@id\":\"https:\/\/jornalfatosenoticias.com.br\/index.php\/2021\/05\/18\/pesquisadores-do-mit-desenvolvem-escova-de-cabelo-robotica\/#primaryimage\"},\"image\":{\"@id\":\"https:\/\/jornalfatosenoticias.com.br\/index.php\/2021\/05\/18\/pesquisadores-do-mit-desenvolvem-escova-de-cabelo-robotica\/#primaryimage\"},\"thumbnailUrl\":\"https:\/\/jornalfatosenoticias.com.br\/wp-content\/uploads\/2021\/05\/mit-escova-de-cabelo-robotica.png\",\"datePublished\":\"2021-05-18T13:38:31+00:00\",\"dateModified\":\"2021-05-18T13:38:36+00:00\",\"breadcrumb\":{\"@id\":\"https:\/\/jornalfatosenoticias.com.br\/index.php\/2021\/05\/18\/pesquisadores-do-mit-desenvolvem-escova-de-cabelo-robotica\/#breadcrumb\"},\"inLanguage\":\"pt-BR\",\"potentialAction\":[{\"@type\":\"ReadAction\",\"target\":[\"https:\/\/jornalfatosenoticias.com.br\/index.php\/2021\/05\/18\/pesquisadores-do-mit-desenvolvem-escova-de-cabelo-robotica\/\"]}]},{\"@type\":\"ImageObject\",\"inLanguage\":\"pt-BR\",\"@id\":\"https:\/\/jornalfatosenoticias.com.br\/index.php\/2021\/05\/18\/pesquisadores-do-mit-desenvolvem-escova-de-cabelo-robotica\/#primaryimage\",\"url\":\"https:\/\/jornalfatosenoticias.com.br\/wp-content\/uploads\/2021\/05\/mit-escova-de-cabelo-robotica.png\",\"contentUrl\":\"https:\/\/jornalfatosenoticias.com.br\/wp-content\/uploads\/2021\/05\/mit-escova-de-cabelo-robotica.png\",\"width\":1000,\"height\":450},{\"@type\":\"BreadcrumbList\",\"@id\":\"https:\/\/jornalfatosenoticias.com.br\/index.php\/2021\/05\/18\/pesquisadores-do-mit-desenvolvem-escova-de-cabelo-robotica\/#breadcrumb\",\"itemListElement\":[{\"@type\":\"ListItem\",\"position\":1,\"name\":\"In\u00edcio\",\"item\":\"https:\/\/jornalfatosenoticias.com.br\/\"},{\"@type\":\"ListItem\",\"position\":2,\"name\":\"Pesquisadores do MIT desenvolvem escova de cabelo rob\u00f3tica\"}]},{\"@type\":\"WebSite\",\"@id\":\"https:\/\/jornalfatosenoticias.com.br\/#website\",\"url\":\"https:\/\/jornalfatosenoticias.com.br\/\",\"name\":\"Jornal Fatos e Not\u00edcias\",\"description\":\"Not\u00edcias em geral\",\"publisher\":{\"@id\":\"https:\/\/jornalfatosenoticias.com.br\/#organization\"},\"potentialAction\":[{\"@type\":\"SearchAction\",\"target\":{\"@type\":\"EntryPoint\",\"urlTemplate\":\"https:\/\/jornalfatosenoticias.com.br\/?s={search_term_string}\"},\"query-input\":{\"@type\":\"PropertyValueSpecification\",\"valueRequired\":true,\"valueName\":\"search_term_string\"}}],\"inLanguage\":\"pt-BR\"},{\"@type\":\"Organization\",\"@id\":\"https:\/\/jornalfatosenoticias.com.br\/#organization\",\"name\":\"Jornal Fatos e Not\u00edcias\",\"url\":\"https:\/\/jornalfatosenoticias.com.br\/\",\"logo\":{\"@type\":\"ImageObject\",\"inLanguage\":\"pt-BR\",\"@id\":\"https:\/\/jornalfatosenoticias.com.br\/#\/schema\/logo\/image\/\",\"url\":\"https:\/\/jornalfatosenoticias.com.br\/wp-content\/uploads\/2020\/02\/logo120.png\",\"contentUrl\":\"https:\/\/jornalfatosenoticias.com.br\/wp-content\/uploads\/2020\/02\/logo120.png\",\"width\":1227,\"height\":120,\"caption\":\"Jornal Fatos e Not\u00edcias\"},\"image\":{\"@id\":\"https:\/\/jornalfatosenoticias.com.br\/#\/schema\/logo\/image\/\"}},{\"@type\":\"Person\",\"@id\":\"https:\/\/jornalfatosenoticias.com.br\/#\/schema\/person\/d63837fa13ac8666eb9e74e0985d6f81\",\"name\":\"Luzimara Fernandes\",\"image\":{\"@type\":\"ImageObject\",\"inLanguage\":\"pt-BR\",\"@id\":\"https:\/\/jornalfatosenoticias.com.br\/#\/schema\/person\/image\/\",\"url\":\"https:\/\/jornalfatosenoticias.com.br\/wp-content\/uploads\/2025\/05\/EU_portal.jpg\",\"contentUrl\":\"https:\/\/jornalfatosenoticias.com.br\/wp-content\/uploads\/2025\/05\/EU_portal.jpg\",\"caption\":\"Luzimara Fernandes\"},\"description\":\"Jornalista MTB 2358-ES\",\"sameAs\":[\"https:\/\/jornalfatosenoticias.com.br\"],\"url\":\"https:\/\/jornalfatosenoticias.com.br\/index.php\/author\/luzimara\/\"}]}<\/script>\n<!-- \/ Yoast SEO plugin. -->","yoast_head_json":{"title":"Pesquisadores do MIT desenvolvem escova de cabelo rob\u00f3tica - Jornal Fatos e Not\u00edcias","robots":{"index":"index","follow":"follow","max-snippet":"max-snippet:-1","max-image-preview":"max-image-preview:large","max-video-preview":"max-video-preview:-1"},"canonical":"https:\/\/jornalfatosenoticias.com.br\/index.php\/2021\/05\/18\/pesquisadores-do-mit-desenvolvem-escova-de-cabelo-robotica\/","og_locale":"pt_BR","og_type":"article","og_title":"Pesquisadores do MIT desenvolvem escova de cabelo rob\u00f3tica - Jornal Fatos e Not\u00edcias","og_description":"Quanto tempo se leva para arrumar o cabelo durante o dia? Depende do comprimento, do formato, da textura, de como a pessoa gosta\u2026 Mas, e quem, por motivo de sa\u00fade ou mobilidade limitada, n\u00e3o consegue realizar a atividade sozinho? Foi pensando nisso que um grupo de pesquisadores do Instituto de Tecnologia de Massachusetts (MIT) e [&hellip;]","og_url":"https:\/\/jornalfatosenoticias.com.br\/index.php\/2021\/05\/18\/pesquisadores-do-mit-desenvolvem-escova-de-cabelo-robotica\/","og_site_name":"Jornal Fatos e Not\u00edcias","article_published_time":"2021-05-18T13:38:31+00:00","article_modified_time":"2021-05-18T13:38:36+00:00","og_image":[{"width":1000,"height":450,"url":"https:\/\/jornalfatosenoticias.com.br\/wp-content\/uploads\/2021\/05\/mit-escova-de-cabelo-robotica.png","type":"image\/png"}],"author":"Luzimara Fernandes","twitter_card":"summary_large_image","twitter_misc":{"Escrito por":"Luzimara Fernandes","Est. tempo de leitura":"2 minutos"},"schema":{"@context":"https:\/\/schema.org","@graph":[{"@type":"Article","@id":"https:\/\/jornalfatosenoticias.com.br\/index.php\/2021\/05\/18\/pesquisadores-do-mit-desenvolvem-escova-de-cabelo-robotica\/#article","isPartOf":{"@id":"https:\/\/jornalfatosenoticias.com.br\/index.php\/2021\/05\/18\/pesquisadores-do-mit-desenvolvem-escova-de-cabelo-robotica\/"},"author":{"name":"Luzimara Fernandes","@id":"https:\/\/jornalfatosenoticias.com.br\/#\/schema\/person\/d63837fa13ac8666eb9e74e0985d6f81"},"headline":"Pesquisadores do MIT desenvolvem escova de cabelo rob\u00f3tica","datePublished":"2021-05-18T13:38:31+00:00","dateModified":"2021-05-18T13:38:36+00:00","mainEntityOfPage":{"@id":"https:\/\/jornalfatosenoticias.com.br\/index.php\/2021\/05\/18\/pesquisadores-do-mit-desenvolvem-escova-de-cabelo-robotica\/"},"wordCount":489,"commentCount":0,"publisher":{"@id":"https:\/\/jornalfatosenoticias.com.br\/#organization"},"image":{"@id":"https:\/\/jornalfatosenoticias.com.br\/index.php\/2021\/05\/18\/pesquisadores-do-mit-desenvolvem-escova-de-cabelo-robotica\/#primaryimage"},"thumbnailUrl":"https:\/\/jornalfatosenoticias.com.br\/wp-content\/uploads\/2021\/05\/mit-escova-de-cabelo-robotica.png","keywords":["escova de cabelo","MIT","pesquisadores","rob\u00f4","rob\u00f3tica"],"articleSection":["Tecnologia &amp; Inova\u00e7\u00e3o"],"inLanguage":"pt-BR","potentialAction":[{"@type":"CommentAction","name":"Comment","target":["https:\/\/jornalfatosenoticias.com.br\/index.php\/2021\/05\/18\/pesquisadores-do-mit-desenvolvem-escova-de-cabelo-robotica\/#respond"]}]},{"@type":"WebPage","@id":"https:\/\/jornalfatosenoticias.com.br\/index.php\/2021\/05\/18\/pesquisadores-do-mit-desenvolvem-escova-de-cabelo-robotica\/","url":"https:\/\/jornalfatosenoticias.com.br\/index.php\/2021\/05\/18\/pesquisadores-do-mit-desenvolvem-escova-de-cabelo-robotica\/","name":"Pesquisadores do MIT desenvolvem escova de cabelo rob\u00f3tica - Jornal Fatos e Not\u00edcias","isPartOf":{"@id":"https:\/\/jornalfatosenoticias.com.br\/#website"},"primaryImageOfPage":{"@id":"https:\/\/jornalfatosenoticias.com.br\/index.php\/2021\/05\/18\/pesquisadores-do-mit-desenvolvem-escova-de-cabelo-robotica\/#primaryimage"},"image":{"@id":"https:\/\/jornalfatosenoticias.com.br\/index.php\/2021\/05\/18\/pesquisadores-do-mit-desenvolvem-escova-de-cabelo-robotica\/#primaryimage"},"thumbnailUrl":"https:\/\/jornalfatosenoticias.com.br\/wp-content\/uploads\/2021\/05\/mit-escova-de-cabelo-robotica.png","datePublished":"2021-05-18T13:38:31+00:00","dateModified":"2021-05-18T13:38:36+00:00","breadcrumb":{"@id":"https:\/\/jornalfatosenoticias.com.br\/index.php\/2021\/05\/18\/pesquisadores-do-mit-desenvolvem-escova-de-cabelo-robotica\/#breadcrumb"},"inLanguage":"pt-BR","potentialAction":[{"@type":"ReadAction","target":["https:\/\/jornalfatosenoticias.com.br\/index.php\/2021\/05\/18\/pesquisadores-do-mit-desenvolvem-escova-de-cabelo-robotica\/"]}]},{"@type":"ImageObject","inLanguage":"pt-BR","@id":"https:\/\/jornalfatosenoticias.com.br\/index.php\/2021\/05\/18\/pesquisadores-do-mit-desenvolvem-escova-de-cabelo-robotica\/#primaryimage","url":"https:\/\/jornalfatosenoticias.com.br\/wp-content\/uploads\/2021\/05\/mit-escova-de-cabelo-robotica.png","contentUrl":"https:\/\/jornalfatosenoticias.com.br\/wp-content\/uploads\/2021\/05\/mit-escova-de-cabelo-robotica.png","width":1000,"height":450},{"@type":"BreadcrumbList","@id":"https:\/\/jornalfatosenoticias.com.br\/index.php\/2021\/05\/18\/pesquisadores-do-mit-desenvolvem-escova-de-cabelo-robotica\/#breadcrumb","itemListElement":[{"@type":"ListItem","position":1,"name":"In\u00edcio","item":"https:\/\/jornalfatosenoticias.com.br\/"},{"@type":"ListItem","position":2,"name":"Pesquisadores do MIT desenvolvem escova de cabelo rob\u00f3tica"}]},{"@type":"WebSite","@id":"https:\/\/jornalfatosenoticias.com.br\/#website","url":"https:\/\/jornalfatosenoticias.com.br\/","name":"Jornal Fatos e Not\u00edcias","description":"Not\u00edcias em geral","publisher":{"@id":"https:\/\/jornalfatosenoticias.com.br\/#organization"},"potentialAction":[{"@type":"SearchAction","target":{"@type":"EntryPoint","urlTemplate":"https:\/\/jornalfatosenoticias.com.br\/?s={search_term_string}"},"query-input":{"@type":"PropertyValueSpecification","valueRequired":true,"valueName":"search_term_string"}}],"inLanguage":"pt-BR"},{"@type":"Organization","@id":"https:\/\/jornalfatosenoticias.com.br\/#organization","name":"Jornal Fatos e Not\u00edcias","url":"https:\/\/jornalfatosenoticias.com.br\/","logo":{"@type":"ImageObject","inLanguage":"pt-BR","@id":"https:\/\/jornalfatosenoticias.com.br\/#\/schema\/logo\/image\/","url":"https:\/\/jornalfatosenoticias.com.br\/wp-content\/uploads\/2020\/02\/logo120.png","contentUrl":"https:\/\/jornalfatosenoticias.com.br\/wp-content\/uploads\/2020\/02\/logo120.png","width":1227,"height":120,"caption":"Jornal Fatos e Not\u00edcias"},"image":{"@id":"https:\/\/jornalfatosenoticias.com.br\/#\/schema\/logo\/image\/"}},{"@type":"Person","@id":"https:\/\/jornalfatosenoticias.com.br\/#\/schema\/person\/d63837fa13ac8666eb9e74e0985d6f81","name":"Luzimara Fernandes","image":{"@type":"ImageObject","inLanguage":"pt-BR","@id":"https:\/\/jornalfatosenoticias.com.br\/#\/schema\/person\/image\/","url":"https:\/\/jornalfatosenoticias.com.br\/wp-content\/uploads\/2025\/05\/EU_portal.jpg","contentUrl":"https:\/\/jornalfatosenoticias.com.br\/wp-content\/uploads\/2025\/05\/EU_portal.jpg","caption":"Luzimara Fernandes"},"description":"Jornalista MTB 2358-ES","sameAs":["https:\/\/jornalfatosenoticias.com.br"],"url":"https:\/\/jornalfatosenoticias.com.br\/index.php\/author\/luzimara\/"}]}},"cc_featured_image_caption":{"caption_text":"(Foto: Reprodu\u00e7\u00e3o) \r\n","source_text":"","source_url":""},"jetpack_featured_media_url":"https:\/\/jornalfatosenoticias.com.br\/wp-content\/uploads\/2021\/05\/mit-escova-de-cabelo-robotica.png","_links":{"self":[{"href":"https:\/\/jornalfatosenoticias.com.br\/index.php\/wp-json\/wp\/v2\/posts\/18249","targetHints":{"allow":["GET"]}}],"collection":[{"href":"https:\/\/jornalfatosenoticias.com.br\/index.php\/wp-json\/wp\/v2\/posts"}],"about":[{"href":"https:\/\/jornalfatosenoticias.com.br\/index.php\/wp-json\/wp\/v2\/types\/post"}],"author":[{"embeddable":true,"href":"https:\/\/jornalfatosenoticias.com.br\/index.php\/wp-json\/wp\/v2\/users\/2"}],"replies":[{"embeddable":true,"href":"https:\/\/jornalfatosenoticias.com.br\/index.php\/wp-json\/wp\/v2\/comments?post=18249"}],"version-history":[{"count":0,"href":"https:\/\/jornalfatosenoticias.com.br\/index.php\/wp-json\/wp\/v2\/posts\/18249\/revisions"}],"wp:featuredmedia":[{"embeddable":true,"href":"https:\/\/jornalfatosenoticias.com.br\/index.php\/wp-json\/wp\/v2\/media\/18251"}],"wp:attachment":[{"href":"https:\/\/jornalfatosenoticias.com.br\/index.php\/wp-json\/wp\/v2\/media?parent=18249"}],"wp:term":[{"taxonomy":"category","embeddable":true,"href":"https:\/\/jornalfatosenoticias.com.br\/index.php\/wp-json\/wp\/v2\/categories?post=18249"},{"taxonomy":"post_tag","embeddable":true,"href":"https:\/\/jornalfatosenoticias.com.br\/index.php\/wp-json\/wp\/v2\/tags?post=18249"}],"curies":[{"name":"wp","href":"https:\/\/api.w.org\/{rel}","templated":true}]}}