{"id":18332,"date":"2021-05-19T16:25:20","date_gmt":"2021-05-19T19:25:20","guid":{"rendered":"https:\/\/jornalfatosenoticias.com.br\/?p=18332"},"modified":"2021-05-19T16:25:23","modified_gmt":"2021-05-19T19:25:23","slug":"programa-monitora-a-biodiversidade-da-costa-equatorial-amazonica-brasileira","status":"publish","type":"post","link":"https:\/\/jornalfatosenoticias.com.br\/index.php\/2021\/05\/19\/programa-monitora-a-biodiversidade-da-costa-equatorial-amazonica-brasileira\/","title":{"rendered":"Programa monitora a biodiversidade da costa equatorial amaz\u00f4nica brasileira"},"content":{"rendered":"\n<p><em><span class=\"has-inline-color has-black-color\">Projeto estuda um grande sistema de recifes que ocupam a plataforma continental m\u00e9dia e externa da regi\u00e3o da foz do rio Amazonas<\/span><\/em><\/p>\n\n\n\n<p>O Programa de Pesquisa Ecol\u00f3gica de Longa Dura\u00e7\u00e3o (PELD) do sistema de recifes mesof\u00f3ticos da foz do rio Amazonas (GARS) foi um dos contemplados pelo Conselho Nacional de Desenvolvimento Cient\u00edfico e Tecnol\u00f3gico (CNPq) na chamada 21\/2020. Com uma \u00e1rea potencial de mais de 56 mil km\u00b2, o GARS \u00e9 um grande sistema de recifes que ocupam a plataforma continental m\u00e9dia e externa da regi\u00e3o da foz do rio Amazonas.<br>Coordenado pelo professor Nils Edvin Asp Neto, vinculado ao Instituto de Estudos Costeiros do Campus Bragan\u00e7a da Universidade Federal do Par\u00e1 (UFPA), o projeto representa um grande avan\u00e7o para os estudos cient\u00edficos da regi\u00e3o e para o monitoramento ecol\u00f3gico da costa equatorial amaz\u00f4nica brasileira.<br>O projeto visa monitorar a biodiversidade em amplo aspecto no s\u00edtio do sistema recifal mesof\u00f3tico da foz do Rio Amazonas, suas rela\u00e7\u00f5es entre a din\u00e2mica de comunidades e as condi\u00e7\u00f5es ambientais, bem como os desdobramentos de sua exist\u00eancia e funcionalidade para os recursos pesqueiros da regi\u00e3o.<br>O monitoramento ecol\u00f3gico nesta \u00e1rea \u00e9 fundamental para que sejam entendidas as vari\u00e1veis respons\u00e1veis pela din\u00e2mica espa\u00e7o-temporal da biodiversidade marinha, no contexto da transfer\u00eancia e conex\u00e3o com a floresta amaz\u00f4nica, com os manguezais e com o oceano Atl\u00e2ntico.<br>Estudos sobre a biodiversidade no GARS s\u00e3o estrat\u00e9gicos do ponto de vista biogeogr\u00e1fico, j\u00e1 que a regi\u00e3o \u00e9 uma transi\u00e7\u00e3o entre duas prov\u00edncias: o Atl\u00e2ntico Sul Ocidental e o Caribe. A regi\u00e3o apresenta recursos pesqueiros abundantes, uma complexa e ampla cadeia produtiva associada e muito relevante socioeconomicamente para a Regi\u00e3o Norte do Brasil, logo esses recursos e sua explora\u00e7\u00e3o sustent\u00e1vel dependem do entendimento sobre o funcionamento do GARS e de estrat\u00e9gias efetivas para seu manejo e conserva\u00e7\u00e3o.<br>&#8220;O funcionamento deste esfor\u00e7o interinstitucional consiste na viabiliza\u00e7\u00e3o e realiza\u00e7\u00e3o de expedi\u00e7\u00f5es cient\u00edficas embarcadas para coleta de dados ecol\u00f3gicos, f\u00edsicos, biogeoqu\u00edmicos e de recursos pesqueiros envolvendo o GARS, para a correta compreens\u00e3o de seu funcionamento e import\u00e2ncia. Este processo s\u00f3 \u00e9 poss\u00edvel por meio do monitoramento de longa dura\u00e7\u00e3o, em que tamb\u00e9m s\u00e3o avaliados os eventuais impactos antr\u00f3picos e as necessidades de conserva\u00e7\u00e3o e\/ou recupera\u00e7\u00e3o. Al\u00e9m das expedi\u00e7\u00f5es, naturalmente um grande esfor\u00e7o laboratorial ser\u00e1 necess\u00e1rio, em que a UFPA desempenhar\u00e1 um papel essencial&#8221;, explica o professor Nils Asp, coordenador do PELD GARS.<br>A proposta conta com um cons\u00f3rcio de universidades dos tr\u00eas estados que abrangem a \u00e1rea da foz do Rio Amazonas: Par\u00e1 (UFPA e UFRA), Amap\u00e1 (Unifap e Ueap) e Maranh\u00e3o (UFMA e Uema), al\u00e9m de contar com a parceria estabelecida, expertise e infraestrutura da USP, UFRJ e UENF, da Regi\u00e3o Sudeste, e da UFC, UFRPE e UFPE, do Nordeste.<br>&#8220;A equipe do projeto \u00e9 muito abrangente e altamente qualificada, integrando praticamente todas as universidades da costa norte atuantes na regi\u00e3o em aspectos ecol\u00f3gicos e pesqueiros, contando com a parceria dos centros de excel\u00eancia do Sudeste e centros consolidados do Nordeste. Somente com um esfor\u00e7o interinstitucional, um desafio desta magnitude pode ser enfrentado&#8221;, pontua o coordenador.<\/p>\n\n\n\n<p><strong><em>Fonte: <a href=\"https:\/\/portalamazonia.com\/noticias\/inovacao-e-tecnologia\/programa-monitora-a-biodiversidade-da-costa-equatorial-amazonica-brasileira\">Portal Amaz\u00f4nia<\/a><\/em><\/strong><\/p>\n","protected":false},"excerpt":{"rendered":"<p>Projeto estuda um grande sistema de recifes que ocupam a plataforma continental m\u00e9dia e externa da regi\u00e3o da foz do rio Amazonas O Programa de Pesquisa Ecol\u00f3gica de Longa Dura\u00e7\u00e3o (PELD) do sistema de recifes mesof\u00f3ticos da foz do rio Amazonas (GARS) foi um dos contemplados pelo Conselho Nacional de Desenvolvimento Cient\u00edfico e Tecnol\u00f3gico (CNPq) [&hellip;]<\/p>\n","protected":false},"author":2,"featured_media":18333,"comment_status":"open","ping_status":"open","sticky":false,"template":"","format":"standard","meta":{"footnotes":""},"categories":[8],"tags":[123,9072,9073,911,734,198,2064],"class_list":["post-18332","post","type-post","status-publish","format-standard","has-post-thumbnail","hentry","category-meio-ambiente","tag-amazonia","tag-corais-da-amazonia","tag-gars","tag-inovacao","tag-sustentabilidade","tag-tecnologia","tag-ufpa"],"yoast_head":"<!-- This site is optimized with the Yoast SEO plugin v26.5 - https:\/\/yoast.com\/wordpress\/plugins\/seo\/ -->\n<title>Programa monitora a biodiversidade da costa equatorial amaz\u00f4nica brasileira - Jornal Fatos e Not\u00edcias<\/title>\n<meta name=\"robots\" content=\"index, follow, max-snippet:-1, max-image-preview:large, max-video-preview:-1\" \/>\n<link rel=\"canonical\" href=\"https:\/\/jornalfatosenoticias.com.br\/index.php\/2021\/05\/19\/programa-monitora-a-biodiversidade-da-costa-equatorial-amazonica-brasileira\/\" \/>\n<meta property=\"og:locale\" content=\"pt_BR\" \/>\n<meta property=\"og:type\" content=\"article\" \/>\n<meta property=\"og:title\" content=\"Programa monitora a biodiversidade da costa equatorial amaz\u00f4nica brasileira - Jornal Fatos e Not\u00edcias\" \/>\n<meta property=\"og:description\" content=\"Projeto estuda um grande sistema de recifes que ocupam a plataforma continental m\u00e9dia e externa da regi\u00e3o da foz do rio Amazonas O Programa de Pesquisa Ecol\u00f3gica de Longa Dura\u00e7\u00e3o (PELD) do sistema de recifes mesof\u00f3ticos da foz do rio Amazonas (GARS) foi um dos contemplados pelo Conselho Nacional de Desenvolvimento Cient\u00edfico e Tecnol\u00f3gico (CNPq) [&hellip;]\" \/>\n<meta property=\"og:url\" content=\"https:\/\/jornalfatosenoticias.com.br\/index.php\/2021\/05\/19\/programa-monitora-a-biodiversidade-da-costa-equatorial-amazonica-brasileira\/\" \/>\n<meta property=\"og:site_name\" content=\"Jornal Fatos e Not\u00edcias\" \/>\n<meta property=\"article:published_time\" content=\"2021-05-19T19:25:20+00:00\" \/>\n<meta property=\"article:modified_time\" content=\"2021-05-19T19:25:23+00:00\" \/>\n<meta property=\"og:image\" content=\"https:\/\/jornalfatosenoticias.com.br\/wp-content\/uploads\/2021\/05\/biodiversidade.jpeg\" \/>\n\t<meta property=\"og:image:width\" content=\"1000\" \/>\n\t<meta property=\"og:image:height\" content=\"750\" \/>\n\t<meta property=\"og:image:type\" content=\"image\/jpeg\" \/>\n<meta name=\"author\" content=\"Luzimara Fernandes\" \/>\n<meta name=\"twitter:card\" content=\"summary_large_image\" \/>\n<meta name=\"twitter:label1\" content=\"Escrito por\" \/>\n\t<meta name=\"twitter:data1\" content=\"Luzimara Fernandes\" \/>\n\t<meta name=\"twitter:label2\" content=\"Est. tempo de leitura\" \/>\n\t<meta name=\"twitter:data2\" content=\"3 minutos\" \/>\n<script type=\"application\/ld+json\" class=\"yoast-schema-graph\">{\"@context\":\"https:\/\/schema.org\",\"@graph\":[{\"@type\":\"Article\",\"@id\":\"https:\/\/jornalfatosenoticias.com.br\/index.php\/2021\/05\/19\/programa-monitora-a-biodiversidade-da-costa-equatorial-amazonica-brasileira\/#article\",\"isPartOf\":{\"@id\":\"https:\/\/jornalfatosenoticias.com.br\/index.php\/2021\/05\/19\/programa-monitora-a-biodiversidade-da-costa-equatorial-amazonica-brasileira\/\"},\"author\":{\"name\":\"Luzimara Fernandes\",\"@id\":\"https:\/\/jornalfatosenoticias.com.br\/#\/schema\/person\/d63837fa13ac8666eb9e74e0985d6f81\"},\"headline\":\"Programa monitora a biodiversidade da costa equatorial amaz\u00f4nica brasileira\",\"datePublished\":\"2021-05-19T19:25:20+00:00\",\"dateModified\":\"2021-05-19T19:25:23+00:00\",\"mainEntityOfPage\":{\"@id\":\"https:\/\/jornalfatosenoticias.com.br\/index.php\/2021\/05\/19\/programa-monitora-a-biodiversidade-da-costa-equatorial-amazonica-brasileira\/\"},\"wordCount\":585,\"commentCount\":0,\"publisher\":{\"@id\":\"https:\/\/jornalfatosenoticias.com.br\/#organization\"},\"image\":{\"@id\":\"https:\/\/jornalfatosenoticias.com.br\/index.php\/2021\/05\/19\/programa-monitora-a-biodiversidade-da-costa-equatorial-amazonica-brasileira\/#primaryimage\"},\"thumbnailUrl\":\"https:\/\/jornalfatosenoticias.com.br\/wp-content\/uploads\/2021\/05\/biodiversidade.jpeg\",\"keywords\":[\"amaz\u00f4nia\",\"corais da Amaz\u00f4nia\",\"GARS\",\"inova\u00e7\u00e3o\",\"sustentabilidade\",\"tecnologia\",\"UFPA\"],\"articleSection\":[\"Meio ambiente\"],\"inLanguage\":\"pt-BR\",\"potentialAction\":[{\"@type\":\"CommentAction\",\"name\":\"Comment\",\"target\":[\"https:\/\/jornalfatosenoticias.com.br\/index.php\/2021\/05\/19\/programa-monitora-a-biodiversidade-da-costa-equatorial-amazonica-brasileira\/#respond\"]}]},{\"@type\":\"WebPage\",\"@id\":\"https:\/\/jornalfatosenoticias.com.br\/index.php\/2021\/05\/19\/programa-monitora-a-biodiversidade-da-costa-equatorial-amazonica-brasileira\/\",\"url\":\"https:\/\/jornalfatosenoticias.com.br\/index.php\/2021\/05\/19\/programa-monitora-a-biodiversidade-da-costa-equatorial-amazonica-brasileira\/\",\"name\":\"Programa monitora a biodiversidade da costa equatorial amaz\u00f4nica brasileira - Jornal Fatos e Not\u00edcias\",\"isPartOf\":{\"@id\":\"https:\/\/jornalfatosenoticias.com.br\/#website\"},\"primaryImageOfPage\":{\"@id\":\"https:\/\/jornalfatosenoticias.com.br\/index.php\/2021\/05\/19\/programa-monitora-a-biodiversidade-da-costa-equatorial-amazonica-brasileira\/#primaryimage\"},\"image\":{\"@id\":\"https:\/\/jornalfatosenoticias.com.br\/index.php\/2021\/05\/19\/programa-monitora-a-biodiversidade-da-costa-equatorial-amazonica-brasileira\/#primaryimage\"},\"thumbnailUrl\":\"https:\/\/jornalfatosenoticias.com.br\/wp-content\/uploads\/2021\/05\/biodiversidade.jpeg\",\"datePublished\":\"2021-05-19T19:25:20+00:00\",\"dateModified\":\"2021-05-19T19:25:23+00:00\",\"breadcrumb\":{\"@id\":\"https:\/\/jornalfatosenoticias.com.br\/index.php\/2021\/05\/19\/programa-monitora-a-biodiversidade-da-costa-equatorial-amazonica-brasileira\/#breadcrumb\"},\"inLanguage\":\"pt-BR\",\"potentialAction\":[{\"@type\":\"ReadAction\",\"target\":[\"https:\/\/jornalfatosenoticias.com.br\/index.php\/2021\/05\/19\/programa-monitora-a-biodiversidade-da-costa-equatorial-amazonica-brasileira\/\"]}]},{\"@type\":\"ImageObject\",\"inLanguage\":\"pt-BR\",\"@id\":\"https:\/\/jornalfatosenoticias.com.br\/index.php\/2021\/05\/19\/programa-monitora-a-biodiversidade-da-costa-equatorial-amazonica-brasileira\/#primaryimage\",\"url\":\"https:\/\/jornalfatosenoticias.com.br\/wp-content\/uploads\/2021\/05\/biodiversidade.jpeg\",\"contentUrl\":\"https:\/\/jornalfatosenoticias.com.br\/wp-content\/uploads\/2021\/05\/biodiversidade.jpeg\",\"width\":1000,\"height\":750},{\"@type\":\"BreadcrumbList\",\"@id\":\"https:\/\/jornalfatosenoticias.com.br\/index.php\/2021\/05\/19\/programa-monitora-a-biodiversidade-da-costa-equatorial-amazonica-brasileira\/#breadcrumb\",\"itemListElement\":[{\"@type\":\"ListItem\",\"position\":1,\"name\":\"In\u00edcio\",\"item\":\"https:\/\/jornalfatosenoticias.com.br\/\"},{\"@type\":\"ListItem\",\"position\":2,\"name\":\"Programa monitora a biodiversidade da costa equatorial amaz\u00f4nica brasileira\"}]},{\"@type\":\"WebSite\",\"@id\":\"https:\/\/jornalfatosenoticias.com.br\/#website\",\"url\":\"https:\/\/jornalfatosenoticias.com.br\/\",\"name\":\"Jornal Fatos e Not\u00edcias\",\"description\":\"Not\u00edcias em geral\",\"publisher\":{\"@id\":\"https:\/\/jornalfatosenoticias.com.br\/#organization\"},\"potentialAction\":[{\"@type\":\"SearchAction\",\"target\":{\"@type\":\"EntryPoint\",\"urlTemplate\":\"https:\/\/jornalfatosenoticias.com.br\/?s={search_term_string}\"},\"query-input\":{\"@type\":\"PropertyValueSpecification\",\"valueRequired\":true,\"valueName\":\"search_term_string\"}}],\"inLanguage\":\"pt-BR\"},{\"@type\":\"Organization\",\"@id\":\"https:\/\/jornalfatosenoticias.com.br\/#organization\",\"name\":\"Jornal Fatos e Not\u00edcias\",\"url\":\"https:\/\/jornalfatosenoticias.com.br\/\",\"logo\":{\"@type\":\"ImageObject\",\"inLanguage\":\"pt-BR\",\"@id\":\"https:\/\/jornalfatosenoticias.com.br\/#\/schema\/logo\/image\/\",\"url\":\"https:\/\/jornalfatosenoticias.com.br\/wp-content\/uploads\/2020\/02\/logo120.png\",\"contentUrl\":\"https:\/\/jornalfatosenoticias.com.br\/wp-content\/uploads\/2020\/02\/logo120.png\",\"width\":1227,\"height\":120,\"caption\":\"Jornal Fatos e Not\u00edcias\"},\"image\":{\"@id\":\"https:\/\/jornalfatosenoticias.com.br\/#\/schema\/logo\/image\/\"}},{\"@type\":\"Person\",\"@id\":\"https:\/\/jornalfatosenoticias.com.br\/#\/schema\/person\/d63837fa13ac8666eb9e74e0985d6f81\",\"name\":\"Luzimara Fernandes\",\"image\":{\"@type\":\"ImageObject\",\"inLanguage\":\"pt-BR\",\"@id\":\"https:\/\/jornalfatosenoticias.com.br\/#\/schema\/person\/image\/\",\"url\":\"https:\/\/jornalfatosenoticias.com.br\/wp-content\/uploads\/2025\/05\/EU_portal.jpg\",\"contentUrl\":\"https:\/\/jornalfatosenoticias.com.br\/wp-content\/uploads\/2025\/05\/EU_portal.jpg\",\"caption\":\"Luzimara Fernandes\"},\"description\":\"Jornalista MTB 2358-ES\",\"sameAs\":[\"https:\/\/jornalfatosenoticias.com.br\"],\"url\":\"https:\/\/jornalfatosenoticias.com.br\/index.php\/author\/luzimara\/\"}]}<\/script>\n<!-- \/ Yoast SEO plugin. -->","yoast_head_json":{"title":"Programa monitora a biodiversidade da costa equatorial amaz\u00f4nica brasileira - Jornal Fatos e Not\u00edcias","robots":{"index":"index","follow":"follow","max-snippet":"max-snippet:-1","max-image-preview":"max-image-preview:large","max-video-preview":"max-video-preview:-1"},"canonical":"https:\/\/jornalfatosenoticias.com.br\/index.php\/2021\/05\/19\/programa-monitora-a-biodiversidade-da-costa-equatorial-amazonica-brasileira\/","og_locale":"pt_BR","og_type":"article","og_title":"Programa monitora a biodiversidade da costa equatorial amaz\u00f4nica brasileira - Jornal Fatos e Not\u00edcias","og_description":"Projeto estuda um grande sistema de recifes que ocupam a plataforma continental m\u00e9dia e externa da regi\u00e3o da foz do rio Amazonas O Programa de Pesquisa Ecol\u00f3gica de Longa Dura\u00e7\u00e3o (PELD) do sistema de recifes mesof\u00f3ticos da foz do rio Amazonas (GARS) foi um dos contemplados pelo Conselho Nacional de Desenvolvimento Cient\u00edfico e Tecnol\u00f3gico (CNPq) [&hellip;]","og_url":"https:\/\/jornalfatosenoticias.com.br\/index.php\/2021\/05\/19\/programa-monitora-a-biodiversidade-da-costa-equatorial-amazonica-brasileira\/","og_site_name":"Jornal Fatos e Not\u00edcias","article_published_time":"2021-05-19T19:25:20+00:00","article_modified_time":"2021-05-19T19:25:23+00:00","og_image":[{"width":1000,"height":750,"url":"https:\/\/jornalfatosenoticias.com.br\/wp-content\/uploads\/2021\/05\/biodiversidade.jpeg","type":"image\/jpeg"}],"author":"Luzimara Fernandes","twitter_card":"summary_large_image","twitter_misc":{"Escrito por":"Luzimara Fernandes","Est. tempo de leitura":"3 minutos"},"schema":{"@context":"https:\/\/schema.org","@graph":[{"@type":"Article","@id":"https:\/\/jornalfatosenoticias.com.br\/index.php\/2021\/05\/19\/programa-monitora-a-biodiversidade-da-costa-equatorial-amazonica-brasileira\/#article","isPartOf":{"@id":"https:\/\/jornalfatosenoticias.com.br\/index.php\/2021\/05\/19\/programa-monitora-a-biodiversidade-da-costa-equatorial-amazonica-brasileira\/"},"author":{"name":"Luzimara Fernandes","@id":"https:\/\/jornalfatosenoticias.com.br\/#\/schema\/person\/d63837fa13ac8666eb9e74e0985d6f81"},"headline":"Programa monitora a biodiversidade da costa equatorial amaz\u00f4nica brasileira","datePublished":"2021-05-19T19:25:20+00:00","dateModified":"2021-05-19T19:25:23+00:00","mainEntityOfPage":{"@id":"https:\/\/jornalfatosenoticias.com.br\/index.php\/2021\/05\/19\/programa-monitora-a-biodiversidade-da-costa-equatorial-amazonica-brasileira\/"},"wordCount":585,"commentCount":0,"publisher":{"@id":"https:\/\/jornalfatosenoticias.com.br\/#organization"},"image":{"@id":"https:\/\/jornalfatosenoticias.com.br\/index.php\/2021\/05\/19\/programa-monitora-a-biodiversidade-da-costa-equatorial-amazonica-brasileira\/#primaryimage"},"thumbnailUrl":"https:\/\/jornalfatosenoticias.com.br\/wp-content\/uploads\/2021\/05\/biodiversidade.jpeg","keywords":["amaz\u00f4nia","corais da Amaz\u00f4nia","GARS","inova\u00e7\u00e3o","sustentabilidade","tecnologia","UFPA"],"articleSection":["Meio ambiente"],"inLanguage":"pt-BR","potentialAction":[{"@type":"CommentAction","name":"Comment","target":["https:\/\/jornalfatosenoticias.com.br\/index.php\/2021\/05\/19\/programa-monitora-a-biodiversidade-da-costa-equatorial-amazonica-brasileira\/#respond"]}]},{"@type":"WebPage","@id":"https:\/\/jornalfatosenoticias.com.br\/index.php\/2021\/05\/19\/programa-monitora-a-biodiversidade-da-costa-equatorial-amazonica-brasileira\/","url":"https:\/\/jornalfatosenoticias.com.br\/index.php\/2021\/05\/19\/programa-monitora-a-biodiversidade-da-costa-equatorial-amazonica-brasileira\/","name":"Programa monitora a biodiversidade da costa equatorial amaz\u00f4nica brasileira - Jornal Fatos e Not\u00edcias","isPartOf":{"@id":"https:\/\/jornalfatosenoticias.com.br\/#website"},"primaryImageOfPage":{"@id":"https:\/\/jornalfatosenoticias.com.br\/index.php\/2021\/05\/19\/programa-monitora-a-biodiversidade-da-costa-equatorial-amazonica-brasileira\/#primaryimage"},"image":{"@id":"https:\/\/jornalfatosenoticias.com.br\/index.php\/2021\/05\/19\/programa-monitora-a-biodiversidade-da-costa-equatorial-amazonica-brasileira\/#primaryimage"},"thumbnailUrl":"https:\/\/jornalfatosenoticias.com.br\/wp-content\/uploads\/2021\/05\/biodiversidade.jpeg","datePublished":"2021-05-19T19:25:20+00:00","dateModified":"2021-05-19T19:25:23+00:00","breadcrumb":{"@id":"https:\/\/jornalfatosenoticias.com.br\/index.php\/2021\/05\/19\/programa-monitora-a-biodiversidade-da-costa-equatorial-amazonica-brasileira\/#breadcrumb"},"inLanguage":"pt-BR","potentialAction":[{"@type":"ReadAction","target":["https:\/\/jornalfatosenoticias.com.br\/index.php\/2021\/05\/19\/programa-monitora-a-biodiversidade-da-costa-equatorial-amazonica-brasileira\/"]}]},{"@type":"ImageObject","inLanguage":"pt-BR","@id":"https:\/\/jornalfatosenoticias.com.br\/index.php\/2021\/05\/19\/programa-monitora-a-biodiversidade-da-costa-equatorial-amazonica-brasileira\/#primaryimage","url":"https:\/\/jornalfatosenoticias.com.br\/wp-content\/uploads\/2021\/05\/biodiversidade.jpeg","contentUrl":"https:\/\/jornalfatosenoticias.com.br\/wp-content\/uploads\/2021\/05\/biodiversidade.jpeg","width":1000,"height":750},{"@type":"BreadcrumbList","@id":"https:\/\/jornalfatosenoticias.com.br\/index.php\/2021\/05\/19\/programa-monitora-a-biodiversidade-da-costa-equatorial-amazonica-brasileira\/#breadcrumb","itemListElement":[{"@type":"ListItem","position":1,"name":"In\u00edcio","item":"https:\/\/jornalfatosenoticias.com.br\/"},{"@type":"ListItem","position":2,"name":"Programa monitora a biodiversidade da costa equatorial amaz\u00f4nica brasileira"}]},{"@type":"WebSite","@id":"https:\/\/jornalfatosenoticias.com.br\/#website","url":"https:\/\/jornalfatosenoticias.com.br\/","name":"Jornal Fatos e Not\u00edcias","description":"Not\u00edcias em geral","publisher":{"@id":"https:\/\/jornalfatosenoticias.com.br\/#organization"},"potentialAction":[{"@type":"SearchAction","target":{"@type":"EntryPoint","urlTemplate":"https:\/\/jornalfatosenoticias.com.br\/?s={search_term_string}"},"query-input":{"@type":"PropertyValueSpecification","valueRequired":true,"valueName":"search_term_string"}}],"inLanguage":"pt-BR"},{"@type":"Organization","@id":"https:\/\/jornalfatosenoticias.com.br\/#organization","name":"Jornal Fatos e Not\u00edcias","url":"https:\/\/jornalfatosenoticias.com.br\/","logo":{"@type":"ImageObject","inLanguage":"pt-BR","@id":"https:\/\/jornalfatosenoticias.com.br\/#\/schema\/logo\/image\/","url":"https:\/\/jornalfatosenoticias.com.br\/wp-content\/uploads\/2020\/02\/logo120.png","contentUrl":"https:\/\/jornalfatosenoticias.com.br\/wp-content\/uploads\/2020\/02\/logo120.png","width":1227,"height":120,"caption":"Jornal Fatos e Not\u00edcias"},"image":{"@id":"https:\/\/jornalfatosenoticias.com.br\/#\/schema\/logo\/image\/"}},{"@type":"Person","@id":"https:\/\/jornalfatosenoticias.com.br\/#\/schema\/person\/d63837fa13ac8666eb9e74e0985d6f81","name":"Luzimara Fernandes","image":{"@type":"ImageObject","inLanguage":"pt-BR","@id":"https:\/\/jornalfatosenoticias.com.br\/#\/schema\/person\/image\/","url":"https:\/\/jornalfatosenoticias.com.br\/wp-content\/uploads\/2025\/05\/EU_portal.jpg","contentUrl":"https:\/\/jornalfatosenoticias.com.br\/wp-content\/uploads\/2025\/05\/EU_portal.jpg","caption":"Luzimara Fernandes"},"description":"Jornalista MTB 2358-ES","sameAs":["https:\/\/jornalfatosenoticias.com.br"],"url":"https:\/\/jornalfatosenoticias.com.br\/index.php\/author\/luzimara\/"}]}},"cc_featured_image_caption":{"caption_text":"(Foto: Divulga\u00e7\u00e3o\/Greenpeace Brasil) ","source_text":"","source_url":""},"jetpack_featured_media_url":"https:\/\/jornalfatosenoticias.com.br\/wp-content\/uploads\/2021\/05\/biodiversidade.jpeg","_links":{"self":[{"href":"https:\/\/jornalfatosenoticias.com.br\/index.php\/wp-json\/wp\/v2\/posts\/18332","targetHints":{"allow":["GET"]}}],"collection":[{"href":"https:\/\/jornalfatosenoticias.com.br\/index.php\/wp-json\/wp\/v2\/posts"}],"about":[{"href":"https:\/\/jornalfatosenoticias.com.br\/index.php\/wp-json\/wp\/v2\/types\/post"}],"author":[{"embeddable":true,"href":"https:\/\/jornalfatosenoticias.com.br\/index.php\/wp-json\/wp\/v2\/users\/2"}],"replies":[{"embeddable":true,"href":"https:\/\/jornalfatosenoticias.com.br\/index.php\/wp-json\/wp\/v2\/comments?post=18332"}],"version-history":[{"count":0,"href":"https:\/\/jornalfatosenoticias.com.br\/index.php\/wp-json\/wp\/v2\/posts\/18332\/revisions"}],"wp:featuredmedia":[{"embeddable":true,"href":"https:\/\/jornalfatosenoticias.com.br\/index.php\/wp-json\/wp\/v2\/media\/18333"}],"wp:attachment":[{"href":"https:\/\/jornalfatosenoticias.com.br\/index.php\/wp-json\/wp\/v2\/media?parent=18332"}],"wp:term":[{"taxonomy":"category","embeddable":true,"href":"https:\/\/jornalfatosenoticias.com.br\/index.php\/wp-json\/wp\/v2\/categories?post=18332"},{"taxonomy":"post_tag","embeddable":true,"href":"https:\/\/jornalfatosenoticias.com.br\/index.php\/wp-json\/wp\/v2\/tags?post=18332"}],"curies":[{"name":"wp","href":"https:\/\/api.w.org\/{rel}","templated":true}]}}