{"id":18399,"date":"2021-05-21T16:00:57","date_gmt":"2021-05-21T19:00:57","guid":{"rendered":"https:\/\/jornalfatosenoticias.com.br\/?p=18399"},"modified":"2021-05-21T16:01:00","modified_gmt":"2021-05-21T19:01:00","slug":"festival-internacional-de-cinema-de-pedra-azul","status":"publish","type":"post","link":"https:\/\/jornalfatosenoticias.com.br\/index.php\/2021\/05\/21\/festival-internacional-de-cinema-de-pedra-azul\/","title":{"rendered":"Festival Internacional de Cinema de Pedra Azul"},"content":{"rendered":"\n<p><em><span class=\"has-inline-color has-black-color\">A Mostra apresenta edi\u00e7\u00e3o especial e gratuita e ir\u00e1 exibir filmes de v\u00e1rios estados brasileiros<\/span><\/em><\/p>\n\n\n\n<p>Uma edi\u00e7\u00e3o especial de um dos festivais mais charmosos do Esp\u00edrito Santo est\u00e1 chegando! O <strong>FestCine Pedra Azul &#8211; Mostra Digital &#8211; Tr\u00eas Anos de Mem\u00f3rias<\/strong> apresenta uma retrospectiva das primeiras edi\u00e7\u00f5es do evento. O festival acontece entre os dias 22 e 23 de maio, s\u00e1bado e domingo, em formato on-line e gratuito.<br>A programa\u00e7\u00e3o exibir\u00e1 14 curtas-metragens, que est\u00e3o divididos em duas sess\u00f5es n\u00e3o competitivas: <strong>Mostra Digital &#8211; <strong>Tr\u00eas<\/strong> Anos de Mem\u00f3ria<\/strong>, que acontece no s\u00e1bado (22), a partir das 19 horas; e\u00a0<strong>Projeto Cinema na Escola<\/strong>, que ser\u00e1 exibido no domingo (23), \u00e0s 09 horas. Os filmes ser\u00e3o transmitidos por meio do site do\u00a0<strong>FestCine Pedra Azul\u00a0<\/strong>(<a href=\"http:\/\/www.festcinepedraazul.com.br\/\" target=\"_blank\" rel=\"noreferrer noopener\">www.festcinepedraazul.com.br<\/a>) e ficar\u00e3o dispon\u00edveis por 24 horas.<br>O diretor do festival, Marcoz Gomez, comemorou a possibilidade de realizar essa nova edi\u00e7\u00e3o do evento. \u201cEm meio \u00e0 toda dificuldade que nos cerca nos tempos atuais, n\u00f3s do FestCine Pedra Azul n\u00e3o desistimos e \u00e9 um orgulho muito grande poder produzir a Mostra Digital \u2014 Tr\u00eas Anos de Mem\u00f3ria. Temos certeza de que ser\u00e1 mais um sucesso, fortalecendo ainda mais nosso festival, divulgando o Estado do Esp\u00edrito Santo e disseminando a cultura brasileira dentro e fora do Pa\u00eds, atrav\u00e9s das exibi\u00e7\u00f5es on-line\u201d, destacou.<br>\u201cO FestCine Pedra Azul \u00e9 um evento que se consolida a cada ano. Um espa\u00e7o de fomento do audiovisual de v\u00e1rias partes do Brasil e do mundo. Essa mostra retrospectiva \u00e9 uma nova oportunidade de conferir o talento e a criatividade da produ\u00e7\u00e3o recente do audiovisual brasileiro\u201d, disse a diretora-executiva do evento, L\u00facia Caus.<br>Com realiza\u00e7\u00e3o da <strong>Galp\u00e3o Produ\u00e7\u00f5es Art\u00edsticas e Culturais\u00a0<\/strong>e\u00a0<strong>Tower Filmes<\/strong>, o Projeto conta com recursos da\u00a0<strong>Lei Aldir Blanc<\/strong>, via\u00a0<strong>Edital de Sele\u00e7\u00e3o de Projetos e Concess\u00e3o de Pr\u00eamio Artes Integradas 2020<\/strong>, por interm\u00e9dio da\u00a0<strong>Secretaria da Cultura\u00a0<\/strong>(<strong>Secult<\/strong>), direcionada pela\u00a0<strong>Secretaria Especial da Cultura do Minist\u00e9rio do Turismo<\/strong>,\u00a0<strong>Governo Federal<\/strong>.<\/p>\n\n\n\n<p><strong><span class=\"has-inline-color has-black-color\">Programa\u00e7\u00e3o<br><\/span><\/strong>A programa\u00e7\u00e3o do FestCine Pedra Azul \u2014 Mostra Digital \u2014 Tr\u00eas Anos de Mem\u00f3rias re\u00fane 14 filmes, de v\u00e1rios estados brasileiros, divididos em duas janelas: Mostra Digital \u2014 Tr\u00eas Anos de Mem\u00f3ria e Projeto Cinema na Escola. As obras revisitam as edi\u00e7\u00f5es anteriores do Festival e exibem os filmes mais marcantes desses tr\u00eas anos de evento.<br>A <strong>Mostra Digital &#8211; Tr\u00eas Anos de Mem\u00f3ria\u00a0<\/strong>re\u00fane seis filmes, com tradu\u00e7\u00e3o em libras, que apresentam um recorte da criatividade e da pluralidade da produ\u00e7\u00e3o recente do cinema brasileiro a partir da curadoria realizada no FestCine Pedra Azul. S\u00e3o eles:\u00a0<strong>A Mesa no Deserto<\/strong>, de Diego Scarparo;\u00a0<strong>A Volta para Casa<\/strong>, de Diego Freitas;\u00a0<strong>Cuida de Mim<\/strong>; de Liziane Bortolatto;\u00a0<strong>Entreolhares<\/strong>, de Ivann Willig;\u00a0<strong>Lucia Voltou a Fumar<\/strong>, de Iuri Bermudes; e\u00a0<strong>Nova Iorque<\/strong>, de Leo Tabosa.<br>Na mostra <strong>Projeto Cinema na Escola<\/strong>, que tem classifica\u00e7\u00e3o indicativa livre, as exibi\u00e7\u00f5es s\u00e3o voltadas para o p\u00fablico escolar com filmes que podem ser assistidos por toda a fam\u00edlia. A janela, que exibe oito produ\u00e7\u00f5es, \u00e9 uma ferramenta educacional que oportuniza aos alunos o acesso ao conhecimento da linguagem audiovisual e estimula o debate inter e transdisciplinar em torno das tem\u00e1ticas atuais apresentadas atrav\u00e9s dos filmes.<br>Os filmes da sess\u00e3o tamb\u00e9m foram exibidos nas edi\u00e7\u00f5es anteriores do FestCine Pedra Azul. S\u00e3o eles: <strong>A Piscina de Ca\u00edque<\/strong>, de Raphael Gustavo da Silva;\u00a0<strong>O Vale<\/strong>, de Guilherme Fernandes e Lucas Bogo;\u00a0<strong>A Semente do Ler e do Contar<\/strong>, de Edson Carvalho;\u00a0<strong>Vinillis Frutiferis<\/strong>, de Victorhugo Passabon Amorim;\u00a0<strong>Hornzz<\/strong>, de Lena Franzz;\u00a0<strong>Fotografias<\/strong>, de Marcelo Giannini;\u00a0<strong>Liga da Mata<\/strong>, de Sergio Kalili; e\u00a0<strong>Segunda Guerra Mundial<\/strong>, de Rhuan Prado Suhett.<\/p>\n\n\n\n<p><strong><em>Fonte: <a href=\"https:\/\/secult.es.gov.br\/Not%C3%ADcia\/festcine-pedra-azul-mostra-digital-3-anos-de-memorias-exibe-retrospectiva-das-tres-primeiras-edicoes-do-evento-em-formato-on-line\">Secult-ES<\/a><\/em><\/strong><\/p>\n","protected":false},"excerpt":{"rendered":"<p>A Mostra apresenta edi\u00e7\u00e3o especial e gratuita e ir\u00e1 exibir filmes de v\u00e1rios estados brasileiros Uma edi\u00e7\u00e3o especial de um dos festivais mais charmosos do Esp\u00edrito Santo est\u00e1 chegando! O FestCine Pedra Azul &#8211; Mostra Digital &#8211; Tr\u00eas Anos de Mem\u00f3rias apresenta uma retrospectiva das primeiras edi\u00e7\u00f5es do evento. O festival acontece entre os dias [&hellip;]<\/p>\n","protected":false},"author":2,"featured_media":18400,"comment_status":"open","ping_status":"open","sticky":false,"template":"","format":"standard","meta":{"footnotes":""},"categories":[4],"tags":[9102,9104,2507,9103],"class_list":["post-18399","post","type-post","status-publish","format-standard","has-post-thumbnail","hentry","category-cultura","tag-festcine-pedra-azul","tag-festival-de-cinema","tag-filmes","tag-mostra-digital"],"yoast_head":"<!-- This site is optimized with the Yoast SEO plugin v26.5 - https:\/\/yoast.com\/wordpress\/plugins\/seo\/ -->\n<title>Festival Internacional de Cinema de Pedra Azul - Jornal Fatos e Not\u00edcias<\/title>\n<meta name=\"robots\" content=\"index, follow, max-snippet:-1, max-image-preview:large, max-video-preview:-1\" \/>\n<link rel=\"canonical\" href=\"https:\/\/jornalfatosenoticias.com.br\/index.php\/2021\/05\/21\/festival-internacional-de-cinema-de-pedra-azul\/\" \/>\n<meta property=\"og:locale\" content=\"pt_BR\" \/>\n<meta property=\"og:type\" content=\"article\" \/>\n<meta property=\"og:title\" content=\"Festival Internacional de Cinema de Pedra Azul - Jornal Fatos e Not\u00edcias\" \/>\n<meta property=\"og:description\" content=\"A Mostra apresenta edi\u00e7\u00e3o especial e gratuita e ir\u00e1 exibir filmes de v\u00e1rios estados brasileiros Uma edi\u00e7\u00e3o especial de um dos festivais mais charmosos do Esp\u00edrito Santo est\u00e1 chegando! O FestCine Pedra Azul &#8211; Mostra Digital &#8211; Tr\u00eas Anos de Mem\u00f3rias apresenta uma retrospectiva das primeiras edi\u00e7\u00f5es do evento. O festival acontece entre os dias [&hellip;]\" \/>\n<meta property=\"og:url\" content=\"https:\/\/jornalfatosenoticias.com.br\/index.php\/2021\/05\/21\/festival-internacional-de-cinema-de-pedra-azul\/\" \/>\n<meta property=\"og:site_name\" content=\"Jornal Fatos e Not\u00edcias\" \/>\n<meta property=\"article:published_time\" content=\"2021-05-21T19:00:57+00:00\" \/>\n<meta property=\"article:modified_time\" content=\"2021-05-21T19:01:00+00:00\" \/>\n<meta property=\"og:image\" content=\"https:\/\/jornalfatosenoticias.com.br\/wp-content\/uploads\/2021\/05\/FestCine-Pedra-Azul.jpg\" \/>\n\t<meta property=\"og:image:width\" content=\"1000\" \/>\n\t<meta property=\"og:image:height\" content=\"453\" \/>\n\t<meta property=\"og:image:type\" content=\"image\/jpeg\" \/>\n<meta name=\"author\" content=\"Luzimara Fernandes\" \/>\n<meta name=\"twitter:card\" content=\"summary_large_image\" \/>\n<meta name=\"twitter:label1\" content=\"Escrito por\" \/>\n\t<meta name=\"twitter:data1\" content=\"Luzimara Fernandes\" \/>\n\t<meta name=\"twitter:label2\" content=\"Est. tempo de leitura\" \/>\n\t<meta name=\"twitter:data2\" content=\"3 minutos\" \/>\n<script type=\"application\/ld+json\" class=\"yoast-schema-graph\">{\"@context\":\"https:\/\/schema.org\",\"@graph\":[{\"@type\":\"Article\",\"@id\":\"https:\/\/jornalfatosenoticias.com.br\/index.php\/2021\/05\/21\/festival-internacional-de-cinema-de-pedra-azul\/#article\",\"isPartOf\":{\"@id\":\"https:\/\/jornalfatosenoticias.com.br\/index.php\/2021\/05\/21\/festival-internacional-de-cinema-de-pedra-azul\/\"},\"author\":{\"name\":\"Luzimara Fernandes\",\"@id\":\"https:\/\/jornalfatosenoticias.com.br\/#\/schema\/person\/d63837fa13ac8666eb9e74e0985d6f81\"},\"headline\":\"Festival Internacional de Cinema de Pedra Azul\",\"datePublished\":\"2021-05-21T19:00:57+00:00\",\"dateModified\":\"2021-05-21T19:01:00+00:00\",\"mainEntityOfPage\":{\"@id\":\"https:\/\/jornalfatosenoticias.com.br\/index.php\/2021\/05\/21\/festival-internacional-de-cinema-de-pedra-azul\/\"},\"wordCount\":655,\"commentCount\":0,\"publisher\":{\"@id\":\"https:\/\/jornalfatosenoticias.com.br\/#organization\"},\"image\":{\"@id\":\"https:\/\/jornalfatosenoticias.com.br\/index.php\/2021\/05\/21\/festival-internacional-de-cinema-de-pedra-azul\/#primaryimage\"},\"thumbnailUrl\":\"https:\/\/jornalfatosenoticias.com.br\/wp-content\/uploads\/2021\/05\/FestCine-Pedra-Azul.jpg\",\"keywords\":[\"FestCine Pedra Azul\",\"festival de cinema\",\"filmes\",\"mostra digital\"],\"articleSection\":[\"Cultura\"],\"inLanguage\":\"pt-BR\",\"potentialAction\":[{\"@type\":\"CommentAction\",\"name\":\"Comment\",\"target\":[\"https:\/\/jornalfatosenoticias.com.br\/index.php\/2021\/05\/21\/festival-internacional-de-cinema-de-pedra-azul\/#respond\"]}]},{\"@type\":\"WebPage\",\"@id\":\"https:\/\/jornalfatosenoticias.com.br\/index.php\/2021\/05\/21\/festival-internacional-de-cinema-de-pedra-azul\/\",\"url\":\"https:\/\/jornalfatosenoticias.com.br\/index.php\/2021\/05\/21\/festival-internacional-de-cinema-de-pedra-azul\/\",\"name\":\"Festival Internacional de Cinema de Pedra Azul - Jornal Fatos e Not\u00edcias\",\"isPartOf\":{\"@id\":\"https:\/\/jornalfatosenoticias.com.br\/#website\"},\"primaryImageOfPage\":{\"@id\":\"https:\/\/jornalfatosenoticias.com.br\/index.php\/2021\/05\/21\/festival-internacional-de-cinema-de-pedra-azul\/#primaryimage\"},\"image\":{\"@id\":\"https:\/\/jornalfatosenoticias.com.br\/index.php\/2021\/05\/21\/festival-internacional-de-cinema-de-pedra-azul\/#primaryimage\"},\"thumbnailUrl\":\"https:\/\/jornalfatosenoticias.com.br\/wp-content\/uploads\/2021\/05\/FestCine-Pedra-Azul.jpg\",\"datePublished\":\"2021-05-21T19:00:57+00:00\",\"dateModified\":\"2021-05-21T19:01:00+00:00\",\"breadcrumb\":{\"@id\":\"https:\/\/jornalfatosenoticias.com.br\/index.php\/2021\/05\/21\/festival-internacional-de-cinema-de-pedra-azul\/#breadcrumb\"},\"inLanguage\":\"pt-BR\",\"potentialAction\":[{\"@type\":\"ReadAction\",\"target\":[\"https:\/\/jornalfatosenoticias.com.br\/index.php\/2021\/05\/21\/festival-internacional-de-cinema-de-pedra-azul\/\"]}]},{\"@type\":\"ImageObject\",\"inLanguage\":\"pt-BR\",\"@id\":\"https:\/\/jornalfatosenoticias.com.br\/index.php\/2021\/05\/21\/festival-internacional-de-cinema-de-pedra-azul\/#primaryimage\",\"url\":\"https:\/\/jornalfatosenoticias.com.br\/wp-content\/uploads\/2021\/05\/FestCine-Pedra-Azul.jpg\",\"contentUrl\":\"https:\/\/jornalfatosenoticias.com.br\/wp-content\/uploads\/2021\/05\/FestCine-Pedra-Azul.jpg\",\"width\":1000,\"height\":453},{\"@type\":\"BreadcrumbList\",\"@id\":\"https:\/\/jornalfatosenoticias.com.br\/index.php\/2021\/05\/21\/festival-internacional-de-cinema-de-pedra-azul\/#breadcrumb\",\"itemListElement\":[{\"@type\":\"ListItem\",\"position\":1,\"name\":\"In\u00edcio\",\"item\":\"https:\/\/jornalfatosenoticias.com.br\/\"},{\"@type\":\"ListItem\",\"position\":2,\"name\":\"Festival Internacional de Cinema de Pedra Azul\"}]},{\"@type\":\"WebSite\",\"@id\":\"https:\/\/jornalfatosenoticias.com.br\/#website\",\"url\":\"https:\/\/jornalfatosenoticias.com.br\/\",\"name\":\"Jornal Fatos e Not\u00edcias\",\"description\":\"Not\u00edcias em geral\",\"publisher\":{\"@id\":\"https:\/\/jornalfatosenoticias.com.br\/#organization\"},\"potentialAction\":[{\"@type\":\"SearchAction\",\"target\":{\"@type\":\"EntryPoint\",\"urlTemplate\":\"https:\/\/jornalfatosenoticias.com.br\/?s={search_term_string}\"},\"query-input\":{\"@type\":\"PropertyValueSpecification\",\"valueRequired\":true,\"valueName\":\"search_term_string\"}}],\"inLanguage\":\"pt-BR\"},{\"@type\":\"Organization\",\"@id\":\"https:\/\/jornalfatosenoticias.com.br\/#organization\",\"name\":\"Jornal Fatos e Not\u00edcias\",\"url\":\"https:\/\/jornalfatosenoticias.com.br\/\",\"logo\":{\"@type\":\"ImageObject\",\"inLanguage\":\"pt-BR\",\"@id\":\"https:\/\/jornalfatosenoticias.com.br\/#\/schema\/logo\/image\/\",\"url\":\"https:\/\/jornalfatosenoticias.com.br\/wp-content\/uploads\/2020\/02\/logo120.png\",\"contentUrl\":\"https:\/\/jornalfatosenoticias.com.br\/wp-content\/uploads\/2020\/02\/logo120.png\",\"width\":1227,\"height\":120,\"caption\":\"Jornal Fatos e Not\u00edcias\"},\"image\":{\"@id\":\"https:\/\/jornalfatosenoticias.com.br\/#\/schema\/logo\/image\/\"}},{\"@type\":\"Person\",\"@id\":\"https:\/\/jornalfatosenoticias.com.br\/#\/schema\/person\/d63837fa13ac8666eb9e74e0985d6f81\",\"name\":\"Luzimara Fernandes\",\"image\":{\"@type\":\"ImageObject\",\"inLanguage\":\"pt-BR\",\"@id\":\"https:\/\/jornalfatosenoticias.com.br\/#\/schema\/person\/image\/\",\"url\":\"https:\/\/jornalfatosenoticias.com.br\/wp-content\/uploads\/2025\/05\/EU_portal.jpg\",\"contentUrl\":\"https:\/\/jornalfatosenoticias.com.br\/wp-content\/uploads\/2025\/05\/EU_portal.jpg\",\"caption\":\"Luzimara Fernandes\"},\"description\":\"Jornalista MTB 2358-ES\",\"sameAs\":[\"https:\/\/jornalfatosenoticias.com.br\"],\"url\":\"https:\/\/jornalfatosenoticias.com.br\/index.php\/author\/luzimara\/\"}]}<\/script>\n<!-- \/ Yoast SEO plugin. -->","yoast_head_json":{"title":"Festival Internacional de Cinema de Pedra Azul - Jornal Fatos e Not\u00edcias","robots":{"index":"index","follow":"follow","max-snippet":"max-snippet:-1","max-image-preview":"max-image-preview:large","max-video-preview":"max-video-preview:-1"},"canonical":"https:\/\/jornalfatosenoticias.com.br\/index.php\/2021\/05\/21\/festival-internacional-de-cinema-de-pedra-azul\/","og_locale":"pt_BR","og_type":"article","og_title":"Festival Internacional de Cinema de Pedra Azul - Jornal Fatos e Not\u00edcias","og_description":"A Mostra apresenta edi\u00e7\u00e3o especial e gratuita e ir\u00e1 exibir filmes de v\u00e1rios estados brasileiros Uma edi\u00e7\u00e3o especial de um dos festivais mais charmosos do Esp\u00edrito Santo est\u00e1 chegando! O FestCine Pedra Azul &#8211; Mostra Digital &#8211; Tr\u00eas Anos de Mem\u00f3rias apresenta uma retrospectiva das primeiras edi\u00e7\u00f5es do evento. O festival acontece entre os dias [&hellip;]","og_url":"https:\/\/jornalfatosenoticias.com.br\/index.php\/2021\/05\/21\/festival-internacional-de-cinema-de-pedra-azul\/","og_site_name":"Jornal Fatos e Not\u00edcias","article_published_time":"2021-05-21T19:00:57+00:00","article_modified_time":"2021-05-21T19:01:00+00:00","og_image":[{"width":1000,"height":453,"url":"https:\/\/jornalfatosenoticias.com.br\/wp-content\/uploads\/2021\/05\/FestCine-Pedra-Azul.jpg","type":"image\/jpeg"}],"author":"Luzimara Fernandes","twitter_card":"summary_large_image","twitter_misc":{"Escrito por":"Luzimara Fernandes","Est. tempo de leitura":"3 minutos"},"schema":{"@context":"https:\/\/schema.org","@graph":[{"@type":"Article","@id":"https:\/\/jornalfatosenoticias.com.br\/index.php\/2021\/05\/21\/festival-internacional-de-cinema-de-pedra-azul\/#article","isPartOf":{"@id":"https:\/\/jornalfatosenoticias.com.br\/index.php\/2021\/05\/21\/festival-internacional-de-cinema-de-pedra-azul\/"},"author":{"name":"Luzimara Fernandes","@id":"https:\/\/jornalfatosenoticias.com.br\/#\/schema\/person\/d63837fa13ac8666eb9e74e0985d6f81"},"headline":"Festival Internacional de Cinema de Pedra Azul","datePublished":"2021-05-21T19:00:57+00:00","dateModified":"2021-05-21T19:01:00+00:00","mainEntityOfPage":{"@id":"https:\/\/jornalfatosenoticias.com.br\/index.php\/2021\/05\/21\/festival-internacional-de-cinema-de-pedra-azul\/"},"wordCount":655,"commentCount":0,"publisher":{"@id":"https:\/\/jornalfatosenoticias.com.br\/#organization"},"image":{"@id":"https:\/\/jornalfatosenoticias.com.br\/index.php\/2021\/05\/21\/festival-internacional-de-cinema-de-pedra-azul\/#primaryimage"},"thumbnailUrl":"https:\/\/jornalfatosenoticias.com.br\/wp-content\/uploads\/2021\/05\/FestCine-Pedra-Azul.jpg","keywords":["FestCine Pedra Azul","festival de cinema","filmes","mostra digital"],"articleSection":["Cultura"],"inLanguage":"pt-BR","potentialAction":[{"@type":"CommentAction","name":"Comment","target":["https:\/\/jornalfatosenoticias.com.br\/index.php\/2021\/05\/21\/festival-internacional-de-cinema-de-pedra-azul\/#respond"]}]},{"@type":"WebPage","@id":"https:\/\/jornalfatosenoticias.com.br\/index.php\/2021\/05\/21\/festival-internacional-de-cinema-de-pedra-azul\/","url":"https:\/\/jornalfatosenoticias.com.br\/index.php\/2021\/05\/21\/festival-internacional-de-cinema-de-pedra-azul\/","name":"Festival Internacional de Cinema de Pedra Azul - Jornal Fatos e Not\u00edcias","isPartOf":{"@id":"https:\/\/jornalfatosenoticias.com.br\/#website"},"primaryImageOfPage":{"@id":"https:\/\/jornalfatosenoticias.com.br\/index.php\/2021\/05\/21\/festival-internacional-de-cinema-de-pedra-azul\/#primaryimage"},"image":{"@id":"https:\/\/jornalfatosenoticias.com.br\/index.php\/2021\/05\/21\/festival-internacional-de-cinema-de-pedra-azul\/#primaryimage"},"thumbnailUrl":"https:\/\/jornalfatosenoticias.com.br\/wp-content\/uploads\/2021\/05\/FestCine-Pedra-Azul.jpg","datePublished":"2021-05-21T19:00:57+00:00","dateModified":"2021-05-21T19:01:00+00:00","breadcrumb":{"@id":"https:\/\/jornalfatosenoticias.com.br\/index.php\/2021\/05\/21\/festival-internacional-de-cinema-de-pedra-azul\/#breadcrumb"},"inLanguage":"pt-BR","potentialAction":[{"@type":"ReadAction","target":["https:\/\/jornalfatosenoticias.com.br\/index.php\/2021\/05\/21\/festival-internacional-de-cinema-de-pedra-azul\/"]}]},{"@type":"ImageObject","inLanguage":"pt-BR","@id":"https:\/\/jornalfatosenoticias.com.br\/index.php\/2021\/05\/21\/festival-internacional-de-cinema-de-pedra-azul\/#primaryimage","url":"https:\/\/jornalfatosenoticias.com.br\/wp-content\/uploads\/2021\/05\/FestCine-Pedra-Azul.jpg","contentUrl":"https:\/\/jornalfatosenoticias.com.br\/wp-content\/uploads\/2021\/05\/FestCine-Pedra-Azul.jpg","width":1000,"height":453},{"@type":"BreadcrumbList","@id":"https:\/\/jornalfatosenoticias.com.br\/index.php\/2021\/05\/21\/festival-internacional-de-cinema-de-pedra-azul\/#breadcrumb","itemListElement":[{"@type":"ListItem","position":1,"name":"In\u00edcio","item":"https:\/\/jornalfatosenoticias.com.br\/"},{"@type":"ListItem","position":2,"name":"Festival Internacional de Cinema de Pedra Azul"}]},{"@type":"WebSite","@id":"https:\/\/jornalfatosenoticias.com.br\/#website","url":"https:\/\/jornalfatosenoticias.com.br\/","name":"Jornal Fatos e Not\u00edcias","description":"Not\u00edcias em geral","publisher":{"@id":"https:\/\/jornalfatosenoticias.com.br\/#organization"},"potentialAction":[{"@type":"SearchAction","target":{"@type":"EntryPoint","urlTemplate":"https:\/\/jornalfatosenoticias.com.br\/?s={search_term_string}"},"query-input":{"@type":"PropertyValueSpecification","valueRequired":true,"valueName":"search_term_string"}}],"inLanguage":"pt-BR"},{"@type":"Organization","@id":"https:\/\/jornalfatosenoticias.com.br\/#organization","name":"Jornal Fatos e Not\u00edcias","url":"https:\/\/jornalfatosenoticias.com.br\/","logo":{"@type":"ImageObject","inLanguage":"pt-BR","@id":"https:\/\/jornalfatosenoticias.com.br\/#\/schema\/logo\/image\/","url":"https:\/\/jornalfatosenoticias.com.br\/wp-content\/uploads\/2020\/02\/logo120.png","contentUrl":"https:\/\/jornalfatosenoticias.com.br\/wp-content\/uploads\/2020\/02\/logo120.png","width":1227,"height":120,"caption":"Jornal Fatos e Not\u00edcias"},"image":{"@id":"https:\/\/jornalfatosenoticias.com.br\/#\/schema\/logo\/image\/"}},{"@type":"Person","@id":"https:\/\/jornalfatosenoticias.com.br\/#\/schema\/person\/d63837fa13ac8666eb9e74e0985d6f81","name":"Luzimara Fernandes","image":{"@type":"ImageObject","inLanguage":"pt-BR","@id":"https:\/\/jornalfatosenoticias.com.br\/#\/schema\/person\/image\/","url":"https:\/\/jornalfatosenoticias.com.br\/wp-content\/uploads\/2025\/05\/EU_portal.jpg","contentUrl":"https:\/\/jornalfatosenoticias.com.br\/wp-content\/uploads\/2025\/05\/EU_portal.jpg","caption":"Luzimara Fernandes"},"description":"Jornalista MTB 2358-ES","sameAs":["https:\/\/jornalfatosenoticias.com.br"],"url":"https:\/\/jornalfatosenoticias.com.br\/index.php\/author\/luzimara\/"}]}},"cc_featured_image_caption":{"caption_text":"(Foto: Divulga\u00e7\u00e3o) ","source_text":"","source_url":""},"jetpack_featured_media_url":"https:\/\/jornalfatosenoticias.com.br\/wp-content\/uploads\/2021\/05\/FestCine-Pedra-Azul.jpg","_links":{"self":[{"href":"https:\/\/jornalfatosenoticias.com.br\/index.php\/wp-json\/wp\/v2\/posts\/18399","targetHints":{"allow":["GET"]}}],"collection":[{"href":"https:\/\/jornalfatosenoticias.com.br\/index.php\/wp-json\/wp\/v2\/posts"}],"about":[{"href":"https:\/\/jornalfatosenoticias.com.br\/index.php\/wp-json\/wp\/v2\/types\/post"}],"author":[{"embeddable":true,"href":"https:\/\/jornalfatosenoticias.com.br\/index.php\/wp-json\/wp\/v2\/users\/2"}],"replies":[{"embeddable":true,"href":"https:\/\/jornalfatosenoticias.com.br\/index.php\/wp-json\/wp\/v2\/comments?post=18399"}],"version-history":[{"count":0,"href":"https:\/\/jornalfatosenoticias.com.br\/index.php\/wp-json\/wp\/v2\/posts\/18399\/revisions"}],"wp:featuredmedia":[{"embeddable":true,"href":"https:\/\/jornalfatosenoticias.com.br\/index.php\/wp-json\/wp\/v2\/media\/18400"}],"wp:attachment":[{"href":"https:\/\/jornalfatosenoticias.com.br\/index.php\/wp-json\/wp\/v2\/media?parent=18399"}],"wp:term":[{"taxonomy":"category","embeddable":true,"href":"https:\/\/jornalfatosenoticias.com.br\/index.php\/wp-json\/wp\/v2\/categories?post=18399"},{"taxonomy":"post_tag","embeddable":true,"href":"https:\/\/jornalfatosenoticias.com.br\/index.php\/wp-json\/wp\/v2\/tags?post=18399"}],"curies":[{"name":"wp","href":"https:\/\/api.w.org\/{rel}","templated":true}]}}