{"id":1840,"date":"2020-03-09T09:08:11","date_gmt":"2020-03-09T12:08:11","guid":{"rendered":"https:\/\/jornalfatosenoticias.com.br\/?p=1840"},"modified":"2020-03-09T09:26:41","modified_gmt":"2020-03-09T12:26:41","slug":"brasil-confirma-mais-seis-casos-de-coronavirus-total-de-25-pacientes","status":"publish","type":"post","link":"https:\/\/jornalfatosenoticias.com.br\/index.php\/2020\/03\/09\/brasil-confirma-mais-seis-casos-de-coronavirus-total-de-25-pacientes\/","title":{"rendered":"Brasil confirma mais seis casos de coronav\u00edrus; total de 25 pacientes"},"content":{"rendered":"\n<h6 class=\"wp-block-heading\"><em>Atualmente, 664 casos s\u00e3o considerados suspeitos e outras 632 pessoas j\u00e1 foram descartadas como portadoras do Covid-19<\/em><\/h6>\n\n\n\n<p>O Minist\u00e9rio da Sa\u00fade confirmou ontem (8) mais seis novos casos de coronav\u00edrus no Pa\u00eds, totalizando 25 casos at\u00e9 o momento. Dos novos registros, tr\u00eas est\u00e3o em S\u00e3o Paulo, um em Alagoas, um no Rio de Janeiro e um em Minas Gerais.<br>\nCinco desses casos foram de pessoas que se contaminaram fora do pa\u00eds. O outro caso, um dos tr\u00eas de S\u00e3o Paulo, \u00e9 de uma contamina\u00e7\u00e3o local, ou seja, quando \u00e9 poss\u00edvel identificar a fonte do cont\u00e1gio. Segundo a Secretaria de Sa\u00fade do estado, os tr\u00eas novos casos do estado est\u00e3o est\u00e1veis e em isolamento domiciliar.<br>\nNo caso do paciente do Rio de Janeiro, trata-se de uma mulher de 42 anos, moradora no munic\u00edpio do Rio, que acompanhou em viagem \u00e0 It\u00e1lia uma pessoa j\u00e1 confirmada como positiva para o coronav\u00edrus. Ela retornou do exterior na \u00faltima quarta-feira (4). Os primeiros sinais apareceram no dia seguinte \u00e0 sua chegada ao Brasil. Essa mulher tamb\u00e9m est\u00e1 em isolamento domiciliar.<br>\nAtualmente, 664 casos s\u00e3o considerados suspeitos e outras 632 pessoas j\u00e1 foram descartadas como portadoras do Covid-19. O minist\u00e9rio recebe as notifica\u00e7\u00f5es de suspeitas das secretarias estaduais de sa\u00fade. Da mesma forma, s\u00e3o as secretarias que confirmam os casos, sendo que a contraprova deve ser realizada por laborat\u00f3rios atestados pelo governo federal.<br>\nPara combater a doen\u00e7a, as dicas s\u00e3o cobrir a boca e o nariz ao tossir e espirrar; utilizar len\u00e7o descart\u00e1vel para higiene nasal; evitar tocar as mucosas de olhos, nariz e boca; limpar regularmente o ambiente e mant\u00ea-lo ventilado; lavar as m\u00e3os por pelo menos 20 segundos com \u00e1gua e sab\u00e3o ou usar \u00e1lcool gel.<\/p>\n\n\n\n<p><strong><em>Fonte: Ag\u00eancia Brasil<\/em><\/strong><\/p>\n","protected":false},"excerpt":{"rendered":"<p>Atualmente, 664 casos s\u00e3o considerados suspeitos e outras 632 pessoas j\u00e1 foram descartadas como portadoras do Covid-19 O Minist\u00e9rio da Sa\u00fade confirmou ontem (8) mais seis novos casos de coronav\u00edrus no Pa\u00eds, totalizando 25 casos at\u00e9 o momento. Dos novos registros, tr\u00eas est\u00e3o em S\u00e3o Paulo, um em Alagoas, um no Rio de Janeiro e [&hellip;]<\/p>\n","protected":false},"author":2,"featured_media":1841,"comment_status":"open","ping_status":"open","sticky":false,"template":"","format":"standard","meta":{"footnotes":""},"categories":[11],"tags":[392,394,393],"class_list":["post-1840","post","type-post","status-publish","format-standard","has-post-thumbnail","hentry","category-saude","tag-contaminacao","tag-doenca","tag-isolamento"],"yoast_head":"<!-- This site is optimized with the Yoast SEO plugin v26.5 - https:\/\/yoast.com\/wordpress\/plugins\/seo\/ -->\n<title>Brasil confirma mais seis casos de coronav\u00edrus; total de 25 pacientes - Jornal Fatos e Not\u00edcias<\/title>\n<meta name=\"robots\" content=\"index, follow, max-snippet:-1, max-image-preview:large, max-video-preview:-1\" \/>\n<link rel=\"canonical\" href=\"https:\/\/jornalfatosenoticias.com.br\/index.php\/2020\/03\/09\/brasil-confirma-mais-seis-casos-de-coronavirus-total-de-25-pacientes\/\" \/>\n<meta property=\"og:locale\" content=\"pt_BR\" \/>\n<meta property=\"og:type\" content=\"article\" \/>\n<meta property=\"og:title\" content=\"Brasil confirma mais seis casos de coronav\u00edrus; total de 25 pacientes - Jornal Fatos e Not\u00edcias\" \/>\n<meta property=\"og:description\" content=\"Atualmente, 664 casos s\u00e3o considerados suspeitos e outras 632 pessoas j\u00e1 foram descartadas como portadoras do Covid-19 O Minist\u00e9rio da Sa\u00fade confirmou ontem (8) mais seis novos casos de coronav\u00edrus no Pa\u00eds, totalizando 25 casos at\u00e9 o momento. Dos novos registros, tr\u00eas est\u00e3o em S\u00e3o Paulo, um em Alagoas, um no Rio de Janeiro e [&hellip;]\" \/>\n<meta property=\"og:url\" content=\"https:\/\/jornalfatosenoticias.com.br\/index.php\/2020\/03\/09\/brasil-confirma-mais-seis-casos-de-coronavirus-total-de-25-pacientes\/\" \/>\n<meta property=\"og:site_name\" content=\"Jornal Fatos e Not\u00edcias\" \/>\n<meta property=\"article:published_time\" content=\"2020-03-09T12:08:11+00:00\" \/>\n<meta property=\"article:modified_time\" content=\"2020-03-09T12:26:41+00:00\" \/>\n<meta property=\"og:image\" content=\"https:\/\/jornalfatosenoticias.com.br\/wp-content\/uploads\/2020\/03\/coronavirus.jpg\" \/>\n\t<meta property=\"og:image:width\" content=\"1110\" \/>\n\t<meta property=\"og:image:height\" content=\"664\" \/>\n\t<meta property=\"og:image:type\" content=\"image\/jpeg\" \/>\n<meta name=\"author\" content=\"Luzimara Fernandes\" \/>\n<meta name=\"twitter:card\" content=\"summary_large_image\" \/>\n<meta name=\"twitter:label1\" content=\"Escrito por\" \/>\n\t<meta name=\"twitter:data1\" content=\"Luzimara Fernandes\" \/>\n\t<meta name=\"twitter:label2\" content=\"Est. tempo de leitura\" \/>\n\t<meta name=\"twitter:data2\" content=\"2 minutos\" \/>\n<script type=\"application\/ld+json\" class=\"yoast-schema-graph\">{\"@context\":\"https:\/\/schema.org\",\"@graph\":[{\"@type\":\"Article\",\"@id\":\"https:\/\/jornalfatosenoticias.com.br\/index.php\/2020\/03\/09\/brasil-confirma-mais-seis-casos-de-coronavirus-total-de-25-pacientes\/#article\",\"isPartOf\":{\"@id\":\"https:\/\/jornalfatosenoticias.com.br\/index.php\/2020\/03\/09\/brasil-confirma-mais-seis-casos-de-coronavirus-total-de-25-pacientes\/\"},\"author\":{\"name\":\"Luzimara Fernandes\",\"@id\":\"https:\/\/jornalfatosenoticias.com.br\/#\/schema\/person\/d63837fa13ac8666eb9e74e0985d6f81\"},\"headline\":\"Brasil confirma mais seis casos de coronav\u00edrus; total de 25 pacientes\",\"datePublished\":\"2020-03-09T12:08:11+00:00\",\"dateModified\":\"2020-03-09T12:26:41+00:00\",\"mainEntityOfPage\":{\"@id\":\"https:\/\/jornalfatosenoticias.com.br\/index.php\/2020\/03\/09\/brasil-confirma-mais-seis-casos-de-coronavirus-total-de-25-pacientes\/\"},\"wordCount\":320,\"commentCount\":0,\"publisher\":{\"@id\":\"https:\/\/jornalfatosenoticias.com.br\/#organization\"},\"image\":{\"@id\":\"https:\/\/jornalfatosenoticias.com.br\/index.php\/2020\/03\/09\/brasil-confirma-mais-seis-casos-de-coronavirus-total-de-25-pacientes\/#primaryimage\"},\"thumbnailUrl\":\"https:\/\/jornalfatosenoticias.com.br\/wp-content\/uploads\/2020\/03\/coronavirus.jpg\",\"keywords\":[\"contamina\u00e7\u00e3o\",\"doen\u00e7a\",\"isolamento\"],\"articleSection\":[\"Sa\u00fade\"],\"inLanguage\":\"pt-BR\",\"potentialAction\":[{\"@type\":\"CommentAction\",\"name\":\"Comment\",\"target\":[\"https:\/\/jornalfatosenoticias.com.br\/index.php\/2020\/03\/09\/brasil-confirma-mais-seis-casos-de-coronavirus-total-de-25-pacientes\/#respond\"]}]},{\"@type\":\"WebPage\",\"@id\":\"https:\/\/jornalfatosenoticias.com.br\/index.php\/2020\/03\/09\/brasil-confirma-mais-seis-casos-de-coronavirus-total-de-25-pacientes\/\",\"url\":\"https:\/\/jornalfatosenoticias.com.br\/index.php\/2020\/03\/09\/brasil-confirma-mais-seis-casos-de-coronavirus-total-de-25-pacientes\/\",\"name\":\"Brasil confirma mais seis casos de coronav\u00edrus; total de 25 pacientes - Jornal Fatos e Not\u00edcias\",\"isPartOf\":{\"@id\":\"https:\/\/jornalfatosenoticias.com.br\/#website\"},\"primaryImageOfPage\":{\"@id\":\"https:\/\/jornalfatosenoticias.com.br\/index.php\/2020\/03\/09\/brasil-confirma-mais-seis-casos-de-coronavirus-total-de-25-pacientes\/#primaryimage\"},\"image\":{\"@id\":\"https:\/\/jornalfatosenoticias.com.br\/index.php\/2020\/03\/09\/brasil-confirma-mais-seis-casos-de-coronavirus-total-de-25-pacientes\/#primaryimage\"},\"thumbnailUrl\":\"https:\/\/jornalfatosenoticias.com.br\/wp-content\/uploads\/2020\/03\/coronavirus.jpg\",\"datePublished\":\"2020-03-09T12:08:11+00:00\",\"dateModified\":\"2020-03-09T12:26:41+00:00\",\"breadcrumb\":{\"@id\":\"https:\/\/jornalfatosenoticias.com.br\/index.php\/2020\/03\/09\/brasil-confirma-mais-seis-casos-de-coronavirus-total-de-25-pacientes\/#breadcrumb\"},\"inLanguage\":\"pt-BR\",\"potentialAction\":[{\"@type\":\"ReadAction\",\"target\":[\"https:\/\/jornalfatosenoticias.com.br\/index.php\/2020\/03\/09\/brasil-confirma-mais-seis-casos-de-coronavirus-total-de-25-pacientes\/\"]}]},{\"@type\":\"ImageObject\",\"inLanguage\":\"pt-BR\",\"@id\":\"https:\/\/jornalfatosenoticias.com.br\/index.php\/2020\/03\/09\/brasil-confirma-mais-seis-casos-de-coronavirus-total-de-25-pacientes\/#primaryimage\",\"url\":\"https:\/\/jornalfatosenoticias.com.br\/wp-content\/uploads\/2020\/03\/coronavirus.jpg\",\"contentUrl\":\"https:\/\/jornalfatosenoticias.com.br\/wp-content\/uploads\/2020\/03\/coronavirus.jpg\",\"width\":1110,\"height\":664,\"caption\":\"Medidas de prote\u00e7\u00e3o contra poss\u00edveis infec\u00e7\u00f5es por cornoav\u00edrus sendo mostradas na cl\u00ednica universit\u00e1ria de Essen\"},{\"@type\":\"BreadcrumbList\",\"@id\":\"https:\/\/jornalfatosenoticias.com.br\/index.php\/2020\/03\/09\/brasil-confirma-mais-seis-casos-de-coronavirus-total-de-25-pacientes\/#breadcrumb\",\"itemListElement\":[{\"@type\":\"ListItem\",\"position\":1,\"name\":\"In\u00edcio\",\"item\":\"https:\/\/jornalfatosenoticias.com.br\/\"},{\"@type\":\"ListItem\",\"position\":2,\"name\":\"Brasil confirma mais seis casos de coronav\u00edrus; total de 25 pacientes\"}]},{\"@type\":\"WebSite\",\"@id\":\"https:\/\/jornalfatosenoticias.com.br\/#website\",\"url\":\"https:\/\/jornalfatosenoticias.com.br\/\",\"name\":\"Jornal Fatos e Not\u00edcias\",\"description\":\"Not\u00edcias em geral\",\"publisher\":{\"@id\":\"https:\/\/jornalfatosenoticias.com.br\/#organization\"},\"potentialAction\":[{\"@type\":\"SearchAction\",\"target\":{\"@type\":\"EntryPoint\",\"urlTemplate\":\"https:\/\/jornalfatosenoticias.com.br\/?s={search_term_string}\"},\"query-input\":{\"@type\":\"PropertyValueSpecification\",\"valueRequired\":true,\"valueName\":\"search_term_string\"}}],\"inLanguage\":\"pt-BR\"},{\"@type\":\"Organization\",\"@id\":\"https:\/\/jornalfatosenoticias.com.br\/#organization\",\"name\":\"Jornal Fatos e Not\u00edcias\",\"url\":\"https:\/\/jornalfatosenoticias.com.br\/\",\"logo\":{\"@type\":\"ImageObject\",\"inLanguage\":\"pt-BR\",\"@id\":\"https:\/\/jornalfatosenoticias.com.br\/#\/schema\/logo\/image\/\",\"url\":\"https:\/\/jornalfatosenoticias.com.br\/wp-content\/uploads\/2020\/02\/logo120.png\",\"contentUrl\":\"https:\/\/jornalfatosenoticias.com.br\/wp-content\/uploads\/2020\/02\/logo120.png\",\"width\":1227,\"height\":120,\"caption\":\"Jornal Fatos e Not\u00edcias\"},\"image\":{\"@id\":\"https:\/\/jornalfatosenoticias.com.br\/#\/schema\/logo\/image\/\"}},{\"@type\":\"Person\",\"@id\":\"https:\/\/jornalfatosenoticias.com.br\/#\/schema\/person\/d63837fa13ac8666eb9e74e0985d6f81\",\"name\":\"Luzimara Fernandes\",\"image\":{\"@type\":\"ImageObject\",\"inLanguage\":\"pt-BR\",\"@id\":\"https:\/\/jornalfatosenoticias.com.br\/#\/schema\/person\/image\/\",\"url\":\"https:\/\/jornalfatosenoticias.com.br\/wp-content\/uploads\/2025\/05\/EU_portal.jpg\",\"contentUrl\":\"https:\/\/jornalfatosenoticias.com.br\/wp-content\/uploads\/2025\/05\/EU_portal.jpg\",\"caption\":\"Luzimara Fernandes\"},\"description\":\"Jornalista MTB 2358-ES\",\"sameAs\":[\"https:\/\/jornalfatosenoticias.com.br\"],\"url\":\"https:\/\/jornalfatosenoticias.com.br\/index.php\/author\/luzimara\/\"}]}<\/script>\n<!-- \/ Yoast SEO plugin. -->","yoast_head_json":{"title":"Brasil confirma mais seis casos de coronav\u00edrus; total de 25 pacientes - Jornal Fatos e Not\u00edcias","robots":{"index":"index","follow":"follow","max-snippet":"max-snippet:-1","max-image-preview":"max-image-preview:large","max-video-preview":"max-video-preview:-1"},"canonical":"https:\/\/jornalfatosenoticias.com.br\/index.php\/2020\/03\/09\/brasil-confirma-mais-seis-casos-de-coronavirus-total-de-25-pacientes\/","og_locale":"pt_BR","og_type":"article","og_title":"Brasil confirma mais seis casos de coronav\u00edrus; total de 25 pacientes - Jornal Fatos e Not\u00edcias","og_description":"Atualmente, 664 casos s\u00e3o considerados suspeitos e outras 632 pessoas j\u00e1 foram descartadas como portadoras do Covid-19 O Minist\u00e9rio da Sa\u00fade confirmou ontem (8) mais seis novos casos de coronav\u00edrus no Pa\u00eds, totalizando 25 casos at\u00e9 o momento. Dos novos registros, tr\u00eas est\u00e3o em S\u00e3o Paulo, um em Alagoas, um no Rio de Janeiro e [&hellip;]","og_url":"https:\/\/jornalfatosenoticias.com.br\/index.php\/2020\/03\/09\/brasil-confirma-mais-seis-casos-de-coronavirus-total-de-25-pacientes\/","og_site_name":"Jornal Fatos e Not\u00edcias","article_published_time":"2020-03-09T12:08:11+00:00","article_modified_time":"2020-03-09T12:26:41+00:00","og_image":[{"width":1110,"height":664,"url":"https:\/\/jornalfatosenoticias.com.br\/wp-content\/uploads\/2020\/03\/coronavirus.jpg","type":"image\/jpeg"}],"author":"Luzimara Fernandes","twitter_card":"summary_large_image","twitter_misc":{"Escrito por":"Luzimara Fernandes","Est. tempo de leitura":"2 minutos"},"schema":{"@context":"https:\/\/schema.org","@graph":[{"@type":"Article","@id":"https:\/\/jornalfatosenoticias.com.br\/index.php\/2020\/03\/09\/brasil-confirma-mais-seis-casos-de-coronavirus-total-de-25-pacientes\/#article","isPartOf":{"@id":"https:\/\/jornalfatosenoticias.com.br\/index.php\/2020\/03\/09\/brasil-confirma-mais-seis-casos-de-coronavirus-total-de-25-pacientes\/"},"author":{"name":"Luzimara Fernandes","@id":"https:\/\/jornalfatosenoticias.com.br\/#\/schema\/person\/d63837fa13ac8666eb9e74e0985d6f81"},"headline":"Brasil confirma mais seis casos de coronav\u00edrus; total de 25 pacientes","datePublished":"2020-03-09T12:08:11+00:00","dateModified":"2020-03-09T12:26:41+00:00","mainEntityOfPage":{"@id":"https:\/\/jornalfatosenoticias.com.br\/index.php\/2020\/03\/09\/brasil-confirma-mais-seis-casos-de-coronavirus-total-de-25-pacientes\/"},"wordCount":320,"commentCount":0,"publisher":{"@id":"https:\/\/jornalfatosenoticias.com.br\/#organization"},"image":{"@id":"https:\/\/jornalfatosenoticias.com.br\/index.php\/2020\/03\/09\/brasil-confirma-mais-seis-casos-de-coronavirus-total-de-25-pacientes\/#primaryimage"},"thumbnailUrl":"https:\/\/jornalfatosenoticias.com.br\/wp-content\/uploads\/2020\/03\/coronavirus.jpg","keywords":["contamina\u00e7\u00e3o","doen\u00e7a","isolamento"],"articleSection":["Sa\u00fade"],"inLanguage":"pt-BR","potentialAction":[{"@type":"CommentAction","name":"Comment","target":["https:\/\/jornalfatosenoticias.com.br\/index.php\/2020\/03\/09\/brasil-confirma-mais-seis-casos-de-coronavirus-total-de-25-pacientes\/#respond"]}]},{"@type":"WebPage","@id":"https:\/\/jornalfatosenoticias.com.br\/index.php\/2020\/03\/09\/brasil-confirma-mais-seis-casos-de-coronavirus-total-de-25-pacientes\/","url":"https:\/\/jornalfatosenoticias.com.br\/index.php\/2020\/03\/09\/brasil-confirma-mais-seis-casos-de-coronavirus-total-de-25-pacientes\/","name":"Brasil confirma mais seis casos de coronav\u00edrus; total de 25 pacientes - Jornal Fatos e Not\u00edcias","isPartOf":{"@id":"https:\/\/jornalfatosenoticias.com.br\/#website"},"primaryImageOfPage":{"@id":"https:\/\/jornalfatosenoticias.com.br\/index.php\/2020\/03\/09\/brasil-confirma-mais-seis-casos-de-coronavirus-total-de-25-pacientes\/#primaryimage"},"image":{"@id":"https:\/\/jornalfatosenoticias.com.br\/index.php\/2020\/03\/09\/brasil-confirma-mais-seis-casos-de-coronavirus-total-de-25-pacientes\/#primaryimage"},"thumbnailUrl":"https:\/\/jornalfatosenoticias.com.br\/wp-content\/uploads\/2020\/03\/coronavirus.jpg","datePublished":"2020-03-09T12:08:11+00:00","dateModified":"2020-03-09T12:26:41+00:00","breadcrumb":{"@id":"https:\/\/jornalfatosenoticias.com.br\/index.php\/2020\/03\/09\/brasil-confirma-mais-seis-casos-de-coronavirus-total-de-25-pacientes\/#breadcrumb"},"inLanguage":"pt-BR","potentialAction":[{"@type":"ReadAction","target":["https:\/\/jornalfatosenoticias.com.br\/index.php\/2020\/03\/09\/brasil-confirma-mais-seis-casos-de-coronavirus-total-de-25-pacientes\/"]}]},{"@type":"ImageObject","inLanguage":"pt-BR","@id":"https:\/\/jornalfatosenoticias.com.br\/index.php\/2020\/03\/09\/brasil-confirma-mais-seis-casos-de-coronavirus-total-de-25-pacientes\/#primaryimage","url":"https:\/\/jornalfatosenoticias.com.br\/wp-content\/uploads\/2020\/03\/coronavirus.jpg","contentUrl":"https:\/\/jornalfatosenoticias.com.br\/wp-content\/uploads\/2020\/03\/coronavirus.jpg","width":1110,"height":664,"caption":"Medidas de prote\u00e7\u00e3o contra poss\u00edveis infec\u00e7\u00f5es por cornoav\u00edrus sendo mostradas na cl\u00ednica universit\u00e1ria de Essen"},{"@type":"BreadcrumbList","@id":"https:\/\/jornalfatosenoticias.com.br\/index.php\/2020\/03\/09\/brasil-confirma-mais-seis-casos-de-coronavirus-total-de-25-pacientes\/#breadcrumb","itemListElement":[{"@type":"ListItem","position":1,"name":"In\u00edcio","item":"https:\/\/jornalfatosenoticias.com.br\/"},{"@type":"ListItem","position":2,"name":"Brasil confirma mais seis casos de coronav\u00edrus; total de 25 pacientes"}]},{"@type":"WebSite","@id":"https:\/\/jornalfatosenoticias.com.br\/#website","url":"https:\/\/jornalfatosenoticias.com.br\/","name":"Jornal Fatos e Not\u00edcias","description":"Not\u00edcias em geral","publisher":{"@id":"https:\/\/jornalfatosenoticias.com.br\/#organization"},"potentialAction":[{"@type":"SearchAction","target":{"@type":"EntryPoint","urlTemplate":"https:\/\/jornalfatosenoticias.com.br\/?s={search_term_string}"},"query-input":{"@type":"PropertyValueSpecification","valueRequired":true,"valueName":"search_term_string"}}],"inLanguage":"pt-BR"},{"@type":"Organization","@id":"https:\/\/jornalfatosenoticias.com.br\/#organization","name":"Jornal Fatos e Not\u00edcias","url":"https:\/\/jornalfatosenoticias.com.br\/","logo":{"@type":"ImageObject","inLanguage":"pt-BR","@id":"https:\/\/jornalfatosenoticias.com.br\/#\/schema\/logo\/image\/","url":"https:\/\/jornalfatosenoticias.com.br\/wp-content\/uploads\/2020\/02\/logo120.png","contentUrl":"https:\/\/jornalfatosenoticias.com.br\/wp-content\/uploads\/2020\/02\/logo120.png","width":1227,"height":120,"caption":"Jornal Fatos e Not\u00edcias"},"image":{"@id":"https:\/\/jornalfatosenoticias.com.br\/#\/schema\/logo\/image\/"}},{"@type":"Person","@id":"https:\/\/jornalfatosenoticias.com.br\/#\/schema\/person\/d63837fa13ac8666eb9e74e0985d6f81","name":"Luzimara Fernandes","image":{"@type":"ImageObject","inLanguage":"pt-BR","@id":"https:\/\/jornalfatosenoticias.com.br\/#\/schema\/person\/image\/","url":"https:\/\/jornalfatosenoticias.com.br\/wp-content\/uploads\/2025\/05\/EU_portal.jpg","contentUrl":"https:\/\/jornalfatosenoticias.com.br\/wp-content\/uploads\/2025\/05\/EU_portal.jpg","caption":"Luzimara Fernandes"},"description":"Jornalista MTB 2358-ES","sameAs":["https:\/\/jornalfatosenoticias.com.br"],"url":"https:\/\/jornalfatosenoticias.com.br\/index.php\/author\/luzimara\/"}]}},"cc_featured_image_caption":{"caption_text":"Os novos casos do Covid-19 s\u00e3o de SP, AL, RJ e MG (Foto: \u00a9Reuters\/Wolfgang Rattay\/Direitos reservados)","source_text":"","source_url":""},"jetpack_featured_media_url":"https:\/\/jornalfatosenoticias.com.br\/wp-content\/uploads\/2020\/03\/coronavirus.jpg","_links":{"self":[{"href":"https:\/\/jornalfatosenoticias.com.br\/index.php\/wp-json\/wp\/v2\/posts\/1840","targetHints":{"allow":["GET"]}}],"collection":[{"href":"https:\/\/jornalfatosenoticias.com.br\/index.php\/wp-json\/wp\/v2\/posts"}],"about":[{"href":"https:\/\/jornalfatosenoticias.com.br\/index.php\/wp-json\/wp\/v2\/types\/post"}],"author":[{"embeddable":true,"href":"https:\/\/jornalfatosenoticias.com.br\/index.php\/wp-json\/wp\/v2\/users\/2"}],"replies":[{"embeddable":true,"href":"https:\/\/jornalfatosenoticias.com.br\/index.php\/wp-json\/wp\/v2\/comments?post=1840"}],"version-history":[{"count":0,"href":"https:\/\/jornalfatosenoticias.com.br\/index.php\/wp-json\/wp\/v2\/posts\/1840\/revisions"}],"wp:featuredmedia":[{"embeddable":true,"href":"https:\/\/jornalfatosenoticias.com.br\/index.php\/wp-json\/wp\/v2\/media\/1841"}],"wp:attachment":[{"href":"https:\/\/jornalfatosenoticias.com.br\/index.php\/wp-json\/wp\/v2\/media?parent=1840"}],"wp:term":[{"taxonomy":"category","embeddable":true,"href":"https:\/\/jornalfatosenoticias.com.br\/index.php\/wp-json\/wp\/v2\/categories?post=1840"},{"taxonomy":"post_tag","embeddable":true,"href":"https:\/\/jornalfatosenoticias.com.br\/index.php\/wp-json\/wp\/v2\/tags?post=1840"}],"curies":[{"name":"wp","href":"https:\/\/api.w.org\/{rel}","templated":true}]}}