{"id":18402,"date":"2021-05-21T16:06:55","date_gmt":"2021-05-21T19:06:55","guid":{"rendered":"https:\/\/jornalfatosenoticias.com.br\/?p=18402"},"modified":"2021-05-21T16:06:55","modified_gmt":"2021-05-21T19:06:55","slug":"vacina-majeski-indica-prioridade-a-lactante-e-ao-responsavel-por-pessoa-com-deficiencia-intelectual","status":"publish","type":"post","link":"https:\/\/jornalfatosenoticias.com.br\/index.php\/2021\/05\/21\/vacina-majeski-indica-prioridade-a-lactante-e-ao-responsavel-por-pessoa-com-deficiencia-intelectual\/","title":{"rendered":"Vacina: Majeski indica prioridade \u00e0 lactante e ao respons\u00e1vel por pessoa com defici\u00eancia intelectual"},"content":{"rendered":"\n<p>Presidente da Frente Parlamentar de Apoio \u00e0 Inclus\u00e3o, \u00e0 Acessibilidade e \u00e0 Cidadania das Pessoas com Defici\u00eancia, o deputado estadual S\u00e9rgio Majeski (PSB) apresentou indica\u00e7\u00e3o ao governo do Estado para que sejam inclu\u00eddos no grupo priorit\u00e1rio da vacina\u00e7\u00e3o contra a covid-19 os pais ou respons\u00e1veis por pessoas com defici\u00eancia intelectual.<\/p>\n\n\n\n<blockquote class=\"wp-block-quote is-layout-flow wp-block-quote-is-layout-flow\"><p>\u201cDestacamos que, cotidianamente, pais, m\u00e3es ou tutores levam a pessoa com defici\u00eancia a consult\u00f3rios, cl\u00ednicas, postos de sa\u00fade e hospitais, por exemplo, aumentando a exposi\u00e7\u00e3o ao alto risco. E a contamina\u00e7\u00e3o do respons\u00e1vel pode acarretar desamparo \u00e0 pessoa\u201d, destaca Majeski.<\/p><\/blockquote>\n\n\n\n<p>Outra indica\u00e7\u00e3o apresentada pelo parlamentar solicita que todas as lactantes, independentemente da idade do filho, tamb\u00e9m sejam inclu\u00eddas no p\u00fablico priorit\u00e1rio da vacina\u00e7\u00e3o.<\/p>\n\n\n\n<blockquote class=\"wp-block-quote is-layout-flow wp-block-quote-is-layout-flow\"><p>\u201cProteger a m\u00e3e \u00e9 proteger o beb\u00ea, a crian\u00e7a de colo que depende totalmente da figura materna. Al\u00e9m disso, estudos recentes sugerem que os anticorpos da m\u00e3e vacinada s\u00e3o transmitidos ao filho atrav\u00e9s do leite materno\u201d, completa Majeski.<\/p><\/blockquote>\n\n\n\n<p>A demanda foi apresentada ao parlamentar pelo Grupo Lactantes pela Vacina-ES, que luta pela inclus\u00e3o das lactantes, independentemente da idade do filho, na prioridade da vacina\u00e7\u00e3o contra a covid-19. De acordo com a Organiza\u00e7\u00e3o Mundial de Sa\u00fade, o Minist\u00e9rio da Sa\u00fade e a Sociedade Brasileira de Pediatria, \u00e9 recomendado que o aleitamento materno seja exclusivo at\u00e9 os seis meses de vida do beb\u00ea e continuado por pelo menos dois anos de idade ou mais, juntamente com a alimenta\u00e7\u00e3o, por diversos benef\u00edcios, como nutri\u00e7\u00e3o, prote\u00e7\u00e3o para doen\u00e7as, crescimento e desenvolvimento.<\/p>\n\n\n\n<p><strong><span class=\"has-inline-color has-vivid-cyan-blue-color\">Ap\u00f3s m\u00e3e ser vacinada, beb\u00ea nasce com anticorpos<br><\/span><\/strong>A Secretaria de Sa\u00fade da cidade de Tubar\u00e3o, em Santa Catarina, informou nesta semana que um beb\u00ea nasceu com anticorpos contra a covid-19. A m\u00e3e, uma m\u00e9dica que trabalha num posto de sa\u00fade do munic\u00edpio, recebeu vacina contra a doen\u00e7a durante a gesta\u00e7\u00e3o. Esse pode ser o primeiro caso registrado no Brasil.<\/p>\n","protected":false},"excerpt":{"rendered":"<p>Presidente da Frente Parlamentar de Apoio \u00e0 Inclus\u00e3o, \u00e0 Acessibilidade e \u00e0 Cidadania das Pessoas com Defici\u00eancia, o deputado estadual S\u00e9rgio Majeski (PSB) apresentou indica\u00e7\u00e3o ao governo do Estado para que sejam inclu\u00eddos no grupo priorit\u00e1rio da vacina\u00e7\u00e3o contra a covid-19 os pais ou respons\u00e1veis por pessoas com defici\u00eancia intelectual. \u201cDestacamos que, cotidianamente, pais, m\u00e3es [&hellip;]<\/p>\n","protected":false},"author":2,"featured_media":18403,"comment_status":"open","ping_status":"open","sticky":false,"template":"","format":"standard","meta":{"footnotes":""},"categories":[11],"tags":[4288,9105,6678,8215],"class_list":["post-18402","post","type-post","status-publish","format-standard","has-post-thumbnail","hentry","category-saude","tag-aleitamento-materno","tag-pessoa-com-deficiencia","tag-sergio-majeski","tag-vacina-covid-19"],"yoast_head":"<!-- This site is optimized with the Yoast SEO plugin v26.5 - https:\/\/yoast.com\/wordpress\/plugins\/seo\/ -->\n<title>Vacina: Majeski indica prioridade \u00e0 lactante e ao respons\u00e1vel por pessoa com defici\u00eancia intelectual - Jornal Fatos e Not\u00edcias<\/title>\n<meta name=\"robots\" content=\"index, follow, max-snippet:-1, max-image-preview:large, max-video-preview:-1\" \/>\n<link rel=\"canonical\" href=\"https:\/\/jornalfatosenoticias.com.br\/index.php\/2021\/05\/21\/vacina-majeski-indica-prioridade-a-lactante-e-ao-responsavel-por-pessoa-com-deficiencia-intelectual\/\" \/>\n<meta property=\"og:locale\" content=\"pt_BR\" \/>\n<meta property=\"og:type\" content=\"article\" \/>\n<meta property=\"og:title\" content=\"Vacina: Majeski indica prioridade \u00e0 lactante e ao respons\u00e1vel por pessoa com defici\u00eancia intelectual - Jornal Fatos e Not\u00edcias\" \/>\n<meta property=\"og:description\" content=\"Presidente da Frente Parlamentar de Apoio \u00e0 Inclus\u00e3o, \u00e0 Acessibilidade e \u00e0 Cidadania das Pessoas com Defici\u00eancia, o deputado estadual S\u00e9rgio Majeski (PSB) apresentou indica\u00e7\u00e3o ao governo do Estado para que sejam inclu\u00eddos no grupo priorit\u00e1rio da vacina\u00e7\u00e3o contra a covid-19 os pais ou respons\u00e1veis por pessoas com defici\u00eancia intelectual. \u201cDestacamos que, cotidianamente, pais, m\u00e3es [&hellip;]\" \/>\n<meta property=\"og:url\" content=\"https:\/\/jornalfatosenoticias.com.br\/index.php\/2021\/05\/21\/vacina-majeski-indica-prioridade-a-lactante-e-ao-responsavel-por-pessoa-com-deficiencia-intelectual\/\" \/>\n<meta property=\"og:site_name\" content=\"Jornal Fatos e Not\u00edcias\" \/>\n<meta property=\"article:published_time\" content=\"2021-05-21T19:06:55+00:00\" \/>\n<meta property=\"og:image\" content=\"https:\/\/jornalfatosenoticias.com.br\/wp-content\/uploads\/2021\/05\/vacina.jpg\" \/>\n\t<meta property=\"og:image:width\" content=\"1000\" \/>\n\t<meta property=\"og:image:height\" content=\"694\" \/>\n\t<meta property=\"og:image:type\" content=\"image\/jpeg\" \/>\n<meta name=\"author\" content=\"Luzimara Fernandes\" \/>\n<meta name=\"twitter:card\" content=\"summary_large_image\" \/>\n<meta name=\"twitter:label1\" content=\"Escrito por\" \/>\n\t<meta name=\"twitter:data1\" content=\"Luzimara Fernandes\" \/>\n\t<meta name=\"twitter:label2\" content=\"Est. tempo de leitura\" \/>\n\t<meta name=\"twitter:data2\" content=\"2 minutos\" \/>\n<script type=\"application\/ld+json\" class=\"yoast-schema-graph\">{\"@context\":\"https:\/\/schema.org\",\"@graph\":[{\"@type\":\"Article\",\"@id\":\"https:\/\/jornalfatosenoticias.com.br\/index.php\/2021\/05\/21\/vacina-majeski-indica-prioridade-a-lactante-e-ao-responsavel-por-pessoa-com-deficiencia-intelectual\/#article\",\"isPartOf\":{\"@id\":\"https:\/\/jornalfatosenoticias.com.br\/index.php\/2021\/05\/21\/vacina-majeski-indica-prioridade-a-lactante-e-ao-responsavel-por-pessoa-com-deficiencia-intelectual\/\"},\"author\":{\"name\":\"Luzimara Fernandes\",\"@id\":\"https:\/\/jornalfatosenoticias.com.br\/#\/schema\/person\/d63837fa13ac8666eb9e74e0985d6f81\"},\"headline\":\"Vacina: Majeski indica prioridade \u00e0 lactante e ao respons\u00e1vel por pessoa com defici\u00eancia intelectual\",\"datePublished\":\"2021-05-21T19:06:55+00:00\",\"mainEntityOfPage\":{\"@id\":\"https:\/\/jornalfatosenoticias.com.br\/index.php\/2021\/05\/21\/vacina-majeski-indica-prioridade-a-lactante-e-ao-responsavel-por-pessoa-com-deficiencia-intelectual\/\"},\"wordCount\":359,\"commentCount\":0,\"publisher\":{\"@id\":\"https:\/\/jornalfatosenoticias.com.br\/#organization\"},\"image\":{\"@id\":\"https:\/\/jornalfatosenoticias.com.br\/index.php\/2021\/05\/21\/vacina-majeski-indica-prioridade-a-lactante-e-ao-responsavel-por-pessoa-com-deficiencia-intelectual\/#primaryimage\"},\"thumbnailUrl\":\"https:\/\/jornalfatosenoticias.com.br\/wp-content\/uploads\/2021\/05\/vacina.jpg\",\"keywords\":[\"aleitamento materno\",\"pessoa com defici\u00eancia\",\"S\u00e9rgio Majeski\",\"vacina covid-19\"],\"articleSection\":[\"Sa\u00fade\"],\"inLanguage\":\"pt-BR\",\"potentialAction\":[{\"@type\":\"CommentAction\",\"name\":\"Comment\",\"target\":[\"https:\/\/jornalfatosenoticias.com.br\/index.php\/2021\/05\/21\/vacina-majeski-indica-prioridade-a-lactante-e-ao-responsavel-por-pessoa-com-deficiencia-intelectual\/#respond\"]}]},{\"@type\":\"WebPage\",\"@id\":\"https:\/\/jornalfatosenoticias.com.br\/index.php\/2021\/05\/21\/vacina-majeski-indica-prioridade-a-lactante-e-ao-responsavel-por-pessoa-com-deficiencia-intelectual\/\",\"url\":\"https:\/\/jornalfatosenoticias.com.br\/index.php\/2021\/05\/21\/vacina-majeski-indica-prioridade-a-lactante-e-ao-responsavel-por-pessoa-com-deficiencia-intelectual\/\",\"name\":\"Vacina: Majeski indica prioridade \u00e0 lactante e ao respons\u00e1vel por pessoa com defici\u00eancia intelectual - Jornal Fatos e Not\u00edcias\",\"isPartOf\":{\"@id\":\"https:\/\/jornalfatosenoticias.com.br\/#website\"},\"primaryImageOfPage\":{\"@id\":\"https:\/\/jornalfatosenoticias.com.br\/index.php\/2021\/05\/21\/vacina-majeski-indica-prioridade-a-lactante-e-ao-responsavel-por-pessoa-com-deficiencia-intelectual\/#primaryimage\"},\"image\":{\"@id\":\"https:\/\/jornalfatosenoticias.com.br\/index.php\/2021\/05\/21\/vacina-majeski-indica-prioridade-a-lactante-e-ao-responsavel-por-pessoa-com-deficiencia-intelectual\/#primaryimage\"},\"thumbnailUrl\":\"https:\/\/jornalfatosenoticias.com.br\/wp-content\/uploads\/2021\/05\/vacina.jpg\",\"datePublished\":\"2021-05-21T19:06:55+00:00\",\"breadcrumb\":{\"@id\":\"https:\/\/jornalfatosenoticias.com.br\/index.php\/2021\/05\/21\/vacina-majeski-indica-prioridade-a-lactante-e-ao-responsavel-por-pessoa-com-deficiencia-intelectual\/#breadcrumb\"},\"inLanguage\":\"pt-BR\",\"potentialAction\":[{\"@type\":\"ReadAction\",\"target\":[\"https:\/\/jornalfatosenoticias.com.br\/index.php\/2021\/05\/21\/vacina-majeski-indica-prioridade-a-lactante-e-ao-responsavel-por-pessoa-com-deficiencia-intelectual\/\"]}]},{\"@type\":\"ImageObject\",\"inLanguage\":\"pt-BR\",\"@id\":\"https:\/\/jornalfatosenoticias.com.br\/index.php\/2021\/05\/21\/vacina-majeski-indica-prioridade-a-lactante-e-ao-responsavel-por-pessoa-com-deficiencia-intelectual\/#primaryimage\",\"url\":\"https:\/\/jornalfatosenoticias.com.br\/wp-content\/uploads\/2021\/05\/vacina.jpg\",\"contentUrl\":\"https:\/\/jornalfatosenoticias.com.br\/wp-content\/uploads\/2021\/05\/vacina.jpg\",\"width\":1000,\"height\":694},{\"@type\":\"BreadcrumbList\",\"@id\":\"https:\/\/jornalfatosenoticias.com.br\/index.php\/2021\/05\/21\/vacina-majeski-indica-prioridade-a-lactante-e-ao-responsavel-por-pessoa-com-deficiencia-intelectual\/#breadcrumb\",\"itemListElement\":[{\"@type\":\"ListItem\",\"position\":1,\"name\":\"In\u00edcio\",\"item\":\"https:\/\/jornalfatosenoticias.com.br\/\"},{\"@type\":\"ListItem\",\"position\":2,\"name\":\"Vacina: Majeski indica prioridade \u00e0 lactante e ao respons\u00e1vel por pessoa com defici\u00eancia intelectual\"}]},{\"@type\":\"WebSite\",\"@id\":\"https:\/\/jornalfatosenoticias.com.br\/#website\",\"url\":\"https:\/\/jornalfatosenoticias.com.br\/\",\"name\":\"Jornal Fatos e Not\u00edcias\",\"description\":\"Not\u00edcias em geral\",\"publisher\":{\"@id\":\"https:\/\/jornalfatosenoticias.com.br\/#organization\"},\"potentialAction\":[{\"@type\":\"SearchAction\",\"target\":{\"@type\":\"EntryPoint\",\"urlTemplate\":\"https:\/\/jornalfatosenoticias.com.br\/?s={search_term_string}\"},\"query-input\":{\"@type\":\"PropertyValueSpecification\",\"valueRequired\":true,\"valueName\":\"search_term_string\"}}],\"inLanguage\":\"pt-BR\"},{\"@type\":\"Organization\",\"@id\":\"https:\/\/jornalfatosenoticias.com.br\/#organization\",\"name\":\"Jornal Fatos e Not\u00edcias\",\"url\":\"https:\/\/jornalfatosenoticias.com.br\/\",\"logo\":{\"@type\":\"ImageObject\",\"inLanguage\":\"pt-BR\",\"@id\":\"https:\/\/jornalfatosenoticias.com.br\/#\/schema\/logo\/image\/\",\"url\":\"https:\/\/jornalfatosenoticias.com.br\/wp-content\/uploads\/2020\/02\/logo120.png\",\"contentUrl\":\"https:\/\/jornalfatosenoticias.com.br\/wp-content\/uploads\/2020\/02\/logo120.png\",\"width\":1227,\"height\":120,\"caption\":\"Jornal Fatos e Not\u00edcias\"},\"image\":{\"@id\":\"https:\/\/jornalfatosenoticias.com.br\/#\/schema\/logo\/image\/\"}},{\"@type\":\"Person\",\"@id\":\"https:\/\/jornalfatosenoticias.com.br\/#\/schema\/person\/d63837fa13ac8666eb9e74e0985d6f81\",\"name\":\"Luzimara Fernandes\",\"image\":{\"@type\":\"ImageObject\",\"inLanguage\":\"pt-BR\",\"@id\":\"https:\/\/jornalfatosenoticias.com.br\/#\/schema\/person\/image\/\",\"url\":\"https:\/\/jornalfatosenoticias.com.br\/wp-content\/uploads\/2025\/05\/EU_portal.jpg\",\"contentUrl\":\"https:\/\/jornalfatosenoticias.com.br\/wp-content\/uploads\/2025\/05\/EU_portal.jpg\",\"caption\":\"Luzimara Fernandes\"},\"description\":\"Jornalista MTB 2358-ES\",\"sameAs\":[\"https:\/\/jornalfatosenoticias.com.br\"],\"url\":\"https:\/\/jornalfatosenoticias.com.br\/index.php\/author\/luzimara\/\"}]}<\/script>\n<!-- \/ Yoast SEO plugin. -->","yoast_head_json":{"title":"Vacina: Majeski indica prioridade \u00e0 lactante e ao respons\u00e1vel por pessoa com defici\u00eancia intelectual - Jornal Fatos e Not\u00edcias","robots":{"index":"index","follow":"follow","max-snippet":"max-snippet:-1","max-image-preview":"max-image-preview:large","max-video-preview":"max-video-preview:-1"},"canonical":"https:\/\/jornalfatosenoticias.com.br\/index.php\/2021\/05\/21\/vacina-majeski-indica-prioridade-a-lactante-e-ao-responsavel-por-pessoa-com-deficiencia-intelectual\/","og_locale":"pt_BR","og_type":"article","og_title":"Vacina: Majeski indica prioridade \u00e0 lactante e ao respons\u00e1vel por pessoa com defici\u00eancia intelectual - Jornal Fatos e Not\u00edcias","og_description":"Presidente da Frente Parlamentar de Apoio \u00e0 Inclus\u00e3o, \u00e0 Acessibilidade e \u00e0 Cidadania das Pessoas com Defici\u00eancia, o deputado estadual S\u00e9rgio Majeski (PSB) apresentou indica\u00e7\u00e3o ao governo do Estado para que sejam inclu\u00eddos no grupo priorit\u00e1rio da vacina\u00e7\u00e3o contra a covid-19 os pais ou respons\u00e1veis por pessoas com defici\u00eancia intelectual. \u201cDestacamos que, cotidianamente, pais, m\u00e3es [&hellip;]","og_url":"https:\/\/jornalfatosenoticias.com.br\/index.php\/2021\/05\/21\/vacina-majeski-indica-prioridade-a-lactante-e-ao-responsavel-por-pessoa-com-deficiencia-intelectual\/","og_site_name":"Jornal Fatos e Not\u00edcias","article_published_time":"2021-05-21T19:06:55+00:00","og_image":[{"width":1000,"height":694,"url":"https:\/\/jornalfatosenoticias.com.br\/wp-content\/uploads\/2021\/05\/vacina.jpg","type":"image\/jpeg"}],"author":"Luzimara Fernandes","twitter_card":"summary_large_image","twitter_misc":{"Escrito por":"Luzimara Fernandes","Est. tempo de leitura":"2 minutos"},"schema":{"@context":"https:\/\/schema.org","@graph":[{"@type":"Article","@id":"https:\/\/jornalfatosenoticias.com.br\/index.php\/2021\/05\/21\/vacina-majeski-indica-prioridade-a-lactante-e-ao-responsavel-por-pessoa-com-deficiencia-intelectual\/#article","isPartOf":{"@id":"https:\/\/jornalfatosenoticias.com.br\/index.php\/2021\/05\/21\/vacina-majeski-indica-prioridade-a-lactante-e-ao-responsavel-por-pessoa-com-deficiencia-intelectual\/"},"author":{"name":"Luzimara Fernandes","@id":"https:\/\/jornalfatosenoticias.com.br\/#\/schema\/person\/d63837fa13ac8666eb9e74e0985d6f81"},"headline":"Vacina: Majeski indica prioridade \u00e0 lactante e ao respons\u00e1vel por pessoa com defici\u00eancia intelectual","datePublished":"2021-05-21T19:06:55+00:00","mainEntityOfPage":{"@id":"https:\/\/jornalfatosenoticias.com.br\/index.php\/2021\/05\/21\/vacina-majeski-indica-prioridade-a-lactante-e-ao-responsavel-por-pessoa-com-deficiencia-intelectual\/"},"wordCount":359,"commentCount":0,"publisher":{"@id":"https:\/\/jornalfatosenoticias.com.br\/#organization"},"image":{"@id":"https:\/\/jornalfatosenoticias.com.br\/index.php\/2021\/05\/21\/vacina-majeski-indica-prioridade-a-lactante-e-ao-responsavel-por-pessoa-com-deficiencia-intelectual\/#primaryimage"},"thumbnailUrl":"https:\/\/jornalfatosenoticias.com.br\/wp-content\/uploads\/2021\/05\/vacina.jpg","keywords":["aleitamento materno","pessoa com defici\u00eancia","S\u00e9rgio Majeski","vacina covid-19"],"articleSection":["Sa\u00fade"],"inLanguage":"pt-BR","potentialAction":[{"@type":"CommentAction","name":"Comment","target":["https:\/\/jornalfatosenoticias.com.br\/index.php\/2021\/05\/21\/vacina-majeski-indica-prioridade-a-lactante-e-ao-responsavel-por-pessoa-com-deficiencia-intelectual\/#respond"]}]},{"@type":"WebPage","@id":"https:\/\/jornalfatosenoticias.com.br\/index.php\/2021\/05\/21\/vacina-majeski-indica-prioridade-a-lactante-e-ao-responsavel-por-pessoa-com-deficiencia-intelectual\/","url":"https:\/\/jornalfatosenoticias.com.br\/index.php\/2021\/05\/21\/vacina-majeski-indica-prioridade-a-lactante-e-ao-responsavel-por-pessoa-com-deficiencia-intelectual\/","name":"Vacina: Majeski indica prioridade \u00e0 lactante e ao respons\u00e1vel por pessoa com defici\u00eancia intelectual - Jornal Fatos e Not\u00edcias","isPartOf":{"@id":"https:\/\/jornalfatosenoticias.com.br\/#website"},"primaryImageOfPage":{"@id":"https:\/\/jornalfatosenoticias.com.br\/index.php\/2021\/05\/21\/vacina-majeski-indica-prioridade-a-lactante-e-ao-responsavel-por-pessoa-com-deficiencia-intelectual\/#primaryimage"},"image":{"@id":"https:\/\/jornalfatosenoticias.com.br\/index.php\/2021\/05\/21\/vacina-majeski-indica-prioridade-a-lactante-e-ao-responsavel-por-pessoa-com-deficiencia-intelectual\/#primaryimage"},"thumbnailUrl":"https:\/\/jornalfatosenoticias.com.br\/wp-content\/uploads\/2021\/05\/vacina.jpg","datePublished":"2021-05-21T19:06:55+00:00","breadcrumb":{"@id":"https:\/\/jornalfatosenoticias.com.br\/index.php\/2021\/05\/21\/vacina-majeski-indica-prioridade-a-lactante-e-ao-responsavel-por-pessoa-com-deficiencia-intelectual\/#breadcrumb"},"inLanguage":"pt-BR","potentialAction":[{"@type":"ReadAction","target":["https:\/\/jornalfatosenoticias.com.br\/index.php\/2021\/05\/21\/vacina-majeski-indica-prioridade-a-lactante-e-ao-responsavel-por-pessoa-com-deficiencia-intelectual\/"]}]},{"@type":"ImageObject","inLanguage":"pt-BR","@id":"https:\/\/jornalfatosenoticias.com.br\/index.php\/2021\/05\/21\/vacina-majeski-indica-prioridade-a-lactante-e-ao-responsavel-por-pessoa-com-deficiencia-intelectual\/#primaryimage","url":"https:\/\/jornalfatosenoticias.com.br\/wp-content\/uploads\/2021\/05\/vacina.jpg","contentUrl":"https:\/\/jornalfatosenoticias.com.br\/wp-content\/uploads\/2021\/05\/vacina.jpg","width":1000,"height":694},{"@type":"BreadcrumbList","@id":"https:\/\/jornalfatosenoticias.com.br\/index.php\/2021\/05\/21\/vacina-majeski-indica-prioridade-a-lactante-e-ao-responsavel-por-pessoa-com-deficiencia-intelectual\/#breadcrumb","itemListElement":[{"@type":"ListItem","position":1,"name":"In\u00edcio","item":"https:\/\/jornalfatosenoticias.com.br\/"},{"@type":"ListItem","position":2,"name":"Vacina: Majeski indica prioridade \u00e0 lactante e ao respons\u00e1vel por pessoa com defici\u00eancia intelectual"}]},{"@type":"WebSite","@id":"https:\/\/jornalfatosenoticias.com.br\/#website","url":"https:\/\/jornalfatosenoticias.com.br\/","name":"Jornal Fatos e Not\u00edcias","description":"Not\u00edcias em geral","publisher":{"@id":"https:\/\/jornalfatosenoticias.com.br\/#organization"},"potentialAction":[{"@type":"SearchAction","target":{"@type":"EntryPoint","urlTemplate":"https:\/\/jornalfatosenoticias.com.br\/?s={search_term_string}"},"query-input":{"@type":"PropertyValueSpecification","valueRequired":true,"valueName":"search_term_string"}}],"inLanguage":"pt-BR"},{"@type":"Organization","@id":"https:\/\/jornalfatosenoticias.com.br\/#organization","name":"Jornal Fatos e Not\u00edcias","url":"https:\/\/jornalfatosenoticias.com.br\/","logo":{"@type":"ImageObject","inLanguage":"pt-BR","@id":"https:\/\/jornalfatosenoticias.com.br\/#\/schema\/logo\/image\/","url":"https:\/\/jornalfatosenoticias.com.br\/wp-content\/uploads\/2020\/02\/logo120.png","contentUrl":"https:\/\/jornalfatosenoticias.com.br\/wp-content\/uploads\/2020\/02\/logo120.png","width":1227,"height":120,"caption":"Jornal Fatos e Not\u00edcias"},"image":{"@id":"https:\/\/jornalfatosenoticias.com.br\/#\/schema\/logo\/image\/"}},{"@type":"Person","@id":"https:\/\/jornalfatosenoticias.com.br\/#\/schema\/person\/d63837fa13ac8666eb9e74e0985d6f81","name":"Luzimara Fernandes","image":{"@type":"ImageObject","inLanguage":"pt-BR","@id":"https:\/\/jornalfatosenoticias.com.br\/#\/schema\/person\/image\/","url":"https:\/\/jornalfatosenoticias.com.br\/wp-content\/uploads\/2025\/05\/EU_portal.jpg","contentUrl":"https:\/\/jornalfatosenoticias.com.br\/wp-content\/uploads\/2025\/05\/EU_portal.jpg","caption":"Luzimara Fernandes"},"description":"Jornalista MTB 2358-ES","sameAs":["https:\/\/jornalfatosenoticias.com.br"],"url":"https:\/\/jornalfatosenoticias.com.br\/index.php\/author\/luzimara\/"}]}},"cc_featured_image_caption":{"caption_text":"(Foto: Divulga\u00e7\u00e3o)","source_text":"","source_url":""},"jetpack_featured_media_url":"https:\/\/jornalfatosenoticias.com.br\/wp-content\/uploads\/2021\/05\/vacina.jpg","_links":{"self":[{"href":"https:\/\/jornalfatosenoticias.com.br\/index.php\/wp-json\/wp\/v2\/posts\/18402","targetHints":{"allow":["GET"]}}],"collection":[{"href":"https:\/\/jornalfatosenoticias.com.br\/index.php\/wp-json\/wp\/v2\/posts"}],"about":[{"href":"https:\/\/jornalfatosenoticias.com.br\/index.php\/wp-json\/wp\/v2\/types\/post"}],"author":[{"embeddable":true,"href":"https:\/\/jornalfatosenoticias.com.br\/index.php\/wp-json\/wp\/v2\/users\/2"}],"replies":[{"embeddable":true,"href":"https:\/\/jornalfatosenoticias.com.br\/index.php\/wp-json\/wp\/v2\/comments?post=18402"}],"version-history":[{"count":0,"href":"https:\/\/jornalfatosenoticias.com.br\/index.php\/wp-json\/wp\/v2\/posts\/18402\/revisions"}],"wp:featuredmedia":[{"embeddable":true,"href":"https:\/\/jornalfatosenoticias.com.br\/index.php\/wp-json\/wp\/v2\/media\/18403"}],"wp:attachment":[{"href":"https:\/\/jornalfatosenoticias.com.br\/index.php\/wp-json\/wp\/v2\/media?parent=18402"}],"wp:term":[{"taxonomy":"category","embeddable":true,"href":"https:\/\/jornalfatosenoticias.com.br\/index.php\/wp-json\/wp\/v2\/categories?post=18402"},{"taxonomy":"post_tag","embeddable":true,"href":"https:\/\/jornalfatosenoticias.com.br\/index.php\/wp-json\/wp\/v2\/tags?post=18402"}],"curies":[{"name":"wp","href":"https:\/\/api.w.org\/{rel}","templated":true}]}}