{"id":18452,"date":"2021-05-21T17:56:46","date_gmt":"2021-05-21T20:56:46","guid":{"rendered":"https:\/\/jornalfatosenoticias.com.br\/?p=18452"},"modified":"2021-05-21T17:56:50","modified_gmt":"2021-05-21T20:56:50","slug":"apelidos-no-trabalho-nomes-ofensivos-podem-levar-a-condenacao-por-danos-morais","status":"publish","type":"post","link":"https:\/\/jornalfatosenoticias.com.br\/index.php\/2021\/05\/21\/apelidos-no-trabalho-nomes-ofensivos-podem-levar-a-condenacao-por-danos-morais\/","title":{"rendered":"Apelidos no trabalho: nomes ofensivos podem levar \u00e0 condena\u00e7\u00e3o por danos morais"},"content":{"rendered":"\n<p>A condi\u00e7\u00e3o f\u00edsica de uma mulher foi usada como chacota por seu chefe e colegas de trabalho em um condom\u00ednio residencial em Minas Gerais. Mas n\u00e3o ficou por isso, chamada de \u201cJ\u00f4 Soares\u201d e \u201caleijadinha\u201d, a empregada teve esse ass\u00e9dio moral reconhecido pelo Tribunal Regional do Trabalho (TRT) da 3\u00aa Regi\u00e3o que definiu pagamento de indeniza\u00e7\u00e3o \u00e0 requerente a t\u00edtulo de dano moral. O advogado especialista em Direito do Trabalho, <strong>Leonardo Ribeiro<\/strong>, comenta que o caso \u00e9 um exemplo do que deve ser combatido dentro das organiza\u00e7\u00f5es.<\/p>\n\n\n\n<div class=\"wp-block-image\"><figure class=\"alignright size-large is-resized\"><img loading=\"lazy\" decoding=\"async\" src=\"https:\/\/jornalfatosenoticias.com.br\/wp-content\/uploads\/2021\/05\/Leonardo-Ribeiro-423.jpg\" alt=\"\" class=\"wp-image-18453\" width=\"307\" height=\"268\" srcset=\"https:\/\/jornalfatosenoticias.com.br\/wp-content\/uploads\/2021\/05\/Leonardo-Ribeiro-423.jpg 1000w, https:\/\/jornalfatosenoticias.com.br\/wp-content\/uploads\/2021\/05\/Leonardo-Ribeiro-423-300x262.jpg 300w, https:\/\/jornalfatosenoticias.com.br\/wp-content\/uploads\/2021\/05\/Leonardo-Ribeiro-423-768x671.jpg 768w\" sizes=\"auto, (max-width: 307px) 100vw, 307px\" \/><figcaption><em>Leonardo Ribeiro (Foto: Cloves Louzada)<\/em><\/figcaption><\/figure><\/div>\n\n\n\n<p>\u201cA Constitui\u00e7\u00e3o exige que o empregador zele pela sa\u00fade e seguran\u00e7a do meio ambiente de trabalho e isso inclui garantir condi\u00e7\u00f5es plenas de trabalho, salubridade, higiene e conforto aos seus trabalhadores. A situa\u00e7\u00e3o enfrentada pela requerente mostra um ambiente hostil e degradante. \u00c9 importante que o trabalhador ao enfrentar situa\u00e7\u00f5es como essas comunique ao servi\u00e7o de recursos humanos de sua empresa para que o problema seja registrado e tratado de maneira adequada\u201d, orienta.<br>Em sua decis\u00e3o, o desembargador M\u00e1rcio Fl\u00e1vio Salem Vidigal destacou que a autora da a\u00e7\u00e3o foi v\u00edtima de ass\u00e9dio moral organizacional. Ribeiro explica que a pr\u00e1tica caracteriza-se por condutas abusivas, realizadas de maneira sistem\u00e1tica dentro de uma rela\u00e7\u00e3o de trabalho. \u201cS\u00e3o pr\u00e1ticas que levam ao vexame, humilha\u00e7\u00e3o e constrangimento da v\u00edtima com a finalidade de que a mesma ou aumente sua produtividade ou pe\u00e7a a demiss\u00e3o de seu cargo\u201d, esclarece.<\/p>\n\n\n\n<p><strong><span class=\"has-inline-color has-black-color\">O que fazer?<br><\/span><\/strong>O jurista explica que as v\u00edtimas devem sempre registrar a ocorr\u00eancia sistem\u00e1tica de apelidos e brincadeiras hostis de superiores ou colegas de trabalho ao setor respons\u00e1vel pela gest\u00e3o de recursos humanos. \u201cEssa \u00e9 uma maneira de evitar a <strong>judicializa\u00e7\u00e3o<\/strong> do caso e resolver atritos de forma mais pac\u00edfica. No entanto, \u00e9 preciso avaliar se o problema n\u00e3o foi solucionado de maneira adequada, a\u00ed \u00e9 cab\u00edvel o acionamento do sindicato representativo da classe ou da <strong>Justi\u00e7a do Trabalho<\/strong>. A defesa de sua honra e dignidade \u00e9 direito do <strong>trabalhador<\/strong> e dever do empregador\u201d, finaliza.<\/p>\n","protected":false},"excerpt":{"rendered":"<p>A condi\u00e7\u00e3o f\u00edsica de uma mulher foi usada como chacota por seu chefe e colegas de trabalho em um condom\u00ednio residencial em Minas Gerais. Mas n\u00e3o ficou por isso, chamada de \u201cJ\u00f4 Soares\u201d e \u201caleijadinha\u201d, a empregada teve esse ass\u00e9dio moral reconhecido pelo Tribunal Regional do Trabalho (TRT) da 3\u00aa Regi\u00e3o que definiu pagamento de [&hellip;]<\/p>\n","protected":false},"author":3,"featured_media":18454,"comment_status":"open","ping_status":"open","sticky":false,"template":"","format":"standard","meta":{"footnotes":""},"categories":[2522],"tags":[9124,9125,9126,9128,9129,9127],"class_list":["post-18452","post","type-post","status-publish","format-standard","has-post-thumbnail","hentry","category-comportamento","tag-apelidos-no-trabalho","tag-bullying-corporativo","tag-judicializacao","tag-justica-do-trabalho","tag-leonardo-ribeiro","tag-trabalhador"],"yoast_head":"<!-- This site is optimized with the Yoast SEO plugin v26.5 - https:\/\/yoast.com\/wordpress\/plugins\/seo\/ -->\n<title>Apelidos no trabalho: nomes ofensivos podem levar \u00e0 condena\u00e7\u00e3o por danos morais - Jornal Fatos e Not\u00edcias<\/title>\n<meta name=\"robots\" content=\"index, follow, max-snippet:-1, max-image-preview:large, max-video-preview:-1\" \/>\n<link rel=\"canonical\" href=\"https:\/\/jornalfatosenoticias.com.br\/index.php\/2021\/05\/21\/apelidos-no-trabalho-nomes-ofensivos-podem-levar-a-condenacao-por-danos-morais\/\" \/>\n<meta property=\"og:locale\" content=\"pt_BR\" \/>\n<meta property=\"og:type\" content=\"article\" \/>\n<meta property=\"og:title\" content=\"Apelidos no trabalho: nomes ofensivos podem levar \u00e0 condena\u00e7\u00e3o por danos morais - Jornal Fatos e Not\u00edcias\" \/>\n<meta property=\"og:description\" content=\"A condi\u00e7\u00e3o f\u00edsica de uma mulher foi usada como chacota por seu chefe e colegas de trabalho em um condom\u00ednio residencial em Minas Gerais. Mas n\u00e3o ficou por isso, chamada de \u201cJ\u00f4 Soares\u201d e \u201caleijadinha\u201d, a empregada teve esse ass\u00e9dio moral reconhecido pelo Tribunal Regional do Trabalho (TRT) da 3\u00aa Regi\u00e3o que definiu pagamento de [&hellip;]\" \/>\n<meta property=\"og:url\" content=\"https:\/\/jornalfatosenoticias.com.br\/index.php\/2021\/05\/21\/apelidos-no-trabalho-nomes-ofensivos-podem-levar-a-condenacao-por-danos-morais\/\" \/>\n<meta property=\"og:site_name\" content=\"Jornal Fatos e Not\u00edcias\" \/>\n<meta property=\"article:published_time\" content=\"2021-05-21T20:56:46+00:00\" \/>\n<meta property=\"article:modified_time\" content=\"2021-05-21T20:56:50+00:00\" \/>\n<meta property=\"og:image\" content=\"https:\/\/jornalfatosenoticias.com.br\/wp-content\/uploads\/2021\/05\/Apelidos-no-trabalho_getty-images.jpg\" \/>\n\t<meta property=\"og:image:width\" content=\"1000\" \/>\n\t<meta property=\"og:image:height\" content=\"666\" \/>\n\t<meta property=\"og:image:type\" content=\"image\/jpeg\" \/>\n<meta name=\"author\" content=\"Haroldo Filho\" \/>\n<meta name=\"twitter:card\" content=\"summary_large_image\" \/>\n<meta name=\"twitter:label1\" content=\"Escrito por\" \/>\n\t<meta name=\"twitter:data1\" content=\"Haroldo Filho\" \/>\n\t<meta name=\"twitter:label2\" content=\"Est. tempo de leitura\" \/>\n\t<meta name=\"twitter:data2\" content=\"2 minutos\" \/>\n<script type=\"application\/ld+json\" class=\"yoast-schema-graph\">{\"@context\":\"https:\/\/schema.org\",\"@graph\":[{\"@type\":\"Article\",\"@id\":\"https:\/\/jornalfatosenoticias.com.br\/index.php\/2021\/05\/21\/apelidos-no-trabalho-nomes-ofensivos-podem-levar-a-condenacao-por-danos-morais\/#article\",\"isPartOf\":{\"@id\":\"https:\/\/jornalfatosenoticias.com.br\/index.php\/2021\/05\/21\/apelidos-no-trabalho-nomes-ofensivos-podem-levar-a-condenacao-por-danos-morais\/\"},\"author\":{\"name\":\"Haroldo Filho\",\"@id\":\"https:\/\/jornalfatosenoticias.com.br\/#\/schema\/person\/05c46cc25b42a5c27e004fb0fa6b4965\"},\"headline\":\"Apelidos no trabalho: nomes ofensivos podem levar \u00e0 condena\u00e7\u00e3o por danos morais\",\"datePublished\":\"2021-05-21T20:56:46+00:00\",\"dateModified\":\"2021-05-21T20:56:50+00:00\",\"mainEntityOfPage\":{\"@id\":\"https:\/\/jornalfatosenoticias.com.br\/index.php\/2021\/05\/21\/apelidos-no-trabalho-nomes-ofensivos-podem-levar-a-condenacao-por-danos-morais\/\"},\"wordCount\":376,\"commentCount\":0,\"publisher\":{\"@id\":\"https:\/\/jornalfatosenoticias.com.br\/#organization\"},\"image\":{\"@id\":\"https:\/\/jornalfatosenoticias.com.br\/index.php\/2021\/05\/21\/apelidos-no-trabalho-nomes-ofensivos-podem-levar-a-condenacao-por-danos-morais\/#primaryimage\"},\"thumbnailUrl\":\"https:\/\/jornalfatosenoticias.com.br\/wp-content\/uploads\/2021\/05\/Apelidos-no-trabalho_getty-images.jpg\",\"keywords\":[\"apelidos no trabalho\",\"bullying corporativo\",\"judicializa\u00e7\u00e3o\",\"Justi\u00e7a do Trabalho\",\"Leonardo Ribeiro\",\"trabalhador\"],\"articleSection\":[\"Comportamento &amp; Equil\u00edbrio\"],\"inLanguage\":\"pt-BR\",\"potentialAction\":[{\"@type\":\"CommentAction\",\"name\":\"Comment\",\"target\":[\"https:\/\/jornalfatosenoticias.com.br\/index.php\/2021\/05\/21\/apelidos-no-trabalho-nomes-ofensivos-podem-levar-a-condenacao-por-danos-morais\/#respond\"]}]},{\"@type\":\"WebPage\",\"@id\":\"https:\/\/jornalfatosenoticias.com.br\/index.php\/2021\/05\/21\/apelidos-no-trabalho-nomes-ofensivos-podem-levar-a-condenacao-por-danos-morais\/\",\"url\":\"https:\/\/jornalfatosenoticias.com.br\/index.php\/2021\/05\/21\/apelidos-no-trabalho-nomes-ofensivos-podem-levar-a-condenacao-por-danos-morais\/\",\"name\":\"Apelidos no trabalho: nomes ofensivos podem levar \u00e0 condena\u00e7\u00e3o por danos morais - Jornal Fatos e Not\u00edcias\",\"isPartOf\":{\"@id\":\"https:\/\/jornalfatosenoticias.com.br\/#website\"},\"primaryImageOfPage\":{\"@id\":\"https:\/\/jornalfatosenoticias.com.br\/index.php\/2021\/05\/21\/apelidos-no-trabalho-nomes-ofensivos-podem-levar-a-condenacao-por-danos-morais\/#primaryimage\"},\"image\":{\"@id\":\"https:\/\/jornalfatosenoticias.com.br\/index.php\/2021\/05\/21\/apelidos-no-trabalho-nomes-ofensivos-podem-levar-a-condenacao-por-danos-morais\/#primaryimage\"},\"thumbnailUrl\":\"https:\/\/jornalfatosenoticias.com.br\/wp-content\/uploads\/2021\/05\/Apelidos-no-trabalho_getty-images.jpg\",\"datePublished\":\"2021-05-21T20:56:46+00:00\",\"dateModified\":\"2021-05-21T20:56:50+00:00\",\"breadcrumb\":{\"@id\":\"https:\/\/jornalfatosenoticias.com.br\/index.php\/2021\/05\/21\/apelidos-no-trabalho-nomes-ofensivos-podem-levar-a-condenacao-por-danos-morais\/#breadcrumb\"},\"inLanguage\":\"pt-BR\",\"potentialAction\":[{\"@type\":\"ReadAction\",\"target\":[\"https:\/\/jornalfatosenoticias.com.br\/index.php\/2021\/05\/21\/apelidos-no-trabalho-nomes-ofensivos-podem-levar-a-condenacao-por-danos-morais\/\"]}]},{\"@type\":\"ImageObject\",\"inLanguage\":\"pt-BR\",\"@id\":\"https:\/\/jornalfatosenoticias.com.br\/index.php\/2021\/05\/21\/apelidos-no-trabalho-nomes-ofensivos-podem-levar-a-condenacao-por-danos-morais\/#primaryimage\",\"url\":\"https:\/\/jornalfatosenoticias.com.br\/wp-content\/uploads\/2021\/05\/Apelidos-no-trabalho_getty-images.jpg\",\"contentUrl\":\"https:\/\/jornalfatosenoticias.com.br\/wp-content\/uploads\/2021\/05\/Apelidos-no-trabalho_getty-images.jpg\",\"width\":1000,\"height\":666},{\"@type\":\"BreadcrumbList\",\"@id\":\"https:\/\/jornalfatosenoticias.com.br\/index.php\/2021\/05\/21\/apelidos-no-trabalho-nomes-ofensivos-podem-levar-a-condenacao-por-danos-morais\/#breadcrumb\",\"itemListElement\":[{\"@type\":\"ListItem\",\"position\":1,\"name\":\"In\u00edcio\",\"item\":\"https:\/\/jornalfatosenoticias.com.br\/\"},{\"@type\":\"ListItem\",\"position\":2,\"name\":\"Apelidos no trabalho: nomes ofensivos podem levar \u00e0 condena\u00e7\u00e3o por danos morais\"}]},{\"@type\":\"WebSite\",\"@id\":\"https:\/\/jornalfatosenoticias.com.br\/#website\",\"url\":\"https:\/\/jornalfatosenoticias.com.br\/\",\"name\":\"Jornal Fatos e Not\u00edcias\",\"description\":\"Not\u00edcias em geral\",\"publisher\":{\"@id\":\"https:\/\/jornalfatosenoticias.com.br\/#organization\"},\"potentialAction\":[{\"@type\":\"SearchAction\",\"target\":{\"@type\":\"EntryPoint\",\"urlTemplate\":\"https:\/\/jornalfatosenoticias.com.br\/?s={search_term_string}\"},\"query-input\":{\"@type\":\"PropertyValueSpecification\",\"valueRequired\":true,\"valueName\":\"search_term_string\"}}],\"inLanguage\":\"pt-BR\"},{\"@type\":\"Organization\",\"@id\":\"https:\/\/jornalfatosenoticias.com.br\/#organization\",\"name\":\"Jornal Fatos e Not\u00edcias\",\"url\":\"https:\/\/jornalfatosenoticias.com.br\/\",\"logo\":{\"@type\":\"ImageObject\",\"inLanguage\":\"pt-BR\",\"@id\":\"https:\/\/jornalfatosenoticias.com.br\/#\/schema\/logo\/image\/\",\"url\":\"https:\/\/jornalfatosenoticias.com.br\/wp-content\/uploads\/2020\/02\/logo120.png\",\"contentUrl\":\"https:\/\/jornalfatosenoticias.com.br\/wp-content\/uploads\/2020\/02\/logo120.png\",\"width\":1227,\"height\":120,\"caption\":\"Jornal Fatos e Not\u00edcias\"},\"image\":{\"@id\":\"https:\/\/jornalfatosenoticias.com.br\/#\/schema\/logo\/image\/\"}},{\"@type\":\"Person\",\"@id\":\"https:\/\/jornalfatosenoticias.com.br\/#\/schema\/person\/05c46cc25b42a5c27e004fb0fa6b4965\",\"name\":\"Haroldo Filho\",\"image\":{\"@type\":\"ImageObject\",\"inLanguage\":\"pt-BR\",\"@id\":\"https:\/\/jornalfatosenoticias.com.br\/#\/schema\/person\/image\/\",\"url\":\"https:\/\/jornalfatosenoticias.com.br\/wp-content\/uploads\/2025\/08\/WhatsApp-Image-2025-08-18-at-15.30.28-150x150.jpeg\",\"contentUrl\":\"https:\/\/jornalfatosenoticias.com.br\/wp-content\/uploads\/2025\/08\/WhatsApp-Image-2025-08-18-at-15.30.28-150x150.jpeg\",\"caption\":\"Haroldo Filho\"},\"description\":\"Jornalista \u2013 DRT: 0003818\/ES Coordenador-geral da ONG Educar para Crescer\",\"url\":\"https:\/\/jornalfatosenoticias.com.br\/index.php\/author\/haroldo\/\"}]}<\/script>\n<!-- \/ Yoast SEO plugin. -->","yoast_head_json":{"title":"Apelidos no trabalho: nomes ofensivos podem levar \u00e0 condena\u00e7\u00e3o por danos morais - Jornal Fatos e Not\u00edcias","robots":{"index":"index","follow":"follow","max-snippet":"max-snippet:-1","max-image-preview":"max-image-preview:large","max-video-preview":"max-video-preview:-1"},"canonical":"https:\/\/jornalfatosenoticias.com.br\/index.php\/2021\/05\/21\/apelidos-no-trabalho-nomes-ofensivos-podem-levar-a-condenacao-por-danos-morais\/","og_locale":"pt_BR","og_type":"article","og_title":"Apelidos no trabalho: nomes ofensivos podem levar \u00e0 condena\u00e7\u00e3o por danos morais - Jornal Fatos e Not\u00edcias","og_description":"A condi\u00e7\u00e3o f\u00edsica de uma mulher foi usada como chacota por seu chefe e colegas de trabalho em um condom\u00ednio residencial em Minas Gerais. Mas n\u00e3o ficou por isso, chamada de \u201cJ\u00f4 Soares\u201d e \u201caleijadinha\u201d, a empregada teve esse ass\u00e9dio moral reconhecido pelo Tribunal Regional do Trabalho (TRT) da 3\u00aa Regi\u00e3o que definiu pagamento de [&hellip;]","og_url":"https:\/\/jornalfatosenoticias.com.br\/index.php\/2021\/05\/21\/apelidos-no-trabalho-nomes-ofensivos-podem-levar-a-condenacao-por-danos-morais\/","og_site_name":"Jornal Fatos e Not\u00edcias","article_published_time":"2021-05-21T20:56:46+00:00","article_modified_time":"2021-05-21T20:56:50+00:00","og_image":[{"width":1000,"height":666,"url":"https:\/\/jornalfatosenoticias.com.br\/wp-content\/uploads\/2021\/05\/Apelidos-no-trabalho_getty-images.jpg","type":"image\/jpeg"}],"author":"Haroldo Filho","twitter_card":"summary_large_image","twitter_misc":{"Escrito por":"Haroldo Filho","Est. tempo de leitura":"2 minutos"},"schema":{"@context":"https:\/\/schema.org","@graph":[{"@type":"Article","@id":"https:\/\/jornalfatosenoticias.com.br\/index.php\/2021\/05\/21\/apelidos-no-trabalho-nomes-ofensivos-podem-levar-a-condenacao-por-danos-morais\/#article","isPartOf":{"@id":"https:\/\/jornalfatosenoticias.com.br\/index.php\/2021\/05\/21\/apelidos-no-trabalho-nomes-ofensivos-podem-levar-a-condenacao-por-danos-morais\/"},"author":{"name":"Haroldo Filho","@id":"https:\/\/jornalfatosenoticias.com.br\/#\/schema\/person\/05c46cc25b42a5c27e004fb0fa6b4965"},"headline":"Apelidos no trabalho: nomes ofensivos podem levar \u00e0 condena\u00e7\u00e3o por danos morais","datePublished":"2021-05-21T20:56:46+00:00","dateModified":"2021-05-21T20:56:50+00:00","mainEntityOfPage":{"@id":"https:\/\/jornalfatosenoticias.com.br\/index.php\/2021\/05\/21\/apelidos-no-trabalho-nomes-ofensivos-podem-levar-a-condenacao-por-danos-morais\/"},"wordCount":376,"commentCount":0,"publisher":{"@id":"https:\/\/jornalfatosenoticias.com.br\/#organization"},"image":{"@id":"https:\/\/jornalfatosenoticias.com.br\/index.php\/2021\/05\/21\/apelidos-no-trabalho-nomes-ofensivos-podem-levar-a-condenacao-por-danos-morais\/#primaryimage"},"thumbnailUrl":"https:\/\/jornalfatosenoticias.com.br\/wp-content\/uploads\/2021\/05\/Apelidos-no-trabalho_getty-images.jpg","keywords":["apelidos no trabalho","bullying corporativo","judicializa\u00e7\u00e3o","Justi\u00e7a do Trabalho","Leonardo Ribeiro","trabalhador"],"articleSection":["Comportamento &amp; Equil\u00edbrio"],"inLanguage":"pt-BR","potentialAction":[{"@type":"CommentAction","name":"Comment","target":["https:\/\/jornalfatosenoticias.com.br\/index.php\/2021\/05\/21\/apelidos-no-trabalho-nomes-ofensivos-podem-levar-a-condenacao-por-danos-morais\/#respond"]}]},{"@type":"WebPage","@id":"https:\/\/jornalfatosenoticias.com.br\/index.php\/2021\/05\/21\/apelidos-no-trabalho-nomes-ofensivos-podem-levar-a-condenacao-por-danos-morais\/","url":"https:\/\/jornalfatosenoticias.com.br\/index.php\/2021\/05\/21\/apelidos-no-trabalho-nomes-ofensivos-podem-levar-a-condenacao-por-danos-morais\/","name":"Apelidos no trabalho: nomes ofensivos podem levar \u00e0 condena\u00e7\u00e3o por danos morais - Jornal Fatos e Not\u00edcias","isPartOf":{"@id":"https:\/\/jornalfatosenoticias.com.br\/#website"},"primaryImageOfPage":{"@id":"https:\/\/jornalfatosenoticias.com.br\/index.php\/2021\/05\/21\/apelidos-no-trabalho-nomes-ofensivos-podem-levar-a-condenacao-por-danos-morais\/#primaryimage"},"image":{"@id":"https:\/\/jornalfatosenoticias.com.br\/index.php\/2021\/05\/21\/apelidos-no-trabalho-nomes-ofensivos-podem-levar-a-condenacao-por-danos-morais\/#primaryimage"},"thumbnailUrl":"https:\/\/jornalfatosenoticias.com.br\/wp-content\/uploads\/2021\/05\/Apelidos-no-trabalho_getty-images.jpg","datePublished":"2021-05-21T20:56:46+00:00","dateModified":"2021-05-21T20:56:50+00:00","breadcrumb":{"@id":"https:\/\/jornalfatosenoticias.com.br\/index.php\/2021\/05\/21\/apelidos-no-trabalho-nomes-ofensivos-podem-levar-a-condenacao-por-danos-morais\/#breadcrumb"},"inLanguage":"pt-BR","potentialAction":[{"@type":"ReadAction","target":["https:\/\/jornalfatosenoticias.com.br\/index.php\/2021\/05\/21\/apelidos-no-trabalho-nomes-ofensivos-podem-levar-a-condenacao-por-danos-morais\/"]}]},{"@type":"ImageObject","inLanguage":"pt-BR","@id":"https:\/\/jornalfatosenoticias.com.br\/index.php\/2021\/05\/21\/apelidos-no-trabalho-nomes-ofensivos-podem-levar-a-condenacao-por-danos-morais\/#primaryimage","url":"https:\/\/jornalfatosenoticias.com.br\/wp-content\/uploads\/2021\/05\/Apelidos-no-trabalho_getty-images.jpg","contentUrl":"https:\/\/jornalfatosenoticias.com.br\/wp-content\/uploads\/2021\/05\/Apelidos-no-trabalho_getty-images.jpg","width":1000,"height":666},{"@type":"BreadcrumbList","@id":"https:\/\/jornalfatosenoticias.com.br\/index.php\/2021\/05\/21\/apelidos-no-trabalho-nomes-ofensivos-podem-levar-a-condenacao-por-danos-morais\/#breadcrumb","itemListElement":[{"@type":"ListItem","position":1,"name":"In\u00edcio","item":"https:\/\/jornalfatosenoticias.com.br\/"},{"@type":"ListItem","position":2,"name":"Apelidos no trabalho: nomes ofensivos podem levar \u00e0 condena\u00e7\u00e3o por danos morais"}]},{"@type":"WebSite","@id":"https:\/\/jornalfatosenoticias.com.br\/#website","url":"https:\/\/jornalfatosenoticias.com.br\/","name":"Jornal Fatos e Not\u00edcias","description":"Not\u00edcias em geral","publisher":{"@id":"https:\/\/jornalfatosenoticias.com.br\/#organization"},"potentialAction":[{"@type":"SearchAction","target":{"@type":"EntryPoint","urlTemplate":"https:\/\/jornalfatosenoticias.com.br\/?s={search_term_string}"},"query-input":{"@type":"PropertyValueSpecification","valueRequired":true,"valueName":"search_term_string"}}],"inLanguage":"pt-BR"},{"@type":"Organization","@id":"https:\/\/jornalfatosenoticias.com.br\/#organization","name":"Jornal Fatos e Not\u00edcias","url":"https:\/\/jornalfatosenoticias.com.br\/","logo":{"@type":"ImageObject","inLanguage":"pt-BR","@id":"https:\/\/jornalfatosenoticias.com.br\/#\/schema\/logo\/image\/","url":"https:\/\/jornalfatosenoticias.com.br\/wp-content\/uploads\/2020\/02\/logo120.png","contentUrl":"https:\/\/jornalfatosenoticias.com.br\/wp-content\/uploads\/2020\/02\/logo120.png","width":1227,"height":120,"caption":"Jornal Fatos e Not\u00edcias"},"image":{"@id":"https:\/\/jornalfatosenoticias.com.br\/#\/schema\/logo\/image\/"}},{"@type":"Person","@id":"https:\/\/jornalfatosenoticias.com.br\/#\/schema\/person\/05c46cc25b42a5c27e004fb0fa6b4965","name":"Haroldo Filho","image":{"@type":"ImageObject","inLanguage":"pt-BR","@id":"https:\/\/jornalfatosenoticias.com.br\/#\/schema\/person\/image\/","url":"https:\/\/jornalfatosenoticias.com.br\/wp-content\/uploads\/2025\/08\/WhatsApp-Image-2025-08-18-at-15.30.28-150x150.jpeg","contentUrl":"https:\/\/jornalfatosenoticias.com.br\/wp-content\/uploads\/2025\/08\/WhatsApp-Image-2025-08-18-at-15.30.28-150x150.jpeg","caption":"Haroldo Filho"},"description":"Jornalista \u2013 DRT: 0003818\/ES Coordenador-geral da ONG Educar para Crescer","url":"https:\/\/jornalfatosenoticias.com.br\/index.php\/author\/haroldo\/"}]}},"cc_featured_image_caption":{"caption_text":"(Foto: Getty Images)","source_text":"","source_url":""},"jetpack_featured_media_url":"https:\/\/jornalfatosenoticias.com.br\/wp-content\/uploads\/2021\/05\/Apelidos-no-trabalho_getty-images.jpg","_links":{"self":[{"href":"https:\/\/jornalfatosenoticias.com.br\/index.php\/wp-json\/wp\/v2\/posts\/18452","targetHints":{"allow":["GET"]}}],"collection":[{"href":"https:\/\/jornalfatosenoticias.com.br\/index.php\/wp-json\/wp\/v2\/posts"}],"about":[{"href":"https:\/\/jornalfatosenoticias.com.br\/index.php\/wp-json\/wp\/v2\/types\/post"}],"author":[{"embeddable":true,"href":"https:\/\/jornalfatosenoticias.com.br\/index.php\/wp-json\/wp\/v2\/users\/3"}],"replies":[{"embeddable":true,"href":"https:\/\/jornalfatosenoticias.com.br\/index.php\/wp-json\/wp\/v2\/comments?post=18452"}],"version-history":[{"count":0,"href":"https:\/\/jornalfatosenoticias.com.br\/index.php\/wp-json\/wp\/v2\/posts\/18452\/revisions"}],"wp:featuredmedia":[{"embeddable":true,"href":"https:\/\/jornalfatosenoticias.com.br\/index.php\/wp-json\/wp\/v2\/media\/18454"}],"wp:attachment":[{"href":"https:\/\/jornalfatosenoticias.com.br\/index.php\/wp-json\/wp\/v2\/media?parent=18452"}],"wp:term":[{"taxonomy":"category","embeddable":true,"href":"https:\/\/jornalfatosenoticias.com.br\/index.php\/wp-json\/wp\/v2\/categories?post=18452"},{"taxonomy":"post_tag","embeddable":true,"href":"https:\/\/jornalfatosenoticias.com.br\/index.php\/wp-json\/wp\/v2\/tags?post=18452"}],"curies":[{"name":"wp","href":"https:\/\/api.w.org\/{rel}","templated":true}]}}