{"id":18457,"date":"2021-05-24T10:15:30","date_gmt":"2021-05-24T13:15:30","guid":{"rendered":"https:\/\/jornalfatosenoticias.com.br\/?p=18457"},"modified":"2021-05-24T10:15:31","modified_gmt":"2021-05-24T13:15:31","slug":"pesquisadores-criam-adesivos-naturais-a-partir-de-cascas-de-arvore","status":"publish","type":"post","link":"https:\/\/jornalfatosenoticias.com.br\/index.php\/2021\/05\/24\/pesquisadores-criam-adesivos-naturais-a-partir-de-cascas-de-arvore\/","title":{"rendered":"Pesquisadores criam adesivos naturais a partir de cascas de \u00e1rvore"},"content":{"rendered":"\n<p><em><span class=\"has-inline-color has-black-color\">Produto \u00e9 fabricado a partir de taninos extra\u00eddos das cascas<\/span><\/em><\/p>\n\n\n\n<p>Adesivos s\u00e3o essenciais para a fabrica\u00e7\u00e3o de produtos \u00e0 base de madeira reconstitu\u00edda, como o MDP, o OSB ou o aglomerado, usados na constru\u00e7\u00e3o civil e na produ\u00e7\u00e3o de m\u00f3veis. Comercialmente, ainda predomina o uso de adesivos de materiais sint\u00e9ticos de origem petroqu\u00edmica, que apresentam desvantagens relacionadas ao custo, e, sobretudo, \u00e0 sa\u00fade, decorrente do uso de subst\u00e2ncias consideradas cancer\u00edgenas. Uma pesquisa realizada pela Universidade Federal de Lavras (Ufla), em parceria com a Universidade Federal Rural da Amaz\u00f4nia (Ufra), inova ao produzir adesivos naturais a partir de taninos extra\u00eddos das cascas de \u00e1rvore da Amaz\u00f4nia.<br>Os taninos s\u00e3o compostos naturais tamb\u00e9m conhecidos como polifen\u00f3is, e podem ser encontrados em diferentes concentra\u00e7\u00f5es nos vegetais e, por conta do sabor adstringente que provocam, atuam como importantes aliados na prote\u00e7\u00e3o das plantas, principalmente de suas cascas e frutos. O objetivo da pesquisa foi investigar o teor de taninos condensados nas cascas do tronco da esp\u00e9cie <em>Myrcia eximia <\/em>DC (Cumat\u00ea vermelho), al\u00e9m de avaliar o desempenho desses taninos na produ\u00e7\u00e3o de adesivos naturais para colagem de madeiras. As cascas foram coletadas em uma floresta secund\u00e1ria na Amaz\u00f4nia, no munic\u00edpio de S\u00e3o Jo\u00e3o da Ponta, Estado do Par\u00e1. \u201cApesar de serem encontrados em diferentes vegetais e serem vantajosos economicamente, enfrentamos um problema em rela\u00e7\u00e3o ao uso dos taninos, pois sua oferta \u00e9 limitada, existindo, assim, o interesse de conhecer novas esp\u00e9cies arb\u00f3reas com bons rendimentos em compostos t\u00e2nicos para atender mercados futuros\u201d, afirma Elesandra da Silva Ara\u00fajo, doutoranda pelo Programa de P\u00f3s-Gradua\u00e7\u00e3o em Ci\u00eancia e Tecnologia da Madeira (PPGCTM) da Ufla.<br>Entre os principais resultados da pesquisa, foi constatado que \u00e9 poss\u00edvel obter at\u00e9 33% de taninos condensados do extrato das cascas de <em>M. eximia<\/em>, conte\u00fado t\u00e2nico similar e at\u00e9 ent\u00e3o superior ao das principais esp\u00e9cies florestais comerciais cultivadas no Brasil para extra\u00e7\u00e3o desses compostos qu\u00edmicos. Al\u00e9m do bom rendimento em taninos encontrado na esp\u00e9cie, foi verificado, por meio dos resultados das propriedades f\u00edsico-qu\u00edmicas e resist\u00eancia mec\u00e2nica do adesivo produzido, o potencial uso desses taninos na produ\u00e7\u00e3o de novos adesivos naturais para colagem de madeiras.<\/p>\n\n\n\n<div class=\"wp-block-group\"><div class=\"wp-block-group__inner-container is-layout-flow wp-block-group-is-layout-flow\">\n<div class=\"wp-block-jetpack-tiled-gallery aligncenter is-style-columns\"><div class=\"tiled-gallery__gallery\"><div class=\"tiled-gallery__row\"><div class=\"tiled-gallery__col\" style=\"flex-basis:37.48522458628841%\"><figure class=\"tiled-gallery__item\"><img decoding=\"async\" alt=\"\" data-height=\"1000\" data-id=\"18459\" data-link=\"https:\/\/jornalfatosenoticias.com.br\/?attachment_id=18459\" data-url=\"https:\/\/jornalfatosenoticias.com.br\/wp-content\/uploads\/2021\/05\/adesivos-naturais-2.jpg\" data-width=\"750\" src=\"https:\/\/i1.wp.com\/jornalfatosenoticias.com.br\/wp-content\/uploads\/2021\/05\/adesivos-naturais-2.jpg?ssl=1\" layout=\"responsive\"\/><\/figure><\/div><div class=\"tiled-gallery__col\" style=\"flex-basis:25.029550827423165%\"><figure class=\"tiled-gallery__item\"><img decoding=\"async\" alt=\"\" data-height=\"1000\" data-id=\"18460\" data-link=\"https:\/\/jornalfatosenoticias.com.br\/?attachment_id=18460\" data-url=\"https:\/\/jornalfatosenoticias.com.br\/wp-content\/uploads\/2021\/05\/adesivos-naturais-3.jpg\" data-width=\"500\" src=\"https:\/\/i0.wp.com\/jornalfatosenoticias.com.br\/wp-content\/uploads\/2021\/05\/adesivos-naturais-3.jpg?ssl=1\" layout=\"responsive\"\/><\/figure><\/div><div class=\"tiled-gallery__col\" style=\"flex-basis:37.48522458628841%\"><figure class=\"tiled-gallery__item\"><img decoding=\"async\" alt=\"\" data-height=\"1000\" data-id=\"18461\" data-link=\"https:\/\/jornalfatosenoticias.com.br\/?attachment_id=18461\" data-url=\"https:\/\/jornalfatosenoticias.com.br\/wp-content\/uploads\/2021\/05\/adesivos-naturais-4.jpg\" data-width=\"750\" src=\"https:\/\/i0.wp.com\/jornalfatosenoticias.com.br\/wp-content\/uploads\/2021\/05\/adesivos-naturais-4.jpg?ssl=1\" layout=\"responsive\"\/><\/figure><\/div><\/div><\/div><\/div>\n\n\n\n<p><em><span class=\"has-inline-color has-black-color\">(Fotos: Ufla)<\/span><\/em><\/p>\n<\/div><\/div>\n\n\n\n<p>A pesquisa foi realizada com a orienta\u00e7\u00e3o do professor da Escola de Ci\u00eancias Agr\u00e1rias de Lavras (Esal\/Ufla), F\u00e1bio Akira Mori e coorienta\u00e7\u00e3o das pesquisadoras Graciene da Silva Mota da Faculdade de Ci\u00eancia Naturais (FCN\/Ufla) e Marcela Gomes da Silva(ICA\/Ufra). O financiamento foi realizado pela Coordena\u00e7\u00e3o de Aperfei\u00e7oamento de Pessoal de N\u00edvel Superior (Capes).<\/p>\n\n\n\n<p><strong><span class=\"has-inline-color has-vivid-green-cyan-color\">Inova\u00e7\u00e3o com adesivos naturais<br><\/span><\/strong>Segundo Elesandra, atualmente a \u00fanica esp\u00e9cie utilizada comercialmente no Brasil para extra\u00e7\u00e3o de taninos \u00e9 a <em>\u201cAc\u00e1cia Negra\u201d<\/em>. A composi\u00e7\u00e3o qu\u00edmica dos taninos permite sua aplica\u00e7\u00e3o em diversos produtos em substitui\u00e7\u00e3o a algum componente de origem n\u00e3o renov\u00e1vel. Em adesivos, os taninos atuam reduzindo a emiss\u00e3o de formalde\u00eddo, principal problem\u00e1tica ambiental associada aos adesivos de pain\u00e9is de madeira derivados de recursos f\u00f3sseis.<br>\u201cAl\u00e9m de contribuir para a produ\u00e7\u00e3o mais limpa do setor de pain\u00e9is de madeiras, nosso estudo evidencia a import\u00e2ncia de conhecer a rica composi\u00e7\u00e3o das esp\u00e9cies florestais da Amaz\u00f4nia, principalmente diante da atual situa\u00e7\u00e3o de enorme perda de biodiversidade do bioma, causada pelo desmatamento dos \u00faltimos meses\u201d, afirma a pesquisadora.<\/p>\n\n\n\n<div class=\"wp-block-image\"><figure class=\"alignleft size-large\"><img loading=\"lazy\" decoding=\"async\" width=\"287\" height=\"420\" src=\"https:\/\/jornalfatosenoticias.com.br\/wp-content\/uploads\/2021\/05\/adesivos-naturais-5.jpg\" alt=\"\" class=\"wp-image-18458\" srcset=\"https:\/\/jornalfatosenoticias.com.br\/wp-content\/uploads\/2021\/05\/adesivos-naturais-5.jpg 287w, https:\/\/jornalfatosenoticias.com.br\/wp-content\/uploads\/2021\/05\/adesivos-naturais-5-205x300.jpg 205w\" sizes=\"auto, (max-width: 287px) 100vw, 287px\" \/><figcaption><em><span class=\"has-inline-color has-black-color\">(Foto: Ufla)<\/span><\/em><\/figcaption><\/figure><\/div>\n\n\n\n<p>Elesandra destaca tamb\u00e9m que ainda existem muitas esp\u00e9cies com potencial t\u00e2nico desconhecido, que poderiam contribuir para a gera\u00e7\u00e3o de renda nas comunidades locais, por meio do manejo florestal sustent\u00e1vel das cascas para extra\u00e7\u00e3o comercial dos taninos, conciliando o uso com a conserva\u00e7\u00e3o das esp\u00e9cies florestais. \u201cAs \u00e1rvores n\u00e3o s\u00e3o derrubadas, s\u00e3o retiradas somente as cascas, em certas regi\u00f5es ao longo do tronco do vegetal. Ap\u00f3s algum per\u00edodo de tempo, essas regi\u00f5es se regeneram, formando novas camadas de cascas\u201d, diz.<br>Para o orientador da pesquisa, professor F\u00e1bio Akira Mori, \u00e9 muito importante que novos financiamentos aconte\u00e7am para a continuidade de pesquisas desse porte. \u201cO conhecimento cient\u00edfico e a valoriza\u00e7\u00e3o das esp\u00e9cies florestais dos nossos biomas \u00e9 muito importante. Descobrir novos compostos que poderiam ser extra\u00eddos das florestas contribuiria enormemente para a utiliza\u00e7\u00e3o racional das nossas florestas e para a sua conserva\u00e7\u00e3o, principalmente do importante bioma que \u00e9 a Amaz\u00f4nia\u201d.<br>Atualmente, Elesandra \u00e9 doutoranda do Programa de P\u00f3s-Gradua\u00e7\u00e3o em Engenharia de Biomateriais da Ufla, e continua pesquisando o potencial das cascas de outras esp\u00e9cies arb\u00f3reas da Amaz\u00f4nia, principalmente para descobertas de novos e potenciais adesivos naturais para a ind\u00fastria madeireira, bem como outras diferentes utiliza\u00e7\u00f5es para os taninos, tais como antioxidantes naturais. A pesquisa conta com o apoio financeiro de um projeto rec\u00e9m-aprovado pelo Fundo Brasileiro para a Biodiversidade (Funbio) sob a orienta\u00e7\u00e3o do professor F\u00e1bio Akira Mori, que tamb\u00e9m \u00e9 pesquisador do Conselho Nacional de Desenvolvimento Cient\u00edfico e Tecnol\u00f3gico (CNPq), com Bolsa de Produtividade de Pesquisa na linha de pesquisa Adesivos Naturais.<\/p>\n\n\n\n<p><strong><em>Fonte: <a href=\"https:\/\/ciclovivo.com.br\/inovacao\/tecnologia\/pesquisadores-adesivos-naturais-cascas-de-arvore\/\">CicloVivo<\/a><\/em><\/strong><\/p>\n","protected":false},"excerpt":{"rendered":"<p>Produto \u00e9 fabricado a partir de taninos extra\u00eddos das cascas Adesivos s\u00e3o essenciais para a fabrica\u00e7\u00e3o de produtos \u00e0 base de madeira reconstitu\u00edda, como o MDP, o OSB ou o aglomerado, usados na constru\u00e7\u00e3o civil e na produ\u00e7\u00e3o de m\u00f3veis. Comercialmente, ainda predomina o uso de adesivos de materiais sint\u00e9ticos de origem petroqu\u00edmica, que apresentam [&hellip;]<\/p>\n","protected":false},"author":2,"featured_media":18462,"comment_status":"open","ping_status":"open","sticky":false,"template":"","format":"standard","meta":{"footnotes":""},"categories":[3],"tags":[9130,9131,9132,9133,4879],"class_list":["post-18457","post","type-post","status-publish","format-standard","has-post-thumbnail","hentry","category-tecnologia","tag-adesivos-naturais","tag-cascas-de-avores","tag-taninos","tag-ufla","tag-ufra"],"yoast_head":"<!-- This site is optimized with the Yoast SEO plugin v26.5 - https:\/\/yoast.com\/wordpress\/plugins\/seo\/ -->\n<title>Pesquisadores criam adesivos naturais a partir de cascas de \u00e1rvore - Jornal Fatos e Not\u00edcias<\/title>\n<meta name=\"robots\" content=\"index, follow, max-snippet:-1, max-image-preview:large, max-video-preview:-1\" \/>\n<link rel=\"canonical\" href=\"https:\/\/jornalfatosenoticias.com.br\/index.php\/2021\/05\/24\/pesquisadores-criam-adesivos-naturais-a-partir-de-cascas-de-arvore\/\" \/>\n<meta property=\"og:locale\" content=\"pt_BR\" \/>\n<meta property=\"og:type\" content=\"article\" \/>\n<meta property=\"og:title\" content=\"Pesquisadores criam adesivos naturais a partir de cascas de \u00e1rvore - Jornal Fatos e Not\u00edcias\" \/>\n<meta property=\"og:description\" content=\"Produto \u00e9 fabricado a partir de taninos extra\u00eddos das cascas Adesivos s\u00e3o essenciais para a fabrica\u00e7\u00e3o de produtos \u00e0 base de madeira reconstitu\u00edda, como o MDP, o OSB ou o aglomerado, usados na constru\u00e7\u00e3o civil e na produ\u00e7\u00e3o de m\u00f3veis. Comercialmente, ainda predomina o uso de adesivos de materiais sint\u00e9ticos de origem petroqu\u00edmica, que apresentam [&hellip;]\" \/>\n<meta property=\"og:url\" content=\"https:\/\/jornalfatosenoticias.com.br\/index.php\/2021\/05\/24\/pesquisadores-criam-adesivos-naturais-a-partir-de-cascas-de-arvore\/\" \/>\n<meta property=\"og:site_name\" content=\"Jornal Fatos e Not\u00edcias\" \/>\n<meta property=\"article:published_time\" content=\"2021-05-24T13:15:30+00:00\" \/>\n<meta property=\"article:modified_time\" content=\"2021-05-24T13:15:31+00:00\" \/>\n<meta property=\"og:image\" content=\"https:\/\/jornalfatosenoticias.com.br\/wp-content\/uploads\/2021\/05\/adesivos-naturais-capa.jpg\" \/>\n\t<meta property=\"og:image:width\" content=\"1000\" \/>\n\t<meta property=\"og:image:height\" content=\"790\" \/>\n\t<meta property=\"og:image:type\" content=\"image\/jpeg\" \/>\n<meta name=\"author\" content=\"Luzimara Fernandes\" \/>\n<meta name=\"twitter:card\" content=\"summary_large_image\" \/>\n<meta name=\"twitter:label1\" content=\"Escrito por\" \/>\n\t<meta name=\"twitter:data1\" content=\"Luzimara Fernandes\" \/>\n\t<meta name=\"twitter:label2\" content=\"Est. tempo de leitura\" \/>\n\t<meta name=\"twitter:data2\" content=\"4 minutos\" \/>\n<script type=\"application\/ld+json\" class=\"yoast-schema-graph\">{\"@context\":\"https:\/\/schema.org\",\"@graph\":[{\"@type\":\"Article\",\"@id\":\"https:\/\/jornalfatosenoticias.com.br\/index.php\/2021\/05\/24\/pesquisadores-criam-adesivos-naturais-a-partir-de-cascas-de-arvore\/#article\",\"isPartOf\":{\"@id\":\"https:\/\/jornalfatosenoticias.com.br\/index.php\/2021\/05\/24\/pesquisadores-criam-adesivos-naturais-a-partir-de-cascas-de-arvore\/\"},\"author\":{\"name\":\"Luzimara Fernandes\",\"@id\":\"https:\/\/jornalfatosenoticias.com.br\/#\/schema\/person\/d63837fa13ac8666eb9e74e0985d6f81\"},\"headline\":\"Pesquisadores criam adesivos naturais a partir de cascas de \u00e1rvore\",\"datePublished\":\"2021-05-24T13:15:30+00:00\",\"dateModified\":\"2021-05-24T13:15:31+00:00\",\"mainEntityOfPage\":{\"@id\":\"https:\/\/jornalfatosenoticias.com.br\/index.php\/2021\/05\/24\/pesquisadores-criam-adesivos-naturais-a-partir-de-cascas-de-arvore\/\"},\"wordCount\":897,\"commentCount\":0,\"publisher\":{\"@id\":\"https:\/\/jornalfatosenoticias.com.br\/#organization\"},\"image\":{\"@id\":\"https:\/\/jornalfatosenoticias.com.br\/index.php\/2021\/05\/24\/pesquisadores-criam-adesivos-naturais-a-partir-de-cascas-de-arvore\/#primaryimage\"},\"thumbnailUrl\":\"https:\/\/jornalfatosenoticias.com.br\/wp-content\/uploads\/2021\/05\/adesivos-naturais-capa.jpg\",\"keywords\":[\"adesivos naturais\",\"cascas de \u00e1vores\",\"taninos\",\"Ufla\",\"Ufra\"],\"articleSection\":[\"Tecnologia &amp; Inova\u00e7\u00e3o\"],\"inLanguage\":\"pt-BR\",\"potentialAction\":[{\"@type\":\"CommentAction\",\"name\":\"Comment\",\"target\":[\"https:\/\/jornalfatosenoticias.com.br\/index.php\/2021\/05\/24\/pesquisadores-criam-adesivos-naturais-a-partir-de-cascas-de-arvore\/#respond\"]}]},{\"@type\":\"WebPage\",\"@id\":\"https:\/\/jornalfatosenoticias.com.br\/index.php\/2021\/05\/24\/pesquisadores-criam-adesivos-naturais-a-partir-de-cascas-de-arvore\/\",\"url\":\"https:\/\/jornalfatosenoticias.com.br\/index.php\/2021\/05\/24\/pesquisadores-criam-adesivos-naturais-a-partir-de-cascas-de-arvore\/\",\"name\":\"Pesquisadores criam adesivos naturais a partir de cascas de \u00e1rvore - Jornal Fatos e Not\u00edcias\",\"isPartOf\":{\"@id\":\"https:\/\/jornalfatosenoticias.com.br\/#website\"},\"primaryImageOfPage\":{\"@id\":\"https:\/\/jornalfatosenoticias.com.br\/index.php\/2021\/05\/24\/pesquisadores-criam-adesivos-naturais-a-partir-de-cascas-de-arvore\/#primaryimage\"},\"image\":{\"@id\":\"https:\/\/jornalfatosenoticias.com.br\/index.php\/2021\/05\/24\/pesquisadores-criam-adesivos-naturais-a-partir-de-cascas-de-arvore\/#primaryimage\"},\"thumbnailUrl\":\"https:\/\/jornalfatosenoticias.com.br\/wp-content\/uploads\/2021\/05\/adesivos-naturais-capa.jpg\",\"datePublished\":\"2021-05-24T13:15:30+00:00\",\"dateModified\":\"2021-05-24T13:15:31+00:00\",\"breadcrumb\":{\"@id\":\"https:\/\/jornalfatosenoticias.com.br\/index.php\/2021\/05\/24\/pesquisadores-criam-adesivos-naturais-a-partir-de-cascas-de-arvore\/#breadcrumb\"},\"inLanguage\":\"pt-BR\",\"potentialAction\":[{\"@type\":\"ReadAction\",\"target\":[\"https:\/\/jornalfatosenoticias.com.br\/index.php\/2021\/05\/24\/pesquisadores-criam-adesivos-naturais-a-partir-de-cascas-de-arvore\/\"]}]},{\"@type\":\"ImageObject\",\"inLanguage\":\"pt-BR\",\"@id\":\"https:\/\/jornalfatosenoticias.com.br\/index.php\/2021\/05\/24\/pesquisadores-criam-adesivos-naturais-a-partir-de-cascas-de-arvore\/#primaryimage\",\"url\":\"https:\/\/jornalfatosenoticias.com.br\/wp-content\/uploads\/2021\/05\/adesivos-naturais-capa.jpg\",\"contentUrl\":\"https:\/\/jornalfatosenoticias.com.br\/wp-content\/uploads\/2021\/05\/adesivos-naturais-capa.jpg\",\"width\":1000,\"height\":790},{\"@type\":\"BreadcrumbList\",\"@id\":\"https:\/\/jornalfatosenoticias.com.br\/index.php\/2021\/05\/24\/pesquisadores-criam-adesivos-naturais-a-partir-de-cascas-de-arvore\/#breadcrumb\",\"itemListElement\":[{\"@type\":\"ListItem\",\"position\":1,\"name\":\"In\u00edcio\",\"item\":\"https:\/\/jornalfatosenoticias.com.br\/\"},{\"@type\":\"ListItem\",\"position\":2,\"name\":\"Pesquisadores criam adesivos naturais a partir de cascas de \u00e1rvore\"}]},{\"@type\":\"WebSite\",\"@id\":\"https:\/\/jornalfatosenoticias.com.br\/#website\",\"url\":\"https:\/\/jornalfatosenoticias.com.br\/\",\"name\":\"Jornal Fatos e Not\u00edcias\",\"description\":\"Not\u00edcias em geral\",\"publisher\":{\"@id\":\"https:\/\/jornalfatosenoticias.com.br\/#organization\"},\"potentialAction\":[{\"@type\":\"SearchAction\",\"target\":{\"@type\":\"EntryPoint\",\"urlTemplate\":\"https:\/\/jornalfatosenoticias.com.br\/?s={search_term_string}\"},\"query-input\":{\"@type\":\"PropertyValueSpecification\",\"valueRequired\":true,\"valueName\":\"search_term_string\"}}],\"inLanguage\":\"pt-BR\"},{\"@type\":\"Organization\",\"@id\":\"https:\/\/jornalfatosenoticias.com.br\/#organization\",\"name\":\"Jornal Fatos e Not\u00edcias\",\"url\":\"https:\/\/jornalfatosenoticias.com.br\/\",\"logo\":{\"@type\":\"ImageObject\",\"inLanguage\":\"pt-BR\",\"@id\":\"https:\/\/jornalfatosenoticias.com.br\/#\/schema\/logo\/image\/\",\"url\":\"https:\/\/jornalfatosenoticias.com.br\/wp-content\/uploads\/2020\/02\/logo120.png\",\"contentUrl\":\"https:\/\/jornalfatosenoticias.com.br\/wp-content\/uploads\/2020\/02\/logo120.png\",\"width\":1227,\"height\":120,\"caption\":\"Jornal Fatos e Not\u00edcias\"},\"image\":{\"@id\":\"https:\/\/jornalfatosenoticias.com.br\/#\/schema\/logo\/image\/\"}},{\"@type\":\"Person\",\"@id\":\"https:\/\/jornalfatosenoticias.com.br\/#\/schema\/person\/d63837fa13ac8666eb9e74e0985d6f81\",\"name\":\"Luzimara Fernandes\",\"image\":{\"@type\":\"ImageObject\",\"inLanguage\":\"pt-BR\",\"@id\":\"https:\/\/jornalfatosenoticias.com.br\/#\/schema\/person\/image\/\",\"url\":\"https:\/\/jornalfatosenoticias.com.br\/wp-content\/uploads\/2025\/05\/EU_portal.jpg\",\"contentUrl\":\"https:\/\/jornalfatosenoticias.com.br\/wp-content\/uploads\/2025\/05\/EU_portal.jpg\",\"caption\":\"Luzimara Fernandes\"},\"description\":\"Jornalista MTB 2358-ES\",\"sameAs\":[\"https:\/\/jornalfatosenoticias.com.br\"],\"url\":\"https:\/\/jornalfatosenoticias.com.br\/index.php\/author\/luzimara\/\"}]}<\/script>\n<!-- \/ Yoast SEO plugin. -->","yoast_head_json":{"title":"Pesquisadores criam adesivos naturais a partir de cascas de \u00e1rvore - Jornal Fatos e Not\u00edcias","robots":{"index":"index","follow":"follow","max-snippet":"max-snippet:-1","max-image-preview":"max-image-preview:large","max-video-preview":"max-video-preview:-1"},"canonical":"https:\/\/jornalfatosenoticias.com.br\/index.php\/2021\/05\/24\/pesquisadores-criam-adesivos-naturais-a-partir-de-cascas-de-arvore\/","og_locale":"pt_BR","og_type":"article","og_title":"Pesquisadores criam adesivos naturais a partir de cascas de \u00e1rvore - Jornal Fatos e Not\u00edcias","og_description":"Produto \u00e9 fabricado a partir de taninos extra\u00eddos das cascas Adesivos s\u00e3o essenciais para a fabrica\u00e7\u00e3o de produtos \u00e0 base de madeira reconstitu\u00edda, como o MDP, o OSB ou o aglomerado, usados na constru\u00e7\u00e3o civil e na produ\u00e7\u00e3o de m\u00f3veis. Comercialmente, ainda predomina o uso de adesivos de materiais sint\u00e9ticos de origem petroqu\u00edmica, que apresentam [&hellip;]","og_url":"https:\/\/jornalfatosenoticias.com.br\/index.php\/2021\/05\/24\/pesquisadores-criam-adesivos-naturais-a-partir-de-cascas-de-arvore\/","og_site_name":"Jornal Fatos e Not\u00edcias","article_published_time":"2021-05-24T13:15:30+00:00","article_modified_time":"2021-05-24T13:15:31+00:00","og_image":[{"width":1000,"height":790,"url":"https:\/\/jornalfatosenoticias.com.br\/wp-content\/uploads\/2021\/05\/adesivos-naturais-capa.jpg","type":"image\/jpeg"}],"author":"Luzimara Fernandes","twitter_card":"summary_large_image","twitter_misc":{"Escrito por":"Luzimara Fernandes","Est. tempo de leitura":"4 minutos"},"schema":{"@context":"https:\/\/schema.org","@graph":[{"@type":"Article","@id":"https:\/\/jornalfatosenoticias.com.br\/index.php\/2021\/05\/24\/pesquisadores-criam-adesivos-naturais-a-partir-de-cascas-de-arvore\/#article","isPartOf":{"@id":"https:\/\/jornalfatosenoticias.com.br\/index.php\/2021\/05\/24\/pesquisadores-criam-adesivos-naturais-a-partir-de-cascas-de-arvore\/"},"author":{"name":"Luzimara Fernandes","@id":"https:\/\/jornalfatosenoticias.com.br\/#\/schema\/person\/d63837fa13ac8666eb9e74e0985d6f81"},"headline":"Pesquisadores criam adesivos naturais a partir de cascas de \u00e1rvore","datePublished":"2021-05-24T13:15:30+00:00","dateModified":"2021-05-24T13:15:31+00:00","mainEntityOfPage":{"@id":"https:\/\/jornalfatosenoticias.com.br\/index.php\/2021\/05\/24\/pesquisadores-criam-adesivos-naturais-a-partir-de-cascas-de-arvore\/"},"wordCount":897,"commentCount":0,"publisher":{"@id":"https:\/\/jornalfatosenoticias.com.br\/#organization"},"image":{"@id":"https:\/\/jornalfatosenoticias.com.br\/index.php\/2021\/05\/24\/pesquisadores-criam-adesivos-naturais-a-partir-de-cascas-de-arvore\/#primaryimage"},"thumbnailUrl":"https:\/\/jornalfatosenoticias.com.br\/wp-content\/uploads\/2021\/05\/adesivos-naturais-capa.jpg","keywords":["adesivos naturais","cascas de \u00e1vores","taninos","Ufla","Ufra"],"articleSection":["Tecnologia &amp; Inova\u00e7\u00e3o"],"inLanguage":"pt-BR","potentialAction":[{"@type":"CommentAction","name":"Comment","target":["https:\/\/jornalfatosenoticias.com.br\/index.php\/2021\/05\/24\/pesquisadores-criam-adesivos-naturais-a-partir-de-cascas-de-arvore\/#respond"]}]},{"@type":"WebPage","@id":"https:\/\/jornalfatosenoticias.com.br\/index.php\/2021\/05\/24\/pesquisadores-criam-adesivos-naturais-a-partir-de-cascas-de-arvore\/","url":"https:\/\/jornalfatosenoticias.com.br\/index.php\/2021\/05\/24\/pesquisadores-criam-adesivos-naturais-a-partir-de-cascas-de-arvore\/","name":"Pesquisadores criam adesivos naturais a partir de cascas de \u00e1rvore - Jornal Fatos e Not\u00edcias","isPartOf":{"@id":"https:\/\/jornalfatosenoticias.com.br\/#website"},"primaryImageOfPage":{"@id":"https:\/\/jornalfatosenoticias.com.br\/index.php\/2021\/05\/24\/pesquisadores-criam-adesivos-naturais-a-partir-de-cascas-de-arvore\/#primaryimage"},"image":{"@id":"https:\/\/jornalfatosenoticias.com.br\/index.php\/2021\/05\/24\/pesquisadores-criam-adesivos-naturais-a-partir-de-cascas-de-arvore\/#primaryimage"},"thumbnailUrl":"https:\/\/jornalfatosenoticias.com.br\/wp-content\/uploads\/2021\/05\/adesivos-naturais-capa.jpg","datePublished":"2021-05-24T13:15:30+00:00","dateModified":"2021-05-24T13:15:31+00:00","breadcrumb":{"@id":"https:\/\/jornalfatosenoticias.com.br\/index.php\/2021\/05\/24\/pesquisadores-criam-adesivos-naturais-a-partir-de-cascas-de-arvore\/#breadcrumb"},"inLanguage":"pt-BR","potentialAction":[{"@type":"ReadAction","target":["https:\/\/jornalfatosenoticias.com.br\/index.php\/2021\/05\/24\/pesquisadores-criam-adesivos-naturais-a-partir-de-cascas-de-arvore\/"]}]},{"@type":"ImageObject","inLanguage":"pt-BR","@id":"https:\/\/jornalfatosenoticias.com.br\/index.php\/2021\/05\/24\/pesquisadores-criam-adesivos-naturais-a-partir-de-cascas-de-arvore\/#primaryimage","url":"https:\/\/jornalfatosenoticias.com.br\/wp-content\/uploads\/2021\/05\/adesivos-naturais-capa.jpg","contentUrl":"https:\/\/jornalfatosenoticias.com.br\/wp-content\/uploads\/2021\/05\/adesivos-naturais-capa.jpg","width":1000,"height":790},{"@type":"BreadcrumbList","@id":"https:\/\/jornalfatosenoticias.com.br\/index.php\/2021\/05\/24\/pesquisadores-criam-adesivos-naturais-a-partir-de-cascas-de-arvore\/#breadcrumb","itemListElement":[{"@type":"ListItem","position":1,"name":"In\u00edcio","item":"https:\/\/jornalfatosenoticias.com.br\/"},{"@type":"ListItem","position":2,"name":"Pesquisadores criam adesivos naturais a partir de cascas de \u00e1rvore"}]},{"@type":"WebSite","@id":"https:\/\/jornalfatosenoticias.com.br\/#website","url":"https:\/\/jornalfatosenoticias.com.br\/","name":"Jornal Fatos e Not\u00edcias","description":"Not\u00edcias em geral","publisher":{"@id":"https:\/\/jornalfatosenoticias.com.br\/#organization"},"potentialAction":[{"@type":"SearchAction","target":{"@type":"EntryPoint","urlTemplate":"https:\/\/jornalfatosenoticias.com.br\/?s={search_term_string}"},"query-input":{"@type":"PropertyValueSpecification","valueRequired":true,"valueName":"search_term_string"}}],"inLanguage":"pt-BR"},{"@type":"Organization","@id":"https:\/\/jornalfatosenoticias.com.br\/#organization","name":"Jornal Fatos e Not\u00edcias","url":"https:\/\/jornalfatosenoticias.com.br\/","logo":{"@type":"ImageObject","inLanguage":"pt-BR","@id":"https:\/\/jornalfatosenoticias.com.br\/#\/schema\/logo\/image\/","url":"https:\/\/jornalfatosenoticias.com.br\/wp-content\/uploads\/2020\/02\/logo120.png","contentUrl":"https:\/\/jornalfatosenoticias.com.br\/wp-content\/uploads\/2020\/02\/logo120.png","width":1227,"height":120,"caption":"Jornal Fatos e Not\u00edcias"},"image":{"@id":"https:\/\/jornalfatosenoticias.com.br\/#\/schema\/logo\/image\/"}},{"@type":"Person","@id":"https:\/\/jornalfatosenoticias.com.br\/#\/schema\/person\/d63837fa13ac8666eb9e74e0985d6f81","name":"Luzimara Fernandes","image":{"@type":"ImageObject","inLanguage":"pt-BR","@id":"https:\/\/jornalfatosenoticias.com.br\/#\/schema\/person\/image\/","url":"https:\/\/jornalfatosenoticias.com.br\/wp-content\/uploads\/2025\/05\/EU_portal.jpg","contentUrl":"https:\/\/jornalfatosenoticias.com.br\/wp-content\/uploads\/2025\/05\/EU_portal.jpg","caption":"Luzimara Fernandes"},"description":"Jornalista MTB 2358-ES","sameAs":["https:\/\/jornalfatosenoticias.com.br"],"url":"https:\/\/jornalfatosenoticias.com.br\/index.php\/author\/luzimara\/"}]}},"cc_featured_image_caption":{"caption_text":"(Foto: Ufla) ","source_text":"","source_url":""},"jetpack_featured_media_url":"https:\/\/jornalfatosenoticias.com.br\/wp-content\/uploads\/2021\/05\/adesivos-naturais-capa.jpg","_links":{"self":[{"href":"https:\/\/jornalfatosenoticias.com.br\/index.php\/wp-json\/wp\/v2\/posts\/18457","targetHints":{"allow":["GET"]}}],"collection":[{"href":"https:\/\/jornalfatosenoticias.com.br\/index.php\/wp-json\/wp\/v2\/posts"}],"about":[{"href":"https:\/\/jornalfatosenoticias.com.br\/index.php\/wp-json\/wp\/v2\/types\/post"}],"author":[{"embeddable":true,"href":"https:\/\/jornalfatosenoticias.com.br\/index.php\/wp-json\/wp\/v2\/users\/2"}],"replies":[{"embeddable":true,"href":"https:\/\/jornalfatosenoticias.com.br\/index.php\/wp-json\/wp\/v2\/comments?post=18457"}],"version-history":[{"count":0,"href":"https:\/\/jornalfatosenoticias.com.br\/index.php\/wp-json\/wp\/v2\/posts\/18457\/revisions"}],"wp:featuredmedia":[{"embeddable":true,"href":"https:\/\/jornalfatosenoticias.com.br\/index.php\/wp-json\/wp\/v2\/media\/18462"}],"wp:attachment":[{"href":"https:\/\/jornalfatosenoticias.com.br\/index.php\/wp-json\/wp\/v2\/media?parent=18457"}],"wp:term":[{"taxonomy":"category","embeddable":true,"href":"https:\/\/jornalfatosenoticias.com.br\/index.php\/wp-json\/wp\/v2\/categories?post=18457"},{"taxonomy":"post_tag","embeddable":true,"href":"https:\/\/jornalfatosenoticias.com.br\/index.php\/wp-json\/wp\/v2\/tags?post=18457"}],"curies":[{"name":"wp","href":"https:\/\/api.w.org\/{rel}","templated":true}]}}